{"id":16878,"date":"2017-10-14T18:04:36","date_gmt":"2017-10-14T17:04:36","guid":{"rendered":"http:\/\/www.info-algerie.com\/actualites\/137e-assemblee-de-luip-m-bensalah-prend-part-a-la-reunion-du-groupe-geopolitique-arabe\/"},"modified":"2017-10-14T18:04:36","modified_gmt":"2017-10-14T17:04:36","slug":"137e-assemblee-de-luip-m-bensalah-prend-part-a-la-reunion-du-groupe-geopolitique-arabe","status":"publish","type":"post","link":"https:\/\/www.info-algerie.com\/actualites\/137e-assemblee-de-luip-m-bensalah-prend-part-a-la-reunion-du-groupe-geopolitique-arabe\/","title":{"rendered":"137e Assembl\u00e9e de l&#039;UIP : M. Bensalah prend part \u00e0 la r\u00e9union du groupe g\u00e9opolitique arabe \u00a0\u00a0"},"content":{"rendered":"<div class=\"K2FeedIntroText\">\n<p><strong>ALGER &#8211; Le pr\u00e9sident du Conseil de la nation, Abdelkader Bensalah a pris part samedi \u00e0 Saint-P\u00e9tersbourg\u00a0 (F\u00e9d\u00e9ration de Russie) \u00e0 la r\u00e9union du groupe g\u00e9opolitique arabe consacr\u00e9e \u00e0 la coordination des positions concernant les points inscrits \u00e0 l&rsquo;ordre du jour de la 137\u00e8me Assembl\u00e9e de l&rsquo;Union interparlementaire (UIP) dont les travaux d\u00e9buteront samedi soir, a indiqu\u00e9 un communiqu\u00e9 du Conseil de la nation.<\/strong><\/p>\n<p>&#013;\n<\/p><\/div>\n<div class=\"K2FeedFullText\">&#013;<\/p>\n<p>M. Bensalah et la d\u00e9l\u00e9gation qui l&rsquo;accompagne avaient \u00e9galement particip\u00e9 vendredi \u00e0 la r\u00e9union du groupe g\u00e9opolitique africain consacr\u00e9e \u00e0 l&rsquo;examen de l&rsquo;ordre du jour de la session.<\/p>\n<p>&#013;<\/p>\n<p>Outre les questions urgentes, l&rsquo;\u00e9lection du nouveau pr\u00e9sident de UIP dont la pr\u00e9sidence tournante revient \u00e0 l&rsquo;Am\u00e9rique du sud, les participants ont examin\u00e9 des questions d&rsquo;ordre organisationnel dont la d\u00e9signation des candidats du groupe africain aux postes de direction au sein de l&rsquo;UIP et l&rsquo;installation des quatre commissions permanentes en charge des droits de l&rsquo;Homme, du droit humanitaire, du d\u00e9veloppement durable, du financement et du commerce, et des Affaires de l&rsquo;ONU.<\/p>\n<p>&#013;<\/p>\n<p>Le d\u00e9put\u00e9 \u00e0 l&rsquo;Assembl\u00e9e populaire nationale (APN) et membre de la commission des Affaires de l&rsquo;ONU \u00e0 l&rsquo;UIP, Seddik Chihab, a \u00e9t\u00e9 \u00e9lu au poste de pr\u00e9sident du groupe g\u00e9opolitique africain en remplacement de l&rsquo;actuelle pr\u00e9sidente, R\u00e9becca Alitwala Kadaga, pr\u00e9sidente du parlement ougandais, a ajout\u00e9 le communiqu\u00e9.<\/p>\n<p>&#013;<\/p>\n<p>\u00a0Les travaux de la 137\u00e8me Assembl\u00e9e de l&rsquo;UIP pr\u00e9vue du 13 au 18 octobre 2017 \u00e0 Saint-P\u00e9tersbourg et qui co\u00efncide avec le 20\u00e8me anniversaire de la D\u00e9claration universelle sur la d\u00e9mocratie traiteront de plusieurs th\u00e8mes, dont la promotion du pluralisme culturel et de la paix \u00e0 travers le dialogue interethnique et entre les religions, le d\u00e9veloppement durable et le d\u00e9veloppement de la recherche, ainsi que d&rsquo;autres th\u00e8mes li\u00e9s \u00e0 la paix, \u00e0 la s\u00e9curit\u00e9 et \u00e0 la stabilit\u00e9 dans toutes les r\u00e9gions du monde.<\/p>\n<p>&#013;<\/p>\n<p>L&rsquo;Assembl\u00e9e de l&rsquo;UIP verra l&rsquo;\u00e9lection d&rsquo;un nouveau pr\u00e9sident pour les trois ann\u00e9es \u00e0 venir.<\/p>\n<\/div>\n<p>&#013;<br \/>\nSource: <a href=\"http:\/\/www.aps.dz\/algerie\/63964-137e-assemblee-de-l-uip-m-bensalah-prend-part-a-la-reunion-du-groupe-geopolitique-arabe\" target=\"_blank\">137e Assembl\u00e9e de l&rsquo;UIP : M. Bensalah prend part \u00e0 la r\u00e9union du groupe g\u00e9opolitique arabe \u00a0\u00a0<\/a><\/p>\n<!--CusAds0-->\n<div style=\"font-size: 0px; height: 0px; line-height: 0px; margin: 0; padding: 0; clear: both;\"><\/div>","protected":false},"excerpt":{"rendered":"<p>ALGER &#8211; Le pr\u00e9sident du Conseil de la nation, Abdelkader Bensalah a pris part samedi \u00e0 Saint-P\u00e9tersbourg\u00a0 (F\u00e9d\u00e9ration de Russie) \u00e0 la r\u00e9union du groupe g\u00e9opolitique arabe consacr\u00e9e \u00e0 la coordination des positions concernant les points inscrits \u00e0 l&rsquo;ordre du jour de la 137\u00e8me Assembl\u00e9e de l&rsquo;Union interparlementaire (UIP) dont les travaux d\u00e9buteront samedi soir,<\/p>\n","protected":false},"author":6,"featured_media":0,"comment_status":"open","ping_status":"open","sticky":false,"template":"","format":"standard","meta":{"footnotes":""},"categories":[22],"tags":[93],"class_list":["post-16878","post","type-post","status-publish","format-standard","hentry","category-infos","tag-onu"],"yoast_head":"<!-- This site is optimized with the Yoast SEO plugin v27.5 - https:\/\/yoast.com\/product\/yoast-seo-wordpress\/ -->\n<title>137e Assembl\u00e9e de l&#039;UIP : M. Bensalah prend part \u00e0 la r\u00e9union du groupe g\u00e9opolitique arabe \u00a0\u00a0 - info algerie<\/title>\n<meta name=\"robots\" content=\"index, follow, max-snippet:-1, max-image-preview:large, max-video-preview:-1\" \/>\n<link rel=\"canonical\" href=\"https:\/\/www.info-algerie.com\/actualites\/137e-assemblee-de-luip-m-bensalah-prend-part-a-la-reunion-du-groupe-geopolitique-arabe\/\" \/>\n<meta property=\"og:locale\" content=\"fr_FR\" \/>\n<meta property=\"og:type\" content=\"article\" \/>\n<meta property=\"og:title\" content=\"137e Assembl\u00e9e de l&#039;UIP : M. Bensalah prend part \u00e0 la r\u00e9union du groupe g\u00e9opolitique arabe \u00a0\u00a0 - info algerie\" \/>\n<meta property=\"og:description\" content=\"ALGER &#8211; Le pr\u00e9sident du Conseil de la nation, Abdelkader Bensalah a pris part samedi \u00e0 Saint-P\u00e9tersbourg\u00a0 (F\u00e9d\u00e9ration de Russie) \u00e0 la r\u00e9union du groupe g\u00e9opolitique arabe consacr\u00e9e \u00e0 la coordination des positions concernant les points inscrits \u00e0 l&rsquo;ordre du jour de la 137\u00e8me Assembl\u00e9e de l&rsquo;Union interparlementaire (UIP) dont les travaux d\u00e9buteront samedi soir,\" \/>\n<meta property=\"og:url\" content=\"https:\/\/www.info-algerie.com\/actualites\/137e-assemblee-de-luip-m-bensalah-prend-part-a-la-reunion-du-groupe-geopolitique-arabe\/\" \/>\n<meta property=\"og:site_name\" content=\"info algerie\" \/>\n<meta property=\"article:publisher\" content=\"https:\/\/www.facebook.com\/infoalgerieactu\" \/>\n<meta property=\"article:published_time\" content=\"2017-10-14T17:04:36+00:00\" \/>\n<meta name=\"author\" content=\"La r\u00e9daction\" \/>\n<meta name=\"twitter:label1\" content=\"\u00c9crit par\" \/>\n\t<meta name=\"twitter:data1\" content=\"La r\u00e9daction\" \/>\n\t<meta name=\"twitter:label2\" content=\"Dur\u00e9e de lecture estim\u00e9e\" \/>\n\t<meta name=\"twitter:data2\" content=\"2 minutes\" \/>\n<script type=\"application\/ld+json\" class=\"yoast-schema-graph\">{\"@context\":\"https:\\\/\\\/schema.org\",\"@graph\":[{\"@type\":\"Article\",\"@id\":\"https:\\\/\\\/www.info-algerie.com\\\/actualites\\\/137e-assemblee-de-luip-m-bensalah-prend-part-a-la-reunion-du-groupe-geopolitique-arabe\\\/#article\",\"isPartOf\":{\"@id\":\"https:\\\/\\\/www.info-algerie.com\\\/actualites\\\/137e-assemblee-de-luip-m-bensalah-prend-part-a-la-reunion-du-groupe-geopolitique-arabe\\\/\"},\"author\":{\"name\":\"La r\u00e9daction\",\"@id\":\"https:\\\/\\\/www.info-algerie.com\\\/actualites\\\/#\\\/schema\\\/person\\\/847aaec44920825b843a08f30ec6aa1e\"},\"headline\":\"137e Assembl\u00e9e de l&#039;UIP : M. Bensalah prend part \u00e0 la r\u00e9union du groupe g\u00e9opolitique arabe \u00a0\u00a0\",\"datePublished\":\"2017-10-14T17:04:36+00:00\",\"mainEntityOfPage\":{\"@id\":\"https:\\\/\\\/www.info-algerie.com\\\/actualites\\\/137e-assemblee-de-luip-m-bensalah-prend-part-a-la-reunion-du-groupe-geopolitique-arabe\\\/\"},\"wordCount\":391,\"commentCount\":0,\"publisher\":{\"@id\":\"https:\\\/\\\/www.info-algerie.com\\\/actualites\\\/#organization\"},\"keywords\":[\"ONU\"],\"articleSection\":[\"infos\"],\"inLanguage\":\"fr-FR\",\"potentialAction\":[{\"@type\":\"CommentAction\",\"name\":\"Comment\",\"target\":[\"https:\\\/\\\/www.info-algerie.com\\\/actualites\\\/137e-assemblee-de-luip-m-bensalah-prend-part-a-la-reunion-du-groupe-geopolitique-arabe\\\/#respond\"]}]},{\"@type\":\"WebPage\",\"@id\":\"https:\\\/\\\/www.info-algerie.com\\\/actualites\\\/137e-assemblee-de-luip-m-bensalah-prend-part-a-la-reunion-du-groupe-geopolitique-arabe\\\/\",\"url\":\"https:\\\/\\\/www.info-algerie.com\\\/actualites\\\/137e-assemblee-de-luip-m-bensalah-prend-part-a-la-reunion-du-groupe-geopolitique-arabe\\\/\",\"name\":\"137e Assembl\u00e9e de l&#039;UIP : M. Bensalah prend part \u00e0 la r\u00e9union du groupe g\u00e9opolitique arabe \u00a0\u00a0 - info algerie\",\"isPartOf\":{\"@id\":\"https:\\\/\\\/www.info-algerie.com\\\/actualites\\\/#website\"},\"datePublished\":\"2017-10-14T17:04:36+00:00\",\"breadcrumb\":{\"@id\":\"https:\\\/\\\/www.info-algerie.com\\\/actualites\\\/137e-assemblee-de-luip-m-bensalah-prend-part-a-la-reunion-du-groupe-geopolitique-arabe\\\/#breadcrumb\"},\"inLanguage\":\"fr-FR\",\"potentialAction\":[{\"@type\":\"ReadAction\",\"target\":[\"https:\\\/\\\/www.info-algerie.com\\\/actualites\\\/137e-assemblee-de-luip-m-bensalah-prend-part-a-la-reunion-du-groupe-geopolitique-arabe\\\/\"]}]},{\"@type\":\"BreadcrumbList\",\"@id\":\"https:\\\/\\\/www.info-algerie.com\\\/actualites\\\/137e-assemblee-de-luip-m-bensalah-prend-part-a-la-reunion-du-groupe-geopolitique-arabe\\\/#breadcrumb\",\"itemListElement\":[{\"@type\":\"ListItem\",\"position\":1,\"name\":\"Accueil\",\"item\":\"https:\\\/\\\/www.info-algerie.com\\\/actualites\\\/\"},{\"@type\":\"ListItem\",\"position\":2,\"name\":\"137e Assembl\u00e9e de l&#039;UIP : M. Bensalah prend part \u00e0 la r\u00e9union du groupe g\u00e9opolitique arabe \u00a0\u00a0\"}]},{\"@type\":\"WebSite\",\"@id\":\"https:\\\/\\\/www.info-algerie.com\\\/actualites\\\/#website\",\"url\":\"https:\\\/\\\/www.info-algerie.com\\\/actualites\\\/\",\"name\":\"info algerie\",\"description\":\"Toutes les actualit\u00e9s\",\"publisher\":{\"@id\":\"https:\\\/\\\/www.info-algerie.com\\\/actualites\\\/#organization\"},\"potentialAction\":[{\"@type\":\"SearchAction\",\"target\":{\"@type\":\"EntryPoint\",\"urlTemplate\":\"https:\\\/\\\/www.info-algerie.com\\\/actualites\\\/?s={search_term_string}\"},\"query-input\":{\"@type\":\"PropertyValueSpecification\",\"valueRequired\":true,\"valueName\":\"search_term_string\"}}],\"inLanguage\":\"fr-FR\"},{\"@type\":\"Organization\",\"@id\":\"https:\\\/\\\/www.info-algerie.com\\\/actualites\\\/#organization\",\"name\":\"info algerie\",\"url\":\"https:\\\/\\\/www.info-algerie.com\\\/actualites\\\/\",\"logo\":{\"@type\":\"ImageObject\",\"inLanguage\":\"fr-FR\",\"@id\":\"https:\\\/\\\/www.info-algerie.com\\\/actualites\\\/#\\\/schema\\\/logo\\\/image\\\/\",\"url\":\"https:\\\/\\\/www.info-algerie.com\\\/actualites\\\/wp-content\\\/uploads\\\/2022\\\/07\\\/logo-ia-120.png\",\"contentUrl\":\"https:\\\/\\\/www.info-algerie.com\\\/actualites\\\/wp-content\\\/uploads\\\/2022\\\/07\\\/logo-ia-120.png\",\"width\":120,\"height\":43,\"caption\":\"info algerie\"},\"image\":{\"@id\":\"https:\\\/\\\/www.info-algerie.com\\\/actualites\\\/#\\\/schema\\\/logo\\\/image\\\/\"},\"sameAs\":[\"https:\\\/\\\/www.facebook.com\\\/infoalgerieactu\",\"https:\\\/\\\/x.com\\\/infoalgerie1\"]},{\"@type\":\"Person\",\"@id\":\"https:\\\/\\\/www.info-algerie.com\\\/actualites\\\/#\\\/schema\\\/person\\\/847aaec44920825b843a08f30ec6aa1e\",\"name\":\"La r\u00e9daction\",\"image\":{\"@type\":\"ImageObject\",\"inLanguage\":\"fr-FR\",\"@id\":\"https:\\\/\\\/secure.gravatar.com\\\/avatar\\\/769db425c6f465158149f1ffd6cf61ce7a8a879d11dfbef8288af36dfddd418c?s=96&d=mm&r=g\",\"url\":\"https:\\\/\\\/secure.gravatar.com\\\/avatar\\\/769db425c6f465158149f1ffd6cf61ce7a8a879d11dfbef8288af36dfddd418c?s=96&d=mm&r=g\",\"contentUrl\":\"https:\\\/\\\/secure.gravatar.com\\\/avatar\\\/769db425c6f465158149f1ffd6cf61ce7a8a879d11dfbef8288af36dfddd418c?s=96&d=mm&r=g\",\"caption\":\"La r\u00e9daction\"},\"sameAs\":[\"http:\\\/\\\/www.lkeria.com\\\/\"],\"url\":\"https:\\\/\\\/www.info-algerie.com\\\/actualites\\\/author\\\/chakib32\\\/\"}]}<\/script>\n<!-- \/ Yoast SEO plugin. -->","yoast_head_json":{"title":"137e Assembl\u00e9e de l&#039;UIP : M. Bensalah prend part \u00e0 la r\u00e9union du groupe g\u00e9opolitique arabe \u00a0\u00a0 - info algerie","robots":{"index":"index","follow":"follow","max-snippet":"max-snippet:-1","max-image-preview":"max-image-preview:large","max-video-preview":"max-video-preview:-1"},"canonical":"https:\/\/www.info-algerie.com\/actualites\/137e-assemblee-de-luip-m-bensalah-prend-part-a-la-reunion-du-groupe-geopolitique-arabe\/","og_locale":"fr_FR","og_type":"article","og_title":"137e Assembl\u00e9e de l&#039;UIP : M. Bensalah prend part \u00e0 la r\u00e9union du groupe g\u00e9opolitique arabe \u00a0\u00a0 - info algerie","og_description":"ALGER &#8211; Le pr\u00e9sident du Conseil de la nation, Abdelkader Bensalah a pris part samedi \u00e0 Saint-P\u00e9tersbourg\u00a0 (F\u00e9d\u00e9ration de Russie) \u00e0 la r\u00e9union du groupe g\u00e9opolitique arabe consacr\u00e9e \u00e0 la coordination des positions concernant les points inscrits \u00e0 l&rsquo;ordre du jour de la 137\u00e8me Assembl\u00e9e de l&rsquo;Union interparlementaire (UIP) dont les travaux d\u00e9buteront samedi soir,","og_url":"https:\/\/www.info-algerie.com\/actualites\/137e-assemblee-de-luip-m-bensalah-prend-part-a-la-reunion-du-groupe-geopolitique-arabe\/","og_site_name":"info algerie","article_publisher":"https:\/\/www.facebook.com\/infoalgerieactu","article_published_time":"2017-10-14T17:04:36+00:00","author":"La r\u00e9daction","twitter_misc":{"\u00c9crit par":"La r\u00e9daction","Dur\u00e9e de lecture estim\u00e9e":"2 minutes"},"schema":{"@context":"https:\/\/schema.org","@graph":[{"@type":"Article","@id":"https:\/\/www.info-algerie.com\/actualites\/137e-assemblee-de-luip-m-bensalah-prend-part-a-la-reunion-du-groupe-geopolitique-arabe\/#article","isPartOf":{"@id":"https:\/\/www.info-algerie.com\/actualites\/137e-assemblee-de-luip-m-bensalah-prend-part-a-la-reunion-du-groupe-geopolitique-arabe\/"},"author":{"name":"La r\u00e9daction","@id":"https:\/\/www.info-algerie.com\/actualites\/#\/schema\/person\/847aaec44920825b843a08f30ec6aa1e"},"headline":"137e Assembl\u00e9e de l&#039;UIP : M. Bensalah prend part \u00e0 la r\u00e9union du groupe g\u00e9opolitique arabe \u00a0\u00a0","datePublished":"2017-10-14T17:04:36+00:00","mainEntityOfPage":{"@id":"https:\/\/www.info-algerie.com\/actualites\/137e-assemblee-de-luip-m-bensalah-prend-part-a-la-reunion-du-groupe-geopolitique-arabe\/"},"wordCount":391,"commentCount":0,"publisher":{"@id":"https:\/\/www.info-algerie.com\/actualites\/#organization"},"keywords":["ONU"],"articleSection":["infos"],"inLanguage":"fr-FR","potentialAction":[{"@type":"CommentAction","name":"Comment","target":["https:\/\/www.info-algerie.com\/actualites\/137e-assemblee-de-luip-m-bensalah-prend-part-a-la-reunion-du-groupe-geopolitique-arabe\/#respond"]}]},{"@type":"WebPage","@id":"https:\/\/www.info-algerie.com\/actualites\/137e-assemblee-de-luip-m-bensalah-prend-part-a-la-reunion-du-groupe-geopolitique-arabe\/","url":"https:\/\/www.info-algerie.com\/actualites\/137e-assemblee-de-luip-m-bensalah-prend-part-a-la-reunion-du-groupe-geopolitique-arabe\/","name":"137e Assembl\u00e9e de l&#039;UIP : M. Bensalah prend part \u00e0 la r\u00e9union du groupe g\u00e9opolitique arabe \u00a0\u00a0 - info algerie","isPartOf":{"@id":"https:\/\/www.info-algerie.com\/actualites\/#website"},"datePublished":"2017-10-14T17:04:36+00:00","breadcrumb":{"@id":"https:\/\/www.info-algerie.com\/actualites\/137e-assemblee-de-luip-m-bensalah-prend-part-a-la-reunion-du-groupe-geopolitique-arabe\/#breadcrumb"},"inLanguage":"fr-FR","potentialAction":[{"@type":"ReadAction","target":["https:\/\/www.info-algerie.com\/actualites\/137e-assemblee-de-luip-m-bensalah-prend-part-a-la-reunion-du-groupe-geopolitique-arabe\/"]}]},{"@type":"BreadcrumbList","@id":"https:\/\/www.info-algerie.com\/actualites\/137e-assemblee-de-luip-m-bensalah-prend-part-a-la-reunion-du-groupe-geopolitique-arabe\/#breadcrumb","itemListElement":[{"@type":"ListItem","position":1,"name":"Accueil","item":"https:\/\/www.info-algerie.com\/actualites\/"},{"@type":"ListItem","position":2,"name":"137e Assembl\u00e9e de l&#039;UIP : M. Bensalah prend part \u00e0 la r\u00e9union du groupe g\u00e9opolitique arabe \u00a0\u00a0"}]},{"@type":"WebSite","@id":"https:\/\/www.info-algerie.com\/actualites\/#website","url":"https:\/\/www.info-algerie.com\/actualites\/","name":"info algerie","description":"Toutes les actualit\u00e9s","publisher":{"@id":"https:\/\/www.info-algerie.com\/actualites\/#organization"},"potentialAction":[{"@type":"SearchAction","target":{"@type":"EntryPoint","urlTemplate":"https:\/\/www.info-algerie.com\/actualites\/?s={search_term_string}"},"query-input":{"@type":"PropertyValueSpecification","valueRequired":true,"valueName":"search_term_string"}}],"inLanguage":"fr-FR"},{"@type":"Organization","@id":"https:\/\/www.info-algerie.com\/actualites\/#organization","name":"info algerie","url":"https:\/\/www.info-algerie.com\/actualites\/","logo":{"@type":"ImageObject","inLanguage":"fr-FR","@id":"https:\/\/www.info-algerie.com\/actualites\/#\/schema\/logo\/image\/","url":"https:\/\/www.info-algerie.com\/actualites\/wp-content\/uploads\/2022\/07\/logo-ia-120.png","contentUrl":"https:\/\/www.info-algerie.com\/actualites\/wp-content\/uploads\/2022\/07\/logo-ia-120.png","width":120,"height":43,"caption":"info algerie"},"image":{"@id":"https:\/\/www.info-algerie.com\/actualites\/#\/schema\/logo\/image\/"},"sameAs":["https:\/\/www.facebook.com\/infoalgerieactu","https:\/\/x.com\/infoalgerie1"]},{"@type":"Person","@id":"https:\/\/www.info-algerie.com\/actualites\/#\/schema\/person\/847aaec44920825b843a08f30ec6aa1e","name":"La r\u00e9daction","image":{"@type":"ImageObject","inLanguage":"fr-FR","@id":"https:\/\/secure.gravatar.com\/avatar\/769db425c6f465158149f1ffd6cf61ce7a8a879d11dfbef8288af36dfddd418c?s=96&d=mm&r=g","url":"https:\/\/secure.gravatar.com\/avatar\/769db425c6f465158149f1ffd6cf61ce7a8a879d11dfbef8288af36dfddd418c?s=96&d=mm&r=g","contentUrl":"https:\/\/secure.gravatar.com\/avatar\/769db425c6f465158149f1ffd6cf61ce7a8a879d11dfbef8288af36dfddd418c?s=96&d=mm&r=g","caption":"La r\u00e9daction"},"sameAs":["http:\/\/www.lkeria.com\/"],"url":"https:\/\/www.info-algerie.com\/actualites\/author\/chakib32\/"}]}},"_links":{"self":[{"href":"https:\/\/www.info-algerie.com\/actualites\/wp-json\/wp\/v2\/posts\/16878","targetHints":{"allow":["GET"]}}],"collection":[{"href":"https:\/\/www.info-algerie.com\/actualites\/wp-json\/wp\/v2\/posts"}],"about":[{"href":"https:\/\/www.info-algerie.com\/actualites\/wp-json\/wp\/v2\/types\/post"}],"author":[{"embeddable":true,"href":"https:\/\/www.info-algerie.com\/actualites\/wp-json\/wp\/v2\/users\/6"}],"replies":[{"embeddable":true,"href":"https:\/\/www.info-algerie.com\/actualites\/wp-json\/wp\/v2\/comments?post=16878"}],"version-history":[{"count":0,"href":"https:\/\/www.info-algerie.com\/actualites\/wp-json\/wp\/v2\/posts\/16878\/revisions"}],"wp:attachment":[{"href":"https:\/\/www.info-algerie.com\/actualites\/wp-json\/wp\/v2\/media?parent=16878"}],"wp:term":[{"taxonomy":"category","embeddable":true,"href":"https:\/\/www.info-algerie.com\/actualites\/wp-json\/wp\/v2\/categories?post=16878"},{"taxonomy":"post_tag","embeddable":true,"href":"https:\/\/www.info-algerie.com\/actualites\/wp-json\/wp\/v2\/tags?post=16878"}],"curies":[{"name":"wp","href":"https:\/\/api.w.org\/{rel}","templated":true}]}}