{"id":16880,"date":"2017-10-14T17:52:06","date_gmt":"2017-10-14T16:52:06","guid":{"rendered":"http:\/\/www.info-algerie.com\/actualites\/mali-messahel-reaffirme-lengagement-de-lalgerie-a-poursuivre-sa-cooperation-multiforme\/"},"modified":"2017-10-14T17:52:06","modified_gmt":"2017-10-14T16:52:06","slug":"mali-messahel-reaffirme-lengagement-de-lalgerie-a-poursuivre-sa-cooperation-multiforme","status":"publish","type":"post","link":"https:\/\/www.info-algerie.com\/actualites\/mali-messahel-reaffirme-lengagement-de-lalgerie-a-poursuivre-sa-cooperation-multiforme\/","title":{"rendered":"Mali : Messahel r\u00e9affirme l&#039;engagement de l&#039;Alg\u00e9rie \u00e0 poursuivre sa coop\u00e9ration multiforme"},"content":{"rendered":"<div class=\"K2FeedImage\"><img decoding=\"async\" src=\"https:\/\/www.info-algerie.com\/actualites\/wp-content\/uploads\/2017\/10\/b8a97bcbb8fc4eb5ab7ef14567cd4e51_S.jpg\" alt=\"Mali : Messahel r&#xE9;affirme l'engagement de l'Alg&#xE9;rie &#xE0; poursuivre sa coop&#xE9;ration multiforme\" \/><\/div>\n<div class=\"K2FeedIntroText\">\n<p><strong>BAMAKO -Le ministre des Affaires \u00e9trang\u00e8res, Abdelkader Messahel, a r\u00e9affirm\u00e9 samedi \u00e0 Bamako l&rsquo;engagement et la d\u00e9termination de l&rsquo;Alg\u00e9rie \u00e0 poursuivre la coop\u00e9ration multiforme avec le Mali \u00ab\u00a0pour l\u2019accompagner dans ses efforts visant \u00e0 acc\u00e9l\u00e9rer sa sortie de la crise qu\u2019il endure\u00a0\u00bb.\u00a0<\/strong><\/p>\n<p>&#013;\n<\/p><\/div>\n<div class=\"K2FeedFullText\">&#013;<\/p>\n<p>\u00ab\u00a0Au nom du pr\u00e9sident de la R\u00e9publique, Abdelaziz Bouteflika, qui attache du prix \u00e0 voir, notamment, le Mali, un pays tr\u00e8s cher \u00e0 son c\u00a3ur, triompher de la crise qu\u2019il traverse depuis quelques ann\u00e9es, je tiens \u00e0 r\u00e9affirmer, solennellement, l&rsquo;engagement et la d\u00e9termination de l&rsquo;Alg\u00e9rie \u00e0 poursuivre sa coop\u00e9ration multiforme avec le Mali pour l&rsquo;accompagner dans ses efforts visant \u00e0 acc\u00e9l\u00e9rer sa sortie de la crise qu&rsquo;il endure\u00a0\u00bb, a d\u00e9clar\u00e9 M. Messahel lors de la Conf\u00e9rence r\u00e9gionale sur la S\u00e9curit\u00e9 dans le Sahel et en Afrique de l\u2019Ouest, qui se tient dans la capitale malienne.<\/p>\n<p>&#013;<\/p>\n<p>Le ministre a soulign\u00e9 que sa pr\u00e9sence \u00e0 cette conf\u00e9rence \u00ab\u00a0t\u00e9moigne de l&rsquo;engagement de l&rsquo;Alg\u00e9rie aux c\u00f4t\u00e9s du peuple malien fr\u00e8re et des autres pays de la sous-r\u00e9gion et de sa volont\u00e9 d\u2019apporter sa contribution pour favoriser une lutte plus efficace contre le terrorisme et la criminalit\u00e9 organis\u00e9e transfrontali\u00e8re et une \u00e9radication, au plus t\u00f4t, de ces fl\u00e9aux qui font obstacle au retour total et d\u00e9finitif de la paix, de la s\u00e9curit\u00e9, et de la stabilit\u00e9 et hypoth\u00e8quent le d\u00e9veloppement de notre voisinage imm\u00e9diat\u00a0\u00bb.<\/p>\n<p>&#013;<\/p>\n<hr \/>\n<h3>Lire aussi :<a href=\"http:\/\/www.aps.dz\/monde\/63612-mise-en-oeuvre-de-l-accord-de-paix-et-reconciliation-le-mali-assure-l-onu-de-progres-remarquables\" target=\"_blank\">\u00a0Mise en \u0153uvre de l&rsquo;Accord de paix et r\u00e9conciliation: le Mali assure l&rsquo;ONU de \u00ab\u00a0progr\u00e8s remarquables\u00a0\u00bb<\/a><\/h3>\n<p>&#013;<\/p>\n<hr \/>\n<p>\u00ab\u00a0Le Mali est, de toute \u00e9vidence, le pays fr\u00e8re et voisin qui se trouve, ces toutes derni\u00e8res ann\u00e9es, davantage confront\u00e9 \u00e0 une situation difficile, \u00e0 l&rsquo;origine de la grave d\u00e9t\u00e9rioration de la situation s\u00e9curitaire dans le pays\u00a0\u00bb, a-t-il relev\u00e9, affirmant que \u00ab\u00a0la mobilisation sans pr\u00e9c\u00e9dent de la communaut\u00e9 internationale, dont l&rsquo;Alg\u00e9rie, pour accompagner le Mali dans ses efforts, en faveur de la construction de la paix et de la stabilit\u00e9, \u00e0 travers une coop\u00e9ration dense et multiforme, a produit des r\u00e9sultats satisfaisants ind\u00e9niables et incitant \u00e0 l\u2019optimisme, comme en atteste l\u2019\u00e9volution r\u00e9cente du Processus de mise en \u0153uvre de l&rsquo;Accord de Bamako pour la Paix et la R\u00e9conciliation au Mali issu du Processus d\u2019Alger, qui a pr\u00e9valu en d\u00e9pit des contrari\u00e9t\u00e9s qui ont pu jalonner sa voie\u00a0\u00bb.<\/p>\n<p>&#013;<\/p>\n<p>Selon le ministre des Affaires \u00e9trang\u00e8res, \u00ab\u00a0pour rechercher de nouveaux modes d\u2019action, explorer de nouvelles voies, affiner la strat\u00e9gie et mobiliser des instruments nouveaux et plus ad\u00e9quats permettant davantage d\u2019efficacit\u00e9 pour obtenir les r\u00e9sultats recherch\u00e9s, il \u00e9tait imp\u00e9ratif donc que l&rsquo;ensemble des acteurs dans la zone du Sahel dialoguent, se concertent, conjuguent leurs efforts et mutualisent leurs moyens, l\u2019hydre \u00e0 laquelle ils livrent bataille \u00e9tant la m\u00eame\u00a0\u00bb<\/p>\n<p>&#013;<\/p>\n<p>Concernant la conf\u00e9rence r\u00e9gionale, M. Messahel a indiqu\u00e9 qu&rsquo;elle a pour objectif fondamental \u00ab\u00a0l\u2019\u00e9valuation globale\u00a0\u00bb de la situation s\u00e9curitaire en Afrique de l\u2019Ouest et l\u2019\u00e9laboration d\u2019une nouvelle strat\u00e9gie collective en mati\u00e8re de lutte contre le terrorisme et la criminalit\u00e9 transnationale organis\u00e9e dans le Sahel, ajoutant que ses conclusions \u00ab\u00a0ne manqueront pas d\u2019impacter positivement les efforts en cours pour venir \u00e0 bout de ces fl\u00e9aux dangereux, pour les pays qui en souffrent et pour tous les pays de la r\u00e9gion\u00a0\u00bb.<\/p>\n<p>&#013;<\/p>\n<p>\u00a0<\/p>\n<p>&#013;<\/p>\n<p><strong>L&rsquo;exp\u00e9rience alg\u00e9rienne en mati\u00e8re de lutte contre l\u2019extr\u00e9misme violent et le terrorisme pr\u00e9sent\u00e9e<\/strong><\/p>\n<p>&#013;<\/p>\n<p>\u00a0<\/p>\n<p>&#013;<\/p>\n<p>A l&rsquo;occasion de cette rencontre, le ministre Messahel a pr\u00e9sent\u00e9 aux participants l&rsquo;exp\u00e9rience alg\u00e9rienne en mati\u00e8re de lutte contre l\u2019extr\u00e9misme violent et le terrorisme.\u00a0<\/p>\n<p>&#013;<\/p>\n<p>A cet \u00e9gard, il a indiqu\u00e9 que les r\u00e9sultats \u00ab\u00a0hautement positifs\u00a0\u00bb enregistr\u00e9s par l&rsquo;Alg\u00e9rie dans cette lutte \u00ab\u00a0constituent le centre d\u2019int\u00e9r\u00eat d\u2019un grand nombre de pays avec lesquels nous entretenons une coop\u00e9ration dense, mutuellement b\u00e9n\u00e9fique, et font de l\u2019Alg\u00e9rie l\u2019un des six pays les plus s\u00fbrs dans le monde, comme le reconnaissent, d\u2019ailleurs, de nombreux experts en la mati\u00e8re, comme l\u2019Institut Gallup qui en fait \u00e9tat dans son dernier rapport dat\u00e9 du mois d\u2019ao\u00fbt 2017\u00a0\u00bb.<\/p>\n<p>&#013;<\/p>\n<p>\u00ab\u00a0L&rsquo;int\u00e9r\u00eat et la consid\u00e9ration de nos partenaires pour notre exp\u00e9rience et notre engagement, aux plans r\u00e9gional et international, en mati\u00e8re de lutte contre le terrorisme se sont traduits, notamment, par la d\u00e9signation du Pr\u00e9sident Bouteflika, par ses pairs africains comme Coordonnateur de la pr\u00e9vention de l\u2019extr\u00e9misme violent et de la lutte contre le terrorisme en Afrique\u00a0\u00bb, a-t-il rappel\u00e9.<\/p>\n<p>&#013;<\/p>\n<blockquote><p>&#013;<\/p>\n<h3>\u00ab\u00a0Cette d\u00e9signation, t\u00e9moignage du respect dont jouit le Pr\u00e9sident Bouteflika aupr\u00e8s de ses pairs africains pour son engagement sinc\u00e8re et ind\u00e9fectible en faveur de toutes les causes africaines\u00a0\u00bb<\/h3>\n<p>&#013;\n<\/p><\/blockquote>\n<p>&#013;<\/p>\n<p>\u00ab\u00a0Cette d\u00e9signation, t\u00e9moignage du respect dont jouit le Pr\u00e9sident Bouteflika aupr\u00e8s de ses pairs africains pour son engagement sinc\u00e8re et ind\u00e9fectible en faveur de toutes les causes africaines\u00a0\u00bb, a-t-il soulign\u00e9, ajoutant qu&rsquo;elle \u00ab\u00a0repose sur la riche exp\u00e9rience et l\u2019expertise d\u00e9velopp\u00e9es par l\u2019Alg\u00e9rie dans la lutte contre le terrorisme et sur son engagement sinc\u00e8re et assum\u00e9 afin qu\u2019aucun autre peuple, en Afrique et ailleurs, ne vive la trag\u00e9die impos\u00e9e au peuple alg\u00e9rien par ce fl\u00e9au, durant les ann\u00e9es quatre-vingt-dix\u00a0\u00bb.<\/p>\n<p>&#013;<\/p>\n<p>M. Messahel rappel\u00e9 que le pr\u00e9sident Bouteflika, \u00ab\u00a0anim\u00e9 d\u2019une volont\u00e9 irr\u00e9pressible d\u2019apporter une contribution effective \u00e0 la mise en place d\u2019une strat\u00e9gie visant \u00e0 \u00e9radiquer sur notre continent le terrorisme et la violence, devenues des menaces de port\u00e9e globale\u00a0\u00bb, a pr\u00e9sent\u00e9, un M\u00e9morandum sur les perspectives de la pr\u00e9vention et de la lutte contre l\u2019extr\u00e9misme violent et le terrorisme en Afrique, qui a \u00e9t\u00e9 adopt\u00e9 \u00e0 l\u2019unanimit\u00e9, lors du dernier Sommet de l\u2019Union africaine (UA), en juillet de l\u2019ann\u00e9e en cours.<\/p>\n<p>&#013;<\/p>\n<hr \/>\n<h3>Lire aussi : <a href=\"http:\/\/www.aps.dz\/monde\/63391-mali-des-sanctions-pourraient-etre-instaurees-contre-ceux-qui-entravent-l-application-de-l-accord-de-paix\" target=\"_blank\">Mali: des sanctions pourraient \u00eatre instaur\u00e9es contre ceux qui entravent l&rsquo;application de l&rsquo;accord de paix<\/a><\/h3>\n<p>&#013;<\/p>\n<hr \/>\n<p>M. Messahel a pr\u00e9cis\u00e9 que \u00ab\u00a0cet important document pr\u00e9conise sept axes fondamentaux autour desquels s&rsquo;articulera la mission du Coordonnateur de la pr\u00e9vention de l&rsquo;extr\u00e9misme violent et de la lutte contre le terrorisme en Afrique\u00a0\u00bb.<\/p>\n<p>&#013;<\/p>\n<p>Il s&rsquo;agit, a-t-il expliqu\u00e9, du d\u00e9veloppement de l&rsquo;architecture africaine de lutte contre le terrorisme, le d\u00e9veloppement et l&rsquo;enrichissement des normes africaines de lutte contre le terrorisme, la vigilance par rapport aux combattants terroristes \u00e9trangers et leur retour ou mouvements \u00e0 destination de l&rsquo;Afrique, le resserrement et le tarissement des multiples sources de financement du terrorisme, la lutte contre la radicalisation et les politiques de d\u00e9radicalisation, la promotion des cadres politiques, institutionnels et judiciaires pour favoriser la d\u00e9mocratie, la bonne gouvernance, les droits de l\u2019homme, la justice sociale, le d\u00e9veloppement socio-\u00e9conomique et l\u2019Etat de droit et enfin l&rsquo;intensification de la coop\u00e9ration bilat\u00e9rale, r\u00e9gionale et internationale dans la lutte contre le terrorisme.<\/p>\n<p>&#013;<\/p>\n<p>\u00ab\u00a0Les \u00e9l\u00e9ments d\u00e9finis dans le M\u00e9morandum susmentionn\u00e9 sont constitutifs d\u2019une strat\u00e9gie novatrice pour une r\u00e9ponse collective \u00e0 la menace terroriste. Ils trouvent naturellement un \u00e9cho au sein des riches d\u00e9bats men\u00e9s dans le cadre des travaux de cette conf\u00e9rence relatifs \u00e0 l\u2019\u00e9valuation globale de la situation s\u00e9curitaire en Afrique de l\u2019Ouest, d\u2019une part, et l\u2019\u00e9laboration d&rsquo;une Plateforme collaborative pour renforcer la lutte contre le terrorisme et les autres fl\u00e9aux ravageurs que conna\u00eet cette r\u00e9gion\u00a0\u00bb, a not\u00e9 le ministre, pr\u00e9cisant que la d\u00e9marche propos\u00e9e \u00ab\u00a0offre une nouvelle opportunit\u00e9 pour l&rsquo;Alg\u00e9rie et tous les pays africains d\u2019\u00a3uvrer ensemble \u00e0 l&rsquo;\u00e9radication du terrorisme sur toute l&rsquo;\u00e9tendue du continent\u00a0\u00bb.<\/p>\n<p>&#013;<\/p>\n<p>Par ailleurs, le ministre a fait remarquer que l&rsquo;Alg\u00e9rie, \u00ab\u00a0appartenant \u00e0 une r\u00e9gion marqu\u00e9e par une grande turbulence, notamment, par des crises en \u00e9volution dans son voisinage imm\u00e9diat, est consciente que, dor\u00e9navant, le r\u00e8glement de la crise en Libye donnerait de la visibilit\u00e9 \u00e0 la stabilisation de toute la r\u00e9gion et permettrait d\u2019appr\u00e9hender efficacement la lutte contre le terrorisme et ses connexions en raison des liens av\u00e9r\u00e9s entre les groupes existant en Libye et leurs prolongements dans la sous-r\u00e9gion, y compris le Groupe terroriste Boko Haram au Nigeria\u00a0\u00bb.\u00a0<\/p>\n<p>&#013;<\/p>\n<p>M. Messahel a conclu son intervention en r\u00e9it\u00e9rant la \u00ab\u00a0ferme volont\u00e9\u00a0\u00bb et la \u00ab\u00a0totale disponibilit\u00e9\u00a0\u00bb de l\u2019Alg\u00e9rie \u00ab\u00a0pour \u0153uvrer au renforcement de sa coop\u00e9ration avec le Mali, l\u2019ensemble des pays de notre continent et les autres partenaires dans le monde, pour faire \u00e9chec au terrorisme et \u00e0 sa politique d\u00e9vastatrice de la terre br\u00fbl\u00e9e, et relever les grands d\u00e9fis communs qui sont les n\u00f4tres\u00a0\u00bb.\u00a0<\/p>\n<\/div>\n<p>&#013;<br \/>\nSource: <a href=\"http:\/\/www.aps.dz\/algerie\/63963-mali-messahel-reaffirme-l-engagement-de-l-algerie-a-poursuivre-sa-cooperation-multiforme\" target=\"_blank\">Mali : Messahel r\u00e9affirme l&rsquo;engagement de l&rsquo;Alg\u00e9rie \u00e0 poursuivre sa coop\u00e9ration multiforme<\/a><\/p>\n<!--CusAds0-->\n<div style=\"font-size: 0px; height: 0px; line-height: 0px; margin: 0; padding: 0; clear: both;\"><\/div>","protected":false},"excerpt":{"rendered":"<p>BAMAKO -Le ministre des Affaires \u00e9trang\u00e8res, Abdelkader Messahel, a r\u00e9affirm\u00e9 samedi \u00e0 Bamako l&rsquo;engagement et la d\u00e9termination de l&rsquo;Alg\u00e9rie \u00e0 poursuivre la coop\u00e9ration multiforme avec le Mali \u00ab\u00a0pour l\u2019accompagner dans ses efforts visant \u00e0 acc\u00e9l\u00e9rer sa sortie de la crise qu\u2019il endure\u00a0\u00bb.\u00a0 &#013; &#013; \u00ab\u00a0Au nom du pr\u00e9sident de la R\u00e9publique, Abdelaziz Bouteflika, qui attache<\/p>\n","protected":false},"author":6,"featured_media":16881,"comment_status":"open","ping_status":"open","sticky":false,"template":"","format":"standard","meta":{"footnotes":""},"categories":[22],"tags":[93],"class_list":["post-16880","post","type-post","status-publish","format-standard","has-post-thumbnail","hentry","category-infos","tag-onu"],"yoast_head":"<!-- This site is optimized with the Yoast SEO plugin v27.5 - https:\/\/yoast.com\/product\/yoast-seo-wordpress\/ -->\n<title>Mali : Messahel r\u00e9affirme l&#039;engagement de l&#039;Alg\u00e9rie \u00e0 poursuivre sa coop\u00e9ration multiforme - info algerie<\/title>\n<meta name=\"robots\" content=\"index, follow, max-snippet:-1, max-image-preview:large, max-video-preview:-1\" \/>\n<link rel=\"canonical\" href=\"https:\/\/www.info-algerie.com\/actualites\/mali-messahel-reaffirme-lengagement-de-lalgerie-a-poursuivre-sa-cooperation-multiforme\/\" \/>\n<meta property=\"og:locale\" content=\"fr_FR\" \/>\n<meta property=\"og:type\" content=\"article\" \/>\n<meta property=\"og:title\" content=\"Mali : Messahel r\u00e9affirme l&#039;engagement de l&#039;Alg\u00e9rie \u00e0 poursuivre sa coop\u00e9ration multiforme - info algerie\" \/>\n<meta property=\"og:description\" content=\"BAMAKO -Le ministre des Affaires \u00e9trang\u00e8res, Abdelkader Messahel, a r\u00e9affirm\u00e9 samedi \u00e0 Bamako l&rsquo;engagement et la d\u00e9termination de l&rsquo;Alg\u00e9rie \u00e0 poursuivre la coop\u00e9ration multiforme avec le Mali \u00ab\u00a0pour l\u2019accompagner dans ses efforts visant \u00e0 acc\u00e9l\u00e9rer sa sortie de la crise qu\u2019il endure\u00a0\u00bb.\u00a0 &#013; &#013; \u00ab\u00a0Au nom du pr\u00e9sident de la R\u00e9publique, Abdelaziz Bouteflika, qui attache\" \/>\n<meta property=\"og:url\" content=\"https:\/\/www.info-algerie.com\/actualites\/mali-messahel-reaffirme-lengagement-de-lalgerie-a-poursuivre-sa-cooperation-multiforme\/\" \/>\n<meta property=\"og:site_name\" content=\"info algerie\" \/>\n<meta property=\"article:publisher\" content=\"https:\/\/www.facebook.com\/infoalgerieactu\" \/>\n<meta property=\"article:published_time\" content=\"2017-10-14T16:52:06+00:00\" \/>\n<meta property=\"og:image\" content=\"https:\/\/www.info-algerie.com\/actualites\/wp-content\/uploads\/2017\/10\/b8a97bcbb8fc4eb5ab7ef14567cd4e51_S-1.jpg\" \/>\n\t<meta property=\"og:image:width\" content=\"280\" \/>\n\t<meta property=\"og:image:height\" content=\"169\" \/>\n\t<meta property=\"og:image:type\" content=\"image\/jpeg\" \/>\n<meta name=\"author\" content=\"La r\u00e9daction\" \/>\n<meta name=\"twitter:label1\" content=\"\u00c9crit par\" \/>\n\t<meta name=\"twitter:data1\" content=\"La r\u00e9daction\" \/>\n\t<meta name=\"twitter:label2\" content=\"Dur\u00e9e de lecture estim\u00e9e\" \/>\n\t<meta name=\"twitter:data2\" content=\"8 minutes\" \/>\n<script type=\"application\/ld+json\" class=\"yoast-schema-graph\">{\"@context\":\"https:\\\/\\\/schema.org\",\"@graph\":[{\"@type\":\"Article\",\"@id\":\"https:\\\/\\\/www.info-algerie.com\\\/actualites\\\/mali-messahel-reaffirme-lengagement-de-lalgerie-a-poursuivre-sa-cooperation-multiforme\\\/#article\",\"isPartOf\":{\"@id\":\"https:\\\/\\\/www.info-algerie.com\\\/actualites\\\/mali-messahel-reaffirme-lengagement-de-lalgerie-a-poursuivre-sa-cooperation-multiforme\\\/\"},\"author\":{\"name\":\"La r\u00e9daction\",\"@id\":\"https:\\\/\\\/www.info-algerie.com\\\/actualites\\\/#\\\/schema\\\/person\\\/847aaec44920825b843a08f30ec6aa1e\"},\"headline\":\"Mali : Messahel r\u00e9affirme l&#039;engagement de l&#039;Alg\u00e9rie \u00e0 poursuivre sa coop\u00e9ration multiforme\",\"datePublished\":\"2017-10-14T16:52:06+00:00\",\"mainEntityOfPage\":{\"@id\":\"https:\\\/\\\/www.info-algerie.com\\\/actualites\\\/mali-messahel-reaffirme-lengagement-de-lalgerie-a-poursuivre-sa-cooperation-multiforme\\\/\"},\"wordCount\":1562,\"commentCount\":0,\"publisher\":{\"@id\":\"https:\\\/\\\/www.info-algerie.com\\\/actualites\\\/#organization\"},\"image\":{\"@id\":\"https:\\\/\\\/www.info-algerie.com\\\/actualites\\\/mali-messahel-reaffirme-lengagement-de-lalgerie-a-poursuivre-sa-cooperation-multiforme\\\/#primaryimage\"},\"thumbnailUrl\":\"https:\\\/\\\/www.info-algerie.com\\\/actualites\\\/wp-content\\\/uploads\\\/2017\\\/10\\\/b8a97bcbb8fc4eb5ab7ef14567cd4e51_S-1.jpg\",\"keywords\":[\"ONU\"],\"articleSection\":[\"infos\"],\"inLanguage\":\"fr-FR\",\"potentialAction\":[{\"@type\":\"CommentAction\",\"name\":\"Comment\",\"target\":[\"https:\\\/\\\/www.info-algerie.com\\\/actualites\\\/mali-messahel-reaffirme-lengagement-de-lalgerie-a-poursuivre-sa-cooperation-multiforme\\\/#respond\"]}]},{\"@type\":\"WebPage\",\"@id\":\"https:\\\/\\\/www.info-algerie.com\\\/actualites\\\/mali-messahel-reaffirme-lengagement-de-lalgerie-a-poursuivre-sa-cooperation-multiforme\\\/\",\"url\":\"https:\\\/\\\/www.info-algerie.com\\\/actualites\\\/mali-messahel-reaffirme-lengagement-de-lalgerie-a-poursuivre-sa-cooperation-multiforme\\\/\",\"name\":\"Mali : Messahel r\u00e9affirme l&#039;engagement de l&#039;Alg\u00e9rie \u00e0 poursuivre sa coop\u00e9ration multiforme - info algerie\",\"isPartOf\":{\"@id\":\"https:\\\/\\\/www.info-algerie.com\\\/actualites\\\/#website\"},\"primaryImageOfPage\":{\"@id\":\"https:\\\/\\\/www.info-algerie.com\\\/actualites\\\/mali-messahel-reaffirme-lengagement-de-lalgerie-a-poursuivre-sa-cooperation-multiforme\\\/#primaryimage\"},\"image\":{\"@id\":\"https:\\\/\\\/www.info-algerie.com\\\/actualites\\\/mali-messahel-reaffirme-lengagement-de-lalgerie-a-poursuivre-sa-cooperation-multiforme\\\/#primaryimage\"},\"thumbnailUrl\":\"https:\\\/\\\/www.info-algerie.com\\\/actualites\\\/wp-content\\\/uploads\\\/2017\\\/10\\\/b8a97bcbb8fc4eb5ab7ef14567cd4e51_S-1.jpg\",\"datePublished\":\"2017-10-14T16:52:06+00:00\",\"breadcrumb\":{\"@id\":\"https:\\\/\\\/www.info-algerie.com\\\/actualites\\\/mali-messahel-reaffirme-lengagement-de-lalgerie-a-poursuivre-sa-cooperation-multiforme\\\/#breadcrumb\"},\"inLanguage\":\"fr-FR\",\"potentialAction\":[{\"@type\":\"ReadAction\",\"target\":[\"https:\\\/\\\/www.info-algerie.com\\\/actualites\\\/mali-messahel-reaffirme-lengagement-de-lalgerie-a-poursuivre-sa-cooperation-multiforme\\\/\"]}]},{\"@type\":\"ImageObject\",\"inLanguage\":\"fr-FR\",\"@id\":\"https:\\\/\\\/www.info-algerie.com\\\/actualites\\\/mali-messahel-reaffirme-lengagement-de-lalgerie-a-poursuivre-sa-cooperation-multiforme\\\/#primaryimage\",\"url\":\"https:\\\/\\\/www.info-algerie.com\\\/actualites\\\/wp-content\\\/uploads\\\/2017\\\/10\\\/b8a97bcbb8fc4eb5ab7ef14567cd4e51_S-1.jpg\",\"contentUrl\":\"https:\\\/\\\/www.info-algerie.com\\\/actualites\\\/wp-content\\\/uploads\\\/2017\\\/10\\\/b8a97bcbb8fc4eb5ab7ef14567cd4e51_S-1.jpg\",\"width\":280,\"height\":169},{\"@type\":\"BreadcrumbList\",\"@id\":\"https:\\\/\\\/www.info-algerie.com\\\/actualites\\\/mali-messahel-reaffirme-lengagement-de-lalgerie-a-poursuivre-sa-cooperation-multiforme\\\/#breadcrumb\",\"itemListElement\":[{\"@type\":\"ListItem\",\"position\":1,\"name\":\"Accueil\",\"item\":\"https:\\\/\\\/www.info-algerie.com\\\/actualites\\\/\"},{\"@type\":\"ListItem\",\"position\":2,\"name\":\"Mali : Messahel r\u00e9affirme l&#039;engagement de l&#039;Alg\u00e9rie \u00e0 poursuivre sa coop\u00e9ration multiforme\"}]},{\"@type\":\"WebSite\",\"@id\":\"https:\\\/\\\/www.info-algerie.com\\\/actualites\\\/#website\",\"url\":\"https:\\\/\\\/www.info-algerie.com\\\/actualites\\\/\",\"name\":\"info algerie\",\"description\":\"Toutes les actualit\u00e9s\",\"publisher\":{\"@id\":\"https:\\\/\\\/www.info-algerie.com\\\/actualites\\\/#organization\"},\"potentialAction\":[{\"@type\":\"SearchAction\",\"target\":{\"@type\":\"EntryPoint\",\"urlTemplate\":\"https:\\\/\\\/www.info-algerie.com\\\/actualites\\\/?s={search_term_string}\"},\"query-input\":{\"@type\":\"PropertyValueSpecification\",\"valueRequired\":true,\"valueName\":\"search_term_string\"}}],\"inLanguage\":\"fr-FR\"},{\"@type\":\"Organization\",\"@id\":\"https:\\\/\\\/www.info-algerie.com\\\/actualites\\\/#organization\",\"name\":\"info algerie\",\"url\":\"https:\\\/\\\/www.info-algerie.com\\\/actualites\\\/\",\"logo\":{\"@type\":\"ImageObject\",\"inLanguage\":\"fr-FR\",\"@id\":\"https:\\\/\\\/www.info-algerie.com\\\/actualites\\\/#\\\/schema\\\/logo\\\/image\\\/\",\"url\":\"https:\\\/\\\/www.info-algerie.com\\\/actualites\\\/wp-content\\\/uploads\\\/2022\\\/07\\\/logo-ia-120.png\",\"contentUrl\":\"https:\\\/\\\/www.info-algerie.com\\\/actualites\\\/wp-content\\\/uploads\\\/2022\\\/07\\\/logo-ia-120.png\",\"width\":120,\"height\":43,\"caption\":\"info algerie\"},\"image\":{\"@id\":\"https:\\\/\\\/www.info-algerie.com\\\/actualites\\\/#\\\/schema\\\/logo\\\/image\\\/\"},\"sameAs\":[\"https:\\\/\\\/www.facebook.com\\\/infoalgerieactu\",\"https:\\\/\\\/x.com\\\/infoalgerie1\"]},{\"@type\":\"Person\",\"@id\":\"https:\\\/\\\/www.info-algerie.com\\\/actualites\\\/#\\\/schema\\\/person\\\/847aaec44920825b843a08f30ec6aa1e\",\"name\":\"La r\u00e9daction\",\"image\":{\"@type\":\"ImageObject\",\"inLanguage\":\"fr-FR\",\"@id\":\"https:\\\/\\\/secure.gravatar.com\\\/avatar\\\/769db425c6f465158149f1ffd6cf61ce7a8a879d11dfbef8288af36dfddd418c?s=96&d=mm&r=g\",\"url\":\"https:\\\/\\\/secure.gravatar.com\\\/avatar\\\/769db425c6f465158149f1ffd6cf61ce7a8a879d11dfbef8288af36dfddd418c?s=96&d=mm&r=g\",\"contentUrl\":\"https:\\\/\\\/secure.gravatar.com\\\/avatar\\\/769db425c6f465158149f1ffd6cf61ce7a8a879d11dfbef8288af36dfddd418c?s=96&d=mm&r=g\",\"caption\":\"La r\u00e9daction\"},\"sameAs\":[\"http:\\\/\\\/www.lkeria.com\\\/\"],\"url\":\"https:\\\/\\\/www.info-algerie.com\\\/actualites\\\/author\\\/chakib32\\\/\"}]}<\/script>\n<!-- \/ Yoast SEO plugin. -->","yoast_head_json":{"title":"Mali : Messahel r\u00e9affirme l&#039;engagement de l&#039;Alg\u00e9rie \u00e0 poursuivre sa coop\u00e9ration multiforme - info algerie","robots":{"index":"index","follow":"follow","max-snippet":"max-snippet:-1","max-image-preview":"max-image-preview:large","max-video-preview":"max-video-preview:-1"},"canonical":"https:\/\/www.info-algerie.com\/actualites\/mali-messahel-reaffirme-lengagement-de-lalgerie-a-poursuivre-sa-cooperation-multiforme\/","og_locale":"fr_FR","og_type":"article","og_title":"Mali : Messahel r\u00e9affirme l&#039;engagement de l&#039;Alg\u00e9rie \u00e0 poursuivre sa coop\u00e9ration multiforme - info algerie","og_description":"BAMAKO -Le ministre des Affaires \u00e9trang\u00e8res, Abdelkader Messahel, a r\u00e9affirm\u00e9 samedi \u00e0 Bamako l&rsquo;engagement et la d\u00e9termination de l&rsquo;Alg\u00e9rie \u00e0 poursuivre la coop\u00e9ration multiforme avec le Mali \u00ab\u00a0pour l\u2019accompagner dans ses efforts visant \u00e0 acc\u00e9l\u00e9rer sa sortie de la crise qu\u2019il endure\u00a0\u00bb.\u00a0 &#013; &#013; \u00ab\u00a0Au nom du pr\u00e9sident de la R\u00e9publique, Abdelaziz Bouteflika, qui attache","og_url":"https:\/\/www.info-algerie.com\/actualites\/mali-messahel-reaffirme-lengagement-de-lalgerie-a-poursuivre-sa-cooperation-multiforme\/","og_site_name":"info algerie","article_publisher":"https:\/\/www.facebook.com\/infoalgerieactu","article_published_time":"2017-10-14T16:52:06+00:00","og_image":[{"width":280,"height":169,"url":"https:\/\/www.info-algerie.com\/actualites\/wp-content\/uploads\/2017\/10\/b8a97bcbb8fc4eb5ab7ef14567cd4e51_S-1.jpg","type":"image\/jpeg"}],"author":"La r\u00e9daction","twitter_misc":{"\u00c9crit par":"La r\u00e9daction","Dur\u00e9e de lecture estim\u00e9e":"8 minutes"},"schema":{"@context":"https:\/\/schema.org","@graph":[{"@type":"Article","@id":"https:\/\/www.info-algerie.com\/actualites\/mali-messahel-reaffirme-lengagement-de-lalgerie-a-poursuivre-sa-cooperation-multiforme\/#article","isPartOf":{"@id":"https:\/\/www.info-algerie.com\/actualites\/mali-messahel-reaffirme-lengagement-de-lalgerie-a-poursuivre-sa-cooperation-multiforme\/"},"author":{"name":"La r\u00e9daction","@id":"https:\/\/www.info-algerie.com\/actualites\/#\/schema\/person\/847aaec44920825b843a08f30ec6aa1e"},"headline":"Mali : Messahel r\u00e9affirme l&#039;engagement de l&#039;Alg\u00e9rie \u00e0 poursuivre sa coop\u00e9ration multiforme","datePublished":"2017-10-14T16:52:06+00:00","mainEntityOfPage":{"@id":"https:\/\/www.info-algerie.com\/actualites\/mali-messahel-reaffirme-lengagement-de-lalgerie-a-poursuivre-sa-cooperation-multiforme\/"},"wordCount":1562,"commentCount":0,"publisher":{"@id":"https:\/\/www.info-algerie.com\/actualites\/#organization"},"image":{"@id":"https:\/\/www.info-algerie.com\/actualites\/mali-messahel-reaffirme-lengagement-de-lalgerie-a-poursuivre-sa-cooperation-multiforme\/#primaryimage"},"thumbnailUrl":"https:\/\/www.info-algerie.com\/actualites\/wp-content\/uploads\/2017\/10\/b8a97bcbb8fc4eb5ab7ef14567cd4e51_S-1.jpg","keywords":["ONU"],"articleSection":["infos"],"inLanguage":"fr-FR","potentialAction":[{"@type":"CommentAction","name":"Comment","target":["https:\/\/www.info-algerie.com\/actualites\/mali-messahel-reaffirme-lengagement-de-lalgerie-a-poursuivre-sa-cooperation-multiforme\/#respond"]}]},{"@type":"WebPage","@id":"https:\/\/www.info-algerie.com\/actualites\/mali-messahel-reaffirme-lengagement-de-lalgerie-a-poursuivre-sa-cooperation-multiforme\/","url":"https:\/\/www.info-algerie.com\/actualites\/mali-messahel-reaffirme-lengagement-de-lalgerie-a-poursuivre-sa-cooperation-multiforme\/","name":"Mali : Messahel r\u00e9affirme l&#039;engagement de l&#039;Alg\u00e9rie \u00e0 poursuivre sa coop\u00e9ration multiforme - info algerie","isPartOf":{"@id":"https:\/\/www.info-algerie.com\/actualites\/#website"},"primaryImageOfPage":{"@id":"https:\/\/www.info-algerie.com\/actualites\/mali-messahel-reaffirme-lengagement-de-lalgerie-a-poursuivre-sa-cooperation-multiforme\/#primaryimage"},"image":{"@id":"https:\/\/www.info-algerie.com\/actualites\/mali-messahel-reaffirme-lengagement-de-lalgerie-a-poursuivre-sa-cooperation-multiforme\/#primaryimage"},"thumbnailUrl":"https:\/\/www.info-algerie.com\/actualites\/wp-content\/uploads\/2017\/10\/b8a97bcbb8fc4eb5ab7ef14567cd4e51_S-1.jpg","datePublished":"2017-10-14T16:52:06+00:00","breadcrumb":{"@id":"https:\/\/www.info-algerie.com\/actualites\/mali-messahel-reaffirme-lengagement-de-lalgerie-a-poursuivre-sa-cooperation-multiforme\/#breadcrumb"},"inLanguage":"fr-FR","potentialAction":[{"@type":"ReadAction","target":["https:\/\/www.info-algerie.com\/actualites\/mali-messahel-reaffirme-lengagement-de-lalgerie-a-poursuivre-sa-cooperation-multiforme\/"]}]},{"@type":"ImageObject","inLanguage":"fr-FR","@id":"https:\/\/www.info-algerie.com\/actualites\/mali-messahel-reaffirme-lengagement-de-lalgerie-a-poursuivre-sa-cooperation-multiforme\/#primaryimage","url":"https:\/\/www.info-algerie.com\/actualites\/wp-content\/uploads\/2017\/10\/b8a97bcbb8fc4eb5ab7ef14567cd4e51_S-1.jpg","contentUrl":"https:\/\/www.info-algerie.com\/actualites\/wp-content\/uploads\/2017\/10\/b8a97bcbb8fc4eb5ab7ef14567cd4e51_S-1.jpg","width":280,"height":169},{"@type":"BreadcrumbList","@id":"https:\/\/www.info-algerie.com\/actualites\/mali-messahel-reaffirme-lengagement-de-lalgerie-a-poursuivre-sa-cooperation-multiforme\/#breadcrumb","itemListElement":[{"@type":"ListItem","position":1,"name":"Accueil","item":"https:\/\/www.info-algerie.com\/actualites\/"},{"@type":"ListItem","position":2,"name":"Mali : Messahel r\u00e9affirme l&#039;engagement de l&#039;Alg\u00e9rie \u00e0 poursuivre sa coop\u00e9ration multiforme"}]},{"@type":"WebSite","@id":"https:\/\/www.info-algerie.com\/actualites\/#website","url":"https:\/\/www.info-algerie.com\/actualites\/","name":"info algerie","description":"Toutes les actualit\u00e9s","publisher":{"@id":"https:\/\/www.info-algerie.com\/actualites\/#organization"},"potentialAction":[{"@type":"SearchAction","target":{"@type":"EntryPoint","urlTemplate":"https:\/\/www.info-algerie.com\/actualites\/?s={search_term_string}"},"query-input":{"@type":"PropertyValueSpecification","valueRequired":true,"valueName":"search_term_string"}}],"inLanguage":"fr-FR"},{"@type":"Organization","@id":"https:\/\/www.info-algerie.com\/actualites\/#organization","name":"info algerie","url":"https:\/\/www.info-algerie.com\/actualites\/","logo":{"@type":"ImageObject","inLanguage":"fr-FR","@id":"https:\/\/www.info-algerie.com\/actualites\/#\/schema\/logo\/image\/","url":"https:\/\/www.info-algerie.com\/actualites\/wp-content\/uploads\/2022\/07\/logo-ia-120.png","contentUrl":"https:\/\/www.info-algerie.com\/actualites\/wp-content\/uploads\/2022\/07\/logo-ia-120.png","width":120,"height":43,"caption":"info algerie"},"image":{"@id":"https:\/\/www.info-algerie.com\/actualites\/#\/schema\/logo\/image\/"},"sameAs":["https:\/\/www.facebook.com\/infoalgerieactu","https:\/\/x.com\/infoalgerie1"]},{"@type":"Person","@id":"https:\/\/www.info-algerie.com\/actualites\/#\/schema\/person\/847aaec44920825b843a08f30ec6aa1e","name":"La r\u00e9daction","image":{"@type":"ImageObject","inLanguage":"fr-FR","@id":"https:\/\/secure.gravatar.com\/avatar\/769db425c6f465158149f1ffd6cf61ce7a8a879d11dfbef8288af36dfddd418c?s=96&d=mm&r=g","url":"https:\/\/secure.gravatar.com\/avatar\/769db425c6f465158149f1ffd6cf61ce7a8a879d11dfbef8288af36dfddd418c?s=96&d=mm&r=g","contentUrl":"https:\/\/secure.gravatar.com\/avatar\/769db425c6f465158149f1ffd6cf61ce7a8a879d11dfbef8288af36dfddd418c?s=96&d=mm&r=g","caption":"La r\u00e9daction"},"sameAs":["http:\/\/www.lkeria.com\/"],"url":"https:\/\/www.info-algerie.com\/actualites\/author\/chakib32\/"}]}},"_links":{"self":[{"href":"https:\/\/www.info-algerie.com\/actualites\/wp-json\/wp\/v2\/posts\/16880","targetHints":{"allow":["GET"]}}],"collection":[{"href":"https:\/\/www.info-algerie.com\/actualites\/wp-json\/wp\/v2\/posts"}],"about":[{"href":"https:\/\/www.info-algerie.com\/actualites\/wp-json\/wp\/v2\/types\/post"}],"author":[{"embeddable":true,"href":"https:\/\/www.info-algerie.com\/actualites\/wp-json\/wp\/v2\/users\/6"}],"replies":[{"embeddable":true,"href":"https:\/\/www.info-algerie.com\/actualites\/wp-json\/wp\/v2\/comments?post=16880"}],"version-history":[{"count":0,"href":"https:\/\/www.info-algerie.com\/actualites\/wp-json\/wp\/v2\/posts\/16880\/revisions"}],"wp:featuredmedia":[{"embeddable":true,"href":"https:\/\/www.info-algerie.com\/actualites\/wp-json\/wp\/v2\/media\/16881"}],"wp:attachment":[{"href":"https:\/\/www.info-algerie.com\/actualites\/wp-json\/wp\/v2\/media?parent=16880"}],"wp:term":[{"taxonomy":"category","embeddable":true,"href":"https:\/\/www.info-algerie.com\/actualites\/wp-json\/wp\/v2\/categories?post=16880"},{"taxonomy":"post_tag","embeddable":true,"href":"https:\/\/www.info-algerie.com\/actualites\/wp-json\/wp\/v2\/tags?post=16880"}],"curies":[{"name":"wp","href":"https:\/\/api.w.org\/{rel}","templated":true}]}}