{"id":16883,"date":"2017-10-14T16:01:52","date_gmt":"2017-10-14T15:01:52","guid":{"rendered":"http:\/\/www.info-algerie.com\/actualites\/hommage-du-president-malien-au-president-bouteflika-pour-ses-efforts-en-faveur-de-la-paix\/"},"modified":"2017-10-14T16:01:52","modified_gmt":"2017-10-14T15:01:52","slug":"hommage-du-president-malien-au-president-bouteflika-pour-ses-efforts-en-faveur-de-la-paix","status":"publish","type":"post","link":"https:\/\/www.info-algerie.com\/actualites\/hommage-du-president-malien-au-president-bouteflika-pour-ses-efforts-en-faveur-de-la-paix\/","title":{"rendered":"Hommage du pr\u00e9sident malien au pr\u00e9sident Bouteflika pour ses efforts en faveur de la paix"},"content":{"rendered":"<div class=\"K2FeedImage\"><img decoding=\"async\" src=\"https:\/\/www.info-algerie.com\/actualites\/wp-content\/uploads\/2017\/10\/98788035b64abc17484362478cdee57f_S.jpg\" alt=\"Hommage du pr&#xE9;sident malien au pr&#xE9;sident Bouteflika pour ses efforts en faveur de la paix\" \/><\/div>\n<div class=\"K2FeedIntroText\">\n<p><strong>ALGER &#8211; Le pr\u00e9sident malien, Ibrahim Boubakar Ke\u00efta, a rendu, samedi \u00e0 Bamako, \u00e0 l&rsquo;ouverture des travaux de la Conf\u00e9rence r\u00e9gionale sur la situation s\u00e9curitaire dans le Sahel et en Afrique de l&rsquo;Ouest, un vibrant hommage \u00e0 l&rsquo;Alg\u00e9rie et au pr\u00e9sident de la R\u00e9publique, Abdelaziz Bouteflika, pour ses \u00ab\u00a0efforts et son engagement personnels\u00a0\u00bb en vue d&rsquo;accompagner les Maliens pour sortir de la crise et retrouver la s\u00e9curit\u00e9 et la stabilit\u00e9 du pays, indique un communiqu\u00e9 du minist\u00e8re des Affaires \u00e9trang\u00e8res.<\/strong><\/p>\n<p>&#013;\n<\/p><\/div>\n<div class=\"K2FeedFullText\">&#013;<\/p>\n<p>Les travaux de la Conf\u00e9rence r\u00e9gionale sur la situation s\u00e9curitaire dans le Sahel et en Afrique de l&rsquo;Ouest, organis\u00e9e par la CEDEAO, en \u00e9troite collaboration avec l&rsquo;Union africaine (UA) et les Nations unies, ont \u00e9t\u00e9 ouverts par le pr\u00e9sident malien, qui a rendu \u00ab\u00a0un vibrant hommage \u00e0 l&rsquo;Alg\u00e9rie et au Pr\u00e9sident de la R\u00e9publique Monsieur Abdelaziz Bouteflika, pour ses efforts et son engagement personnels en vue d\u2019accompagner les maliens pour sortir de la crise et retrouver la s\u00e9curit\u00e9 et la stabilit\u00e9 du pays\u00a0\u00bb, pr\u00e9cise le communiqu\u00e9.<\/p>\n<p>&#013;<\/p>\n<hr \/>\n<h3>Lire aussi : <a href=\"http:\/\/www.aps.dz\/economie\/56962-cedeao-l-algerie-a-des-capacites-economiques-pour-relancer-le-developpement-en-afrique\" target=\"_blank\">CEDEAO: l&rsquo;Alg\u00e9rie a des capacit\u00e9s \u00e9conomiques pour relancer le d\u00e9veloppement en Afrique<\/a><\/h3>\n<p>&#013;<\/p>\n<hr \/>\n<p>La c\u00e9r\u00e9monie d&rsquo;ouverture a \u00e9t\u00e9 marqu\u00e9e par la pr\u00e9sence du pr\u00e9sident togolais, Faure Gnassingb\u00e9, pr\u00e9sident en exercice de la CEDEAO, de l&rsquo;ancien pr\u00e9sident burundais, Pierre Buyoya, Haut repr\u00e9sentant de l&rsquo;UA pour le Sahel, ainsi que du Repr\u00e9sentant sp\u00e9cial du secr\u00e9taire g\u00e9n\u00e9ral de l&rsquo;ONU au Mali et chef de la MINUSMA, Mahamat Salah Annadif, ajoute la m\u00eame source.\u00a0<\/p>\n<p>&#013;<\/p>\n<p>La Conf\u00e9rence a, en outre, enregistr\u00e9 la participation de nombreux ministres des Affaires \u00e9trang\u00e8res de l&rsquo;espace de la CEDEAO, des membres du gouvernement malien, et d&rsquo;autres hauts responsables d&rsquo;organisations r\u00e9gionales et internationales.<\/p>\n<\/div>\n<p>&#013;<br \/>\nSource: <a href=\"http:\/\/www.aps.dz\/algerie\/63956-hommage-du-president-malien-au-president-bouteflika-pour-ses-efforts-en-faveur-de-la-paix\" target=\"_blank\">Hommage du pr\u00e9sident malien au pr\u00e9sident Bouteflika pour ses efforts en faveur de la paix<\/a><\/p>\n<!--CusAds0-->\n<div style=\"font-size: 0px; height: 0px; line-height: 0px; margin: 0; padding: 0; clear: both;\"><\/div>","protected":false},"excerpt":{"rendered":"<p>ALGER &#8211; Le pr\u00e9sident malien, Ibrahim Boubakar Ke\u00efta, a rendu, samedi \u00e0 Bamako, \u00e0 l&rsquo;ouverture des travaux de la Conf\u00e9rence r\u00e9gionale sur la situation s\u00e9curitaire dans le Sahel et en Afrique de l&rsquo;Ouest, un vibrant hommage \u00e0 l&rsquo;Alg\u00e9rie et au pr\u00e9sident de la R\u00e9publique, Abdelaziz Bouteflika, pour ses \u00ab\u00a0efforts et son engagement personnels\u00a0\u00bb en vue<\/p>\n","protected":false},"author":6,"featured_media":16884,"comment_status":"open","ping_status":"open","sticky":false,"template":"","format":"standard","meta":{"footnotes":""},"categories":[22],"tags":[93],"class_list":["post-16883","post","type-post","status-publish","format-standard","has-post-thumbnail","hentry","category-infos","tag-onu"],"yoast_head":"<!-- This site is optimized with the Yoast SEO plugin v27.5 - https:\/\/yoast.com\/product\/yoast-seo-wordpress\/ -->\n<title>Hommage du pr\u00e9sident malien au pr\u00e9sident Bouteflika pour ses efforts en faveur de la paix - info algerie<\/title>\n<meta name=\"robots\" content=\"index, follow, max-snippet:-1, max-image-preview:large, max-video-preview:-1\" \/>\n<link rel=\"canonical\" href=\"https:\/\/www.info-algerie.com\/actualites\/hommage-du-president-malien-au-president-bouteflika-pour-ses-efforts-en-faveur-de-la-paix\/\" \/>\n<meta property=\"og:locale\" content=\"fr_FR\" \/>\n<meta property=\"og:type\" content=\"article\" \/>\n<meta property=\"og:title\" content=\"Hommage du pr\u00e9sident malien au pr\u00e9sident Bouteflika pour ses efforts en faveur de la paix - info algerie\" \/>\n<meta property=\"og:description\" content=\"ALGER &#8211; Le pr\u00e9sident malien, Ibrahim Boubakar Ke\u00efta, a rendu, samedi \u00e0 Bamako, \u00e0 l&rsquo;ouverture des travaux de la Conf\u00e9rence r\u00e9gionale sur la situation s\u00e9curitaire dans le Sahel et en Afrique de l&rsquo;Ouest, un vibrant hommage \u00e0 l&rsquo;Alg\u00e9rie et au pr\u00e9sident de la R\u00e9publique, Abdelaziz Bouteflika, pour ses \u00ab\u00a0efforts et son engagement personnels\u00a0\u00bb en vue\" \/>\n<meta property=\"og:url\" content=\"https:\/\/www.info-algerie.com\/actualites\/hommage-du-president-malien-au-president-bouteflika-pour-ses-efforts-en-faveur-de-la-paix\/\" \/>\n<meta property=\"og:site_name\" content=\"info algerie\" \/>\n<meta property=\"article:publisher\" content=\"https:\/\/www.facebook.com\/infoalgerieactu\" \/>\n<meta property=\"article:published_time\" content=\"2017-10-14T15:01:52+00:00\" \/>\n<meta property=\"og:image\" content=\"https:\/\/www.info-algerie.com\/actualites\/wp-content\/uploads\/2017\/10\/98788035b64abc17484362478cdee57f_S-1.jpg\" \/>\n\t<meta property=\"og:image:width\" content=\"280\" \/>\n\t<meta property=\"og:image:height\" content=\"169\" \/>\n\t<meta property=\"og:image:type\" content=\"image\/jpeg\" \/>\n<meta name=\"author\" content=\"La r\u00e9daction\" \/>\n<meta name=\"twitter:label1\" content=\"\u00c9crit par\" \/>\n\t<meta name=\"twitter:data1\" content=\"La r\u00e9daction\" \/>\n\t<meta name=\"twitter:label2\" content=\"Dur\u00e9e de lecture estim\u00e9e\" \/>\n\t<meta name=\"twitter:data2\" content=\"2 minutes\" \/>\n<script type=\"application\/ld+json\" class=\"yoast-schema-graph\">{\"@context\":\"https:\\\/\\\/schema.org\",\"@graph\":[{\"@type\":\"Article\",\"@id\":\"https:\\\/\\\/www.info-algerie.com\\\/actualites\\\/hommage-du-president-malien-au-president-bouteflika-pour-ses-efforts-en-faveur-de-la-paix\\\/#article\",\"isPartOf\":{\"@id\":\"https:\\\/\\\/www.info-algerie.com\\\/actualites\\\/hommage-du-president-malien-au-president-bouteflika-pour-ses-efforts-en-faveur-de-la-paix\\\/\"},\"author\":{\"name\":\"La r\u00e9daction\",\"@id\":\"https:\\\/\\\/www.info-algerie.com\\\/actualites\\\/#\\\/schema\\\/person\\\/847aaec44920825b843a08f30ec6aa1e\"},\"headline\":\"Hommage du pr\u00e9sident malien au pr\u00e9sident Bouteflika pour ses efforts en faveur de la paix\",\"datePublished\":\"2017-10-14T15:01:52+00:00\",\"mainEntityOfPage\":{\"@id\":\"https:\\\/\\\/www.info-algerie.com\\\/actualites\\\/hommage-du-president-malien-au-president-bouteflika-pour-ses-efforts-en-faveur-de-la-paix\\\/\"},\"wordCount\":357,\"commentCount\":0,\"publisher\":{\"@id\":\"https:\\\/\\\/www.info-algerie.com\\\/actualites\\\/#organization\"},\"image\":{\"@id\":\"https:\\\/\\\/www.info-algerie.com\\\/actualites\\\/hommage-du-president-malien-au-president-bouteflika-pour-ses-efforts-en-faveur-de-la-paix\\\/#primaryimage\"},\"thumbnailUrl\":\"https:\\\/\\\/www.info-algerie.com\\\/actualites\\\/wp-content\\\/uploads\\\/2017\\\/10\\\/98788035b64abc17484362478cdee57f_S-1.jpg\",\"keywords\":[\"ONU\"],\"articleSection\":[\"infos\"],\"inLanguage\":\"fr-FR\",\"potentialAction\":[{\"@type\":\"CommentAction\",\"name\":\"Comment\",\"target\":[\"https:\\\/\\\/www.info-algerie.com\\\/actualites\\\/hommage-du-president-malien-au-president-bouteflika-pour-ses-efforts-en-faveur-de-la-paix\\\/#respond\"]}]},{\"@type\":\"WebPage\",\"@id\":\"https:\\\/\\\/www.info-algerie.com\\\/actualites\\\/hommage-du-president-malien-au-president-bouteflika-pour-ses-efforts-en-faveur-de-la-paix\\\/\",\"url\":\"https:\\\/\\\/www.info-algerie.com\\\/actualites\\\/hommage-du-president-malien-au-president-bouteflika-pour-ses-efforts-en-faveur-de-la-paix\\\/\",\"name\":\"Hommage du pr\u00e9sident malien au pr\u00e9sident Bouteflika pour ses efforts en faveur de la paix - info algerie\",\"isPartOf\":{\"@id\":\"https:\\\/\\\/www.info-algerie.com\\\/actualites\\\/#website\"},\"primaryImageOfPage\":{\"@id\":\"https:\\\/\\\/www.info-algerie.com\\\/actualites\\\/hommage-du-president-malien-au-president-bouteflika-pour-ses-efforts-en-faveur-de-la-paix\\\/#primaryimage\"},\"image\":{\"@id\":\"https:\\\/\\\/www.info-algerie.com\\\/actualites\\\/hommage-du-president-malien-au-president-bouteflika-pour-ses-efforts-en-faveur-de-la-paix\\\/#primaryimage\"},\"thumbnailUrl\":\"https:\\\/\\\/www.info-algerie.com\\\/actualites\\\/wp-content\\\/uploads\\\/2017\\\/10\\\/98788035b64abc17484362478cdee57f_S-1.jpg\",\"datePublished\":\"2017-10-14T15:01:52+00:00\",\"breadcrumb\":{\"@id\":\"https:\\\/\\\/www.info-algerie.com\\\/actualites\\\/hommage-du-president-malien-au-president-bouteflika-pour-ses-efforts-en-faveur-de-la-paix\\\/#breadcrumb\"},\"inLanguage\":\"fr-FR\",\"potentialAction\":[{\"@type\":\"ReadAction\",\"target\":[\"https:\\\/\\\/www.info-algerie.com\\\/actualites\\\/hommage-du-president-malien-au-president-bouteflika-pour-ses-efforts-en-faveur-de-la-paix\\\/\"]}]},{\"@type\":\"ImageObject\",\"inLanguage\":\"fr-FR\",\"@id\":\"https:\\\/\\\/www.info-algerie.com\\\/actualites\\\/hommage-du-president-malien-au-president-bouteflika-pour-ses-efforts-en-faveur-de-la-paix\\\/#primaryimage\",\"url\":\"https:\\\/\\\/www.info-algerie.com\\\/actualites\\\/wp-content\\\/uploads\\\/2017\\\/10\\\/98788035b64abc17484362478cdee57f_S-1.jpg\",\"contentUrl\":\"https:\\\/\\\/www.info-algerie.com\\\/actualites\\\/wp-content\\\/uploads\\\/2017\\\/10\\\/98788035b64abc17484362478cdee57f_S-1.jpg\",\"width\":280,\"height\":169},{\"@type\":\"BreadcrumbList\",\"@id\":\"https:\\\/\\\/www.info-algerie.com\\\/actualites\\\/hommage-du-president-malien-au-president-bouteflika-pour-ses-efforts-en-faveur-de-la-paix\\\/#breadcrumb\",\"itemListElement\":[{\"@type\":\"ListItem\",\"position\":1,\"name\":\"Accueil\",\"item\":\"https:\\\/\\\/www.info-algerie.com\\\/actualites\\\/\"},{\"@type\":\"ListItem\",\"position\":2,\"name\":\"Hommage du pr\u00e9sident malien au pr\u00e9sident Bouteflika pour ses efforts en faveur de la paix\"}]},{\"@type\":\"WebSite\",\"@id\":\"https:\\\/\\\/www.info-algerie.com\\\/actualites\\\/#website\",\"url\":\"https:\\\/\\\/www.info-algerie.com\\\/actualites\\\/\",\"name\":\"info algerie\",\"description\":\"Toutes les actualit\u00e9s\",\"publisher\":{\"@id\":\"https:\\\/\\\/www.info-algerie.com\\\/actualites\\\/#organization\"},\"potentialAction\":[{\"@type\":\"SearchAction\",\"target\":{\"@type\":\"EntryPoint\",\"urlTemplate\":\"https:\\\/\\\/www.info-algerie.com\\\/actualites\\\/?s={search_term_string}\"},\"query-input\":{\"@type\":\"PropertyValueSpecification\",\"valueRequired\":true,\"valueName\":\"search_term_string\"}}],\"inLanguage\":\"fr-FR\"},{\"@type\":\"Organization\",\"@id\":\"https:\\\/\\\/www.info-algerie.com\\\/actualites\\\/#organization\",\"name\":\"info algerie\",\"url\":\"https:\\\/\\\/www.info-algerie.com\\\/actualites\\\/\",\"logo\":{\"@type\":\"ImageObject\",\"inLanguage\":\"fr-FR\",\"@id\":\"https:\\\/\\\/www.info-algerie.com\\\/actualites\\\/#\\\/schema\\\/logo\\\/image\\\/\",\"url\":\"https:\\\/\\\/www.info-algerie.com\\\/actualites\\\/wp-content\\\/uploads\\\/2022\\\/07\\\/logo-ia-120.png\",\"contentUrl\":\"https:\\\/\\\/www.info-algerie.com\\\/actualites\\\/wp-content\\\/uploads\\\/2022\\\/07\\\/logo-ia-120.png\",\"width\":120,\"height\":43,\"caption\":\"info algerie\"},\"image\":{\"@id\":\"https:\\\/\\\/www.info-algerie.com\\\/actualites\\\/#\\\/schema\\\/logo\\\/image\\\/\"},\"sameAs\":[\"https:\\\/\\\/www.facebook.com\\\/infoalgerieactu\",\"https:\\\/\\\/x.com\\\/infoalgerie1\"]},{\"@type\":\"Person\",\"@id\":\"https:\\\/\\\/www.info-algerie.com\\\/actualites\\\/#\\\/schema\\\/person\\\/847aaec44920825b843a08f30ec6aa1e\",\"name\":\"La r\u00e9daction\",\"image\":{\"@type\":\"ImageObject\",\"inLanguage\":\"fr-FR\",\"@id\":\"https:\\\/\\\/secure.gravatar.com\\\/avatar\\\/769db425c6f465158149f1ffd6cf61ce7a8a879d11dfbef8288af36dfddd418c?s=96&d=mm&r=g\",\"url\":\"https:\\\/\\\/secure.gravatar.com\\\/avatar\\\/769db425c6f465158149f1ffd6cf61ce7a8a879d11dfbef8288af36dfddd418c?s=96&d=mm&r=g\",\"contentUrl\":\"https:\\\/\\\/secure.gravatar.com\\\/avatar\\\/769db425c6f465158149f1ffd6cf61ce7a8a879d11dfbef8288af36dfddd418c?s=96&d=mm&r=g\",\"caption\":\"La r\u00e9daction\"},\"sameAs\":[\"http:\\\/\\\/www.lkeria.com\\\/\"],\"url\":\"https:\\\/\\\/www.info-algerie.com\\\/actualites\\\/author\\\/chakib32\\\/\"}]}<\/script>\n<!-- \/ Yoast SEO plugin. -->","yoast_head_json":{"title":"Hommage du pr\u00e9sident malien au pr\u00e9sident Bouteflika pour ses efforts en faveur de la paix - info algerie","robots":{"index":"index","follow":"follow","max-snippet":"max-snippet:-1","max-image-preview":"max-image-preview:large","max-video-preview":"max-video-preview:-1"},"canonical":"https:\/\/www.info-algerie.com\/actualites\/hommage-du-president-malien-au-president-bouteflika-pour-ses-efforts-en-faveur-de-la-paix\/","og_locale":"fr_FR","og_type":"article","og_title":"Hommage du pr\u00e9sident malien au pr\u00e9sident Bouteflika pour ses efforts en faveur de la paix - info algerie","og_description":"ALGER &#8211; Le pr\u00e9sident malien, Ibrahim Boubakar Ke\u00efta, a rendu, samedi \u00e0 Bamako, \u00e0 l&rsquo;ouverture des travaux de la Conf\u00e9rence r\u00e9gionale sur la situation s\u00e9curitaire dans le Sahel et en Afrique de l&rsquo;Ouest, un vibrant hommage \u00e0 l&rsquo;Alg\u00e9rie et au pr\u00e9sident de la R\u00e9publique, Abdelaziz Bouteflika, pour ses \u00ab\u00a0efforts et son engagement personnels\u00a0\u00bb en vue","og_url":"https:\/\/www.info-algerie.com\/actualites\/hommage-du-president-malien-au-president-bouteflika-pour-ses-efforts-en-faveur-de-la-paix\/","og_site_name":"info algerie","article_publisher":"https:\/\/www.facebook.com\/infoalgerieactu","article_published_time":"2017-10-14T15:01:52+00:00","og_image":[{"width":280,"height":169,"url":"https:\/\/www.info-algerie.com\/actualites\/wp-content\/uploads\/2017\/10\/98788035b64abc17484362478cdee57f_S-1.jpg","type":"image\/jpeg"}],"author":"La r\u00e9daction","twitter_misc":{"\u00c9crit par":"La r\u00e9daction","Dur\u00e9e de lecture estim\u00e9e":"2 minutes"},"schema":{"@context":"https:\/\/schema.org","@graph":[{"@type":"Article","@id":"https:\/\/www.info-algerie.com\/actualites\/hommage-du-president-malien-au-president-bouteflika-pour-ses-efforts-en-faveur-de-la-paix\/#article","isPartOf":{"@id":"https:\/\/www.info-algerie.com\/actualites\/hommage-du-president-malien-au-president-bouteflika-pour-ses-efforts-en-faveur-de-la-paix\/"},"author":{"name":"La r\u00e9daction","@id":"https:\/\/www.info-algerie.com\/actualites\/#\/schema\/person\/847aaec44920825b843a08f30ec6aa1e"},"headline":"Hommage du pr\u00e9sident malien au pr\u00e9sident Bouteflika pour ses efforts en faveur de la paix","datePublished":"2017-10-14T15:01:52+00:00","mainEntityOfPage":{"@id":"https:\/\/www.info-algerie.com\/actualites\/hommage-du-president-malien-au-president-bouteflika-pour-ses-efforts-en-faveur-de-la-paix\/"},"wordCount":357,"commentCount":0,"publisher":{"@id":"https:\/\/www.info-algerie.com\/actualites\/#organization"},"image":{"@id":"https:\/\/www.info-algerie.com\/actualites\/hommage-du-president-malien-au-president-bouteflika-pour-ses-efforts-en-faveur-de-la-paix\/#primaryimage"},"thumbnailUrl":"https:\/\/www.info-algerie.com\/actualites\/wp-content\/uploads\/2017\/10\/98788035b64abc17484362478cdee57f_S-1.jpg","keywords":["ONU"],"articleSection":["infos"],"inLanguage":"fr-FR","potentialAction":[{"@type":"CommentAction","name":"Comment","target":["https:\/\/www.info-algerie.com\/actualites\/hommage-du-president-malien-au-president-bouteflika-pour-ses-efforts-en-faveur-de-la-paix\/#respond"]}]},{"@type":"WebPage","@id":"https:\/\/www.info-algerie.com\/actualites\/hommage-du-president-malien-au-president-bouteflika-pour-ses-efforts-en-faveur-de-la-paix\/","url":"https:\/\/www.info-algerie.com\/actualites\/hommage-du-president-malien-au-president-bouteflika-pour-ses-efforts-en-faveur-de-la-paix\/","name":"Hommage du pr\u00e9sident malien au pr\u00e9sident Bouteflika pour ses efforts en faveur de la paix - info algerie","isPartOf":{"@id":"https:\/\/www.info-algerie.com\/actualites\/#website"},"primaryImageOfPage":{"@id":"https:\/\/www.info-algerie.com\/actualites\/hommage-du-president-malien-au-president-bouteflika-pour-ses-efforts-en-faveur-de-la-paix\/#primaryimage"},"image":{"@id":"https:\/\/www.info-algerie.com\/actualites\/hommage-du-president-malien-au-president-bouteflika-pour-ses-efforts-en-faveur-de-la-paix\/#primaryimage"},"thumbnailUrl":"https:\/\/www.info-algerie.com\/actualites\/wp-content\/uploads\/2017\/10\/98788035b64abc17484362478cdee57f_S-1.jpg","datePublished":"2017-10-14T15:01:52+00:00","breadcrumb":{"@id":"https:\/\/www.info-algerie.com\/actualites\/hommage-du-president-malien-au-president-bouteflika-pour-ses-efforts-en-faveur-de-la-paix\/#breadcrumb"},"inLanguage":"fr-FR","potentialAction":[{"@type":"ReadAction","target":["https:\/\/www.info-algerie.com\/actualites\/hommage-du-president-malien-au-president-bouteflika-pour-ses-efforts-en-faveur-de-la-paix\/"]}]},{"@type":"ImageObject","inLanguage":"fr-FR","@id":"https:\/\/www.info-algerie.com\/actualites\/hommage-du-president-malien-au-president-bouteflika-pour-ses-efforts-en-faveur-de-la-paix\/#primaryimage","url":"https:\/\/www.info-algerie.com\/actualites\/wp-content\/uploads\/2017\/10\/98788035b64abc17484362478cdee57f_S-1.jpg","contentUrl":"https:\/\/www.info-algerie.com\/actualites\/wp-content\/uploads\/2017\/10\/98788035b64abc17484362478cdee57f_S-1.jpg","width":280,"height":169},{"@type":"BreadcrumbList","@id":"https:\/\/www.info-algerie.com\/actualites\/hommage-du-president-malien-au-president-bouteflika-pour-ses-efforts-en-faveur-de-la-paix\/#breadcrumb","itemListElement":[{"@type":"ListItem","position":1,"name":"Accueil","item":"https:\/\/www.info-algerie.com\/actualites\/"},{"@type":"ListItem","position":2,"name":"Hommage du pr\u00e9sident malien au pr\u00e9sident Bouteflika pour ses efforts en faveur de la paix"}]},{"@type":"WebSite","@id":"https:\/\/www.info-algerie.com\/actualites\/#website","url":"https:\/\/www.info-algerie.com\/actualites\/","name":"info algerie","description":"Toutes les actualit\u00e9s","publisher":{"@id":"https:\/\/www.info-algerie.com\/actualites\/#organization"},"potentialAction":[{"@type":"SearchAction","target":{"@type":"EntryPoint","urlTemplate":"https:\/\/www.info-algerie.com\/actualites\/?s={search_term_string}"},"query-input":{"@type":"PropertyValueSpecification","valueRequired":true,"valueName":"search_term_string"}}],"inLanguage":"fr-FR"},{"@type":"Organization","@id":"https:\/\/www.info-algerie.com\/actualites\/#organization","name":"info algerie","url":"https:\/\/www.info-algerie.com\/actualites\/","logo":{"@type":"ImageObject","inLanguage":"fr-FR","@id":"https:\/\/www.info-algerie.com\/actualites\/#\/schema\/logo\/image\/","url":"https:\/\/www.info-algerie.com\/actualites\/wp-content\/uploads\/2022\/07\/logo-ia-120.png","contentUrl":"https:\/\/www.info-algerie.com\/actualites\/wp-content\/uploads\/2022\/07\/logo-ia-120.png","width":120,"height":43,"caption":"info algerie"},"image":{"@id":"https:\/\/www.info-algerie.com\/actualites\/#\/schema\/logo\/image\/"},"sameAs":["https:\/\/www.facebook.com\/infoalgerieactu","https:\/\/x.com\/infoalgerie1"]},{"@type":"Person","@id":"https:\/\/www.info-algerie.com\/actualites\/#\/schema\/person\/847aaec44920825b843a08f30ec6aa1e","name":"La r\u00e9daction","image":{"@type":"ImageObject","inLanguage":"fr-FR","@id":"https:\/\/secure.gravatar.com\/avatar\/769db425c6f465158149f1ffd6cf61ce7a8a879d11dfbef8288af36dfddd418c?s=96&d=mm&r=g","url":"https:\/\/secure.gravatar.com\/avatar\/769db425c6f465158149f1ffd6cf61ce7a8a879d11dfbef8288af36dfddd418c?s=96&d=mm&r=g","contentUrl":"https:\/\/secure.gravatar.com\/avatar\/769db425c6f465158149f1ffd6cf61ce7a8a879d11dfbef8288af36dfddd418c?s=96&d=mm&r=g","caption":"La r\u00e9daction"},"sameAs":["http:\/\/www.lkeria.com\/"],"url":"https:\/\/www.info-algerie.com\/actualites\/author\/chakib32\/"}]}},"_links":{"self":[{"href":"https:\/\/www.info-algerie.com\/actualites\/wp-json\/wp\/v2\/posts\/16883","targetHints":{"allow":["GET"]}}],"collection":[{"href":"https:\/\/www.info-algerie.com\/actualites\/wp-json\/wp\/v2\/posts"}],"about":[{"href":"https:\/\/www.info-algerie.com\/actualites\/wp-json\/wp\/v2\/types\/post"}],"author":[{"embeddable":true,"href":"https:\/\/www.info-algerie.com\/actualites\/wp-json\/wp\/v2\/users\/6"}],"replies":[{"embeddable":true,"href":"https:\/\/www.info-algerie.com\/actualites\/wp-json\/wp\/v2\/comments?post=16883"}],"version-history":[{"count":0,"href":"https:\/\/www.info-algerie.com\/actualites\/wp-json\/wp\/v2\/posts\/16883\/revisions"}],"wp:featuredmedia":[{"embeddable":true,"href":"https:\/\/www.info-algerie.com\/actualites\/wp-json\/wp\/v2\/media\/16884"}],"wp:attachment":[{"href":"https:\/\/www.info-algerie.com\/actualites\/wp-json\/wp\/v2\/media?parent=16883"}],"wp:term":[{"taxonomy":"category","embeddable":true,"href":"https:\/\/www.info-algerie.com\/actualites\/wp-json\/wp\/v2\/categories?post=16883"},{"taxonomy":"post_tag","embeddable":true,"href":"https:\/\/www.info-algerie.com\/actualites\/wp-json\/wp\/v2\/tags?post=16883"}],"curies":[{"name":"wp","href":"https:\/\/api.w.org\/{rel}","templated":true}]}}