{"id":16889,"date":"2017-10-14T19:10:27","date_gmt":"2017-10-14T18:10:27","guid":{"rendered":"http:\/\/www.info-algerie.com\/actualites\/garantir-la-securite-des-imams-et-des-lieux-de-culte-une-preoccupation-nationale-ministre\/"},"modified":"2017-10-14T19:10:27","modified_gmt":"2017-10-14T18:10:27","slug":"garantir-la-securite-des-imams-et-des-lieux-de-culte-une-preoccupation-nationale-ministre","status":"publish","type":"post","link":"https:\/\/www.info-algerie.com\/actualites\/garantir-la-securite-des-imams-et-des-lieux-de-culte-une-preoccupation-nationale-ministre\/","title":{"rendered":"Garantir la s\u00e9curit\u00e9 des imams et des lieux de culte, une pr\u00e9occupation nationale (ministre)"},"content":{"rendered":"<div class=\"K2FeedImage\"><img decoding=\"async\" src=\"https:\/\/www.info-algerie.com\/actualites\/wp-content\/uploads\/2017\/10\/563d65056ffe49ff148218b806df15c3_S.jpg\" alt=\"Garantir la s&#xE9;curit&#xE9; des imams et des lieux de culte, une pr&#xE9;occupation nationale (ministre)\" \/><\/div>\n<div class=\"K2FeedIntroText\">\n<p class=\"MsoNormal\"><strong><span lang=\"EN-GB\">GUELMA-Le ministre des Affaires religieuses et des Wakfs, Mohamed A\u00efssa, a affirm\u00e9 samedi \u00e0 Guelma que garantir la s\u00e9curit\u00e9 des imams et des lieux de culte \u00e9tait une \u00ab\u00a0pr\u00e9occupation nationale inscrite dans le programme d&rsquo;action du gouvernement\u00a0\u00bb.<\/span><\/strong><\/p>\n<p>&#013;\n<\/p><\/div>\n<div class=\"K2FeedFullText\">&#013;<\/p>\n<p class=\"MsoNormal\"><span lang=\"EN-GB\">S&rsquo;exprimant \u00e0 l&rsquo;ouverture d&rsquo;une conf\u00e9rence nationale des cadres des affaires religieuses au centre culturel islamique, Moubarek Boulouh, le ministre a assur\u00e9 que \u00ab\u00a0le gouvernement d\u00e9fend l&rsquo;imam avec l&rsquo;ensemble de ses institutions\u00a0\u00bb. <\/span><\/p>\n<p>&#013;<\/p>\n<p class=\"MsoNormal\"><span lang=\"EN-GB\">Il a soulign\u00e9 que l&rsquo;Etat a adopt\u00e9 dans son plan d&rsquo;action la question de la protection des imams et des lieux de culte \u00e9tant convaincu, a-t-il ajout\u00e9, de l&rsquo;existence d&rsquo;une manoeuvre, dont les signes se sont accentu\u00e9s depuis mai 2017, visant \u00e0 saper le moral des imams et des cadres du secteur, leur rappelant la terreur des ann\u00e9es 1990 durant lesquelles les imams \u00e9taient tu\u00e9es dans les mosqu\u00e9es. <\/span><\/p>\n<p>&#013;<\/p>\n<p class=\"MsoNormal\"><span lang=\"EN-GB\">M. A\u00efssa a exhort\u00e9 les imams \u00e0 ne plus avoir peur \u00e0 partir de maintenant, affirmant que les institutions de l&rsquo;Etat et les services du minist\u00e8re ne se contenteront pas de se constituer partie civile contre ceux qui veulent terroriser l&rsquo;imam, mais des poursuites seront engag\u00e9es si un imam se fait agresser. <\/span><\/p>\n<p>&#013;<\/p>\n<p class=\"MsoNormal\"><span lang=\"EN-GB\">Il a \u00e9galement appel\u00e9 \u00e0 la prise en charge des pr\u00e9occupations socioprofessionnelles quotidiennes des imams, exprim\u00e9es soit individuellement soit par le biais du partenaire social, la coordination nationale des imams et travailleurs des affaires religieuses en<span>\u00a0 <\/span>l&rsquo;occurrence, invitant en outre les responsables de l&rsquo;ex\u00e9cutif de la wilaya<span>\u00a0 <\/span>\u00e0 contribuer \u00e0 la r\u00e9solution des probl\u00e8mes exprim\u00e9s par les imams. <\/span><\/p>\n<p>&#013;<\/p>\n<p class=\"MsoNormal\"><span lang=\"EN-GB\">Apr\u00e8s avoir rappel\u00e9 les sacrifices consentis par les imams aux c\u00f4t\u00e9s des services de s\u00e9curit\u00e9 et de l&rsquo;Arm\u00e9e nationale populaire (ANP) durant la trag\u00e9die nationale des ann\u00e9es 1990, qui a fait 100 victimes parmi les imams, le ministre a mis l&rsquo;accent sur \u00ab\u00a0la grande\u00a0\u00bb responsabilit\u00e9 qui incombe aux cadres et travailleurs de son d\u00e9partement dans la pr\u00e9servation de la s\u00e9curit\u00e9 du pays face \u00e0 plus de 100 sectes qui tentent, selon lui, de diviser les Alg\u00e9riens. <\/span><\/p>\n<p>&#013;<\/p>\n<p class=\"MsoNormal\"><span lang=\"EN-GB\">Relevant que le secteur compte une importante richesse, le ministre a rappel\u00e9, au cours d&rsquo;une conf\u00e9rence de presse anim\u00e9e \u00e0 l&rsquo;occasion, l&rsquo;intention de son d\u00e9partement d&rsquo;engager une nouvelle politique de valorisation des biens wakfs, en \u00e9largissant les pr\u00e9rogatives des directeurs de wilayas des affaires religieuses en mati\u00e8re de gestion et de valorisation de ces biens, annon\u00e7ant que la wilaya de Guelma sera une wilaya \u00ab\u00a0pilote\u00a0\u00bb pour la mise en oeuvre de cette nouvelle d\u00e9marche. <\/span><\/p>\n<p>&#013;<\/p>\n<blockquote><p>&#013;<\/p>\n<p class=\"MsoNormal\"><em><strong><span lang=\"EN-GB\">M. A\u00efssa a \u00e9galement annonc\u00e9 la cr\u00e9ation officielle d&rsquo;une instance de l&rsquo;Ifta et d&rsquo;un Observatoire national de lutte contre l&rsquo;extr\u00e9misme sectaire \u00ab\u00a0courant d\u00e9cembre 2017\u00a0\u00bb qui entamera ses activit\u00e9s \u00ab\u00a0d\u00e9but 2018\u00a0\u00bb.<\/span><\/strong><\/em><\/p>\n<p>&#013;\n<\/p><\/blockquote>\n<p>&#013;<\/p>\n<p class=\"MsoNormal\"><span lang=\"EN-GB\">Le ministre a, par ailleurs, proc\u00e9d\u00e9 \u00e0 la pose de la premi\u00e8re pierre d&rsquo;une \u00e9cole coranique avec internat \u00e0 la mosqu\u00e9e \u00ab\u00a0Safa oua el marwa\u00a0\u00bb dans la commune de Bouchegouf et a visit\u00e9 la mosqu\u00e9e El Houda, au chef-lieu de wilaya.<\/span><\/p>\n<\/div>\n<p>&#013;<br \/>\nSource: <a href=\"http:\/\/www.aps.dz\/algerie\/63965-garantir-la-securite-des-imams-et-des-lieux-de-culte-une-preoccupation-nationale-ministre\" target=\"_blank\">Garantir la s\u00e9curit\u00e9 des imams et des lieux de culte, une pr\u00e9occupation nationale (ministre)<\/a><\/p>\n<!--CusAds0-->\n<div style=\"font-size: 0px; height: 0px; line-height: 0px; margin: 0; padding: 0; clear: both;\"><\/div>","protected":false},"excerpt":{"rendered":"<p>GUELMA-Le ministre des Affaires religieuses et des Wakfs, Mohamed A\u00efssa, a affirm\u00e9 samedi \u00e0 Guelma que garantir la s\u00e9curit\u00e9 des imams et des lieux de culte \u00e9tait une \u00ab\u00a0pr\u00e9occupation nationale inscrite dans le programme d&rsquo;action du gouvernement\u00a0\u00bb. &#013; &#013; S&rsquo;exprimant \u00e0 l&rsquo;ouverture d&rsquo;une conf\u00e9rence nationale des cadres des affaires religieuses au centre culturel islamique, Moubarek<\/p>\n","protected":false},"author":6,"featured_media":16890,"comment_status":"open","ping_status":"open","sticky":false,"template":"","format":"standard","meta":{"footnotes":""},"categories":[22],"tags":[93],"class_list":["post-16889","post","type-post","status-publish","format-standard","has-post-thumbnail","hentry","category-infos","tag-onu"],"yoast_head":"<!-- This site is optimized with the Yoast SEO plugin v27.5 - https:\/\/yoast.com\/product\/yoast-seo-wordpress\/ -->\n<title>Garantir la s\u00e9curit\u00e9 des imams et des lieux de culte, une pr\u00e9occupation nationale (ministre) - info algerie<\/title>\n<meta name=\"robots\" content=\"index, follow, max-snippet:-1, max-image-preview:large, max-video-preview:-1\" \/>\n<link rel=\"canonical\" href=\"https:\/\/www.info-algerie.com\/actualites\/garantir-la-securite-des-imams-et-des-lieux-de-culte-une-preoccupation-nationale-ministre\/\" \/>\n<meta property=\"og:locale\" content=\"fr_FR\" \/>\n<meta property=\"og:type\" content=\"article\" \/>\n<meta property=\"og:title\" content=\"Garantir la s\u00e9curit\u00e9 des imams et des lieux de culte, une pr\u00e9occupation nationale (ministre) - info algerie\" \/>\n<meta property=\"og:description\" content=\"GUELMA-Le ministre des Affaires religieuses et des Wakfs, Mohamed A\u00efssa, a affirm\u00e9 samedi \u00e0 Guelma que garantir la s\u00e9curit\u00e9 des imams et des lieux de culte \u00e9tait une \u00ab\u00a0pr\u00e9occupation nationale inscrite dans le programme d&rsquo;action du gouvernement\u00a0\u00bb. &#013; &#013; S&rsquo;exprimant \u00e0 l&rsquo;ouverture d&rsquo;une conf\u00e9rence nationale des cadres des affaires religieuses au centre culturel islamique, Moubarek\" \/>\n<meta property=\"og:url\" content=\"https:\/\/www.info-algerie.com\/actualites\/garantir-la-securite-des-imams-et-des-lieux-de-culte-une-preoccupation-nationale-ministre\/\" \/>\n<meta property=\"og:site_name\" content=\"info algerie\" \/>\n<meta property=\"article:publisher\" content=\"https:\/\/www.facebook.com\/infoalgerieactu\" \/>\n<meta property=\"article:published_time\" content=\"2017-10-14T18:10:27+00:00\" \/>\n<meta property=\"og:image\" content=\"https:\/\/www.info-algerie.com\/actualites\/wp-content\/uploads\/2017\/10\/563d65056ffe49ff148218b806df15c3_S-1.jpg\" \/>\n\t<meta property=\"og:image:width\" content=\"280\" \/>\n\t<meta property=\"og:image:height\" content=\"169\" \/>\n\t<meta property=\"og:image:type\" content=\"image\/jpeg\" \/>\n<meta name=\"author\" content=\"La r\u00e9daction\" \/>\n<meta name=\"twitter:label1\" content=\"\u00c9crit par\" \/>\n\t<meta name=\"twitter:data1\" content=\"La r\u00e9daction\" \/>\n\t<meta name=\"twitter:label2\" content=\"Dur\u00e9e de lecture estim\u00e9e\" \/>\n\t<meta name=\"twitter:data2\" content=\"3 minutes\" \/>\n<script type=\"application\/ld+json\" class=\"yoast-schema-graph\">{\"@context\":\"https:\\\/\\\/schema.org\",\"@graph\":[{\"@type\":\"Article\",\"@id\":\"https:\\\/\\\/www.info-algerie.com\\\/actualites\\\/garantir-la-securite-des-imams-et-des-lieux-de-culte-une-preoccupation-nationale-ministre\\\/#article\",\"isPartOf\":{\"@id\":\"https:\\\/\\\/www.info-algerie.com\\\/actualites\\\/garantir-la-securite-des-imams-et-des-lieux-de-culte-une-preoccupation-nationale-ministre\\\/\"},\"author\":{\"name\":\"La r\u00e9daction\",\"@id\":\"https:\\\/\\\/www.info-algerie.com\\\/actualites\\\/#\\\/schema\\\/person\\\/847aaec44920825b843a08f30ec6aa1e\"},\"headline\":\"Garantir la s\u00e9curit\u00e9 des imams et des lieux de culte, une pr\u00e9occupation nationale (ministre)\",\"datePublished\":\"2017-10-14T18:10:27+00:00\",\"mainEntityOfPage\":{\"@id\":\"https:\\\/\\\/www.info-algerie.com\\\/actualites\\\/garantir-la-securite-des-imams-et-des-lieux-de-culte-une-preoccupation-nationale-ministre\\\/\"},\"wordCount\":552,\"commentCount\":0,\"publisher\":{\"@id\":\"https:\\\/\\\/www.info-algerie.com\\\/actualites\\\/#organization\"},\"image\":{\"@id\":\"https:\\\/\\\/www.info-algerie.com\\\/actualites\\\/garantir-la-securite-des-imams-et-des-lieux-de-culte-une-preoccupation-nationale-ministre\\\/#primaryimage\"},\"thumbnailUrl\":\"https:\\\/\\\/www.info-algerie.com\\\/actualites\\\/wp-content\\\/uploads\\\/2017\\\/10\\\/563d65056ffe49ff148218b806df15c3_S-1.jpg\",\"keywords\":[\"ONU\"],\"articleSection\":[\"infos\"],\"inLanguage\":\"fr-FR\",\"potentialAction\":[{\"@type\":\"CommentAction\",\"name\":\"Comment\",\"target\":[\"https:\\\/\\\/www.info-algerie.com\\\/actualites\\\/garantir-la-securite-des-imams-et-des-lieux-de-culte-une-preoccupation-nationale-ministre\\\/#respond\"]}]},{\"@type\":\"WebPage\",\"@id\":\"https:\\\/\\\/www.info-algerie.com\\\/actualites\\\/garantir-la-securite-des-imams-et-des-lieux-de-culte-une-preoccupation-nationale-ministre\\\/\",\"url\":\"https:\\\/\\\/www.info-algerie.com\\\/actualites\\\/garantir-la-securite-des-imams-et-des-lieux-de-culte-une-preoccupation-nationale-ministre\\\/\",\"name\":\"Garantir la s\u00e9curit\u00e9 des imams et des lieux de culte, une pr\u00e9occupation nationale (ministre) - info algerie\",\"isPartOf\":{\"@id\":\"https:\\\/\\\/www.info-algerie.com\\\/actualites\\\/#website\"},\"primaryImageOfPage\":{\"@id\":\"https:\\\/\\\/www.info-algerie.com\\\/actualites\\\/garantir-la-securite-des-imams-et-des-lieux-de-culte-une-preoccupation-nationale-ministre\\\/#primaryimage\"},\"image\":{\"@id\":\"https:\\\/\\\/www.info-algerie.com\\\/actualites\\\/garantir-la-securite-des-imams-et-des-lieux-de-culte-une-preoccupation-nationale-ministre\\\/#primaryimage\"},\"thumbnailUrl\":\"https:\\\/\\\/www.info-algerie.com\\\/actualites\\\/wp-content\\\/uploads\\\/2017\\\/10\\\/563d65056ffe49ff148218b806df15c3_S-1.jpg\",\"datePublished\":\"2017-10-14T18:10:27+00:00\",\"breadcrumb\":{\"@id\":\"https:\\\/\\\/www.info-algerie.com\\\/actualites\\\/garantir-la-securite-des-imams-et-des-lieux-de-culte-une-preoccupation-nationale-ministre\\\/#breadcrumb\"},\"inLanguage\":\"fr-FR\",\"potentialAction\":[{\"@type\":\"ReadAction\",\"target\":[\"https:\\\/\\\/www.info-algerie.com\\\/actualites\\\/garantir-la-securite-des-imams-et-des-lieux-de-culte-une-preoccupation-nationale-ministre\\\/\"]}]},{\"@type\":\"ImageObject\",\"inLanguage\":\"fr-FR\",\"@id\":\"https:\\\/\\\/www.info-algerie.com\\\/actualites\\\/garantir-la-securite-des-imams-et-des-lieux-de-culte-une-preoccupation-nationale-ministre\\\/#primaryimage\",\"url\":\"https:\\\/\\\/www.info-algerie.com\\\/actualites\\\/wp-content\\\/uploads\\\/2017\\\/10\\\/563d65056ffe49ff148218b806df15c3_S-1.jpg\",\"contentUrl\":\"https:\\\/\\\/www.info-algerie.com\\\/actualites\\\/wp-content\\\/uploads\\\/2017\\\/10\\\/563d65056ffe49ff148218b806df15c3_S-1.jpg\",\"width\":280,\"height\":169},{\"@type\":\"BreadcrumbList\",\"@id\":\"https:\\\/\\\/www.info-algerie.com\\\/actualites\\\/garantir-la-securite-des-imams-et-des-lieux-de-culte-une-preoccupation-nationale-ministre\\\/#breadcrumb\",\"itemListElement\":[{\"@type\":\"ListItem\",\"position\":1,\"name\":\"Accueil\",\"item\":\"https:\\\/\\\/www.info-algerie.com\\\/actualites\\\/\"},{\"@type\":\"ListItem\",\"position\":2,\"name\":\"Garantir la s\u00e9curit\u00e9 des imams et des lieux de culte, une pr\u00e9occupation nationale (ministre)\"}]},{\"@type\":\"WebSite\",\"@id\":\"https:\\\/\\\/www.info-algerie.com\\\/actualites\\\/#website\",\"url\":\"https:\\\/\\\/www.info-algerie.com\\\/actualites\\\/\",\"name\":\"info algerie\",\"description\":\"Toutes les actualit\u00e9s\",\"publisher\":{\"@id\":\"https:\\\/\\\/www.info-algerie.com\\\/actualites\\\/#organization\"},\"potentialAction\":[{\"@type\":\"SearchAction\",\"target\":{\"@type\":\"EntryPoint\",\"urlTemplate\":\"https:\\\/\\\/www.info-algerie.com\\\/actualites\\\/?s={search_term_string}\"},\"query-input\":{\"@type\":\"PropertyValueSpecification\",\"valueRequired\":true,\"valueName\":\"search_term_string\"}}],\"inLanguage\":\"fr-FR\"},{\"@type\":\"Organization\",\"@id\":\"https:\\\/\\\/www.info-algerie.com\\\/actualites\\\/#organization\",\"name\":\"info algerie\",\"url\":\"https:\\\/\\\/www.info-algerie.com\\\/actualites\\\/\",\"logo\":{\"@type\":\"ImageObject\",\"inLanguage\":\"fr-FR\",\"@id\":\"https:\\\/\\\/www.info-algerie.com\\\/actualites\\\/#\\\/schema\\\/logo\\\/image\\\/\",\"url\":\"https:\\\/\\\/www.info-algerie.com\\\/actualites\\\/wp-content\\\/uploads\\\/2022\\\/07\\\/logo-ia-120.png\",\"contentUrl\":\"https:\\\/\\\/www.info-algerie.com\\\/actualites\\\/wp-content\\\/uploads\\\/2022\\\/07\\\/logo-ia-120.png\",\"width\":120,\"height\":43,\"caption\":\"info algerie\"},\"image\":{\"@id\":\"https:\\\/\\\/www.info-algerie.com\\\/actualites\\\/#\\\/schema\\\/logo\\\/image\\\/\"},\"sameAs\":[\"https:\\\/\\\/www.facebook.com\\\/infoalgerieactu\",\"https:\\\/\\\/x.com\\\/infoalgerie1\"]},{\"@type\":\"Person\",\"@id\":\"https:\\\/\\\/www.info-algerie.com\\\/actualites\\\/#\\\/schema\\\/person\\\/847aaec44920825b843a08f30ec6aa1e\",\"name\":\"La r\u00e9daction\",\"image\":{\"@type\":\"ImageObject\",\"inLanguage\":\"fr-FR\",\"@id\":\"https:\\\/\\\/secure.gravatar.com\\\/avatar\\\/769db425c6f465158149f1ffd6cf61ce7a8a879d11dfbef8288af36dfddd418c?s=96&d=mm&r=g\",\"url\":\"https:\\\/\\\/secure.gravatar.com\\\/avatar\\\/769db425c6f465158149f1ffd6cf61ce7a8a879d11dfbef8288af36dfddd418c?s=96&d=mm&r=g\",\"contentUrl\":\"https:\\\/\\\/secure.gravatar.com\\\/avatar\\\/769db425c6f465158149f1ffd6cf61ce7a8a879d11dfbef8288af36dfddd418c?s=96&d=mm&r=g\",\"caption\":\"La r\u00e9daction\"},\"sameAs\":[\"http:\\\/\\\/www.lkeria.com\\\/\"],\"url\":\"https:\\\/\\\/www.info-algerie.com\\\/actualites\\\/author\\\/chakib32\\\/\"}]}<\/script>\n<!-- \/ Yoast SEO plugin. -->","yoast_head_json":{"title":"Garantir la s\u00e9curit\u00e9 des imams et des lieux de culte, une pr\u00e9occupation nationale (ministre) - info algerie","robots":{"index":"index","follow":"follow","max-snippet":"max-snippet:-1","max-image-preview":"max-image-preview:large","max-video-preview":"max-video-preview:-1"},"canonical":"https:\/\/www.info-algerie.com\/actualites\/garantir-la-securite-des-imams-et-des-lieux-de-culte-une-preoccupation-nationale-ministre\/","og_locale":"fr_FR","og_type":"article","og_title":"Garantir la s\u00e9curit\u00e9 des imams et des lieux de culte, une pr\u00e9occupation nationale (ministre) - info algerie","og_description":"GUELMA-Le ministre des Affaires religieuses et des Wakfs, Mohamed A\u00efssa, a affirm\u00e9 samedi \u00e0 Guelma que garantir la s\u00e9curit\u00e9 des imams et des lieux de culte \u00e9tait une \u00ab\u00a0pr\u00e9occupation nationale inscrite dans le programme d&rsquo;action du gouvernement\u00a0\u00bb. &#013; &#013; S&rsquo;exprimant \u00e0 l&rsquo;ouverture d&rsquo;une conf\u00e9rence nationale des cadres des affaires religieuses au centre culturel islamique, Moubarek","og_url":"https:\/\/www.info-algerie.com\/actualites\/garantir-la-securite-des-imams-et-des-lieux-de-culte-une-preoccupation-nationale-ministre\/","og_site_name":"info algerie","article_publisher":"https:\/\/www.facebook.com\/infoalgerieactu","article_published_time":"2017-10-14T18:10:27+00:00","og_image":[{"width":280,"height":169,"url":"https:\/\/www.info-algerie.com\/actualites\/wp-content\/uploads\/2017\/10\/563d65056ffe49ff148218b806df15c3_S-1.jpg","type":"image\/jpeg"}],"author":"La r\u00e9daction","twitter_misc":{"\u00c9crit par":"La r\u00e9daction","Dur\u00e9e de lecture estim\u00e9e":"3 minutes"},"schema":{"@context":"https:\/\/schema.org","@graph":[{"@type":"Article","@id":"https:\/\/www.info-algerie.com\/actualites\/garantir-la-securite-des-imams-et-des-lieux-de-culte-une-preoccupation-nationale-ministre\/#article","isPartOf":{"@id":"https:\/\/www.info-algerie.com\/actualites\/garantir-la-securite-des-imams-et-des-lieux-de-culte-une-preoccupation-nationale-ministre\/"},"author":{"name":"La r\u00e9daction","@id":"https:\/\/www.info-algerie.com\/actualites\/#\/schema\/person\/847aaec44920825b843a08f30ec6aa1e"},"headline":"Garantir la s\u00e9curit\u00e9 des imams et des lieux de culte, une pr\u00e9occupation nationale (ministre)","datePublished":"2017-10-14T18:10:27+00:00","mainEntityOfPage":{"@id":"https:\/\/www.info-algerie.com\/actualites\/garantir-la-securite-des-imams-et-des-lieux-de-culte-une-preoccupation-nationale-ministre\/"},"wordCount":552,"commentCount":0,"publisher":{"@id":"https:\/\/www.info-algerie.com\/actualites\/#organization"},"image":{"@id":"https:\/\/www.info-algerie.com\/actualites\/garantir-la-securite-des-imams-et-des-lieux-de-culte-une-preoccupation-nationale-ministre\/#primaryimage"},"thumbnailUrl":"https:\/\/www.info-algerie.com\/actualites\/wp-content\/uploads\/2017\/10\/563d65056ffe49ff148218b806df15c3_S-1.jpg","keywords":["ONU"],"articleSection":["infos"],"inLanguage":"fr-FR","potentialAction":[{"@type":"CommentAction","name":"Comment","target":["https:\/\/www.info-algerie.com\/actualites\/garantir-la-securite-des-imams-et-des-lieux-de-culte-une-preoccupation-nationale-ministre\/#respond"]}]},{"@type":"WebPage","@id":"https:\/\/www.info-algerie.com\/actualites\/garantir-la-securite-des-imams-et-des-lieux-de-culte-une-preoccupation-nationale-ministre\/","url":"https:\/\/www.info-algerie.com\/actualites\/garantir-la-securite-des-imams-et-des-lieux-de-culte-une-preoccupation-nationale-ministre\/","name":"Garantir la s\u00e9curit\u00e9 des imams et des lieux de culte, une pr\u00e9occupation nationale (ministre) - info algerie","isPartOf":{"@id":"https:\/\/www.info-algerie.com\/actualites\/#website"},"primaryImageOfPage":{"@id":"https:\/\/www.info-algerie.com\/actualites\/garantir-la-securite-des-imams-et-des-lieux-de-culte-une-preoccupation-nationale-ministre\/#primaryimage"},"image":{"@id":"https:\/\/www.info-algerie.com\/actualites\/garantir-la-securite-des-imams-et-des-lieux-de-culte-une-preoccupation-nationale-ministre\/#primaryimage"},"thumbnailUrl":"https:\/\/www.info-algerie.com\/actualites\/wp-content\/uploads\/2017\/10\/563d65056ffe49ff148218b806df15c3_S-1.jpg","datePublished":"2017-10-14T18:10:27+00:00","breadcrumb":{"@id":"https:\/\/www.info-algerie.com\/actualites\/garantir-la-securite-des-imams-et-des-lieux-de-culte-une-preoccupation-nationale-ministre\/#breadcrumb"},"inLanguage":"fr-FR","potentialAction":[{"@type":"ReadAction","target":["https:\/\/www.info-algerie.com\/actualites\/garantir-la-securite-des-imams-et-des-lieux-de-culte-une-preoccupation-nationale-ministre\/"]}]},{"@type":"ImageObject","inLanguage":"fr-FR","@id":"https:\/\/www.info-algerie.com\/actualites\/garantir-la-securite-des-imams-et-des-lieux-de-culte-une-preoccupation-nationale-ministre\/#primaryimage","url":"https:\/\/www.info-algerie.com\/actualites\/wp-content\/uploads\/2017\/10\/563d65056ffe49ff148218b806df15c3_S-1.jpg","contentUrl":"https:\/\/www.info-algerie.com\/actualites\/wp-content\/uploads\/2017\/10\/563d65056ffe49ff148218b806df15c3_S-1.jpg","width":280,"height":169},{"@type":"BreadcrumbList","@id":"https:\/\/www.info-algerie.com\/actualites\/garantir-la-securite-des-imams-et-des-lieux-de-culte-une-preoccupation-nationale-ministre\/#breadcrumb","itemListElement":[{"@type":"ListItem","position":1,"name":"Accueil","item":"https:\/\/www.info-algerie.com\/actualites\/"},{"@type":"ListItem","position":2,"name":"Garantir la s\u00e9curit\u00e9 des imams et des lieux de culte, une pr\u00e9occupation nationale (ministre)"}]},{"@type":"WebSite","@id":"https:\/\/www.info-algerie.com\/actualites\/#website","url":"https:\/\/www.info-algerie.com\/actualites\/","name":"info algerie","description":"Toutes les actualit\u00e9s","publisher":{"@id":"https:\/\/www.info-algerie.com\/actualites\/#organization"},"potentialAction":[{"@type":"SearchAction","target":{"@type":"EntryPoint","urlTemplate":"https:\/\/www.info-algerie.com\/actualites\/?s={search_term_string}"},"query-input":{"@type":"PropertyValueSpecification","valueRequired":true,"valueName":"search_term_string"}}],"inLanguage":"fr-FR"},{"@type":"Organization","@id":"https:\/\/www.info-algerie.com\/actualites\/#organization","name":"info algerie","url":"https:\/\/www.info-algerie.com\/actualites\/","logo":{"@type":"ImageObject","inLanguage":"fr-FR","@id":"https:\/\/www.info-algerie.com\/actualites\/#\/schema\/logo\/image\/","url":"https:\/\/www.info-algerie.com\/actualites\/wp-content\/uploads\/2022\/07\/logo-ia-120.png","contentUrl":"https:\/\/www.info-algerie.com\/actualites\/wp-content\/uploads\/2022\/07\/logo-ia-120.png","width":120,"height":43,"caption":"info algerie"},"image":{"@id":"https:\/\/www.info-algerie.com\/actualites\/#\/schema\/logo\/image\/"},"sameAs":["https:\/\/www.facebook.com\/infoalgerieactu","https:\/\/x.com\/infoalgerie1"]},{"@type":"Person","@id":"https:\/\/www.info-algerie.com\/actualites\/#\/schema\/person\/847aaec44920825b843a08f30ec6aa1e","name":"La r\u00e9daction","image":{"@type":"ImageObject","inLanguage":"fr-FR","@id":"https:\/\/secure.gravatar.com\/avatar\/769db425c6f465158149f1ffd6cf61ce7a8a879d11dfbef8288af36dfddd418c?s=96&d=mm&r=g","url":"https:\/\/secure.gravatar.com\/avatar\/769db425c6f465158149f1ffd6cf61ce7a8a879d11dfbef8288af36dfddd418c?s=96&d=mm&r=g","contentUrl":"https:\/\/secure.gravatar.com\/avatar\/769db425c6f465158149f1ffd6cf61ce7a8a879d11dfbef8288af36dfddd418c?s=96&d=mm&r=g","caption":"La r\u00e9daction"},"sameAs":["http:\/\/www.lkeria.com\/"],"url":"https:\/\/www.info-algerie.com\/actualites\/author\/chakib32\/"}]}},"_links":{"self":[{"href":"https:\/\/www.info-algerie.com\/actualites\/wp-json\/wp\/v2\/posts\/16889","targetHints":{"allow":["GET"]}}],"collection":[{"href":"https:\/\/www.info-algerie.com\/actualites\/wp-json\/wp\/v2\/posts"}],"about":[{"href":"https:\/\/www.info-algerie.com\/actualites\/wp-json\/wp\/v2\/types\/post"}],"author":[{"embeddable":true,"href":"https:\/\/www.info-algerie.com\/actualites\/wp-json\/wp\/v2\/users\/6"}],"replies":[{"embeddable":true,"href":"https:\/\/www.info-algerie.com\/actualites\/wp-json\/wp\/v2\/comments?post=16889"}],"version-history":[{"count":0,"href":"https:\/\/www.info-algerie.com\/actualites\/wp-json\/wp\/v2\/posts\/16889\/revisions"}],"wp:featuredmedia":[{"embeddable":true,"href":"https:\/\/www.info-algerie.com\/actualites\/wp-json\/wp\/v2\/media\/16890"}],"wp:attachment":[{"href":"https:\/\/www.info-algerie.com\/actualites\/wp-json\/wp\/v2\/media?parent=16889"}],"wp:term":[{"taxonomy":"category","embeddable":true,"href":"https:\/\/www.info-algerie.com\/actualites\/wp-json\/wp\/v2\/categories?post=16889"},{"taxonomy":"post_tag","embeddable":true,"href":"https:\/\/www.info-algerie.com\/actualites\/wp-json\/wp\/v2\/tags?post=16889"}],"curies":[{"name":"wp","href":"https:\/\/api.w.org\/{rel}","templated":true}]}}