{"id":16892,"date":"2017-10-14T19:41:50","date_gmt":"2017-10-14T18:41:50","guid":{"rendered":"http:\/\/www.info-algerie.com\/actualites\/memoire-filmique-appel-a-federer-les-efforts-des-institutions-concernees-dg-archives\/"},"modified":"2017-10-14T19:41:50","modified_gmt":"2017-10-14T18:41:50","slug":"memoire-filmique-appel-a-federer-les-efforts-des-institutions-concernees-dg-archives","status":"publish","type":"post","link":"https:\/\/www.info-algerie.com\/actualites\/memoire-filmique-appel-a-federer-les-efforts-des-institutions-concernees-dg-archives\/","title":{"rendered":"M\u00e9moire filmique: appel\u00a0\u00e0 f\u00e9d\u00e9rer les efforts des institutions concern\u00e9es (DG archives)\u00a0"},"content":{"rendered":"<div class=\"K2FeedImage\"><img decoding=\"async\" src=\"https:\/\/www.info-algerie.com\/actualites\/wp-content\/uploads\/2017\/10\/c0d6230c77169917db9eacf80ceb31b8_S.jpg\" alt=\"M&#xE9;moire filmique: appel&#xA0;&#xE0; f&#xE9;d&#xE9;rer les efforts des institutions concern&#xE9;es (DG archives)&#xA0;\" \/><\/div>\n<div class=\"K2FeedIntroText\">\n<p><strong>ALGER- Le directeur g\u00e9n\u00e9ral des archives nationales a lanc\u00e9, samedi \u00e0 Alger un appel pour \u00ab\u00a0f\u00e9d\u00e9rer les efforts\u00a0\u00bb des institutions alg\u00e9riennes et internationales dans la pr\u00e9servation et la restauration du patrimoine cin\u00e9matographique.<\/strong><\/p>\n<p>&#013;\n<\/p><\/div>\n<div class=\"K2FeedFullText\">&#013;<\/p>\n<p>S&rsquo;exprimant \u00e0 l&rsquo;ouverture du colloque international \u00ab\u00a0La m\u00e9moire des films: pr\u00e9server le patrimoine cin\u00e9matographique\u00a0\u00bb qui se d\u00e9roule \u00e0 la Biblioth\u00e8que nationale, Abdelmadjid Chikhi a regrett\u00e9 de voir ces institutions \u00ab\u00a0\u0153uvrer en autarcie\u00a0\u00bb et affirm\u00e9 n&rsquo;avoir \u00ab\u00a0pratiquement jamais collabor\u00e9\u00a0\u00bb avec des entit\u00e9s comme la Cin\u00e9math\u00e8que alg\u00e9rienne ou le Cnca (Centre national du cin\u00e9ma et de l&rsquo;audiovisuel).\u00a0<\/p>\n<p>&#013;<\/p>\n<p>Estimant que les archives nationales devraient \u00eatre le \u00ab\u00a0r\u00e9ceptacle des travaux sur la m\u00e9moire\u00a0\u00bb, le DG des archives nationales a invit\u00e9 les intervenants dans ce domaine \u00e0 s&rsquo;unir pour \u00ab\u00a0\u00e9tablir une strat\u00e9gie commune\u00a0\u00bb et \u00ab\u00a0am\u00e9liorer les conditions\u00a0\u00bb de conservation et l&rsquo;\u00e9tat des archives film\u00e9s, jug\u00e9 \u00ab\u00a0catastrophique\u00a0\u00bb.<\/p>\n<p>&#013;<\/p>\n<p>Le pr\u00e9sident de la F\u00e9d\u00e9ration internationale des archives filmique (Fiaf), Fr\u00e9deric Maire, et le Secr\u00e9taire r\u00e9gional de la F\u00e9d\u00e9ration panafricaine des cin\u00e9astes (Fepaci) ont de leur c\u00f4t\u00e9 r\u00e9affirm\u00e9 le r\u00f4le et l \u00ab\u00a0&lsquo;importance\u00a0\u00bb du travail accompli par les cin\u00e9math\u00e8ques dans la pr\u00e9servation de la m\u00e9moire filmique.<\/p>\n<p>&#013;<\/p>\n<hr \/>\n<h3>Lire aussi : <a href=\"http:\/\/www.aps.dz\/culture\/63625-les-revolutionnaires-de-la-casbah-documentaire-sur-le-parcours-militant-de-ali-hassiba-mahmoud-et-le-petit-omar\" target=\"_blank\">Les r\u00e9volutionnaires de la Casbah: documentaire sur le parcours de\u00a0Ali, Hassiba, Mahmoud et le petit Omar<\/a><\/h3>\n<p>&#013;<\/p>\n<hr \/>\n<p>Rebondissant sur ces propos, le r\u00e9alisateur et producteur \u00e9gyptien, Ahmed Atef, a d\u00e9plor\u00e9 la perte par son pays de \u00ab\u00a0pr\u00e8s des deux tiers\u00a0\u00bb de son patrimoine cin\u00e9matographique, en raison de l&rsquo;absence d&rsquo;une cin\u00e9math\u00e8que \u00e9gyptienne, a-t-il dit.\u00a0<\/p>\n<p>&#013;<\/p>\n<p>Ce patrimoine, \u00ab\u00a0aujourd&rsquo;hui majoritairement d\u00e9tenu par des cha\u00eenes de t\u00e9l\u00e9vision saoudiennes et am\u00e9ricaines\u00a0\u00bb auquel s&rsquo;ajoute la d\u00e9gradation de plusieurs centaines de films, stock\u00e9s dans de mauvaises condition ou ravag\u00e9s par les flammes suites \u00e0 des sinistres, prive l&rsquo;Egypte d&rsquo;un pan important de sa m\u00e9moire, a-t-il d\u00e9taill\u00e9.<\/p>\n<p>&#013;<\/p>\n<p>La chef de projet World Cinema Project, Cecilia Cenciarelli, de la cin\u00e9math\u00e8que de Bologne (Italie) a indiqu\u00e9 qu\u00a0\u00bblle avait entam\u00e9 aux fins de la restauration des recherches sur sept films alg\u00e9riens dont \u00ab\u00a0Chroniques des ann\u00e9es de braises\u00a0\u00bb et \u00ab\u00a0Le vent des Aur\u00e8s\u00a0\u00bb\u00a0 de Mohamed Lakhdar Hamina.<\/p>\n<p>&#013;<\/p>\n<p>Saluant \u00ab\u00a0les efforts des responsables (de la cin\u00e9math\u00e8ques) depuis sa cr\u00e9ation, en particulier ceux de son ancien directeur Boudjem\u00e2a Kareche\u00a0\u00bb, le ministre de la Culture, Azzedine mihoubi a rappel\u00e9, devant les participants au colloque, que l&rsquo;objectif de son d\u00e9partement \u00e9tait de \u00ab\u00a0r\u00e9cup\u00e9rer les n\u00e9gatifs des films alg\u00e9riens entrepos\u00e9s \u00e0 l&rsquo;\u00e9tranger\u00a0\u00bb depuis plusieurs d\u00e9cennies.<\/p>\n<p>&#013;<\/p>\n<p>Egalement pr\u00e9sent lors de cette premi\u00e8re journ\u00e9e du colloque, le chef de d\u00e9l\u00e9gation de l&rsquo;Union europ\u00e9enne, John O&rsquo;Rourke est revenu sur les r\u00e9alisations du programme d&rsquo;appui de l&rsquo;UE au patrimoine culturel alg\u00e9rien qui a, entre autres, dispens\u00e9 des formation en mati\u00e8re de pr\u00e9servation et de restauration des archives audiovisuel et photographiques, a-t-il rappel\u00e9.\u00a0<\/p>\n<p>&#013;<\/p>\n<p>Organis\u00e9 par le minist\u00e8re de la Culture, en collaboration avec le programme d&rsquo;appui de l&rsquo;UE, le colloque de deux jours pr\u00e9voit des ateliers et des conf\u00e9rences sur la pr\u00e9servation de la m\u00e9moire cin\u00e9matographique. \u00a0<\/p>\n<\/div>\n<p>&#013;<br \/>\nSource: <a href=\"http:\/\/www.aps.dz\/algerie\/63968-memoire-filmique-appel-a-federer-les-efforts-des-institutions-concernees-dg-archives\" target=\"_blank\">M\u00e9moire filmique: appel\u00a0\u00e0 f\u00e9d\u00e9rer les efforts des institutions concern\u00e9es (DG archives)\u00a0<\/a><\/p>\n<!--CusAds0-->\n<div style=\"font-size: 0px; height: 0px; line-height: 0px; margin: 0; padding: 0; clear: both;\"><\/div>","protected":false},"excerpt":{"rendered":"<p>ALGER- Le directeur g\u00e9n\u00e9ral des archives nationales a lanc\u00e9, samedi \u00e0 Alger un appel pour \u00ab\u00a0f\u00e9d\u00e9rer les efforts\u00a0\u00bb des institutions alg\u00e9riennes et internationales dans la pr\u00e9servation et la restauration du patrimoine cin\u00e9matographique. &#013; &#013; S&rsquo;exprimant \u00e0 l&rsquo;ouverture du colloque international \u00ab\u00a0La m\u00e9moire des films: pr\u00e9server le patrimoine cin\u00e9matographique\u00a0\u00bb qui se d\u00e9roule \u00e0 la Biblioth\u00e8que nationale,<\/p>\n","protected":false},"author":6,"featured_media":16893,"comment_status":"open","ping_status":"open","sticky":false,"template":"","format":"standard","meta":{"footnotes":""},"categories":[22],"tags":[93],"class_list":["post-16892","post","type-post","status-publish","format-standard","has-post-thumbnail","hentry","category-infos","tag-onu"],"yoast_head":"<!-- This site is optimized with the Yoast SEO plugin v27.5 - https:\/\/yoast.com\/product\/yoast-seo-wordpress\/ -->\n<title>M\u00e9moire filmique: appel\u00a0\u00e0 f\u00e9d\u00e9rer les efforts des institutions concern\u00e9es (DG archives)\u00a0 - info algerie<\/title>\n<meta name=\"robots\" content=\"index, follow, max-snippet:-1, max-image-preview:large, max-video-preview:-1\" \/>\n<link rel=\"canonical\" href=\"https:\/\/www.info-algerie.com\/actualites\/memoire-filmique-appel-a-federer-les-efforts-des-institutions-concernees-dg-archives\/\" \/>\n<meta property=\"og:locale\" content=\"fr_FR\" \/>\n<meta property=\"og:type\" content=\"article\" \/>\n<meta property=\"og:title\" content=\"M\u00e9moire filmique: appel\u00a0\u00e0 f\u00e9d\u00e9rer les efforts des institutions concern\u00e9es (DG archives)\u00a0 - info algerie\" \/>\n<meta property=\"og:description\" content=\"ALGER- Le directeur g\u00e9n\u00e9ral des archives nationales a lanc\u00e9, samedi \u00e0 Alger un appel pour \u00ab\u00a0f\u00e9d\u00e9rer les efforts\u00a0\u00bb des institutions alg\u00e9riennes et internationales dans la pr\u00e9servation et la restauration du patrimoine cin\u00e9matographique. &#013; &#013; S&rsquo;exprimant \u00e0 l&rsquo;ouverture du colloque international \u00ab\u00a0La m\u00e9moire des films: pr\u00e9server le patrimoine cin\u00e9matographique\u00a0\u00bb qui se d\u00e9roule \u00e0 la Biblioth\u00e8que nationale,\" \/>\n<meta property=\"og:url\" content=\"https:\/\/www.info-algerie.com\/actualites\/memoire-filmique-appel-a-federer-les-efforts-des-institutions-concernees-dg-archives\/\" \/>\n<meta property=\"og:site_name\" content=\"info algerie\" \/>\n<meta property=\"article:publisher\" content=\"https:\/\/www.facebook.com\/infoalgerieactu\" \/>\n<meta property=\"article:published_time\" content=\"2017-10-14T18:41:50+00:00\" \/>\n<meta property=\"og:image\" content=\"https:\/\/www.info-algerie.com\/actualites\/wp-content\/uploads\/2017\/10\/c0d6230c77169917db9eacf80ceb31b8_S-1.jpg\" \/>\n\t<meta property=\"og:image:width\" content=\"280\" \/>\n\t<meta property=\"og:image:height\" content=\"169\" \/>\n\t<meta property=\"og:image:type\" content=\"image\/jpeg\" \/>\n<meta name=\"author\" content=\"La r\u00e9daction\" \/>\n<meta name=\"twitter:label1\" content=\"\u00c9crit par\" \/>\n\t<meta name=\"twitter:data1\" content=\"La r\u00e9daction\" \/>\n\t<meta name=\"twitter:label2\" content=\"Dur\u00e9e de lecture estim\u00e9e\" \/>\n\t<meta name=\"twitter:data2\" content=\"3 minutes\" \/>\n<script type=\"application\/ld+json\" class=\"yoast-schema-graph\">{\"@context\":\"https:\\\/\\\/schema.org\",\"@graph\":[{\"@type\":\"Article\",\"@id\":\"https:\\\/\\\/www.info-algerie.com\\\/actualites\\\/memoire-filmique-appel-a-federer-les-efforts-des-institutions-concernees-dg-archives\\\/#article\",\"isPartOf\":{\"@id\":\"https:\\\/\\\/www.info-algerie.com\\\/actualites\\\/memoire-filmique-appel-a-federer-les-efforts-des-institutions-concernees-dg-archives\\\/\"},\"author\":{\"name\":\"La r\u00e9daction\",\"@id\":\"https:\\\/\\\/www.info-algerie.com\\\/actualites\\\/#\\\/schema\\\/person\\\/847aaec44920825b843a08f30ec6aa1e\"},\"headline\":\"M\u00e9moire filmique: appel\u00a0\u00e0 f\u00e9d\u00e9rer les efforts des institutions concern\u00e9es (DG archives)\u00a0\",\"datePublished\":\"2017-10-14T18:41:50+00:00\",\"mainEntityOfPage\":{\"@id\":\"https:\\\/\\\/www.info-algerie.com\\\/actualites\\\/memoire-filmique-appel-a-federer-les-efforts-des-institutions-concernees-dg-archives\\\/\"},\"wordCount\":598,\"commentCount\":0,\"publisher\":{\"@id\":\"https:\\\/\\\/www.info-algerie.com\\\/actualites\\\/#organization\"},\"image\":{\"@id\":\"https:\\\/\\\/www.info-algerie.com\\\/actualites\\\/memoire-filmique-appel-a-federer-les-efforts-des-institutions-concernees-dg-archives\\\/#primaryimage\"},\"thumbnailUrl\":\"https:\\\/\\\/www.info-algerie.com\\\/actualites\\\/wp-content\\\/uploads\\\/2017\\\/10\\\/c0d6230c77169917db9eacf80ceb31b8_S-1.jpg\",\"keywords\":[\"ONU\"],\"articleSection\":[\"infos\"],\"inLanguage\":\"fr-FR\",\"potentialAction\":[{\"@type\":\"CommentAction\",\"name\":\"Comment\",\"target\":[\"https:\\\/\\\/www.info-algerie.com\\\/actualites\\\/memoire-filmique-appel-a-federer-les-efforts-des-institutions-concernees-dg-archives\\\/#respond\"]}]},{\"@type\":\"WebPage\",\"@id\":\"https:\\\/\\\/www.info-algerie.com\\\/actualites\\\/memoire-filmique-appel-a-federer-les-efforts-des-institutions-concernees-dg-archives\\\/\",\"url\":\"https:\\\/\\\/www.info-algerie.com\\\/actualites\\\/memoire-filmique-appel-a-federer-les-efforts-des-institutions-concernees-dg-archives\\\/\",\"name\":\"M\u00e9moire filmique: appel\u00a0\u00e0 f\u00e9d\u00e9rer les efforts des institutions concern\u00e9es (DG archives)\u00a0 - info algerie\",\"isPartOf\":{\"@id\":\"https:\\\/\\\/www.info-algerie.com\\\/actualites\\\/#website\"},\"primaryImageOfPage\":{\"@id\":\"https:\\\/\\\/www.info-algerie.com\\\/actualites\\\/memoire-filmique-appel-a-federer-les-efforts-des-institutions-concernees-dg-archives\\\/#primaryimage\"},\"image\":{\"@id\":\"https:\\\/\\\/www.info-algerie.com\\\/actualites\\\/memoire-filmique-appel-a-federer-les-efforts-des-institutions-concernees-dg-archives\\\/#primaryimage\"},\"thumbnailUrl\":\"https:\\\/\\\/www.info-algerie.com\\\/actualites\\\/wp-content\\\/uploads\\\/2017\\\/10\\\/c0d6230c77169917db9eacf80ceb31b8_S-1.jpg\",\"datePublished\":\"2017-10-14T18:41:50+00:00\",\"breadcrumb\":{\"@id\":\"https:\\\/\\\/www.info-algerie.com\\\/actualites\\\/memoire-filmique-appel-a-federer-les-efforts-des-institutions-concernees-dg-archives\\\/#breadcrumb\"},\"inLanguage\":\"fr-FR\",\"potentialAction\":[{\"@type\":\"ReadAction\",\"target\":[\"https:\\\/\\\/www.info-algerie.com\\\/actualites\\\/memoire-filmique-appel-a-federer-les-efforts-des-institutions-concernees-dg-archives\\\/\"]}]},{\"@type\":\"ImageObject\",\"inLanguage\":\"fr-FR\",\"@id\":\"https:\\\/\\\/www.info-algerie.com\\\/actualites\\\/memoire-filmique-appel-a-federer-les-efforts-des-institutions-concernees-dg-archives\\\/#primaryimage\",\"url\":\"https:\\\/\\\/www.info-algerie.com\\\/actualites\\\/wp-content\\\/uploads\\\/2017\\\/10\\\/c0d6230c77169917db9eacf80ceb31b8_S-1.jpg\",\"contentUrl\":\"https:\\\/\\\/www.info-algerie.com\\\/actualites\\\/wp-content\\\/uploads\\\/2017\\\/10\\\/c0d6230c77169917db9eacf80ceb31b8_S-1.jpg\",\"width\":280,\"height\":169},{\"@type\":\"BreadcrumbList\",\"@id\":\"https:\\\/\\\/www.info-algerie.com\\\/actualites\\\/memoire-filmique-appel-a-federer-les-efforts-des-institutions-concernees-dg-archives\\\/#breadcrumb\",\"itemListElement\":[{\"@type\":\"ListItem\",\"position\":1,\"name\":\"Accueil\",\"item\":\"https:\\\/\\\/www.info-algerie.com\\\/actualites\\\/\"},{\"@type\":\"ListItem\",\"position\":2,\"name\":\"M\u00e9moire filmique: appel\u00a0\u00e0 f\u00e9d\u00e9rer les efforts des institutions concern\u00e9es (DG archives)\u00a0\"}]},{\"@type\":\"WebSite\",\"@id\":\"https:\\\/\\\/www.info-algerie.com\\\/actualites\\\/#website\",\"url\":\"https:\\\/\\\/www.info-algerie.com\\\/actualites\\\/\",\"name\":\"info algerie\",\"description\":\"Toutes les actualit\u00e9s\",\"publisher\":{\"@id\":\"https:\\\/\\\/www.info-algerie.com\\\/actualites\\\/#organization\"},\"potentialAction\":[{\"@type\":\"SearchAction\",\"target\":{\"@type\":\"EntryPoint\",\"urlTemplate\":\"https:\\\/\\\/www.info-algerie.com\\\/actualites\\\/?s={search_term_string}\"},\"query-input\":{\"@type\":\"PropertyValueSpecification\",\"valueRequired\":true,\"valueName\":\"search_term_string\"}}],\"inLanguage\":\"fr-FR\"},{\"@type\":\"Organization\",\"@id\":\"https:\\\/\\\/www.info-algerie.com\\\/actualites\\\/#organization\",\"name\":\"info algerie\",\"url\":\"https:\\\/\\\/www.info-algerie.com\\\/actualites\\\/\",\"logo\":{\"@type\":\"ImageObject\",\"inLanguage\":\"fr-FR\",\"@id\":\"https:\\\/\\\/www.info-algerie.com\\\/actualites\\\/#\\\/schema\\\/logo\\\/image\\\/\",\"url\":\"https:\\\/\\\/www.info-algerie.com\\\/actualites\\\/wp-content\\\/uploads\\\/2022\\\/07\\\/logo-ia-120.png\",\"contentUrl\":\"https:\\\/\\\/www.info-algerie.com\\\/actualites\\\/wp-content\\\/uploads\\\/2022\\\/07\\\/logo-ia-120.png\",\"width\":120,\"height\":43,\"caption\":\"info algerie\"},\"image\":{\"@id\":\"https:\\\/\\\/www.info-algerie.com\\\/actualites\\\/#\\\/schema\\\/logo\\\/image\\\/\"},\"sameAs\":[\"https:\\\/\\\/www.facebook.com\\\/infoalgerieactu\",\"https:\\\/\\\/x.com\\\/infoalgerie1\"]},{\"@type\":\"Person\",\"@id\":\"https:\\\/\\\/www.info-algerie.com\\\/actualites\\\/#\\\/schema\\\/person\\\/847aaec44920825b843a08f30ec6aa1e\",\"name\":\"La r\u00e9daction\",\"image\":{\"@type\":\"ImageObject\",\"inLanguage\":\"fr-FR\",\"@id\":\"https:\\\/\\\/secure.gravatar.com\\\/avatar\\\/769db425c6f465158149f1ffd6cf61ce7a8a879d11dfbef8288af36dfddd418c?s=96&d=mm&r=g\",\"url\":\"https:\\\/\\\/secure.gravatar.com\\\/avatar\\\/769db425c6f465158149f1ffd6cf61ce7a8a879d11dfbef8288af36dfddd418c?s=96&d=mm&r=g\",\"contentUrl\":\"https:\\\/\\\/secure.gravatar.com\\\/avatar\\\/769db425c6f465158149f1ffd6cf61ce7a8a879d11dfbef8288af36dfddd418c?s=96&d=mm&r=g\",\"caption\":\"La r\u00e9daction\"},\"sameAs\":[\"http:\\\/\\\/www.lkeria.com\\\/\"],\"url\":\"https:\\\/\\\/www.info-algerie.com\\\/actualites\\\/author\\\/chakib32\\\/\"}]}<\/script>\n<!-- \/ Yoast SEO plugin. -->","yoast_head_json":{"title":"M\u00e9moire filmique: appel\u00a0\u00e0 f\u00e9d\u00e9rer les efforts des institutions concern\u00e9es (DG archives)\u00a0 - info algerie","robots":{"index":"index","follow":"follow","max-snippet":"max-snippet:-1","max-image-preview":"max-image-preview:large","max-video-preview":"max-video-preview:-1"},"canonical":"https:\/\/www.info-algerie.com\/actualites\/memoire-filmique-appel-a-federer-les-efforts-des-institutions-concernees-dg-archives\/","og_locale":"fr_FR","og_type":"article","og_title":"M\u00e9moire filmique: appel\u00a0\u00e0 f\u00e9d\u00e9rer les efforts des institutions concern\u00e9es (DG archives)\u00a0 - info algerie","og_description":"ALGER- Le directeur g\u00e9n\u00e9ral des archives nationales a lanc\u00e9, samedi \u00e0 Alger un appel pour \u00ab\u00a0f\u00e9d\u00e9rer les efforts\u00a0\u00bb des institutions alg\u00e9riennes et internationales dans la pr\u00e9servation et la restauration du patrimoine cin\u00e9matographique. &#013; &#013; S&rsquo;exprimant \u00e0 l&rsquo;ouverture du colloque international \u00ab\u00a0La m\u00e9moire des films: pr\u00e9server le patrimoine cin\u00e9matographique\u00a0\u00bb qui se d\u00e9roule \u00e0 la Biblioth\u00e8que nationale,","og_url":"https:\/\/www.info-algerie.com\/actualites\/memoire-filmique-appel-a-federer-les-efforts-des-institutions-concernees-dg-archives\/","og_site_name":"info algerie","article_publisher":"https:\/\/www.facebook.com\/infoalgerieactu","article_published_time":"2017-10-14T18:41:50+00:00","og_image":[{"width":280,"height":169,"url":"https:\/\/www.info-algerie.com\/actualites\/wp-content\/uploads\/2017\/10\/c0d6230c77169917db9eacf80ceb31b8_S-1.jpg","type":"image\/jpeg"}],"author":"La r\u00e9daction","twitter_misc":{"\u00c9crit par":"La r\u00e9daction","Dur\u00e9e de lecture estim\u00e9e":"3 minutes"},"schema":{"@context":"https:\/\/schema.org","@graph":[{"@type":"Article","@id":"https:\/\/www.info-algerie.com\/actualites\/memoire-filmique-appel-a-federer-les-efforts-des-institutions-concernees-dg-archives\/#article","isPartOf":{"@id":"https:\/\/www.info-algerie.com\/actualites\/memoire-filmique-appel-a-federer-les-efforts-des-institutions-concernees-dg-archives\/"},"author":{"name":"La r\u00e9daction","@id":"https:\/\/www.info-algerie.com\/actualites\/#\/schema\/person\/847aaec44920825b843a08f30ec6aa1e"},"headline":"M\u00e9moire filmique: appel\u00a0\u00e0 f\u00e9d\u00e9rer les efforts des institutions concern\u00e9es (DG archives)\u00a0","datePublished":"2017-10-14T18:41:50+00:00","mainEntityOfPage":{"@id":"https:\/\/www.info-algerie.com\/actualites\/memoire-filmique-appel-a-federer-les-efforts-des-institutions-concernees-dg-archives\/"},"wordCount":598,"commentCount":0,"publisher":{"@id":"https:\/\/www.info-algerie.com\/actualites\/#organization"},"image":{"@id":"https:\/\/www.info-algerie.com\/actualites\/memoire-filmique-appel-a-federer-les-efforts-des-institutions-concernees-dg-archives\/#primaryimage"},"thumbnailUrl":"https:\/\/www.info-algerie.com\/actualites\/wp-content\/uploads\/2017\/10\/c0d6230c77169917db9eacf80ceb31b8_S-1.jpg","keywords":["ONU"],"articleSection":["infos"],"inLanguage":"fr-FR","potentialAction":[{"@type":"CommentAction","name":"Comment","target":["https:\/\/www.info-algerie.com\/actualites\/memoire-filmique-appel-a-federer-les-efforts-des-institutions-concernees-dg-archives\/#respond"]}]},{"@type":"WebPage","@id":"https:\/\/www.info-algerie.com\/actualites\/memoire-filmique-appel-a-federer-les-efforts-des-institutions-concernees-dg-archives\/","url":"https:\/\/www.info-algerie.com\/actualites\/memoire-filmique-appel-a-federer-les-efforts-des-institutions-concernees-dg-archives\/","name":"M\u00e9moire filmique: appel\u00a0\u00e0 f\u00e9d\u00e9rer les efforts des institutions concern\u00e9es (DG archives)\u00a0 - info algerie","isPartOf":{"@id":"https:\/\/www.info-algerie.com\/actualites\/#website"},"primaryImageOfPage":{"@id":"https:\/\/www.info-algerie.com\/actualites\/memoire-filmique-appel-a-federer-les-efforts-des-institutions-concernees-dg-archives\/#primaryimage"},"image":{"@id":"https:\/\/www.info-algerie.com\/actualites\/memoire-filmique-appel-a-federer-les-efforts-des-institutions-concernees-dg-archives\/#primaryimage"},"thumbnailUrl":"https:\/\/www.info-algerie.com\/actualites\/wp-content\/uploads\/2017\/10\/c0d6230c77169917db9eacf80ceb31b8_S-1.jpg","datePublished":"2017-10-14T18:41:50+00:00","breadcrumb":{"@id":"https:\/\/www.info-algerie.com\/actualites\/memoire-filmique-appel-a-federer-les-efforts-des-institutions-concernees-dg-archives\/#breadcrumb"},"inLanguage":"fr-FR","potentialAction":[{"@type":"ReadAction","target":["https:\/\/www.info-algerie.com\/actualites\/memoire-filmique-appel-a-federer-les-efforts-des-institutions-concernees-dg-archives\/"]}]},{"@type":"ImageObject","inLanguage":"fr-FR","@id":"https:\/\/www.info-algerie.com\/actualites\/memoire-filmique-appel-a-federer-les-efforts-des-institutions-concernees-dg-archives\/#primaryimage","url":"https:\/\/www.info-algerie.com\/actualites\/wp-content\/uploads\/2017\/10\/c0d6230c77169917db9eacf80ceb31b8_S-1.jpg","contentUrl":"https:\/\/www.info-algerie.com\/actualites\/wp-content\/uploads\/2017\/10\/c0d6230c77169917db9eacf80ceb31b8_S-1.jpg","width":280,"height":169},{"@type":"BreadcrumbList","@id":"https:\/\/www.info-algerie.com\/actualites\/memoire-filmique-appel-a-federer-les-efforts-des-institutions-concernees-dg-archives\/#breadcrumb","itemListElement":[{"@type":"ListItem","position":1,"name":"Accueil","item":"https:\/\/www.info-algerie.com\/actualites\/"},{"@type":"ListItem","position":2,"name":"M\u00e9moire filmique: appel\u00a0\u00e0 f\u00e9d\u00e9rer les efforts des institutions concern\u00e9es (DG archives)\u00a0"}]},{"@type":"WebSite","@id":"https:\/\/www.info-algerie.com\/actualites\/#website","url":"https:\/\/www.info-algerie.com\/actualites\/","name":"info algerie","description":"Toutes les actualit\u00e9s","publisher":{"@id":"https:\/\/www.info-algerie.com\/actualites\/#organization"},"potentialAction":[{"@type":"SearchAction","target":{"@type":"EntryPoint","urlTemplate":"https:\/\/www.info-algerie.com\/actualites\/?s={search_term_string}"},"query-input":{"@type":"PropertyValueSpecification","valueRequired":true,"valueName":"search_term_string"}}],"inLanguage":"fr-FR"},{"@type":"Organization","@id":"https:\/\/www.info-algerie.com\/actualites\/#organization","name":"info algerie","url":"https:\/\/www.info-algerie.com\/actualites\/","logo":{"@type":"ImageObject","inLanguage":"fr-FR","@id":"https:\/\/www.info-algerie.com\/actualites\/#\/schema\/logo\/image\/","url":"https:\/\/www.info-algerie.com\/actualites\/wp-content\/uploads\/2022\/07\/logo-ia-120.png","contentUrl":"https:\/\/www.info-algerie.com\/actualites\/wp-content\/uploads\/2022\/07\/logo-ia-120.png","width":120,"height":43,"caption":"info algerie"},"image":{"@id":"https:\/\/www.info-algerie.com\/actualites\/#\/schema\/logo\/image\/"},"sameAs":["https:\/\/www.facebook.com\/infoalgerieactu","https:\/\/x.com\/infoalgerie1"]},{"@type":"Person","@id":"https:\/\/www.info-algerie.com\/actualites\/#\/schema\/person\/847aaec44920825b843a08f30ec6aa1e","name":"La r\u00e9daction","image":{"@type":"ImageObject","inLanguage":"fr-FR","@id":"https:\/\/secure.gravatar.com\/avatar\/769db425c6f465158149f1ffd6cf61ce7a8a879d11dfbef8288af36dfddd418c?s=96&d=mm&r=g","url":"https:\/\/secure.gravatar.com\/avatar\/769db425c6f465158149f1ffd6cf61ce7a8a879d11dfbef8288af36dfddd418c?s=96&d=mm&r=g","contentUrl":"https:\/\/secure.gravatar.com\/avatar\/769db425c6f465158149f1ffd6cf61ce7a8a879d11dfbef8288af36dfddd418c?s=96&d=mm&r=g","caption":"La r\u00e9daction"},"sameAs":["http:\/\/www.lkeria.com\/"],"url":"https:\/\/www.info-algerie.com\/actualites\/author\/chakib32\/"}]}},"_links":{"self":[{"href":"https:\/\/www.info-algerie.com\/actualites\/wp-json\/wp\/v2\/posts\/16892","targetHints":{"allow":["GET"]}}],"collection":[{"href":"https:\/\/www.info-algerie.com\/actualites\/wp-json\/wp\/v2\/posts"}],"about":[{"href":"https:\/\/www.info-algerie.com\/actualites\/wp-json\/wp\/v2\/types\/post"}],"author":[{"embeddable":true,"href":"https:\/\/www.info-algerie.com\/actualites\/wp-json\/wp\/v2\/users\/6"}],"replies":[{"embeddable":true,"href":"https:\/\/www.info-algerie.com\/actualites\/wp-json\/wp\/v2\/comments?post=16892"}],"version-history":[{"count":0,"href":"https:\/\/www.info-algerie.com\/actualites\/wp-json\/wp\/v2\/posts\/16892\/revisions"}],"wp:featuredmedia":[{"embeddable":true,"href":"https:\/\/www.info-algerie.com\/actualites\/wp-json\/wp\/v2\/media\/16893"}],"wp:attachment":[{"href":"https:\/\/www.info-algerie.com\/actualites\/wp-json\/wp\/v2\/media?parent=16892"}],"wp:term":[{"taxonomy":"category","embeddable":true,"href":"https:\/\/www.info-algerie.com\/actualites\/wp-json\/wp\/v2\/categories?post=16892"},{"taxonomy":"post_tag","embeddable":true,"href":"https:\/\/www.info-algerie.com\/actualites\/wp-json\/wp\/v2\/tags?post=16892"}],"curies":[{"name":"wp","href":"https:\/\/api.w.org\/{rel}","templated":true}]}}