{"id":16902,"date":"2017-10-15T08:48:37","date_gmt":"2017-10-15T07:48:37","guid":{"rendered":"http:\/\/www.info-algerie.com\/actualites\/messahel-transmet-un-message-du-president-bouteflika-a-son-homologue-malien\/"},"modified":"2017-10-15T08:48:37","modified_gmt":"2017-10-15T07:48:37","slug":"messahel-transmet-un-message-du-president-bouteflika-a-son-homologue-malien","status":"publish","type":"post","link":"https:\/\/www.info-algerie.com\/actualites\/messahel-transmet-un-message-du-president-bouteflika-a-son-homologue-malien\/","title":{"rendered":"Messahel transmet un message du Pr\u00e9sident Bouteflika \u00e0 son homologue malien"},"content":{"rendered":"<div class=\"K2FeedImage\"><img decoding=\"async\" src=\"https:\/\/www.info-algerie.com\/actualites\/wp-content\/uploads\/2017\/10\/22ab9e8c71a5ec210eff04762a81f784_S.jpg\" alt=\"Messahel transmet un message du Pr&#xE9;sident Bouteflika &#xE0; son homologue malien\" \/><\/div>\n<div class=\"K2FeedIntroText\">\n<p><strong>BAMAKO &#8211; Le ministre des Affaires \u00e9trang\u00e8res, Abdelkader Messahel a \u00e9t\u00e9 re\u00e7u samedi par le pr\u00e9sident de la R\u00e9publique du Mali, Ibrahim Boubakar Ke\u00efta, auquel il a transmis les sentiments de fraternit\u00e9 et d\u2019estime du pr\u00e9sident de la R\u00e9publique Abdelaziz Bouteflika, ainsi que son message portant sur la volont\u00e9 de renforcer les relations bilat\u00e9rales et la concertation sur les questions r\u00e9gionales.<\/strong><\/p>\n<p>&#013;\n<\/p><\/div>\n<div class=\"K2FeedFullText\">&#013;<\/p>\n<p>Le Pr\u00e9sident Ke\u00efta a tenu \u00e0 r\u00e9it\u00e9rer\u00a0 sa gratitude au Pr\u00e9sident Bouteflika, pour son engagement personnel et ses efforts pour accompagner les maliens sur la voie du dialogue en vue de retrouver la paix et la stabilit\u00e9 dans le pays.<\/p>\n<p>&#013;<\/p>\n<blockquote class=\"twitter-tweet\"><p>&#013;<\/p>\n<p dir=\"ltr\" lang=\"fr\">Msg Pt Bouteflika au Pt <a href=\"https:\/\/twitter.com\/hashtag\/IBK?src=hash&amp;ref_src=twsrc%5Etfw\">#IBK<\/a>: renforcement coop\u00e9ration bilat\u00e9rale &amp; concertation sur questions r\u00e9gionales &amp; soutien processus r\u00e8glement Mali <a href=\"https:\/\/t.co\/hicv3kTncq\">pic.twitter.com\/hicv3kTncq<\/a><\/p>\n<p>&#013;<br \/>\n\u2014 Abdelkader Messahel (@Messahel_MAE) <a href=\"https:\/\/twitter.com\/Messahel_MAE\/status\/919351564837453830?ref_src=twsrc%5Etfw\">14 octobre 2017<\/a><\/p><\/blockquote>\n<p>&#013;<\/p>\n<hr \/>\n<h3><strong>Lire aussi: <a href=\"http:\/\/www.aps.dz\/algerie\/63963-mali-messahel-reaffirme-l-engagement-de-l-algerie-a-poursuivre-sa-cooperation-multiforme\" target=\"_blank\">Mali: Messahel r\u00e9affirme l&rsquo;engagement de l&rsquo;Alg\u00e9rie \u00e0 poursuivre sa coop\u00e9ration multiforme<\/a><\/strong><\/h3>\n<p>&#013;<\/p>\n<hr \/>\n<p>Il s\u2019est, par la suite, f\u00e9licit\u00e9 de la qualit\u00e9 des liens bilat\u00e9raux et du saut qualitatif qui leur a \u00e9t\u00e9 imprim\u00e9 depuis sa visite \u00e0 Alger en mars 2015, tout en marquant l\u2019int\u00e9r\u00eat qu\u2019il porte au renforcement de la coop\u00e9ration entre les deux pays. Il s\u2019est \u00e9galement f\u00e9licit\u00e9 de la participation alg\u00e9rienne \u00e0 la prochaine \u00e9dition de la Foire internationale de Bamako, en qualit\u00e9 d\u2019invit\u00e9 d\u2019honneur.<\/p>\n<p>&#013;<\/p>\n<p><strong><a href=\"http:\/\/www.aps.dz\/algerie\/63956-hommage-du-president-malien-au-president-bouteflika-pour-ses-efforts-en-faveur-de-la-paix\">Le Pr\u00e9sident Ke\u00efta<\/a><\/strong> a, par ailleurs, abord\u00e9 la situation dans son pays et dans la r\u00e9gion, tout comme la mise en oeuvre de l\u2019Accord pour la paix et la r\u00e9conciliation au Mali. Il a mis un accent particulier sur les d\u00e9fis auxquels est confront\u00e9e la r\u00e9gion en soulignant la n\u00e9cessit\u00e9 d\u2019une concertation accrue entre les deux pays pour y faire face.<\/p>\n<p>&#013;<\/p>\n<hr \/>\n<h3>Lire aussi: <a href=\"http:\/\/www.aps.dz\/algerie\/63093-messahel-prend-part-a-new-york-a-la-reunion-du-comite-de-mise-en-oeuvre-de-l-accord-de-paix-au-mali\" target=\"_blank\">Messahel prend part \u00e0 New York \u00e0 la r\u00e9union\u00a0du Comit\u00e9 de mise en \u0153uvre de l&rsquo;accord de paix au Mali<\/a><\/h3>\n<p>&#013;<\/p>\n<hr \/>\n<p>Pour sa part, <strong><a href=\"http:\/\/www.aps.dz\/algerie\/63944-messahel-prend-part-a-bamako-au-travaux-de-la-conference-regionale-sur-la-securite-au-mali-et-dans-le-sahel\">M. Messahel<\/a><\/strong>, qui effectue une <strong><a href=\"http:\/\/www.aps.dz\/algerie\/63850-messahel-en-tournee-dans-les-pays-du-sahel-a-partir-de-jeudi\">tourn\u00e9e<\/a><\/strong> dans les capitales de certains pays du Sahel, a renouvel\u00e9 l\u2019engagement de l\u2019Alg\u00e9rie \u00e0 poursuivre la coop\u00e9ration avec le Mali en vue d\u2019accompagner les fr\u00e8res maliens dans leur qu\u00eate de stabilit\u00e9 et pour sortir de la crise que conna\u00eet le pays. Il s\u2019est, par la m\u00eame occasion, f\u00e9licit\u00e9 du niveau atteint dans la mise en \u0153uvre des d\u00e9cisions issues de la derni\u00e8re session de la Haute Commission mixte alg\u00e9ro-malienne, tenue en novembre 2016 \u00e0 Bamako.<\/p>\n<p>&#013;<\/p>\n<p>Le message du Pr\u00e9sident de la R\u00e9publique a \u00e9galement port\u00e9 sur la situation dans la r\u00e9gion. A ce titre, M. Messahel a \u00e9voqu\u00e9 les diff\u00e9rentes menaces dans la zone du Sahel notamment le terrorisme, le crime organis\u00e9 et la migration clandestine, sur lesquelles une concertation r\u00e9guli\u00e8re entre les deux pays est n\u00e9cessaire.<\/p>\n<p>&#013;<\/p>\n<hr \/>\n<h3>Lire aussi: <a href=\"http:\/\/www.aps.dz\/algerie\/63031-boubacar-keita-loue-le-role-de-l-algerie-dans-la-conclusion-de-l-accord-de-paix-au-mali\" target=\"_blank\">Boubacar Keita loue le r\u00f4le de l&rsquo;Alg\u00e9rie dans la\u00a0conclusion de l&rsquo;accord de paix au Mali<\/a><\/h3>\n<p>&#013;<\/p>\n<hr \/>\n<p>Le Pr\u00e9sident malien a charg\u00e9 le ministre Abdelkader Messahel de transmettre ses salutations fraternelles et ses sentiments d\u2019estime et de consid\u00e9ration au pr\u00e9sident de la R\u00e9publique, Abdelaziz Bouteflika. L\u2019entretien s\u2019est d\u00e9roul\u00e9 en pr\u00e9sence du ministre malien des Affaires \u00e9trang\u00e8res, Abdoulaye Diop.<\/p>\n<\/div>\n<p>&#013;<br \/>\nSource: <a href=\"http:\/\/www.aps.dz\/algerie\/63970-messahel-transmet-un-message-du-president-bouteflika-a-son-homologue-malien\" target=\"_blank\">Messahel transmet un message du Pr\u00e9sident Bouteflika \u00e0 son homologue malien<\/a><\/p>\n<!--CusAds0-->\n<div style=\"font-size: 0px; height: 0px; line-height: 0px; margin: 0; padding: 0; clear: both;\"><\/div>","protected":false},"excerpt":{"rendered":"<p>BAMAKO &#8211; Le ministre des Affaires \u00e9trang\u00e8res, Abdelkader Messahel a \u00e9t\u00e9 re\u00e7u samedi par le pr\u00e9sident de la R\u00e9publique du Mali, Ibrahim Boubakar Ke\u00efta, auquel il a transmis les sentiments de fraternit\u00e9 et d\u2019estime du pr\u00e9sident de la R\u00e9publique Abdelaziz Bouteflika, ainsi que son message portant sur la volont\u00e9 de renforcer les relations bilat\u00e9rales et<\/p>\n","protected":false},"author":6,"featured_media":16903,"comment_status":"open","ping_status":"open","sticky":false,"template":"","format":"standard","meta":{"footnotes":""},"categories":[22],"tags":[93],"class_list":["post-16902","post","type-post","status-publish","format-standard","has-post-thumbnail","hentry","category-infos","tag-onu"],"yoast_head":"<!-- This site is optimized with the Yoast SEO plugin v27.5 - https:\/\/yoast.com\/product\/yoast-seo-wordpress\/ -->\n<title>Messahel transmet un message du Pr\u00e9sident Bouteflika \u00e0 son homologue malien - info algerie<\/title>\n<meta name=\"robots\" content=\"index, follow, max-snippet:-1, max-image-preview:large, max-video-preview:-1\" \/>\n<link rel=\"canonical\" href=\"https:\/\/www.info-algerie.com\/actualites\/messahel-transmet-un-message-du-president-bouteflika-a-son-homologue-malien\/\" \/>\n<meta property=\"og:locale\" content=\"fr_FR\" \/>\n<meta property=\"og:type\" content=\"article\" \/>\n<meta property=\"og:title\" content=\"Messahel transmet un message du Pr\u00e9sident Bouteflika \u00e0 son homologue malien - info algerie\" \/>\n<meta property=\"og:description\" content=\"BAMAKO &#8211; Le ministre des Affaires \u00e9trang\u00e8res, Abdelkader Messahel a \u00e9t\u00e9 re\u00e7u samedi par le pr\u00e9sident de la R\u00e9publique du Mali, Ibrahim Boubakar Ke\u00efta, auquel il a transmis les sentiments de fraternit\u00e9 et d\u2019estime du pr\u00e9sident de la R\u00e9publique Abdelaziz Bouteflika, ainsi que son message portant sur la volont\u00e9 de renforcer les relations bilat\u00e9rales et\" \/>\n<meta property=\"og:url\" content=\"https:\/\/www.info-algerie.com\/actualites\/messahel-transmet-un-message-du-president-bouteflika-a-son-homologue-malien\/\" \/>\n<meta property=\"og:site_name\" content=\"info algerie\" \/>\n<meta property=\"article:publisher\" content=\"https:\/\/www.facebook.com\/infoalgerieactu\" \/>\n<meta property=\"article:published_time\" content=\"2017-10-15T07:48:37+00:00\" \/>\n<meta property=\"og:image\" content=\"https:\/\/www.info-algerie.com\/actualites\/wp-content\/uploads\/2017\/10\/22ab9e8c71a5ec210eff04762a81f784_S-1.jpg\" \/>\n\t<meta property=\"og:image:width\" content=\"280\" \/>\n\t<meta property=\"og:image:height\" content=\"169\" \/>\n\t<meta property=\"og:image:type\" content=\"image\/jpeg\" \/>\n<meta name=\"author\" content=\"La r\u00e9daction\" \/>\n<meta name=\"twitter:label1\" content=\"\u00c9crit par\" \/>\n\t<meta name=\"twitter:data1\" content=\"La r\u00e9daction\" \/>\n\t<meta name=\"twitter:label2\" content=\"Dur\u00e9e de lecture estim\u00e9e\" \/>\n\t<meta name=\"twitter:data2\" content=\"3 minutes\" \/>\n<script type=\"application\/ld+json\" class=\"yoast-schema-graph\">{\"@context\":\"https:\\\/\\\/schema.org\",\"@graph\":[{\"@type\":\"Article\",\"@id\":\"https:\\\/\\\/www.info-algerie.com\\\/actualites\\\/messahel-transmet-un-message-du-president-bouteflika-a-son-homologue-malien\\\/#article\",\"isPartOf\":{\"@id\":\"https:\\\/\\\/www.info-algerie.com\\\/actualites\\\/messahel-transmet-un-message-du-president-bouteflika-a-son-homologue-malien\\\/\"},\"author\":{\"name\":\"La r\u00e9daction\",\"@id\":\"https:\\\/\\\/www.info-algerie.com\\\/actualites\\\/#\\\/schema\\\/person\\\/847aaec44920825b843a08f30ec6aa1e\"},\"headline\":\"Messahel transmet un message du Pr\u00e9sident Bouteflika \u00e0 son homologue malien\",\"datePublished\":\"2017-10-15T07:48:37+00:00\",\"mainEntityOfPage\":{\"@id\":\"https:\\\/\\\/www.info-algerie.com\\\/actualites\\\/messahel-transmet-un-message-du-president-bouteflika-a-son-homologue-malien\\\/\"},\"wordCount\":586,\"commentCount\":0,\"publisher\":{\"@id\":\"https:\\\/\\\/www.info-algerie.com\\\/actualites\\\/#organization\"},\"image\":{\"@id\":\"https:\\\/\\\/www.info-algerie.com\\\/actualites\\\/messahel-transmet-un-message-du-president-bouteflika-a-son-homologue-malien\\\/#primaryimage\"},\"thumbnailUrl\":\"https:\\\/\\\/www.info-algerie.com\\\/actualites\\\/wp-content\\\/uploads\\\/2017\\\/10\\\/22ab9e8c71a5ec210eff04762a81f784_S-1.jpg\",\"keywords\":[\"ONU\"],\"articleSection\":[\"infos\"],\"inLanguage\":\"fr-FR\",\"potentialAction\":[{\"@type\":\"CommentAction\",\"name\":\"Comment\",\"target\":[\"https:\\\/\\\/www.info-algerie.com\\\/actualites\\\/messahel-transmet-un-message-du-president-bouteflika-a-son-homologue-malien\\\/#respond\"]}]},{\"@type\":\"WebPage\",\"@id\":\"https:\\\/\\\/www.info-algerie.com\\\/actualites\\\/messahel-transmet-un-message-du-president-bouteflika-a-son-homologue-malien\\\/\",\"url\":\"https:\\\/\\\/www.info-algerie.com\\\/actualites\\\/messahel-transmet-un-message-du-president-bouteflika-a-son-homologue-malien\\\/\",\"name\":\"Messahel transmet un message du Pr\u00e9sident Bouteflika \u00e0 son homologue malien - info algerie\",\"isPartOf\":{\"@id\":\"https:\\\/\\\/www.info-algerie.com\\\/actualites\\\/#website\"},\"primaryImageOfPage\":{\"@id\":\"https:\\\/\\\/www.info-algerie.com\\\/actualites\\\/messahel-transmet-un-message-du-president-bouteflika-a-son-homologue-malien\\\/#primaryimage\"},\"image\":{\"@id\":\"https:\\\/\\\/www.info-algerie.com\\\/actualites\\\/messahel-transmet-un-message-du-president-bouteflika-a-son-homologue-malien\\\/#primaryimage\"},\"thumbnailUrl\":\"https:\\\/\\\/www.info-algerie.com\\\/actualites\\\/wp-content\\\/uploads\\\/2017\\\/10\\\/22ab9e8c71a5ec210eff04762a81f784_S-1.jpg\",\"datePublished\":\"2017-10-15T07:48:37+00:00\",\"breadcrumb\":{\"@id\":\"https:\\\/\\\/www.info-algerie.com\\\/actualites\\\/messahel-transmet-un-message-du-president-bouteflika-a-son-homologue-malien\\\/#breadcrumb\"},\"inLanguage\":\"fr-FR\",\"potentialAction\":[{\"@type\":\"ReadAction\",\"target\":[\"https:\\\/\\\/www.info-algerie.com\\\/actualites\\\/messahel-transmet-un-message-du-president-bouteflika-a-son-homologue-malien\\\/\"]}]},{\"@type\":\"ImageObject\",\"inLanguage\":\"fr-FR\",\"@id\":\"https:\\\/\\\/www.info-algerie.com\\\/actualites\\\/messahel-transmet-un-message-du-president-bouteflika-a-son-homologue-malien\\\/#primaryimage\",\"url\":\"https:\\\/\\\/www.info-algerie.com\\\/actualites\\\/wp-content\\\/uploads\\\/2017\\\/10\\\/22ab9e8c71a5ec210eff04762a81f784_S-1.jpg\",\"contentUrl\":\"https:\\\/\\\/www.info-algerie.com\\\/actualites\\\/wp-content\\\/uploads\\\/2017\\\/10\\\/22ab9e8c71a5ec210eff04762a81f784_S-1.jpg\",\"width\":280,\"height\":169},{\"@type\":\"BreadcrumbList\",\"@id\":\"https:\\\/\\\/www.info-algerie.com\\\/actualites\\\/messahel-transmet-un-message-du-president-bouteflika-a-son-homologue-malien\\\/#breadcrumb\",\"itemListElement\":[{\"@type\":\"ListItem\",\"position\":1,\"name\":\"Accueil\",\"item\":\"https:\\\/\\\/www.info-algerie.com\\\/actualites\\\/\"},{\"@type\":\"ListItem\",\"position\":2,\"name\":\"Messahel transmet un message du Pr\u00e9sident Bouteflika \u00e0 son homologue malien\"}]},{\"@type\":\"WebSite\",\"@id\":\"https:\\\/\\\/www.info-algerie.com\\\/actualites\\\/#website\",\"url\":\"https:\\\/\\\/www.info-algerie.com\\\/actualites\\\/\",\"name\":\"info algerie\",\"description\":\"Toutes les actualit\u00e9s\",\"publisher\":{\"@id\":\"https:\\\/\\\/www.info-algerie.com\\\/actualites\\\/#organization\"},\"potentialAction\":[{\"@type\":\"SearchAction\",\"target\":{\"@type\":\"EntryPoint\",\"urlTemplate\":\"https:\\\/\\\/www.info-algerie.com\\\/actualites\\\/?s={search_term_string}\"},\"query-input\":{\"@type\":\"PropertyValueSpecification\",\"valueRequired\":true,\"valueName\":\"search_term_string\"}}],\"inLanguage\":\"fr-FR\"},{\"@type\":\"Organization\",\"@id\":\"https:\\\/\\\/www.info-algerie.com\\\/actualites\\\/#organization\",\"name\":\"info algerie\",\"url\":\"https:\\\/\\\/www.info-algerie.com\\\/actualites\\\/\",\"logo\":{\"@type\":\"ImageObject\",\"inLanguage\":\"fr-FR\",\"@id\":\"https:\\\/\\\/www.info-algerie.com\\\/actualites\\\/#\\\/schema\\\/logo\\\/image\\\/\",\"url\":\"https:\\\/\\\/www.info-algerie.com\\\/actualites\\\/wp-content\\\/uploads\\\/2022\\\/07\\\/logo-ia-120.png\",\"contentUrl\":\"https:\\\/\\\/www.info-algerie.com\\\/actualites\\\/wp-content\\\/uploads\\\/2022\\\/07\\\/logo-ia-120.png\",\"width\":120,\"height\":43,\"caption\":\"info algerie\"},\"image\":{\"@id\":\"https:\\\/\\\/www.info-algerie.com\\\/actualites\\\/#\\\/schema\\\/logo\\\/image\\\/\"},\"sameAs\":[\"https:\\\/\\\/www.facebook.com\\\/infoalgerieactu\",\"https:\\\/\\\/x.com\\\/infoalgerie1\"]},{\"@type\":\"Person\",\"@id\":\"https:\\\/\\\/www.info-algerie.com\\\/actualites\\\/#\\\/schema\\\/person\\\/847aaec44920825b843a08f30ec6aa1e\",\"name\":\"La r\u00e9daction\",\"image\":{\"@type\":\"ImageObject\",\"inLanguage\":\"fr-FR\",\"@id\":\"https:\\\/\\\/secure.gravatar.com\\\/avatar\\\/769db425c6f465158149f1ffd6cf61ce7a8a879d11dfbef8288af36dfddd418c?s=96&d=mm&r=g\",\"url\":\"https:\\\/\\\/secure.gravatar.com\\\/avatar\\\/769db425c6f465158149f1ffd6cf61ce7a8a879d11dfbef8288af36dfddd418c?s=96&d=mm&r=g\",\"contentUrl\":\"https:\\\/\\\/secure.gravatar.com\\\/avatar\\\/769db425c6f465158149f1ffd6cf61ce7a8a879d11dfbef8288af36dfddd418c?s=96&d=mm&r=g\",\"caption\":\"La r\u00e9daction\"},\"sameAs\":[\"http:\\\/\\\/www.lkeria.com\\\/\"],\"url\":\"https:\\\/\\\/www.info-algerie.com\\\/actualites\\\/author\\\/chakib32\\\/\"}]}<\/script>\n<!-- \/ Yoast SEO plugin. -->","yoast_head_json":{"title":"Messahel transmet un message du Pr\u00e9sident Bouteflika \u00e0 son homologue malien - info algerie","robots":{"index":"index","follow":"follow","max-snippet":"max-snippet:-1","max-image-preview":"max-image-preview:large","max-video-preview":"max-video-preview:-1"},"canonical":"https:\/\/www.info-algerie.com\/actualites\/messahel-transmet-un-message-du-president-bouteflika-a-son-homologue-malien\/","og_locale":"fr_FR","og_type":"article","og_title":"Messahel transmet un message du Pr\u00e9sident Bouteflika \u00e0 son homologue malien - info algerie","og_description":"BAMAKO &#8211; Le ministre des Affaires \u00e9trang\u00e8res, Abdelkader Messahel a \u00e9t\u00e9 re\u00e7u samedi par le pr\u00e9sident de la R\u00e9publique du Mali, Ibrahim Boubakar Ke\u00efta, auquel il a transmis les sentiments de fraternit\u00e9 et d\u2019estime du pr\u00e9sident de la R\u00e9publique Abdelaziz Bouteflika, ainsi que son message portant sur la volont\u00e9 de renforcer les relations bilat\u00e9rales et","og_url":"https:\/\/www.info-algerie.com\/actualites\/messahel-transmet-un-message-du-president-bouteflika-a-son-homologue-malien\/","og_site_name":"info algerie","article_publisher":"https:\/\/www.facebook.com\/infoalgerieactu","article_published_time":"2017-10-15T07:48:37+00:00","og_image":[{"width":280,"height":169,"url":"https:\/\/www.info-algerie.com\/actualites\/wp-content\/uploads\/2017\/10\/22ab9e8c71a5ec210eff04762a81f784_S-1.jpg","type":"image\/jpeg"}],"author":"La r\u00e9daction","twitter_misc":{"\u00c9crit par":"La r\u00e9daction","Dur\u00e9e de lecture estim\u00e9e":"3 minutes"},"schema":{"@context":"https:\/\/schema.org","@graph":[{"@type":"Article","@id":"https:\/\/www.info-algerie.com\/actualites\/messahel-transmet-un-message-du-president-bouteflika-a-son-homologue-malien\/#article","isPartOf":{"@id":"https:\/\/www.info-algerie.com\/actualites\/messahel-transmet-un-message-du-president-bouteflika-a-son-homologue-malien\/"},"author":{"name":"La r\u00e9daction","@id":"https:\/\/www.info-algerie.com\/actualites\/#\/schema\/person\/847aaec44920825b843a08f30ec6aa1e"},"headline":"Messahel transmet un message du Pr\u00e9sident Bouteflika \u00e0 son homologue malien","datePublished":"2017-10-15T07:48:37+00:00","mainEntityOfPage":{"@id":"https:\/\/www.info-algerie.com\/actualites\/messahel-transmet-un-message-du-president-bouteflika-a-son-homologue-malien\/"},"wordCount":586,"commentCount":0,"publisher":{"@id":"https:\/\/www.info-algerie.com\/actualites\/#organization"},"image":{"@id":"https:\/\/www.info-algerie.com\/actualites\/messahel-transmet-un-message-du-president-bouteflika-a-son-homologue-malien\/#primaryimage"},"thumbnailUrl":"https:\/\/www.info-algerie.com\/actualites\/wp-content\/uploads\/2017\/10\/22ab9e8c71a5ec210eff04762a81f784_S-1.jpg","keywords":["ONU"],"articleSection":["infos"],"inLanguage":"fr-FR","potentialAction":[{"@type":"CommentAction","name":"Comment","target":["https:\/\/www.info-algerie.com\/actualites\/messahel-transmet-un-message-du-president-bouteflika-a-son-homologue-malien\/#respond"]}]},{"@type":"WebPage","@id":"https:\/\/www.info-algerie.com\/actualites\/messahel-transmet-un-message-du-president-bouteflika-a-son-homologue-malien\/","url":"https:\/\/www.info-algerie.com\/actualites\/messahel-transmet-un-message-du-president-bouteflika-a-son-homologue-malien\/","name":"Messahel transmet un message du Pr\u00e9sident Bouteflika \u00e0 son homologue malien - info algerie","isPartOf":{"@id":"https:\/\/www.info-algerie.com\/actualites\/#website"},"primaryImageOfPage":{"@id":"https:\/\/www.info-algerie.com\/actualites\/messahel-transmet-un-message-du-president-bouteflika-a-son-homologue-malien\/#primaryimage"},"image":{"@id":"https:\/\/www.info-algerie.com\/actualites\/messahel-transmet-un-message-du-president-bouteflika-a-son-homologue-malien\/#primaryimage"},"thumbnailUrl":"https:\/\/www.info-algerie.com\/actualites\/wp-content\/uploads\/2017\/10\/22ab9e8c71a5ec210eff04762a81f784_S-1.jpg","datePublished":"2017-10-15T07:48:37+00:00","breadcrumb":{"@id":"https:\/\/www.info-algerie.com\/actualites\/messahel-transmet-un-message-du-president-bouteflika-a-son-homologue-malien\/#breadcrumb"},"inLanguage":"fr-FR","potentialAction":[{"@type":"ReadAction","target":["https:\/\/www.info-algerie.com\/actualites\/messahel-transmet-un-message-du-president-bouteflika-a-son-homologue-malien\/"]}]},{"@type":"ImageObject","inLanguage":"fr-FR","@id":"https:\/\/www.info-algerie.com\/actualites\/messahel-transmet-un-message-du-president-bouteflika-a-son-homologue-malien\/#primaryimage","url":"https:\/\/www.info-algerie.com\/actualites\/wp-content\/uploads\/2017\/10\/22ab9e8c71a5ec210eff04762a81f784_S-1.jpg","contentUrl":"https:\/\/www.info-algerie.com\/actualites\/wp-content\/uploads\/2017\/10\/22ab9e8c71a5ec210eff04762a81f784_S-1.jpg","width":280,"height":169},{"@type":"BreadcrumbList","@id":"https:\/\/www.info-algerie.com\/actualites\/messahel-transmet-un-message-du-president-bouteflika-a-son-homologue-malien\/#breadcrumb","itemListElement":[{"@type":"ListItem","position":1,"name":"Accueil","item":"https:\/\/www.info-algerie.com\/actualites\/"},{"@type":"ListItem","position":2,"name":"Messahel transmet un message du Pr\u00e9sident Bouteflika \u00e0 son homologue malien"}]},{"@type":"WebSite","@id":"https:\/\/www.info-algerie.com\/actualites\/#website","url":"https:\/\/www.info-algerie.com\/actualites\/","name":"info algerie","description":"Toutes les actualit\u00e9s","publisher":{"@id":"https:\/\/www.info-algerie.com\/actualites\/#organization"},"potentialAction":[{"@type":"SearchAction","target":{"@type":"EntryPoint","urlTemplate":"https:\/\/www.info-algerie.com\/actualites\/?s={search_term_string}"},"query-input":{"@type":"PropertyValueSpecification","valueRequired":true,"valueName":"search_term_string"}}],"inLanguage":"fr-FR"},{"@type":"Organization","@id":"https:\/\/www.info-algerie.com\/actualites\/#organization","name":"info algerie","url":"https:\/\/www.info-algerie.com\/actualites\/","logo":{"@type":"ImageObject","inLanguage":"fr-FR","@id":"https:\/\/www.info-algerie.com\/actualites\/#\/schema\/logo\/image\/","url":"https:\/\/www.info-algerie.com\/actualites\/wp-content\/uploads\/2022\/07\/logo-ia-120.png","contentUrl":"https:\/\/www.info-algerie.com\/actualites\/wp-content\/uploads\/2022\/07\/logo-ia-120.png","width":120,"height":43,"caption":"info algerie"},"image":{"@id":"https:\/\/www.info-algerie.com\/actualites\/#\/schema\/logo\/image\/"},"sameAs":["https:\/\/www.facebook.com\/infoalgerieactu","https:\/\/x.com\/infoalgerie1"]},{"@type":"Person","@id":"https:\/\/www.info-algerie.com\/actualites\/#\/schema\/person\/847aaec44920825b843a08f30ec6aa1e","name":"La r\u00e9daction","image":{"@type":"ImageObject","inLanguage":"fr-FR","@id":"https:\/\/secure.gravatar.com\/avatar\/769db425c6f465158149f1ffd6cf61ce7a8a879d11dfbef8288af36dfddd418c?s=96&d=mm&r=g","url":"https:\/\/secure.gravatar.com\/avatar\/769db425c6f465158149f1ffd6cf61ce7a8a879d11dfbef8288af36dfddd418c?s=96&d=mm&r=g","contentUrl":"https:\/\/secure.gravatar.com\/avatar\/769db425c6f465158149f1ffd6cf61ce7a8a879d11dfbef8288af36dfddd418c?s=96&d=mm&r=g","caption":"La r\u00e9daction"},"sameAs":["http:\/\/www.lkeria.com\/"],"url":"https:\/\/www.info-algerie.com\/actualites\/author\/chakib32\/"}]}},"_links":{"self":[{"href":"https:\/\/www.info-algerie.com\/actualites\/wp-json\/wp\/v2\/posts\/16902","targetHints":{"allow":["GET"]}}],"collection":[{"href":"https:\/\/www.info-algerie.com\/actualites\/wp-json\/wp\/v2\/posts"}],"about":[{"href":"https:\/\/www.info-algerie.com\/actualites\/wp-json\/wp\/v2\/types\/post"}],"author":[{"embeddable":true,"href":"https:\/\/www.info-algerie.com\/actualites\/wp-json\/wp\/v2\/users\/6"}],"replies":[{"embeddable":true,"href":"https:\/\/www.info-algerie.com\/actualites\/wp-json\/wp\/v2\/comments?post=16902"}],"version-history":[{"count":0,"href":"https:\/\/www.info-algerie.com\/actualites\/wp-json\/wp\/v2\/posts\/16902\/revisions"}],"wp:featuredmedia":[{"embeddable":true,"href":"https:\/\/www.info-algerie.com\/actualites\/wp-json\/wp\/v2\/media\/16903"}],"wp:attachment":[{"href":"https:\/\/www.info-algerie.com\/actualites\/wp-json\/wp\/v2\/media?parent=16902"}],"wp:term":[{"taxonomy":"category","embeddable":true,"href":"https:\/\/www.info-algerie.com\/actualites\/wp-json\/wp\/v2\/categories?post=16902"},{"taxonomy":"post_tag","embeddable":true,"href":"https:\/\/www.info-algerie.com\/actualites\/wp-json\/wp\/v2\/tags?post=16902"}],"curies":[{"name":"wp","href":"https:\/\/api.w.org\/{rel}","templated":true}]}}