{"id":16907,"date":"2017-10-15T13:26:13","date_gmt":"2017-10-15T12:26:13","guid":{"rendered":"http:\/\/www.info-algerie.com\/actualites\/oran-le-terroriste-mokhtar-belmokhtar-condamne-a-la-peine-capitale\/"},"modified":"2017-10-15T13:26:13","modified_gmt":"2017-10-15T12:26:13","slug":"oran-le-terroriste-mokhtar-belmokhtar-condamne-a-la-peine-capitale","status":"publish","type":"post","link":"https:\/\/www.info-algerie.com\/actualites\/oran-le-terroriste-mokhtar-belmokhtar-condamne-a-la-peine-capitale\/","title":{"rendered":"Oran: le terroriste Mokhtar Belmokhtar condamn\u00e9 \u00e0 la peine capitale"},"content":{"rendered":"<div class=\"K2FeedImage\"><img decoding=\"async\" src=\"https:\/\/www.info-algerie.com\/actualites\/wp-content\/uploads\/2017\/10\/5849fcc22149de29809e8f7f865d63bf_S.jpg\" alt=\"Oran: le terroriste Mokhtar Belmokhtar condamn&#xE9; &#xE0; la peine capitale\" \/><\/div>\n<div class=\"K2FeedIntroText\">\n<p>ORAN &#8211; Le terroriste Mokhtar Belmokhtar, alias Belaouar, a \u00e9t\u00e9 condamn\u00e9, dimanche par le tribunal criminel d\u2019Oran, \u00e0 la peine capitale par contumace pour cr\u00e9ation et gestion d\u2019une organisation terroriste, ainsi que pour la d\u00e9tention, l\u2019importation, l\u2019exportation et la commercialisation d\u2019armes et de munitions.<\/p>\n<p>&#013;\n<\/p><\/div>\n<div class=\"K2FeedFullText\">&#013;<\/p>\n<p>Auparavant, le repr\u00e9sentant du minist\u00e8re public avait requis la peine capitale contre Mokhtar Belmokhtar, chef du groupe terroriste Aqmi. Cette affaire est revenue, dimanche, au tribunal criminel d\u2019Oran o\u00f9 elle a \u00e9t\u00e9 de nouveau jug\u00e9e, apr\u00e8s cassation.<\/p>\n<p>&#013;<\/p>\n<p>Mokhtar Belmokhtar, actuellement en fuite, a \u00e9t\u00e9 jug\u00e9, en 2012, et condamn\u00e9 par contumace \u00e0 la r\u00e9clusion criminelle \u00e0 perp\u00e9tuit\u00e9. Le verdict a \u00e9t\u00e9 rendu par le tribunal criminel d&rsquo;Oran en mai 2012, \u00e0 l&rsquo;issue du proc\u00e8s de neuf membres d\u2019un groupe terroriste dont quatre en fuite, y compris Mokhtar Belmokhtar.<\/p>\n<p>&#013;<\/p>\n<p>Ses trois complices, toujours en cavale, avaient \u00e9cop\u00e9 par contumace de 20 ann\u00e9es de prison ferme. En outre, cinq autres personnes, toutes originaires de la wilaya d&rsquo;Oran, \u00e9taient pr\u00e9sentes \u00e0 leur proc\u00e8s, \u00e0 l&rsquo;issue duquel quatre d&rsquo;entre elles ont \u00e9t\u00e9 condamn\u00e9es \u00e0 huit ann\u00e9es de r\u00e9clusion criminelle et le cinqui\u00e8me a \u00e9t\u00e9 acquitt\u00e9e, faute de preuves.<\/p>\n<p>&#013;<\/p>\n<p class=\"MsoNormal\">L\u2019affaire a \u00e9clat\u00e9 en avril 2011. Les mis en cause projetaient d\u2019enlever des ressortissants \u00e9trangers, pr\u00e9cis\u00e9ment des ouvriers en charge de la r\u00e9alisation du tramway d\u2019Oran.<\/p>\n<\/div>\n<p>&#013;<br \/>\nSource: <a href=\"http:\/\/www.aps.dz\/algerie\/63991-oran-le-terroriste-mokhtar-belmokhtar-condamne-a-la-peine-capitale\" target=\"_blank\">Oran: le terroriste Mokhtar Belmokhtar condamn\u00e9 \u00e0 la peine capitale<\/a><\/p>\n<!--CusAds0-->\n<div style=\"font-size: 0px; height: 0px; line-height: 0px; margin: 0; padding: 0; clear: both;\"><\/div>","protected":false},"excerpt":{"rendered":"<p>ORAN &#8211; Le terroriste Mokhtar Belmokhtar, alias Belaouar, a \u00e9t\u00e9 condamn\u00e9, dimanche par le tribunal criminel d\u2019Oran, \u00e0 la peine capitale par contumace pour cr\u00e9ation et gestion d\u2019une organisation terroriste, ainsi que pour la d\u00e9tention, l\u2019importation, l\u2019exportation et la commercialisation d\u2019armes et de munitions. &#013; &#013; Auparavant, le repr\u00e9sentant du minist\u00e8re public avait requis la<\/p>\n","protected":false},"author":6,"featured_media":16908,"comment_status":"open","ping_status":"open","sticky":false,"template":"","format":"standard","meta":{"footnotes":""},"categories":[22],"tags":[93],"class_list":["post-16907","post","type-post","status-publish","format-standard","has-post-thumbnail","hentry","category-infos","tag-onu"],"yoast_head":"<!-- This site is optimized with the Yoast SEO plugin v27.5 - https:\/\/yoast.com\/product\/yoast-seo-wordpress\/ -->\n<title>Oran: le terroriste Mokhtar Belmokhtar condamn\u00e9 \u00e0 la peine capitale - info algerie<\/title>\n<meta name=\"robots\" content=\"index, follow, max-snippet:-1, max-image-preview:large, max-video-preview:-1\" \/>\n<link rel=\"canonical\" href=\"https:\/\/www.info-algerie.com\/actualites\/oran-le-terroriste-mokhtar-belmokhtar-condamne-a-la-peine-capitale\/\" \/>\n<meta property=\"og:locale\" content=\"fr_FR\" \/>\n<meta property=\"og:type\" content=\"article\" \/>\n<meta property=\"og:title\" content=\"Oran: le terroriste Mokhtar Belmokhtar condamn\u00e9 \u00e0 la peine capitale - info algerie\" \/>\n<meta property=\"og:description\" content=\"ORAN &#8211; Le terroriste Mokhtar Belmokhtar, alias Belaouar, a \u00e9t\u00e9 condamn\u00e9, dimanche par le tribunal criminel d\u2019Oran, \u00e0 la peine capitale par contumace pour cr\u00e9ation et gestion d\u2019une organisation terroriste, ainsi que pour la d\u00e9tention, l\u2019importation, l\u2019exportation et la commercialisation d\u2019armes et de munitions. &#013; &#013; Auparavant, le repr\u00e9sentant du minist\u00e8re public avait requis la\" \/>\n<meta property=\"og:url\" content=\"https:\/\/www.info-algerie.com\/actualites\/oran-le-terroriste-mokhtar-belmokhtar-condamne-a-la-peine-capitale\/\" \/>\n<meta property=\"og:site_name\" content=\"info algerie\" \/>\n<meta property=\"article:publisher\" content=\"https:\/\/www.facebook.com\/infoalgerieactu\" \/>\n<meta property=\"article:published_time\" content=\"2017-10-15T12:26:13+00:00\" \/>\n<meta property=\"og:image\" content=\"https:\/\/www.info-algerie.com\/actualites\/wp-content\/uploads\/2017\/10\/5849fcc22149de29809e8f7f865d63bf_S-1.jpg\" \/>\n\t<meta property=\"og:image:width\" content=\"280\" \/>\n\t<meta property=\"og:image:height\" content=\"169\" \/>\n\t<meta property=\"og:image:type\" content=\"image\/jpeg\" \/>\n<meta name=\"author\" content=\"La r\u00e9daction\" \/>\n<meta name=\"twitter:label1\" content=\"\u00c9crit par\" \/>\n\t<meta name=\"twitter:data1\" content=\"La r\u00e9daction\" \/>\n\t<meta name=\"twitter:label2\" content=\"Dur\u00e9e de lecture estim\u00e9e\" \/>\n\t<meta name=\"twitter:data2\" content=\"1 minute\" \/>\n<script type=\"application\/ld+json\" class=\"yoast-schema-graph\">{\"@context\":\"https:\\\/\\\/schema.org\",\"@graph\":[{\"@type\":\"Article\",\"@id\":\"https:\\\/\\\/www.info-algerie.com\\\/actualites\\\/oran-le-terroriste-mokhtar-belmokhtar-condamne-a-la-peine-capitale\\\/#article\",\"isPartOf\":{\"@id\":\"https:\\\/\\\/www.info-algerie.com\\\/actualites\\\/oran-le-terroriste-mokhtar-belmokhtar-condamne-a-la-peine-capitale\\\/\"},\"author\":{\"name\":\"La r\u00e9daction\",\"@id\":\"https:\\\/\\\/www.info-algerie.com\\\/actualites\\\/#\\\/schema\\\/person\\\/847aaec44920825b843a08f30ec6aa1e\"},\"headline\":\"Oran: le terroriste Mokhtar Belmokhtar condamn\u00e9 \u00e0 la peine capitale\",\"datePublished\":\"2017-10-15T12:26:13+00:00\",\"mainEntityOfPage\":{\"@id\":\"https:\\\/\\\/www.info-algerie.com\\\/actualites\\\/oran-le-terroriste-mokhtar-belmokhtar-condamne-a-la-peine-capitale\\\/\"},\"wordCount\":257,\"commentCount\":0,\"publisher\":{\"@id\":\"https:\\\/\\\/www.info-algerie.com\\\/actualites\\\/#organization\"},\"image\":{\"@id\":\"https:\\\/\\\/www.info-algerie.com\\\/actualites\\\/oran-le-terroriste-mokhtar-belmokhtar-condamne-a-la-peine-capitale\\\/#primaryimage\"},\"thumbnailUrl\":\"https:\\\/\\\/www.info-algerie.com\\\/actualites\\\/wp-content\\\/uploads\\\/2017\\\/10\\\/5849fcc22149de29809e8f7f865d63bf_S-1.jpg\",\"keywords\":[\"ONU\"],\"articleSection\":[\"infos\"],\"inLanguage\":\"fr-FR\",\"potentialAction\":[{\"@type\":\"CommentAction\",\"name\":\"Comment\",\"target\":[\"https:\\\/\\\/www.info-algerie.com\\\/actualites\\\/oran-le-terroriste-mokhtar-belmokhtar-condamne-a-la-peine-capitale\\\/#respond\"]}]},{\"@type\":\"WebPage\",\"@id\":\"https:\\\/\\\/www.info-algerie.com\\\/actualites\\\/oran-le-terroriste-mokhtar-belmokhtar-condamne-a-la-peine-capitale\\\/\",\"url\":\"https:\\\/\\\/www.info-algerie.com\\\/actualites\\\/oran-le-terroriste-mokhtar-belmokhtar-condamne-a-la-peine-capitale\\\/\",\"name\":\"Oran: le terroriste Mokhtar Belmokhtar condamn\u00e9 \u00e0 la peine capitale - info algerie\",\"isPartOf\":{\"@id\":\"https:\\\/\\\/www.info-algerie.com\\\/actualites\\\/#website\"},\"primaryImageOfPage\":{\"@id\":\"https:\\\/\\\/www.info-algerie.com\\\/actualites\\\/oran-le-terroriste-mokhtar-belmokhtar-condamne-a-la-peine-capitale\\\/#primaryimage\"},\"image\":{\"@id\":\"https:\\\/\\\/www.info-algerie.com\\\/actualites\\\/oran-le-terroriste-mokhtar-belmokhtar-condamne-a-la-peine-capitale\\\/#primaryimage\"},\"thumbnailUrl\":\"https:\\\/\\\/www.info-algerie.com\\\/actualites\\\/wp-content\\\/uploads\\\/2017\\\/10\\\/5849fcc22149de29809e8f7f865d63bf_S-1.jpg\",\"datePublished\":\"2017-10-15T12:26:13+00:00\",\"breadcrumb\":{\"@id\":\"https:\\\/\\\/www.info-algerie.com\\\/actualites\\\/oran-le-terroriste-mokhtar-belmokhtar-condamne-a-la-peine-capitale\\\/#breadcrumb\"},\"inLanguage\":\"fr-FR\",\"potentialAction\":[{\"@type\":\"ReadAction\",\"target\":[\"https:\\\/\\\/www.info-algerie.com\\\/actualites\\\/oran-le-terroriste-mokhtar-belmokhtar-condamne-a-la-peine-capitale\\\/\"]}]},{\"@type\":\"ImageObject\",\"inLanguage\":\"fr-FR\",\"@id\":\"https:\\\/\\\/www.info-algerie.com\\\/actualites\\\/oran-le-terroriste-mokhtar-belmokhtar-condamne-a-la-peine-capitale\\\/#primaryimage\",\"url\":\"https:\\\/\\\/www.info-algerie.com\\\/actualites\\\/wp-content\\\/uploads\\\/2017\\\/10\\\/5849fcc22149de29809e8f7f865d63bf_S-1.jpg\",\"contentUrl\":\"https:\\\/\\\/www.info-algerie.com\\\/actualites\\\/wp-content\\\/uploads\\\/2017\\\/10\\\/5849fcc22149de29809e8f7f865d63bf_S-1.jpg\",\"width\":280,\"height\":169},{\"@type\":\"BreadcrumbList\",\"@id\":\"https:\\\/\\\/www.info-algerie.com\\\/actualites\\\/oran-le-terroriste-mokhtar-belmokhtar-condamne-a-la-peine-capitale\\\/#breadcrumb\",\"itemListElement\":[{\"@type\":\"ListItem\",\"position\":1,\"name\":\"Accueil\",\"item\":\"https:\\\/\\\/www.info-algerie.com\\\/actualites\\\/\"},{\"@type\":\"ListItem\",\"position\":2,\"name\":\"Oran: le terroriste Mokhtar Belmokhtar condamn\u00e9 \u00e0 la peine capitale\"}]},{\"@type\":\"WebSite\",\"@id\":\"https:\\\/\\\/www.info-algerie.com\\\/actualites\\\/#website\",\"url\":\"https:\\\/\\\/www.info-algerie.com\\\/actualites\\\/\",\"name\":\"info algerie\",\"description\":\"Toutes les actualit\u00e9s\",\"publisher\":{\"@id\":\"https:\\\/\\\/www.info-algerie.com\\\/actualites\\\/#organization\"},\"potentialAction\":[{\"@type\":\"SearchAction\",\"target\":{\"@type\":\"EntryPoint\",\"urlTemplate\":\"https:\\\/\\\/www.info-algerie.com\\\/actualites\\\/?s={search_term_string}\"},\"query-input\":{\"@type\":\"PropertyValueSpecification\",\"valueRequired\":true,\"valueName\":\"search_term_string\"}}],\"inLanguage\":\"fr-FR\"},{\"@type\":\"Organization\",\"@id\":\"https:\\\/\\\/www.info-algerie.com\\\/actualites\\\/#organization\",\"name\":\"info algerie\",\"url\":\"https:\\\/\\\/www.info-algerie.com\\\/actualites\\\/\",\"logo\":{\"@type\":\"ImageObject\",\"inLanguage\":\"fr-FR\",\"@id\":\"https:\\\/\\\/www.info-algerie.com\\\/actualites\\\/#\\\/schema\\\/logo\\\/image\\\/\",\"url\":\"https:\\\/\\\/www.info-algerie.com\\\/actualites\\\/wp-content\\\/uploads\\\/2022\\\/07\\\/logo-ia-120.png\",\"contentUrl\":\"https:\\\/\\\/www.info-algerie.com\\\/actualites\\\/wp-content\\\/uploads\\\/2022\\\/07\\\/logo-ia-120.png\",\"width\":120,\"height\":43,\"caption\":\"info algerie\"},\"image\":{\"@id\":\"https:\\\/\\\/www.info-algerie.com\\\/actualites\\\/#\\\/schema\\\/logo\\\/image\\\/\"},\"sameAs\":[\"https:\\\/\\\/www.facebook.com\\\/infoalgerieactu\",\"https:\\\/\\\/x.com\\\/infoalgerie1\"]},{\"@type\":\"Person\",\"@id\":\"https:\\\/\\\/www.info-algerie.com\\\/actualites\\\/#\\\/schema\\\/person\\\/847aaec44920825b843a08f30ec6aa1e\",\"name\":\"La r\u00e9daction\",\"image\":{\"@type\":\"ImageObject\",\"inLanguage\":\"fr-FR\",\"@id\":\"https:\\\/\\\/secure.gravatar.com\\\/avatar\\\/769db425c6f465158149f1ffd6cf61ce7a8a879d11dfbef8288af36dfddd418c?s=96&d=mm&r=g\",\"url\":\"https:\\\/\\\/secure.gravatar.com\\\/avatar\\\/769db425c6f465158149f1ffd6cf61ce7a8a879d11dfbef8288af36dfddd418c?s=96&d=mm&r=g\",\"contentUrl\":\"https:\\\/\\\/secure.gravatar.com\\\/avatar\\\/769db425c6f465158149f1ffd6cf61ce7a8a879d11dfbef8288af36dfddd418c?s=96&d=mm&r=g\",\"caption\":\"La r\u00e9daction\"},\"sameAs\":[\"http:\\\/\\\/www.lkeria.com\\\/\"],\"url\":\"https:\\\/\\\/www.info-algerie.com\\\/actualites\\\/author\\\/chakib32\\\/\"}]}<\/script>\n<!-- \/ Yoast SEO plugin. -->","yoast_head_json":{"title":"Oran: le terroriste Mokhtar Belmokhtar condamn\u00e9 \u00e0 la peine capitale - info algerie","robots":{"index":"index","follow":"follow","max-snippet":"max-snippet:-1","max-image-preview":"max-image-preview:large","max-video-preview":"max-video-preview:-1"},"canonical":"https:\/\/www.info-algerie.com\/actualites\/oran-le-terroriste-mokhtar-belmokhtar-condamne-a-la-peine-capitale\/","og_locale":"fr_FR","og_type":"article","og_title":"Oran: le terroriste Mokhtar Belmokhtar condamn\u00e9 \u00e0 la peine capitale - info algerie","og_description":"ORAN &#8211; Le terroriste Mokhtar Belmokhtar, alias Belaouar, a \u00e9t\u00e9 condamn\u00e9, dimanche par le tribunal criminel d\u2019Oran, \u00e0 la peine capitale par contumace pour cr\u00e9ation et gestion d\u2019une organisation terroriste, ainsi que pour la d\u00e9tention, l\u2019importation, l\u2019exportation et la commercialisation d\u2019armes et de munitions. &#013; &#013; Auparavant, le repr\u00e9sentant du minist\u00e8re public avait requis la","og_url":"https:\/\/www.info-algerie.com\/actualites\/oran-le-terroriste-mokhtar-belmokhtar-condamne-a-la-peine-capitale\/","og_site_name":"info algerie","article_publisher":"https:\/\/www.facebook.com\/infoalgerieactu","article_published_time":"2017-10-15T12:26:13+00:00","og_image":[{"width":280,"height":169,"url":"https:\/\/www.info-algerie.com\/actualites\/wp-content\/uploads\/2017\/10\/5849fcc22149de29809e8f7f865d63bf_S-1.jpg","type":"image\/jpeg"}],"author":"La r\u00e9daction","twitter_misc":{"\u00c9crit par":"La r\u00e9daction","Dur\u00e9e de lecture estim\u00e9e":"1 minute"},"schema":{"@context":"https:\/\/schema.org","@graph":[{"@type":"Article","@id":"https:\/\/www.info-algerie.com\/actualites\/oran-le-terroriste-mokhtar-belmokhtar-condamne-a-la-peine-capitale\/#article","isPartOf":{"@id":"https:\/\/www.info-algerie.com\/actualites\/oran-le-terroriste-mokhtar-belmokhtar-condamne-a-la-peine-capitale\/"},"author":{"name":"La r\u00e9daction","@id":"https:\/\/www.info-algerie.com\/actualites\/#\/schema\/person\/847aaec44920825b843a08f30ec6aa1e"},"headline":"Oran: le terroriste Mokhtar Belmokhtar condamn\u00e9 \u00e0 la peine capitale","datePublished":"2017-10-15T12:26:13+00:00","mainEntityOfPage":{"@id":"https:\/\/www.info-algerie.com\/actualites\/oran-le-terroriste-mokhtar-belmokhtar-condamne-a-la-peine-capitale\/"},"wordCount":257,"commentCount":0,"publisher":{"@id":"https:\/\/www.info-algerie.com\/actualites\/#organization"},"image":{"@id":"https:\/\/www.info-algerie.com\/actualites\/oran-le-terroriste-mokhtar-belmokhtar-condamne-a-la-peine-capitale\/#primaryimage"},"thumbnailUrl":"https:\/\/www.info-algerie.com\/actualites\/wp-content\/uploads\/2017\/10\/5849fcc22149de29809e8f7f865d63bf_S-1.jpg","keywords":["ONU"],"articleSection":["infos"],"inLanguage":"fr-FR","potentialAction":[{"@type":"CommentAction","name":"Comment","target":["https:\/\/www.info-algerie.com\/actualites\/oran-le-terroriste-mokhtar-belmokhtar-condamne-a-la-peine-capitale\/#respond"]}]},{"@type":"WebPage","@id":"https:\/\/www.info-algerie.com\/actualites\/oran-le-terroriste-mokhtar-belmokhtar-condamne-a-la-peine-capitale\/","url":"https:\/\/www.info-algerie.com\/actualites\/oran-le-terroriste-mokhtar-belmokhtar-condamne-a-la-peine-capitale\/","name":"Oran: le terroriste Mokhtar Belmokhtar condamn\u00e9 \u00e0 la peine capitale - info algerie","isPartOf":{"@id":"https:\/\/www.info-algerie.com\/actualites\/#website"},"primaryImageOfPage":{"@id":"https:\/\/www.info-algerie.com\/actualites\/oran-le-terroriste-mokhtar-belmokhtar-condamne-a-la-peine-capitale\/#primaryimage"},"image":{"@id":"https:\/\/www.info-algerie.com\/actualites\/oran-le-terroriste-mokhtar-belmokhtar-condamne-a-la-peine-capitale\/#primaryimage"},"thumbnailUrl":"https:\/\/www.info-algerie.com\/actualites\/wp-content\/uploads\/2017\/10\/5849fcc22149de29809e8f7f865d63bf_S-1.jpg","datePublished":"2017-10-15T12:26:13+00:00","breadcrumb":{"@id":"https:\/\/www.info-algerie.com\/actualites\/oran-le-terroriste-mokhtar-belmokhtar-condamne-a-la-peine-capitale\/#breadcrumb"},"inLanguage":"fr-FR","potentialAction":[{"@type":"ReadAction","target":["https:\/\/www.info-algerie.com\/actualites\/oran-le-terroriste-mokhtar-belmokhtar-condamne-a-la-peine-capitale\/"]}]},{"@type":"ImageObject","inLanguage":"fr-FR","@id":"https:\/\/www.info-algerie.com\/actualites\/oran-le-terroriste-mokhtar-belmokhtar-condamne-a-la-peine-capitale\/#primaryimage","url":"https:\/\/www.info-algerie.com\/actualites\/wp-content\/uploads\/2017\/10\/5849fcc22149de29809e8f7f865d63bf_S-1.jpg","contentUrl":"https:\/\/www.info-algerie.com\/actualites\/wp-content\/uploads\/2017\/10\/5849fcc22149de29809e8f7f865d63bf_S-1.jpg","width":280,"height":169},{"@type":"BreadcrumbList","@id":"https:\/\/www.info-algerie.com\/actualites\/oran-le-terroriste-mokhtar-belmokhtar-condamne-a-la-peine-capitale\/#breadcrumb","itemListElement":[{"@type":"ListItem","position":1,"name":"Accueil","item":"https:\/\/www.info-algerie.com\/actualites\/"},{"@type":"ListItem","position":2,"name":"Oran: le terroriste Mokhtar Belmokhtar condamn\u00e9 \u00e0 la peine capitale"}]},{"@type":"WebSite","@id":"https:\/\/www.info-algerie.com\/actualites\/#website","url":"https:\/\/www.info-algerie.com\/actualites\/","name":"info algerie","description":"Toutes les actualit\u00e9s","publisher":{"@id":"https:\/\/www.info-algerie.com\/actualites\/#organization"},"potentialAction":[{"@type":"SearchAction","target":{"@type":"EntryPoint","urlTemplate":"https:\/\/www.info-algerie.com\/actualites\/?s={search_term_string}"},"query-input":{"@type":"PropertyValueSpecification","valueRequired":true,"valueName":"search_term_string"}}],"inLanguage":"fr-FR"},{"@type":"Organization","@id":"https:\/\/www.info-algerie.com\/actualites\/#organization","name":"info algerie","url":"https:\/\/www.info-algerie.com\/actualites\/","logo":{"@type":"ImageObject","inLanguage":"fr-FR","@id":"https:\/\/www.info-algerie.com\/actualites\/#\/schema\/logo\/image\/","url":"https:\/\/www.info-algerie.com\/actualites\/wp-content\/uploads\/2022\/07\/logo-ia-120.png","contentUrl":"https:\/\/www.info-algerie.com\/actualites\/wp-content\/uploads\/2022\/07\/logo-ia-120.png","width":120,"height":43,"caption":"info algerie"},"image":{"@id":"https:\/\/www.info-algerie.com\/actualites\/#\/schema\/logo\/image\/"},"sameAs":["https:\/\/www.facebook.com\/infoalgerieactu","https:\/\/x.com\/infoalgerie1"]},{"@type":"Person","@id":"https:\/\/www.info-algerie.com\/actualites\/#\/schema\/person\/847aaec44920825b843a08f30ec6aa1e","name":"La r\u00e9daction","image":{"@type":"ImageObject","inLanguage":"fr-FR","@id":"https:\/\/secure.gravatar.com\/avatar\/769db425c6f465158149f1ffd6cf61ce7a8a879d11dfbef8288af36dfddd418c?s=96&d=mm&r=g","url":"https:\/\/secure.gravatar.com\/avatar\/769db425c6f465158149f1ffd6cf61ce7a8a879d11dfbef8288af36dfddd418c?s=96&d=mm&r=g","contentUrl":"https:\/\/secure.gravatar.com\/avatar\/769db425c6f465158149f1ffd6cf61ce7a8a879d11dfbef8288af36dfddd418c?s=96&d=mm&r=g","caption":"La r\u00e9daction"},"sameAs":["http:\/\/www.lkeria.com\/"],"url":"https:\/\/www.info-algerie.com\/actualites\/author\/chakib32\/"}]}},"_links":{"self":[{"href":"https:\/\/www.info-algerie.com\/actualites\/wp-json\/wp\/v2\/posts\/16907","targetHints":{"allow":["GET"]}}],"collection":[{"href":"https:\/\/www.info-algerie.com\/actualites\/wp-json\/wp\/v2\/posts"}],"about":[{"href":"https:\/\/www.info-algerie.com\/actualites\/wp-json\/wp\/v2\/types\/post"}],"author":[{"embeddable":true,"href":"https:\/\/www.info-algerie.com\/actualites\/wp-json\/wp\/v2\/users\/6"}],"replies":[{"embeddable":true,"href":"https:\/\/www.info-algerie.com\/actualites\/wp-json\/wp\/v2\/comments?post=16907"}],"version-history":[{"count":0,"href":"https:\/\/www.info-algerie.com\/actualites\/wp-json\/wp\/v2\/posts\/16907\/revisions"}],"wp:featuredmedia":[{"embeddable":true,"href":"https:\/\/www.info-algerie.com\/actualites\/wp-json\/wp\/v2\/media\/16908"}],"wp:attachment":[{"href":"https:\/\/www.info-algerie.com\/actualites\/wp-json\/wp\/v2\/media?parent=16907"}],"wp:term":[{"taxonomy":"category","embeddable":true,"href":"https:\/\/www.info-algerie.com\/actualites\/wp-json\/wp\/v2\/categories?post=16907"},{"taxonomy":"post_tag","embeddable":true,"href":"https:\/\/www.info-algerie.com\/actualites\/wp-json\/wp\/v2\/tags?post=16907"}],"curies":[{"name":"wp","href":"https:\/\/api.w.org\/{rel}","templated":true}]}}