{"id":16909,"date":"2017-10-15T13:14:19","date_gmt":"2017-10-15T12:14:19","guid":{"rendered":"http:\/\/www.info-algerie.com\/actualites\/%ef%bb%bf19-religieux-catholiques-assassines-en-algerie-dans-les-annees-1990-en-voie-de-beatification\/"},"modified":"2017-10-15T13:14:19","modified_gmt":"2017-10-15T12:14:19","slug":"%ef%bb%bf19-religieux-catholiques-assassines-en-algerie-dans-les-annees-1990-en-voie-de-beatification","status":"publish","type":"post","link":"https:\/\/www.info-algerie.com\/actualites\/%ef%bb%bf19-religieux-catholiques-assassines-en-algerie-dans-les-annees-1990-en-voie-de-beatification\/","title":{"rendered":"\ufeff19 religieux catholiques assassin\u00e9s en Alg\u00e9rie dans les ann\u00e9es 1990 en voie de b\u00e9atification"},"content":{"rendered":"<div class=\"K2FeedIntroText\">\n<p>ALGER &#8211; Dix-neuf (19) religieux et religieuses catholiques assassin\u00e9s en Alg\u00e9rie dans les ann\u00e9es 1990 par les hordes\u00a0 terroristes sont en voie de b\u00e9atification par le Pape Fran\u00e7ois, qui a entendu la cause d\u00e9fendue et port\u00e9e par l&rsquo;Eglise d&rsquo;Alg\u00e9rie, rapporte dimanche le quotidien national Reporters.<\/p>\n<p>&#013;\n<\/p><\/div>\n<div class=\"K2FeedFullText\">&#013;<\/p>\n<p>La nouvelle de leur prochaine b\u00e9atification a \u00e9t\u00e9 confirm\u00e9e par le Pape Fran\u00e7ois, qui a re\u00e7u le 1er septembre dernier au\u00a0 Saint-Si\u00e8ge, l&rsquo;archev\u00eaque d&rsquo;Alger, Mgr Paul Desfarges, accompagn\u00e9 de Jean-Paul Vesco, \u00e9v\u00eaque d&rsquo;Oran, et du p\u00e8re Thomas Georgeon, postulateur en b\u00e9atification aupr\u00e8s du Vatican \u00e0 Rome, pr\u00e9cise le journal.<\/p>\n<p>&#013;<\/p>\n<p>L&rsquo;Eglise d&rsquo;Alg\u00e9rie, les familles, religieuses et de sang, des fr\u00e8res et s\u0153urs victimes du terrorisme attendent que le processus de b\u00e9atification, enclench\u00e9 il y a 10 ans, s&rsquo;ach\u00e8ve avec la signature -proc\u00e9dure \u00ab\u00a0en cours\u00a0\u00bb- du d\u00e9cret de b\u00e9atification par le Pape lui-m\u00eame, ajoute le publication.<\/p>\n<p>&#013;<\/p>\n<p>\u00ab\u00a0Nous pensons que nous allons vers une prochaine d\u00e9claration de cette b\u00e9atification, disons, dans les mois qui viennent\u00a0\u00bb, esp\u00e8re Mgr Desfarges, qui veut voir dans cette gr\u00e2ce \u00ab\u00a0le chemin de la paix, de la r\u00e9conciliation et du pardon\u00a0\u00bb et qui souhaite qu&rsquo;elle soit \u00ab\u00a0prononc\u00e9e sur le sol alg\u00e9rien, \u00e0 Oran plus particuli\u00e8rement, l\u00e0 o\u00f9 officiait l&rsquo;\u00e9v\u00eaque Pierre Claverie\u00a0\u00bb, assassin\u00e9 en 1996.<\/p>\n<p>&#013;<\/p>\n<p>\u00ab\u00a0Nous avons bien conscience que nos dix-neuf fr\u00e8res et soeurs martyrs ne sont qu&rsquo;une toute petite goutte dans un oc\u00e9an de violence qui a vraiment meurtri l&rsquo;Alg\u00e9rie pendant une dizaine d&rsquo;ann\u00e9es, et nous ne pouvions pas penser \u00e0 nos martyrs sans penser \u00e0 tous les martyrs d&rsquo;Alg\u00e9rie\u00a0\u00bb, a t\u00e9moign\u00e9 l&rsquo;archev\u00eaque d&rsquo;Alger, qui a confi\u00e9 au quotidien Reporters que le pape Fran\u00e7ois a dit \u00ab\u00a0combien \u00e9tait vraie la souffrance que le peuple alg\u00e9rien a endur\u00e9e\u00a0\u00bb.<\/p>\n<p>&#013;<\/p>\n<p>\u00ab\u00a0Soyez tr\u00e8s d\u00e9licats car il ne faut pas blesser, il faut que l&rsquo;\u00e9vocation de ce souvenir soit une occasion de se tourner vers l&rsquo;avenir\u00a0\u00bb, a recommand\u00e9 le Pape.<\/p>\n<p>&#013;<\/p>\n<p>Pour sa part, Mgr Vesco, \u00e9v\u00eaque d&rsquo;Oran, a indiqu\u00e9, dans un entretien au quotidien fran\u00e7ais La Croix, que \u00ab\u00a0le Pape Fran\u00e7ois sait que cette b\u00e9atification peut \u00eatre un message pour aujourd&rsquo;hui, tout en comprenant que les plaies sont encore ouvertes et que cela ne doit pas se transformer en autoc\u00e9l\u00e9bration de l&rsquo;Eglise\u00a0\u00bb.<\/p>\n<p>&#013;<\/p>\n<p>Le journal La Croix rappelle que la cause de b\u00e9atification des religieux et des religieuses assassin\u00e9s en Alg\u00e9rie, arriv\u00e9e \u00e0 Rome en 2013 apr\u00e8s une phase dioc\u00e9saine entam\u00e9e en 2007, avait d\u00e9j\u00e0 obtenu \u00ab\u00a0le vote favorable des th\u00e9ologiens de la congr\u00e9gation des causes des saints\u00a0\u00bb.<\/p>\n<p>&#013;<\/p>\n<p>L&rsquo;archev\u00eaque d&rsquo;Alger, Mgr Desfarges, a relev\u00e9 que cette b\u00e9atification est le t\u00e9moignage du \u00ab\u00a0martyr de dix-neuf hommes et femmes d&rsquo;\u00e9glise qui ont donn\u00e9 leur vie \u00e0 Dieu en m\u00eame temps qu&rsquo;elles la donnaient aux autres\u00a0\u00bb.<\/p>\n<p>&#013;<\/p>\n<p class=\"MsoNormal\">\u00ab\u00a0Une vie donn\u00e9e \u00e0 Dieu qu&rsquo;ils ont v\u00e9cue dans ce mouvement de don d&rsquo;eux-m\u00eames aux habitants de ce cher pays qui est le n\u00f4tre, qu&rsquo;est l\u2019Alg\u00e9rie. Ils avaient cr\u00e9\u00e9 des liens de fraternit\u00e9, de proximit\u00e9 et au moment de l&rsquo;\u00e9preuve, ils ne se sont pas retir\u00e9s. C&rsquo;est aussi cela un martyr, celui qui, devant l&rsquo;\u00e9preuve, devant la violence, ne se retire pas, mais offre sa vie\u00a0\u00bb, a soulign\u00e9 Mgr Desfarges.<\/p>\n<\/div>\n<p>&#013;<br \/>\nSource: <a href=\"http:\/\/www.aps.dz\/algerie\/63987-19-religieux-catholiques-assassines-en-algerie-dans-les-annees-1990-en-voie-de-beatification\" target=\"_blank\">\ufeff19 religieux catholiques assassin\u00e9s en Alg\u00e9rie dans les ann\u00e9es 1990 en voie de b\u00e9atification<\/a><\/p>\n<!--CusAds0-->\n<div style=\"font-size: 0px; height: 0px; line-height: 0px; margin: 0; padding: 0; clear: both;\"><\/div>","protected":false},"excerpt":{"rendered":"<p>ALGER &#8211; Dix-neuf (19) religieux et religieuses catholiques assassin\u00e9s en Alg\u00e9rie dans les ann\u00e9es 1990 par les hordes\u00a0 terroristes sont en voie de b\u00e9atification par le Pape Fran\u00e7ois, qui a entendu la cause d\u00e9fendue et port\u00e9e par l&rsquo;Eglise d&rsquo;Alg\u00e9rie, rapporte dimanche le quotidien national Reporters. &#013; &#013; La nouvelle de leur prochaine b\u00e9atification a \u00e9t\u00e9<\/p>\n","protected":false},"author":6,"featured_media":0,"comment_status":"open","ping_status":"open","sticky":false,"template":"","format":"standard","meta":{"footnotes":""},"categories":[22],"tags":[93],"class_list":["post-16909","post","type-post","status-publish","format-standard","hentry","category-infos","tag-onu"],"yoast_head":"<!-- This site is optimized with the Yoast SEO plugin v27.5 - https:\/\/yoast.com\/product\/yoast-seo-wordpress\/ -->\n<title>\ufeff19 religieux catholiques assassin\u00e9s en Alg\u00e9rie dans les ann\u00e9es 1990 en voie de b\u00e9atification - info algerie<\/title>\n<meta name=\"robots\" content=\"index, follow, max-snippet:-1, max-image-preview:large, max-video-preview:-1\" \/>\n<link rel=\"canonical\" href=\"https:\/\/www.info-algerie.com\/actualites\/\ufeff19-religieux-catholiques-assassines-en-algerie-dans-les-annees-1990-en-voie-de-beatification\/\" \/>\n<meta property=\"og:locale\" content=\"fr_FR\" \/>\n<meta property=\"og:type\" content=\"article\" \/>\n<meta property=\"og:title\" content=\"\ufeff19 religieux catholiques assassin\u00e9s en Alg\u00e9rie dans les ann\u00e9es 1990 en voie de b\u00e9atification - info algerie\" \/>\n<meta property=\"og:description\" content=\"ALGER &#8211; Dix-neuf (19) religieux et religieuses catholiques assassin\u00e9s en Alg\u00e9rie dans les ann\u00e9es 1990 par les hordes\u00a0 terroristes sont en voie de b\u00e9atification par le Pape Fran\u00e7ois, qui a entendu la cause d\u00e9fendue et port\u00e9e par l&rsquo;Eglise d&rsquo;Alg\u00e9rie, rapporte dimanche le quotidien national Reporters. &#013; &#013; La nouvelle de leur prochaine b\u00e9atification a \u00e9t\u00e9\" \/>\n<meta property=\"og:url\" content=\"https:\/\/www.info-algerie.com\/actualites\/\ufeff19-religieux-catholiques-assassines-en-algerie-dans-les-annees-1990-en-voie-de-beatification\/\" \/>\n<meta property=\"og:site_name\" content=\"info algerie\" \/>\n<meta property=\"article:publisher\" content=\"https:\/\/www.facebook.com\/infoalgerieactu\" \/>\n<meta property=\"article:published_time\" content=\"2017-10-15T12:14:19+00:00\" \/>\n<meta name=\"author\" content=\"La r\u00e9daction\" \/>\n<meta name=\"twitter:label1\" content=\"\u00c9crit par\" \/>\n\t<meta name=\"twitter:data1\" content=\"La r\u00e9daction\" \/>\n\t<meta name=\"twitter:label2\" content=\"Dur\u00e9e de lecture estim\u00e9e\" \/>\n\t<meta name=\"twitter:data2\" content=\"3 minutes\" \/>\n<script type=\"application\/ld+json\" class=\"yoast-schema-graph\">{\"@context\":\"https:\\\/\\\/schema.org\",\"@graph\":[{\"@type\":\"Article\",\"@id\":\"https:\\\/\\\/www.info-algerie.com\\\/actualites\\\/%ef%bb%bf19-religieux-catholiques-assassines-en-algerie-dans-les-annees-1990-en-voie-de-beatification\\\/#article\",\"isPartOf\":{\"@id\":\"https:\\\/\\\/www.info-algerie.com\\\/actualites\\\/%ef%bb%bf19-religieux-catholiques-assassines-en-algerie-dans-les-annees-1990-en-voie-de-beatification\\\/\"},\"author\":{\"name\":\"La r\u00e9daction\",\"@id\":\"https:\\\/\\\/www.info-algerie.com\\\/actualites\\\/#\\\/schema\\\/person\\\/847aaec44920825b843a08f30ec6aa1e\"},\"headline\":\"\ufeff19 religieux catholiques assassin\u00e9s en Alg\u00e9rie dans les ann\u00e9es 1990 en voie de b\u00e9atification\",\"datePublished\":\"2017-10-15T12:14:19+00:00\",\"mainEntityOfPage\":{\"@id\":\"https:\\\/\\\/www.info-algerie.com\\\/actualites\\\/%ef%bb%bf19-religieux-catholiques-assassines-en-algerie-dans-les-annees-1990-en-voie-de-beatification\\\/\"},\"wordCount\":632,\"commentCount\":0,\"publisher\":{\"@id\":\"https:\\\/\\\/www.info-algerie.com\\\/actualites\\\/#organization\"},\"keywords\":[\"ONU\"],\"articleSection\":[\"infos\"],\"inLanguage\":\"fr-FR\",\"potentialAction\":[{\"@type\":\"CommentAction\",\"name\":\"Comment\",\"target\":[\"https:\\\/\\\/www.info-algerie.com\\\/actualites\\\/%ef%bb%bf19-religieux-catholiques-assassines-en-algerie-dans-les-annees-1990-en-voie-de-beatification\\\/#respond\"]}]},{\"@type\":\"WebPage\",\"@id\":\"https:\\\/\\\/www.info-algerie.com\\\/actualites\\\/%ef%bb%bf19-religieux-catholiques-assassines-en-algerie-dans-les-annees-1990-en-voie-de-beatification\\\/\",\"url\":\"https:\\\/\\\/www.info-algerie.com\\\/actualites\\\/%ef%bb%bf19-religieux-catholiques-assassines-en-algerie-dans-les-annees-1990-en-voie-de-beatification\\\/\",\"name\":\"\ufeff19 religieux catholiques assassin\u00e9s en Alg\u00e9rie dans les ann\u00e9es 1990 en voie de b\u00e9atification - info algerie\",\"isPartOf\":{\"@id\":\"https:\\\/\\\/www.info-algerie.com\\\/actualites\\\/#website\"},\"datePublished\":\"2017-10-15T12:14:19+00:00\",\"breadcrumb\":{\"@id\":\"https:\\\/\\\/www.info-algerie.com\\\/actualites\\\/%ef%bb%bf19-religieux-catholiques-assassines-en-algerie-dans-les-annees-1990-en-voie-de-beatification\\\/#breadcrumb\"},\"inLanguage\":\"fr-FR\",\"potentialAction\":[{\"@type\":\"ReadAction\",\"target\":[\"https:\\\/\\\/www.info-algerie.com\\\/actualites\\\/%ef%bb%bf19-religieux-catholiques-assassines-en-algerie-dans-les-annees-1990-en-voie-de-beatification\\\/\"]}]},{\"@type\":\"BreadcrumbList\",\"@id\":\"https:\\\/\\\/www.info-algerie.com\\\/actualites\\\/%ef%bb%bf19-religieux-catholiques-assassines-en-algerie-dans-les-annees-1990-en-voie-de-beatification\\\/#breadcrumb\",\"itemListElement\":[{\"@type\":\"ListItem\",\"position\":1,\"name\":\"Accueil\",\"item\":\"https:\\\/\\\/www.info-algerie.com\\\/actualites\\\/\"},{\"@type\":\"ListItem\",\"position\":2,\"name\":\"\ufeff19 religieux catholiques assassin\u00e9s en Alg\u00e9rie dans les ann\u00e9es 1990 en voie de b\u00e9atification\"}]},{\"@type\":\"WebSite\",\"@id\":\"https:\\\/\\\/www.info-algerie.com\\\/actualites\\\/#website\",\"url\":\"https:\\\/\\\/www.info-algerie.com\\\/actualites\\\/\",\"name\":\"info algerie\",\"description\":\"Toutes les actualit\u00e9s\",\"publisher\":{\"@id\":\"https:\\\/\\\/www.info-algerie.com\\\/actualites\\\/#organization\"},\"potentialAction\":[{\"@type\":\"SearchAction\",\"target\":{\"@type\":\"EntryPoint\",\"urlTemplate\":\"https:\\\/\\\/www.info-algerie.com\\\/actualites\\\/?s={search_term_string}\"},\"query-input\":{\"@type\":\"PropertyValueSpecification\",\"valueRequired\":true,\"valueName\":\"search_term_string\"}}],\"inLanguage\":\"fr-FR\"},{\"@type\":\"Organization\",\"@id\":\"https:\\\/\\\/www.info-algerie.com\\\/actualites\\\/#organization\",\"name\":\"info algerie\",\"url\":\"https:\\\/\\\/www.info-algerie.com\\\/actualites\\\/\",\"logo\":{\"@type\":\"ImageObject\",\"inLanguage\":\"fr-FR\",\"@id\":\"https:\\\/\\\/www.info-algerie.com\\\/actualites\\\/#\\\/schema\\\/logo\\\/image\\\/\",\"url\":\"https:\\\/\\\/www.info-algerie.com\\\/actualites\\\/wp-content\\\/uploads\\\/2022\\\/07\\\/logo-ia-120.png\",\"contentUrl\":\"https:\\\/\\\/www.info-algerie.com\\\/actualites\\\/wp-content\\\/uploads\\\/2022\\\/07\\\/logo-ia-120.png\",\"width\":120,\"height\":43,\"caption\":\"info algerie\"},\"image\":{\"@id\":\"https:\\\/\\\/www.info-algerie.com\\\/actualites\\\/#\\\/schema\\\/logo\\\/image\\\/\"},\"sameAs\":[\"https:\\\/\\\/www.facebook.com\\\/infoalgerieactu\",\"https:\\\/\\\/x.com\\\/infoalgerie1\"]},{\"@type\":\"Person\",\"@id\":\"https:\\\/\\\/www.info-algerie.com\\\/actualites\\\/#\\\/schema\\\/person\\\/847aaec44920825b843a08f30ec6aa1e\",\"name\":\"La r\u00e9daction\",\"image\":{\"@type\":\"ImageObject\",\"inLanguage\":\"fr-FR\",\"@id\":\"https:\\\/\\\/secure.gravatar.com\\\/avatar\\\/769db425c6f465158149f1ffd6cf61ce7a8a879d11dfbef8288af36dfddd418c?s=96&d=mm&r=g\",\"url\":\"https:\\\/\\\/secure.gravatar.com\\\/avatar\\\/769db425c6f465158149f1ffd6cf61ce7a8a879d11dfbef8288af36dfddd418c?s=96&d=mm&r=g\",\"contentUrl\":\"https:\\\/\\\/secure.gravatar.com\\\/avatar\\\/769db425c6f465158149f1ffd6cf61ce7a8a879d11dfbef8288af36dfddd418c?s=96&d=mm&r=g\",\"caption\":\"La r\u00e9daction\"},\"sameAs\":[\"http:\\\/\\\/www.lkeria.com\\\/\"],\"url\":\"https:\\\/\\\/www.info-algerie.com\\\/actualites\\\/author\\\/chakib32\\\/\"}]}<\/script>\n<!-- \/ Yoast SEO plugin. -->","yoast_head_json":{"title":"\ufeff19 religieux catholiques assassin\u00e9s en Alg\u00e9rie dans les ann\u00e9es 1990 en voie de b\u00e9atification - info algerie","robots":{"index":"index","follow":"follow","max-snippet":"max-snippet:-1","max-image-preview":"max-image-preview:large","max-video-preview":"max-video-preview:-1"},"canonical":"https:\/\/www.info-algerie.com\/actualites\/\ufeff19-religieux-catholiques-assassines-en-algerie-dans-les-annees-1990-en-voie-de-beatification\/","og_locale":"fr_FR","og_type":"article","og_title":"\ufeff19 religieux catholiques assassin\u00e9s en Alg\u00e9rie dans les ann\u00e9es 1990 en voie de b\u00e9atification - info algerie","og_description":"ALGER &#8211; Dix-neuf (19) religieux et religieuses catholiques assassin\u00e9s en Alg\u00e9rie dans les ann\u00e9es 1990 par les hordes\u00a0 terroristes sont en voie de b\u00e9atification par le Pape Fran\u00e7ois, qui a entendu la cause d\u00e9fendue et port\u00e9e par l&rsquo;Eglise d&rsquo;Alg\u00e9rie, rapporte dimanche le quotidien national Reporters. &#013; &#013; La nouvelle de leur prochaine b\u00e9atification a \u00e9t\u00e9","og_url":"https:\/\/www.info-algerie.com\/actualites\/\ufeff19-religieux-catholiques-assassines-en-algerie-dans-les-annees-1990-en-voie-de-beatification\/","og_site_name":"info algerie","article_publisher":"https:\/\/www.facebook.com\/infoalgerieactu","article_published_time":"2017-10-15T12:14:19+00:00","author":"La r\u00e9daction","twitter_misc":{"\u00c9crit par":"La r\u00e9daction","Dur\u00e9e de lecture estim\u00e9e":"3 minutes"},"schema":{"@context":"https:\/\/schema.org","@graph":[{"@type":"Article","@id":"https:\/\/www.info-algerie.com\/actualites\/%ef%bb%bf19-religieux-catholiques-assassines-en-algerie-dans-les-annees-1990-en-voie-de-beatification\/#article","isPartOf":{"@id":"https:\/\/www.info-algerie.com\/actualites\/%ef%bb%bf19-religieux-catholiques-assassines-en-algerie-dans-les-annees-1990-en-voie-de-beatification\/"},"author":{"name":"La r\u00e9daction","@id":"https:\/\/www.info-algerie.com\/actualites\/#\/schema\/person\/847aaec44920825b843a08f30ec6aa1e"},"headline":"\ufeff19 religieux catholiques assassin\u00e9s en Alg\u00e9rie dans les ann\u00e9es 1990 en voie de b\u00e9atification","datePublished":"2017-10-15T12:14:19+00:00","mainEntityOfPage":{"@id":"https:\/\/www.info-algerie.com\/actualites\/%ef%bb%bf19-religieux-catholiques-assassines-en-algerie-dans-les-annees-1990-en-voie-de-beatification\/"},"wordCount":632,"commentCount":0,"publisher":{"@id":"https:\/\/www.info-algerie.com\/actualites\/#organization"},"keywords":["ONU"],"articleSection":["infos"],"inLanguage":"fr-FR","potentialAction":[{"@type":"CommentAction","name":"Comment","target":["https:\/\/www.info-algerie.com\/actualites\/%ef%bb%bf19-religieux-catholiques-assassines-en-algerie-dans-les-annees-1990-en-voie-de-beatification\/#respond"]}]},{"@type":"WebPage","@id":"https:\/\/www.info-algerie.com\/actualites\/%ef%bb%bf19-religieux-catholiques-assassines-en-algerie-dans-les-annees-1990-en-voie-de-beatification\/","url":"https:\/\/www.info-algerie.com\/actualites\/%ef%bb%bf19-religieux-catholiques-assassines-en-algerie-dans-les-annees-1990-en-voie-de-beatification\/","name":"\ufeff19 religieux catholiques assassin\u00e9s en Alg\u00e9rie dans les ann\u00e9es 1990 en voie de b\u00e9atification - info algerie","isPartOf":{"@id":"https:\/\/www.info-algerie.com\/actualites\/#website"},"datePublished":"2017-10-15T12:14:19+00:00","breadcrumb":{"@id":"https:\/\/www.info-algerie.com\/actualites\/%ef%bb%bf19-religieux-catholiques-assassines-en-algerie-dans-les-annees-1990-en-voie-de-beatification\/#breadcrumb"},"inLanguage":"fr-FR","potentialAction":[{"@type":"ReadAction","target":["https:\/\/www.info-algerie.com\/actualites\/%ef%bb%bf19-religieux-catholiques-assassines-en-algerie-dans-les-annees-1990-en-voie-de-beatification\/"]}]},{"@type":"BreadcrumbList","@id":"https:\/\/www.info-algerie.com\/actualites\/%ef%bb%bf19-religieux-catholiques-assassines-en-algerie-dans-les-annees-1990-en-voie-de-beatification\/#breadcrumb","itemListElement":[{"@type":"ListItem","position":1,"name":"Accueil","item":"https:\/\/www.info-algerie.com\/actualites\/"},{"@type":"ListItem","position":2,"name":"\ufeff19 religieux catholiques assassin\u00e9s en Alg\u00e9rie dans les ann\u00e9es 1990 en voie de b\u00e9atification"}]},{"@type":"WebSite","@id":"https:\/\/www.info-algerie.com\/actualites\/#website","url":"https:\/\/www.info-algerie.com\/actualites\/","name":"info algerie","description":"Toutes les actualit\u00e9s","publisher":{"@id":"https:\/\/www.info-algerie.com\/actualites\/#organization"},"potentialAction":[{"@type":"SearchAction","target":{"@type":"EntryPoint","urlTemplate":"https:\/\/www.info-algerie.com\/actualites\/?s={search_term_string}"},"query-input":{"@type":"PropertyValueSpecification","valueRequired":true,"valueName":"search_term_string"}}],"inLanguage":"fr-FR"},{"@type":"Organization","@id":"https:\/\/www.info-algerie.com\/actualites\/#organization","name":"info algerie","url":"https:\/\/www.info-algerie.com\/actualites\/","logo":{"@type":"ImageObject","inLanguage":"fr-FR","@id":"https:\/\/www.info-algerie.com\/actualites\/#\/schema\/logo\/image\/","url":"https:\/\/www.info-algerie.com\/actualites\/wp-content\/uploads\/2022\/07\/logo-ia-120.png","contentUrl":"https:\/\/www.info-algerie.com\/actualites\/wp-content\/uploads\/2022\/07\/logo-ia-120.png","width":120,"height":43,"caption":"info algerie"},"image":{"@id":"https:\/\/www.info-algerie.com\/actualites\/#\/schema\/logo\/image\/"},"sameAs":["https:\/\/www.facebook.com\/infoalgerieactu","https:\/\/x.com\/infoalgerie1"]},{"@type":"Person","@id":"https:\/\/www.info-algerie.com\/actualites\/#\/schema\/person\/847aaec44920825b843a08f30ec6aa1e","name":"La r\u00e9daction","image":{"@type":"ImageObject","inLanguage":"fr-FR","@id":"https:\/\/secure.gravatar.com\/avatar\/769db425c6f465158149f1ffd6cf61ce7a8a879d11dfbef8288af36dfddd418c?s=96&d=mm&r=g","url":"https:\/\/secure.gravatar.com\/avatar\/769db425c6f465158149f1ffd6cf61ce7a8a879d11dfbef8288af36dfddd418c?s=96&d=mm&r=g","contentUrl":"https:\/\/secure.gravatar.com\/avatar\/769db425c6f465158149f1ffd6cf61ce7a8a879d11dfbef8288af36dfddd418c?s=96&d=mm&r=g","caption":"La r\u00e9daction"},"sameAs":["http:\/\/www.lkeria.com\/"],"url":"https:\/\/www.info-algerie.com\/actualites\/author\/chakib32\/"}]}},"_links":{"self":[{"href":"https:\/\/www.info-algerie.com\/actualites\/wp-json\/wp\/v2\/posts\/16909","targetHints":{"allow":["GET"]}}],"collection":[{"href":"https:\/\/www.info-algerie.com\/actualites\/wp-json\/wp\/v2\/posts"}],"about":[{"href":"https:\/\/www.info-algerie.com\/actualites\/wp-json\/wp\/v2\/types\/post"}],"author":[{"embeddable":true,"href":"https:\/\/www.info-algerie.com\/actualites\/wp-json\/wp\/v2\/users\/6"}],"replies":[{"embeddable":true,"href":"https:\/\/www.info-algerie.com\/actualites\/wp-json\/wp\/v2\/comments?post=16909"}],"version-history":[{"count":0,"href":"https:\/\/www.info-algerie.com\/actualites\/wp-json\/wp\/v2\/posts\/16909\/revisions"}],"wp:attachment":[{"href":"https:\/\/www.info-algerie.com\/actualites\/wp-json\/wp\/v2\/media?parent=16909"}],"wp:term":[{"taxonomy":"category","embeddable":true,"href":"https:\/\/www.info-algerie.com\/actualites\/wp-json\/wp\/v2\/categories?post=16909"},{"taxonomy":"post_tag","embeddable":true,"href":"https:\/\/www.info-algerie.com\/actualites\/wp-json\/wp\/v2\/tags?post=16909"}],"curies":[{"name":"wp","href":"https:\/\/api.w.org\/{rel}","templated":true}]}}