{"id":16913,"date":"2017-10-15T16:27:57","date_gmt":"2017-10-15T15:27:57","guid":{"rendered":"http:\/\/www.info-algerie.com\/actualites\/le-gouvernement-examinera-prochainement-un-projet-de-loi-relatif-a-la-protection-des-donnees-personnelles\/"},"modified":"2017-10-15T16:27:57","modified_gmt":"2017-10-15T15:27:57","slug":"le-gouvernement-examinera-prochainement-un-projet-de-loi-relatif-a-la-protection-des-donnees-personnelles","status":"publish","type":"post","link":"https:\/\/www.info-algerie.com\/actualites\/le-gouvernement-examinera-prochainement-un-projet-de-loi-relatif-a-la-protection-des-donnees-personnelles\/","title":{"rendered":"Le gouvernement examinera &quot;prochainement&quot; un projet de loi relatif \u00e0 la protection des donn\u00e9es personnelles"},"content":{"rendered":"<div class=\"K2FeedImage\"><img decoding=\"async\" src=\"https:\/\/www.info-algerie.com\/actualites\/wp-content\/uploads\/2017\/10\/3f2ddc986ed516fb72225a1c43f542f6_S.jpg\" \/><\/div>\n<div class=\"K2FeedIntroText\">\n<p class=\"MsoNoSpacing\">ALGER- Le ministre de la Justice, Garde des sceaux, <a href=\"http:\/\/www.aps.dz\/algerie\/62531-amendement-du-code-de-l-organisation-penitentiaire-et-de-la-reinsertion-pour-introduire-le-bracelet-electronique\"><strong>Tayeb Louh<\/strong><\/a>, a annonc\u00e9 dimanche que le gouvernement examinera \u00ab\u00a0prochainement\u00a0\u00bb un projet de loi relatif \u00e0 la protection des donn\u00e9es personnelles, et ce dans le cadre du parach\u00e8vement de la mise oeuvre du programme de <a href=\"http:\/\/www.aps.dz\/algerie\/59060-plan-d-action-la-reforme-de-la-justice-fera-l-objet-d-un-approfondissement-dans-ses-principaux-axes\"><strong>r\u00e9forme de la justice<\/strong><\/a> initi\u00e9, depuis 1999, par le pr\u00e9sident de la R\u00e9publique.<\/p>\n<p>&#013;\n<\/p><\/div>\n<div class=\"K2FeedFullText\">&#013;<\/p>\n<blockquote><p>&#013;<\/p>\n<p><em><strong>S&rsquo;exprimant \u00e0 l&rsquo;occasion de la 14e session de l&rsquo;Assembl\u00e9e g\u00e9n\u00e9rale du r\u00e9seau national des droits de l&rsquo;homme \u00e0 l&rsquo;h\u00f4tel Aurassi, M. Louh a indiqu\u00e9 que \u00ab\u00a0dans le cadre de la strat\u00e9gie de promotion des droits de l&rsquo;Homme, le gouvernement examinera bient\u00f4t un projet de loi relatif \u00e0 la protection des donn\u00e9es personnelles, en parach\u00e8vement de l&rsquo;arsenal l\u00e9gislatif national dans ce domaine\u00a0\u00bb.<\/strong><\/em><\/p>\n<p>&#013;\n<\/p><\/blockquote>\n<p>&#013;<\/p>\n<p>Le projet de loi relatif \u00e0 la protection des donn\u00e9es personnelles vise \u00e0 \u00ab\u00a0garantir la non utilisation des donn\u00e9es personnes \u00e0 d&rsquo;autres fins, et \u00e0 d\u00e9finir les principes \u00e0 respecter lors du traitement et de la conservation des donn\u00e9es\u00a0\u00bb.<\/p>\n<p>&#013;<\/p>\n<p>Le ministre a abord\u00e9 dans ce contexte le programme de r\u00e9forme de la justice, initi\u00e9 depuis 1999 par le pr\u00e9sident de la R\u00e9publique, M. Abdelaziz Bouteflika, qui l&rsquo;a plac\u00e9 \u00ab\u00a0priorit\u00e9 nationale\u00a0\u00bb dans le processus de r\u00e9formes globales engag\u00e9 dans le pays.<\/p>\n<p>&#013;<\/p>\n<p>Le ministre de la Justice a affirm\u00e9 dans ce contexte que la derni\u00e8re r\u00e9vision constitutionnelle dans le cadre de laquelle se d\u00e9rouleront les prochaines<a href=\"http:\/\/www.aps.dz\/algerie\/62098-elections-apc-apw-le-president-bouteflika-convoque-le-corps-electoral-pour-le-23-novembre-2017\"><strong> \u00e9lections locales<\/strong><\/a>, a permis d&rsquo;\u00e9largir la participation des citoyens, non seulement dans le choix de leur repr\u00e9sentants mais \u00e9galement dans la prise en charge directe de leurs pr\u00e9occupations quotidiennes et des questions de d\u00e9veloppement local.<\/p>\n<p>&#013;<\/p>\n<blockquote><p>&#013;<\/p>\n<p>\u00a0<em><strong>M. Louh a\u00a0soulign\u00e9 que cette r\u00e9vision \u00ab\u00a0vient consacrer le processus d\u00e9mocratique et de nouveaux principes \u00e0 m\u00eame de consolider l&rsquo;Etat de droit et mieux d\u00e9finir le principe de la s\u00e9paration des pouvoirs, de l&rsquo;ind\u00e9pendance de la justice, de la protection juridique et du contr\u00f4le de l&rsquo;action des pouvoirs publics\u00a0\u00bb.<\/strong><\/em><\/p>\n<p>&#013;\n<\/p><\/blockquote>\n<\/div>\n<p>&#013;<br \/>\nSource: <a href=\"http:\/\/www.aps.dz\/algerie\/63999-louh-le-gouvernement-examinera-prochainement-un-projet-de-loi-relatif-a-la-protection-des-donnees-personnelles\" target=\"_blank\">Le gouvernement examinera \u00ab\u00a0prochainement\u00a0\u00bb un projet de loi relatif \u00e0 la protection des donn\u00e9es personnelles<\/a><\/p>\n<!--CusAds0-->\n<div style=\"font-size: 0px; height: 0px; line-height: 0px; margin: 0; padding: 0; clear: both;\"><\/div>","protected":false},"excerpt":{"rendered":"<p>ALGER- Le ministre de la Justice, Garde des sceaux, Tayeb Louh, a annonc\u00e9 dimanche que le gouvernement examinera \u00ab\u00a0prochainement\u00a0\u00bb un projet de loi relatif \u00e0 la protection des donn\u00e9es personnelles, et ce dans le cadre du parach\u00e8vement de la mise oeuvre du programme de r\u00e9forme de la justice initi\u00e9, depuis 1999, par le pr\u00e9sident de<\/p>\n","protected":false},"author":6,"featured_media":16914,"comment_status":"open","ping_status":"open","sticky":false,"template":"","format":"standard","meta":{"footnotes":""},"categories":[22],"tags":[93],"class_list":["post-16913","post","type-post","status-publish","format-standard","has-post-thumbnail","hentry","category-infos","tag-onu"],"yoast_head":"<!-- This site is optimized with the Yoast SEO plugin v27.5 - https:\/\/yoast.com\/product\/yoast-seo-wordpress\/ -->\n<title>Le gouvernement examinera &quot;prochainement&quot; un projet de loi relatif \u00e0 la protection des donn\u00e9es personnelles - info algerie<\/title>\n<meta name=\"robots\" content=\"index, follow, max-snippet:-1, max-image-preview:large, max-video-preview:-1\" \/>\n<link rel=\"canonical\" href=\"https:\/\/www.info-algerie.com\/actualites\/le-gouvernement-examinera-prochainement-un-projet-de-loi-relatif-a-la-protection-des-donnees-personnelles\/\" \/>\n<meta property=\"og:locale\" content=\"fr_FR\" \/>\n<meta property=\"og:type\" content=\"article\" \/>\n<meta property=\"og:title\" content=\"Le gouvernement examinera &quot;prochainement&quot; un projet de loi relatif \u00e0 la protection des donn\u00e9es personnelles - info algerie\" \/>\n<meta property=\"og:description\" content=\"ALGER- Le ministre de la Justice, Garde des sceaux, Tayeb Louh, a annonc\u00e9 dimanche que le gouvernement examinera \u00ab\u00a0prochainement\u00a0\u00bb un projet de loi relatif \u00e0 la protection des donn\u00e9es personnelles, et ce dans le cadre du parach\u00e8vement de la mise oeuvre du programme de r\u00e9forme de la justice initi\u00e9, depuis 1999, par le pr\u00e9sident de\" \/>\n<meta property=\"og:url\" content=\"https:\/\/www.info-algerie.com\/actualites\/le-gouvernement-examinera-prochainement-un-projet-de-loi-relatif-a-la-protection-des-donnees-personnelles\/\" \/>\n<meta property=\"og:site_name\" content=\"info algerie\" \/>\n<meta property=\"article:publisher\" content=\"https:\/\/www.facebook.com\/infoalgerieactu\" \/>\n<meta property=\"article:published_time\" content=\"2017-10-15T15:27:57+00:00\" \/>\n<meta property=\"og:image\" content=\"https:\/\/www.info-algerie.com\/actualites\/wp-content\/uploads\/2017\/10\/3f2ddc986ed516fb72225a1c43f542f6_S-1.jpg\" \/>\n\t<meta property=\"og:image:width\" content=\"280\" \/>\n\t<meta property=\"og:image:height\" content=\"186\" \/>\n\t<meta property=\"og:image:type\" content=\"image\/jpeg\" \/>\n<meta name=\"author\" content=\"La r\u00e9daction\" \/>\n<meta name=\"twitter:label1\" content=\"\u00c9crit par\" \/>\n\t<meta name=\"twitter:data1\" content=\"La r\u00e9daction\" \/>\n\t<meta name=\"twitter:label2\" content=\"Dur\u00e9e de lecture estim\u00e9e\" \/>\n\t<meta name=\"twitter:data2\" content=\"2 minutes\" \/>\n<script type=\"application\/ld+json\" class=\"yoast-schema-graph\">{\"@context\":\"https:\\\/\\\/schema.org\",\"@graph\":[{\"@type\":\"Article\",\"@id\":\"https:\\\/\\\/www.info-algerie.com\\\/actualites\\\/le-gouvernement-examinera-prochainement-un-projet-de-loi-relatif-a-la-protection-des-donnees-personnelles\\\/#article\",\"isPartOf\":{\"@id\":\"https:\\\/\\\/www.info-algerie.com\\\/actualites\\\/le-gouvernement-examinera-prochainement-un-projet-de-loi-relatif-a-la-protection-des-donnees-personnelles\\\/\"},\"author\":{\"name\":\"La r\u00e9daction\",\"@id\":\"https:\\\/\\\/www.info-algerie.com\\\/actualites\\\/#\\\/schema\\\/person\\\/847aaec44920825b843a08f30ec6aa1e\"},\"headline\":\"Le gouvernement examinera &quot;prochainement&quot; un projet de loi relatif \u00e0 la protection des donn\u00e9es personnelles\",\"datePublished\":\"2017-10-15T15:27:57+00:00\",\"mainEntityOfPage\":{\"@id\":\"https:\\\/\\\/www.info-algerie.com\\\/actualites\\\/le-gouvernement-examinera-prochainement-un-projet-de-loi-relatif-a-la-protection-des-donnees-personnelles\\\/\"},\"wordCount\":377,\"commentCount\":0,\"publisher\":{\"@id\":\"https:\\\/\\\/www.info-algerie.com\\\/actualites\\\/#organization\"},\"image\":{\"@id\":\"https:\\\/\\\/www.info-algerie.com\\\/actualites\\\/le-gouvernement-examinera-prochainement-un-projet-de-loi-relatif-a-la-protection-des-donnees-personnelles\\\/#primaryimage\"},\"thumbnailUrl\":\"https:\\\/\\\/www.info-algerie.com\\\/actualites\\\/wp-content\\\/uploads\\\/2017\\\/10\\\/3f2ddc986ed516fb72225a1c43f542f6_S-1.jpg\",\"keywords\":[\"ONU\"],\"articleSection\":[\"infos\"],\"inLanguage\":\"fr-FR\",\"potentialAction\":[{\"@type\":\"CommentAction\",\"name\":\"Comment\",\"target\":[\"https:\\\/\\\/www.info-algerie.com\\\/actualites\\\/le-gouvernement-examinera-prochainement-un-projet-de-loi-relatif-a-la-protection-des-donnees-personnelles\\\/#respond\"]}]},{\"@type\":\"WebPage\",\"@id\":\"https:\\\/\\\/www.info-algerie.com\\\/actualites\\\/le-gouvernement-examinera-prochainement-un-projet-de-loi-relatif-a-la-protection-des-donnees-personnelles\\\/\",\"url\":\"https:\\\/\\\/www.info-algerie.com\\\/actualites\\\/le-gouvernement-examinera-prochainement-un-projet-de-loi-relatif-a-la-protection-des-donnees-personnelles\\\/\",\"name\":\"Le gouvernement examinera &quot;prochainement&quot; un projet de loi relatif \u00e0 la protection des donn\u00e9es personnelles - info algerie\",\"isPartOf\":{\"@id\":\"https:\\\/\\\/www.info-algerie.com\\\/actualites\\\/#website\"},\"primaryImageOfPage\":{\"@id\":\"https:\\\/\\\/www.info-algerie.com\\\/actualites\\\/le-gouvernement-examinera-prochainement-un-projet-de-loi-relatif-a-la-protection-des-donnees-personnelles\\\/#primaryimage\"},\"image\":{\"@id\":\"https:\\\/\\\/www.info-algerie.com\\\/actualites\\\/le-gouvernement-examinera-prochainement-un-projet-de-loi-relatif-a-la-protection-des-donnees-personnelles\\\/#primaryimage\"},\"thumbnailUrl\":\"https:\\\/\\\/www.info-algerie.com\\\/actualites\\\/wp-content\\\/uploads\\\/2017\\\/10\\\/3f2ddc986ed516fb72225a1c43f542f6_S-1.jpg\",\"datePublished\":\"2017-10-15T15:27:57+00:00\",\"breadcrumb\":{\"@id\":\"https:\\\/\\\/www.info-algerie.com\\\/actualites\\\/le-gouvernement-examinera-prochainement-un-projet-de-loi-relatif-a-la-protection-des-donnees-personnelles\\\/#breadcrumb\"},\"inLanguage\":\"fr-FR\",\"potentialAction\":[{\"@type\":\"ReadAction\",\"target\":[\"https:\\\/\\\/www.info-algerie.com\\\/actualites\\\/le-gouvernement-examinera-prochainement-un-projet-de-loi-relatif-a-la-protection-des-donnees-personnelles\\\/\"]}]},{\"@type\":\"ImageObject\",\"inLanguage\":\"fr-FR\",\"@id\":\"https:\\\/\\\/www.info-algerie.com\\\/actualites\\\/le-gouvernement-examinera-prochainement-un-projet-de-loi-relatif-a-la-protection-des-donnees-personnelles\\\/#primaryimage\",\"url\":\"https:\\\/\\\/www.info-algerie.com\\\/actualites\\\/wp-content\\\/uploads\\\/2017\\\/10\\\/3f2ddc986ed516fb72225a1c43f542f6_S-1.jpg\",\"contentUrl\":\"https:\\\/\\\/www.info-algerie.com\\\/actualites\\\/wp-content\\\/uploads\\\/2017\\\/10\\\/3f2ddc986ed516fb72225a1c43f542f6_S-1.jpg\",\"width\":280,\"height\":186},{\"@type\":\"BreadcrumbList\",\"@id\":\"https:\\\/\\\/www.info-algerie.com\\\/actualites\\\/le-gouvernement-examinera-prochainement-un-projet-de-loi-relatif-a-la-protection-des-donnees-personnelles\\\/#breadcrumb\",\"itemListElement\":[{\"@type\":\"ListItem\",\"position\":1,\"name\":\"Accueil\",\"item\":\"https:\\\/\\\/www.info-algerie.com\\\/actualites\\\/\"},{\"@type\":\"ListItem\",\"position\":2,\"name\":\"Le gouvernement examinera &quot;prochainement&quot; un projet de loi relatif \u00e0 la protection des donn\u00e9es personnelles\"}]},{\"@type\":\"WebSite\",\"@id\":\"https:\\\/\\\/www.info-algerie.com\\\/actualites\\\/#website\",\"url\":\"https:\\\/\\\/www.info-algerie.com\\\/actualites\\\/\",\"name\":\"info algerie\",\"description\":\"Toutes les actualit\u00e9s\",\"publisher\":{\"@id\":\"https:\\\/\\\/www.info-algerie.com\\\/actualites\\\/#organization\"},\"potentialAction\":[{\"@type\":\"SearchAction\",\"target\":{\"@type\":\"EntryPoint\",\"urlTemplate\":\"https:\\\/\\\/www.info-algerie.com\\\/actualites\\\/?s={search_term_string}\"},\"query-input\":{\"@type\":\"PropertyValueSpecification\",\"valueRequired\":true,\"valueName\":\"search_term_string\"}}],\"inLanguage\":\"fr-FR\"},{\"@type\":\"Organization\",\"@id\":\"https:\\\/\\\/www.info-algerie.com\\\/actualites\\\/#organization\",\"name\":\"info algerie\",\"url\":\"https:\\\/\\\/www.info-algerie.com\\\/actualites\\\/\",\"logo\":{\"@type\":\"ImageObject\",\"inLanguage\":\"fr-FR\",\"@id\":\"https:\\\/\\\/www.info-algerie.com\\\/actualites\\\/#\\\/schema\\\/logo\\\/image\\\/\",\"url\":\"https:\\\/\\\/www.info-algerie.com\\\/actualites\\\/wp-content\\\/uploads\\\/2022\\\/07\\\/logo-ia-120.png\",\"contentUrl\":\"https:\\\/\\\/www.info-algerie.com\\\/actualites\\\/wp-content\\\/uploads\\\/2022\\\/07\\\/logo-ia-120.png\",\"width\":120,\"height\":43,\"caption\":\"info algerie\"},\"image\":{\"@id\":\"https:\\\/\\\/www.info-algerie.com\\\/actualites\\\/#\\\/schema\\\/logo\\\/image\\\/\"},\"sameAs\":[\"https:\\\/\\\/www.facebook.com\\\/infoalgerieactu\",\"https:\\\/\\\/x.com\\\/infoalgerie1\"]},{\"@type\":\"Person\",\"@id\":\"https:\\\/\\\/www.info-algerie.com\\\/actualites\\\/#\\\/schema\\\/person\\\/847aaec44920825b843a08f30ec6aa1e\",\"name\":\"La r\u00e9daction\",\"image\":{\"@type\":\"ImageObject\",\"inLanguage\":\"fr-FR\",\"@id\":\"https:\\\/\\\/secure.gravatar.com\\\/avatar\\\/769db425c6f465158149f1ffd6cf61ce7a8a879d11dfbef8288af36dfddd418c?s=96&d=mm&r=g\",\"url\":\"https:\\\/\\\/secure.gravatar.com\\\/avatar\\\/769db425c6f465158149f1ffd6cf61ce7a8a879d11dfbef8288af36dfddd418c?s=96&d=mm&r=g\",\"contentUrl\":\"https:\\\/\\\/secure.gravatar.com\\\/avatar\\\/769db425c6f465158149f1ffd6cf61ce7a8a879d11dfbef8288af36dfddd418c?s=96&d=mm&r=g\",\"caption\":\"La r\u00e9daction\"},\"sameAs\":[\"http:\\\/\\\/www.lkeria.com\\\/\"],\"url\":\"https:\\\/\\\/www.info-algerie.com\\\/actualites\\\/author\\\/chakib32\\\/\"}]}<\/script>\n<!-- \/ Yoast SEO plugin. -->","yoast_head_json":{"title":"Le gouvernement examinera &quot;prochainement&quot; un projet de loi relatif \u00e0 la protection des donn\u00e9es personnelles - info algerie","robots":{"index":"index","follow":"follow","max-snippet":"max-snippet:-1","max-image-preview":"max-image-preview:large","max-video-preview":"max-video-preview:-1"},"canonical":"https:\/\/www.info-algerie.com\/actualites\/le-gouvernement-examinera-prochainement-un-projet-de-loi-relatif-a-la-protection-des-donnees-personnelles\/","og_locale":"fr_FR","og_type":"article","og_title":"Le gouvernement examinera &quot;prochainement&quot; un projet de loi relatif \u00e0 la protection des donn\u00e9es personnelles - info algerie","og_description":"ALGER- Le ministre de la Justice, Garde des sceaux, Tayeb Louh, a annonc\u00e9 dimanche que le gouvernement examinera \u00ab\u00a0prochainement\u00a0\u00bb un projet de loi relatif \u00e0 la protection des donn\u00e9es personnelles, et ce dans le cadre du parach\u00e8vement de la mise oeuvre du programme de r\u00e9forme de la justice initi\u00e9, depuis 1999, par le pr\u00e9sident de","og_url":"https:\/\/www.info-algerie.com\/actualites\/le-gouvernement-examinera-prochainement-un-projet-de-loi-relatif-a-la-protection-des-donnees-personnelles\/","og_site_name":"info algerie","article_publisher":"https:\/\/www.facebook.com\/infoalgerieactu","article_published_time":"2017-10-15T15:27:57+00:00","og_image":[{"width":280,"height":186,"url":"https:\/\/www.info-algerie.com\/actualites\/wp-content\/uploads\/2017\/10\/3f2ddc986ed516fb72225a1c43f542f6_S-1.jpg","type":"image\/jpeg"}],"author":"La r\u00e9daction","twitter_misc":{"\u00c9crit par":"La r\u00e9daction","Dur\u00e9e de lecture estim\u00e9e":"2 minutes"},"schema":{"@context":"https:\/\/schema.org","@graph":[{"@type":"Article","@id":"https:\/\/www.info-algerie.com\/actualites\/le-gouvernement-examinera-prochainement-un-projet-de-loi-relatif-a-la-protection-des-donnees-personnelles\/#article","isPartOf":{"@id":"https:\/\/www.info-algerie.com\/actualites\/le-gouvernement-examinera-prochainement-un-projet-de-loi-relatif-a-la-protection-des-donnees-personnelles\/"},"author":{"name":"La r\u00e9daction","@id":"https:\/\/www.info-algerie.com\/actualites\/#\/schema\/person\/847aaec44920825b843a08f30ec6aa1e"},"headline":"Le gouvernement examinera &quot;prochainement&quot; un projet de loi relatif \u00e0 la protection des donn\u00e9es personnelles","datePublished":"2017-10-15T15:27:57+00:00","mainEntityOfPage":{"@id":"https:\/\/www.info-algerie.com\/actualites\/le-gouvernement-examinera-prochainement-un-projet-de-loi-relatif-a-la-protection-des-donnees-personnelles\/"},"wordCount":377,"commentCount":0,"publisher":{"@id":"https:\/\/www.info-algerie.com\/actualites\/#organization"},"image":{"@id":"https:\/\/www.info-algerie.com\/actualites\/le-gouvernement-examinera-prochainement-un-projet-de-loi-relatif-a-la-protection-des-donnees-personnelles\/#primaryimage"},"thumbnailUrl":"https:\/\/www.info-algerie.com\/actualites\/wp-content\/uploads\/2017\/10\/3f2ddc986ed516fb72225a1c43f542f6_S-1.jpg","keywords":["ONU"],"articleSection":["infos"],"inLanguage":"fr-FR","potentialAction":[{"@type":"CommentAction","name":"Comment","target":["https:\/\/www.info-algerie.com\/actualites\/le-gouvernement-examinera-prochainement-un-projet-de-loi-relatif-a-la-protection-des-donnees-personnelles\/#respond"]}]},{"@type":"WebPage","@id":"https:\/\/www.info-algerie.com\/actualites\/le-gouvernement-examinera-prochainement-un-projet-de-loi-relatif-a-la-protection-des-donnees-personnelles\/","url":"https:\/\/www.info-algerie.com\/actualites\/le-gouvernement-examinera-prochainement-un-projet-de-loi-relatif-a-la-protection-des-donnees-personnelles\/","name":"Le gouvernement examinera &quot;prochainement&quot; un projet de loi relatif \u00e0 la protection des donn\u00e9es personnelles - info algerie","isPartOf":{"@id":"https:\/\/www.info-algerie.com\/actualites\/#website"},"primaryImageOfPage":{"@id":"https:\/\/www.info-algerie.com\/actualites\/le-gouvernement-examinera-prochainement-un-projet-de-loi-relatif-a-la-protection-des-donnees-personnelles\/#primaryimage"},"image":{"@id":"https:\/\/www.info-algerie.com\/actualites\/le-gouvernement-examinera-prochainement-un-projet-de-loi-relatif-a-la-protection-des-donnees-personnelles\/#primaryimage"},"thumbnailUrl":"https:\/\/www.info-algerie.com\/actualites\/wp-content\/uploads\/2017\/10\/3f2ddc986ed516fb72225a1c43f542f6_S-1.jpg","datePublished":"2017-10-15T15:27:57+00:00","breadcrumb":{"@id":"https:\/\/www.info-algerie.com\/actualites\/le-gouvernement-examinera-prochainement-un-projet-de-loi-relatif-a-la-protection-des-donnees-personnelles\/#breadcrumb"},"inLanguage":"fr-FR","potentialAction":[{"@type":"ReadAction","target":["https:\/\/www.info-algerie.com\/actualites\/le-gouvernement-examinera-prochainement-un-projet-de-loi-relatif-a-la-protection-des-donnees-personnelles\/"]}]},{"@type":"ImageObject","inLanguage":"fr-FR","@id":"https:\/\/www.info-algerie.com\/actualites\/le-gouvernement-examinera-prochainement-un-projet-de-loi-relatif-a-la-protection-des-donnees-personnelles\/#primaryimage","url":"https:\/\/www.info-algerie.com\/actualites\/wp-content\/uploads\/2017\/10\/3f2ddc986ed516fb72225a1c43f542f6_S-1.jpg","contentUrl":"https:\/\/www.info-algerie.com\/actualites\/wp-content\/uploads\/2017\/10\/3f2ddc986ed516fb72225a1c43f542f6_S-1.jpg","width":280,"height":186},{"@type":"BreadcrumbList","@id":"https:\/\/www.info-algerie.com\/actualites\/le-gouvernement-examinera-prochainement-un-projet-de-loi-relatif-a-la-protection-des-donnees-personnelles\/#breadcrumb","itemListElement":[{"@type":"ListItem","position":1,"name":"Accueil","item":"https:\/\/www.info-algerie.com\/actualites\/"},{"@type":"ListItem","position":2,"name":"Le gouvernement examinera &quot;prochainement&quot; un projet de loi relatif \u00e0 la protection des donn\u00e9es personnelles"}]},{"@type":"WebSite","@id":"https:\/\/www.info-algerie.com\/actualites\/#website","url":"https:\/\/www.info-algerie.com\/actualites\/","name":"info algerie","description":"Toutes les actualit\u00e9s","publisher":{"@id":"https:\/\/www.info-algerie.com\/actualites\/#organization"},"potentialAction":[{"@type":"SearchAction","target":{"@type":"EntryPoint","urlTemplate":"https:\/\/www.info-algerie.com\/actualites\/?s={search_term_string}"},"query-input":{"@type":"PropertyValueSpecification","valueRequired":true,"valueName":"search_term_string"}}],"inLanguage":"fr-FR"},{"@type":"Organization","@id":"https:\/\/www.info-algerie.com\/actualites\/#organization","name":"info algerie","url":"https:\/\/www.info-algerie.com\/actualites\/","logo":{"@type":"ImageObject","inLanguage":"fr-FR","@id":"https:\/\/www.info-algerie.com\/actualites\/#\/schema\/logo\/image\/","url":"https:\/\/www.info-algerie.com\/actualites\/wp-content\/uploads\/2022\/07\/logo-ia-120.png","contentUrl":"https:\/\/www.info-algerie.com\/actualites\/wp-content\/uploads\/2022\/07\/logo-ia-120.png","width":120,"height":43,"caption":"info algerie"},"image":{"@id":"https:\/\/www.info-algerie.com\/actualites\/#\/schema\/logo\/image\/"},"sameAs":["https:\/\/www.facebook.com\/infoalgerieactu","https:\/\/x.com\/infoalgerie1"]},{"@type":"Person","@id":"https:\/\/www.info-algerie.com\/actualites\/#\/schema\/person\/847aaec44920825b843a08f30ec6aa1e","name":"La r\u00e9daction","image":{"@type":"ImageObject","inLanguage":"fr-FR","@id":"https:\/\/secure.gravatar.com\/avatar\/769db425c6f465158149f1ffd6cf61ce7a8a879d11dfbef8288af36dfddd418c?s=96&d=mm&r=g","url":"https:\/\/secure.gravatar.com\/avatar\/769db425c6f465158149f1ffd6cf61ce7a8a879d11dfbef8288af36dfddd418c?s=96&d=mm&r=g","contentUrl":"https:\/\/secure.gravatar.com\/avatar\/769db425c6f465158149f1ffd6cf61ce7a8a879d11dfbef8288af36dfddd418c?s=96&d=mm&r=g","caption":"La r\u00e9daction"},"sameAs":["http:\/\/www.lkeria.com\/"],"url":"https:\/\/www.info-algerie.com\/actualites\/author\/chakib32\/"}]}},"_links":{"self":[{"href":"https:\/\/www.info-algerie.com\/actualites\/wp-json\/wp\/v2\/posts\/16913","targetHints":{"allow":["GET"]}}],"collection":[{"href":"https:\/\/www.info-algerie.com\/actualites\/wp-json\/wp\/v2\/posts"}],"about":[{"href":"https:\/\/www.info-algerie.com\/actualites\/wp-json\/wp\/v2\/types\/post"}],"author":[{"embeddable":true,"href":"https:\/\/www.info-algerie.com\/actualites\/wp-json\/wp\/v2\/users\/6"}],"replies":[{"embeddable":true,"href":"https:\/\/www.info-algerie.com\/actualites\/wp-json\/wp\/v2\/comments?post=16913"}],"version-history":[{"count":0,"href":"https:\/\/www.info-algerie.com\/actualites\/wp-json\/wp\/v2\/posts\/16913\/revisions"}],"wp:featuredmedia":[{"embeddable":true,"href":"https:\/\/www.info-algerie.com\/actualites\/wp-json\/wp\/v2\/media\/16914"}],"wp:attachment":[{"href":"https:\/\/www.info-algerie.com\/actualites\/wp-json\/wp\/v2\/media?parent=16913"}],"wp:term":[{"taxonomy":"category","embeddable":true,"href":"https:\/\/www.info-algerie.com\/actualites\/wp-json\/wp\/v2\/categories?post=16913"},{"taxonomy":"post_tag","embeddable":true,"href":"https:\/\/www.info-algerie.com\/actualites\/wp-json\/wp\/v2\/tags?post=16913"}],"curies":[{"name":"wp","href":"https:\/\/api.w.org\/{rel}","templated":true}]}}