{"id":16919,"date":"2017-10-15T17:36:17","date_gmt":"2017-10-15T16:36:17","guid":{"rendered":"http:\/\/www.info-algerie.com\/actualites\/droits-de-lhomme-les-chartes-et-traites-internationaux-respectes-en-algerie\/"},"modified":"2017-10-15T17:36:17","modified_gmt":"2017-10-15T16:36:17","slug":"droits-de-lhomme-les-chartes-et-traites-internationaux-respectes-en-algerie","status":"publish","type":"post","link":"https:\/\/www.info-algerie.com\/actualites\/droits-de-lhomme-les-chartes-et-traites-internationaux-respectes-en-algerie\/","title":{"rendered":"Droits de l&#039;Homme: les chartes et trait\u00e9s internationaux respect\u00e9s en Alg\u00e9rie"},"content":{"rendered":"<div class=\"K2FeedImage\"><img decoding=\"async\" src=\"https:\/\/www.info-algerie.com\/actualites\/wp-content\/uploads\/2017\/10\/af02e4a0c6b7c0e62c4f9f7e37532b73_S.jpg\" alt=\"Droits de l'Homme: les chartes et trait&#xE9;s internationaux respect&#xE9;s en Alg&#xE9;rie\" \/><\/div>\n<div class=\"K2FeedIntroText\">\n<p><strong>ALGER &#8211; Le ministre de la Justice, Garde des Sceaux, Tayeb Louh, a affirm\u00e9 dimanche que l&rsquo;Alg\u00e9rie a int\u00e9gr\u00e9 dans sa l\u00e9gislation les dispositions des chartes et trait\u00e9s internationaux relatifs aux droits de l&rsquo;Homme et \u00e0 la pr\u00e9servation contre toute forme de criminalit\u00e9.<\/strong><\/p>\n<p>&#013;\n<\/p><\/div>\n<div class=\"K2FeedFullText\">&#013;<\/p>\n<p>Intervenant \u00e0 l&rsquo;ouverture des travaux de la 14e session de l&rsquo;Assembl\u00e9e g\u00e9n\u00e9rale du R\u00e9seau arabe des institutions nationales des droits de l&rsquo;Homme \u00e0 l&rsquo;h\u00f4tel Aurassi (Alger), M. Louh a indiqu\u00e9 que \u00ab\u00a0l&rsquo;Alg\u00e9rie a ratifi\u00e9 et adh\u00e9r\u00e9 \u00e0 toutes les chartes et trait\u00e9s internationaux et r\u00e9gionaux relatifs au droits de l&rsquo;homme et \u00e0 la pr\u00e9vention et la lutte contre toutes les nouvelles formes de criminalit\u00e9\u00a0\u00bb, ajoutant que \u00ab\u00a0tous ces instruments internationaux sont int\u00e9gr\u00e9s dans sa l\u00e9gislation\u00a0\u00bb.\u00a0\u00a0<\/p>\n<p>&#013;<\/p>\n<p>L&rsquo;Alg\u00e9rie a suivi toutes les d\u00e9marches de l&rsquo;ONU pour \u00ab\u00a0juguler l&rsquo;incidence criminelle sur les droits de l&rsquo;homme\u00a0\u00bb, a rappel\u00e9 le ministre, citant \u00e0 titre d&rsquo;exemple \u00ab\u00a0la criminalisation du paiement des ran\u00e7ons, devenu l&rsquo;une des plus graves sources de financement du terrorisme, ainsi que la criminalisation de la traite et du trafic des \u00eatres humains\u00a0\u00bb.\u00a0\u00a0\u00a0\u00a0<\/p>\n<p>&#013;<\/p>\n<hr \/>\n<h3>Lire aussi : <a href=\"http:\/\/www.aps.dz\/algerie\/63999-louh-le-gouvernement-examinera-prochainement-un-projet-de-loi-relatif-a-la-protection-des-donnees-personnelles\" target=\"_blank\">Le gouvernement examinera \u00ab\u00a0prochainement\u00a0\u00bb un projet de loi relatif \u00e0 la protection des donn\u00e9es personnelles<\/a><\/h3>\n<p>&#013;<\/p>\n<hr \/>\n<p>Qualifiant le terrorisme de \u00ab\u00a0plus grave atteinte aux droits de l&rsquo;homme\u00a0\u00bb, M. Louh a mis en exergue l&rsquo;importance cruciale de la coop\u00e9ration et de l&rsquo;entraide entre les pays arabes pour la lutte et la pr\u00e9vention contre ce fl\u00e9au, \u00e9voquant l&rsquo;exp\u00e9rience de l&rsquo;Alg\u00e9rie dans ce domaine.<\/p>\n<p>&#013;<\/p>\n<blockquote><p>&#013;<\/p>\n<h3>\u00ab\u00a0Les acquis enregistr\u00e9s par l&rsquo;Alg\u00e9rie depuis l&rsquo;ind\u00e9pendance en mati\u00e8re de promotion des droits et libert\u00e9s, et ce gr\u00e2ce \u00e0 la politique \u00e9clair\u00e9e du pr\u00e9sident de la R\u00e9publique, Abdelaziz Bouteflika dans la gestion des affaires de l&rsquo;Etat\u00a0\u00bb<\/h3>\n<p>&#013;\n<\/p><\/blockquote>\n<p>&#013;<\/p>\n<p>Le ministre a soulign\u00e9, en outre, \u00ab\u00a0les acquis enregistr\u00e9s par l&rsquo;Alg\u00e9rie depuis l&rsquo;ind\u00e9pendance en mati\u00e8re de promotion des droits et libert\u00e9s, et ce gr\u00e2ce \u00e0 la politique \u00e9clair\u00e9e du pr\u00e9sident de la R\u00e9publique, Abdelaziz Bouteflika dans la gestion des affaires de l&rsquo;Etat\u00a0\u00bb, a-t-il dit. \u00ab\u00a0Une politique marqu\u00e9e d\u00e9s le d\u00e9but par le respect des id\u00e9aux, valeurs et principes nationaux et soucieuse de l&rsquo;adaptation au d\u00e9veloppement, \u00e0 la modernit\u00e9 et \u00e0 la prospection pour une meilleure r\u00e9ponse au pr\u00e9occupation et aspirations du citoyen\u00a0\u00bb, a ajout\u00e9 M. Louh.<\/p>\n<p>&#013;<\/p>\n<hr \/>\n<h3>Lire aussi : <a href=\"http:\/\/www.aps.dz\/algerie\/61293-les-droits-de-l-homme-appliques-naturellement-par-toutes-les-institutions-et-sous-le-controle-de-la-magistrature\" target=\"_blank\">Les droits de l&rsquo;Homme appliqu\u00e9s naturellement par toutes les institutions et sous le contr\u00f4le de la magistrature<\/a><\/h3>\n<p>&#013;<\/p>\n<hr \/>\n<p>Estimant que \u00ab\u00a0la libert\u00e9, la justice, la dignit\u00e9 et autres valeurs fondamentales ne se concr\u00e9tisent pas seulement par des contenus politiques de m\u00eame que les droits \u00e9conomiques ne peuvent exister sans fondement d\u00e9mocratique, le ministre a expliqu\u00e9 que \u00ab\u00a0c&rsquo;est ainsi pourquoi l&rsquo;Alg\u00e9rie s\u2019attelle dans ses programmes de r\u00e9formes \u00e0 garantir tous ces droits \u00ab\u00a0.\u00a0\u00a0\u00a0<\/p>\n<p>&#013;<\/p>\n<p>Les travaux de la 14e session de l&rsquo;Assembl\u00e9e g\u00e9n\u00e9rale du R\u00e9seau arabe des institutions nationales des droits de l&rsquo;homme se poursuivront lundi \u00e0 huis clos pour \u00e9laborer le projet du plan d&rsquo;action du R\u00e9seau pour l&rsquo;ann\u00e9e 2018 et le suivi des recommandations de la pr\u00e9c\u00e9dente Assembl\u00e9e outre le d\u00e9bat des certaines difficult\u00e9s logistiques.\u00a0<\/p>\n<\/div>\n<p>&#013;<br \/>\nSource: <a href=\"http:\/\/www.aps.dz\/algerie\/64001-droits-de-l-homme-les-chartes-et-traites-internationaux-respectes-en-algerie\" target=\"_blank\">Droits de l&rsquo;Homme: les chartes et trait\u00e9s internationaux respect\u00e9s en Alg\u00e9rie<\/a><\/p>\n<!--CusAds0-->\n<div style=\"font-size: 0px; height: 0px; line-height: 0px; margin: 0; padding: 0; clear: both;\"><\/div>","protected":false},"excerpt":{"rendered":"<p>ALGER &#8211; Le ministre de la Justice, Garde des Sceaux, Tayeb Louh, a affirm\u00e9 dimanche que l&rsquo;Alg\u00e9rie a int\u00e9gr\u00e9 dans sa l\u00e9gislation les dispositions des chartes et trait\u00e9s internationaux relatifs aux droits de l&rsquo;Homme et \u00e0 la pr\u00e9servation contre toute forme de criminalit\u00e9. &#013; &#013; Intervenant \u00e0 l&rsquo;ouverture des travaux de la 14e session de<\/p>\n","protected":false},"author":6,"featured_media":16920,"comment_status":"open","ping_status":"open","sticky":false,"template":"","format":"standard","meta":{"footnotes":""},"categories":[22],"tags":[93],"class_list":["post-16919","post","type-post","status-publish","format-standard","has-post-thumbnail","hentry","category-infos","tag-onu"],"yoast_head":"<!-- This site is optimized with the Yoast SEO plugin v27.5 - https:\/\/yoast.com\/product\/yoast-seo-wordpress\/ -->\n<title>Droits de l&#039;Homme: les chartes et trait\u00e9s internationaux respect\u00e9s en Alg\u00e9rie - info algerie<\/title>\n<meta name=\"robots\" content=\"index, follow, max-snippet:-1, max-image-preview:large, max-video-preview:-1\" \/>\n<link rel=\"canonical\" href=\"https:\/\/www.info-algerie.com\/actualites\/droits-de-lhomme-les-chartes-et-traites-internationaux-respectes-en-algerie\/\" \/>\n<meta property=\"og:locale\" content=\"fr_FR\" \/>\n<meta property=\"og:type\" content=\"article\" \/>\n<meta property=\"og:title\" content=\"Droits de l&#039;Homme: les chartes et trait\u00e9s internationaux respect\u00e9s en Alg\u00e9rie - info algerie\" \/>\n<meta property=\"og:description\" content=\"ALGER &#8211; Le ministre de la Justice, Garde des Sceaux, Tayeb Louh, a affirm\u00e9 dimanche que l&rsquo;Alg\u00e9rie a int\u00e9gr\u00e9 dans sa l\u00e9gislation les dispositions des chartes et trait\u00e9s internationaux relatifs aux droits de l&rsquo;Homme et \u00e0 la pr\u00e9servation contre toute forme de criminalit\u00e9. &#013; &#013; Intervenant \u00e0 l&rsquo;ouverture des travaux de la 14e session de\" \/>\n<meta property=\"og:url\" content=\"https:\/\/www.info-algerie.com\/actualites\/droits-de-lhomme-les-chartes-et-traites-internationaux-respectes-en-algerie\/\" \/>\n<meta property=\"og:site_name\" content=\"info algerie\" \/>\n<meta property=\"article:publisher\" content=\"https:\/\/www.facebook.com\/infoalgerieactu\" \/>\n<meta property=\"article:published_time\" content=\"2017-10-15T16:36:17+00:00\" \/>\n<meta property=\"og:image\" content=\"https:\/\/www.info-algerie.com\/actualites\/wp-content\/uploads\/2017\/10\/af02e4a0c6b7c0e62c4f9f7e37532b73_S-1.jpg\" \/>\n\t<meta property=\"og:image:width\" content=\"280\" \/>\n\t<meta property=\"og:image:height\" content=\"186\" \/>\n\t<meta property=\"og:image:type\" content=\"image\/jpeg\" \/>\n<meta name=\"author\" content=\"La r\u00e9daction\" \/>\n<meta name=\"twitter:label1\" content=\"\u00c9crit par\" \/>\n\t<meta name=\"twitter:data1\" content=\"La r\u00e9daction\" \/>\n\t<meta name=\"twitter:label2\" content=\"Dur\u00e9e de lecture estim\u00e9e\" \/>\n\t<meta name=\"twitter:data2\" content=\"3 minutes\" \/>\n<script type=\"application\/ld+json\" class=\"yoast-schema-graph\">{\"@context\":\"https:\\\/\\\/schema.org\",\"@graph\":[{\"@type\":\"Article\",\"@id\":\"https:\\\/\\\/www.info-algerie.com\\\/actualites\\\/droits-de-lhomme-les-chartes-et-traites-internationaux-respectes-en-algerie\\\/#article\",\"isPartOf\":{\"@id\":\"https:\\\/\\\/www.info-algerie.com\\\/actualites\\\/droits-de-lhomme-les-chartes-et-traites-internationaux-respectes-en-algerie\\\/\"},\"author\":{\"name\":\"La r\u00e9daction\",\"@id\":\"https:\\\/\\\/www.info-algerie.com\\\/actualites\\\/#\\\/schema\\\/person\\\/847aaec44920825b843a08f30ec6aa1e\"},\"headline\":\"Droits de l&#039;Homme: les chartes et trait\u00e9s internationaux respect\u00e9s en Alg\u00e9rie\",\"datePublished\":\"2017-10-15T16:36:17+00:00\",\"mainEntityOfPage\":{\"@id\":\"https:\\\/\\\/www.info-algerie.com\\\/actualites\\\/droits-de-lhomme-les-chartes-et-traites-internationaux-respectes-en-algerie\\\/\"},\"wordCount\":602,\"commentCount\":0,\"publisher\":{\"@id\":\"https:\\\/\\\/www.info-algerie.com\\\/actualites\\\/#organization\"},\"image\":{\"@id\":\"https:\\\/\\\/www.info-algerie.com\\\/actualites\\\/droits-de-lhomme-les-chartes-et-traites-internationaux-respectes-en-algerie\\\/#primaryimage\"},\"thumbnailUrl\":\"https:\\\/\\\/www.info-algerie.com\\\/actualites\\\/wp-content\\\/uploads\\\/2017\\\/10\\\/af02e4a0c6b7c0e62c4f9f7e37532b73_S-1.jpg\",\"keywords\":[\"ONU\"],\"articleSection\":[\"infos\"],\"inLanguage\":\"fr-FR\",\"potentialAction\":[{\"@type\":\"CommentAction\",\"name\":\"Comment\",\"target\":[\"https:\\\/\\\/www.info-algerie.com\\\/actualites\\\/droits-de-lhomme-les-chartes-et-traites-internationaux-respectes-en-algerie\\\/#respond\"]}]},{\"@type\":\"WebPage\",\"@id\":\"https:\\\/\\\/www.info-algerie.com\\\/actualites\\\/droits-de-lhomme-les-chartes-et-traites-internationaux-respectes-en-algerie\\\/\",\"url\":\"https:\\\/\\\/www.info-algerie.com\\\/actualites\\\/droits-de-lhomme-les-chartes-et-traites-internationaux-respectes-en-algerie\\\/\",\"name\":\"Droits de l&#039;Homme: les chartes et trait\u00e9s internationaux respect\u00e9s en Alg\u00e9rie - info algerie\",\"isPartOf\":{\"@id\":\"https:\\\/\\\/www.info-algerie.com\\\/actualites\\\/#website\"},\"primaryImageOfPage\":{\"@id\":\"https:\\\/\\\/www.info-algerie.com\\\/actualites\\\/droits-de-lhomme-les-chartes-et-traites-internationaux-respectes-en-algerie\\\/#primaryimage\"},\"image\":{\"@id\":\"https:\\\/\\\/www.info-algerie.com\\\/actualites\\\/droits-de-lhomme-les-chartes-et-traites-internationaux-respectes-en-algerie\\\/#primaryimage\"},\"thumbnailUrl\":\"https:\\\/\\\/www.info-algerie.com\\\/actualites\\\/wp-content\\\/uploads\\\/2017\\\/10\\\/af02e4a0c6b7c0e62c4f9f7e37532b73_S-1.jpg\",\"datePublished\":\"2017-10-15T16:36:17+00:00\",\"breadcrumb\":{\"@id\":\"https:\\\/\\\/www.info-algerie.com\\\/actualites\\\/droits-de-lhomme-les-chartes-et-traites-internationaux-respectes-en-algerie\\\/#breadcrumb\"},\"inLanguage\":\"fr-FR\",\"potentialAction\":[{\"@type\":\"ReadAction\",\"target\":[\"https:\\\/\\\/www.info-algerie.com\\\/actualites\\\/droits-de-lhomme-les-chartes-et-traites-internationaux-respectes-en-algerie\\\/\"]}]},{\"@type\":\"ImageObject\",\"inLanguage\":\"fr-FR\",\"@id\":\"https:\\\/\\\/www.info-algerie.com\\\/actualites\\\/droits-de-lhomme-les-chartes-et-traites-internationaux-respectes-en-algerie\\\/#primaryimage\",\"url\":\"https:\\\/\\\/www.info-algerie.com\\\/actualites\\\/wp-content\\\/uploads\\\/2017\\\/10\\\/af02e4a0c6b7c0e62c4f9f7e37532b73_S-1.jpg\",\"contentUrl\":\"https:\\\/\\\/www.info-algerie.com\\\/actualites\\\/wp-content\\\/uploads\\\/2017\\\/10\\\/af02e4a0c6b7c0e62c4f9f7e37532b73_S-1.jpg\",\"width\":280,\"height\":186},{\"@type\":\"BreadcrumbList\",\"@id\":\"https:\\\/\\\/www.info-algerie.com\\\/actualites\\\/droits-de-lhomme-les-chartes-et-traites-internationaux-respectes-en-algerie\\\/#breadcrumb\",\"itemListElement\":[{\"@type\":\"ListItem\",\"position\":1,\"name\":\"Accueil\",\"item\":\"https:\\\/\\\/www.info-algerie.com\\\/actualites\\\/\"},{\"@type\":\"ListItem\",\"position\":2,\"name\":\"Droits de l&#039;Homme: les chartes et trait\u00e9s internationaux respect\u00e9s en Alg\u00e9rie\"}]},{\"@type\":\"WebSite\",\"@id\":\"https:\\\/\\\/www.info-algerie.com\\\/actualites\\\/#website\",\"url\":\"https:\\\/\\\/www.info-algerie.com\\\/actualites\\\/\",\"name\":\"info algerie\",\"description\":\"Toutes les actualit\u00e9s\",\"publisher\":{\"@id\":\"https:\\\/\\\/www.info-algerie.com\\\/actualites\\\/#organization\"},\"potentialAction\":[{\"@type\":\"SearchAction\",\"target\":{\"@type\":\"EntryPoint\",\"urlTemplate\":\"https:\\\/\\\/www.info-algerie.com\\\/actualites\\\/?s={search_term_string}\"},\"query-input\":{\"@type\":\"PropertyValueSpecification\",\"valueRequired\":true,\"valueName\":\"search_term_string\"}}],\"inLanguage\":\"fr-FR\"},{\"@type\":\"Organization\",\"@id\":\"https:\\\/\\\/www.info-algerie.com\\\/actualites\\\/#organization\",\"name\":\"info algerie\",\"url\":\"https:\\\/\\\/www.info-algerie.com\\\/actualites\\\/\",\"logo\":{\"@type\":\"ImageObject\",\"inLanguage\":\"fr-FR\",\"@id\":\"https:\\\/\\\/www.info-algerie.com\\\/actualites\\\/#\\\/schema\\\/logo\\\/image\\\/\",\"url\":\"https:\\\/\\\/www.info-algerie.com\\\/actualites\\\/wp-content\\\/uploads\\\/2022\\\/07\\\/logo-ia-120.png\",\"contentUrl\":\"https:\\\/\\\/www.info-algerie.com\\\/actualites\\\/wp-content\\\/uploads\\\/2022\\\/07\\\/logo-ia-120.png\",\"width\":120,\"height\":43,\"caption\":\"info algerie\"},\"image\":{\"@id\":\"https:\\\/\\\/www.info-algerie.com\\\/actualites\\\/#\\\/schema\\\/logo\\\/image\\\/\"},\"sameAs\":[\"https:\\\/\\\/www.facebook.com\\\/infoalgerieactu\",\"https:\\\/\\\/x.com\\\/infoalgerie1\"]},{\"@type\":\"Person\",\"@id\":\"https:\\\/\\\/www.info-algerie.com\\\/actualites\\\/#\\\/schema\\\/person\\\/847aaec44920825b843a08f30ec6aa1e\",\"name\":\"La r\u00e9daction\",\"image\":{\"@type\":\"ImageObject\",\"inLanguage\":\"fr-FR\",\"@id\":\"https:\\\/\\\/secure.gravatar.com\\\/avatar\\\/769db425c6f465158149f1ffd6cf61ce7a8a879d11dfbef8288af36dfddd418c?s=96&d=mm&r=g\",\"url\":\"https:\\\/\\\/secure.gravatar.com\\\/avatar\\\/769db425c6f465158149f1ffd6cf61ce7a8a879d11dfbef8288af36dfddd418c?s=96&d=mm&r=g\",\"contentUrl\":\"https:\\\/\\\/secure.gravatar.com\\\/avatar\\\/769db425c6f465158149f1ffd6cf61ce7a8a879d11dfbef8288af36dfddd418c?s=96&d=mm&r=g\",\"caption\":\"La r\u00e9daction\"},\"sameAs\":[\"http:\\\/\\\/www.lkeria.com\\\/\"],\"url\":\"https:\\\/\\\/www.info-algerie.com\\\/actualites\\\/author\\\/chakib32\\\/\"}]}<\/script>\n<!-- \/ Yoast SEO plugin. -->","yoast_head_json":{"title":"Droits de l&#039;Homme: les chartes et trait\u00e9s internationaux respect\u00e9s en Alg\u00e9rie - info algerie","robots":{"index":"index","follow":"follow","max-snippet":"max-snippet:-1","max-image-preview":"max-image-preview:large","max-video-preview":"max-video-preview:-1"},"canonical":"https:\/\/www.info-algerie.com\/actualites\/droits-de-lhomme-les-chartes-et-traites-internationaux-respectes-en-algerie\/","og_locale":"fr_FR","og_type":"article","og_title":"Droits de l&#039;Homme: les chartes et trait\u00e9s internationaux respect\u00e9s en Alg\u00e9rie - info algerie","og_description":"ALGER &#8211; Le ministre de la Justice, Garde des Sceaux, Tayeb Louh, a affirm\u00e9 dimanche que l&rsquo;Alg\u00e9rie a int\u00e9gr\u00e9 dans sa l\u00e9gislation les dispositions des chartes et trait\u00e9s internationaux relatifs aux droits de l&rsquo;Homme et \u00e0 la pr\u00e9servation contre toute forme de criminalit\u00e9. &#013; &#013; Intervenant \u00e0 l&rsquo;ouverture des travaux de la 14e session de","og_url":"https:\/\/www.info-algerie.com\/actualites\/droits-de-lhomme-les-chartes-et-traites-internationaux-respectes-en-algerie\/","og_site_name":"info algerie","article_publisher":"https:\/\/www.facebook.com\/infoalgerieactu","article_published_time":"2017-10-15T16:36:17+00:00","og_image":[{"width":280,"height":186,"url":"https:\/\/www.info-algerie.com\/actualites\/wp-content\/uploads\/2017\/10\/af02e4a0c6b7c0e62c4f9f7e37532b73_S-1.jpg","type":"image\/jpeg"}],"author":"La r\u00e9daction","twitter_misc":{"\u00c9crit par":"La r\u00e9daction","Dur\u00e9e de lecture estim\u00e9e":"3 minutes"},"schema":{"@context":"https:\/\/schema.org","@graph":[{"@type":"Article","@id":"https:\/\/www.info-algerie.com\/actualites\/droits-de-lhomme-les-chartes-et-traites-internationaux-respectes-en-algerie\/#article","isPartOf":{"@id":"https:\/\/www.info-algerie.com\/actualites\/droits-de-lhomme-les-chartes-et-traites-internationaux-respectes-en-algerie\/"},"author":{"name":"La r\u00e9daction","@id":"https:\/\/www.info-algerie.com\/actualites\/#\/schema\/person\/847aaec44920825b843a08f30ec6aa1e"},"headline":"Droits de l&#039;Homme: les chartes et trait\u00e9s internationaux respect\u00e9s en Alg\u00e9rie","datePublished":"2017-10-15T16:36:17+00:00","mainEntityOfPage":{"@id":"https:\/\/www.info-algerie.com\/actualites\/droits-de-lhomme-les-chartes-et-traites-internationaux-respectes-en-algerie\/"},"wordCount":602,"commentCount":0,"publisher":{"@id":"https:\/\/www.info-algerie.com\/actualites\/#organization"},"image":{"@id":"https:\/\/www.info-algerie.com\/actualites\/droits-de-lhomme-les-chartes-et-traites-internationaux-respectes-en-algerie\/#primaryimage"},"thumbnailUrl":"https:\/\/www.info-algerie.com\/actualites\/wp-content\/uploads\/2017\/10\/af02e4a0c6b7c0e62c4f9f7e37532b73_S-1.jpg","keywords":["ONU"],"articleSection":["infos"],"inLanguage":"fr-FR","potentialAction":[{"@type":"CommentAction","name":"Comment","target":["https:\/\/www.info-algerie.com\/actualites\/droits-de-lhomme-les-chartes-et-traites-internationaux-respectes-en-algerie\/#respond"]}]},{"@type":"WebPage","@id":"https:\/\/www.info-algerie.com\/actualites\/droits-de-lhomme-les-chartes-et-traites-internationaux-respectes-en-algerie\/","url":"https:\/\/www.info-algerie.com\/actualites\/droits-de-lhomme-les-chartes-et-traites-internationaux-respectes-en-algerie\/","name":"Droits de l&#039;Homme: les chartes et trait\u00e9s internationaux respect\u00e9s en Alg\u00e9rie - info algerie","isPartOf":{"@id":"https:\/\/www.info-algerie.com\/actualites\/#website"},"primaryImageOfPage":{"@id":"https:\/\/www.info-algerie.com\/actualites\/droits-de-lhomme-les-chartes-et-traites-internationaux-respectes-en-algerie\/#primaryimage"},"image":{"@id":"https:\/\/www.info-algerie.com\/actualites\/droits-de-lhomme-les-chartes-et-traites-internationaux-respectes-en-algerie\/#primaryimage"},"thumbnailUrl":"https:\/\/www.info-algerie.com\/actualites\/wp-content\/uploads\/2017\/10\/af02e4a0c6b7c0e62c4f9f7e37532b73_S-1.jpg","datePublished":"2017-10-15T16:36:17+00:00","breadcrumb":{"@id":"https:\/\/www.info-algerie.com\/actualites\/droits-de-lhomme-les-chartes-et-traites-internationaux-respectes-en-algerie\/#breadcrumb"},"inLanguage":"fr-FR","potentialAction":[{"@type":"ReadAction","target":["https:\/\/www.info-algerie.com\/actualites\/droits-de-lhomme-les-chartes-et-traites-internationaux-respectes-en-algerie\/"]}]},{"@type":"ImageObject","inLanguage":"fr-FR","@id":"https:\/\/www.info-algerie.com\/actualites\/droits-de-lhomme-les-chartes-et-traites-internationaux-respectes-en-algerie\/#primaryimage","url":"https:\/\/www.info-algerie.com\/actualites\/wp-content\/uploads\/2017\/10\/af02e4a0c6b7c0e62c4f9f7e37532b73_S-1.jpg","contentUrl":"https:\/\/www.info-algerie.com\/actualites\/wp-content\/uploads\/2017\/10\/af02e4a0c6b7c0e62c4f9f7e37532b73_S-1.jpg","width":280,"height":186},{"@type":"BreadcrumbList","@id":"https:\/\/www.info-algerie.com\/actualites\/droits-de-lhomme-les-chartes-et-traites-internationaux-respectes-en-algerie\/#breadcrumb","itemListElement":[{"@type":"ListItem","position":1,"name":"Accueil","item":"https:\/\/www.info-algerie.com\/actualites\/"},{"@type":"ListItem","position":2,"name":"Droits de l&#039;Homme: les chartes et trait\u00e9s internationaux respect\u00e9s en Alg\u00e9rie"}]},{"@type":"WebSite","@id":"https:\/\/www.info-algerie.com\/actualites\/#website","url":"https:\/\/www.info-algerie.com\/actualites\/","name":"info algerie","description":"Toutes les actualit\u00e9s","publisher":{"@id":"https:\/\/www.info-algerie.com\/actualites\/#organization"},"potentialAction":[{"@type":"SearchAction","target":{"@type":"EntryPoint","urlTemplate":"https:\/\/www.info-algerie.com\/actualites\/?s={search_term_string}"},"query-input":{"@type":"PropertyValueSpecification","valueRequired":true,"valueName":"search_term_string"}}],"inLanguage":"fr-FR"},{"@type":"Organization","@id":"https:\/\/www.info-algerie.com\/actualites\/#organization","name":"info algerie","url":"https:\/\/www.info-algerie.com\/actualites\/","logo":{"@type":"ImageObject","inLanguage":"fr-FR","@id":"https:\/\/www.info-algerie.com\/actualites\/#\/schema\/logo\/image\/","url":"https:\/\/www.info-algerie.com\/actualites\/wp-content\/uploads\/2022\/07\/logo-ia-120.png","contentUrl":"https:\/\/www.info-algerie.com\/actualites\/wp-content\/uploads\/2022\/07\/logo-ia-120.png","width":120,"height":43,"caption":"info algerie"},"image":{"@id":"https:\/\/www.info-algerie.com\/actualites\/#\/schema\/logo\/image\/"},"sameAs":["https:\/\/www.facebook.com\/infoalgerieactu","https:\/\/x.com\/infoalgerie1"]},{"@type":"Person","@id":"https:\/\/www.info-algerie.com\/actualites\/#\/schema\/person\/847aaec44920825b843a08f30ec6aa1e","name":"La r\u00e9daction","image":{"@type":"ImageObject","inLanguage":"fr-FR","@id":"https:\/\/secure.gravatar.com\/avatar\/769db425c6f465158149f1ffd6cf61ce7a8a879d11dfbef8288af36dfddd418c?s=96&d=mm&r=g","url":"https:\/\/secure.gravatar.com\/avatar\/769db425c6f465158149f1ffd6cf61ce7a8a879d11dfbef8288af36dfddd418c?s=96&d=mm&r=g","contentUrl":"https:\/\/secure.gravatar.com\/avatar\/769db425c6f465158149f1ffd6cf61ce7a8a879d11dfbef8288af36dfddd418c?s=96&d=mm&r=g","caption":"La r\u00e9daction"},"sameAs":["http:\/\/www.lkeria.com\/"],"url":"https:\/\/www.info-algerie.com\/actualites\/author\/chakib32\/"}]}},"_links":{"self":[{"href":"https:\/\/www.info-algerie.com\/actualites\/wp-json\/wp\/v2\/posts\/16919","targetHints":{"allow":["GET"]}}],"collection":[{"href":"https:\/\/www.info-algerie.com\/actualites\/wp-json\/wp\/v2\/posts"}],"about":[{"href":"https:\/\/www.info-algerie.com\/actualites\/wp-json\/wp\/v2\/types\/post"}],"author":[{"embeddable":true,"href":"https:\/\/www.info-algerie.com\/actualites\/wp-json\/wp\/v2\/users\/6"}],"replies":[{"embeddable":true,"href":"https:\/\/www.info-algerie.com\/actualites\/wp-json\/wp\/v2\/comments?post=16919"}],"version-history":[{"count":0,"href":"https:\/\/www.info-algerie.com\/actualites\/wp-json\/wp\/v2\/posts\/16919\/revisions"}],"wp:featuredmedia":[{"embeddable":true,"href":"https:\/\/www.info-algerie.com\/actualites\/wp-json\/wp\/v2\/media\/16920"}],"wp:attachment":[{"href":"https:\/\/www.info-algerie.com\/actualites\/wp-json\/wp\/v2\/media?parent=16919"}],"wp:term":[{"taxonomy":"category","embeddable":true,"href":"https:\/\/www.info-algerie.com\/actualites\/wp-json\/wp\/v2\/categories?post=16919"},{"taxonomy":"post_tag","embeddable":true,"href":"https:\/\/www.info-algerie.com\/actualites\/wp-json\/wp\/v2\/tags?post=16919"}],"curies":[{"name":"wp","href":"https:\/\/api.w.org\/{rel}","templated":true}]}}