{"id":16922,"date":"2017-10-15T16:54:37","date_gmt":"2017-10-15T15:54:37","guid":{"rendered":"http:\/\/www.info-algerie.com\/actualites\/bensalah-reitere-lattachement-de-lalgerie-au-droit-des-peuples-a-lautodetermination\/"},"modified":"2017-10-15T16:54:37","modified_gmt":"2017-10-15T15:54:37","slug":"bensalah-reitere-lattachement-de-lalgerie-au-droit-des-peuples-a-lautodetermination","status":"publish","type":"post","link":"https:\/\/www.info-algerie.com\/actualites\/bensalah-reitere-lattachement-de-lalgerie-au-droit-des-peuples-a-lautodetermination\/","title":{"rendered":"Bensalah r\u00e9it\u00e8re l&#039;attachement de l&#039;Alg\u00e9rie au droit des peuples \u00e0 l&#039;autod\u00e9termination"},"content":{"rendered":"<div class=\"K2FeedImage\"><img decoding=\"async\" src=\"https:\/\/www.info-algerie.com\/actualites\/wp-content\/uploads\/2017\/10\/902ec70d348a723eea1dadd747a649cb_S.jpg\" alt=\"Bensalah r&#xE9;it&#xE8;re l'attachement de l'Alg&#xE9;rie au droit des peuples &#xE0; l'autod&#xE9;termination\" \/><\/div>\n<div class=\"K2FeedIntroText\">\n<p class=\"MsoNoSpacing\">SAINT-PETERSBOURG (Russie)- Le pr\u00e9sident du Conseil de la nation, Abdelkader Bensalah, a r\u00e9it\u00e9r\u00e9 dimanche \u00e0 Saint-P\u00e9tersbourg, l&rsquo;<a href=\"http:\/\/www.aps.dz\/algerie\/63130-onu-messahel-s-adresse-a-la-72eme-session-de-l-assemblee-generale\"><strong>attachement de l&rsquo;Alg\u00e9rie<\/strong><\/a> au principe \u00ab\u00a0du r\u00e8glement politique des crises et des conflits\u00a0\u00bb et du droit des peuples \u00e0 l&rsquo;autod\u00e9termination.<\/p>\n<p>&#013;\n<\/p><\/div>\n<div class=\"K2FeedFullText\">&#013;<\/p>\n<blockquote><p>&#013;<\/p>\n<p><em><strong>\u00ab\u00a0Fid\u00e8le \u00e0 ses principes, notre pays a toujours favoris\u00e9 le recours \u00e0 la<a href=\"http:\/\/www.constantine-aps.dz\/spip.php?article38950\"> r\u00e9solution politique des conflits<\/a> qu&rsquo;ils soient en Libye, au Mali, en Syrie ou au Y\u00e9men\u00a0\u00bb, a d\u00e9clar\u00e9 M. Bensalah dans son discours \u00e0 la 137\u00e8me Assembl\u00e9e de l&rsquo;Union Interparlementaire (UIP), ajoutant que \u00ab\u00a0partant de ce principe, l&rsquo;Alg\u00e9rie est fermement convaincue que le r\u00e8glement de la question du Sahara Occidental r\u00e9side dans le fait de permettre au peule sahraoui d&rsquo;exercer pleinement son droit \u00e0 l&rsquo;autod\u00e9termination, conform\u00e9ment aux principes de la l\u00e9galit\u00e9 internationale, comme elle r\u00e9it\u00e8re son soutien au recouvrement du peuple palestinien, de ses droits nationaux et l&rsquo;\u00e9dification d&rsquo;un Etat ind\u00e9pendant avec la ville Sainte d&rsquo;El Qods comme capitale\u00a0\u00bb.<\/strong><\/em><\/p>\n<p>&#013;\n<\/p><\/blockquote>\n<p>&#013;<\/p>\n<p>\u00ab\u00a0Nous estimons, par ailleurs, que la communaut\u00e9 internationale doit agir de mani\u00e8re prompte et efficace afin de mettre fin \u00e0 la trag\u00e9die que vivent les Musulmans Rohingya\u00a0\u00bb, a-t-il affirm\u00e9.<\/p>\n<p>&#013;<\/p>\n<p>M. Bensalah a rappel\u00e9 \u00ab\u00a0l\u2019imp\u00e9rieuse n\u00e9cessit\u00e9\u00a0\u00bb d&rsquo;encourager le dialogue interreligieux et inter-ethnique \u00ab\u00a0pour garantir le d\u00e9veloppement et le progr\u00e8s des peuples et \u00e9radiquer toute forme d\u2019extr\u00e9misme, de fanatisme et de violence\u00a0\u00bb.<\/p>\n<p>&#013;<\/p>\n<p>Par ailleurs, le pr\u00e9sident du Conseil de la nation a indiqu\u00e9 que la <a href=\"http:\/\/www.aps.dz\/algerie\/63964-137e-assemblee-de-l-uip-m-bensalah-prend-part-a-la-reunion-du-groupe-geopolitique-arabe\"><strong>137\u00e8me Assembl\u00e9e de l&rsquo;UIP<\/strong><\/a> \u00ab\u00a0est une opportunit\u00e9 que nous devons saisir afin de, contribuer \u00e0 l&rsquo;enrichissement du d\u00e9bat autour du th\u00e8me: Promouvoir le pluralisme culturel et la paix \u00e0 travers le dialogue interreligieux et inter-ethnique, et de proc\u00e9der par la m\u00eame occasion, \u00e0 un \u00e9change de points de vue concernant d&rsquo;autres questions, au sujet desquelles il faut exprimer et clarifier nos positions\u00a0\u00bb.<\/p>\n<p>&#013;<\/p>\n<p>\u00ab\u00a0Il s&rsquo;agit l\u00e0 de th\u00e8mes qui sont \u00e0 m\u00eame de susciter le d\u00e9bat autour des moyens et outils qui nous permettent d&rsquo;influer de mani\u00e8re positive sur les politiques ayant trait \u00e0 la solidarit\u00e9 et au vivre ensemble, entre nos peuples, dans le cadre d&rsquo;une politique humanitaire compl\u00e9mentaire, cela eu<\/p>\n<p>&#013;<\/p>\n<p>\u00e9gard au fait que, le monde vit une recrudescence inqui\u00e9tante de l\u2019extr\u00e9misme, du racisme et de l\u2019intol\u00e9rance, qui s&rsquo;impr\u00e8gnent du rejet de l&rsquo;autre et de l&rsquo;instrumentalisation de la religion et de la race comme causes de la haine et de la confrontation\u00a0\u00bb, a-t-il relev\u00e9.<\/p>\n<p>&#013;<\/p>\n<blockquote><p>&#013;<\/p>\n<p><em><strong>M. Bensalah a fait remarquer que le monde \u00ab\u00a0connait une flamb\u00e9e de tensions et d\u2019ins\u00e9curit\u00e9 dans certaines r\u00e9gions, \u00e0 l\u2019instar de certaines r\u00e9gions d\u2019Afrique et du Moyen Orient\u00a0\u00bb, pr\u00e9cisant que cette situation \u00ab\u00a0est g\u00e9n\u00e9r\u00e9e par l&rsquo;interaction de facteurs endog\u00e8nes et exog\u00e8nes, qui a entrav\u00e9 le d\u00e9veloppement de ces r\u00e9gions ainsi que le processus d&rsquo;\u00e9dification d\u00e9mocratique et institutionnelle\u00a0\u00bb.<\/strong><\/em><\/p>\n<p>&#013;\n<\/p><\/blockquote>\n<p>&#013;<\/p>\n<p>Par ailleurs, le pr\u00e9sident du Conseil de la nation a tenu \u00e0 souligner le fait que l&rsquo;Alg\u00e9rie \u00ab\u00a0a toujours contribu\u00e9 \u00e0 l\u2019instauration de la paix et oeuvr\u00e9 en faveur du bannissement des conflits dans la r\u00e9gion, \u00e0 travers la mise en place d&rsquo;un partenariat fort et une coop\u00e9ration constructive, dans le but de garantir le d\u00e9veloppement \u00e9conomique et d&rsquo;orienter les efforts vers la concr\u00e9tisation des objectifs du troisi\u00e8me mill\u00e9naire\u00a0\u00bb.<\/p>\n<p>&#013;<\/p>\n<blockquote><p>&#013;<\/p>\n<p><em><strong>\u00ab\u00a0Dans le m\u00eame contexte, l&rsquo;Alg\u00e9rie a enracin\u00e9 au sein de la soci\u00e9t\u00e9, le principe de la tol\u00e9rance par l\u2019adoption de la charte de la paix et de la r\u00e9conciliation nationale et toutes les mesures y aff\u00e9rentes, initi\u00e9e par le Pr\u00e9sident de la R\u00e9publique, Abdelaziz Bouteflika\u00a0\u00bb, a-t-il rappel\u00e9, pr\u00e9cisant qu&rsquo;il s\u2019agit \u00ab\u00a0de mesures civilisationnelles qui consacrent la tol\u00e9rance comme valeur soci\u00e9tale incluant toutes les diff\u00e9rences qu\u2019elles soient culturelles, religieuses ou ethniques\u00a0\u00bb.<\/strong><\/em><\/p>\n<p>&#013;\n<\/p><\/blockquote>\n<p>&#013;<\/p>\n<p>Selon M. Bensalah, le renforcement du dialogue interreligieux et interethnique \u00ab\u00a0incombe aux institutions ayant un lien direct avec les peuples \u00e0 l\u2019image, en premier lieu, des organisations de la soci\u00e9t\u00e9 civile et des Assembl\u00e9es l\u00e9gislatives, en exploitant de mani\u00e8re optimale, les m\u00e9canismes mis \u00e0 leur disposition, dans le but de, rapprocher les points de vue et les traduire sous forme de textes l\u00e9gislatifs ad\u00e9quats\u00a0\u00bb.<\/p>\n<p>&#013;<\/p>\n<p>Dans ce contexte, il a rappel\u00e9 que l&rsquo;Alg\u00e9rie \u00ab\u00a0a engag\u00e9 une strat\u00e9gie de r\u00e9forme profonde dont le couronnement a \u00e9t\u00e9 l\u2019importante r\u00e9vision constitutionnelle intervenue l\u2019ann\u00e9e pass\u00e9e qui, comporte de nouvelles dispositions, qui confortent les acquis d\u00e9mocratiques et concr\u00e9tisent la parit\u00e9 entre les Femmes et les Hommes\u00a0\u00bb.<\/p>\n<p>&#013;<\/p>\n<p>\u00ab\u00a0Cette r\u00e9vision constitutionnelle a renforc\u00e9 les fondements de l&rsquo;identit\u00e9 nationale en constitutionnalisant la langue amazighe langue nationale et officielle, dont l&rsquo;Etat \u00a3uvre \u00e0 en promouvoir les diff\u00e9rents dialectes usit\u00e9s dans la soci\u00e9t\u00e9 alg\u00e9rienne\u00a0\u00bb, a-t-il not\u00e9.<\/p>\n<p>&#013;<\/p>\n<blockquote><p>&#013;<\/p>\n<p><em><strong>\u00ab\u00a0L&rsquo;\u00e9vocation de la paix et de la pluralit\u00e9 culturelle ne doit nullement occulter leur relation corollaire, avec le d\u00e9veloppement et la d\u00e9mocratie participative, tout autant que la s\u00e9curit\u00e9 alimentaire \u00e0 laquelle, il faut accorder un int\u00e9r\u00eat particulier, ainsi qu\u2019\u00e0 l\u2019\u00e9cart en mati\u00e8re de technologie entre le Nord et le Sud\u00a0\u00bb, a-t-il estim\u00e9, expliquant que \u00ab\u00a0l&rsquo;ensemble de ces facteurs entrave tous les efforts, visant l&rsquo;instauration de la culture de la tol\u00e9rance et de la solidarit\u00e9 entre les diff\u00e9rentes composantes de la communaut\u00e9 internationale\u00a0\u00bb.<\/strong><\/em><\/p>\n<p>&#013;\n<\/p><\/blockquote>\n<p>&#013;<\/p>\n<p>Rappelant que des <a href=\"http:\/\/www.aps.dz\/algerie\/56470-le-president-bouteflika-condamne-avec-force-l-attentat-terroriste-ayant-cible-la-france\"><strong>attentats terroristes<\/strong> <\/a>avaient affect\u00e9 ces derniers temps plusieurs parties du monde, M. Bensalah a soulign\u00e9 que \u00ab\u00a0devant de tels actes, nous ne pouvons nous contenter d&rsquo;exprimer notre indignation et nos regrets\u00a0\u00bb.<\/p>\n<p>&#013;<\/p>\n<p>\u00ab\u00a0Il s\u2019agit d\u2019un fl\u00e9au international ne respectant ni fronti\u00e8res ni cultures. C&rsquo;est l\u00e0 un \u00e9tat de fait au sujet duquel, l&rsquo;Alg\u00e9rie n&rsquo;a cess\u00e9 d&rsquo;attirer l\u2019attention depuis les ann\u00e9es 1990 et son \u00e9radication est d\u00e9sormais devenue une obligation pour l&rsquo;ensemble des pays\u00a0\u00bb, a-t-il conclu.<\/p>\n<\/div>\n<p>&#013;<br \/>\nSource: <a href=\"http:\/\/www.aps.dz\/algerie\/64000-bensalah-reitere-l-attachement-de-l-algerie-au-droit-des-peuples-a-l-autodetermination\" target=\"_blank\">Bensalah r\u00e9it\u00e8re l&rsquo;attachement de l&rsquo;Alg\u00e9rie au droit des peuples \u00e0 l&rsquo;autod\u00e9termination<\/a><\/p>\n<!--CusAds0-->\n<div style=\"font-size: 0px; height: 0px; line-height: 0px; margin: 0; padding: 0; clear: both;\"><\/div>","protected":false},"excerpt":{"rendered":"<p>SAINT-PETERSBOURG (Russie)- Le pr\u00e9sident du Conseil de la nation, Abdelkader Bensalah, a r\u00e9it\u00e9r\u00e9 dimanche \u00e0 Saint-P\u00e9tersbourg, l&rsquo;attachement de l&rsquo;Alg\u00e9rie au principe \u00ab\u00a0du r\u00e8glement politique des crises et des conflits\u00a0\u00bb et du droit des peuples \u00e0 l&rsquo;autod\u00e9termination. &#013; &#013; &#013; \u00ab\u00a0Fid\u00e8le \u00e0 ses principes, notre pays a toujours favoris\u00e9 le recours \u00e0 la r\u00e9solution politique des<\/p>\n","protected":false},"author":6,"featured_media":16923,"comment_status":"open","ping_status":"open","sticky":false,"template":"","format":"standard","meta":{"footnotes":""},"categories":[22],"tags":[93],"class_list":["post-16922","post","type-post","status-publish","format-standard","has-post-thumbnail","hentry","category-infos","tag-onu"],"yoast_head":"<!-- This site is optimized with the Yoast SEO plugin v27.5 - https:\/\/yoast.com\/product\/yoast-seo-wordpress\/ -->\n<title>Bensalah r\u00e9it\u00e8re l&#039;attachement de l&#039;Alg\u00e9rie au droit des peuples \u00e0 l&#039;autod\u00e9termination - info algerie<\/title>\n<meta name=\"robots\" content=\"index, follow, max-snippet:-1, max-image-preview:large, max-video-preview:-1\" \/>\n<link rel=\"canonical\" href=\"https:\/\/www.info-algerie.com\/actualites\/bensalah-reitere-lattachement-de-lalgerie-au-droit-des-peuples-a-lautodetermination\/\" \/>\n<meta property=\"og:locale\" content=\"fr_FR\" \/>\n<meta property=\"og:type\" content=\"article\" \/>\n<meta property=\"og:title\" content=\"Bensalah r\u00e9it\u00e8re l&#039;attachement de l&#039;Alg\u00e9rie au droit des peuples \u00e0 l&#039;autod\u00e9termination - info algerie\" \/>\n<meta property=\"og:description\" content=\"SAINT-PETERSBOURG (Russie)- Le pr\u00e9sident du Conseil de la nation, Abdelkader Bensalah, a r\u00e9it\u00e9r\u00e9 dimanche \u00e0 Saint-P\u00e9tersbourg, l&rsquo;attachement de l&rsquo;Alg\u00e9rie au principe \u00ab\u00a0du r\u00e8glement politique des crises et des conflits\u00a0\u00bb et du droit des peuples \u00e0 l&rsquo;autod\u00e9termination. &#013; &#013; &#013; \u00ab\u00a0Fid\u00e8le \u00e0 ses principes, notre pays a toujours favoris\u00e9 le recours \u00e0 la r\u00e9solution politique des\" \/>\n<meta property=\"og:url\" content=\"https:\/\/www.info-algerie.com\/actualites\/bensalah-reitere-lattachement-de-lalgerie-au-droit-des-peuples-a-lautodetermination\/\" \/>\n<meta property=\"og:site_name\" content=\"info algerie\" \/>\n<meta property=\"article:publisher\" content=\"https:\/\/www.facebook.com\/infoalgerieactu\" \/>\n<meta property=\"article:published_time\" content=\"2017-10-15T15:54:37+00:00\" \/>\n<meta property=\"og:image\" content=\"https:\/\/www.info-algerie.com\/actualites\/wp-content\/uploads\/2017\/10\/902ec70d348a723eea1dadd747a649cb_S-1.jpg\" \/>\n\t<meta property=\"og:image:width\" content=\"280\" \/>\n\t<meta property=\"og:image:height\" content=\"170\" \/>\n\t<meta property=\"og:image:type\" content=\"image\/jpeg\" \/>\n<meta name=\"author\" content=\"La r\u00e9daction\" \/>\n<meta name=\"twitter:label1\" content=\"\u00c9crit par\" \/>\n\t<meta name=\"twitter:data1\" content=\"La r\u00e9daction\" \/>\n\t<meta name=\"twitter:label2\" content=\"Dur\u00e9e de lecture estim\u00e9e\" \/>\n\t<meta name=\"twitter:data2\" content=\"5 minutes\" \/>\n<script type=\"application\/ld+json\" class=\"yoast-schema-graph\">{\"@context\":\"https:\\\/\\\/schema.org\",\"@graph\":[{\"@type\":\"Article\",\"@id\":\"https:\\\/\\\/www.info-algerie.com\\\/actualites\\\/bensalah-reitere-lattachement-de-lalgerie-au-droit-des-peuples-a-lautodetermination\\\/#article\",\"isPartOf\":{\"@id\":\"https:\\\/\\\/www.info-algerie.com\\\/actualites\\\/bensalah-reitere-lattachement-de-lalgerie-au-droit-des-peuples-a-lautodetermination\\\/\"},\"author\":{\"name\":\"La r\u00e9daction\",\"@id\":\"https:\\\/\\\/www.info-algerie.com\\\/actualites\\\/#\\\/schema\\\/person\\\/847aaec44920825b843a08f30ec6aa1e\"},\"headline\":\"Bensalah r\u00e9it\u00e8re l&#039;attachement de l&#039;Alg\u00e9rie au droit des peuples \u00e0 l&#039;autod\u00e9termination\",\"datePublished\":\"2017-10-15T15:54:37+00:00\",\"mainEntityOfPage\":{\"@id\":\"https:\\\/\\\/www.info-algerie.com\\\/actualites\\\/bensalah-reitere-lattachement-de-lalgerie-au-droit-des-peuples-a-lautodetermination\\\/\"},\"wordCount\":1058,\"commentCount\":0,\"publisher\":{\"@id\":\"https:\\\/\\\/www.info-algerie.com\\\/actualites\\\/#organization\"},\"image\":{\"@id\":\"https:\\\/\\\/www.info-algerie.com\\\/actualites\\\/bensalah-reitere-lattachement-de-lalgerie-au-droit-des-peuples-a-lautodetermination\\\/#primaryimage\"},\"thumbnailUrl\":\"https:\\\/\\\/www.info-algerie.com\\\/actualites\\\/wp-content\\\/uploads\\\/2017\\\/10\\\/902ec70d348a723eea1dadd747a649cb_S-1.jpg\",\"keywords\":[\"ONU\"],\"articleSection\":[\"infos\"],\"inLanguage\":\"fr-FR\",\"potentialAction\":[{\"@type\":\"CommentAction\",\"name\":\"Comment\",\"target\":[\"https:\\\/\\\/www.info-algerie.com\\\/actualites\\\/bensalah-reitere-lattachement-de-lalgerie-au-droit-des-peuples-a-lautodetermination\\\/#respond\"]}]},{\"@type\":\"WebPage\",\"@id\":\"https:\\\/\\\/www.info-algerie.com\\\/actualites\\\/bensalah-reitere-lattachement-de-lalgerie-au-droit-des-peuples-a-lautodetermination\\\/\",\"url\":\"https:\\\/\\\/www.info-algerie.com\\\/actualites\\\/bensalah-reitere-lattachement-de-lalgerie-au-droit-des-peuples-a-lautodetermination\\\/\",\"name\":\"Bensalah r\u00e9it\u00e8re l&#039;attachement de l&#039;Alg\u00e9rie au droit des peuples \u00e0 l&#039;autod\u00e9termination - info algerie\",\"isPartOf\":{\"@id\":\"https:\\\/\\\/www.info-algerie.com\\\/actualites\\\/#website\"},\"primaryImageOfPage\":{\"@id\":\"https:\\\/\\\/www.info-algerie.com\\\/actualites\\\/bensalah-reitere-lattachement-de-lalgerie-au-droit-des-peuples-a-lautodetermination\\\/#primaryimage\"},\"image\":{\"@id\":\"https:\\\/\\\/www.info-algerie.com\\\/actualites\\\/bensalah-reitere-lattachement-de-lalgerie-au-droit-des-peuples-a-lautodetermination\\\/#primaryimage\"},\"thumbnailUrl\":\"https:\\\/\\\/www.info-algerie.com\\\/actualites\\\/wp-content\\\/uploads\\\/2017\\\/10\\\/902ec70d348a723eea1dadd747a649cb_S-1.jpg\",\"datePublished\":\"2017-10-15T15:54:37+00:00\",\"breadcrumb\":{\"@id\":\"https:\\\/\\\/www.info-algerie.com\\\/actualites\\\/bensalah-reitere-lattachement-de-lalgerie-au-droit-des-peuples-a-lautodetermination\\\/#breadcrumb\"},\"inLanguage\":\"fr-FR\",\"potentialAction\":[{\"@type\":\"ReadAction\",\"target\":[\"https:\\\/\\\/www.info-algerie.com\\\/actualites\\\/bensalah-reitere-lattachement-de-lalgerie-au-droit-des-peuples-a-lautodetermination\\\/\"]}]},{\"@type\":\"ImageObject\",\"inLanguage\":\"fr-FR\",\"@id\":\"https:\\\/\\\/www.info-algerie.com\\\/actualites\\\/bensalah-reitere-lattachement-de-lalgerie-au-droit-des-peuples-a-lautodetermination\\\/#primaryimage\",\"url\":\"https:\\\/\\\/www.info-algerie.com\\\/actualites\\\/wp-content\\\/uploads\\\/2017\\\/10\\\/902ec70d348a723eea1dadd747a649cb_S-1.jpg\",\"contentUrl\":\"https:\\\/\\\/www.info-algerie.com\\\/actualites\\\/wp-content\\\/uploads\\\/2017\\\/10\\\/902ec70d348a723eea1dadd747a649cb_S-1.jpg\",\"width\":280,\"height\":170},{\"@type\":\"BreadcrumbList\",\"@id\":\"https:\\\/\\\/www.info-algerie.com\\\/actualites\\\/bensalah-reitere-lattachement-de-lalgerie-au-droit-des-peuples-a-lautodetermination\\\/#breadcrumb\",\"itemListElement\":[{\"@type\":\"ListItem\",\"position\":1,\"name\":\"Accueil\",\"item\":\"https:\\\/\\\/www.info-algerie.com\\\/actualites\\\/\"},{\"@type\":\"ListItem\",\"position\":2,\"name\":\"Bensalah r\u00e9it\u00e8re l&#039;attachement de l&#039;Alg\u00e9rie au droit des peuples \u00e0 l&#039;autod\u00e9termination\"}]},{\"@type\":\"WebSite\",\"@id\":\"https:\\\/\\\/www.info-algerie.com\\\/actualites\\\/#website\",\"url\":\"https:\\\/\\\/www.info-algerie.com\\\/actualites\\\/\",\"name\":\"info algerie\",\"description\":\"Toutes les actualit\u00e9s\",\"publisher\":{\"@id\":\"https:\\\/\\\/www.info-algerie.com\\\/actualites\\\/#organization\"},\"potentialAction\":[{\"@type\":\"SearchAction\",\"target\":{\"@type\":\"EntryPoint\",\"urlTemplate\":\"https:\\\/\\\/www.info-algerie.com\\\/actualites\\\/?s={search_term_string}\"},\"query-input\":{\"@type\":\"PropertyValueSpecification\",\"valueRequired\":true,\"valueName\":\"search_term_string\"}}],\"inLanguage\":\"fr-FR\"},{\"@type\":\"Organization\",\"@id\":\"https:\\\/\\\/www.info-algerie.com\\\/actualites\\\/#organization\",\"name\":\"info algerie\",\"url\":\"https:\\\/\\\/www.info-algerie.com\\\/actualites\\\/\",\"logo\":{\"@type\":\"ImageObject\",\"inLanguage\":\"fr-FR\",\"@id\":\"https:\\\/\\\/www.info-algerie.com\\\/actualites\\\/#\\\/schema\\\/logo\\\/image\\\/\",\"url\":\"https:\\\/\\\/www.info-algerie.com\\\/actualites\\\/wp-content\\\/uploads\\\/2022\\\/07\\\/logo-ia-120.png\",\"contentUrl\":\"https:\\\/\\\/www.info-algerie.com\\\/actualites\\\/wp-content\\\/uploads\\\/2022\\\/07\\\/logo-ia-120.png\",\"width\":120,\"height\":43,\"caption\":\"info algerie\"},\"image\":{\"@id\":\"https:\\\/\\\/www.info-algerie.com\\\/actualites\\\/#\\\/schema\\\/logo\\\/image\\\/\"},\"sameAs\":[\"https:\\\/\\\/www.facebook.com\\\/infoalgerieactu\",\"https:\\\/\\\/x.com\\\/infoalgerie1\"]},{\"@type\":\"Person\",\"@id\":\"https:\\\/\\\/www.info-algerie.com\\\/actualites\\\/#\\\/schema\\\/person\\\/847aaec44920825b843a08f30ec6aa1e\",\"name\":\"La r\u00e9daction\",\"image\":{\"@type\":\"ImageObject\",\"inLanguage\":\"fr-FR\",\"@id\":\"https:\\\/\\\/secure.gravatar.com\\\/avatar\\\/769db425c6f465158149f1ffd6cf61ce7a8a879d11dfbef8288af36dfddd418c?s=96&d=mm&r=g\",\"url\":\"https:\\\/\\\/secure.gravatar.com\\\/avatar\\\/769db425c6f465158149f1ffd6cf61ce7a8a879d11dfbef8288af36dfddd418c?s=96&d=mm&r=g\",\"contentUrl\":\"https:\\\/\\\/secure.gravatar.com\\\/avatar\\\/769db425c6f465158149f1ffd6cf61ce7a8a879d11dfbef8288af36dfddd418c?s=96&d=mm&r=g\",\"caption\":\"La r\u00e9daction\"},\"sameAs\":[\"http:\\\/\\\/www.lkeria.com\\\/\"],\"url\":\"https:\\\/\\\/www.info-algerie.com\\\/actualites\\\/author\\\/chakib32\\\/\"}]}<\/script>\n<!-- \/ Yoast SEO plugin. -->","yoast_head_json":{"title":"Bensalah r\u00e9it\u00e8re l&#039;attachement de l&#039;Alg\u00e9rie au droit des peuples \u00e0 l&#039;autod\u00e9termination - info algerie","robots":{"index":"index","follow":"follow","max-snippet":"max-snippet:-1","max-image-preview":"max-image-preview:large","max-video-preview":"max-video-preview:-1"},"canonical":"https:\/\/www.info-algerie.com\/actualites\/bensalah-reitere-lattachement-de-lalgerie-au-droit-des-peuples-a-lautodetermination\/","og_locale":"fr_FR","og_type":"article","og_title":"Bensalah r\u00e9it\u00e8re l&#039;attachement de l&#039;Alg\u00e9rie au droit des peuples \u00e0 l&#039;autod\u00e9termination - info algerie","og_description":"SAINT-PETERSBOURG (Russie)- Le pr\u00e9sident du Conseil de la nation, Abdelkader Bensalah, a r\u00e9it\u00e9r\u00e9 dimanche \u00e0 Saint-P\u00e9tersbourg, l&rsquo;attachement de l&rsquo;Alg\u00e9rie au principe \u00ab\u00a0du r\u00e8glement politique des crises et des conflits\u00a0\u00bb et du droit des peuples \u00e0 l&rsquo;autod\u00e9termination. &#013; &#013; &#013; \u00ab\u00a0Fid\u00e8le \u00e0 ses principes, notre pays a toujours favoris\u00e9 le recours \u00e0 la r\u00e9solution politique des","og_url":"https:\/\/www.info-algerie.com\/actualites\/bensalah-reitere-lattachement-de-lalgerie-au-droit-des-peuples-a-lautodetermination\/","og_site_name":"info algerie","article_publisher":"https:\/\/www.facebook.com\/infoalgerieactu","article_published_time":"2017-10-15T15:54:37+00:00","og_image":[{"width":280,"height":170,"url":"https:\/\/www.info-algerie.com\/actualites\/wp-content\/uploads\/2017\/10\/902ec70d348a723eea1dadd747a649cb_S-1.jpg","type":"image\/jpeg"}],"author":"La r\u00e9daction","twitter_misc":{"\u00c9crit par":"La r\u00e9daction","Dur\u00e9e de lecture estim\u00e9e":"5 minutes"},"schema":{"@context":"https:\/\/schema.org","@graph":[{"@type":"Article","@id":"https:\/\/www.info-algerie.com\/actualites\/bensalah-reitere-lattachement-de-lalgerie-au-droit-des-peuples-a-lautodetermination\/#article","isPartOf":{"@id":"https:\/\/www.info-algerie.com\/actualites\/bensalah-reitere-lattachement-de-lalgerie-au-droit-des-peuples-a-lautodetermination\/"},"author":{"name":"La r\u00e9daction","@id":"https:\/\/www.info-algerie.com\/actualites\/#\/schema\/person\/847aaec44920825b843a08f30ec6aa1e"},"headline":"Bensalah r\u00e9it\u00e8re l&#039;attachement de l&#039;Alg\u00e9rie au droit des peuples \u00e0 l&#039;autod\u00e9termination","datePublished":"2017-10-15T15:54:37+00:00","mainEntityOfPage":{"@id":"https:\/\/www.info-algerie.com\/actualites\/bensalah-reitere-lattachement-de-lalgerie-au-droit-des-peuples-a-lautodetermination\/"},"wordCount":1058,"commentCount":0,"publisher":{"@id":"https:\/\/www.info-algerie.com\/actualites\/#organization"},"image":{"@id":"https:\/\/www.info-algerie.com\/actualites\/bensalah-reitere-lattachement-de-lalgerie-au-droit-des-peuples-a-lautodetermination\/#primaryimage"},"thumbnailUrl":"https:\/\/www.info-algerie.com\/actualites\/wp-content\/uploads\/2017\/10\/902ec70d348a723eea1dadd747a649cb_S-1.jpg","keywords":["ONU"],"articleSection":["infos"],"inLanguage":"fr-FR","potentialAction":[{"@type":"CommentAction","name":"Comment","target":["https:\/\/www.info-algerie.com\/actualites\/bensalah-reitere-lattachement-de-lalgerie-au-droit-des-peuples-a-lautodetermination\/#respond"]}]},{"@type":"WebPage","@id":"https:\/\/www.info-algerie.com\/actualites\/bensalah-reitere-lattachement-de-lalgerie-au-droit-des-peuples-a-lautodetermination\/","url":"https:\/\/www.info-algerie.com\/actualites\/bensalah-reitere-lattachement-de-lalgerie-au-droit-des-peuples-a-lautodetermination\/","name":"Bensalah r\u00e9it\u00e8re l&#039;attachement de l&#039;Alg\u00e9rie au droit des peuples \u00e0 l&#039;autod\u00e9termination - info algerie","isPartOf":{"@id":"https:\/\/www.info-algerie.com\/actualites\/#website"},"primaryImageOfPage":{"@id":"https:\/\/www.info-algerie.com\/actualites\/bensalah-reitere-lattachement-de-lalgerie-au-droit-des-peuples-a-lautodetermination\/#primaryimage"},"image":{"@id":"https:\/\/www.info-algerie.com\/actualites\/bensalah-reitere-lattachement-de-lalgerie-au-droit-des-peuples-a-lautodetermination\/#primaryimage"},"thumbnailUrl":"https:\/\/www.info-algerie.com\/actualites\/wp-content\/uploads\/2017\/10\/902ec70d348a723eea1dadd747a649cb_S-1.jpg","datePublished":"2017-10-15T15:54:37+00:00","breadcrumb":{"@id":"https:\/\/www.info-algerie.com\/actualites\/bensalah-reitere-lattachement-de-lalgerie-au-droit-des-peuples-a-lautodetermination\/#breadcrumb"},"inLanguage":"fr-FR","potentialAction":[{"@type":"ReadAction","target":["https:\/\/www.info-algerie.com\/actualites\/bensalah-reitere-lattachement-de-lalgerie-au-droit-des-peuples-a-lautodetermination\/"]}]},{"@type":"ImageObject","inLanguage":"fr-FR","@id":"https:\/\/www.info-algerie.com\/actualites\/bensalah-reitere-lattachement-de-lalgerie-au-droit-des-peuples-a-lautodetermination\/#primaryimage","url":"https:\/\/www.info-algerie.com\/actualites\/wp-content\/uploads\/2017\/10\/902ec70d348a723eea1dadd747a649cb_S-1.jpg","contentUrl":"https:\/\/www.info-algerie.com\/actualites\/wp-content\/uploads\/2017\/10\/902ec70d348a723eea1dadd747a649cb_S-1.jpg","width":280,"height":170},{"@type":"BreadcrumbList","@id":"https:\/\/www.info-algerie.com\/actualites\/bensalah-reitere-lattachement-de-lalgerie-au-droit-des-peuples-a-lautodetermination\/#breadcrumb","itemListElement":[{"@type":"ListItem","position":1,"name":"Accueil","item":"https:\/\/www.info-algerie.com\/actualites\/"},{"@type":"ListItem","position":2,"name":"Bensalah r\u00e9it\u00e8re l&#039;attachement de l&#039;Alg\u00e9rie au droit des peuples \u00e0 l&#039;autod\u00e9termination"}]},{"@type":"WebSite","@id":"https:\/\/www.info-algerie.com\/actualites\/#website","url":"https:\/\/www.info-algerie.com\/actualites\/","name":"info algerie","description":"Toutes les actualit\u00e9s","publisher":{"@id":"https:\/\/www.info-algerie.com\/actualites\/#organization"},"potentialAction":[{"@type":"SearchAction","target":{"@type":"EntryPoint","urlTemplate":"https:\/\/www.info-algerie.com\/actualites\/?s={search_term_string}"},"query-input":{"@type":"PropertyValueSpecification","valueRequired":true,"valueName":"search_term_string"}}],"inLanguage":"fr-FR"},{"@type":"Organization","@id":"https:\/\/www.info-algerie.com\/actualites\/#organization","name":"info algerie","url":"https:\/\/www.info-algerie.com\/actualites\/","logo":{"@type":"ImageObject","inLanguage":"fr-FR","@id":"https:\/\/www.info-algerie.com\/actualites\/#\/schema\/logo\/image\/","url":"https:\/\/www.info-algerie.com\/actualites\/wp-content\/uploads\/2022\/07\/logo-ia-120.png","contentUrl":"https:\/\/www.info-algerie.com\/actualites\/wp-content\/uploads\/2022\/07\/logo-ia-120.png","width":120,"height":43,"caption":"info algerie"},"image":{"@id":"https:\/\/www.info-algerie.com\/actualites\/#\/schema\/logo\/image\/"},"sameAs":["https:\/\/www.facebook.com\/infoalgerieactu","https:\/\/x.com\/infoalgerie1"]},{"@type":"Person","@id":"https:\/\/www.info-algerie.com\/actualites\/#\/schema\/person\/847aaec44920825b843a08f30ec6aa1e","name":"La r\u00e9daction","image":{"@type":"ImageObject","inLanguage":"fr-FR","@id":"https:\/\/secure.gravatar.com\/avatar\/769db425c6f465158149f1ffd6cf61ce7a8a879d11dfbef8288af36dfddd418c?s=96&d=mm&r=g","url":"https:\/\/secure.gravatar.com\/avatar\/769db425c6f465158149f1ffd6cf61ce7a8a879d11dfbef8288af36dfddd418c?s=96&d=mm&r=g","contentUrl":"https:\/\/secure.gravatar.com\/avatar\/769db425c6f465158149f1ffd6cf61ce7a8a879d11dfbef8288af36dfddd418c?s=96&d=mm&r=g","caption":"La r\u00e9daction"},"sameAs":["http:\/\/www.lkeria.com\/"],"url":"https:\/\/www.info-algerie.com\/actualites\/author\/chakib32\/"}]}},"_links":{"self":[{"href":"https:\/\/www.info-algerie.com\/actualites\/wp-json\/wp\/v2\/posts\/16922","targetHints":{"allow":["GET"]}}],"collection":[{"href":"https:\/\/www.info-algerie.com\/actualites\/wp-json\/wp\/v2\/posts"}],"about":[{"href":"https:\/\/www.info-algerie.com\/actualites\/wp-json\/wp\/v2\/types\/post"}],"author":[{"embeddable":true,"href":"https:\/\/www.info-algerie.com\/actualites\/wp-json\/wp\/v2\/users\/6"}],"replies":[{"embeddable":true,"href":"https:\/\/www.info-algerie.com\/actualites\/wp-json\/wp\/v2\/comments?post=16922"}],"version-history":[{"count":0,"href":"https:\/\/www.info-algerie.com\/actualites\/wp-json\/wp\/v2\/posts\/16922\/revisions"}],"wp:featuredmedia":[{"embeddable":true,"href":"https:\/\/www.info-algerie.com\/actualites\/wp-json\/wp\/v2\/media\/16923"}],"wp:attachment":[{"href":"https:\/\/www.info-algerie.com\/actualites\/wp-json\/wp\/v2\/media?parent=16922"}],"wp:term":[{"taxonomy":"category","embeddable":true,"href":"https:\/\/www.info-algerie.com\/actualites\/wp-json\/wp\/v2\/categories?post=16922"},{"taxonomy":"post_tag","embeddable":true,"href":"https:\/\/www.info-algerie.com\/actualites\/wp-json\/wp\/v2\/tags?post=16922"}],"curies":[{"name":"wp","href":"https:\/\/api.w.org\/{rel}","templated":true}]}}