{"id":16925,"date":"2017-10-15T19:15:43","date_gmt":"2017-10-15T18:15:43","guid":{"rendered":"http:\/\/www.info-algerie.com\/actualites\/imperatif-dintegrer-les-categories-aux-besoins-specifiques-dans-le-systeme-educatif\/"},"modified":"2017-10-15T19:15:43","modified_gmt":"2017-10-15T18:15:43","slug":"imperatif-dintegrer-les-categories-aux-besoins-specifiques-dans-le-systeme-educatif","status":"publish","type":"post","link":"https:\/\/www.info-algerie.com\/actualites\/imperatif-dintegrer-les-categories-aux-besoins-specifiques-dans-le-systeme-educatif\/","title":{"rendered":"Imp\u00e9ratif d\u2019int\u00e9grer les cat\u00e9gories aux besoins sp\u00e9cifiques dans le syst\u00e8me \u00e9ducatif"},"content":{"rendered":"<div class=\"K2FeedImage\"><img decoding=\"async\" src=\"https:\/\/www.info-algerie.com\/actualites\/wp-content\/uploads\/2017\/10\/22887d45fbbdc0be846d6035ef2accec_S.jpg\" alt=\"Imp&#xE9;ratif d&#x2019;int&#xE9;grer les cat&#xE9;gories aux besoins sp&#xE9;cifiques dans le syst&#xE8;me &#xE9;ducatif\" \/><\/div>\n<div class=\"K2FeedIntroText\">\n<p class=\"MsoNoSpacing\">CHLEF- La ministre de l\u2019Education nationale, Nouria Benghabrit a affirm\u00e9, dimanche \u00e0 Chlef, l\u2019imp\u00e9ratif d\u2019int\u00e9grer les <a href=\"http:\/\/www.aps.dz\/algerie\/63497-eleves-a-besoins-specifiques-plus-de-3-400-postes-d-emploi-reserves-aux-etablissements-specialises-et-classes-speciales\"><strong>cat\u00e9gories aux besoins sp\u00e9cifiques dans le syst\u00e8me \u00e9ducatif<\/strong><\/a>, en vue d\u2019une prise en charge idoine.<\/p>\n<p>&#013;\n<\/p><\/div>\n<div class=\"K2FeedFullText\">&#013;<\/p>\n<p class=\"MsoNoSpacing\">L\u2019affectation de <a href=\"http:\/\/www.aps.dz\/algerie\/62148-rentree-scolaire-2017-2018-plus-de-9-millions-d-eleves-rejoignent-les-bancs-de-l-ecole-le-6-septembre\"><strong>classes sp\u00e9ciales \u00e0 cette cat\u00e9gorie d\u2019\u00e9l\u00e8ves<\/strong><\/a> vise \u00e0 la pr\u00e9parer pour une int\u00e9gration future dans les classes ordinaires , a expliqu\u00e9 Mme Benghabrit dans son allocution, en marge d\u2019une visite d&rsquo;une classe d\u2019enfants aux besoins sp\u00e9cifiques de l\u2019\u00e9cole primaire Chahid Senouci Ma\u00e0mar de la cit\u00e9 Nasr de Chlef, signalant une coordination en cours avec le minist\u00e8re de la Solidarit\u00e9 nationale, de la Famille et de la Condition de la femme, en vue de la mise au point d\u2019actions de formation au profit des enseignants relatives \u00e0 l\u2019\u00e9ducation int\u00e9gr\u00e9e , a-t-elle fait savoir.<\/p>\n<p>&#013;<\/p>\n<p class=\"MsoNoSpacing\">Elle a soulign\u00e9 l\u2019inscription de cette mesure (formation) au titre du besoin ressenti pour une ressource humaine professionnelle et comp\u00e9tente pour la prise en charge de cette cat\u00e9gorie sociale, et ce, dans le cadre du principe d\u2019\u00e9galit\u00e9 des chances assur\u00e9 \u00e0 toutes les cat\u00e9gories sociales de\u00a0 toutes les r\u00e9gions de la wilaya.<\/p>\n<p>&#013;<\/p>\n<p class=\"MsoNoSpacing\">Dans un point de presse anim\u00e9 au si\u00e8ge de la wilaya, la ministre de l\u2019Education nationale a, par ailleurs, annonc\u00e9 l\u2019ouverture de la plateforme num\u00e9rique relative au recrutement des enseignants des listes d\u2019attente, \u00e0 partir du 6 novembre prochain, pour ce qui est du cycle primaire, et ce, jusqu\u2019\u00e0 la fin de l\u2019ann\u00e9e , qui verra l\u2019ouverture des plateformes relatives aux cycles moyen et secondaire, soit l\u2019ann\u00e9e 2018.<\/p>\n<p>&#013;<\/p>\n<p class=\"MsoNoSpacing\">Mme. Benghabrit, qui a admis l\u2019existence de certains dysfonctionnements dans l\u2019\u00e9laboration des listes d\u2019attente, \u00e0 l\u2019origine du retard mis dans le lancement de cette plateforme, a n\u00e9anmoins assur\u00e9 que cette derni\u00e8re (\u00a0 plateforme) est susceptible de contribuer \u00e0 la couverture de la vacation des postes, en math\u00e9matiques notamment .<\/p>\n<p>&#013;<\/p>\n<p class=\"MsoNoSpacing\">La ministre a entam\u00e9 sa visite, \u00e0 Chlef , par l\u2019inauguration de deux \u00e9coles primaires au niveau des cit\u00e9s Boukellal et Ouled Mohamed du centre ville de Chlef, destin\u00e9es \u00e0 r\u00e9sorber la surcharge des classes enregistr\u00e9e dans certains \u00e9tablissements.<\/p>\n<p>&#013;<\/p>\n<p class=\"MsoNoSpacing\">Selon les chiffres fournis par le directeur de l\u2019Education de la wilaya, la moyenne d\u2019occupation d\u2019une classe dans le cycle moyen \u00e0 Chlef est de 46 \u00e0 48 \u00e9l\u00e8ves, un chiffre que la ministre a expliqu\u00e9 par la croissance d\u00e9mographique dans la r\u00e9gion, et la hausse du taux de redoublement des classes.<\/p>\n<p>&#013;<\/p>\n<p class=\"MsoNoSpacing\">Elle a cit\u00e9 la r\u00e9alisation d\u2019extensions au niveau des classes de cours, au m\u00eame titre que de nouveaux \u00e9tablissements adapt\u00e9s aux besoins exprim\u00e9s, comme des solutions susceptibles d\u2019att\u00e9nuer cette surcharge des classes.<\/p>\n<p>&#013;<\/p>\n<p class=\"MsoNoSpacing\">Durant cette rentr\u00e9e 2017-2018, les \u00e9tablissements de Chlef (tous cycles confondus) ont accueilli 279.708 \u00e9l\u00e8ves.<\/p>\n<p>&#013;<\/p>\n<p class=\"MsoNoSpacing\">Le cycle moyen est le plus touch\u00e9 par le<a href=\"http:\/\/www.aps.dz\/algerie\/63376-rentree-universitaire-serie-de-mesures-pour-traiter-le-probleme-de-surcharge\"><strong> probl\u00e8me de surcharge<\/strong><\/a> avec une moyenne de 46 \u00e0 48 \u00e9l\u00e8ves par classe, enregistr\u00e9s au niveau de 54 CEM sur les 152 que compte la wilaya.<\/p>\n<p>&#013;<\/p>\n<p><span style=\"font-size: 11.0pt;line-height: 115%;font-family: 'Calibri','sans-serif'\">Au cours de sa visite, Mme Benghabrit a \u00e9galement tenue une r\u00e9union avec les repr\u00e9sentants des syndicats agr\u00e9es du secteur, des associations des parents d\u2019\u00e9l\u00e8ves, et des cadres de l&rsquo;\u00e9ducation<\/span><\/p>\n<\/div>\n<p>&#013;<br \/>\nSource: <a href=\"http:\/\/www.aps.dz\/algerie\/64012-imperatif-d-integrer-les-categories-aux-besoins-specifiques-dans-le-systeme-educatif\" target=\"_blank\">Imp\u00e9ratif d\u2019int\u00e9grer les cat\u00e9gories aux besoins sp\u00e9cifiques dans le syst\u00e8me \u00e9ducatif<\/a><\/p>\n<!--CusAds0-->\n<div style=\"font-size: 0px; height: 0px; line-height: 0px; margin: 0; padding: 0; clear: both;\"><\/div>","protected":false},"excerpt":{"rendered":"<p>CHLEF- La ministre de l\u2019Education nationale, Nouria Benghabrit a affirm\u00e9, dimanche \u00e0 Chlef, l\u2019imp\u00e9ratif d\u2019int\u00e9grer les cat\u00e9gories aux besoins sp\u00e9cifiques dans le syst\u00e8me \u00e9ducatif, en vue d\u2019une prise en charge idoine. &#013; &#013; L\u2019affectation de classes sp\u00e9ciales \u00e0 cette cat\u00e9gorie d\u2019\u00e9l\u00e8ves vise \u00e0 la pr\u00e9parer pour une int\u00e9gration future dans les classes ordinaires , a<\/p>\n","protected":false},"author":6,"featured_media":16926,"comment_status":"open","ping_status":"open","sticky":false,"template":"","format":"standard","meta":{"footnotes":""},"categories":[22],"tags":[93],"class_list":["post-16925","post","type-post","status-publish","format-standard","has-post-thumbnail","hentry","category-infos","tag-onu"],"yoast_head":"<!-- This site is optimized with the Yoast SEO plugin v27.5 - https:\/\/yoast.com\/product\/yoast-seo-wordpress\/ -->\n<title>Imp\u00e9ratif d\u2019int\u00e9grer les cat\u00e9gories aux besoins sp\u00e9cifiques dans le syst\u00e8me \u00e9ducatif - info algerie<\/title>\n<meta name=\"robots\" content=\"index, follow, max-snippet:-1, max-image-preview:large, max-video-preview:-1\" \/>\n<link rel=\"canonical\" href=\"https:\/\/www.info-algerie.com\/actualites\/imperatif-dintegrer-les-categories-aux-besoins-specifiques-dans-le-systeme-educatif\/\" \/>\n<meta property=\"og:locale\" content=\"fr_FR\" \/>\n<meta property=\"og:type\" content=\"article\" \/>\n<meta property=\"og:title\" content=\"Imp\u00e9ratif d\u2019int\u00e9grer les cat\u00e9gories aux besoins sp\u00e9cifiques dans le syst\u00e8me \u00e9ducatif - info algerie\" \/>\n<meta property=\"og:description\" content=\"CHLEF- La ministre de l\u2019Education nationale, Nouria Benghabrit a affirm\u00e9, dimanche \u00e0 Chlef, l\u2019imp\u00e9ratif d\u2019int\u00e9grer les cat\u00e9gories aux besoins sp\u00e9cifiques dans le syst\u00e8me \u00e9ducatif, en vue d\u2019une prise en charge idoine. &#013; &#013; L\u2019affectation de classes sp\u00e9ciales \u00e0 cette cat\u00e9gorie d\u2019\u00e9l\u00e8ves vise \u00e0 la pr\u00e9parer pour une int\u00e9gration future dans les classes ordinaires , a\" \/>\n<meta property=\"og:url\" content=\"https:\/\/www.info-algerie.com\/actualites\/imperatif-dintegrer-les-categories-aux-besoins-specifiques-dans-le-systeme-educatif\/\" \/>\n<meta property=\"og:site_name\" content=\"info algerie\" \/>\n<meta property=\"article:publisher\" content=\"https:\/\/www.facebook.com\/infoalgerieactu\" \/>\n<meta property=\"article:published_time\" content=\"2017-10-15T18:15:43+00:00\" \/>\n<meta property=\"og:image\" content=\"https:\/\/www.info-algerie.com\/actualites\/wp-content\/uploads\/2017\/10\/22887d45fbbdc0be846d6035ef2accec_S-1.jpg\" \/>\n\t<meta property=\"og:image:width\" content=\"280\" \/>\n\t<meta property=\"og:image:height\" content=\"186\" \/>\n\t<meta property=\"og:image:type\" content=\"image\/jpeg\" \/>\n<meta name=\"author\" content=\"La r\u00e9daction\" \/>\n<meta name=\"twitter:label1\" content=\"\u00c9crit par\" \/>\n\t<meta name=\"twitter:data1\" content=\"La r\u00e9daction\" \/>\n\t<meta name=\"twitter:label2\" content=\"Dur\u00e9e de lecture estim\u00e9e\" \/>\n\t<meta name=\"twitter:data2\" content=\"3 minutes\" \/>\n<script type=\"application\/ld+json\" class=\"yoast-schema-graph\">{\"@context\":\"https:\\\/\\\/schema.org\",\"@graph\":[{\"@type\":\"Article\",\"@id\":\"https:\\\/\\\/www.info-algerie.com\\\/actualites\\\/imperatif-dintegrer-les-categories-aux-besoins-specifiques-dans-le-systeme-educatif\\\/#article\",\"isPartOf\":{\"@id\":\"https:\\\/\\\/www.info-algerie.com\\\/actualites\\\/imperatif-dintegrer-les-categories-aux-besoins-specifiques-dans-le-systeme-educatif\\\/\"},\"author\":{\"name\":\"La r\u00e9daction\",\"@id\":\"https:\\\/\\\/www.info-algerie.com\\\/actualites\\\/#\\\/schema\\\/person\\\/847aaec44920825b843a08f30ec6aa1e\"},\"headline\":\"Imp\u00e9ratif d\u2019int\u00e9grer les cat\u00e9gories aux besoins sp\u00e9cifiques dans le syst\u00e8me \u00e9ducatif\",\"datePublished\":\"2017-10-15T18:15:43+00:00\",\"mainEntityOfPage\":{\"@id\":\"https:\\\/\\\/www.info-algerie.com\\\/actualites\\\/imperatif-dintegrer-les-categories-aux-besoins-specifiques-dans-le-systeme-educatif\\\/\"},\"wordCount\":583,\"commentCount\":0,\"publisher\":{\"@id\":\"https:\\\/\\\/www.info-algerie.com\\\/actualites\\\/#organization\"},\"image\":{\"@id\":\"https:\\\/\\\/www.info-algerie.com\\\/actualites\\\/imperatif-dintegrer-les-categories-aux-besoins-specifiques-dans-le-systeme-educatif\\\/#primaryimage\"},\"thumbnailUrl\":\"https:\\\/\\\/www.info-algerie.com\\\/actualites\\\/wp-content\\\/uploads\\\/2017\\\/10\\\/22887d45fbbdc0be846d6035ef2accec_S-1.jpg\",\"keywords\":[\"ONU\"],\"articleSection\":[\"infos\"],\"inLanguage\":\"fr-FR\",\"potentialAction\":[{\"@type\":\"CommentAction\",\"name\":\"Comment\",\"target\":[\"https:\\\/\\\/www.info-algerie.com\\\/actualites\\\/imperatif-dintegrer-les-categories-aux-besoins-specifiques-dans-le-systeme-educatif\\\/#respond\"]}]},{\"@type\":\"WebPage\",\"@id\":\"https:\\\/\\\/www.info-algerie.com\\\/actualites\\\/imperatif-dintegrer-les-categories-aux-besoins-specifiques-dans-le-systeme-educatif\\\/\",\"url\":\"https:\\\/\\\/www.info-algerie.com\\\/actualites\\\/imperatif-dintegrer-les-categories-aux-besoins-specifiques-dans-le-systeme-educatif\\\/\",\"name\":\"Imp\u00e9ratif d\u2019int\u00e9grer les cat\u00e9gories aux besoins sp\u00e9cifiques dans le syst\u00e8me \u00e9ducatif - info algerie\",\"isPartOf\":{\"@id\":\"https:\\\/\\\/www.info-algerie.com\\\/actualites\\\/#website\"},\"primaryImageOfPage\":{\"@id\":\"https:\\\/\\\/www.info-algerie.com\\\/actualites\\\/imperatif-dintegrer-les-categories-aux-besoins-specifiques-dans-le-systeme-educatif\\\/#primaryimage\"},\"image\":{\"@id\":\"https:\\\/\\\/www.info-algerie.com\\\/actualites\\\/imperatif-dintegrer-les-categories-aux-besoins-specifiques-dans-le-systeme-educatif\\\/#primaryimage\"},\"thumbnailUrl\":\"https:\\\/\\\/www.info-algerie.com\\\/actualites\\\/wp-content\\\/uploads\\\/2017\\\/10\\\/22887d45fbbdc0be846d6035ef2accec_S-1.jpg\",\"datePublished\":\"2017-10-15T18:15:43+00:00\",\"breadcrumb\":{\"@id\":\"https:\\\/\\\/www.info-algerie.com\\\/actualites\\\/imperatif-dintegrer-les-categories-aux-besoins-specifiques-dans-le-systeme-educatif\\\/#breadcrumb\"},\"inLanguage\":\"fr-FR\",\"potentialAction\":[{\"@type\":\"ReadAction\",\"target\":[\"https:\\\/\\\/www.info-algerie.com\\\/actualites\\\/imperatif-dintegrer-les-categories-aux-besoins-specifiques-dans-le-systeme-educatif\\\/\"]}]},{\"@type\":\"ImageObject\",\"inLanguage\":\"fr-FR\",\"@id\":\"https:\\\/\\\/www.info-algerie.com\\\/actualites\\\/imperatif-dintegrer-les-categories-aux-besoins-specifiques-dans-le-systeme-educatif\\\/#primaryimage\",\"url\":\"https:\\\/\\\/www.info-algerie.com\\\/actualites\\\/wp-content\\\/uploads\\\/2017\\\/10\\\/22887d45fbbdc0be846d6035ef2accec_S-1.jpg\",\"contentUrl\":\"https:\\\/\\\/www.info-algerie.com\\\/actualites\\\/wp-content\\\/uploads\\\/2017\\\/10\\\/22887d45fbbdc0be846d6035ef2accec_S-1.jpg\",\"width\":280,\"height\":186},{\"@type\":\"BreadcrumbList\",\"@id\":\"https:\\\/\\\/www.info-algerie.com\\\/actualites\\\/imperatif-dintegrer-les-categories-aux-besoins-specifiques-dans-le-systeme-educatif\\\/#breadcrumb\",\"itemListElement\":[{\"@type\":\"ListItem\",\"position\":1,\"name\":\"Accueil\",\"item\":\"https:\\\/\\\/www.info-algerie.com\\\/actualites\\\/\"},{\"@type\":\"ListItem\",\"position\":2,\"name\":\"Imp\u00e9ratif d\u2019int\u00e9grer les cat\u00e9gories aux besoins sp\u00e9cifiques dans le syst\u00e8me \u00e9ducatif\"}]},{\"@type\":\"WebSite\",\"@id\":\"https:\\\/\\\/www.info-algerie.com\\\/actualites\\\/#website\",\"url\":\"https:\\\/\\\/www.info-algerie.com\\\/actualites\\\/\",\"name\":\"info algerie\",\"description\":\"Toutes les actualit\u00e9s\",\"publisher\":{\"@id\":\"https:\\\/\\\/www.info-algerie.com\\\/actualites\\\/#organization\"},\"potentialAction\":[{\"@type\":\"SearchAction\",\"target\":{\"@type\":\"EntryPoint\",\"urlTemplate\":\"https:\\\/\\\/www.info-algerie.com\\\/actualites\\\/?s={search_term_string}\"},\"query-input\":{\"@type\":\"PropertyValueSpecification\",\"valueRequired\":true,\"valueName\":\"search_term_string\"}}],\"inLanguage\":\"fr-FR\"},{\"@type\":\"Organization\",\"@id\":\"https:\\\/\\\/www.info-algerie.com\\\/actualites\\\/#organization\",\"name\":\"info algerie\",\"url\":\"https:\\\/\\\/www.info-algerie.com\\\/actualites\\\/\",\"logo\":{\"@type\":\"ImageObject\",\"inLanguage\":\"fr-FR\",\"@id\":\"https:\\\/\\\/www.info-algerie.com\\\/actualites\\\/#\\\/schema\\\/logo\\\/image\\\/\",\"url\":\"https:\\\/\\\/www.info-algerie.com\\\/actualites\\\/wp-content\\\/uploads\\\/2022\\\/07\\\/logo-ia-120.png\",\"contentUrl\":\"https:\\\/\\\/www.info-algerie.com\\\/actualites\\\/wp-content\\\/uploads\\\/2022\\\/07\\\/logo-ia-120.png\",\"width\":120,\"height\":43,\"caption\":\"info algerie\"},\"image\":{\"@id\":\"https:\\\/\\\/www.info-algerie.com\\\/actualites\\\/#\\\/schema\\\/logo\\\/image\\\/\"},\"sameAs\":[\"https:\\\/\\\/www.facebook.com\\\/infoalgerieactu\",\"https:\\\/\\\/x.com\\\/infoalgerie1\"]},{\"@type\":\"Person\",\"@id\":\"https:\\\/\\\/www.info-algerie.com\\\/actualites\\\/#\\\/schema\\\/person\\\/847aaec44920825b843a08f30ec6aa1e\",\"name\":\"La r\u00e9daction\",\"image\":{\"@type\":\"ImageObject\",\"inLanguage\":\"fr-FR\",\"@id\":\"https:\\\/\\\/secure.gravatar.com\\\/avatar\\\/769db425c6f465158149f1ffd6cf61ce7a8a879d11dfbef8288af36dfddd418c?s=96&d=mm&r=g\",\"url\":\"https:\\\/\\\/secure.gravatar.com\\\/avatar\\\/769db425c6f465158149f1ffd6cf61ce7a8a879d11dfbef8288af36dfddd418c?s=96&d=mm&r=g\",\"contentUrl\":\"https:\\\/\\\/secure.gravatar.com\\\/avatar\\\/769db425c6f465158149f1ffd6cf61ce7a8a879d11dfbef8288af36dfddd418c?s=96&d=mm&r=g\",\"caption\":\"La r\u00e9daction\"},\"sameAs\":[\"http:\\\/\\\/www.lkeria.com\\\/\"],\"url\":\"https:\\\/\\\/www.info-algerie.com\\\/actualites\\\/author\\\/chakib32\\\/\"}]}<\/script>\n<!-- \/ Yoast SEO plugin. -->","yoast_head_json":{"title":"Imp\u00e9ratif d\u2019int\u00e9grer les cat\u00e9gories aux besoins sp\u00e9cifiques dans le syst\u00e8me \u00e9ducatif - info algerie","robots":{"index":"index","follow":"follow","max-snippet":"max-snippet:-1","max-image-preview":"max-image-preview:large","max-video-preview":"max-video-preview:-1"},"canonical":"https:\/\/www.info-algerie.com\/actualites\/imperatif-dintegrer-les-categories-aux-besoins-specifiques-dans-le-systeme-educatif\/","og_locale":"fr_FR","og_type":"article","og_title":"Imp\u00e9ratif d\u2019int\u00e9grer les cat\u00e9gories aux besoins sp\u00e9cifiques dans le syst\u00e8me \u00e9ducatif - info algerie","og_description":"CHLEF- La ministre de l\u2019Education nationale, Nouria Benghabrit a affirm\u00e9, dimanche \u00e0 Chlef, l\u2019imp\u00e9ratif d\u2019int\u00e9grer les cat\u00e9gories aux besoins sp\u00e9cifiques dans le syst\u00e8me \u00e9ducatif, en vue d\u2019une prise en charge idoine. &#013; &#013; L\u2019affectation de classes sp\u00e9ciales \u00e0 cette cat\u00e9gorie d\u2019\u00e9l\u00e8ves vise \u00e0 la pr\u00e9parer pour une int\u00e9gration future dans les classes ordinaires , a","og_url":"https:\/\/www.info-algerie.com\/actualites\/imperatif-dintegrer-les-categories-aux-besoins-specifiques-dans-le-systeme-educatif\/","og_site_name":"info algerie","article_publisher":"https:\/\/www.facebook.com\/infoalgerieactu","article_published_time":"2017-10-15T18:15:43+00:00","og_image":[{"width":280,"height":186,"url":"https:\/\/www.info-algerie.com\/actualites\/wp-content\/uploads\/2017\/10\/22887d45fbbdc0be846d6035ef2accec_S-1.jpg","type":"image\/jpeg"}],"author":"La r\u00e9daction","twitter_misc":{"\u00c9crit par":"La r\u00e9daction","Dur\u00e9e de lecture estim\u00e9e":"3 minutes"},"schema":{"@context":"https:\/\/schema.org","@graph":[{"@type":"Article","@id":"https:\/\/www.info-algerie.com\/actualites\/imperatif-dintegrer-les-categories-aux-besoins-specifiques-dans-le-systeme-educatif\/#article","isPartOf":{"@id":"https:\/\/www.info-algerie.com\/actualites\/imperatif-dintegrer-les-categories-aux-besoins-specifiques-dans-le-systeme-educatif\/"},"author":{"name":"La r\u00e9daction","@id":"https:\/\/www.info-algerie.com\/actualites\/#\/schema\/person\/847aaec44920825b843a08f30ec6aa1e"},"headline":"Imp\u00e9ratif d\u2019int\u00e9grer les cat\u00e9gories aux besoins sp\u00e9cifiques dans le syst\u00e8me \u00e9ducatif","datePublished":"2017-10-15T18:15:43+00:00","mainEntityOfPage":{"@id":"https:\/\/www.info-algerie.com\/actualites\/imperatif-dintegrer-les-categories-aux-besoins-specifiques-dans-le-systeme-educatif\/"},"wordCount":583,"commentCount":0,"publisher":{"@id":"https:\/\/www.info-algerie.com\/actualites\/#organization"},"image":{"@id":"https:\/\/www.info-algerie.com\/actualites\/imperatif-dintegrer-les-categories-aux-besoins-specifiques-dans-le-systeme-educatif\/#primaryimage"},"thumbnailUrl":"https:\/\/www.info-algerie.com\/actualites\/wp-content\/uploads\/2017\/10\/22887d45fbbdc0be846d6035ef2accec_S-1.jpg","keywords":["ONU"],"articleSection":["infos"],"inLanguage":"fr-FR","potentialAction":[{"@type":"CommentAction","name":"Comment","target":["https:\/\/www.info-algerie.com\/actualites\/imperatif-dintegrer-les-categories-aux-besoins-specifiques-dans-le-systeme-educatif\/#respond"]}]},{"@type":"WebPage","@id":"https:\/\/www.info-algerie.com\/actualites\/imperatif-dintegrer-les-categories-aux-besoins-specifiques-dans-le-systeme-educatif\/","url":"https:\/\/www.info-algerie.com\/actualites\/imperatif-dintegrer-les-categories-aux-besoins-specifiques-dans-le-systeme-educatif\/","name":"Imp\u00e9ratif d\u2019int\u00e9grer les cat\u00e9gories aux besoins sp\u00e9cifiques dans le syst\u00e8me \u00e9ducatif - info algerie","isPartOf":{"@id":"https:\/\/www.info-algerie.com\/actualites\/#website"},"primaryImageOfPage":{"@id":"https:\/\/www.info-algerie.com\/actualites\/imperatif-dintegrer-les-categories-aux-besoins-specifiques-dans-le-systeme-educatif\/#primaryimage"},"image":{"@id":"https:\/\/www.info-algerie.com\/actualites\/imperatif-dintegrer-les-categories-aux-besoins-specifiques-dans-le-systeme-educatif\/#primaryimage"},"thumbnailUrl":"https:\/\/www.info-algerie.com\/actualites\/wp-content\/uploads\/2017\/10\/22887d45fbbdc0be846d6035ef2accec_S-1.jpg","datePublished":"2017-10-15T18:15:43+00:00","breadcrumb":{"@id":"https:\/\/www.info-algerie.com\/actualites\/imperatif-dintegrer-les-categories-aux-besoins-specifiques-dans-le-systeme-educatif\/#breadcrumb"},"inLanguage":"fr-FR","potentialAction":[{"@type":"ReadAction","target":["https:\/\/www.info-algerie.com\/actualites\/imperatif-dintegrer-les-categories-aux-besoins-specifiques-dans-le-systeme-educatif\/"]}]},{"@type":"ImageObject","inLanguage":"fr-FR","@id":"https:\/\/www.info-algerie.com\/actualites\/imperatif-dintegrer-les-categories-aux-besoins-specifiques-dans-le-systeme-educatif\/#primaryimage","url":"https:\/\/www.info-algerie.com\/actualites\/wp-content\/uploads\/2017\/10\/22887d45fbbdc0be846d6035ef2accec_S-1.jpg","contentUrl":"https:\/\/www.info-algerie.com\/actualites\/wp-content\/uploads\/2017\/10\/22887d45fbbdc0be846d6035ef2accec_S-1.jpg","width":280,"height":186},{"@type":"BreadcrumbList","@id":"https:\/\/www.info-algerie.com\/actualites\/imperatif-dintegrer-les-categories-aux-besoins-specifiques-dans-le-systeme-educatif\/#breadcrumb","itemListElement":[{"@type":"ListItem","position":1,"name":"Accueil","item":"https:\/\/www.info-algerie.com\/actualites\/"},{"@type":"ListItem","position":2,"name":"Imp\u00e9ratif d\u2019int\u00e9grer les cat\u00e9gories aux besoins sp\u00e9cifiques dans le syst\u00e8me \u00e9ducatif"}]},{"@type":"WebSite","@id":"https:\/\/www.info-algerie.com\/actualites\/#website","url":"https:\/\/www.info-algerie.com\/actualites\/","name":"info algerie","description":"Toutes les actualit\u00e9s","publisher":{"@id":"https:\/\/www.info-algerie.com\/actualites\/#organization"},"potentialAction":[{"@type":"SearchAction","target":{"@type":"EntryPoint","urlTemplate":"https:\/\/www.info-algerie.com\/actualites\/?s={search_term_string}"},"query-input":{"@type":"PropertyValueSpecification","valueRequired":true,"valueName":"search_term_string"}}],"inLanguage":"fr-FR"},{"@type":"Organization","@id":"https:\/\/www.info-algerie.com\/actualites\/#organization","name":"info algerie","url":"https:\/\/www.info-algerie.com\/actualites\/","logo":{"@type":"ImageObject","inLanguage":"fr-FR","@id":"https:\/\/www.info-algerie.com\/actualites\/#\/schema\/logo\/image\/","url":"https:\/\/www.info-algerie.com\/actualites\/wp-content\/uploads\/2022\/07\/logo-ia-120.png","contentUrl":"https:\/\/www.info-algerie.com\/actualites\/wp-content\/uploads\/2022\/07\/logo-ia-120.png","width":120,"height":43,"caption":"info algerie"},"image":{"@id":"https:\/\/www.info-algerie.com\/actualites\/#\/schema\/logo\/image\/"},"sameAs":["https:\/\/www.facebook.com\/infoalgerieactu","https:\/\/x.com\/infoalgerie1"]},{"@type":"Person","@id":"https:\/\/www.info-algerie.com\/actualites\/#\/schema\/person\/847aaec44920825b843a08f30ec6aa1e","name":"La r\u00e9daction","image":{"@type":"ImageObject","inLanguage":"fr-FR","@id":"https:\/\/secure.gravatar.com\/avatar\/769db425c6f465158149f1ffd6cf61ce7a8a879d11dfbef8288af36dfddd418c?s=96&d=mm&r=g","url":"https:\/\/secure.gravatar.com\/avatar\/769db425c6f465158149f1ffd6cf61ce7a8a879d11dfbef8288af36dfddd418c?s=96&d=mm&r=g","contentUrl":"https:\/\/secure.gravatar.com\/avatar\/769db425c6f465158149f1ffd6cf61ce7a8a879d11dfbef8288af36dfddd418c?s=96&d=mm&r=g","caption":"La r\u00e9daction"},"sameAs":["http:\/\/www.lkeria.com\/"],"url":"https:\/\/www.info-algerie.com\/actualites\/author\/chakib32\/"}]}},"_links":{"self":[{"href":"https:\/\/www.info-algerie.com\/actualites\/wp-json\/wp\/v2\/posts\/16925","targetHints":{"allow":["GET"]}}],"collection":[{"href":"https:\/\/www.info-algerie.com\/actualites\/wp-json\/wp\/v2\/posts"}],"about":[{"href":"https:\/\/www.info-algerie.com\/actualites\/wp-json\/wp\/v2\/types\/post"}],"author":[{"embeddable":true,"href":"https:\/\/www.info-algerie.com\/actualites\/wp-json\/wp\/v2\/users\/6"}],"replies":[{"embeddable":true,"href":"https:\/\/www.info-algerie.com\/actualites\/wp-json\/wp\/v2\/comments?post=16925"}],"version-history":[{"count":0,"href":"https:\/\/www.info-algerie.com\/actualites\/wp-json\/wp\/v2\/posts\/16925\/revisions"}],"wp:featuredmedia":[{"embeddable":true,"href":"https:\/\/www.info-algerie.com\/actualites\/wp-json\/wp\/v2\/media\/16926"}],"wp:attachment":[{"href":"https:\/\/www.info-algerie.com\/actualites\/wp-json\/wp\/v2\/media?parent=16925"}],"wp:term":[{"taxonomy":"category","embeddable":true,"href":"https:\/\/www.info-algerie.com\/actualites\/wp-json\/wp\/v2\/categories?post=16925"},{"taxonomy":"post_tag","embeddable":true,"href":"https:\/\/www.info-algerie.com\/actualites\/wp-json\/wp\/v2\/tags?post=16925"}],"curies":[{"name":"wp","href":"https:\/\/api.w.org\/{rel}","templated":true}]}}