{"id":16928,"date":"2017-10-15T18:31:13","date_gmt":"2017-10-15T17:31:13","guid":{"rendered":"http:\/\/www.info-algerie.com\/actualites\/messahel-prend-part-a-la-session-extraordinaire-du-conseil-executif-de-lua\/"},"modified":"2017-10-15T18:31:13","modified_gmt":"2017-10-15T17:31:13","slug":"messahel-prend-part-a-la-session-extraordinaire-du-conseil-executif-de-lua","status":"publish","type":"post","link":"https:\/\/www.info-algerie.com\/actualites\/messahel-prend-part-a-la-session-extraordinaire-du-conseil-executif-de-lua\/","title":{"rendered":"Messahel prend part \u00e0 la session extraordinaire du Conseil ex\u00e9cutif de l&#039;UA"},"content":{"rendered":"<div class=\"K2FeedImage\"><img decoding=\"async\" src=\"https:\/\/www.info-algerie.com\/actualites\/wp-content\/uploads\/2017\/10\/cfae7f092e845915cca1d3ebeec4b90e_S.jpg\" alt=\"Messahel prend part &#xE0; la session extraordinaire du Conseil ex&#xE9;cutif de l'UA\" \/><\/div>\n<div class=\"K2FeedIntroText\">\n<p>ALGER- Le ministre des Affaires \u00e9trang\u00e8res, Abdelkader Messahel, est arriv\u00e9 dimanche \u00e0 Addis-Abeba, o\u00f9 il prendra part aux travaux de la session extraordinaire du Conseil ex\u00e9cutif de l\u2019Union africaine (UA), pr\u00e9vue lundi, a indiqu\u00e9 un communiqu\u00e9 du minist\u00e8re des Affaires \u00e9trang\u00e8res (MAE).<\/p>\n<p>&#013;\n<\/p><\/div>\n<div class=\"K2FeedFullText\">&#013;<\/p>\n<blockquote><p>&#013;<\/p>\n<p><em><strong>\u00ab\u00a0Cette session extraordinaire, convoqu\u00e9 conform\u00e9ment \u00e0 la d\u00e9cision 967 de la 31\u00e8me session ordinaire du Conseil ex\u00e9cutif de l\u2019Union africaine, tenue en juillet 2017, aura pour objet d\u2019examiner les pr\u00e9paratifs du 5\u00e8me sommet\u00a0 Union africaine-Union europ\u00e9enne, qui se tiendra \u00e0 Abidjan les 29 et 30 novembre 2017\u00a0\u00bb, a pr\u00e9cis\u00e9 la m\u00eame source.<\/strong><\/em><\/p>\n<p>&#013;\n<\/p><\/blockquote>\n<p>&#013;<\/p>\n<p>Outre la position africaine commune sur les Accords ACP, cette session examinera essentiellement \u00ab\u00a0les documents devant sanctionner le sommet d\u2019Abidjan, notamment la D\u00e9claration conjointe et le document portant les programmes et projets prioritaires \u00e0 r\u00e9aliser conjointement par les deux parties durant la p\u00e9riode 2018-2023\u00a0\u00bb, a soulign\u00e9 le communiqu\u00e9 du MAE.<\/p>\n<p>&#013;<\/p>\n<p>\u00a0<\/p>\n<p>&#013;<\/p>\n<hr \/>\n<h3><a href=\"http:\/\/www.aps.dz\/algerie\/63963-mali-messahel-reaffirme-l-engagement-de-l-algerie-a-poursuivre-sa-cooperation-multiforme\">Lire aussi: Messahel r\u00e9affirme l&rsquo;engagement de l&rsquo;Alg\u00e9rie \u00e0 poursuivre sa coop\u00e9ration multiforme<\/a><\/h3>\n<p>&#013;<\/p>\n<hr \/>\n<p>En marge de cette session, le ministre des Affaires \u00e9trang\u00e8res aura des entretiens bilat\u00e9raux, notamment avec le pr\u00e9sident de la Commission de l\u2019Union africaine, Moussa Faki Mahamat, a indiqu\u00e9 la m\u00eame source.<\/p>\n<\/div>\n<p>&#013;<br \/>\nSource: <a href=\"http:\/\/www.aps.dz\/algerie\/64007-messahel-a-addis-abeba-pour-prendre-part-a-la-session-extraordinaire-du-conseil-executif-de-l-ua\" target=\"_blank\">Messahel prend part \u00e0 la session extraordinaire du Conseil ex\u00e9cutif de l&rsquo;UA<\/a><\/p>\n<!--CusAds0-->\n<div style=\"font-size: 0px; height: 0px; line-height: 0px; margin: 0; padding: 0; clear: both;\"><\/div>","protected":false},"excerpt":{"rendered":"<p>ALGER- Le ministre des Affaires \u00e9trang\u00e8res, Abdelkader Messahel, est arriv\u00e9 dimanche \u00e0 Addis-Abeba, o\u00f9 il prendra part aux travaux de la session extraordinaire du Conseil ex\u00e9cutif de l\u2019Union africaine (UA), pr\u00e9vue lundi, a indiqu\u00e9 un communiqu\u00e9 du minist\u00e8re des Affaires \u00e9trang\u00e8res (MAE). &#013; &#013; &#013; \u00ab\u00a0Cette session extraordinaire, convoqu\u00e9 conform\u00e9ment \u00e0 la d\u00e9cision 967 de<\/p>\n","protected":false},"author":6,"featured_media":16929,"comment_status":"open","ping_status":"open","sticky":false,"template":"","format":"standard","meta":{"footnotes":""},"categories":[22],"tags":[93],"class_list":["post-16928","post","type-post","status-publish","format-standard","has-post-thumbnail","hentry","category-infos","tag-onu"],"yoast_head":"<!-- This site is optimized with the Yoast SEO plugin v27.5 - https:\/\/yoast.com\/product\/yoast-seo-wordpress\/ -->\n<title>Messahel prend part \u00e0 la session extraordinaire du Conseil ex\u00e9cutif de l&#039;UA - info algerie<\/title>\n<meta name=\"robots\" content=\"index, follow, max-snippet:-1, max-image-preview:large, max-video-preview:-1\" \/>\n<link rel=\"canonical\" href=\"https:\/\/www.info-algerie.com\/actualites\/messahel-prend-part-a-la-session-extraordinaire-du-conseil-executif-de-lua\/\" \/>\n<meta property=\"og:locale\" content=\"fr_FR\" \/>\n<meta property=\"og:type\" content=\"article\" \/>\n<meta property=\"og:title\" content=\"Messahel prend part \u00e0 la session extraordinaire du Conseil ex\u00e9cutif de l&#039;UA - info algerie\" \/>\n<meta property=\"og:description\" content=\"ALGER- Le ministre des Affaires \u00e9trang\u00e8res, Abdelkader Messahel, est arriv\u00e9 dimanche \u00e0 Addis-Abeba, o\u00f9 il prendra part aux travaux de la session extraordinaire du Conseil ex\u00e9cutif de l\u2019Union africaine (UA), pr\u00e9vue lundi, a indiqu\u00e9 un communiqu\u00e9 du minist\u00e8re des Affaires \u00e9trang\u00e8res (MAE). &#013; &#013; &#013; \u00ab\u00a0Cette session extraordinaire, convoqu\u00e9 conform\u00e9ment \u00e0 la d\u00e9cision 967 de\" \/>\n<meta property=\"og:url\" content=\"https:\/\/www.info-algerie.com\/actualites\/messahel-prend-part-a-la-session-extraordinaire-du-conseil-executif-de-lua\/\" \/>\n<meta property=\"og:site_name\" content=\"info algerie\" \/>\n<meta property=\"article:publisher\" content=\"https:\/\/www.facebook.com\/infoalgerieactu\" \/>\n<meta property=\"article:published_time\" content=\"2017-10-15T17:31:13+00:00\" \/>\n<meta property=\"og:image\" content=\"https:\/\/www.info-algerie.com\/actualites\/wp-content\/uploads\/2017\/10\/cfae7f092e845915cca1d3ebeec4b90e_S-1.jpg\" \/>\n\t<meta property=\"og:image:width\" content=\"280\" \/>\n\t<meta property=\"og:image:height\" content=\"196\" \/>\n\t<meta property=\"og:image:type\" content=\"image\/jpeg\" \/>\n<meta name=\"author\" content=\"La r\u00e9daction\" \/>\n<meta name=\"twitter:label1\" content=\"\u00c9crit par\" \/>\n\t<meta name=\"twitter:data1\" content=\"La r\u00e9daction\" \/>\n\t<meta name=\"twitter:label2\" content=\"Dur\u00e9e de lecture estim\u00e9e\" \/>\n\t<meta name=\"twitter:data2\" content=\"1 minute\" \/>\n<script type=\"application\/ld+json\" class=\"yoast-schema-graph\">{\"@context\":\"https:\\\/\\\/schema.org\",\"@graph\":[{\"@type\":\"Article\",\"@id\":\"https:\\\/\\\/www.info-algerie.com\\\/actualites\\\/messahel-prend-part-a-la-session-extraordinaire-du-conseil-executif-de-lua\\\/#article\",\"isPartOf\":{\"@id\":\"https:\\\/\\\/www.info-algerie.com\\\/actualites\\\/messahel-prend-part-a-la-session-extraordinaire-du-conseil-executif-de-lua\\\/\"},\"author\":{\"name\":\"La r\u00e9daction\",\"@id\":\"https:\\\/\\\/www.info-algerie.com\\\/actualites\\\/#\\\/schema\\\/person\\\/847aaec44920825b843a08f30ec6aa1e\"},\"headline\":\"Messahel prend part \u00e0 la session extraordinaire du Conseil ex\u00e9cutif de l&#039;UA\",\"datePublished\":\"2017-10-15T17:31:13+00:00\",\"mainEntityOfPage\":{\"@id\":\"https:\\\/\\\/www.info-algerie.com\\\/actualites\\\/messahel-prend-part-a-la-session-extraordinaire-du-conseil-executif-de-lua\\\/\"},\"wordCount\":234,\"commentCount\":0,\"publisher\":{\"@id\":\"https:\\\/\\\/www.info-algerie.com\\\/actualites\\\/#organization\"},\"image\":{\"@id\":\"https:\\\/\\\/www.info-algerie.com\\\/actualites\\\/messahel-prend-part-a-la-session-extraordinaire-du-conseil-executif-de-lua\\\/#primaryimage\"},\"thumbnailUrl\":\"https:\\\/\\\/www.info-algerie.com\\\/actualites\\\/wp-content\\\/uploads\\\/2017\\\/10\\\/cfae7f092e845915cca1d3ebeec4b90e_S-1.jpg\",\"keywords\":[\"ONU\"],\"articleSection\":[\"infos\"],\"inLanguage\":\"fr-FR\",\"potentialAction\":[{\"@type\":\"CommentAction\",\"name\":\"Comment\",\"target\":[\"https:\\\/\\\/www.info-algerie.com\\\/actualites\\\/messahel-prend-part-a-la-session-extraordinaire-du-conseil-executif-de-lua\\\/#respond\"]}]},{\"@type\":\"WebPage\",\"@id\":\"https:\\\/\\\/www.info-algerie.com\\\/actualites\\\/messahel-prend-part-a-la-session-extraordinaire-du-conseil-executif-de-lua\\\/\",\"url\":\"https:\\\/\\\/www.info-algerie.com\\\/actualites\\\/messahel-prend-part-a-la-session-extraordinaire-du-conseil-executif-de-lua\\\/\",\"name\":\"Messahel prend part \u00e0 la session extraordinaire du Conseil ex\u00e9cutif de l&#039;UA - info algerie\",\"isPartOf\":{\"@id\":\"https:\\\/\\\/www.info-algerie.com\\\/actualites\\\/#website\"},\"primaryImageOfPage\":{\"@id\":\"https:\\\/\\\/www.info-algerie.com\\\/actualites\\\/messahel-prend-part-a-la-session-extraordinaire-du-conseil-executif-de-lua\\\/#primaryimage\"},\"image\":{\"@id\":\"https:\\\/\\\/www.info-algerie.com\\\/actualites\\\/messahel-prend-part-a-la-session-extraordinaire-du-conseil-executif-de-lua\\\/#primaryimage\"},\"thumbnailUrl\":\"https:\\\/\\\/www.info-algerie.com\\\/actualites\\\/wp-content\\\/uploads\\\/2017\\\/10\\\/cfae7f092e845915cca1d3ebeec4b90e_S-1.jpg\",\"datePublished\":\"2017-10-15T17:31:13+00:00\",\"breadcrumb\":{\"@id\":\"https:\\\/\\\/www.info-algerie.com\\\/actualites\\\/messahel-prend-part-a-la-session-extraordinaire-du-conseil-executif-de-lua\\\/#breadcrumb\"},\"inLanguage\":\"fr-FR\",\"potentialAction\":[{\"@type\":\"ReadAction\",\"target\":[\"https:\\\/\\\/www.info-algerie.com\\\/actualites\\\/messahel-prend-part-a-la-session-extraordinaire-du-conseil-executif-de-lua\\\/\"]}]},{\"@type\":\"ImageObject\",\"inLanguage\":\"fr-FR\",\"@id\":\"https:\\\/\\\/www.info-algerie.com\\\/actualites\\\/messahel-prend-part-a-la-session-extraordinaire-du-conseil-executif-de-lua\\\/#primaryimage\",\"url\":\"https:\\\/\\\/www.info-algerie.com\\\/actualites\\\/wp-content\\\/uploads\\\/2017\\\/10\\\/cfae7f092e845915cca1d3ebeec4b90e_S-1.jpg\",\"contentUrl\":\"https:\\\/\\\/www.info-algerie.com\\\/actualites\\\/wp-content\\\/uploads\\\/2017\\\/10\\\/cfae7f092e845915cca1d3ebeec4b90e_S-1.jpg\",\"width\":280,\"height\":196},{\"@type\":\"BreadcrumbList\",\"@id\":\"https:\\\/\\\/www.info-algerie.com\\\/actualites\\\/messahel-prend-part-a-la-session-extraordinaire-du-conseil-executif-de-lua\\\/#breadcrumb\",\"itemListElement\":[{\"@type\":\"ListItem\",\"position\":1,\"name\":\"Accueil\",\"item\":\"https:\\\/\\\/www.info-algerie.com\\\/actualites\\\/\"},{\"@type\":\"ListItem\",\"position\":2,\"name\":\"Messahel prend part \u00e0 la session extraordinaire du Conseil ex\u00e9cutif de l&#039;UA\"}]},{\"@type\":\"WebSite\",\"@id\":\"https:\\\/\\\/www.info-algerie.com\\\/actualites\\\/#website\",\"url\":\"https:\\\/\\\/www.info-algerie.com\\\/actualites\\\/\",\"name\":\"info algerie\",\"description\":\"Toutes les actualit\u00e9s\",\"publisher\":{\"@id\":\"https:\\\/\\\/www.info-algerie.com\\\/actualites\\\/#organization\"},\"potentialAction\":[{\"@type\":\"SearchAction\",\"target\":{\"@type\":\"EntryPoint\",\"urlTemplate\":\"https:\\\/\\\/www.info-algerie.com\\\/actualites\\\/?s={search_term_string}\"},\"query-input\":{\"@type\":\"PropertyValueSpecification\",\"valueRequired\":true,\"valueName\":\"search_term_string\"}}],\"inLanguage\":\"fr-FR\"},{\"@type\":\"Organization\",\"@id\":\"https:\\\/\\\/www.info-algerie.com\\\/actualites\\\/#organization\",\"name\":\"info algerie\",\"url\":\"https:\\\/\\\/www.info-algerie.com\\\/actualites\\\/\",\"logo\":{\"@type\":\"ImageObject\",\"inLanguage\":\"fr-FR\",\"@id\":\"https:\\\/\\\/www.info-algerie.com\\\/actualites\\\/#\\\/schema\\\/logo\\\/image\\\/\",\"url\":\"https:\\\/\\\/www.info-algerie.com\\\/actualites\\\/wp-content\\\/uploads\\\/2022\\\/07\\\/logo-ia-120.png\",\"contentUrl\":\"https:\\\/\\\/www.info-algerie.com\\\/actualites\\\/wp-content\\\/uploads\\\/2022\\\/07\\\/logo-ia-120.png\",\"width\":120,\"height\":43,\"caption\":\"info algerie\"},\"image\":{\"@id\":\"https:\\\/\\\/www.info-algerie.com\\\/actualites\\\/#\\\/schema\\\/logo\\\/image\\\/\"},\"sameAs\":[\"https:\\\/\\\/www.facebook.com\\\/infoalgerieactu\",\"https:\\\/\\\/x.com\\\/infoalgerie1\"]},{\"@type\":\"Person\",\"@id\":\"https:\\\/\\\/www.info-algerie.com\\\/actualites\\\/#\\\/schema\\\/person\\\/847aaec44920825b843a08f30ec6aa1e\",\"name\":\"La r\u00e9daction\",\"image\":{\"@type\":\"ImageObject\",\"inLanguage\":\"fr-FR\",\"@id\":\"https:\\\/\\\/secure.gravatar.com\\\/avatar\\\/769db425c6f465158149f1ffd6cf61ce7a8a879d11dfbef8288af36dfddd418c?s=96&d=mm&r=g\",\"url\":\"https:\\\/\\\/secure.gravatar.com\\\/avatar\\\/769db425c6f465158149f1ffd6cf61ce7a8a879d11dfbef8288af36dfddd418c?s=96&d=mm&r=g\",\"contentUrl\":\"https:\\\/\\\/secure.gravatar.com\\\/avatar\\\/769db425c6f465158149f1ffd6cf61ce7a8a879d11dfbef8288af36dfddd418c?s=96&d=mm&r=g\",\"caption\":\"La r\u00e9daction\"},\"sameAs\":[\"http:\\\/\\\/www.lkeria.com\\\/\"],\"url\":\"https:\\\/\\\/www.info-algerie.com\\\/actualites\\\/author\\\/chakib32\\\/\"}]}<\/script>\n<!-- \/ Yoast SEO plugin. -->","yoast_head_json":{"title":"Messahel prend part \u00e0 la session extraordinaire du Conseil ex\u00e9cutif de l&#039;UA - info algerie","robots":{"index":"index","follow":"follow","max-snippet":"max-snippet:-1","max-image-preview":"max-image-preview:large","max-video-preview":"max-video-preview:-1"},"canonical":"https:\/\/www.info-algerie.com\/actualites\/messahel-prend-part-a-la-session-extraordinaire-du-conseil-executif-de-lua\/","og_locale":"fr_FR","og_type":"article","og_title":"Messahel prend part \u00e0 la session extraordinaire du Conseil ex\u00e9cutif de l&#039;UA - info algerie","og_description":"ALGER- Le ministre des Affaires \u00e9trang\u00e8res, Abdelkader Messahel, est arriv\u00e9 dimanche \u00e0 Addis-Abeba, o\u00f9 il prendra part aux travaux de la session extraordinaire du Conseil ex\u00e9cutif de l\u2019Union africaine (UA), pr\u00e9vue lundi, a indiqu\u00e9 un communiqu\u00e9 du minist\u00e8re des Affaires \u00e9trang\u00e8res (MAE). &#013; &#013; &#013; \u00ab\u00a0Cette session extraordinaire, convoqu\u00e9 conform\u00e9ment \u00e0 la d\u00e9cision 967 de","og_url":"https:\/\/www.info-algerie.com\/actualites\/messahel-prend-part-a-la-session-extraordinaire-du-conseil-executif-de-lua\/","og_site_name":"info algerie","article_publisher":"https:\/\/www.facebook.com\/infoalgerieactu","article_published_time":"2017-10-15T17:31:13+00:00","og_image":[{"width":280,"height":196,"url":"https:\/\/www.info-algerie.com\/actualites\/wp-content\/uploads\/2017\/10\/cfae7f092e845915cca1d3ebeec4b90e_S-1.jpg","type":"image\/jpeg"}],"author":"La r\u00e9daction","twitter_misc":{"\u00c9crit par":"La r\u00e9daction","Dur\u00e9e de lecture estim\u00e9e":"1 minute"},"schema":{"@context":"https:\/\/schema.org","@graph":[{"@type":"Article","@id":"https:\/\/www.info-algerie.com\/actualites\/messahel-prend-part-a-la-session-extraordinaire-du-conseil-executif-de-lua\/#article","isPartOf":{"@id":"https:\/\/www.info-algerie.com\/actualites\/messahel-prend-part-a-la-session-extraordinaire-du-conseil-executif-de-lua\/"},"author":{"name":"La r\u00e9daction","@id":"https:\/\/www.info-algerie.com\/actualites\/#\/schema\/person\/847aaec44920825b843a08f30ec6aa1e"},"headline":"Messahel prend part \u00e0 la session extraordinaire du Conseil ex\u00e9cutif de l&#039;UA","datePublished":"2017-10-15T17:31:13+00:00","mainEntityOfPage":{"@id":"https:\/\/www.info-algerie.com\/actualites\/messahel-prend-part-a-la-session-extraordinaire-du-conseil-executif-de-lua\/"},"wordCount":234,"commentCount":0,"publisher":{"@id":"https:\/\/www.info-algerie.com\/actualites\/#organization"},"image":{"@id":"https:\/\/www.info-algerie.com\/actualites\/messahel-prend-part-a-la-session-extraordinaire-du-conseil-executif-de-lua\/#primaryimage"},"thumbnailUrl":"https:\/\/www.info-algerie.com\/actualites\/wp-content\/uploads\/2017\/10\/cfae7f092e845915cca1d3ebeec4b90e_S-1.jpg","keywords":["ONU"],"articleSection":["infos"],"inLanguage":"fr-FR","potentialAction":[{"@type":"CommentAction","name":"Comment","target":["https:\/\/www.info-algerie.com\/actualites\/messahel-prend-part-a-la-session-extraordinaire-du-conseil-executif-de-lua\/#respond"]}]},{"@type":"WebPage","@id":"https:\/\/www.info-algerie.com\/actualites\/messahel-prend-part-a-la-session-extraordinaire-du-conseil-executif-de-lua\/","url":"https:\/\/www.info-algerie.com\/actualites\/messahel-prend-part-a-la-session-extraordinaire-du-conseil-executif-de-lua\/","name":"Messahel prend part \u00e0 la session extraordinaire du Conseil ex\u00e9cutif de l&#039;UA - info algerie","isPartOf":{"@id":"https:\/\/www.info-algerie.com\/actualites\/#website"},"primaryImageOfPage":{"@id":"https:\/\/www.info-algerie.com\/actualites\/messahel-prend-part-a-la-session-extraordinaire-du-conseil-executif-de-lua\/#primaryimage"},"image":{"@id":"https:\/\/www.info-algerie.com\/actualites\/messahel-prend-part-a-la-session-extraordinaire-du-conseil-executif-de-lua\/#primaryimage"},"thumbnailUrl":"https:\/\/www.info-algerie.com\/actualites\/wp-content\/uploads\/2017\/10\/cfae7f092e845915cca1d3ebeec4b90e_S-1.jpg","datePublished":"2017-10-15T17:31:13+00:00","breadcrumb":{"@id":"https:\/\/www.info-algerie.com\/actualites\/messahel-prend-part-a-la-session-extraordinaire-du-conseil-executif-de-lua\/#breadcrumb"},"inLanguage":"fr-FR","potentialAction":[{"@type":"ReadAction","target":["https:\/\/www.info-algerie.com\/actualites\/messahel-prend-part-a-la-session-extraordinaire-du-conseil-executif-de-lua\/"]}]},{"@type":"ImageObject","inLanguage":"fr-FR","@id":"https:\/\/www.info-algerie.com\/actualites\/messahel-prend-part-a-la-session-extraordinaire-du-conseil-executif-de-lua\/#primaryimage","url":"https:\/\/www.info-algerie.com\/actualites\/wp-content\/uploads\/2017\/10\/cfae7f092e845915cca1d3ebeec4b90e_S-1.jpg","contentUrl":"https:\/\/www.info-algerie.com\/actualites\/wp-content\/uploads\/2017\/10\/cfae7f092e845915cca1d3ebeec4b90e_S-1.jpg","width":280,"height":196},{"@type":"BreadcrumbList","@id":"https:\/\/www.info-algerie.com\/actualites\/messahel-prend-part-a-la-session-extraordinaire-du-conseil-executif-de-lua\/#breadcrumb","itemListElement":[{"@type":"ListItem","position":1,"name":"Accueil","item":"https:\/\/www.info-algerie.com\/actualites\/"},{"@type":"ListItem","position":2,"name":"Messahel prend part \u00e0 la session extraordinaire du Conseil ex\u00e9cutif de l&#039;UA"}]},{"@type":"WebSite","@id":"https:\/\/www.info-algerie.com\/actualites\/#website","url":"https:\/\/www.info-algerie.com\/actualites\/","name":"info algerie","description":"Toutes les actualit\u00e9s","publisher":{"@id":"https:\/\/www.info-algerie.com\/actualites\/#organization"},"potentialAction":[{"@type":"SearchAction","target":{"@type":"EntryPoint","urlTemplate":"https:\/\/www.info-algerie.com\/actualites\/?s={search_term_string}"},"query-input":{"@type":"PropertyValueSpecification","valueRequired":true,"valueName":"search_term_string"}}],"inLanguage":"fr-FR"},{"@type":"Organization","@id":"https:\/\/www.info-algerie.com\/actualites\/#organization","name":"info algerie","url":"https:\/\/www.info-algerie.com\/actualites\/","logo":{"@type":"ImageObject","inLanguage":"fr-FR","@id":"https:\/\/www.info-algerie.com\/actualites\/#\/schema\/logo\/image\/","url":"https:\/\/www.info-algerie.com\/actualites\/wp-content\/uploads\/2022\/07\/logo-ia-120.png","contentUrl":"https:\/\/www.info-algerie.com\/actualites\/wp-content\/uploads\/2022\/07\/logo-ia-120.png","width":120,"height":43,"caption":"info algerie"},"image":{"@id":"https:\/\/www.info-algerie.com\/actualites\/#\/schema\/logo\/image\/"},"sameAs":["https:\/\/www.facebook.com\/infoalgerieactu","https:\/\/x.com\/infoalgerie1"]},{"@type":"Person","@id":"https:\/\/www.info-algerie.com\/actualites\/#\/schema\/person\/847aaec44920825b843a08f30ec6aa1e","name":"La r\u00e9daction","image":{"@type":"ImageObject","inLanguage":"fr-FR","@id":"https:\/\/secure.gravatar.com\/avatar\/769db425c6f465158149f1ffd6cf61ce7a8a879d11dfbef8288af36dfddd418c?s=96&d=mm&r=g","url":"https:\/\/secure.gravatar.com\/avatar\/769db425c6f465158149f1ffd6cf61ce7a8a879d11dfbef8288af36dfddd418c?s=96&d=mm&r=g","contentUrl":"https:\/\/secure.gravatar.com\/avatar\/769db425c6f465158149f1ffd6cf61ce7a8a879d11dfbef8288af36dfddd418c?s=96&d=mm&r=g","caption":"La r\u00e9daction"},"sameAs":["http:\/\/www.lkeria.com\/"],"url":"https:\/\/www.info-algerie.com\/actualites\/author\/chakib32\/"}]}},"_links":{"self":[{"href":"https:\/\/www.info-algerie.com\/actualites\/wp-json\/wp\/v2\/posts\/16928","targetHints":{"allow":["GET"]}}],"collection":[{"href":"https:\/\/www.info-algerie.com\/actualites\/wp-json\/wp\/v2\/posts"}],"about":[{"href":"https:\/\/www.info-algerie.com\/actualites\/wp-json\/wp\/v2\/types\/post"}],"author":[{"embeddable":true,"href":"https:\/\/www.info-algerie.com\/actualites\/wp-json\/wp\/v2\/users\/6"}],"replies":[{"embeddable":true,"href":"https:\/\/www.info-algerie.com\/actualites\/wp-json\/wp\/v2\/comments?post=16928"}],"version-history":[{"count":0,"href":"https:\/\/www.info-algerie.com\/actualites\/wp-json\/wp\/v2\/posts\/16928\/revisions"}],"wp:featuredmedia":[{"embeddable":true,"href":"https:\/\/www.info-algerie.com\/actualites\/wp-json\/wp\/v2\/media\/16929"}],"wp:attachment":[{"href":"https:\/\/www.info-algerie.com\/actualites\/wp-json\/wp\/v2\/media?parent=16928"}],"wp:term":[{"taxonomy":"category","embeddable":true,"href":"https:\/\/www.info-algerie.com\/actualites\/wp-json\/wp\/v2\/categories?post=16928"},{"taxonomy":"post_tag","embeddable":true,"href":"https:\/\/www.info-algerie.com\/actualites\/wp-json\/wp\/v2\/tags?post=16928"}],"curies":[{"name":"wp","href":"https:\/\/api.w.org\/{rel}","templated":true}]}}