{"id":16951,"date":"2017-10-16T16:37:02","date_gmt":"2017-10-16T15:37:02","guid":{"rendered":"http:\/\/www.info-algerie.com\/actualites\/bensalah-sentretient-avec-le-president-de-lassemblee-nationale-du-quebec\/"},"modified":"2017-10-16T16:37:02","modified_gmt":"2017-10-16T15:37:02","slug":"bensalah-sentretient-avec-le-president-de-lassemblee-nationale-du-quebec","status":"publish","type":"post","link":"https:\/\/www.info-algerie.com\/actualites\/bensalah-sentretient-avec-le-president-de-lassemblee-nationale-du-quebec\/","title":{"rendered":"Bensalah s&#039;entretient avec le pr\u00e9sident de l&#039;Assembl\u00e9e nationale du\u00a0 Qu\u00e9bec\u00a0\u00a0"},"content":{"rendered":"<div class=\"K2FeedIntroText\">\n<p class=\"MsoNoSpacing\">ALGER- Le pr\u00e9sident du Conseil de la nation, Abdelkader Bensalah, s&rsquo;est entretenu jeudi avec le pr\u00e9sident de l&rsquo;Assembl\u00e9e nationale du Qu\u00e9bec (Canada), en marge des travaux de la 137e assembl\u00e9e de l&rsquo;Union interparlementaire (UIP), qui se tient \u00e0 Saint-P\u00e9tersbourg (Russie), a\u00a0 indiqu\u00e9 un communiqu\u00e9 du Conseil.\u00a0<\/p>\n<p>&#013;\n<\/p><\/div>\n<div class=\"K2FeedFullText\">&#013;<\/p>\n<p class=\"MsoNoSpacing\">La rencontre qui s&rsquo;est d\u00e9roul\u00e9e en pr\u00e9sence de l&rsquo;ambassadeur d&rsquo;Alg\u00e9rie \u00e0 Moscou, Ismail Alloua et des membres de la d\u00e9l\u00e9gation parlementaire alg\u00e9rienne, a permis de passer en revue \u00ab\u00a0les relations bilat\u00e9rales et les voies et moyens de les relancer apr\u00e8s une p\u00e9riode de stagnation\u00a0\u00bb.\u00a0<\/p>\n<p>&#013;<\/p>\n<p class=\"MsoNoSpacing\">Les deux parties ont \u00e9galement \u00e9voqu\u00e9 \u00ab\u00a0les relations entre les parlementaires des deux pays, le r\u00f4le de la diplomatie parlementaire dans la promotion des relations bilat\u00e9rales et son r\u00f4le dans le r\u00e8glement des crises au niveau international ainsi que la coordination des efforts pour faire face aux d\u00e9fis que conna\u00eet le monde\u00a0\u00bb.\u00a0<\/p>\n<p>&#013;<\/p>\n<p>Les travaux de la 137e assembl\u00e9e de l&rsquo;UIP se poursuivent lors d&rsquo;une s\u00e9ance consacr\u00e9e au d\u00e9bat g\u00e9n\u00e9ral sur \u00ab\u00a0la promotion du pluralisme culturel et la paix \u00e0 travers le dialogue interreligieux et interethnique\u00a0\u00bb, avec la participation d&rsquo;une d\u00e9l\u00e9gation parlementaire des deux chambres du parlement conduite par le pr\u00e9sident du Conseil de la nation, Abdelkader Bensalah.\u00a0\u00a0<\/p>\n<\/div>\n<p>&#013;<br \/>\nSource: <a href=\"http:\/\/www.aps.dz\/algerie\/64047-bensalah-s-entretient-avec-le-president-de-l-assemblee-nationale-du-quebec\" target=\"_blank\">Bensalah s&rsquo;entretient avec le pr\u00e9sident de l&rsquo;Assembl\u00e9e nationale du\u00a0 Qu\u00e9bec\u00a0\u00a0<\/a><\/p>\n<!--CusAds0-->\n<div style=\"font-size: 0px; height: 0px; line-height: 0px; margin: 0; padding: 0; clear: both;\"><\/div>","protected":false},"excerpt":{"rendered":"<p>ALGER- Le pr\u00e9sident du Conseil de la nation, Abdelkader Bensalah, s&rsquo;est entretenu jeudi avec le pr\u00e9sident de l&rsquo;Assembl\u00e9e nationale du Qu\u00e9bec (Canada), en marge des travaux de la 137e assembl\u00e9e de l&rsquo;Union interparlementaire (UIP), qui se tient \u00e0 Saint-P\u00e9tersbourg (Russie), a\u00a0 indiqu\u00e9 un communiqu\u00e9 du Conseil.\u00a0 &#013; &#013; La rencontre qui s&rsquo;est d\u00e9roul\u00e9e en pr\u00e9sence<\/p>\n","protected":false},"author":6,"featured_media":0,"comment_status":"open","ping_status":"open","sticky":false,"template":"","format":"standard","meta":{"footnotes":""},"categories":[22],"tags":[93],"class_list":["post-16951","post","type-post","status-publish","format-standard","hentry","category-infos","tag-onu"],"yoast_head":"<!-- This site is optimized with the Yoast SEO plugin v27.5 - https:\/\/yoast.com\/product\/yoast-seo-wordpress\/ -->\n<title>Bensalah s&#039;entretient avec le pr\u00e9sident de l&#039;Assembl\u00e9e nationale du\u00a0 Qu\u00e9bec\u00a0\u00a0 - info algerie<\/title>\n<meta name=\"robots\" content=\"index, follow, max-snippet:-1, max-image-preview:large, max-video-preview:-1\" \/>\n<link rel=\"canonical\" href=\"https:\/\/www.info-algerie.com\/actualites\/bensalah-sentretient-avec-le-president-de-lassemblee-nationale-du-quebec\/\" \/>\n<meta property=\"og:locale\" content=\"fr_FR\" \/>\n<meta property=\"og:type\" content=\"article\" \/>\n<meta property=\"og:title\" content=\"Bensalah s&#039;entretient avec le pr\u00e9sident de l&#039;Assembl\u00e9e nationale du\u00a0 Qu\u00e9bec\u00a0\u00a0 - info algerie\" \/>\n<meta property=\"og:description\" content=\"ALGER- Le pr\u00e9sident du Conseil de la nation, Abdelkader Bensalah, s&rsquo;est entretenu jeudi avec le pr\u00e9sident de l&rsquo;Assembl\u00e9e nationale du Qu\u00e9bec (Canada), en marge des travaux de la 137e assembl\u00e9e de l&rsquo;Union interparlementaire (UIP), qui se tient \u00e0 Saint-P\u00e9tersbourg (Russie), a\u00a0 indiqu\u00e9 un communiqu\u00e9 du Conseil.\u00a0 &#013; &#013; La rencontre qui s&rsquo;est d\u00e9roul\u00e9e en pr\u00e9sence\" \/>\n<meta property=\"og:url\" content=\"https:\/\/www.info-algerie.com\/actualites\/bensalah-sentretient-avec-le-president-de-lassemblee-nationale-du-quebec\/\" \/>\n<meta property=\"og:site_name\" content=\"info algerie\" \/>\n<meta property=\"article:publisher\" content=\"https:\/\/www.facebook.com\/infoalgerieactu\" \/>\n<meta property=\"article:published_time\" content=\"2017-10-16T15:37:02+00:00\" \/>\n<meta name=\"author\" content=\"La r\u00e9daction\" \/>\n<meta name=\"twitter:label1\" content=\"\u00c9crit par\" \/>\n\t<meta name=\"twitter:data1\" content=\"La r\u00e9daction\" \/>\n\t<meta name=\"twitter:label2\" content=\"Dur\u00e9e de lecture estim\u00e9e\" \/>\n\t<meta name=\"twitter:data2\" content=\"1 minute\" \/>\n<script type=\"application\/ld+json\" class=\"yoast-schema-graph\">{\"@context\":\"https:\\\/\\\/schema.org\",\"@graph\":[{\"@type\":\"Article\",\"@id\":\"https:\\\/\\\/www.info-algerie.com\\\/actualites\\\/bensalah-sentretient-avec-le-president-de-lassemblee-nationale-du-quebec\\\/#article\",\"isPartOf\":{\"@id\":\"https:\\\/\\\/www.info-algerie.com\\\/actualites\\\/bensalah-sentretient-avec-le-president-de-lassemblee-nationale-du-quebec\\\/\"},\"author\":{\"name\":\"La r\u00e9daction\",\"@id\":\"https:\\\/\\\/www.info-algerie.com\\\/actualites\\\/#\\\/schema\\\/person\\\/847aaec44920825b843a08f30ec6aa1e\"},\"headline\":\"Bensalah s&#039;entretient avec le pr\u00e9sident de l&#039;Assembl\u00e9e nationale du\u00a0 Qu\u00e9bec\u00a0\u00a0\",\"datePublished\":\"2017-10-16T15:37:02+00:00\",\"mainEntityOfPage\":{\"@id\":\"https:\\\/\\\/www.info-algerie.com\\\/actualites\\\/bensalah-sentretient-avec-le-president-de-lassemblee-nationale-du-quebec\\\/\"},\"wordCount\":265,\"commentCount\":0,\"publisher\":{\"@id\":\"https:\\\/\\\/www.info-algerie.com\\\/actualites\\\/#organization\"},\"keywords\":[\"ONU\"],\"articleSection\":[\"infos\"],\"inLanguage\":\"fr-FR\",\"potentialAction\":[{\"@type\":\"CommentAction\",\"name\":\"Comment\",\"target\":[\"https:\\\/\\\/www.info-algerie.com\\\/actualites\\\/bensalah-sentretient-avec-le-president-de-lassemblee-nationale-du-quebec\\\/#respond\"]}]},{\"@type\":\"WebPage\",\"@id\":\"https:\\\/\\\/www.info-algerie.com\\\/actualites\\\/bensalah-sentretient-avec-le-president-de-lassemblee-nationale-du-quebec\\\/\",\"url\":\"https:\\\/\\\/www.info-algerie.com\\\/actualites\\\/bensalah-sentretient-avec-le-president-de-lassemblee-nationale-du-quebec\\\/\",\"name\":\"Bensalah s&#039;entretient avec le pr\u00e9sident de l&#039;Assembl\u00e9e nationale du\u00a0 Qu\u00e9bec\u00a0\u00a0 - info algerie\",\"isPartOf\":{\"@id\":\"https:\\\/\\\/www.info-algerie.com\\\/actualites\\\/#website\"},\"datePublished\":\"2017-10-16T15:37:02+00:00\",\"breadcrumb\":{\"@id\":\"https:\\\/\\\/www.info-algerie.com\\\/actualites\\\/bensalah-sentretient-avec-le-president-de-lassemblee-nationale-du-quebec\\\/#breadcrumb\"},\"inLanguage\":\"fr-FR\",\"potentialAction\":[{\"@type\":\"ReadAction\",\"target\":[\"https:\\\/\\\/www.info-algerie.com\\\/actualites\\\/bensalah-sentretient-avec-le-president-de-lassemblee-nationale-du-quebec\\\/\"]}]},{\"@type\":\"BreadcrumbList\",\"@id\":\"https:\\\/\\\/www.info-algerie.com\\\/actualites\\\/bensalah-sentretient-avec-le-president-de-lassemblee-nationale-du-quebec\\\/#breadcrumb\",\"itemListElement\":[{\"@type\":\"ListItem\",\"position\":1,\"name\":\"Accueil\",\"item\":\"https:\\\/\\\/www.info-algerie.com\\\/actualites\\\/\"},{\"@type\":\"ListItem\",\"position\":2,\"name\":\"Bensalah s&#039;entretient avec le pr\u00e9sident de l&#039;Assembl\u00e9e nationale du\u00a0 Qu\u00e9bec\u00a0\u00a0\"}]},{\"@type\":\"WebSite\",\"@id\":\"https:\\\/\\\/www.info-algerie.com\\\/actualites\\\/#website\",\"url\":\"https:\\\/\\\/www.info-algerie.com\\\/actualites\\\/\",\"name\":\"info algerie\",\"description\":\"Toutes les actualit\u00e9s\",\"publisher\":{\"@id\":\"https:\\\/\\\/www.info-algerie.com\\\/actualites\\\/#organization\"},\"potentialAction\":[{\"@type\":\"SearchAction\",\"target\":{\"@type\":\"EntryPoint\",\"urlTemplate\":\"https:\\\/\\\/www.info-algerie.com\\\/actualites\\\/?s={search_term_string}\"},\"query-input\":{\"@type\":\"PropertyValueSpecification\",\"valueRequired\":true,\"valueName\":\"search_term_string\"}}],\"inLanguage\":\"fr-FR\"},{\"@type\":\"Organization\",\"@id\":\"https:\\\/\\\/www.info-algerie.com\\\/actualites\\\/#organization\",\"name\":\"info algerie\",\"url\":\"https:\\\/\\\/www.info-algerie.com\\\/actualites\\\/\",\"logo\":{\"@type\":\"ImageObject\",\"inLanguage\":\"fr-FR\",\"@id\":\"https:\\\/\\\/www.info-algerie.com\\\/actualites\\\/#\\\/schema\\\/logo\\\/image\\\/\",\"url\":\"https:\\\/\\\/www.info-algerie.com\\\/actualites\\\/wp-content\\\/uploads\\\/2022\\\/07\\\/logo-ia-120.png\",\"contentUrl\":\"https:\\\/\\\/www.info-algerie.com\\\/actualites\\\/wp-content\\\/uploads\\\/2022\\\/07\\\/logo-ia-120.png\",\"width\":120,\"height\":43,\"caption\":\"info algerie\"},\"image\":{\"@id\":\"https:\\\/\\\/www.info-algerie.com\\\/actualites\\\/#\\\/schema\\\/logo\\\/image\\\/\"},\"sameAs\":[\"https:\\\/\\\/www.facebook.com\\\/infoalgerieactu\",\"https:\\\/\\\/x.com\\\/infoalgerie1\"]},{\"@type\":\"Person\",\"@id\":\"https:\\\/\\\/www.info-algerie.com\\\/actualites\\\/#\\\/schema\\\/person\\\/847aaec44920825b843a08f30ec6aa1e\",\"name\":\"La r\u00e9daction\",\"image\":{\"@type\":\"ImageObject\",\"inLanguage\":\"fr-FR\",\"@id\":\"https:\\\/\\\/secure.gravatar.com\\\/avatar\\\/769db425c6f465158149f1ffd6cf61ce7a8a879d11dfbef8288af36dfddd418c?s=96&d=mm&r=g\",\"url\":\"https:\\\/\\\/secure.gravatar.com\\\/avatar\\\/769db425c6f465158149f1ffd6cf61ce7a8a879d11dfbef8288af36dfddd418c?s=96&d=mm&r=g\",\"contentUrl\":\"https:\\\/\\\/secure.gravatar.com\\\/avatar\\\/769db425c6f465158149f1ffd6cf61ce7a8a879d11dfbef8288af36dfddd418c?s=96&d=mm&r=g\",\"caption\":\"La r\u00e9daction\"},\"sameAs\":[\"http:\\\/\\\/www.lkeria.com\\\/\"],\"url\":\"https:\\\/\\\/www.info-algerie.com\\\/actualites\\\/author\\\/chakib32\\\/\"}]}<\/script>\n<!-- \/ Yoast SEO plugin. -->","yoast_head_json":{"title":"Bensalah s&#039;entretient avec le pr\u00e9sident de l&#039;Assembl\u00e9e nationale du\u00a0 Qu\u00e9bec\u00a0\u00a0 - info algerie","robots":{"index":"index","follow":"follow","max-snippet":"max-snippet:-1","max-image-preview":"max-image-preview:large","max-video-preview":"max-video-preview:-1"},"canonical":"https:\/\/www.info-algerie.com\/actualites\/bensalah-sentretient-avec-le-president-de-lassemblee-nationale-du-quebec\/","og_locale":"fr_FR","og_type":"article","og_title":"Bensalah s&#039;entretient avec le pr\u00e9sident de l&#039;Assembl\u00e9e nationale du\u00a0 Qu\u00e9bec\u00a0\u00a0 - info algerie","og_description":"ALGER- Le pr\u00e9sident du Conseil de la nation, Abdelkader Bensalah, s&rsquo;est entretenu jeudi avec le pr\u00e9sident de l&rsquo;Assembl\u00e9e nationale du Qu\u00e9bec (Canada), en marge des travaux de la 137e assembl\u00e9e de l&rsquo;Union interparlementaire (UIP), qui se tient \u00e0 Saint-P\u00e9tersbourg (Russie), a\u00a0 indiqu\u00e9 un communiqu\u00e9 du Conseil.\u00a0 &#013; &#013; La rencontre qui s&rsquo;est d\u00e9roul\u00e9e en pr\u00e9sence","og_url":"https:\/\/www.info-algerie.com\/actualites\/bensalah-sentretient-avec-le-president-de-lassemblee-nationale-du-quebec\/","og_site_name":"info algerie","article_publisher":"https:\/\/www.facebook.com\/infoalgerieactu","article_published_time":"2017-10-16T15:37:02+00:00","author":"La r\u00e9daction","twitter_misc":{"\u00c9crit par":"La r\u00e9daction","Dur\u00e9e de lecture estim\u00e9e":"1 minute"},"schema":{"@context":"https:\/\/schema.org","@graph":[{"@type":"Article","@id":"https:\/\/www.info-algerie.com\/actualites\/bensalah-sentretient-avec-le-president-de-lassemblee-nationale-du-quebec\/#article","isPartOf":{"@id":"https:\/\/www.info-algerie.com\/actualites\/bensalah-sentretient-avec-le-president-de-lassemblee-nationale-du-quebec\/"},"author":{"name":"La r\u00e9daction","@id":"https:\/\/www.info-algerie.com\/actualites\/#\/schema\/person\/847aaec44920825b843a08f30ec6aa1e"},"headline":"Bensalah s&#039;entretient avec le pr\u00e9sident de l&#039;Assembl\u00e9e nationale du\u00a0 Qu\u00e9bec\u00a0\u00a0","datePublished":"2017-10-16T15:37:02+00:00","mainEntityOfPage":{"@id":"https:\/\/www.info-algerie.com\/actualites\/bensalah-sentretient-avec-le-president-de-lassemblee-nationale-du-quebec\/"},"wordCount":265,"commentCount":0,"publisher":{"@id":"https:\/\/www.info-algerie.com\/actualites\/#organization"},"keywords":["ONU"],"articleSection":["infos"],"inLanguage":"fr-FR","potentialAction":[{"@type":"CommentAction","name":"Comment","target":["https:\/\/www.info-algerie.com\/actualites\/bensalah-sentretient-avec-le-president-de-lassemblee-nationale-du-quebec\/#respond"]}]},{"@type":"WebPage","@id":"https:\/\/www.info-algerie.com\/actualites\/bensalah-sentretient-avec-le-president-de-lassemblee-nationale-du-quebec\/","url":"https:\/\/www.info-algerie.com\/actualites\/bensalah-sentretient-avec-le-president-de-lassemblee-nationale-du-quebec\/","name":"Bensalah s&#039;entretient avec le pr\u00e9sident de l&#039;Assembl\u00e9e nationale du\u00a0 Qu\u00e9bec\u00a0\u00a0 - info algerie","isPartOf":{"@id":"https:\/\/www.info-algerie.com\/actualites\/#website"},"datePublished":"2017-10-16T15:37:02+00:00","breadcrumb":{"@id":"https:\/\/www.info-algerie.com\/actualites\/bensalah-sentretient-avec-le-president-de-lassemblee-nationale-du-quebec\/#breadcrumb"},"inLanguage":"fr-FR","potentialAction":[{"@type":"ReadAction","target":["https:\/\/www.info-algerie.com\/actualites\/bensalah-sentretient-avec-le-president-de-lassemblee-nationale-du-quebec\/"]}]},{"@type":"BreadcrumbList","@id":"https:\/\/www.info-algerie.com\/actualites\/bensalah-sentretient-avec-le-president-de-lassemblee-nationale-du-quebec\/#breadcrumb","itemListElement":[{"@type":"ListItem","position":1,"name":"Accueil","item":"https:\/\/www.info-algerie.com\/actualites\/"},{"@type":"ListItem","position":2,"name":"Bensalah s&#039;entretient avec le pr\u00e9sident de l&#039;Assembl\u00e9e nationale du\u00a0 Qu\u00e9bec\u00a0\u00a0"}]},{"@type":"WebSite","@id":"https:\/\/www.info-algerie.com\/actualites\/#website","url":"https:\/\/www.info-algerie.com\/actualites\/","name":"info algerie","description":"Toutes les actualit\u00e9s","publisher":{"@id":"https:\/\/www.info-algerie.com\/actualites\/#organization"},"potentialAction":[{"@type":"SearchAction","target":{"@type":"EntryPoint","urlTemplate":"https:\/\/www.info-algerie.com\/actualites\/?s={search_term_string}"},"query-input":{"@type":"PropertyValueSpecification","valueRequired":true,"valueName":"search_term_string"}}],"inLanguage":"fr-FR"},{"@type":"Organization","@id":"https:\/\/www.info-algerie.com\/actualites\/#organization","name":"info algerie","url":"https:\/\/www.info-algerie.com\/actualites\/","logo":{"@type":"ImageObject","inLanguage":"fr-FR","@id":"https:\/\/www.info-algerie.com\/actualites\/#\/schema\/logo\/image\/","url":"https:\/\/www.info-algerie.com\/actualites\/wp-content\/uploads\/2022\/07\/logo-ia-120.png","contentUrl":"https:\/\/www.info-algerie.com\/actualites\/wp-content\/uploads\/2022\/07\/logo-ia-120.png","width":120,"height":43,"caption":"info algerie"},"image":{"@id":"https:\/\/www.info-algerie.com\/actualites\/#\/schema\/logo\/image\/"},"sameAs":["https:\/\/www.facebook.com\/infoalgerieactu","https:\/\/x.com\/infoalgerie1"]},{"@type":"Person","@id":"https:\/\/www.info-algerie.com\/actualites\/#\/schema\/person\/847aaec44920825b843a08f30ec6aa1e","name":"La r\u00e9daction","image":{"@type":"ImageObject","inLanguage":"fr-FR","@id":"https:\/\/secure.gravatar.com\/avatar\/769db425c6f465158149f1ffd6cf61ce7a8a879d11dfbef8288af36dfddd418c?s=96&d=mm&r=g","url":"https:\/\/secure.gravatar.com\/avatar\/769db425c6f465158149f1ffd6cf61ce7a8a879d11dfbef8288af36dfddd418c?s=96&d=mm&r=g","contentUrl":"https:\/\/secure.gravatar.com\/avatar\/769db425c6f465158149f1ffd6cf61ce7a8a879d11dfbef8288af36dfddd418c?s=96&d=mm&r=g","caption":"La r\u00e9daction"},"sameAs":["http:\/\/www.lkeria.com\/"],"url":"https:\/\/www.info-algerie.com\/actualites\/author\/chakib32\/"}]}},"_links":{"self":[{"href":"https:\/\/www.info-algerie.com\/actualites\/wp-json\/wp\/v2\/posts\/16951","targetHints":{"allow":["GET"]}}],"collection":[{"href":"https:\/\/www.info-algerie.com\/actualites\/wp-json\/wp\/v2\/posts"}],"about":[{"href":"https:\/\/www.info-algerie.com\/actualites\/wp-json\/wp\/v2\/types\/post"}],"author":[{"embeddable":true,"href":"https:\/\/www.info-algerie.com\/actualites\/wp-json\/wp\/v2\/users\/6"}],"replies":[{"embeddable":true,"href":"https:\/\/www.info-algerie.com\/actualites\/wp-json\/wp\/v2\/comments?post=16951"}],"version-history":[{"count":0,"href":"https:\/\/www.info-algerie.com\/actualites\/wp-json\/wp\/v2\/posts\/16951\/revisions"}],"wp:attachment":[{"href":"https:\/\/www.info-algerie.com\/actualites\/wp-json\/wp\/v2\/media?parent=16951"}],"wp:term":[{"taxonomy":"category","embeddable":true,"href":"https:\/\/www.info-algerie.com\/actualites\/wp-json\/wp\/v2\/categories?post=16951"},{"taxonomy":"post_tag","embeddable":true,"href":"https:\/\/www.info-algerie.com\/actualites\/wp-json\/wp\/v2\/tags?post=16951"}],"curies":[{"name":"wp","href":"https:\/\/api.w.org\/{rel}","templated":true}]}}