{"id":16953,"date":"2017-10-16T18:50:39","date_gmt":"2017-10-16T17:50:39","guid":{"rendered":"http:\/\/www.info-algerie.com\/actualites\/apn-louh-presente-le-projet-de-loi-organique-relatif-aux-competences-du-conseil-detat-devant-la-commission-des-affaires-juridiques\/"},"modified":"2017-10-16T18:50:39","modified_gmt":"2017-10-16T17:50:39","slug":"apn-louh-presente-le-projet-de-loi-organique-relatif-aux-competences-du-conseil-detat-devant-la-commission-des-affaires-juridiques","status":"publish","type":"post","link":"https:\/\/www.info-algerie.com\/actualites\/apn-louh-presente-le-projet-de-loi-organique-relatif-aux-competences-du-conseil-detat-devant-la-commission-des-affaires-juridiques\/","title":{"rendered":"APN: Louh pr\u00e9sente le projet de loi organique relatif aux comp\u00e9tences du Conseil d&#039;Etat devant la commission des Affaires juridiques"},"content":{"rendered":"<div class=\"K2FeedImage\"><img decoding=\"async\" src=\"https:\/\/www.info-algerie.com\/actualites\/wp-content\/uploads\/2017\/10\/6a843695bda20986675dd50de65c995e_S.jpg\" alt=\"APN: Louh pr&#xE9;sente le projet de loi organique relatif aux comp&#xE9;tences du Conseil d'Etat devant la commission des Affaires juridiques\" \/><\/div>\n<div class=\"K2FeedIntroText\">\n<p>ALGER- Le ministre de la Justice, Garde des sceaux, Tayeb Louh a pr\u00e9sent\u00e9, lundi, devant la Commission des affaires juridiques, administratives et des libert\u00e9s \u00e0 l&rsquo;Assembl\u00e9e populaire nationale (APN) le projet de loi organique amendant et compl\u00e9tant la loi organique N\u00a0 01-98 du 30 mai 1998 relative aux comp\u00e9tences, \u00e0 l&rsquo;organisation et au fonctionnement du Conseil d&rsquo;Etat.<\/p>\n<p>&#013;\n<\/p><\/div>\n<div class=\"K2FeedFullText\">&#013;<\/p>\n<blockquote><p>&#013;<\/p>\n<p><em><strong>Lors d&rsquo;une s\u00e9ance pr\u00e9sid\u00e9e par Cherif Nezzar, pr\u00e9sident de la commission, M. Louh a indiqu\u00e9 que le projet de loi \u00ab\u00a0s\u00a0\u00bbinscrit dans le cadre de l&rsquo;adaptation de cette loi organique aux nouvelles dispositions stipul\u00e9es dans la derni\u00e8re r\u00e9vision constitutionnelle, initi\u00e9e par le pr\u00e9sident de la R\u00e9publique\u00a0\u00bb, ajoutant que \u00ab\u00a0cette r\u00e9vision a confi\u00e9 au Conseil d&rsquo;Etat des pr\u00e9rogatives juridiques et consultatives, en concr\u00e9tisation du syst\u00e8me de la dualit\u00e9 de juridiction consacr\u00e9 par la Constitution de 1996\u00a0\u00bb.<\/strong><\/em><\/p>\n<p>&#013;\n<\/p><\/blockquote>\n<p>&#013;<\/p>\n<p>M. Louh a \u00e9voqu\u00e9 les principaux amendements contenus dans le texte et consistant en \u00ab\u00a0la concr\u00e9tisation de la mission consultative du Conseil d&rsquo;Etat lorsqu&rsquo;il s&rsquo;agit de donner son avis sur les projets d&rsquo;ordonnances promulgu\u00e9s par le pr\u00e9sident de la R\u00e9publique en cas de vacance de l&rsquo;APN ou durant les vacances parlementaires\u00a0\u00bb, et ce en application des dispositions de l&rsquo;article 142 de la Constitution. Le projet propose que le Conseil examine les projets ordonnances suivant les m\u00eames proc\u00e9dures avec lesquelles il examine les projets de lois. Il \u00ab\u00a0en est saisi par le Secr\u00e9taire g\u00e9n\u00e9ral du Gouvernement apr\u00e8s leur adoption par le Gouvernement\u00a0\u00bb, a-t-il expliqu\u00e9.<\/p>\n<p>&#013;<\/p>\n<p>Le deuxi\u00e8me amendement est li\u00e9 \u00e0 la r\u00e9vision de la composante du Conseil d&rsquo;Etat dans le domaine consultatif. \u00ab\u00a0Le Conseil d\u00e9lib\u00e8re dans le cadre d&rsquo;une commission consultative au lieu d&rsquo;une assembl\u00e9e g\u00e9n\u00e9rale et d&rsquo;une commission permanente\u00a0\u00bb comme c&rsquo;est le cas actuellement.<\/p>\n<p>&#013;<\/p>\n<blockquote><p>&#013;<\/p>\n<p><em><strong>M. Louh a soulign\u00e9 que \u00ab\u00a0cette mesure intervient par souci d&rsquo;efficacit\u00e9\u00a0\u00bb, indiquant que \u00ab\u00a0le projet d\u00e9finit la composante de la Commission consultative form\u00e9e du pr\u00e9sident du Conseil, du Commissaire d&rsquo;Etat, des pr\u00e9sidents des chambres et de trois conseillers d\u00e9sign\u00e9s par le pr\u00e9sident du Conseil d&rsquo;Etat\u00a0\u00bb.<\/strong><\/em><\/p>\n<p>&#013;\n<\/p><\/blockquote>\n<p>&#013;<\/p>\n<p>Le troisi\u00e8me amendement concerne \u00ab\u00a0l&rsquo;actualisation des articles de la Constitution \u00e9nonc\u00e9s dans les articles 1 et 3 de la loi organique 01-98 conform\u00e9ment \u00e0 la nouvelle num\u00e9rotation du dernier amendement de la Constitution\u00a0\u00bb. Le projet propose \u00e9galement l&rsquo;amendement de l&rsquo;article 40 de la m\u00eame loi organique pour que \u00ab\u00a0les proc\u00e9dures \u00e0 caract\u00e8re judiciaire soient soumises, devant le Conseil d&rsquo;Etat, aux des dispositions du code de proc\u00e9dure civile et administrative au lieu du code civil abrog\u00e9 en 2008.<\/p>\n<p>&#013;<\/p>\n<p>Lors des d\u00e9bats du projet de loi, la majorit\u00e9 des d\u00e9put\u00e9s a salu\u00e9 les amendements propos\u00e9s, lesquels sont susceptibles de contribuer au renforcement du r\u00f4le du Conseil d&rsquo;Etat, estimant que \u00ab\u00a0le projet est un pas qualificatif dans le processus de la<a href=\"http:\/\/www.aps.dz\/algerie\/59060-plan-d-action-la-reforme-de-la-justice-fera-l-objet-d-un-approfondissement-dans-ses-principaux-axes\"><strong> r\u00e9forme de la justice<\/strong><\/a>\u00ab\u00a0.<\/p>\n<p>&#013;<\/p>\n<blockquote><p>&#013;<\/p>\n<p><em><strong>En r\u00e9ponse aux interrogations des d\u00e9put\u00e9s, le ministre de la justice a affirm\u00e9 que \u00ab\u00a0le caract\u00e8re urgent est estim\u00e9 par le Premier ministre qui d\u00e9finit \u00e9galement l&rsquo;urgence de l&rsquo;examen des ordonnances et des projets de loi\u00a0\u00bb, ajoutant que \u00ab\u00a0le Conseil d&rsquo;Etat est form\u00e9 de deux composantes, l&rsquo;une concerne les affaires courantes et l&rsquo;autre les affaires en r\u00e9f\u00e9r\u00e9, mais en r\u00e9alit\u00e9 il y&rsquo;a qu&rsquo;une seule composante\u00a0\u00bb, d&rsquo;o\u00f9 la proposition de constitution d&rsquo;une seule instance \u00ab\u00a0qui examine les projets de loi et les ordonnances en prenant en consid\u00e9ration le caract\u00e8re d&rsquo;urgence\u00a0\u00bb.<\/strong><\/em><\/p>\n<p>&#013;\n<\/p><\/blockquote>\n<p>&#013;<\/p>\n<p>Dans ce cadre M. Louh a indiqu\u00e9 que les amendements introduits et toutes les r\u00e9formes qui ont touch\u00e9 le secteur de la justice \u00ab\u00a0sont r\u00e9alistes\u00a0\u00bb, ajoutant qu'\u00a0\u00bbil faut savoir patienter jusqu&rsquo;\u00e0 ce que les r\u00e9formes portent leurs fruits\u00a0\u00bb.<\/p>\n<\/div>\n<p>&#013;<br \/>\nSource: <a href=\"http:\/\/www.aps.dz\/algerie\/64056-apn-louh-presente-le-projet-de-loi-organique-relatif-aux-competences-du-conseil-d-etat-devant-la-commission-des-affaires-juridiques\" target=\"_blank\">APN: Louh pr\u00e9sente le projet de loi organique relatif aux comp\u00e9tences du Conseil d&rsquo;Etat devant la commission des Affaires juridiques<\/a><\/p>\n<!--CusAds0-->\n<div style=\"font-size: 0px; height: 0px; line-height: 0px; margin: 0; padding: 0; clear: both;\"><\/div>","protected":false},"excerpt":{"rendered":"<p>ALGER- Le ministre de la Justice, Garde des sceaux, Tayeb Louh a pr\u00e9sent\u00e9, lundi, devant la Commission des affaires juridiques, administratives et des libert\u00e9s \u00e0 l&rsquo;Assembl\u00e9e populaire nationale (APN) le projet de loi organique amendant et compl\u00e9tant la loi organique N\u00a0 01-98 du 30 mai 1998 relative aux comp\u00e9tences, \u00e0 l&rsquo;organisation et au fonctionnement du<\/p>\n","protected":false},"author":6,"featured_media":16954,"comment_status":"open","ping_status":"open","sticky":false,"template":"","format":"standard","meta":{"footnotes":""},"categories":[22],"tags":[93],"class_list":["post-16953","post","type-post","status-publish","format-standard","has-post-thumbnail","hentry","category-infos","tag-onu"],"yoast_head":"<!-- This site is optimized with the Yoast SEO plugin v27.5 - https:\/\/yoast.com\/product\/yoast-seo-wordpress\/ -->\n<title>APN: Louh pr\u00e9sente le projet de loi organique relatif aux comp\u00e9tences du Conseil d&#039;Etat devant la commission des Affaires juridiques - info algerie<\/title>\n<meta name=\"robots\" content=\"index, follow, max-snippet:-1, max-image-preview:large, max-video-preview:-1\" \/>\n<link rel=\"canonical\" href=\"https:\/\/www.info-algerie.com\/actualites\/apn-louh-presente-le-projet-de-loi-organique-relatif-aux-competences-du-conseil-detat-devant-la-commission-des-affaires-juridiques\/\" \/>\n<meta property=\"og:locale\" content=\"fr_FR\" \/>\n<meta property=\"og:type\" content=\"article\" \/>\n<meta property=\"og:title\" content=\"APN: Louh pr\u00e9sente le projet de loi organique relatif aux comp\u00e9tences du Conseil d&#039;Etat devant la commission des Affaires juridiques - info algerie\" \/>\n<meta property=\"og:description\" content=\"ALGER- Le ministre de la Justice, Garde des sceaux, Tayeb Louh a pr\u00e9sent\u00e9, lundi, devant la Commission des affaires juridiques, administratives et des libert\u00e9s \u00e0 l&rsquo;Assembl\u00e9e populaire nationale (APN) le projet de loi organique amendant et compl\u00e9tant la loi organique N\u00a0 01-98 du 30 mai 1998 relative aux comp\u00e9tences, \u00e0 l&rsquo;organisation et au fonctionnement du\" \/>\n<meta property=\"og:url\" content=\"https:\/\/www.info-algerie.com\/actualites\/apn-louh-presente-le-projet-de-loi-organique-relatif-aux-competences-du-conseil-detat-devant-la-commission-des-affaires-juridiques\/\" \/>\n<meta property=\"og:site_name\" content=\"info algerie\" \/>\n<meta property=\"article:publisher\" content=\"https:\/\/www.facebook.com\/infoalgerieactu\" \/>\n<meta property=\"article:published_time\" content=\"2017-10-16T17:50:39+00:00\" \/>\n<meta property=\"og:image\" content=\"https:\/\/www.info-algerie.com\/actualites\/wp-content\/uploads\/2017\/10\/6a843695bda20986675dd50de65c995e_S-1.jpg\" \/>\n\t<meta property=\"og:image:width\" content=\"280\" \/>\n\t<meta property=\"og:image:height\" content=\"188\" \/>\n\t<meta property=\"og:image:type\" content=\"image\/jpeg\" \/>\n<meta name=\"author\" content=\"La r\u00e9daction\" \/>\n<meta name=\"twitter:label1\" content=\"\u00c9crit par\" \/>\n\t<meta name=\"twitter:data1\" content=\"La r\u00e9daction\" \/>\n\t<meta name=\"twitter:label2\" content=\"Dur\u00e9e de lecture estim\u00e9e\" \/>\n\t<meta name=\"twitter:data2\" content=\"3 minutes\" \/>\n<script type=\"application\/ld+json\" class=\"yoast-schema-graph\">{\"@context\":\"https:\\\/\\\/schema.org\",\"@graph\":[{\"@type\":\"Article\",\"@id\":\"https:\\\/\\\/www.info-algerie.com\\\/actualites\\\/apn-louh-presente-le-projet-de-loi-organique-relatif-aux-competences-du-conseil-detat-devant-la-commission-des-affaires-juridiques\\\/#article\",\"isPartOf\":{\"@id\":\"https:\\\/\\\/www.info-algerie.com\\\/actualites\\\/apn-louh-presente-le-projet-de-loi-organique-relatif-aux-competences-du-conseil-detat-devant-la-commission-des-affaires-juridiques\\\/\"},\"author\":{\"name\":\"La r\u00e9daction\",\"@id\":\"https:\\\/\\\/www.info-algerie.com\\\/actualites\\\/#\\\/schema\\\/person\\\/847aaec44920825b843a08f30ec6aa1e\"},\"headline\":\"APN: Louh pr\u00e9sente le projet de loi organique relatif aux comp\u00e9tences du Conseil d&#039;Etat devant la commission des Affaires juridiques\",\"datePublished\":\"2017-10-16T17:50:39+00:00\",\"mainEntityOfPage\":{\"@id\":\"https:\\\/\\\/www.info-algerie.com\\\/actualites\\\/apn-louh-presente-le-projet-de-loi-organique-relatif-aux-competences-du-conseil-detat-devant-la-commission-des-affaires-juridiques\\\/\"},\"wordCount\":711,\"commentCount\":0,\"publisher\":{\"@id\":\"https:\\\/\\\/www.info-algerie.com\\\/actualites\\\/#organization\"},\"image\":{\"@id\":\"https:\\\/\\\/www.info-algerie.com\\\/actualites\\\/apn-louh-presente-le-projet-de-loi-organique-relatif-aux-competences-du-conseil-detat-devant-la-commission-des-affaires-juridiques\\\/#primaryimage\"},\"thumbnailUrl\":\"https:\\\/\\\/www.info-algerie.com\\\/actualites\\\/wp-content\\\/uploads\\\/2017\\\/10\\\/6a843695bda20986675dd50de65c995e_S-1.jpg\",\"keywords\":[\"ONU\"],\"articleSection\":[\"infos\"],\"inLanguage\":\"fr-FR\",\"potentialAction\":[{\"@type\":\"CommentAction\",\"name\":\"Comment\",\"target\":[\"https:\\\/\\\/www.info-algerie.com\\\/actualites\\\/apn-louh-presente-le-projet-de-loi-organique-relatif-aux-competences-du-conseil-detat-devant-la-commission-des-affaires-juridiques\\\/#respond\"]}]},{\"@type\":\"WebPage\",\"@id\":\"https:\\\/\\\/www.info-algerie.com\\\/actualites\\\/apn-louh-presente-le-projet-de-loi-organique-relatif-aux-competences-du-conseil-detat-devant-la-commission-des-affaires-juridiques\\\/\",\"url\":\"https:\\\/\\\/www.info-algerie.com\\\/actualites\\\/apn-louh-presente-le-projet-de-loi-organique-relatif-aux-competences-du-conseil-detat-devant-la-commission-des-affaires-juridiques\\\/\",\"name\":\"APN: Louh pr\u00e9sente le projet de loi organique relatif aux comp\u00e9tences du Conseil d&#039;Etat devant la commission des Affaires juridiques - info algerie\",\"isPartOf\":{\"@id\":\"https:\\\/\\\/www.info-algerie.com\\\/actualites\\\/#website\"},\"primaryImageOfPage\":{\"@id\":\"https:\\\/\\\/www.info-algerie.com\\\/actualites\\\/apn-louh-presente-le-projet-de-loi-organique-relatif-aux-competences-du-conseil-detat-devant-la-commission-des-affaires-juridiques\\\/#primaryimage\"},\"image\":{\"@id\":\"https:\\\/\\\/www.info-algerie.com\\\/actualites\\\/apn-louh-presente-le-projet-de-loi-organique-relatif-aux-competences-du-conseil-detat-devant-la-commission-des-affaires-juridiques\\\/#primaryimage\"},\"thumbnailUrl\":\"https:\\\/\\\/www.info-algerie.com\\\/actualites\\\/wp-content\\\/uploads\\\/2017\\\/10\\\/6a843695bda20986675dd50de65c995e_S-1.jpg\",\"datePublished\":\"2017-10-16T17:50:39+00:00\",\"breadcrumb\":{\"@id\":\"https:\\\/\\\/www.info-algerie.com\\\/actualites\\\/apn-louh-presente-le-projet-de-loi-organique-relatif-aux-competences-du-conseil-detat-devant-la-commission-des-affaires-juridiques\\\/#breadcrumb\"},\"inLanguage\":\"fr-FR\",\"potentialAction\":[{\"@type\":\"ReadAction\",\"target\":[\"https:\\\/\\\/www.info-algerie.com\\\/actualites\\\/apn-louh-presente-le-projet-de-loi-organique-relatif-aux-competences-du-conseil-detat-devant-la-commission-des-affaires-juridiques\\\/\"]}]},{\"@type\":\"ImageObject\",\"inLanguage\":\"fr-FR\",\"@id\":\"https:\\\/\\\/www.info-algerie.com\\\/actualites\\\/apn-louh-presente-le-projet-de-loi-organique-relatif-aux-competences-du-conseil-detat-devant-la-commission-des-affaires-juridiques\\\/#primaryimage\",\"url\":\"https:\\\/\\\/www.info-algerie.com\\\/actualites\\\/wp-content\\\/uploads\\\/2017\\\/10\\\/6a843695bda20986675dd50de65c995e_S-1.jpg\",\"contentUrl\":\"https:\\\/\\\/www.info-algerie.com\\\/actualites\\\/wp-content\\\/uploads\\\/2017\\\/10\\\/6a843695bda20986675dd50de65c995e_S-1.jpg\",\"width\":280,\"height\":188},{\"@type\":\"BreadcrumbList\",\"@id\":\"https:\\\/\\\/www.info-algerie.com\\\/actualites\\\/apn-louh-presente-le-projet-de-loi-organique-relatif-aux-competences-du-conseil-detat-devant-la-commission-des-affaires-juridiques\\\/#breadcrumb\",\"itemListElement\":[{\"@type\":\"ListItem\",\"position\":1,\"name\":\"Accueil\",\"item\":\"https:\\\/\\\/www.info-algerie.com\\\/actualites\\\/\"},{\"@type\":\"ListItem\",\"position\":2,\"name\":\"APN: Louh pr\u00e9sente le projet de loi organique relatif aux comp\u00e9tences du Conseil d&#039;Etat devant la commission des Affaires juridiques\"}]},{\"@type\":\"WebSite\",\"@id\":\"https:\\\/\\\/www.info-algerie.com\\\/actualites\\\/#website\",\"url\":\"https:\\\/\\\/www.info-algerie.com\\\/actualites\\\/\",\"name\":\"info algerie\",\"description\":\"Toutes les actualit\u00e9s\",\"publisher\":{\"@id\":\"https:\\\/\\\/www.info-algerie.com\\\/actualites\\\/#organization\"},\"potentialAction\":[{\"@type\":\"SearchAction\",\"target\":{\"@type\":\"EntryPoint\",\"urlTemplate\":\"https:\\\/\\\/www.info-algerie.com\\\/actualites\\\/?s={search_term_string}\"},\"query-input\":{\"@type\":\"PropertyValueSpecification\",\"valueRequired\":true,\"valueName\":\"search_term_string\"}}],\"inLanguage\":\"fr-FR\"},{\"@type\":\"Organization\",\"@id\":\"https:\\\/\\\/www.info-algerie.com\\\/actualites\\\/#organization\",\"name\":\"info algerie\",\"url\":\"https:\\\/\\\/www.info-algerie.com\\\/actualites\\\/\",\"logo\":{\"@type\":\"ImageObject\",\"inLanguage\":\"fr-FR\",\"@id\":\"https:\\\/\\\/www.info-algerie.com\\\/actualites\\\/#\\\/schema\\\/logo\\\/image\\\/\",\"url\":\"https:\\\/\\\/www.info-algerie.com\\\/actualites\\\/wp-content\\\/uploads\\\/2022\\\/07\\\/logo-ia-120.png\",\"contentUrl\":\"https:\\\/\\\/www.info-algerie.com\\\/actualites\\\/wp-content\\\/uploads\\\/2022\\\/07\\\/logo-ia-120.png\",\"width\":120,\"height\":43,\"caption\":\"info algerie\"},\"image\":{\"@id\":\"https:\\\/\\\/www.info-algerie.com\\\/actualites\\\/#\\\/schema\\\/logo\\\/image\\\/\"},\"sameAs\":[\"https:\\\/\\\/www.facebook.com\\\/infoalgerieactu\",\"https:\\\/\\\/x.com\\\/infoalgerie1\"]},{\"@type\":\"Person\",\"@id\":\"https:\\\/\\\/www.info-algerie.com\\\/actualites\\\/#\\\/schema\\\/person\\\/847aaec44920825b843a08f30ec6aa1e\",\"name\":\"La r\u00e9daction\",\"image\":{\"@type\":\"ImageObject\",\"inLanguage\":\"fr-FR\",\"@id\":\"https:\\\/\\\/secure.gravatar.com\\\/avatar\\\/769db425c6f465158149f1ffd6cf61ce7a8a879d11dfbef8288af36dfddd418c?s=96&d=mm&r=g\",\"url\":\"https:\\\/\\\/secure.gravatar.com\\\/avatar\\\/769db425c6f465158149f1ffd6cf61ce7a8a879d11dfbef8288af36dfddd418c?s=96&d=mm&r=g\",\"contentUrl\":\"https:\\\/\\\/secure.gravatar.com\\\/avatar\\\/769db425c6f465158149f1ffd6cf61ce7a8a879d11dfbef8288af36dfddd418c?s=96&d=mm&r=g\",\"caption\":\"La r\u00e9daction\"},\"sameAs\":[\"http:\\\/\\\/www.lkeria.com\\\/\"],\"url\":\"https:\\\/\\\/www.info-algerie.com\\\/actualites\\\/author\\\/chakib32\\\/\"}]}<\/script>\n<!-- \/ Yoast SEO plugin. -->","yoast_head_json":{"title":"APN: Louh pr\u00e9sente le projet de loi organique relatif aux comp\u00e9tences du Conseil d&#039;Etat devant la commission des Affaires juridiques - info algerie","robots":{"index":"index","follow":"follow","max-snippet":"max-snippet:-1","max-image-preview":"max-image-preview:large","max-video-preview":"max-video-preview:-1"},"canonical":"https:\/\/www.info-algerie.com\/actualites\/apn-louh-presente-le-projet-de-loi-organique-relatif-aux-competences-du-conseil-detat-devant-la-commission-des-affaires-juridiques\/","og_locale":"fr_FR","og_type":"article","og_title":"APN: Louh pr\u00e9sente le projet de loi organique relatif aux comp\u00e9tences du Conseil d&#039;Etat devant la commission des Affaires juridiques - info algerie","og_description":"ALGER- Le ministre de la Justice, Garde des sceaux, Tayeb Louh a pr\u00e9sent\u00e9, lundi, devant la Commission des affaires juridiques, administratives et des libert\u00e9s \u00e0 l&rsquo;Assembl\u00e9e populaire nationale (APN) le projet de loi organique amendant et compl\u00e9tant la loi organique N\u00a0 01-98 du 30 mai 1998 relative aux comp\u00e9tences, \u00e0 l&rsquo;organisation et au fonctionnement du","og_url":"https:\/\/www.info-algerie.com\/actualites\/apn-louh-presente-le-projet-de-loi-organique-relatif-aux-competences-du-conseil-detat-devant-la-commission-des-affaires-juridiques\/","og_site_name":"info algerie","article_publisher":"https:\/\/www.facebook.com\/infoalgerieactu","article_published_time":"2017-10-16T17:50:39+00:00","og_image":[{"width":280,"height":188,"url":"https:\/\/www.info-algerie.com\/actualites\/wp-content\/uploads\/2017\/10\/6a843695bda20986675dd50de65c995e_S-1.jpg","type":"image\/jpeg"}],"author":"La r\u00e9daction","twitter_misc":{"\u00c9crit par":"La r\u00e9daction","Dur\u00e9e de lecture estim\u00e9e":"3 minutes"},"schema":{"@context":"https:\/\/schema.org","@graph":[{"@type":"Article","@id":"https:\/\/www.info-algerie.com\/actualites\/apn-louh-presente-le-projet-de-loi-organique-relatif-aux-competences-du-conseil-detat-devant-la-commission-des-affaires-juridiques\/#article","isPartOf":{"@id":"https:\/\/www.info-algerie.com\/actualites\/apn-louh-presente-le-projet-de-loi-organique-relatif-aux-competences-du-conseil-detat-devant-la-commission-des-affaires-juridiques\/"},"author":{"name":"La r\u00e9daction","@id":"https:\/\/www.info-algerie.com\/actualites\/#\/schema\/person\/847aaec44920825b843a08f30ec6aa1e"},"headline":"APN: Louh pr\u00e9sente le projet de loi organique relatif aux comp\u00e9tences du Conseil d&#039;Etat devant la commission des Affaires juridiques","datePublished":"2017-10-16T17:50:39+00:00","mainEntityOfPage":{"@id":"https:\/\/www.info-algerie.com\/actualites\/apn-louh-presente-le-projet-de-loi-organique-relatif-aux-competences-du-conseil-detat-devant-la-commission-des-affaires-juridiques\/"},"wordCount":711,"commentCount":0,"publisher":{"@id":"https:\/\/www.info-algerie.com\/actualites\/#organization"},"image":{"@id":"https:\/\/www.info-algerie.com\/actualites\/apn-louh-presente-le-projet-de-loi-organique-relatif-aux-competences-du-conseil-detat-devant-la-commission-des-affaires-juridiques\/#primaryimage"},"thumbnailUrl":"https:\/\/www.info-algerie.com\/actualites\/wp-content\/uploads\/2017\/10\/6a843695bda20986675dd50de65c995e_S-1.jpg","keywords":["ONU"],"articleSection":["infos"],"inLanguage":"fr-FR","potentialAction":[{"@type":"CommentAction","name":"Comment","target":["https:\/\/www.info-algerie.com\/actualites\/apn-louh-presente-le-projet-de-loi-organique-relatif-aux-competences-du-conseil-detat-devant-la-commission-des-affaires-juridiques\/#respond"]}]},{"@type":"WebPage","@id":"https:\/\/www.info-algerie.com\/actualites\/apn-louh-presente-le-projet-de-loi-organique-relatif-aux-competences-du-conseil-detat-devant-la-commission-des-affaires-juridiques\/","url":"https:\/\/www.info-algerie.com\/actualites\/apn-louh-presente-le-projet-de-loi-organique-relatif-aux-competences-du-conseil-detat-devant-la-commission-des-affaires-juridiques\/","name":"APN: Louh pr\u00e9sente le projet de loi organique relatif aux comp\u00e9tences du Conseil d&#039;Etat devant la commission des Affaires juridiques - info algerie","isPartOf":{"@id":"https:\/\/www.info-algerie.com\/actualites\/#website"},"primaryImageOfPage":{"@id":"https:\/\/www.info-algerie.com\/actualites\/apn-louh-presente-le-projet-de-loi-organique-relatif-aux-competences-du-conseil-detat-devant-la-commission-des-affaires-juridiques\/#primaryimage"},"image":{"@id":"https:\/\/www.info-algerie.com\/actualites\/apn-louh-presente-le-projet-de-loi-organique-relatif-aux-competences-du-conseil-detat-devant-la-commission-des-affaires-juridiques\/#primaryimage"},"thumbnailUrl":"https:\/\/www.info-algerie.com\/actualites\/wp-content\/uploads\/2017\/10\/6a843695bda20986675dd50de65c995e_S-1.jpg","datePublished":"2017-10-16T17:50:39+00:00","breadcrumb":{"@id":"https:\/\/www.info-algerie.com\/actualites\/apn-louh-presente-le-projet-de-loi-organique-relatif-aux-competences-du-conseil-detat-devant-la-commission-des-affaires-juridiques\/#breadcrumb"},"inLanguage":"fr-FR","potentialAction":[{"@type":"ReadAction","target":["https:\/\/www.info-algerie.com\/actualites\/apn-louh-presente-le-projet-de-loi-organique-relatif-aux-competences-du-conseil-detat-devant-la-commission-des-affaires-juridiques\/"]}]},{"@type":"ImageObject","inLanguage":"fr-FR","@id":"https:\/\/www.info-algerie.com\/actualites\/apn-louh-presente-le-projet-de-loi-organique-relatif-aux-competences-du-conseil-detat-devant-la-commission-des-affaires-juridiques\/#primaryimage","url":"https:\/\/www.info-algerie.com\/actualites\/wp-content\/uploads\/2017\/10\/6a843695bda20986675dd50de65c995e_S-1.jpg","contentUrl":"https:\/\/www.info-algerie.com\/actualites\/wp-content\/uploads\/2017\/10\/6a843695bda20986675dd50de65c995e_S-1.jpg","width":280,"height":188},{"@type":"BreadcrumbList","@id":"https:\/\/www.info-algerie.com\/actualites\/apn-louh-presente-le-projet-de-loi-organique-relatif-aux-competences-du-conseil-detat-devant-la-commission-des-affaires-juridiques\/#breadcrumb","itemListElement":[{"@type":"ListItem","position":1,"name":"Accueil","item":"https:\/\/www.info-algerie.com\/actualites\/"},{"@type":"ListItem","position":2,"name":"APN: Louh pr\u00e9sente le projet de loi organique relatif aux comp\u00e9tences du Conseil d&#039;Etat devant la commission des Affaires juridiques"}]},{"@type":"WebSite","@id":"https:\/\/www.info-algerie.com\/actualites\/#website","url":"https:\/\/www.info-algerie.com\/actualites\/","name":"info algerie","description":"Toutes les actualit\u00e9s","publisher":{"@id":"https:\/\/www.info-algerie.com\/actualites\/#organization"},"potentialAction":[{"@type":"SearchAction","target":{"@type":"EntryPoint","urlTemplate":"https:\/\/www.info-algerie.com\/actualites\/?s={search_term_string}"},"query-input":{"@type":"PropertyValueSpecification","valueRequired":true,"valueName":"search_term_string"}}],"inLanguage":"fr-FR"},{"@type":"Organization","@id":"https:\/\/www.info-algerie.com\/actualites\/#organization","name":"info algerie","url":"https:\/\/www.info-algerie.com\/actualites\/","logo":{"@type":"ImageObject","inLanguage":"fr-FR","@id":"https:\/\/www.info-algerie.com\/actualites\/#\/schema\/logo\/image\/","url":"https:\/\/www.info-algerie.com\/actualites\/wp-content\/uploads\/2022\/07\/logo-ia-120.png","contentUrl":"https:\/\/www.info-algerie.com\/actualites\/wp-content\/uploads\/2022\/07\/logo-ia-120.png","width":120,"height":43,"caption":"info algerie"},"image":{"@id":"https:\/\/www.info-algerie.com\/actualites\/#\/schema\/logo\/image\/"},"sameAs":["https:\/\/www.facebook.com\/infoalgerieactu","https:\/\/x.com\/infoalgerie1"]},{"@type":"Person","@id":"https:\/\/www.info-algerie.com\/actualites\/#\/schema\/person\/847aaec44920825b843a08f30ec6aa1e","name":"La r\u00e9daction","image":{"@type":"ImageObject","inLanguage":"fr-FR","@id":"https:\/\/secure.gravatar.com\/avatar\/769db425c6f465158149f1ffd6cf61ce7a8a879d11dfbef8288af36dfddd418c?s=96&d=mm&r=g","url":"https:\/\/secure.gravatar.com\/avatar\/769db425c6f465158149f1ffd6cf61ce7a8a879d11dfbef8288af36dfddd418c?s=96&d=mm&r=g","contentUrl":"https:\/\/secure.gravatar.com\/avatar\/769db425c6f465158149f1ffd6cf61ce7a8a879d11dfbef8288af36dfddd418c?s=96&d=mm&r=g","caption":"La r\u00e9daction"},"sameAs":["http:\/\/www.lkeria.com\/"],"url":"https:\/\/www.info-algerie.com\/actualites\/author\/chakib32\/"}]}},"_links":{"self":[{"href":"https:\/\/www.info-algerie.com\/actualites\/wp-json\/wp\/v2\/posts\/16953","targetHints":{"allow":["GET"]}}],"collection":[{"href":"https:\/\/www.info-algerie.com\/actualites\/wp-json\/wp\/v2\/posts"}],"about":[{"href":"https:\/\/www.info-algerie.com\/actualites\/wp-json\/wp\/v2\/types\/post"}],"author":[{"embeddable":true,"href":"https:\/\/www.info-algerie.com\/actualites\/wp-json\/wp\/v2\/users\/6"}],"replies":[{"embeddable":true,"href":"https:\/\/www.info-algerie.com\/actualites\/wp-json\/wp\/v2\/comments?post=16953"}],"version-history":[{"count":0,"href":"https:\/\/www.info-algerie.com\/actualites\/wp-json\/wp\/v2\/posts\/16953\/revisions"}],"wp:featuredmedia":[{"embeddable":true,"href":"https:\/\/www.info-algerie.com\/actualites\/wp-json\/wp\/v2\/media\/16954"}],"wp:attachment":[{"href":"https:\/\/www.info-algerie.com\/actualites\/wp-json\/wp\/v2\/media?parent=16953"}],"wp:term":[{"taxonomy":"category","embeddable":true,"href":"https:\/\/www.info-algerie.com\/actualites\/wp-json\/wp\/v2\/categories?post=16953"},{"taxonomy":"post_tag","embeddable":true,"href":"https:\/\/www.info-algerie.com\/actualites\/wp-json\/wp\/v2\/tags?post=16953"}],"curies":[{"name":"wp","href":"https:\/\/api.w.org\/{rel}","templated":true}]}}