{"id":16956,"date":"2017-10-16T18:43:29","date_gmt":"2017-10-16T17:43:29","guid":{"rendered":"http:\/\/www.info-algerie.com\/actualites\/kaouane-et-lambassadeur-de-belgique-se-concertent-sur-un-colloque-autour-de-la-revolution-algerienne\/"},"modified":"2017-10-16T18:43:29","modified_gmt":"2017-10-16T17:43:29","slug":"kaouane-et-lambassadeur-de-belgique-se-concertent-sur-un-colloque-autour-de-la-revolution-algerienne","status":"publish","type":"post","link":"https:\/\/www.info-algerie.com\/actualites\/kaouane-et-lambassadeur-de-belgique-se-concertent-sur-un-colloque-autour-de-la-revolution-algerienne\/","title":{"rendered":"Kaouane et l&#039;ambassadeur de Belgique se concertent sur un colloque autour de la R\u00e9volution alg\u00e9rienne"},"content":{"rendered":"<div class=\"K2FeedImage\"><img decoding=\"async\" src=\"https:\/\/www.info-algerie.com\/actualites\/wp-content\/uploads\/2017\/10\/626b8149c6808c5ae3a3bf508fe85e06_S.jpg\" alt=\"Kaouane et l'ambassadeur de Belgique se concertent sur un colloque autour de la R&#xE9;volution alg&#xE9;rienne\" \/><\/div>\n<div class=\"K2FeedIntroText\">\n<p class=\"MsoNoSpacing\">ALGER- Le ministre de la Communication, <a href=\"http:\/\/www.aps.dz\/algerie\/58211-djamel-kaouane-ministre-de-la-communication\"><strong>Djamel Kaouane<\/strong><\/a> et l&rsquo;ambassadeur de Belgique en Alg\u00e9rie, Pierre Gillon \u00ab\u00a0se sont concert\u00e9s lundi \u00e0 Alger, sur la participation du minist\u00e8re de la Communication \u00e0 un colloque sur la contribution de nationaux belges \u00e0 la Guerre de Lib\u00e9ration\u00a0 nationale\u00a0\u00bb, a indiqu\u00e9 un communiqu\u00e9 du minist\u00e8re de la Communication.<\/p>\n<p>&#013;\n<\/p><\/div>\n<div class=\"K2FeedFullText\">&#013;<\/p>\n<blockquote><p>&#013;<\/p>\n<p><em><strong>\u00ab\u00a0Le colloque intitul\u00e9 +Front du Nord : des Belges et la Guerre d\u2019Alg\u00e9rie &#8211; 1954 &#8211; 1962+ programm\u00e9 le 29 octobre \u00e0 Alger, soit la veille de la comm\u00e9moration de la R\u00e9volution du 1er Novembre 1954, a trouv\u00e9, aupr\u00e8s ministre de la Communication, un accueil enthousiaste, lui, qui a affirm\u00e9 prendre cela comme un devoir de reconnaissance et de gratitude envers ces justes qui ont suivi, au p\u00e9ril de leurs vies, la voie de la justice et de la libert\u00e9 au nom des n\u00f4tres\u00a0\u00bb, a soulign\u00e9 le communiqu\u00e9 du minist\u00e8re.<\/strong><\/em><\/p>\n<p>&#013;\n<\/p><\/blockquote>\n<p>&#013;<\/p>\n<p>Les deux parties \u00ab\u00a0ont convenu de l\u2019excellence de la qualit\u00e9 des intervenants, intellectuels, communicants et historiens, qui viendront, par leurs contributions et les interactions que celles-ci ne manqueront pas de susciter, enrichir la m\u00e9moire historique et les d\u00e9bats autour du front du Nord durant la guerre de Lib\u00e9ration nationale, dont on c\u00e9l\u00e8bre, par ailleurs, un des \u00e9v\u00e9nements marquants, ces jours-ci, \u00e0 savoir les manifestations du 17 octobre 1961, \u00e0 Paris\u00a0\u00bb, a relev\u00e9 la m\u00eame source.<\/p>\n<p>&#013;<\/p>\n<p>M. Kaouane a assur\u00e9 l\u2019ambassadeur de Belgique de la disponibilit\u00e9 de son d\u00e9partement \u00e0 apporter \u00ab\u00a0tout le soutien n\u00e9cessaire\u00a0\u00bb pour lui donner la port\u00e9e m\u00e9diatique qu\u2019il m\u00e9rite.<\/p>\n<p>&#013;<\/p>\n<p>\u00a0<\/p>\n<p>&#013;<\/p>\n<hr \/>\n<h3><a href=\"http:\/\/www.aps.dz\/algerie\/59145-kaouane-evoque-avec-l-ambassadeur-us-la-dynamisation-des-echanges-en-matiere-d-information\">Lire aussi: Kaouane \u00e9voque avec l&rsquo;ambassadeur US la dynamisation des \u00e9changes en mati\u00e8re d&rsquo;information<\/a><\/h3>\n<p>&#013;<\/p>\n<hr \/>\n<p>\u00a0<\/p>\n<\/div>\n<p>&#013;<br \/>\nSource: <a href=\"http:\/\/www.aps.dz\/algerie\/64055-kaouane-et-l-ambassadeur-de-belgique-se-concertent-sur-un-colloque-autour-de-la-revolution-algerienne\" target=\"_blank\">Kaouane et l&rsquo;ambassadeur de Belgique se concertent sur un colloque autour de la R\u00e9volution alg\u00e9rienne<\/a><\/p>\n<!--CusAds0-->\n<div style=\"font-size: 0px; height: 0px; line-height: 0px; margin: 0; padding: 0; clear: both;\"><\/div>","protected":false},"excerpt":{"rendered":"<p>ALGER- Le ministre de la Communication, Djamel Kaouane et l&rsquo;ambassadeur de Belgique en Alg\u00e9rie, Pierre Gillon \u00ab\u00a0se sont concert\u00e9s lundi \u00e0 Alger, sur la participation du minist\u00e8re de la Communication \u00e0 un colloque sur la contribution de nationaux belges \u00e0 la Guerre de Lib\u00e9ration\u00a0 nationale\u00a0\u00bb, a indiqu\u00e9 un communiqu\u00e9 du minist\u00e8re de la Communication. &#013;<\/p>\n","protected":false},"author":6,"featured_media":16957,"comment_status":"open","ping_status":"open","sticky":false,"template":"","format":"standard","meta":{"footnotes":""},"categories":[22],"tags":[93],"class_list":["post-16956","post","type-post","status-publish","format-standard","has-post-thumbnail","hentry","category-infos","tag-onu"],"yoast_head":"<!-- This site is optimized with the Yoast SEO plugin v27.5 - https:\/\/yoast.com\/product\/yoast-seo-wordpress\/ -->\n<title>Kaouane et l&#039;ambassadeur de Belgique se concertent sur un colloque autour de la R\u00e9volution alg\u00e9rienne - info algerie<\/title>\n<meta name=\"robots\" content=\"index, follow, max-snippet:-1, max-image-preview:large, max-video-preview:-1\" \/>\n<link rel=\"canonical\" href=\"https:\/\/www.info-algerie.com\/actualites\/kaouane-et-lambassadeur-de-belgique-se-concertent-sur-un-colloque-autour-de-la-revolution-algerienne\/\" \/>\n<meta property=\"og:locale\" content=\"fr_FR\" \/>\n<meta property=\"og:type\" content=\"article\" \/>\n<meta property=\"og:title\" content=\"Kaouane et l&#039;ambassadeur de Belgique se concertent sur un colloque autour de la R\u00e9volution alg\u00e9rienne - info algerie\" \/>\n<meta property=\"og:description\" content=\"ALGER- Le ministre de la Communication, Djamel Kaouane et l&rsquo;ambassadeur de Belgique en Alg\u00e9rie, Pierre Gillon \u00ab\u00a0se sont concert\u00e9s lundi \u00e0 Alger, sur la participation du minist\u00e8re de la Communication \u00e0 un colloque sur la contribution de nationaux belges \u00e0 la Guerre de Lib\u00e9ration\u00a0 nationale\u00a0\u00bb, a indiqu\u00e9 un communiqu\u00e9 du minist\u00e8re de la Communication. &#013;\" \/>\n<meta property=\"og:url\" content=\"https:\/\/www.info-algerie.com\/actualites\/kaouane-et-lambassadeur-de-belgique-se-concertent-sur-un-colloque-autour-de-la-revolution-algerienne\/\" \/>\n<meta property=\"og:site_name\" content=\"info algerie\" \/>\n<meta property=\"article:publisher\" content=\"https:\/\/www.facebook.com\/infoalgerieactu\" \/>\n<meta property=\"article:published_time\" content=\"2017-10-16T17:43:29+00:00\" \/>\n<meta property=\"og:image\" content=\"https:\/\/www.info-algerie.com\/actualites\/wp-content\/uploads\/2017\/10\/626b8149c6808c5ae3a3bf508fe85e06_S-1.jpg\" \/>\n\t<meta property=\"og:image:width\" content=\"280\" \/>\n\t<meta property=\"og:image:height\" content=\"229\" \/>\n\t<meta property=\"og:image:type\" content=\"image\/jpeg\" \/>\n<meta name=\"author\" content=\"La r\u00e9daction\" \/>\n<meta name=\"twitter:label1\" content=\"\u00c9crit par\" \/>\n\t<meta name=\"twitter:data1\" content=\"La r\u00e9daction\" \/>\n\t<meta name=\"twitter:label2\" content=\"Dur\u00e9e de lecture estim\u00e9e\" \/>\n\t<meta name=\"twitter:data2\" content=\"1 minute\" \/>\n<script type=\"application\/ld+json\" class=\"yoast-schema-graph\">{\"@context\":\"https:\\\/\\\/schema.org\",\"@graph\":[{\"@type\":\"Article\",\"@id\":\"https:\\\/\\\/www.info-algerie.com\\\/actualites\\\/kaouane-et-lambassadeur-de-belgique-se-concertent-sur-un-colloque-autour-de-la-revolution-algerienne\\\/#article\",\"isPartOf\":{\"@id\":\"https:\\\/\\\/www.info-algerie.com\\\/actualites\\\/kaouane-et-lambassadeur-de-belgique-se-concertent-sur-un-colloque-autour-de-la-revolution-algerienne\\\/\"},\"author\":{\"name\":\"La r\u00e9daction\",\"@id\":\"https:\\\/\\\/www.info-algerie.com\\\/actualites\\\/#\\\/schema\\\/person\\\/847aaec44920825b843a08f30ec6aa1e\"},\"headline\":\"Kaouane et l&#039;ambassadeur de Belgique se concertent sur un colloque autour de la R\u00e9volution alg\u00e9rienne\",\"datePublished\":\"2017-10-16T17:43:29+00:00\",\"mainEntityOfPage\":{\"@id\":\"https:\\\/\\\/www.info-algerie.com\\\/actualites\\\/kaouane-et-lambassadeur-de-belgique-se-concertent-sur-un-colloque-autour-de-la-revolution-algerienne\\\/\"},\"wordCount\":315,\"commentCount\":0,\"publisher\":{\"@id\":\"https:\\\/\\\/www.info-algerie.com\\\/actualites\\\/#organization\"},\"image\":{\"@id\":\"https:\\\/\\\/www.info-algerie.com\\\/actualites\\\/kaouane-et-lambassadeur-de-belgique-se-concertent-sur-un-colloque-autour-de-la-revolution-algerienne\\\/#primaryimage\"},\"thumbnailUrl\":\"https:\\\/\\\/www.info-algerie.com\\\/actualites\\\/wp-content\\\/uploads\\\/2017\\\/10\\\/626b8149c6808c5ae3a3bf508fe85e06_S-1.jpg\",\"keywords\":[\"ONU\"],\"articleSection\":[\"infos\"],\"inLanguage\":\"fr-FR\",\"potentialAction\":[{\"@type\":\"CommentAction\",\"name\":\"Comment\",\"target\":[\"https:\\\/\\\/www.info-algerie.com\\\/actualites\\\/kaouane-et-lambassadeur-de-belgique-se-concertent-sur-un-colloque-autour-de-la-revolution-algerienne\\\/#respond\"]}]},{\"@type\":\"WebPage\",\"@id\":\"https:\\\/\\\/www.info-algerie.com\\\/actualites\\\/kaouane-et-lambassadeur-de-belgique-se-concertent-sur-un-colloque-autour-de-la-revolution-algerienne\\\/\",\"url\":\"https:\\\/\\\/www.info-algerie.com\\\/actualites\\\/kaouane-et-lambassadeur-de-belgique-se-concertent-sur-un-colloque-autour-de-la-revolution-algerienne\\\/\",\"name\":\"Kaouane et l&#039;ambassadeur de Belgique se concertent sur un colloque autour de la R\u00e9volution alg\u00e9rienne - info algerie\",\"isPartOf\":{\"@id\":\"https:\\\/\\\/www.info-algerie.com\\\/actualites\\\/#website\"},\"primaryImageOfPage\":{\"@id\":\"https:\\\/\\\/www.info-algerie.com\\\/actualites\\\/kaouane-et-lambassadeur-de-belgique-se-concertent-sur-un-colloque-autour-de-la-revolution-algerienne\\\/#primaryimage\"},\"image\":{\"@id\":\"https:\\\/\\\/www.info-algerie.com\\\/actualites\\\/kaouane-et-lambassadeur-de-belgique-se-concertent-sur-un-colloque-autour-de-la-revolution-algerienne\\\/#primaryimage\"},\"thumbnailUrl\":\"https:\\\/\\\/www.info-algerie.com\\\/actualites\\\/wp-content\\\/uploads\\\/2017\\\/10\\\/626b8149c6808c5ae3a3bf508fe85e06_S-1.jpg\",\"datePublished\":\"2017-10-16T17:43:29+00:00\",\"breadcrumb\":{\"@id\":\"https:\\\/\\\/www.info-algerie.com\\\/actualites\\\/kaouane-et-lambassadeur-de-belgique-se-concertent-sur-un-colloque-autour-de-la-revolution-algerienne\\\/#breadcrumb\"},\"inLanguage\":\"fr-FR\",\"potentialAction\":[{\"@type\":\"ReadAction\",\"target\":[\"https:\\\/\\\/www.info-algerie.com\\\/actualites\\\/kaouane-et-lambassadeur-de-belgique-se-concertent-sur-un-colloque-autour-de-la-revolution-algerienne\\\/\"]}]},{\"@type\":\"ImageObject\",\"inLanguage\":\"fr-FR\",\"@id\":\"https:\\\/\\\/www.info-algerie.com\\\/actualites\\\/kaouane-et-lambassadeur-de-belgique-se-concertent-sur-un-colloque-autour-de-la-revolution-algerienne\\\/#primaryimage\",\"url\":\"https:\\\/\\\/www.info-algerie.com\\\/actualites\\\/wp-content\\\/uploads\\\/2017\\\/10\\\/626b8149c6808c5ae3a3bf508fe85e06_S-1.jpg\",\"contentUrl\":\"https:\\\/\\\/www.info-algerie.com\\\/actualites\\\/wp-content\\\/uploads\\\/2017\\\/10\\\/626b8149c6808c5ae3a3bf508fe85e06_S-1.jpg\",\"width\":280,\"height\":229},{\"@type\":\"BreadcrumbList\",\"@id\":\"https:\\\/\\\/www.info-algerie.com\\\/actualites\\\/kaouane-et-lambassadeur-de-belgique-se-concertent-sur-un-colloque-autour-de-la-revolution-algerienne\\\/#breadcrumb\",\"itemListElement\":[{\"@type\":\"ListItem\",\"position\":1,\"name\":\"Accueil\",\"item\":\"https:\\\/\\\/www.info-algerie.com\\\/actualites\\\/\"},{\"@type\":\"ListItem\",\"position\":2,\"name\":\"Kaouane et l&#039;ambassadeur de Belgique se concertent sur un colloque autour de la R\u00e9volution alg\u00e9rienne\"}]},{\"@type\":\"WebSite\",\"@id\":\"https:\\\/\\\/www.info-algerie.com\\\/actualites\\\/#website\",\"url\":\"https:\\\/\\\/www.info-algerie.com\\\/actualites\\\/\",\"name\":\"info algerie\",\"description\":\"Toutes les actualit\u00e9s\",\"publisher\":{\"@id\":\"https:\\\/\\\/www.info-algerie.com\\\/actualites\\\/#organization\"},\"potentialAction\":[{\"@type\":\"SearchAction\",\"target\":{\"@type\":\"EntryPoint\",\"urlTemplate\":\"https:\\\/\\\/www.info-algerie.com\\\/actualites\\\/?s={search_term_string}\"},\"query-input\":{\"@type\":\"PropertyValueSpecification\",\"valueRequired\":true,\"valueName\":\"search_term_string\"}}],\"inLanguage\":\"fr-FR\"},{\"@type\":\"Organization\",\"@id\":\"https:\\\/\\\/www.info-algerie.com\\\/actualites\\\/#organization\",\"name\":\"info algerie\",\"url\":\"https:\\\/\\\/www.info-algerie.com\\\/actualites\\\/\",\"logo\":{\"@type\":\"ImageObject\",\"inLanguage\":\"fr-FR\",\"@id\":\"https:\\\/\\\/www.info-algerie.com\\\/actualites\\\/#\\\/schema\\\/logo\\\/image\\\/\",\"url\":\"https:\\\/\\\/www.info-algerie.com\\\/actualites\\\/wp-content\\\/uploads\\\/2022\\\/07\\\/logo-ia-120.png\",\"contentUrl\":\"https:\\\/\\\/www.info-algerie.com\\\/actualites\\\/wp-content\\\/uploads\\\/2022\\\/07\\\/logo-ia-120.png\",\"width\":120,\"height\":43,\"caption\":\"info algerie\"},\"image\":{\"@id\":\"https:\\\/\\\/www.info-algerie.com\\\/actualites\\\/#\\\/schema\\\/logo\\\/image\\\/\"},\"sameAs\":[\"https:\\\/\\\/www.facebook.com\\\/infoalgerieactu\",\"https:\\\/\\\/x.com\\\/infoalgerie1\"]},{\"@type\":\"Person\",\"@id\":\"https:\\\/\\\/www.info-algerie.com\\\/actualites\\\/#\\\/schema\\\/person\\\/847aaec44920825b843a08f30ec6aa1e\",\"name\":\"La r\u00e9daction\",\"image\":{\"@type\":\"ImageObject\",\"inLanguage\":\"fr-FR\",\"@id\":\"https:\\\/\\\/secure.gravatar.com\\\/avatar\\\/769db425c6f465158149f1ffd6cf61ce7a8a879d11dfbef8288af36dfddd418c?s=96&d=mm&r=g\",\"url\":\"https:\\\/\\\/secure.gravatar.com\\\/avatar\\\/769db425c6f465158149f1ffd6cf61ce7a8a879d11dfbef8288af36dfddd418c?s=96&d=mm&r=g\",\"contentUrl\":\"https:\\\/\\\/secure.gravatar.com\\\/avatar\\\/769db425c6f465158149f1ffd6cf61ce7a8a879d11dfbef8288af36dfddd418c?s=96&d=mm&r=g\",\"caption\":\"La r\u00e9daction\"},\"sameAs\":[\"http:\\\/\\\/www.lkeria.com\\\/\"],\"url\":\"https:\\\/\\\/www.info-algerie.com\\\/actualites\\\/author\\\/chakib32\\\/\"}]}<\/script>\n<!-- \/ Yoast SEO plugin. -->","yoast_head_json":{"title":"Kaouane et l&#039;ambassadeur de Belgique se concertent sur un colloque autour de la R\u00e9volution alg\u00e9rienne - info algerie","robots":{"index":"index","follow":"follow","max-snippet":"max-snippet:-1","max-image-preview":"max-image-preview:large","max-video-preview":"max-video-preview:-1"},"canonical":"https:\/\/www.info-algerie.com\/actualites\/kaouane-et-lambassadeur-de-belgique-se-concertent-sur-un-colloque-autour-de-la-revolution-algerienne\/","og_locale":"fr_FR","og_type":"article","og_title":"Kaouane et l&#039;ambassadeur de Belgique se concertent sur un colloque autour de la R\u00e9volution alg\u00e9rienne - info algerie","og_description":"ALGER- Le ministre de la Communication, Djamel Kaouane et l&rsquo;ambassadeur de Belgique en Alg\u00e9rie, Pierre Gillon \u00ab\u00a0se sont concert\u00e9s lundi \u00e0 Alger, sur la participation du minist\u00e8re de la Communication \u00e0 un colloque sur la contribution de nationaux belges \u00e0 la Guerre de Lib\u00e9ration\u00a0 nationale\u00a0\u00bb, a indiqu\u00e9 un communiqu\u00e9 du minist\u00e8re de la Communication. &#013;","og_url":"https:\/\/www.info-algerie.com\/actualites\/kaouane-et-lambassadeur-de-belgique-se-concertent-sur-un-colloque-autour-de-la-revolution-algerienne\/","og_site_name":"info algerie","article_publisher":"https:\/\/www.facebook.com\/infoalgerieactu","article_published_time":"2017-10-16T17:43:29+00:00","og_image":[{"width":280,"height":229,"url":"https:\/\/www.info-algerie.com\/actualites\/wp-content\/uploads\/2017\/10\/626b8149c6808c5ae3a3bf508fe85e06_S-1.jpg","type":"image\/jpeg"}],"author":"La r\u00e9daction","twitter_misc":{"\u00c9crit par":"La r\u00e9daction","Dur\u00e9e de lecture estim\u00e9e":"1 minute"},"schema":{"@context":"https:\/\/schema.org","@graph":[{"@type":"Article","@id":"https:\/\/www.info-algerie.com\/actualites\/kaouane-et-lambassadeur-de-belgique-se-concertent-sur-un-colloque-autour-de-la-revolution-algerienne\/#article","isPartOf":{"@id":"https:\/\/www.info-algerie.com\/actualites\/kaouane-et-lambassadeur-de-belgique-se-concertent-sur-un-colloque-autour-de-la-revolution-algerienne\/"},"author":{"name":"La r\u00e9daction","@id":"https:\/\/www.info-algerie.com\/actualites\/#\/schema\/person\/847aaec44920825b843a08f30ec6aa1e"},"headline":"Kaouane et l&#039;ambassadeur de Belgique se concertent sur un colloque autour de la R\u00e9volution alg\u00e9rienne","datePublished":"2017-10-16T17:43:29+00:00","mainEntityOfPage":{"@id":"https:\/\/www.info-algerie.com\/actualites\/kaouane-et-lambassadeur-de-belgique-se-concertent-sur-un-colloque-autour-de-la-revolution-algerienne\/"},"wordCount":315,"commentCount":0,"publisher":{"@id":"https:\/\/www.info-algerie.com\/actualites\/#organization"},"image":{"@id":"https:\/\/www.info-algerie.com\/actualites\/kaouane-et-lambassadeur-de-belgique-se-concertent-sur-un-colloque-autour-de-la-revolution-algerienne\/#primaryimage"},"thumbnailUrl":"https:\/\/www.info-algerie.com\/actualites\/wp-content\/uploads\/2017\/10\/626b8149c6808c5ae3a3bf508fe85e06_S-1.jpg","keywords":["ONU"],"articleSection":["infos"],"inLanguage":"fr-FR","potentialAction":[{"@type":"CommentAction","name":"Comment","target":["https:\/\/www.info-algerie.com\/actualites\/kaouane-et-lambassadeur-de-belgique-se-concertent-sur-un-colloque-autour-de-la-revolution-algerienne\/#respond"]}]},{"@type":"WebPage","@id":"https:\/\/www.info-algerie.com\/actualites\/kaouane-et-lambassadeur-de-belgique-se-concertent-sur-un-colloque-autour-de-la-revolution-algerienne\/","url":"https:\/\/www.info-algerie.com\/actualites\/kaouane-et-lambassadeur-de-belgique-se-concertent-sur-un-colloque-autour-de-la-revolution-algerienne\/","name":"Kaouane et l&#039;ambassadeur de Belgique se concertent sur un colloque autour de la R\u00e9volution alg\u00e9rienne - info algerie","isPartOf":{"@id":"https:\/\/www.info-algerie.com\/actualites\/#website"},"primaryImageOfPage":{"@id":"https:\/\/www.info-algerie.com\/actualites\/kaouane-et-lambassadeur-de-belgique-se-concertent-sur-un-colloque-autour-de-la-revolution-algerienne\/#primaryimage"},"image":{"@id":"https:\/\/www.info-algerie.com\/actualites\/kaouane-et-lambassadeur-de-belgique-se-concertent-sur-un-colloque-autour-de-la-revolution-algerienne\/#primaryimage"},"thumbnailUrl":"https:\/\/www.info-algerie.com\/actualites\/wp-content\/uploads\/2017\/10\/626b8149c6808c5ae3a3bf508fe85e06_S-1.jpg","datePublished":"2017-10-16T17:43:29+00:00","breadcrumb":{"@id":"https:\/\/www.info-algerie.com\/actualites\/kaouane-et-lambassadeur-de-belgique-se-concertent-sur-un-colloque-autour-de-la-revolution-algerienne\/#breadcrumb"},"inLanguage":"fr-FR","potentialAction":[{"@type":"ReadAction","target":["https:\/\/www.info-algerie.com\/actualites\/kaouane-et-lambassadeur-de-belgique-se-concertent-sur-un-colloque-autour-de-la-revolution-algerienne\/"]}]},{"@type":"ImageObject","inLanguage":"fr-FR","@id":"https:\/\/www.info-algerie.com\/actualites\/kaouane-et-lambassadeur-de-belgique-se-concertent-sur-un-colloque-autour-de-la-revolution-algerienne\/#primaryimage","url":"https:\/\/www.info-algerie.com\/actualites\/wp-content\/uploads\/2017\/10\/626b8149c6808c5ae3a3bf508fe85e06_S-1.jpg","contentUrl":"https:\/\/www.info-algerie.com\/actualites\/wp-content\/uploads\/2017\/10\/626b8149c6808c5ae3a3bf508fe85e06_S-1.jpg","width":280,"height":229},{"@type":"BreadcrumbList","@id":"https:\/\/www.info-algerie.com\/actualites\/kaouane-et-lambassadeur-de-belgique-se-concertent-sur-un-colloque-autour-de-la-revolution-algerienne\/#breadcrumb","itemListElement":[{"@type":"ListItem","position":1,"name":"Accueil","item":"https:\/\/www.info-algerie.com\/actualites\/"},{"@type":"ListItem","position":2,"name":"Kaouane et l&#039;ambassadeur de Belgique se concertent sur un colloque autour de la R\u00e9volution alg\u00e9rienne"}]},{"@type":"WebSite","@id":"https:\/\/www.info-algerie.com\/actualites\/#website","url":"https:\/\/www.info-algerie.com\/actualites\/","name":"info algerie","description":"Toutes les actualit\u00e9s","publisher":{"@id":"https:\/\/www.info-algerie.com\/actualites\/#organization"},"potentialAction":[{"@type":"SearchAction","target":{"@type":"EntryPoint","urlTemplate":"https:\/\/www.info-algerie.com\/actualites\/?s={search_term_string}"},"query-input":{"@type":"PropertyValueSpecification","valueRequired":true,"valueName":"search_term_string"}}],"inLanguage":"fr-FR"},{"@type":"Organization","@id":"https:\/\/www.info-algerie.com\/actualites\/#organization","name":"info algerie","url":"https:\/\/www.info-algerie.com\/actualites\/","logo":{"@type":"ImageObject","inLanguage":"fr-FR","@id":"https:\/\/www.info-algerie.com\/actualites\/#\/schema\/logo\/image\/","url":"https:\/\/www.info-algerie.com\/actualites\/wp-content\/uploads\/2022\/07\/logo-ia-120.png","contentUrl":"https:\/\/www.info-algerie.com\/actualites\/wp-content\/uploads\/2022\/07\/logo-ia-120.png","width":120,"height":43,"caption":"info algerie"},"image":{"@id":"https:\/\/www.info-algerie.com\/actualites\/#\/schema\/logo\/image\/"},"sameAs":["https:\/\/www.facebook.com\/infoalgerieactu","https:\/\/x.com\/infoalgerie1"]},{"@type":"Person","@id":"https:\/\/www.info-algerie.com\/actualites\/#\/schema\/person\/847aaec44920825b843a08f30ec6aa1e","name":"La r\u00e9daction","image":{"@type":"ImageObject","inLanguage":"fr-FR","@id":"https:\/\/secure.gravatar.com\/avatar\/769db425c6f465158149f1ffd6cf61ce7a8a879d11dfbef8288af36dfddd418c?s=96&d=mm&r=g","url":"https:\/\/secure.gravatar.com\/avatar\/769db425c6f465158149f1ffd6cf61ce7a8a879d11dfbef8288af36dfddd418c?s=96&d=mm&r=g","contentUrl":"https:\/\/secure.gravatar.com\/avatar\/769db425c6f465158149f1ffd6cf61ce7a8a879d11dfbef8288af36dfddd418c?s=96&d=mm&r=g","caption":"La r\u00e9daction"},"sameAs":["http:\/\/www.lkeria.com\/"],"url":"https:\/\/www.info-algerie.com\/actualites\/author\/chakib32\/"}]}},"_links":{"self":[{"href":"https:\/\/www.info-algerie.com\/actualites\/wp-json\/wp\/v2\/posts\/16956","targetHints":{"allow":["GET"]}}],"collection":[{"href":"https:\/\/www.info-algerie.com\/actualites\/wp-json\/wp\/v2\/posts"}],"about":[{"href":"https:\/\/www.info-algerie.com\/actualites\/wp-json\/wp\/v2\/types\/post"}],"author":[{"embeddable":true,"href":"https:\/\/www.info-algerie.com\/actualites\/wp-json\/wp\/v2\/users\/6"}],"replies":[{"embeddable":true,"href":"https:\/\/www.info-algerie.com\/actualites\/wp-json\/wp\/v2\/comments?post=16956"}],"version-history":[{"count":0,"href":"https:\/\/www.info-algerie.com\/actualites\/wp-json\/wp\/v2\/posts\/16956\/revisions"}],"wp:featuredmedia":[{"embeddable":true,"href":"https:\/\/www.info-algerie.com\/actualites\/wp-json\/wp\/v2\/media\/16957"}],"wp:attachment":[{"href":"https:\/\/www.info-algerie.com\/actualites\/wp-json\/wp\/v2\/media?parent=16956"}],"wp:term":[{"taxonomy":"category","embeddable":true,"href":"https:\/\/www.info-algerie.com\/actualites\/wp-json\/wp\/v2\/categories?post=16956"},{"taxonomy":"post_tag","embeddable":true,"href":"https:\/\/www.info-algerie.com\/actualites\/wp-json\/wp\/v2\/tags?post=16956"}],"curies":[{"name":"wp","href":"https:\/\/api.w.org\/{rel}","templated":true}]}}