{"id":16965,"date":"2017-10-16T19:50:52","date_gmt":"2017-10-16T18:50:52","guid":{"rendered":"http:\/\/www.info-algerie.com\/actualites\/le-fln-participe-aux-elections-locales-dans-toutes-les-apc-et-apw\/"},"modified":"2017-10-16T19:50:52","modified_gmt":"2017-10-16T18:50:52","slug":"le-fln-participe-aux-elections-locales-dans-toutes-les-apc-et-apw","status":"publish","type":"post","link":"https:\/\/www.info-algerie.com\/actualites\/le-fln-participe-aux-elections-locales-dans-toutes-les-apc-et-apw\/","title":{"rendered":"Le FLN participe aux \u00e9lections locales dans toutes les APC et APW\u00a0"},"content":{"rendered":"<div class=\"K2FeedImage\"><img decoding=\"async\" src=\"https:\/\/www.info-algerie.com\/actualites\/wp-content\/uploads\/2017\/10\/7f51c81b7d0efbb797540fbd7d99ddfc_S.jpg\" alt=\"Le FLN participe aux &#xE9;lections locales dans toutes les APC et APW&#xA0;\" \/><\/div>\n<div class=\"K2FeedIntroText\">\n<p class=\"MsoNoSpacing\">(PHOTO) ALGER, 16 oct 2017 (APS) &#8211; Le Secr\u00e9taire g\u00e9n\u00e9ral du parti du Front de Lib\u00e9ration Nationale (FLN), Djamel Ould Abb\u00e8s, a annonc\u00e9 lundi \u00e0 Alger, la participation de sa formation politique aux \u00e9lections locales du <a href=\"http:\/\/www.aps.dz\/algerie\/62098-elections-apc-apw-le-president-bouteflika-convoque-le-corps-electoral-pour-le-23-novembre-2017\"><strong>23 novembre<\/strong> <\/a>dans l&rsquo;ensemble des Assembl\u00e9es populaires de wilaya (48 APW) et\u00a0 Assembl\u00e9es populaires communales (1541 APC) du pays.<\/p>\n<p>&#013;\n<\/p><\/div>\n<div class=\"K2FeedFullText\">&#013;<\/p>\n<blockquote><p>&#013;<\/p>\n<p class=\"MsoNoSpacing\"><em><strong>\u00ab\u00a0Le FLN participera aux prochaines \u00e9lections locales, \u00e0 travers tout le territoire national, soit 48 APW et 1541 APC, ce qui t\u00e9moigne de la force et de l&rsquo;ancrage populaire du Parti\u00a0\u00bb, a affirm\u00e9 M. Ould Abb\u00e8s qui pr\u00e9sidait une r\u00e9union regroupant les t\u00eates de listes au niveau de la wilaya d&rsquo;Alger.<\/strong><\/em><\/p>\n<p>&#013;\n<\/p><\/blockquote>\n<p>&#013;<\/p>\n<p class=\"MsoNoSpacing\">Il a ajout\u00e9 que la participation du FLN au niveau des APC \u00e9tait en hausse (+5 listes) par rapport \u00e0 2012.<\/p>\n<p>&#013;<\/p>\n<p>Lors d&rsquo;une conf\u00e9rence de presse en marge de la r\u00e9union, M. Ould Abb\u00e8s a annonc\u00e9 que la Commission nationale des candidatures \u00ab\u00a0a re\u00e7u 55.000 dossiers de candidature dont 33.295 retenus pour les APC et 4.419 pour les APW\u00a0\u00bb, soulignant que 65% des candidats du parti \u00e9taient des universitaires, 25% de niveau moyen et 10% de niveau primaire. Les jeunes (25-45 ans) repr\u00e9sentent 75% des candidats, contre 5 % pour les plus de 65 ans.<\/p>\n<p>&#013;<\/p>\n<blockquote><p>&#013;<\/p>\n<p class=\"MsoNoSpacing\"><em><strong>\u00ab\u00a0118 membres du Comit\u00e9 central du parti se sont port\u00e9s candidats, dont 40 femmes\u00a0\u00bb, a-t-il ajout\u00e9, soulignant que sa formation \u00ab\u00a0a respect\u00e9 le quota l\u00e9gal consacr\u00e9 \u00e0 la femme, d\u00e9pass\u00e9 dans certaines wilayas\u00a0\u00bb. Parmi les candidats, il a cit\u00e9 \u00e9galement \u00ab\u00a041 secr\u00e9taires de mouhafada et 10 pr\u00e9sidents d&rsquo;APC\u00a0\u00bb.<\/strong><\/em><\/p>\n<p>&#013;\n<\/p><\/blockquote>\n<p>&#013;<\/p>\n<p class=\"MsoNoSpacing\">La commission des recours au niveau du parti \u00ab\u00a0a re\u00e7u des milliers de recours et proc\u00e9d\u00e9 au traitement de ceux jug\u00e9s recevables\u00a0\u00bb, a affirm\u00e9 M. Ould Abb\u00e8s qui a d\u00e9menti \u00ab\u00a0avoir subi une quelconque pression\u00a0\u00bb au sujet de l&rsquo;\u00e9laboration des listes.<\/p>\n<p>&#013;<\/p>\n<p class=\"MsoNoSpacing\">Il a \u00e9galement d\u00e9menti \u00ab\u00a0le recours \u00e0 l&rsquo;argent pour se porter candidat\u00a0\u00bb sur les listes du parti, citant comme exemple l&rsquo;exclusion de 2 candidats ayant recouru \u00e0 ce moyen. \u00ab\u00a0Les cadres charg\u00e9s de l&rsquo;examen des dossiers de candidatures n&rsquo;ont pas le droit de se pr\u00e9senter \u00e0 ces \u00e9lections\u00a0\u00bb, a-t-il pr\u00e9cis\u00e9.<\/p>\n<p>&#013;<\/p>\n<p class=\"MsoNoSpacing\">R\u00e9pondant \u00e0 une question sur \u00ab\u00a0la v\u00e9racit\u00e9 des informations circulant au sujet de certaines listes d\u00e9pos\u00e9es par son parti apr\u00e8s expiration des d\u00e9lais fix\u00e9s par la loi\u00a0\u00bb M. Ould Abb\u00e9s a affirm\u00e9 qu&rsquo;il s&rsquo;agissait d&rsquo;informations erron\u00e9es , ajoutant que le \u00a0\u00bb FLN est soucieuse d&rsquo;appliquer la Loi\u00a0\u00bb.<\/p>\n<p>&#013;<\/p>\n<blockquote><p>&#013;<\/p>\n<p class=\"MsoNoSpacing\"><em><strong>S&rsquo;agissant de la position de son parti quant \u00e0 la campagne \u00e9lectorale du RND qui sera men\u00e9e par son Secr\u00e9taire g\u00e9n\u00e9ral, Ahmed Ouyahia, M. Ould Abb\u00e8s a r\u00e9v\u00e9l\u00e9 que \u00ab\u00a0le point commun entre le FLN et le RND est le programme du pr\u00e9sident de la R\u00e9publique\u00a0\u00bb pr\u00e9cisant que \u00ab\u00a0son parti est avec tous ceux qui soutiennent le Pr\u00e9sident de la R\u00e9publique\u00a0\u00bb.<\/strong><\/em><\/p>\n<p>&#013;\n<\/p><\/blockquote>\n<p>&#013;<\/p>\n<p>M. Ould Abb\u00e8s, a indiqu\u00e9, par ailleurs, que son \u00ab\u00a0parti accueillera favorablement les adh\u00e9rents d&rsquo;autres formations politiques pour peu qu&rsquo;ils pr\u00e9sentent leurs d\u00e9missions de leurs partis et rejoignent le FLN en tant que militants\u00a0\u00bb, affirmant qu'\u00a0\u00bbune r\u00e9union du Comit\u00e9 central sera tenue apr\u00e8s les \u00e9lections locales en vue de se concentrer sur les \u00e9ch\u00e9ances\u00a0\u00bb.<\/p>\n<p>&#013;<\/p>\n<p>A rappeler que les candidats du FLN ont exprim\u00e9, \u00e0 travers une motion lue lors de cette r\u00e9union, leur \u00ab\u00a0soutien ind\u00e9fectible au programme du Pr\u00e9sident de la R\u00e9publique, Abdelaziz Bouteflika ainsi que leur appui au secr\u00e9taire g\u00e9n\u00e9ral du parti\u00a0\u00bb.<\/p>\n<\/div>\n<p>&#013;<br \/>\nSource: <a href=\"http:\/\/www.aps.dz\/algerie\/64058-le-fln-participe-aux-elections-locales-dans-toutes-les-apc-et-apw\" target=\"_blank\">Le FLN participe aux \u00e9lections locales dans toutes les APC et APW\u00a0<\/a><\/p>\n<!--CusAds0-->\n<div style=\"font-size: 0px; height: 0px; line-height: 0px; margin: 0; padding: 0; clear: both;\"><\/div>","protected":false},"excerpt":{"rendered":"<p>(PHOTO) ALGER, 16 oct 2017 (APS) &#8211; Le Secr\u00e9taire g\u00e9n\u00e9ral du parti du Front de Lib\u00e9ration Nationale (FLN), Djamel Ould Abb\u00e8s, a annonc\u00e9 lundi \u00e0 Alger, la participation de sa formation politique aux \u00e9lections locales du 23 novembre dans l&rsquo;ensemble des Assembl\u00e9es populaires de wilaya (48 APW) et\u00a0 Assembl\u00e9es populaires communales (1541 APC) du pays.<\/p>\n","protected":false},"author":6,"featured_media":16966,"comment_status":"open","ping_status":"open","sticky":false,"template":"","format":"standard","meta":{"footnotes":""},"categories":[22],"tags":[93],"class_list":["post-16965","post","type-post","status-publish","format-standard","has-post-thumbnail","hentry","category-infos","tag-onu"],"yoast_head":"<!-- This site is optimized with the Yoast SEO plugin v27.5 - https:\/\/yoast.com\/product\/yoast-seo-wordpress\/ -->\n<title>Le FLN participe aux \u00e9lections locales dans toutes les APC et APW\u00a0 - info algerie<\/title>\n<meta name=\"robots\" content=\"index, follow, max-snippet:-1, max-image-preview:large, max-video-preview:-1\" \/>\n<link rel=\"canonical\" href=\"https:\/\/www.info-algerie.com\/actualites\/le-fln-participe-aux-elections-locales-dans-toutes-les-apc-et-apw\/\" \/>\n<meta property=\"og:locale\" content=\"fr_FR\" \/>\n<meta property=\"og:type\" content=\"article\" \/>\n<meta property=\"og:title\" content=\"Le FLN participe aux \u00e9lections locales dans toutes les APC et APW\u00a0 - info algerie\" \/>\n<meta property=\"og:description\" content=\"(PHOTO) ALGER, 16 oct 2017 (APS) &#8211; Le Secr\u00e9taire g\u00e9n\u00e9ral du parti du Front de Lib\u00e9ration Nationale (FLN), Djamel Ould Abb\u00e8s, a annonc\u00e9 lundi \u00e0 Alger, la participation de sa formation politique aux \u00e9lections locales du 23 novembre dans l&rsquo;ensemble des Assembl\u00e9es populaires de wilaya (48 APW) et\u00a0 Assembl\u00e9es populaires communales (1541 APC) du pays.\" \/>\n<meta property=\"og:url\" content=\"https:\/\/www.info-algerie.com\/actualites\/le-fln-participe-aux-elections-locales-dans-toutes-les-apc-et-apw\/\" \/>\n<meta property=\"og:site_name\" content=\"info algerie\" \/>\n<meta property=\"article:publisher\" content=\"https:\/\/www.facebook.com\/infoalgerieactu\" \/>\n<meta property=\"article:published_time\" content=\"2017-10-16T18:50:52+00:00\" \/>\n<meta property=\"og:image\" content=\"https:\/\/www.info-algerie.com\/actualites\/wp-content\/uploads\/2017\/10\/7f51c81b7d0efbb797540fbd7d99ddfc_S-1.jpg\" \/>\n\t<meta property=\"og:image:width\" content=\"280\" \/>\n\t<meta property=\"og:image:height\" content=\"186\" \/>\n\t<meta property=\"og:image:type\" content=\"image\/jpeg\" \/>\n<meta name=\"author\" content=\"La r\u00e9daction\" \/>\n<meta name=\"twitter:label1\" content=\"\u00c9crit par\" \/>\n\t<meta name=\"twitter:data1\" content=\"La r\u00e9daction\" \/>\n\t<meta name=\"twitter:label2\" content=\"Dur\u00e9e de lecture estim\u00e9e\" \/>\n\t<meta name=\"twitter:data2\" content=\"3 minutes\" \/>\n<script type=\"application\/ld+json\" class=\"yoast-schema-graph\">{\"@context\":\"https:\\\/\\\/schema.org\",\"@graph\":[{\"@type\":\"Article\",\"@id\":\"https:\\\/\\\/www.info-algerie.com\\\/actualites\\\/le-fln-participe-aux-elections-locales-dans-toutes-les-apc-et-apw\\\/#article\",\"isPartOf\":{\"@id\":\"https:\\\/\\\/www.info-algerie.com\\\/actualites\\\/le-fln-participe-aux-elections-locales-dans-toutes-les-apc-et-apw\\\/\"},\"author\":{\"name\":\"La r\u00e9daction\",\"@id\":\"https:\\\/\\\/www.info-algerie.com\\\/actualites\\\/#\\\/schema\\\/person\\\/847aaec44920825b843a08f30ec6aa1e\"},\"headline\":\"Le FLN participe aux \u00e9lections locales dans toutes les APC et APW\u00a0\",\"datePublished\":\"2017-10-16T18:50:52+00:00\",\"mainEntityOfPage\":{\"@id\":\"https:\\\/\\\/www.info-algerie.com\\\/actualites\\\/le-fln-participe-aux-elections-locales-dans-toutes-les-apc-et-apw\\\/\"},\"wordCount\":614,\"commentCount\":0,\"publisher\":{\"@id\":\"https:\\\/\\\/www.info-algerie.com\\\/actualites\\\/#organization\"},\"image\":{\"@id\":\"https:\\\/\\\/www.info-algerie.com\\\/actualites\\\/le-fln-participe-aux-elections-locales-dans-toutes-les-apc-et-apw\\\/#primaryimage\"},\"thumbnailUrl\":\"https:\\\/\\\/www.info-algerie.com\\\/actualites\\\/wp-content\\\/uploads\\\/2017\\\/10\\\/7f51c81b7d0efbb797540fbd7d99ddfc_S-1.jpg\",\"keywords\":[\"ONU\"],\"articleSection\":[\"infos\"],\"inLanguage\":\"fr-FR\",\"potentialAction\":[{\"@type\":\"CommentAction\",\"name\":\"Comment\",\"target\":[\"https:\\\/\\\/www.info-algerie.com\\\/actualites\\\/le-fln-participe-aux-elections-locales-dans-toutes-les-apc-et-apw\\\/#respond\"]}]},{\"@type\":\"WebPage\",\"@id\":\"https:\\\/\\\/www.info-algerie.com\\\/actualites\\\/le-fln-participe-aux-elections-locales-dans-toutes-les-apc-et-apw\\\/\",\"url\":\"https:\\\/\\\/www.info-algerie.com\\\/actualites\\\/le-fln-participe-aux-elections-locales-dans-toutes-les-apc-et-apw\\\/\",\"name\":\"Le FLN participe aux \u00e9lections locales dans toutes les APC et APW\u00a0 - info algerie\",\"isPartOf\":{\"@id\":\"https:\\\/\\\/www.info-algerie.com\\\/actualites\\\/#website\"},\"primaryImageOfPage\":{\"@id\":\"https:\\\/\\\/www.info-algerie.com\\\/actualites\\\/le-fln-participe-aux-elections-locales-dans-toutes-les-apc-et-apw\\\/#primaryimage\"},\"image\":{\"@id\":\"https:\\\/\\\/www.info-algerie.com\\\/actualites\\\/le-fln-participe-aux-elections-locales-dans-toutes-les-apc-et-apw\\\/#primaryimage\"},\"thumbnailUrl\":\"https:\\\/\\\/www.info-algerie.com\\\/actualites\\\/wp-content\\\/uploads\\\/2017\\\/10\\\/7f51c81b7d0efbb797540fbd7d99ddfc_S-1.jpg\",\"datePublished\":\"2017-10-16T18:50:52+00:00\",\"breadcrumb\":{\"@id\":\"https:\\\/\\\/www.info-algerie.com\\\/actualites\\\/le-fln-participe-aux-elections-locales-dans-toutes-les-apc-et-apw\\\/#breadcrumb\"},\"inLanguage\":\"fr-FR\",\"potentialAction\":[{\"@type\":\"ReadAction\",\"target\":[\"https:\\\/\\\/www.info-algerie.com\\\/actualites\\\/le-fln-participe-aux-elections-locales-dans-toutes-les-apc-et-apw\\\/\"]}]},{\"@type\":\"ImageObject\",\"inLanguage\":\"fr-FR\",\"@id\":\"https:\\\/\\\/www.info-algerie.com\\\/actualites\\\/le-fln-participe-aux-elections-locales-dans-toutes-les-apc-et-apw\\\/#primaryimage\",\"url\":\"https:\\\/\\\/www.info-algerie.com\\\/actualites\\\/wp-content\\\/uploads\\\/2017\\\/10\\\/7f51c81b7d0efbb797540fbd7d99ddfc_S-1.jpg\",\"contentUrl\":\"https:\\\/\\\/www.info-algerie.com\\\/actualites\\\/wp-content\\\/uploads\\\/2017\\\/10\\\/7f51c81b7d0efbb797540fbd7d99ddfc_S-1.jpg\",\"width\":280,\"height\":186},{\"@type\":\"BreadcrumbList\",\"@id\":\"https:\\\/\\\/www.info-algerie.com\\\/actualites\\\/le-fln-participe-aux-elections-locales-dans-toutes-les-apc-et-apw\\\/#breadcrumb\",\"itemListElement\":[{\"@type\":\"ListItem\",\"position\":1,\"name\":\"Accueil\",\"item\":\"https:\\\/\\\/www.info-algerie.com\\\/actualites\\\/\"},{\"@type\":\"ListItem\",\"position\":2,\"name\":\"Le FLN participe aux \u00e9lections locales dans toutes les APC et APW\u00a0\"}]},{\"@type\":\"WebSite\",\"@id\":\"https:\\\/\\\/www.info-algerie.com\\\/actualites\\\/#website\",\"url\":\"https:\\\/\\\/www.info-algerie.com\\\/actualites\\\/\",\"name\":\"info algerie\",\"description\":\"Toutes les actualit\u00e9s\",\"publisher\":{\"@id\":\"https:\\\/\\\/www.info-algerie.com\\\/actualites\\\/#organization\"},\"potentialAction\":[{\"@type\":\"SearchAction\",\"target\":{\"@type\":\"EntryPoint\",\"urlTemplate\":\"https:\\\/\\\/www.info-algerie.com\\\/actualites\\\/?s={search_term_string}\"},\"query-input\":{\"@type\":\"PropertyValueSpecification\",\"valueRequired\":true,\"valueName\":\"search_term_string\"}}],\"inLanguage\":\"fr-FR\"},{\"@type\":\"Organization\",\"@id\":\"https:\\\/\\\/www.info-algerie.com\\\/actualites\\\/#organization\",\"name\":\"info algerie\",\"url\":\"https:\\\/\\\/www.info-algerie.com\\\/actualites\\\/\",\"logo\":{\"@type\":\"ImageObject\",\"inLanguage\":\"fr-FR\",\"@id\":\"https:\\\/\\\/www.info-algerie.com\\\/actualites\\\/#\\\/schema\\\/logo\\\/image\\\/\",\"url\":\"https:\\\/\\\/www.info-algerie.com\\\/actualites\\\/wp-content\\\/uploads\\\/2022\\\/07\\\/logo-ia-120.png\",\"contentUrl\":\"https:\\\/\\\/www.info-algerie.com\\\/actualites\\\/wp-content\\\/uploads\\\/2022\\\/07\\\/logo-ia-120.png\",\"width\":120,\"height\":43,\"caption\":\"info algerie\"},\"image\":{\"@id\":\"https:\\\/\\\/www.info-algerie.com\\\/actualites\\\/#\\\/schema\\\/logo\\\/image\\\/\"},\"sameAs\":[\"https:\\\/\\\/www.facebook.com\\\/infoalgerieactu\",\"https:\\\/\\\/x.com\\\/infoalgerie1\"]},{\"@type\":\"Person\",\"@id\":\"https:\\\/\\\/www.info-algerie.com\\\/actualites\\\/#\\\/schema\\\/person\\\/847aaec44920825b843a08f30ec6aa1e\",\"name\":\"La r\u00e9daction\",\"image\":{\"@type\":\"ImageObject\",\"inLanguage\":\"fr-FR\",\"@id\":\"https:\\\/\\\/secure.gravatar.com\\\/avatar\\\/769db425c6f465158149f1ffd6cf61ce7a8a879d11dfbef8288af36dfddd418c?s=96&d=mm&r=g\",\"url\":\"https:\\\/\\\/secure.gravatar.com\\\/avatar\\\/769db425c6f465158149f1ffd6cf61ce7a8a879d11dfbef8288af36dfddd418c?s=96&d=mm&r=g\",\"contentUrl\":\"https:\\\/\\\/secure.gravatar.com\\\/avatar\\\/769db425c6f465158149f1ffd6cf61ce7a8a879d11dfbef8288af36dfddd418c?s=96&d=mm&r=g\",\"caption\":\"La r\u00e9daction\"},\"sameAs\":[\"http:\\\/\\\/www.lkeria.com\\\/\"],\"url\":\"https:\\\/\\\/www.info-algerie.com\\\/actualites\\\/author\\\/chakib32\\\/\"}]}<\/script>\n<!-- \/ Yoast SEO plugin. -->","yoast_head_json":{"title":"Le FLN participe aux \u00e9lections locales dans toutes les APC et APW\u00a0 - info algerie","robots":{"index":"index","follow":"follow","max-snippet":"max-snippet:-1","max-image-preview":"max-image-preview:large","max-video-preview":"max-video-preview:-1"},"canonical":"https:\/\/www.info-algerie.com\/actualites\/le-fln-participe-aux-elections-locales-dans-toutes-les-apc-et-apw\/","og_locale":"fr_FR","og_type":"article","og_title":"Le FLN participe aux \u00e9lections locales dans toutes les APC et APW\u00a0 - info algerie","og_description":"(PHOTO) ALGER, 16 oct 2017 (APS) &#8211; Le Secr\u00e9taire g\u00e9n\u00e9ral du parti du Front de Lib\u00e9ration Nationale (FLN), Djamel Ould Abb\u00e8s, a annonc\u00e9 lundi \u00e0 Alger, la participation de sa formation politique aux \u00e9lections locales du 23 novembre dans l&rsquo;ensemble des Assembl\u00e9es populaires de wilaya (48 APW) et\u00a0 Assembl\u00e9es populaires communales (1541 APC) du pays.","og_url":"https:\/\/www.info-algerie.com\/actualites\/le-fln-participe-aux-elections-locales-dans-toutes-les-apc-et-apw\/","og_site_name":"info algerie","article_publisher":"https:\/\/www.facebook.com\/infoalgerieactu","article_published_time":"2017-10-16T18:50:52+00:00","og_image":[{"width":280,"height":186,"url":"https:\/\/www.info-algerie.com\/actualites\/wp-content\/uploads\/2017\/10\/7f51c81b7d0efbb797540fbd7d99ddfc_S-1.jpg","type":"image\/jpeg"}],"author":"La r\u00e9daction","twitter_misc":{"\u00c9crit par":"La r\u00e9daction","Dur\u00e9e de lecture estim\u00e9e":"3 minutes"},"schema":{"@context":"https:\/\/schema.org","@graph":[{"@type":"Article","@id":"https:\/\/www.info-algerie.com\/actualites\/le-fln-participe-aux-elections-locales-dans-toutes-les-apc-et-apw\/#article","isPartOf":{"@id":"https:\/\/www.info-algerie.com\/actualites\/le-fln-participe-aux-elections-locales-dans-toutes-les-apc-et-apw\/"},"author":{"name":"La r\u00e9daction","@id":"https:\/\/www.info-algerie.com\/actualites\/#\/schema\/person\/847aaec44920825b843a08f30ec6aa1e"},"headline":"Le FLN participe aux \u00e9lections locales dans toutes les APC et APW\u00a0","datePublished":"2017-10-16T18:50:52+00:00","mainEntityOfPage":{"@id":"https:\/\/www.info-algerie.com\/actualites\/le-fln-participe-aux-elections-locales-dans-toutes-les-apc-et-apw\/"},"wordCount":614,"commentCount":0,"publisher":{"@id":"https:\/\/www.info-algerie.com\/actualites\/#organization"},"image":{"@id":"https:\/\/www.info-algerie.com\/actualites\/le-fln-participe-aux-elections-locales-dans-toutes-les-apc-et-apw\/#primaryimage"},"thumbnailUrl":"https:\/\/www.info-algerie.com\/actualites\/wp-content\/uploads\/2017\/10\/7f51c81b7d0efbb797540fbd7d99ddfc_S-1.jpg","keywords":["ONU"],"articleSection":["infos"],"inLanguage":"fr-FR","potentialAction":[{"@type":"CommentAction","name":"Comment","target":["https:\/\/www.info-algerie.com\/actualites\/le-fln-participe-aux-elections-locales-dans-toutes-les-apc-et-apw\/#respond"]}]},{"@type":"WebPage","@id":"https:\/\/www.info-algerie.com\/actualites\/le-fln-participe-aux-elections-locales-dans-toutes-les-apc-et-apw\/","url":"https:\/\/www.info-algerie.com\/actualites\/le-fln-participe-aux-elections-locales-dans-toutes-les-apc-et-apw\/","name":"Le FLN participe aux \u00e9lections locales dans toutes les APC et APW\u00a0 - info algerie","isPartOf":{"@id":"https:\/\/www.info-algerie.com\/actualites\/#website"},"primaryImageOfPage":{"@id":"https:\/\/www.info-algerie.com\/actualites\/le-fln-participe-aux-elections-locales-dans-toutes-les-apc-et-apw\/#primaryimage"},"image":{"@id":"https:\/\/www.info-algerie.com\/actualites\/le-fln-participe-aux-elections-locales-dans-toutes-les-apc-et-apw\/#primaryimage"},"thumbnailUrl":"https:\/\/www.info-algerie.com\/actualites\/wp-content\/uploads\/2017\/10\/7f51c81b7d0efbb797540fbd7d99ddfc_S-1.jpg","datePublished":"2017-10-16T18:50:52+00:00","breadcrumb":{"@id":"https:\/\/www.info-algerie.com\/actualites\/le-fln-participe-aux-elections-locales-dans-toutes-les-apc-et-apw\/#breadcrumb"},"inLanguage":"fr-FR","potentialAction":[{"@type":"ReadAction","target":["https:\/\/www.info-algerie.com\/actualites\/le-fln-participe-aux-elections-locales-dans-toutes-les-apc-et-apw\/"]}]},{"@type":"ImageObject","inLanguage":"fr-FR","@id":"https:\/\/www.info-algerie.com\/actualites\/le-fln-participe-aux-elections-locales-dans-toutes-les-apc-et-apw\/#primaryimage","url":"https:\/\/www.info-algerie.com\/actualites\/wp-content\/uploads\/2017\/10\/7f51c81b7d0efbb797540fbd7d99ddfc_S-1.jpg","contentUrl":"https:\/\/www.info-algerie.com\/actualites\/wp-content\/uploads\/2017\/10\/7f51c81b7d0efbb797540fbd7d99ddfc_S-1.jpg","width":280,"height":186},{"@type":"BreadcrumbList","@id":"https:\/\/www.info-algerie.com\/actualites\/le-fln-participe-aux-elections-locales-dans-toutes-les-apc-et-apw\/#breadcrumb","itemListElement":[{"@type":"ListItem","position":1,"name":"Accueil","item":"https:\/\/www.info-algerie.com\/actualites\/"},{"@type":"ListItem","position":2,"name":"Le FLN participe aux \u00e9lections locales dans toutes les APC et APW\u00a0"}]},{"@type":"WebSite","@id":"https:\/\/www.info-algerie.com\/actualites\/#website","url":"https:\/\/www.info-algerie.com\/actualites\/","name":"info algerie","description":"Toutes les actualit\u00e9s","publisher":{"@id":"https:\/\/www.info-algerie.com\/actualites\/#organization"},"potentialAction":[{"@type":"SearchAction","target":{"@type":"EntryPoint","urlTemplate":"https:\/\/www.info-algerie.com\/actualites\/?s={search_term_string}"},"query-input":{"@type":"PropertyValueSpecification","valueRequired":true,"valueName":"search_term_string"}}],"inLanguage":"fr-FR"},{"@type":"Organization","@id":"https:\/\/www.info-algerie.com\/actualites\/#organization","name":"info algerie","url":"https:\/\/www.info-algerie.com\/actualites\/","logo":{"@type":"ImageObject","inLanguage":"fr-FR","@id":"https:\/\/www.info-algerie.com\/actualites\/#\/schema\/logo\/image\/","url":"https:\/\/www.info-algerie.com\/actualites\/wp-content\/uploads\/2022\/07\/logo-ia-120.png","contentUrl":"https:\/\/www.info-algerie.com\/actualites\/wp-content\/uploads\/2022\/07\/logo-ia-120.png","width":120,"height":43,"caption":"info algerie"},"image":{"@id":"https:\/\/www.info-algerie.com\/actualites\/#\/schema\/logo\/image\/"},"sameAs":["https:\/\/www.facebook.com\/infoalgerieactu","https:\/\/x.com\/infoalgerie1"]},{"@type":"Person","@id":"https:\/\/www.info-algerie.com\/actualites\/#\/schema\/person\/847aaec44920825b843a08f30ec6aa1e","name":"La r\u00e9daction","image":{"@type":"ImageObject","inLanguage":"fr-FR","@id":"https:\/\/secure.gravatar.com\/avatar\/769db425c6f465158149f1ffd6cf61ce7a8a879d11dfbef8288af36dfddd418c?s=96&d=mm&r=g","url":"https:\/\/secure.gravatar.com\/avatar\/769db425c6f465158149f1ffd6cf61ce7a8a879d11dfbef8288af36dfddd418c?s=96&d=mm&r=g","contentUrl":"https:\/\/secure.gravatar.com\/avatar\/769db425c6f465158149f1ffd6cf61ce7a8a879d11dfbef8288af36dfddd418c?s=96&d=mm&r=g","caption":"La r\u00e9daction"},"sameAs":["http:\/\/www.lkeria.com\/"],"url":"https:\/\/www.info-algerie.com\/actualites\/author\/chakib32\/"}]}},"_links":{"self":[{"href":"https:\/\/www.info-algerie.com\/actualites\/wp-json\/wp\/v2\/posts\/16965","targetHints":{"allow":["GET"]}}],"collection":[{"href":"https:\/\/www.info-algerie.com\/actualites\/wp-json\/wp\/v2\/posts"}],"about":[{"href":"https:\/\/www.info-algerie.com\/actualites\/wp-json\/wp\/v2\/types\/post"}],"author":[{"embeddable":true,"href":"https:\/\/www.info-algerie.com\/actualites\/wp-json\/wp\/v2\/users\/6"}],"replies":[{"embeddable":true,"href":"https:\/\/www.info-algerie.com\/actualites\/wp-json\/wp\/v2\/comments?post=16965"}],"version-history":[{"count":0,"href":"https:\/\/www.info-algerie.com\/actualites\/wp-json\/wp\/v2\/posts\/16965\/revisions"}],"wp:featuredmedia":[{"embeddable":true,"href":"https:\/\/www.info-algerie.com\/actualites\/wp-json\/wp\/v2\/media\/16966"}],"wp:attachment":[{"href":"https:\/\/www.info-algerie.com\/actualites\/wp-json\/wp\/v2\/media?parent=16965"}],"wp:term":[{"taxonomy":"category","embeddable":true,"href":"https:\/\/www.info-algerie.com\/actualites\/wp-json\/wp\/v2\/categories?post=16965"},{"taxonomy":"post_tag","embeddable":true,"href":"https:\/\/www.info-algerie.com\/actualites\/wp-json\/wp\/v2\/tags?post=16965"}],"curies":[{"name":"wp","href":"https:\/\/api.w.org\/{rel}","templated":true}]}}