{"id":16973,"date":"2017-10-17T09:24:23","date_gmt":"2017-10-17T08:24:23","guid":{"rendered":"http:\/\/www.info-algerie.com\/actualites\/17-octobre-1961-une-repression-particulierement-violente-occultee-par-les-medias-francais\/"},"modified":"2017-10-17T09:24:23","modified_gmt":"2017-10-17T08:24:23","slug":"17-octobre-1961-une-repression-particulierement-violente-occultee-par-les-medias-francais","status":"publish","type":"post","link":"https:\/\/www.info-algerie.com\/actualites\/17-octobre-1961-une-repression-particulierement-violente-occultee-par-les-medias-francais\/","title":{"rendered":"17 octobre 1961: une r\u00e9pression particuli\u00e8rement violente occult\u00e9e par les m\u00e9dias fran\u00e7ais"},"content":{"rendered":"<div class=\"K2FeedImage\"><img decoding=\"async\" src=\"https:\/\/www.info-algerie.com\/actualites\/wp-content\/uploads\/2017\/10\/ca1c26b9fbd67e45b15e7f8ec1e854c9_S.jpg\" alt=\"17 octobre 1961: une r&#xE9;pression particuli&#xE8;rement violente occult&#xE9;e par les m&#xE9;dias fran&#xE7;ais\" \/><\/div>\n<div class=\"K2FeedIntroText\">\n<p><strong>BRUXELLES &#8211; La r\u00e9pression particuli\u00e8rement violente de centaines d&rsquo;Alg\u00e9riens lors de la manifestation du 17 octobre 1961 \u00e0 Paris, a \u00e9t\u00e9 occult\u00e9e par les m\u00e9dias fran\u00e7ais, a regrett\u00e9 Mohamed Tahar Bensaada, directeur g\u00e9n\u00e9ral de l&rsquo;institut Frantz Fanon, un centre d&rsquo;\u00e9tudes politiques et strat\u00e9giques pour la paix et le d\u00e9veloppement bas\u00e9 \u00e0 Bruxelles.<\/strong><\/p>\n<p>&#013;\n<\/p><\/div>\n<div class=\"K2FeedFullText\">&#013;<\/p>\n<p>Lors d&rsquo;une conf\u00e9rence-d\u00e9bat organis\u00e9e lundi au si\u00e8ge du Consulat-g\u00e9n\u00e9ral d&rsquo;Alg\u00e9rie \u00e0 Bruxelles \u00e0 l&rsquo;occasion du 55\u00e8me anniversaire des massacres du 17 octobre 1961, M. Bensaada a d\u00e9plor\u00e9 \u00ab\u00a0la n\u00e9gation\u00a0\u00bb de ces massacres et \u00ab\u00a0l&rsquo;indiff\u00e9rence presque totale\u00a0\u00bb de la <strong><a href=\"http:\/\/www.aps.dz\/algerie\/62506-les-exactions-coloniales-a-la-une-de-medias-francais\">presse<\/a><\/strong> et de toute la soci\u00e9t\u00e9 fran\u00e7aise \u00e0 l&rsquo;\u00e9gard de ces \u00e9v\u00e9nements.<\/p>\n<p>&#013;<\/p>\n<hr \/>\n<h3>Lire aussi:\u00a0<a href=\"http:\/\/www.aps.dz\/algerie\/63873-massacres-du-17-octobre-1961-responsable-et-coupable-l-etat-francais-doit-reparation\" target=\"_blank\">Massacres du 17 octobre 1961: \u00ab\u00a0Responsable et coupable, l\u2019Etat fran\u00e7ais doit r\u00e9paration\u00a0\u00bb<\/a><\/h3>\n<p>&#013;<\/p>\n<hr \/>\n<p>Selon ce chercheur, <strong><a href=\"http:\/\/www.aps.dz\/algerie\/63655-17-octobre-1961-macron-sollicite-pour-une-position-precise-sur-les-massacres-d-algeriens-a-paris\">l\u2019Etat fran\u00e7ais<\/a><\/strong> s\u2019est employ\u00e9\u00a0 \u00e0 recouvrir les massacres du 17 octobre 1961 du \u00ab\u00a0voile de l\u2019amn\u00e9sie\u00a0\u00bb, reprochant \u00e0 la presse fran\u00e7aise de l&rsquo;\u00e9poque d&rsquo;avoir \u00ab\u00a0dissimuler la v\u00e9rit\u00e9\u00a0\u00bb.<\/p>\n<p>&#013;<\/p>\n<p>\u00ab\u00a0Seul le journal \u2018Lib\u00e9ration\u2019, un quotidien issu de la r\u00e9sistance fran\u00e7aise, a \u00e9crit sur les \u00e9v\u00e8nements du 17 octobre 1961 et de la r\u00e9pression polici\u00e8re qui s&rsquo;en est suivie\u00a0\u00bb, a-t-il indiqu\u00e9.<\/p>\n<p>&#013;<\/p>\n<p>A quelques mois de la fin de la guerre d&rsquo;Alg\u00e9rie, le 17 octobre 1961, Paris a \u00e9t\u00e9 le th\u00e9\u00e2tre d&rsquo;un des plus grands massacres de manifestants pacifiques dans l&rsquo;histoire contemporaine de l&rsquo;Europe occidentale. Ce jour-l\u00e0, des dizaines de milliers d&rsquo;Alg\u00e9riens, r\u00e9pondant \u00e0 l&rsquo;appel de la F\u00e9d\u00e9ration de France du FLN, manifestaient contre le couvre-feu qui les\u00a0 vise depuis le 5 octobre et la r\u00e9pression organis\u00e9e par le pr\u00e9fet de police de la Seine, Maurice Papon.<\/p>\n<p>&#013;<\/p>\n<p>La manifestation devait \u00eatre pacifique et les militants du FLN ne voulaient pas donner de pr\u00e9texte permettant \u00e0 la police de justifier une r\u00e9pression.<\/p>\n<p>&#013;<\/p>\n<hr \/>\n<h3>Lire aussi:\u00a0<a href=\"http:\/\/www.aps.dz\/algerie\/63433-reconnaissance-par-la-france-des-crimes-coloniaux-que-macron-passe-aux-actes\" target=\"_blank\">Reconnaissance par la France des crimes coloniaux: \u00ab\u00a0Que Macron passe aux actes\u00a0\u00bb<\/a><\/h3>\n<p>&#013;<\/p>\n<hr \/>\n<p>Mais, la r\u00e9ponse de la police fran\u00e7aise a \u00e9t\u00e9 extr\u00eamement violente. Outre l\u2019internement de milliers de manifestants et l\u2019expulsion de centaines d\u2019entre eux, plusieurs centaines d&rsquo;Alg\u00e9riens sont port\u00e9s disparus \u00fb nombre d\u2019entre eux ont \u00e9t\u00e9 ex\u00e9cut\u00e9s\u00a0 et jet\u00e9s dans la Seine, alors que des n\u00e9gociations s&rsquo;ouvraient entre les autorit\u00e9s fran\u00e7aises et le Gouvernement\u00a0 provisoire de la R\u00e9publique alg\u00e9rienne (GPRA).<\/p>\n<p>&#013;<\/p>\n<p>\u00ab\u00a0L&rsquo;enjeu en 1961 \u00e9tait le statut du futur Etat ind\u00e9pendant. Les autorit\u00e9s fran\u00e7aises voulaient faire de l&rsquo;Alg\u00e9rie un Etat associ\u00e9 \u00e0 la France\u00a0\u00bb, a-t-il indiqu\u00e9, expliquant que les massacres du 17 octobre 1961 \u00e9taient destin\u00e9s \u00e0 \u00ab\u00a0faire \u00e9loigner la perspective de l&rsquo;ind\u00e9pendance\u00a0\u00bb, notamment par l&rsquo;Organisation de l&rsquo;arm\u00e9e secr\u00e8te (OAS) qui a tent\u00e9 de contrecarrer le\u00a0 processus de n\u00e9gociation qui allait aboutir \u00e0 l&rsquo;ind\u00e9pendance de l&rsquo;Alg\u00e9rie.<\/p>\n<p>&#013;<\/p>\n<p>\u00ab\u00a0En d\u00e9pit de cette violence, le FLN n&rsquo;est pas tomb\u00e9 dans le pi\u00e8ge et d\u00e9cida de poursuivre les n\u00e9gociations et de mener un combat cibl\u00e9\u00a0\u00bb, a-t-il ajout\u00e9, rendant hommage au \u00ab\u00a0g\u00e9nie\u00a0\u00bb des architectes de la r\u00e9volution et du futur Etat ind\u00e9pendant qui ont \u00ab\u00a0su mobiliser toutes les ressources\u00a0\u00bb pour que la cause alg\u00e9rienne enregistre des succ\u00e8s \u00ab\u00a0retentissants\u00a0\u00bb.<\/p>\n<p>&#013;<\/p>\n<p class=\"MsoNormal\">Par ailleurs, le directeur g\u00e9n\u00e9ral de l&rsquo;institut Frantz Fanon a salu\u00e9 le soutien apport\u00e9 par de nombreux belges \u00e0 la cause alg\u00e9rienne, regrettant n\u00e9anmoins que la Belgique ait \u00e9t\u00e9 devenue, au d\u00e9but des ann\u00e9es 1960, \u00ab\u00a0une base arri\u00e8re\u00a0\u00bb de l&rsquo;OAS dont les membres ont su profiter d&rsquo;une convention entre ce pays et la France qui interdisait l&rsquo;expulsion de personnes pour des d\u00e9lits politiques.<\/p>\n<\/div>\n<p>&#013;<br \/>\nSource: <a href=\"http:\/\/www.aps.dz\/algerie\/64064-17-octobre-1961-une-repression-particulierement-violente-occultee-par-les-medias-francais\" target=\"_blank\">17 octobre 1961: une r\u00e9pression particuli\u00e8rement violente occult\u00e9e par les m\u00e9dias fran\u00e7ais<\/a><\/p>\n<!--CusAds0-->\n<div style=\"font-size: 0px; height: 0px; line-height: 0px; margin: 0; padding: 0; clear: both;\"><\/div>","protected":false},"excerpt":{"rendered":"<p>BRUXELLES &#8211; La r\u00e9pression particuli\u00e8rement violente de centaines d&rsquo;Alg\u00e9riens lors de la manifestation du 17 octobre 1961 \u00e0 Paris, a \u00e9t\u00e9 occult\u00e9e par les m\u00e9dias fran\u00e7ais, a regrett\u00e9 Mohamed Tahar Bensaada, directeur g\u00e9n\u00e9ral de l&rsquo;institut Frantz Fanon, un centre d&rsquo;\u00e9tudes politiques et strat\u00e9giques pour la paix et le d\u00e9veloppement bas\u00e9 \u00e0 Bruxelles. &#013; &#013; Lors<\/p>\n","protected":false},"author":6,"featured_media":16974,"comment_status":"open","ping_status":"open","sticky":false,"template":"","format":"standard","meta":{"footnotes":""},"categories":[22],"tags":[93],"class_list":["post-16973","post","type-post","status-publish","format-standard","has-post-thumbnail","hentry","category-infos","tag-onu"],"yoast_head":"<!-- This site is optimized with the Yoast SEO plugin v27.5 - https:\/\/yoast.com\/product\/yoast-seo-wordpress\/ -->\n<title>17 octobre 1961: une r\u00e9pression particuli\u00e8rement violente occult\u00e9e par les m\u00e9dias fran\u00e7ais - info algerie<\/title>\n<meta name=\"robots\" content=\"index, follow, max-snippet:-1, max-image-preview:large, max-video-preview:-1\" \/>\n<link rel=\"canonical\" href=\"https:\/\/www.info-algerie.com\/actualites\/17-octobre-1961-une-repression-particulierement-violente-occultee-par-les-medias-francais\/\" \/>\n<meta property=\"og:locale\" content=\"fr_FR\" \/>\n<meta property=\"og:type\" content=\"article\" \/>\n<meta property=\"og:title\" content=\"17 octobre 1961: une r\u00e9pression particuli\u00e8rement violente occult\u00e9e par les m\u00e9dias fran\u00e7ais - info algerie\" \/>\n<meta property=\"og:description\" content=\"BRUXELLES &#8211; La r\u00e9pression particuli\u00e8rement violente de centaines d&rsquo;Alg\u00e9riens lors de la manifestation du 17 octobre 1961 \u00e0 Paris, a \u00e9t\u00e9 occult\u00e9e par les m\u00e9dias fran\u00e7ais, a regrett\u00e9 Mohamed Tahar Bensaada, directeur g\u00e9n\u00e9ral de l&rsquo;institut Frantz Fanon, un centre d&rsquo;\u00e9tudes politiques et strat\u00e9giques pour la paix et le d\u00e9veloppement bas\u00e9 \u00e0 Bruxelles. &#013; &#013; Lors\" \/>\n<meta property=\"og:url\" content=\"https:\/\/www.info-algerie.com\/actualites\/17-octobre-1961-une-repression-particulierement-violente-occultee-par-les-medias-francais\/\" \/>\n<meta property=\"og:site_name\" content=\"info algerie\" \/>\n<meta property=\"article:publisher\" content=\"https:\/\/www.facebook.com\/infoalgerieactu\" \/>\n<meta property=\"article:published_time\" content=\"2017-10-17T08:24:23+00:00\" \/>\n<meta property=\"og:image\" content=\"https:\/\/www.info-algerie.com\/actualites\/wp-content\/uploads\/2017\/10\/ca1c26b9fbd67e45b15e7f8ec1e854c9_S-1.jpg\" \/>\n\t<meta property=\"og:image:width\" content=\"280\" \/>\n\t<meta property=\"og:image:height\" content=\"169\" \/>\n\t<meta property=\"og:image:type\" content=\"image\/jpeg\" \/>\n<meta name=\"author\" content=\"La r\u00e9daction\" \/>\n<meta name=\"twitter:label1\" content=\"\u00c9crit par\" \/>\n\t<meta name=\"twitter:data1\" content=\"La r\u00e9daction\" \/>\n\t<meta name=\"twitter:label2\" content=\"Dur\u00e9e de lecture estim\u00e9e\" \/>\n\t<meta name=\"twitter:data2\" content=\"3 minutes\" \/>\n<script type=\"application\/ld+json\" class=\"yoast-schema-graph\">{\"@context\":\"https:\\\/\\\/schema.org\",\"@graph\":[{\"@type\":\"Article\",\"@id\":\"https:\\\/\\\/www.info-algerie.com\\\/actualites\\\/17-octobre-1961-une-repression-particulierement-violente-occultee-par-les-medias-francais\\\/#article\",\"isPartOf\":{\"@id\":\"https:\\\/\\\/www.info-algerie.com\\\/actualites\\\/17-octobre-1961-une-repression-particulierement-violente-occultee-par-les-medias-francais\\\/\"},\"author\":{\"name\":\"La r\u00e9daction\",\"@id\":\"https:\\\/\\\/www.info-algerie.com\\\/actualites\\\/#\\\/schema\\\/person\\\/847aaec44920825b843a08f30ec6aa1e\"},\"headline\":\"17 octobre 1961: une r\u00e9pression particuli\u00e8rement violente occult\u00e9e par les m\u00e9dias fran\u00e7ais\",\"datePublished\":\"2017-10-17T08:24:23+00:00\",\"mainEntityOfPage\":{\"@id\":\"https:\\\/\\\/www.info-algerie.com\\\/actualites\\\/17-octobre-1961-une-repression-particulierement-violente-occultee-par-les-medias-francais\\\/\"},\"wordCount\":660,\"commentCount\":0,\"publisher\":{\"@id\":\"https:\\\/\\\/www.info-algerie.com\\\/actualites\\\/#organization\"},\"image\":{\"@id\":\"https:\\\/\\\/www.info-algerie.com\\\/actualites\\\/17-octobre-1961-une-repression-particulierement-violente-occultee-par-les-medias-francais\\\/#primaryimage\"},\"thumbnailUrl\":\"https:\\\/\\\/www.info-algerie.com\\\/actualites\\\/wp-content\\\/uploads\\\/2017\\\/10\\\/ca1c26b9fbd67e45b15e7f8ec1e854c9_S-1.jpg\",\"keywords\":[\"ONU\"],\"articleSection\":[\"infos\"],\"inLanguage\":\"fr-FR\",\"potentialAction\":[{\"@type\":\"CommentAction\",\"name\":\"Comment\",\"target\":[\"https:\\\/\\\/www.info-algerie.com\\\/actualites\\\/17-octobre-1961-une-repression-particulierement-violente-occultee-par-les-medias-francais\\\/#respond\"]}]},{\"@type\":\"WebPage\",\"@id\":\"https:\\\/\\\/www.info-algerie.com\\\/actualites\\\/17-octobre-1961-une-repression-particulierement-violente-occultee-par-les-medias-francais\\\/\",\"url\":\"https:\\\/\\\/www.info-algerie.com\\\/actualites\\\/17-octobre-1961-une-repression-particulierement-violente-occultee-par-les-medias-francais\\\/\",\"name\":\"17 octobre 1961: une r\u00e9pression particuli\u00e8rement violente occult\u00e9e par les m\u00e9dias fran\u00e7ais - info algerie\",\"isPartOf\":{\"@id\":\"https:\\\/\\\/www.info-algerie.com\\\/actualites\\\/#website\"},\"primaryImageOfPage\":{\"@id\":\"https:\\\/\\\/www.info-algerie.com\\\/actualites\\\/17-octobre-1961-une-repression-particulierement-violente-occultee-par-les-medias-francais\\\/#primaryimage\"},\"image\":{\"@id\":\"https:\\\/\\\/www.info-algerie.com\\\/actualites\\\/17-octobre-1961-une-repression-particulierement-violente-occultee-par-les-medias-francais\\\/#primaryimage\"},\"thumbnailUrl\":\"https:\\\/\\\/www.info-algerie.com\\\/actualites\\\/wp-content\\\/uploads\\\/2017\\\/10\\\/ca1c26b9fbd67e45b15e7f8ec1e854c9_S-1.jpg\",\"datePublished\":\"2017-10-17T08:24:23+00:00\",\"breadcrumb\":{\"@id\":\"https:\\\/\\\/www.info-algerie.com\\\/actualites\\\/17-octobre-1961-une-repression-particulierement-violente-occultee-par-les-medias-francais\\\/#breadcrumb\"},\"inLanguage\":\"fr-FR\",\"potentialAction\":[{\"@type\":\"ReadAction\",\"target\":[\"https:\\\/\\\/www.info-algerie.com\\\/actualites\\\/17-octobre-1961-une-repression-particulierement-violente-occultee-par-les-medias-francais\\\/\"]}]},{\"@type\":\"ImageObject\",\"inLanguage\":\"fr-FR\",\"@id\":\"https:\\\/\\\/www.info-algerie.com\\\/actualites\\\/17-octobre-1961-une-repression-particulierement-violente-occultee-par-les-medias-francais\\\/#primaryimage\",\"url\":\"https:\\\/\\\/www.info-algerie.com\\\/actualites\\\/wp-content\\\/uploads\\\/2017\\\/10\\\/ca1c26b9fbd67e45b15e7f8ec1e854c9_S-1.jpg\",\"contentUrl\":\"https:\\\/\\\/www.info-algerie.com\\\/actualites\\\/wp-content\\\/uploads\\\/2017\\\/10\\\/ca1c26b9fbd67e45b15e7f8ec1e854c9_S-1.jpg\",\"width\":280,\"height\":169},{\"@type\":\"BreadcrumbList\",\"@id\":\"https:\\\/\\\/www.info-algerie.com\\\/actualites\\\/17-octobre-1961-une-repression-particulierement-violente-occultee-par-les-medias-francais\\\/#breadcrumb\",\"itemListElement\":[{\"@type\":\"ListItem\",\"position\":1,\"name\":\"Accueil\",\"item\":\"https:\\\/\\\/www.info-algerie.com\\\/actualites\\\/\"},{\"@type\":\"ListItem\",\"position\":2,\"name\":\"17 octobre 1961: une r\u00e9pression particuli\u00e8rement violente occult\u00e9e par les m\u00e9dias fran\u00e7ais\"}]},{\"@type\":\"WebSite\",\"@id\":\"https:\\\/\\\/www.info-algerie.com\\\/actualites\\\/#website\",\"url\":\"https:\\\/\\\/www.info-algerie.com\\\/actualites\\\/\",\"name\":\"info algerie\",\"description\":\"Toutes les actualit\u00e9s\",\"publisher\":{\"@id\":\"https:\\\/\\\/www.info-algerie.com\\\/actualites\\\/#organization\"},\"potentialAction\":[{\"@type\":\"SearchAction\",\"target\":{\"@type\":\"EntryPoint\",\"urlTemplate\":\"https:\\\/\\\/www.info-algerie.com\\\/actualites\\\/?s={search_term_string}\"},\"query-input\":{\"@type\":\"PropertyValueSpecification\",\"valueRequired\":true,\"valueName\":\"search_term_string\"}}],\"inLanguage\":\"fr-FR\"},{\"@type\":\"Organization\",\"@id\":\"https:\\\/\\\/www.info-algerie.com\\\/actualites\\\/#organization\",\"name\":\"info algerie\",\"url\":\"https:\\\/\\\/www.info-algerie.com\\\/actualites\\\/\",\"logo\":{\"@type\":\"ImageObject\",\"inLanguage\":\"fr-FR\",\"@id\":\"https:\\\/\\\/www.info-algerie.com\\\/actualites\\\/#\\\/schema\\\/logo\\\/image\\\/\",\"url\":\"https:\\\/\\\/www.info-algerie.com\\\/actualites\\\/wp-content\\\/uploads\\\/2022\\\/07\\\/logo-ia-120.png\",\"contentUrl\":\"https:\\\/\\\/www.info-algerie.com\\\/actualites\\\/wp-content\\\/uploads\\\/2022\\\/07\\\/logo-ia-120.png\",\"width\":120,\"height\":43,\"caption\":\"info algerie\"},\"image\":{\"@id\":\"https:\\\/\\\/www.info-algerie.com\\\/actualites\\\/#\\\/schema\\\/logo\\\/image\\\/\"},\"sameAs\":[\"https:\\\/\\\/www.facebook.com\\\/infoalgerieactu\",\"https:\\\/\\\/x.com\\\/infoalgerie1\"]},{\"@type\":\"Person\",\"@id\":\"https:\\\/\\\/www.info-algerie.com\\\/actualites\\\/#\\\/schema\\\/person\\\/847aaec44920825b843a08f30ec6aa1e\",\"name\":\"La r\u00e9daction\",\"image\":{\"@type\":\"ImageObject\",\"inLanguage\":\"fr-FR\",\"@id\":\"https:\\\/\\\/secure.gravatar.com\\\/avatar\\\/769db425c6f465158149f1ffd6cf61ce7a8a879d11dfbef8288af36dfddd418c?s=96&d=mm&r=g\",\"url\":\"https:\\\/\\\/secure.gravatar.com\\\/avatar\\\/769db425c6f465158149f1ffd6cf61ce7a8a879d11dfbef8288af36dfddd418c?s=96&d=mm&r=g\",\"contentUrl\":\"https:\\\/\\\/secure.gravatar.com\\\/avatar\\\/769db425c6f465158149f1ffd6cf61ce7a8a879d11dfbef8288af36dfddd418c?s=96&d=mm&r=g\",\"caption\":\"La r\u00e9daction\"},\"sameAs\":[\"http:\\\/\\\/www.lkeria.com\\\/\"],\"url\":\"https:\\\/\\\/www.info-algerie.com\\\/actualites\\\/author\\\/chakib32\\\/\"}]}<\/script>\n<!-- \/ Yoast SEO plugin. -->","yoast_head_json":{"title":"17 octobre 1961: une r\u00e9pression particuli\u00e8rement violente occult\u00e9e par les m\u00e9dias fran\u00e7ais - info algerie","robots":{"index":"index","follow":"follow","max-snippet":"max-snippet:-1","max-image-preview":"max-image-preview:large","max-video-preview":"max-video-preview:-1"},"canonical":"https:\/\/www.info-algerie.com\/actualites\/17-octobre-1961-une-repression-particulierement-violente-occultee-par-les-medias-francais\/","og_locale":"fr_FR","og_type":"article","og_title":"17 octobre 1961: une r\u00e9pression particuli\u00e8rement violente occult\u00e9e par les m\u00e9dias fran\u00e7ais - info algerie","og_description":"BRUXELLES &#8211; La r\u00e9pression particuli\u00e8rement violente de centaines d&rsquo;Alg\u00e9riens lors de la manifestation du 17 octobre 1961 \u00e0 Paris, a \u00e9t\u00e9 occult\u00e9e par les m\u00e9dias fran\u00e7ais, a regrett\u00e9 Mohamed Tahar Bensaada, directeur g\u00e9n\u00e9ral de l&rsquo;institut Frantz Fanon, un centre d&rsquo;\u00e9tudes politiques et strat\u00e9giques pour la paix et le d\u00e9veloppement bas\u00e9 \u00e0 Bruxelles. &#013; &#013; Lors","og_url":"https:\/\/www.info-algerie.com\/actualites\/17-octobre-1961-une-repression-particulierement-violente-occultee-par-les-medias-francais\/","og_site_name":"info algerie","article_publisher":"https:\/\/www.facebook.com\/infoalgerieactu","article_published_time":"2017-10-17T08:24:23+00:00","og_image":[{"width":280,"height":169,"url":"https:\/\/www.info-algerie.com\/actualites\/wp-content\/uploads\/2017\/10\/ca1c26b9fbd67e45b15e7f8ec1e854c9_S-1.jpg","type":"image\/jpeg"}],"author":"La r\u00e9daction","twitter_misc":{"\u00c9crit par":"La r\u00e9daction","Dur\u00e9e de lecture estim\u00e9e":"3 minutes"},"schema":{"@context":"https:\/\/schema.org","@graph":[{"@type":"Article","@id":"https:\/\/www.info-algerie.com\/actualites\/17-octobre-1961-une-repression-particulierement-violente-occultee-par-les-medias-francais\/#article","isPartOf":{"@id":"https:\/\/www.info-algerie.com\/actualites\/17-octobre-1961-une-repression-particulierement-violente-occultee-par-les-medias-francais\/"},"author":{"name":"La r\u00e9daction","@id":"https:\/\/www.info-algerie.com\/actualites\/#\/schema\/person\/847aaec44920825b843a08f30ec6aa1e"},"headline":"17 octobre 1961: une r\u00e9pression particuli\u00e8rement violente occult\u00e9e par les m\u00e9dias fran\u00e7ais","datePublished":"2017-10-17T08:24:23+00:00","mainEntityOfPage":{"@id":"https:\/\/www.info-algerie.com\/actualites\/17-octobre-1961-une-repression-particulierement-violente-occultee-par-les-medias-francais\/"},"wordCount":660,"commentCount":0,"publisher":{"@id":"https:\/\/www.info-algerie.com\/actualites\/#organization"},"image":{"@id":"https:\/\/www.info-algerie.com\/actualites\/17-octobre-1961-une-repression-particulierement-violente-occultee-par-les-medias-francais\/#primaryimage"},"thumbnailUrl":"https:\/\/www.info-algerie.com\/actualites\/wp-content\/uploads\/2017\/10\/ca1c26b9fbd67e45b15e7f8ec1e854c9_S-1.jpg","keywords":["ONU"],"articleSection":["infos"],"inLanguage":"fr-FR","potentialAction":[{"@type":"CommentAction","name":"Comment","target":["https:\/\/www.info-algerie.com\/actualites\/17-octobre-1961-une-repression-particulierement-violente-occultee-par-les-medias-francais\/#respond"]}]},{"@type":"WebPage","@id":"https:\/\/www.info-algerie.com\/actualites\/17-octobre-1961-une-repression-particulierement-violente-occultee-par-les-medias-francais\/","url":"https:\/\/www.info-algerie.com\/actualites\/17-octobre-1961-une-repression-particulierement-violente-occultee-par-les-medias-francais\/","name":"17 octobre 1961: une r\u00e9pression particuli\u00e8rement violente occult\u00e9e par les m\u00e9dias fran\u00e7ais - info algerie","isPartOf":{"@id":"https:\/\/www.info-algerie.com\/actualites\/#website"},"primaryImageOfPage":{"@id":"https:\/\/www.info-algerie.com\/actualites\/17-octobre-1961-une-repression-particulierement-violente-occultee-par-les-medias-francais\/#primaryimage"},"image":{"@id":"https:\/\/www.info-algerie.com\/actualites\/17-octobre-1961-une-repression-particulierement-violente-occultee-par-les-medias-francais\/#primaryimage"},"thumbnailUrl":"https:\/\/www.info-algerie.com\/actualites\/wp-content\/uploads\/2017\/10\/ca1c26b9fbd67e45b15e7f8ec1e854c9_S-1.jpg","datePublished":"2017-10-17T08:24:23+00:00","breadcrumb":{"@id":"https:\/\/www.info-algerie.com\/actualites\/17-octobre-1961-une-repression-particulierement-violente-occultee-par-les-medias-francais\/#breadcrumb"},"inLanguage":"fr-FR","potentialAction":[{"@type":"ReadAction","target":["https:\/\/www.info-algerie.com\/actualites\/17-octobre-1961-une-repression-particulierement-violente-occultee-par-les-medias-francais\/"]}]},{"@type":"ImageObject","inLanguage":"fr-FR","@id":"https:\/\/www.info-algerie.com\/actualites\/17-octobre-1961-une-repression-particulierement-violente-occultee-par-les-medias-francais\/#primaryimage","url":"https:\/\/www.info-algerie.com\/actualites\/wp-content\/uploads\/2017\/10\/ca1c26b9fbd67e45b15e7f8ec1e854c9_S-1.jpg","contentUrl":"https:\/\/www.info-algerie.com\/actualites\/wp-content\/uploads\/2017\/10\/ca1c26b9fbd67e45b15e7f8ec1e854c9_S-1.jpg","width":280,"height":169},{"@type":"BreadcrumbList","@id":"https:\/\/www.info-algerie.com\/actualites\/17-octobre-1961-une-repression-particulierement-violente-occultee-par-les-medias-francais\/#breadcrumb","itemListElement":[{"@type":"ListItem","position":1,"name":"Accueil","item":"https:\/\/www.info-algerie.com\/actualites\/"},{"@type":"ListItem","position":2,"name":"17 octobre 1961: une r\u00e9pression particuli\u00e8rement violente occult\u00e9e par les m\u00e9dias fran\u00e7ais"}]},{"@type":"WebSite","@id":"https:\/\/www.info-algerie.com\/actualites\/#website","url":"https:\/\/www.info-algerie.com\/actualites\/","name":"info algerie","description":"Toutes les actualit\u00e9s","publisher":{"@id":"https:\/\/www.info-algerie.com\/actualites\/#organization"},"potentialAction":[{"@type":"SearchAction","target":{"@type":"EntryPoint","urlTemplate":"https:\/\/www.info-algerie.com\/actualites\/?s={search_term_string}"},"query-input":{"@type":"PropertyValueSpecification","valueRequired":true,"valueName":"search_term_string"}}],"inLanguage":"fr-FR"},{"@type":"Organization","@id":"https:\/\/www.info-algerie.com\/actualites\/#organization","name":"info algerie","url":"https:\/\/www.info-algerie.com\/actualites\/","logo":{"@type":"ImageObject","inLanguage":"fr-FR","@id":"https:\/\/www.info-algerie.com\/actualites\/#\/schema\/logo\/image\/","url":"https:\/\/www.info-algerie.com\/actualites\/wp-content\/uploads\/2022\/07\/logo-ia-120.png","contentUrl":"https:\/\/www.info-algerie.com\/actualites\/wp-content\/uploads\/2022\/07\/logo-ia-120.png","width":120,"height":43,"caption":"info algerie"},"image":{"@id":"https:\/\/www.info-algerie.com\/actualites\/#\/schema\/logo\/image\/"},"sameAs":["https:\/\/www.facebook.com\/infoalgerieactu","https:\/\/x.com\/infoalgerie1"]},{"@type":"Person","@id":"https:\/\/www.info-algerie.com\/actualites\/#\/schema\/person\/847aaec44920825b843a08f30ec6aa1e","name":"La r\u00e9daction","image":{"@type":"ImageObject","inLanguage":"fr-FR","@id":"https:\/\/secure.gravatar.com\/avatar\/769db425c6f465158149f1ffd6cf61ce7a8a879d11dfbef8288af36dfddd418c?s=96&d=mm&r=g","url":"https:\/\/secure.gravatar.com\/avatar\/769db425c6f465158149f1ffd6cf61ce7a8a879d11dfbef8288af36dfddd418c?s=96&d=mm&r=g","contentUrl":"https:\/\/secure.gravatar.com\/avatar\/769db425c6f465158149f1ffd6cf61ce7a8a879d11dfbef8288af36dfddd418c?s=96&d=mm&r=g","caption":"La r\u00e9daction"},"sameAs":["http:\/\/www.lkeria.com\/"],"url":"https:\/\/www.info-algerie.com\/actualites\/author\/chakib32\/"}]}},"_links":{"self":[{"href":"https:\/\/www.info-algerie.com\/actualites\/wp-json\/wp\/v2\/posts\/16973","targetHints":{"allow":["GET"]}}],"collection":[{"href":"https:\/\/www.info-algerie.com\/actualites\/wp-json\/wp\/v2\/posts"}],"about":[{"href":"https:\/\/www.info-algerie.com\/actualites\/wp-json\/wp\/v2\/types\/post"}],"author":[{"embeddable":true,"href":"https:\/\/www.info-algerie.com\/actualites\/wp-json\/wp\/v2\/users\/6"}],"replies":[{"embeddable":true,"href":"https:\/\/www.info-algerie.com\/actualites\/wp-json\/wp\/v2\/comments?post=16973"}],"version-history":[{"count":0,"href":"https:\/\/www.info-algerie.com\/actualites\/wp-json\/wp\/v2\/posts\/16973\/revisions"}],"wp:featuredmedia":[{"embeddable":true,"href":"https:\/\/www.info-algerie.com\/actualites\/wp-json\/wp\/v2\/media\/16974"}],"wp:attachment":[{"href":"https:\/\/www.info-algerie.com\/actualites\/wp-json\/wp\/v2\/media?parent=16973"}],"wp:term":[{"taxonomy":"category","embeddable":true,"href":"https:\/\/www.info-algerie.com\/actualites\/wp-json\/wp\/v2\/categories?post=16973"},{"taxonomy":"post_tag","embeddable":true,"href":"https:\/\/www.info-algerie.com\/actualites\/wp-json\/wp\/v2\/tags?post=16973"}],"curies":[{"name":"wp","href":"https:\/\/api.w.org\/{rel}","templated":true}]}}