{"id":16975,"date":"2017-10-17T10:37:17","date_gmt":"2017-10-17T09:37:17","guid":{"rendered":"http:\/\/www.info-algerie.com\/actualites\/emigration-la-communaute-nationale-a-grandement-contribue-a-la-resistance-meme-avant-le-declenchement-de-la-guerre-de-liberation\/"},"modified":"2017-10-17T10:37:17","modified_gmt":"2017-10-17T09:37:17","slug":"emigration-la-communaute-nationale-a-grandement-contribue-a-la-resistance-meme-avant-le-declenchement-de-la-guerre-de-liberation","status":"publish","type":"post","link":"https:\/\/www.info-algerie.com\/actualites\/emigration-la-communaute-nationale-a-grandement-contribue-a-la-resistance-meme-avant-le-declenchement-de-la-guerre-de-liberation\/","title":{"rendered":"Emigration: la communaut\u00e9 nationale a grandement contribu\u00e9 \u00e0 la r\u00e9sistance m\u00eame avant le d\u00e9clenchement de la Guerre de lib\u00e9ration"},"content":{"rendered":"<div class=\"K2FeedIntroText\">\n<p>ALGER &#8211; La communaut\u00e9 nationale r\u00e9sidant \u00e0 l&rsquo;\u00e9tranger a jou\u00e9 un r\u00f4le important dans la r\u00e9sistance m\u00eame avant la Guerre de lib\u00e9ration, a affirm\u00e9 lundi \u00e0 Alger un responsable \u00e0 la F\u00e9d\u00e9ration du Front de Lib\u00e9ration nationale en France, le moudjahid Mohamed Ghafir.<\/p>\n<p>&#013;\n<\/p><\/div>\n<div class=\"K2FeedFullText\">&#013;<\/p>\n<p>Lors d&rsquo;une conf\u00e9rence organis\u00e9e par le parti du Front El Moustakbal \u00e0 l&rsquo;occasion de la journ\u00e9e nationale de l&rsquo;\u00e9migration, comm\u00e9morant les manifestations du 17 octobre 1961, M. Ghafir a pr\u00e9cis\u00e9 que les Alg\u00e9riens r\u00e9sidant \u00e0 l&rsquo;\u00e9tranger, notamment en France, ont jou\u00e9 un r\u00f4le important dans la r\u00e9sistance contre le colonialisme fran\u00e7ais m\u00eame avant le d\u00e9clenchement de la guerre du 1er Novembre 1954.<\/p>\n<p>&#013;<\/p>\n<p>Le moudjahid dit \u00ab\u00a0Mouh Klichi\u00a0\u00bb, a soutenu que les \u00ab\u00a0manifestations du 17 octobre 1961 constituent l&rsquo;une des \u00e9tapes de la r\u00e9sistance, citant plusieurs \u00e9v\u00e8nements historiques ayant pr\u00e9lud\u00e9 au d\u00e9clenchement de la R\u00e9volution \u00e0 commencer par la cr\u00e9ation de l&rsquo;Etoile nord-africaine en France puis le Parti du Peuple alg\u00e9rien (PPA), cr\u00e9e en France en 1937\u00a0\u00bb.<\/p>\n<p>&#013;<\/p>\n<p>Rappelant les \u00e9v\u00e8nements du 14 juillet 1953 \u00e0 Paris qui ont vu l&rsquo;assassinat de six Alg\u00e9riens pour avoir brandi des slogans revendiquant l&rsquo;ind\u00e9pendance lors de la comm\u00e9moration annuelle de la f\u00eate nationale fran\u00e7aise, l&rsquo;intervenant a indiqu\u00e9 que, selon le gouvernement provisoire, \u00ab\u00a080 % du budget de la r\u00e9volution ont \u00e9t\u00e9 collect\u00e9s des fonds des Alg\u00e9riens r\u00e9sidant \u00e0 l&rsquo;\u00e9tranger\u00a0\u00bb.<\/p>\n<p>&#013;<\/p>\n<p>Les manifestations du 17 octobre 1961 qui ont r\u00e9ussi \u00e0 transporter la R\u00e9volution sur le territoire de l&rsquo;ennemi et \u00e0 r\u00e9v\u00e9ler \u00e0 la presse \u00e9trang\u00e8re l&rsquo;atrocit\u00e9 du colonialisme, ont contraint le pr\u00e9sident fran\u00e7ais Charles de Gaulle \u00e0 s&rsquo;assoir \u00e0 la table des n\u00e9gociations demandant \u00e0 rencontrer le 28 octobre les repr\u00e9sentants du gouvernement provisoire, a-t-il indiqu\u00e9.<\/p>\n<p>&#013;<\/p>\n<p>Le gouvernement fran\u00e7ais avait mobilis\u00e9 7000 policiers et 1500 gendarmes pour r\u00e9primer les manifestants qui protestaient contre le couvre-feu appliqu\u00e9 aux Fran\u00e7ais musulmans \u00e0 Paris, a rappel\u00e9 le moudjahid, ajoutant que jusqu&rsquo;\u00e0 pr\u00e9sent il n&rsquo;y a pas de statistiques pr\u00e9cises sur le nombre exact des victimes alg\u00e9riennes.<\/p>\n<p>&#013;<\/p>\n<p class=\"MsoNormal\">Pas moins de 12.000 alg\u00e9riens ont \u00e9t\u00e9 arr\u00eat\u00e9s durant ces manifestations auxquelles ont pris part 80.000 Alg\u00e9riens \u00e0 Paris et ses environs.<\/p>\n<\/div>\n<p>&#013;<br \/>\nSource: <a href=\"http:\/\/www.aps.dz\/algerie\/64068-emigration-la-communaute-nationale-a-grandement-contribue-a-la-resistance-meme-avant-le-declenchement-de-la-guerre-de-liberation\" target=\"_blank\">Emigration: la communaut\u00e9 nationale a grandement contribu\u00e9 \u00e0 la r\u00e9sistance m\u00eame avant le d\u00e9clenchement de la Guerre de lib\u00e9ration<\/a><\/p>\n<!--CusAds0-->\n<div style=\"font-size: 0px; height: 0px; line-height: 0px; margin: 0; padding: 0; clear: both;\"><\/div>","protected":false},"excerpt":{"rendered":"<p>ALGER &#8211; La communaut\u00e9 nationale r\u00e9sidant \u00e0 l&rsquo;\u00e9tranger a jou\u00e9 un r\u00f4le important dans la r\u00e9sistance m\u00eame avant la Guerre de lib\u00e9ration, a affirm\u00e9 lundi \u00e0 Alger un responsable \u00e0 la F\u00e9d\u00e9ration du Front de Lib\u00e9ration nationale en France, le moudjahid Mohamed Ghafir. &#013; &#013; Lors d&rsquo;une conf\u00e9rence organis\u00e9e par le parti du Front El<\/p>\n","protected":false},"author":6,"featured_media":0,"comment_status":"open","ping_status":"open","sticky":false,"template":"","format":"standard","meta":{"footnotes":""},"categories":[22],"tags":[93],"class_list":["post-16975","post","type-post","status-publish","format-standard","hentry","category-infos","tag-onu"],"yoast_head":"<!-- This site is optimized with the Yoast SEO plugin v27.5 - https:\/\/yoast.com\/product\/yoast-seo-wordpress\/ -->\n<title>Emigration: la communaut\u00e9 nationale a grandement contribu\u00e9 \u00e0 la r\u00e9sistance m\u00eame avant le d\u00e9clenchement de la Guerre de lib\u00e9ration - info algerie<\/title>\n<meta name=\"robots\" content=\"index, follow, max-snippet:-1, max-image-preview:large, max-video-preview:-1\" \/>\n<link rel=\"canonical\" href=\"https:\/\/www.info-algerie.com\/actualites\/emigration-la-communaute-nationale-a-grandement-contribue-a-la-resistance-meme-avant-le-declenchement-de-la-guerre-de-liberation\/\" \/>\n<meta property=\"og:locale\" content=\"fr_FR\" \/>\n<meta property=\"og:type\" content=\"article\" \/>\n<meta property=\"og:title\" content=\"Emigration: la communaut\u00e9 nationale a grandement contribu\u00e9 \u00e0 la r\u00e9sistance m\u00eame avant le d\u00e9clenchement de la Guerre de lib\u00e9ration - info algerie\" \/>\n<meta property=\"og:description\" content=\"ALGER &#8211; La communaut\u00e9 nationale r\u00e9sidant \u00e0 l&rsquo;\u00e9tranger a jou\u00e9 un r\u00f4le important dans la r\u00e9sistance m\u00eame avant la Guerre de lib\u00e9ration, a affirm\u00e9 lundi \u00e0 Alger un responsable \u00e0 la F\u00e9d\u00e9ration du Front de Lib\u00e9ration nationale en France, le moudjahid Mohamed Ghafir. &#013; &#013; Lors d&rsquo;une conf\u00e9rence organis\u00e9e par le parti du Front El\" \/>\n<meta property=\"og:url\" content=\"https:\/\/www.info-algerie.com\/actualites\/emigration-la-communaute-nationale-a-grandement-contribue-a-la-resistance-meme-avant-le-declenchement-de-la-guerre-de-liberation\/\" \/>\n<meta property=\"og:site_name\" content=\"info algerie\" \/>\n<meta property=\"article:publisher\" content=\"https:\/\/www.facebook.com\/infoalgerieactu\" \/>\n<meta property=\"article:published_time\" content=\"2017-10-17T09:37:17+00:00\" \/>\n<meta name=\"author\" content=\"La r\u00e9daction\" \/>\n<meta name=\"twitter:label1\" content=\"\u00c9crit par\" \/>\n\t<meta name=\"twitter:data1\" content=\"La r\u00e9daction\" \/>\n\t<meta name=\"twitter:label2\" content=\"Dur\u00e9e de lecture estim\u00e9e\" \/>\n\t<meta name=\"twitter:data2\" content=\"2 minutes\" \/>\n<script type=\"application\/ld+json\" class=\"yoast-schema-graph\">{\"@context\":\"https:\\\/\\\/schema.org\",\"@graph\":[{\"@type\":\"Article\",\"@id\":\"https:\\\/\\\/www.info-algerie.com\\\/actualites\\\/emigration-la-communaute-nationale-a-grandement-contribue-a-la-resistance-meme-avant-le-declenchement-de-la-guerre-de-liberation\\\/#article\",\"isPartOf\":{\"@id\":\"https:\\\/\\\/www.info-algerie.com\\\/actualites\\\/emigration-la-communaute-nationale-a-grandement-contribue-a-la-resistance-meme-avant-le-declenchement-de-la-guerre-de-liberation\\\/\"},\"author\":{\"name\":\"La r\u00e9daction\",\"@id\":\"https:\\\/\\\/www.info-algerie.com\\\/actualites\\\/#\\\/schema\\\/person\\\/847aaec44920825b843a08f30ec6aa1e\"},\"headline\":\"Emigration: la communaut\u00e9 nationale a grandement contribu\u00e9 \u00e0 la r\u00e9sistance m\u00eame avant le d\u00e9clenchement de la Guerre de lib\u00e9ration\",\"datePublished\":\"2017-10-17T09:37:17+00:00\",\"mainEntityOfPage\":{\"@id\":\"https:\\\/\\\/www.info-algerie.com\\\/actualites\\\/emigration-la-communaute-nationale-a-grandement-contribue-a-la-resistance-meme-avant-le-declenchement-de-la-guerre-de-liberation\\\/\"},\"wordCount\":426,\"commentCount\":0,\"publisher\":{\"@id\":\"https:\\\/\\\/www.info-algerie.com\\\/actualites\\\/#organization\"},\"keywords\":[\"ONU\"],\"articleSection\":[\"infos\"],\"inLanguage\":\"fr-FR\",\"potentialAction\":[{\"@type\":\"CommentAction\",\"name\":\"Comment\",\"target\":[\"https:\\\/\\\/www.info-algerie.com\\\/actualites\\\/emigration-la-communaute-nationale-a-grandement-contribue-a-la-resistance-meme-avant-le-declenchement-de-la-guerre-de-liberation\\\/#respond\"]}]},{\"@type\":\"WebPage\",\"@id\":\"https:\\\/\\\/www.info-algerie.com\\\/actualites\\\/emigration-la-communaute-nationale-a-grandement-contribue-a-la-resistance-meme-avant-le-declenchement-de-la-guerre-de-liberation\\\/\",\"url\":\"https:\\\/\\\/www.info-algerie.com\\\/actualites\\\/emigration-la-communaute-nationale-a-grandement-contribue-a-la-resistance-meme-avant-le-declenchement-de-la-guerre-de-liberation\\\/\",\"name\":\"Emigration: la communaut\u00e9 nationale a grandement contribu\u00e9 \u00e0 la r\u00e9sistance m\u00eame avant le d\u00e9clenchement de la Guerre de lib\u00e9ration - info algerie\",\"isPartOf\":{\"@id\":\"https:\\\/\\\/www.info-algerie.com\\\/actualites\\\/#website\"},\"datePublished\":\"2017-10-17T09:37:17+00:00\",\"breadcrumb\":{\"@id\":\"https:\\\/\\\/www.info-algerie.com\\\/actualites\\\/emigration-la-communaute-nationale-a-grandement-contribue-a-la-resistance-meme-avant-le-declenchement-de-la-guerre-de-liberation\\\/#breadcrumb\"},\"inLanguage\":\"fr-FR\",\"potentialAction\":[{\"@type\":\"ReadAction\",\"target\":[\"https:\\\/\\\/www.info-algerie.com\\\/actualites\\\/emigration-la-communaute-nationale-a-grandement-contribue-a-la-resistance-meme-avant-le-declenchement-de-la-guerre-de-liberation\\\/\"]}]},{\"@type\":\"BreadcrumbList\",\"@id\":\"https:\\\/\\\/www.info-algerie.com\\\/actualites\\\/emigration-la-communaute-nationale-a-grandement-contribue-a-la-resistance-meme-avant-le-declenchement-de-la-guerre-de-liberation\\\/#breadcrumb\",\"itemListElement\":[{\"@type\":\"ListItem\",\"position\":1,\"name\":\"Accueil\",\"item\":\"https:\\\/\\\/www.info-algerie.com\\\/actualites\\\/\"},{\"@type\":\"ListItem\",\"position\":2,\"name\":\"Emigration: la communaut\u00e9 nationale a grandement contribu\u00e9 \u00e0 la r\u00e9sistance m\u00eame avant le d\u00e9clenchement de la Guerre de lib\u00e9ration\"}]},{\"@type\":\"WebSite\",\"@id\":\"https:\\\/\\\/www.info-algerie.com\\\/actualites\\\/#website\",\"url\":\"https:\\\/\\\/www.info-algerie.com\\\/actualites\\\/\",\"name\":\"info algerie\",\"description\":\"Toutes les actualit\u00e9s\",\"publisher\":{\"@id\":\"https:\\\/\\\/www.info-algerie.com\\\/actualites\\\/#organization\"},\"potentialAction\":[{\"@type\":\"SearchAction\",\"target\":{\"@type\":\"EntryPoint\",\"urlTemplate\":\"https:\\\/\\\/www.info-algerie.com\\\/actualites\\\/?s={search_term_string}\"},\"query-input\":{\"@type\":\"PropertyValueSpecification\",\"valueRequired\":true,\"valueName\":\"search_term_string\"}}],\"inLanguage\":\"fr-FR\"},{\"@type\":\"Organization\",\"@id\":\"https:\\\/\\\/www.info-algerie.com\\\/actualites\\\/#organization\",\"name\":\"info algerie\",\"url\":\"https:\\\/\\\/www.info-algerie.com\\\/actualites\\\/\",\"logo\":{\"@type\":\"ImageObject\",\"inLanguage\":\"fr-FR\",\"@id\":\"https:\\\/\\\/www.info-algerie.com\\\/actualites\\\/#\\\/schema\\\/logo\\\/image\\\/\",\"url\":\"https:\\\/\\\/www.info-algerie.com\\\/actualites\\\/wp-content\\\/uploads\\\/2022\\\/07\\\/logo-ia-120.png\",\"contentUrl\":\"https:\\\/\\\/www.info-algerie.com\\\/actualites\\\/wp-content\\\/uploads\\\/2022\\\/07\\\/logo-ia-120.png\",\"width\":120,\"height\":43,\"caption\":\"info algerie\"},\"image\":{\"@id\":\"https:\\\/\\\/www.info-algerie.com\\\/actualites\\\/#\\\/schema\\\/logo\\\/image\\\/\"},\"sameAs\":[\"https:\\\/\\\/www.facebook.com\\\/infoalgerieactu\",\"https:\\\/\\\/x.com\\\/infoalgerie1\"]},{\"@type\":\"Person\",\"@id\":\"https:\\\/\\\/www.info-algerie.com\\\/actualites\\\/#\\\/schema\\\/person\\\/847aaec44920825b843a08f30ec6aa1e\",\"name\":\"La r\u00e9daction\",\"image\":{\"@type\":\"ImageObject\",\"inLanguage\":\"fr-FR\",\"@id\":\"https:\\\/\\\/secure.gravatar.com\\\/avatar\\\/769db425c6f465158149f1ffd6cf61ce7a8a879d11dfbef8288af36dfddd418c?s=96&d=mm&r=g\",\"url\":\"https:\\\/\\\/secure.gravatar.com\\\/avatar\\\/769db425c6f465158149f1ffd6cf61ce7a8a879d11dfbef8288af36dfddd418c?s=96&d=mm&r=g\",\"contentUrl\":\"https:\\\/\\\/secure.gravatar.com\\\/avatar\\\/769db425c6f465158149f1ffd6cf61ce7a8a879d11dfbef8288af36dfddd418c?s=96&d=mm&r=g\",\"caption\":\"La r\u00e9daction\"},\"sameAs\":[\"http:\\\/\\\/www.lkeria.com\\\/\"],\"url\":\"https:\\\/\\\/www.info-algerie.com\\\/actualites\\\/author\\\/chakib32\\\/\"}]}<\/script>\n<!-- \/ Yoast SEO plugin. -->","yoast_head_json":{"title":"Emigration: la communaut\u00e9 nationale a grandement contribu\u00e9 \u00e0 la r\u00e9sistance m\u00eame avant le d\u00e9clenchement de la Guerre de lib\u00e9ration - info algerie","robots":{"index":"index","follow":"follow","max-snippet":"max-snippet:-1","max-image-preview":"max-image-preview:large","max-video-preview":"max-video-preview:-1"},"canonical":"https:\/\/www.info-algerie.com\/actualites\/emigration-la-communaute-nationale-a-grandement-contribue-a-la-resistance-meme-avant-le-declenchement-de-la-guerre-de-liberation\/","og_locale":"fr_FR","og_type":"article","og_title":"Emigration: la communaut\u00e9 nationale a grandement contribu\u00e9 \u00e0 la r\u00e9sistance m\u00eame avant le d\u00e9clenchement de la Guerre de lib\u00e9ration - info algerie","og_description":"ALGER &#8211; La communaut\u00e9 nationale r\u00e9sidant \u00e0 l&rsquo;\u00e9tranger a jou\u00e9 un r\u00f4le important dans la r\u00e9sistance m\u00eame avant la Guerre de lib\u00e9ration, a affirm\u00e9 lundi \u00e0 Alger un responsable \u00e0 la F\u00e9d\u00e9ration du Front de Lib\u00e9ration nationale en France, le moudjahid Mohamed Ghafir. &#013; &#013; Lors d&rsquo;une conf\u00e9rence organis\u00e9e par le parti du Front El","og_url":"https:\/\/www.info-algerie.com\/actualites\/emigration-la-communaute-nationale-a-grandement-contribue-a-la-resistance-meme-avant-le-declenchement-de-la-guerre-de-liberation\/","og_site_name":"info algerie","article_publisher":"https:\/\/www.facebook.com\/infoalgerieactu","article_published_time":"2017-10-17T09:37:17+00:00","author":"La r\u00e9daction","twitter_misc":{"\u00c9crit par":"La r\u00e9daction","Dur\u00e9e de lecture estim\u00e9e":"2 minutes"},"schema":{"@context":"https:\/\/schema.org","@graph":[{"@type":"Article","@id":"https:\/\/www.info-algerie.com\/actualites\/emigration-la-communaute-nationale-a-grandement-contribue-a-la-resistance-meme-avant-le-declenchement-de-la-guerre-de-liberation\/#article","isPartOf":{"@id":"https:\/\/www.info-algerie.com\/actualites\/emigration-la-communaute-nationale-a-grandement-contribue-a-la-resistance-meme-avant-le-declenchement-de-la-guerre-de-liberation\/"},"author":{"name":"La r\u00e9daction","@id":"https:\/\/www.info-algerie.com\/actualites\/#\/schema\/person\/847aaec44920825b843a08f30ec6aa1e"},"headline":"Emigration: la communaut\u00e9 nationale a grandement contribu\u00e9 \u00e0 la r\u00e9sistance m\u00eame avant le d\u00e9clenchement de la Guerre de lib\u00e9ration","datePublished":"2017-10-17T09:37:17+00:00","mainEntityOfPage":{"@id":"https:\/\/www.info-algerie.com\/actualites\/emigration-la-communaute-nationale-a-grandement-contribue-a-la-resistance-meme-avant-le-declenchement-de-la-guerre-de-liberation\/"},"wordCount":426,"commentCount":0,"publisher":{"@id":"https:\/\/www.info-algerie.com\/actualites\/#organization"},"keywords":["ONU"],"articleSection":["infos"],"inLanguage":"fr-FR","potentialAction":[{"@type":"CommentAction","name":"Comment","target":["https:\/\/www.info-algerie.com\/actualites\/emigration-la-communaute-nationale-a-grandement-contribue-a-la-resistance-meme-avant-le-declenchement-de-la-guerre-de-liberation\/#respond"]}]},{"@type":"WebPage","@id":"https:\/\/www.info-algerie.com\/actualites\/emigration-la-communaute-nationale-a-grandement-contribue-a-la-resistance-meme-avant-le-declenchement-de-la-guerre-de-liberation\/","url":"https:\/\/www.info-algerie.com\/actualites\/emigration-la-communaute-nationale-a-grandement-contribue-a-la-resistance-meme-avant-le-declenchement-de-la-guerre-de-liberation\/","name":"Emigration: la communaut\u00e9 nationale a grandement contribu\u00e9 \u00e0 la r\u00e9sistance m\u00eame avant le d\u00e9clenchement de la Guerre de lib\u00e9ration - info algerie","isPartOf":{"@id":"https:\/\/www.info-algerie.com\/actualites\/#website"},"datePublished":"2017-10-17T09:37:17+00:00","breadcrumb":{"@id":"https:\/\/www.info-algerie.com\/actualites\/emigration-la-communaute-nationale-a-grandement-contribue-a-la-resistance-meme-avant-le-declenchement-de-la-guerre-de-liberation\/#breadcrumb"},"inLanguage":"fr-FR","potentialAction":[{"@type":"ReadAction","target":["https:\/\/www.info-algerie.com\/actualites\/emigration-la-communaute-nationale-a-grandement-contribue-a-la-resistance-meme-avant-le-declenchement-de-la-guerre-de-liberation\/"]}]},{"@type":"BreadcrumbList","@id":"https:\/\/www.info-algerie.com\/actualites\/emigration-la-communaute-nationale-a-grandement-contribue-a-la-resistance-meme-avant-le-declenchement-de-la-guerre-de-liberation\/#breadcrumb","itemListElement":[{"@type":"ListItem","position":1,"name":"Accueil","item":"https:\/\/www.info-algerie.com\/actualites\/"},{"@type":"ListItem","position":2,"name":"Emigration: la communaut\u00e9 nationale a grandement contribu\u00e9 \u00e0 la r\u00e9sistance m\u00eame avant le d\u00e9clenchement de la Guerre de lib\u00e9ration"}]},{"@type":"WebSite","@id":"https:\/\/www.info-algerie.com\/actualites\/#website","url":"https:\/\/www.info-algerie.com\/actualites\/","name":"info algerie","description":"Toutes les actualit\u00e9s","publisher":{"@id":"https:\/\/www.info-algerie.com\/actualites\/#organization"},"potentialAction":[{"@type":"SearchAction","target":{"@type":"EntryPoint","urlTemplate":"https:\/\/www.info-algerie.com\/actualites\/?s={search_term_string}"},"query-input":{"@type":"PropertyValueSpecification","valueRequired":true,"valueName":"search_term_string"}}],"inLanguage":"fr-FR"},{"@type":"Organization","@id":"https:\/\/www.info-algerie.com\/actualites\/#organization","name":"info algerie","url":"https:\/\/www.info-algerie.com\/actualites\/","logo":{"@type":"ImageObject","inLanguage":"fr-FR","@id":"https:\/\/www.info-algerie.com\/actualites\/#\/schema\/logo\/image\/","url":"https:\/\/www.info-algerie.com\/actualites\/wp-content\/uploads\/2022\/07\/logo-ia-120.png","contentUrl":"https:\/\/www.info-algerie.com\/actualites\/wp-content\/uploads\/2022\/07\/logo-ia-120.png","width":120,"height":43,"caption":"info algerie"},"image":{"@id":"https:\/\/www.info-algerie.com\/actualites\/#\/schema\/logo\/image\/"},"sameAs":["https:\/\/www.facebook.com\/infoalgerieactu","https:\/\/x.com\/infoalgerie1"]},{"@type":"Person","@id":"https:\/\/www.info-algerie.com\/actualites\/#\/schema\/person\/847aaec44920825b843a08f30ec6aa1e","name":"La r\u00e9daction","image":{"@type":"ImageObject","inLanguage":"fr-FR","@id":"https:\/\/secure.gravatar.com\/avatar\/769db425c6f465158149f1ffd6cf61ce7a8a879d11dfbef8288af36dfddd418c?s=96&d=mm&r=g","url":"https:\/\/secure.gravatar.com\/avatar\/769db425c6f465158149f1ffd6cf61ce7a8a879d11dfbef8288af36dfddd418c?s=96&d=mm&r=g","contentUrl":"https:\/\/secure.gravatar.com\/avatar\/769db425c6f465158149f1ffd6cf61ce7a8a879d11dfbef8288af36dfddd418c?s=96&d=mm&r=g","caption":"La r\u00e9daction"},"sameAs":["http:\/\/www.lkeria.com\/"],"url":"https:\/\/www.info-algerie.com\/actualites\/author\/chakib32\/"}]}},"_links":{"self":[{"href":"https:\/\/www.info-algerie.com\/actualites\/wp-json\/wp\/v2\/posts\/16975","targetHints":{"allow":["GET"]}}],"collection":[{"href":"https:\/\/www.info-algerie.com\/actualites\/wp-json\/wp\/v2\/posts"}],"about":[{"href":"https:\/\/www.info-algerie.com\/actualites\/wp-json\/wp\/v2\/types\/post"}],"author":[{"embeddable":true,"href":"https:\/\/www.info-algerie.com\/actualites\/wp-json\/wp\/v2\/users\/6"}],"replies":[{"embeddable":true,"href":"https:\/\/www.info-algerie.com\/actualites\/wp-json\/wp\/v2\/comments?post=16975"}],"version-history":[{"count":0,"href":"https:\/\/www.info-algerie.com\/actualites\/wp-json\/wp\/v2\/posts\/16975\/revisions"}],"wp:attachment":[{"href":"https:\/\/www.info-algerie.com\/actualites\/wp-json\/wp\/v2\/media?parent=16975"}],"wp:term":[{"taxonomy":"category","embeddable":true,"href":"https:\/\/www.info-algerie.com\/actualites\/wp-json\/wp\/v2\/categories?post=16975"},{"taxonomy":"post_tag","embeddable":true,"href":"https:\/\/www.info-algerie.com\/actualites\/wp-json\/wp\/v2\/tags?post=16975"}],"curies":[{"name":"wp","href":"https:\/\/api.w.org\/{rel}","templated":true}]}}