{"id":16978,"date":"2017-10-17T12:06:10","date_gmt":"2017-10-17T11:06:10","guid":{"rendered":"http:\/\/www.info-algerie.com\/actualites\/le-17-octobre-1961-demeurera-a-jamais-grave-dans-la-memoire-de-la-nation-algerienne\/"},"modified":"2017-10-17T12:06:10","modified_gmt":"2017-10-17T11:06:10","slug":"le-17-octobre-1961-demeurera-a-jamais-grave-dans-la-memoire-de-la-nation-algerienne","status":"publish","type":"post","link":"https:\/\/www.info-algerie.com\/actualites\/le-17-octobre-1961-demeurera-a-jamais-grave-dans-la-memoire-de-la-nation-algerienne\/","title":{"rendered":"Le 17 octobre 1961 demeurera \u00e0 jamais grav\u00e9 dans la m\u00e9moire de la nation alg\u00e9rienne"},"content":{"rendered":"<div class=\"K2FeedImage\"><img decoding=\"async\" src=\"https:\/\/www.info-algerie.com\/actualites\/wp-content\/uploads\/2017\/10\/2438305cf3c063d5c30046a6ff51c85f_S.jpg\" alt=\"Le 17 octobre 1961 demeurera &#xE0; jamais grav&#xE9; dans la m&#xE9;moire de la nation alg&#xE9;rienne\" \/><\/div>\n<div class=\"K2FeedIntroText\">\n<p><strong>ALGER &#8211; Le ministre des Affaires \u00e9trang\u00e8res, Abdelkader Messahel, a affirm\u00e9 mardi que le 17 octobre 1961 \u00ab\u00a0demeurera \u00e0 jamais grav\u00e9\u00a0\u00bb dans la m\u00e9moire de la nation alg\u00e9rienne.<\/strong><\/p>\n<p>&#013;\n<\/p><\/div>\n<div class=\"K2FeedFullText\">&#013;<\/p>\n<p>Dans un message \u00e0 l&rsquo;occasion du 56\u00e8me anniversaire des massacres du 17 octobre 1961, M. Messahel a rappel\u00e9 que lors de cette journ\u00e9e \u00ab\u00a0des compatriotes, forts de leur droit \u00e0 la dignit\u00e9 et nourris \u00e0 l\u2019\u00e9cole du patriotisme, sont sortis dans la rue pour marquer, de fa\u00e7on pacifique, leur rejet des mesures vexatoires et discriminatoires prises par les forces\u00a0 coloniales contre la communaut\u00e9 alg\u00e9rienne en France\u00a0\u00bb, ajoutant que \u00ab\u00a0sans m\u00e9nagement aucun et sans nul \u00e9gard pour les droits attach\u00e9s \u00e0 la personne humaine, ils ont \u00e9t\u00e9 victimes d&rsquo;une r\u00e9pression autant brutale qu\u2019aveugle et beaucoup d\u2019entre eux devaient y laisser leur vie\u00a0\u00bb.<\/p>\n<p>&#013;<\/p>\n<blockquote><p>&#013;<\/p>\n<p><strong><em>\u00ab\u00a0Le 17 octobre 1961, Journ\u00e9e de l\u2019\u00e9migration, demeurera \u00e0 jamais grav\u00e9 dans la m\u00e9moire de notre nation en ce qu\u2019il repr\u00e9sente, avec d\u2019autres pages \u00e9crites du sang de tous ces martyrs tomb\u00e9s au Champ d\u2019honneur, le lourd tribut pay\u00e9 par la communaut\u00e9 nationale \u00e0 l\u2019\u00e9tranger \u00e0 la lutte du peuple alg\u00e9rien pour le recouvrement de son ind\u00e9pendance\u00a0\u00bb, a-t-il affirm\u00e9.<\/em><\/strong><\/p>\n<p>&#013;\n<\/p><\/blockquote>\n<p>&#013;<\/p>\n<p>Le ministre a indiqu\u00e9 que \u00ab\u00a0ces \u00e9v\u00e8nements dramatiques, dont le peuple alg\u00e9rien garde encore les stigmates, sont comm\u00e9mor\u00e9s, chaque ann\u00e9e, dans la dignit\u00e9 et en hommage \u00e0 nos compatriotes, hommes, femmes et enfants, emport\u00e9s par cette violence inhumaine\u00a0\u00bb.<\/p>\n<p>&#013;<\/p>\n<hr \/>\n<h3 class=\"MsoNormal\">Lire aussi:\u00a0<a href=\"http:\/\/www.aps.dz\/algerie\/64064-17-octobre-1961-une-repression-particulierement-violente-occultee-par-les-medias-francais\" target=\"_blank\">17 octobre 1961: une r\u00e9pression particuli\u00e8rement violente occult\u00e9e par les m\u00e9dias fran\u00e7ais<\/a><\/h3>\n<p>&#013;<\/p>\n<hr \/>\n<p class=\"MsoNormal\">\u00ab\u00a0Les nouvelles g\u00e9n\u00e9rations sauront, comme celles qui les ont pr\u00e9c\u00e9d\u00e9es, se rappeler de ce d\u00e9chainement de violence et entretenir, dans une trajectoire interg\u00e9n\u00e9rationnelle, le souvenir des sacrifices consentis par le peuple alg\u00e9rien pour la r\u00e9appropriation de sa souverainet\u00e9 nationale, de tous ces chouhadas tomb\u00e9s au champ d\u2019honneur et dont il convient, aujourd\u2019hui, d\u2019honorer la m\u00e9moire\u00a0\u00bb, a conclu M. Messahel.<\/p>\n<\/div>\n<p>&#013;<br \/>\nSource: <a href=\"http:\/\/www.aps.dz\/algerie\/64075-le-17-octobre-1961-demeurera-a-jamais-grave-dans-la-memoire-de-la-nation-algerienne\" target=\"_blank\">Le 17 octobre 1961 demeurera \u00e0 jamais grav\u00e9 dans la m\u00e9moire de la nation alg\u00e9rienne<\/a><\/p>\n<!--CusAds0-->\n<div style=\"font-size: 0px; height: 0px; line-height: 0px; margin: 0; padding: 0; clear: both;\"><\/div>","protected":false},"excerpt":{"rendered":"<p>ALGER &#8211; Le ministre des Affaires \u00e9trang\u00e8res, Abdelkader Messahel, a affirm\u00e9 mardi que le 17 octobre 1961 \u00ab\u00a0demeurera \u00e0 jamais grav\u00e9\u00a0\u00bb dans la m\u00e9moire de la nation alg\u00e9rienne. &#013; &#013; Dans un message \u00e0 l&rsquo;occasion du 56\u00e8me anniversaire des massacres du 17 octobre 1961, M. Messahel a rappel\u00e9 que lors de cette journ\u00e9e \u00ab\u00a0des compatriotes,<\/p>\n","protected":false},"author":6,"featured_media":16979,"comment_status":"open","ping_status":"open","sticky":false,"template":"","format":"standard","meta":{"footnotes":""},"categories":[22],"tags":[93],"class_list":["post-16978","post","type-post","status-publish","format-standard","has-post-thumbnail","hentry","category-infos","tag-onu"],"yoast_head":"<!-- This site is optimized with the Yoast SEO plugin v27.5 - https:\/\/yoast.com\/product\/yoast-seo-wordpress\/ -->\n<title>Le 17 octobre 1961 demeurera \u00e0 jamais grav\u00e9 dans la m\u00e9moire de la nation alg\u00e9rienne - info algerie<\/title>\n<meta name=\"robots\" content=\"index, follow, max-snippet:-1, max-image-preview:large, max-video-preview:-1\" \/>\n<link rel=\"canonical\" href=\"https:\/\/www.info-algerie.com\/actualites\/le-17-octobre-1961-demeurera-a-jamais-grave-dans-la-memoire-de-la-nation-algerienne\/\" \/>\n<meta property=\"og:locale\" content=\"fr_FR\" \/>\n<meta property=\"og:type\" content=\"article\" \/>\n<meta property=\"og:title\" content=\"Le 17 octobre 1961 demeurera \u00e0 jamais grav\u00e9 dans la m\u00e9moire de la nation alg\u00e9rienne - info algerie\" \/>\n<meta property=\"og:description\" content=\"ALGER &#8211; Le ministre des Affaires \u00e9trang\u00e8res, Abdelkader Messahel, a affirm\u00e9 mardi que le 17 octobre 1961 \u00ab\u00a0demeurera \u00e0 jamais grav\u00e9\u00a0\u00bb dans la m\u00e9moire de la nation alg\u00e9rienne. &#013; &#013; Dans un message \u00e0 l&rsquo;occasion du 56\u00e8me anniversaire des massacres du 17 octobre 1961, M. Messahel a rappel\u00e9 que lors de cette journ\u00e9e \u00ab\u00a0des compatriotes,\" \/>\n<meta property=\"og:url\" content=\"https:\/\/www.info-algerie.com\/actualites\/le-17-octobre-1961-demeurera-a-jamais-grave-dans-la-memoire-de-la-nation-algerienne\/\" \/>\n<meta property=\"og:site_name\" content=\"info algerie\" \/>\n<meta property=\"article:publisher\" content=\"https:\/\/www.facebook.com\/infoalgerieactu\" \/>\n<meta property=\"article:published_time\" content=\"2017-10-17T11:06:10+00:00\" \/>\n<meta property=\"og:image\" content=\"https:\/\/www.info-algerie.com\/actualites\/wp-content\/uploads\/2017\/10\/2438305cf3c063d5c30046a6ff51c85f_S-1.jpg\" \/>\n\t<meta property=\"og:image:width\" content=\"280\" \/>\n\t<meta property=\"og:image:height\" content=\"169\" \/>\n\t<meta property=\"og:image:type\" content=\"image\/jpeg\" \/>\n<meta name=\"author\" content=\"La r\u00e9daction\" \/>\n<meta name=\"twitter:label1\" content=\"\u00c9crit par\" \/>\n\t<meta name=\"twitter:data1\" content=\"La r\u00e9daction\" \/>\n\t<meta name=\"twitter:label2\" content=\"Dur\u00e9e de lecture estim\u00e9e\" \/>\n\t<meta name=\"twitter:data2\" content=\"2 minutes\" \/>\n<script type=\"application\/ld+json\" class=\"yoast-schema-graph\">{\"@context\":\"https:\\\/\\\/schema.org\",\"@graph\":[{\"@type\":\"Article\",\"@id\":\"https:\\\/\\\/www.info-algerie.com\\\/actualites\\\/le-17-octobre-1961-demeurera-a-jamais-grave-dans-la-memoire-de-la-nation-algerienne\\\/#article\",\"isPartOf\":{\"@id\":\"https:\\\/\\\/www.info-algerie.com\\\/actualites\\\/le-17-octobre-1961-demeurera-a-jamais-grave-dans-la-memoire-de-la-nation-algerienne\\\/\"},\"author\":{\"name\":\"La r\u00e9daction\",\"@id\":\"https:\\\/\\\/www.info-algerie.com\\\/actualites\\\/#\\\/schema\\\/person\\\/847aaec44920825b843a08f30ec6aa1e\"},\"headline\":\"Le 17 octobre 1961 demeurera \u00e0 jamais grav\u00e9 dans la m\u00e9moire de la nation alg\u00e9rienne\",\"datePublished\":\"2017-10-17T11:06:10+00:00\",\"mainEntityOfPage\":{\"@id\":\"https:\\\/\\\/www.info-algerie.com\\\/actualites\\\/le-17-octobre-1961-demeurera-a-jamais-grave-dans-la-memoire-de-la-nation-algerienne\\\/\"},\"wordCount\":362,\"commentCount\":0,\"publisher\":{\"@id\":\"https:\\\/\\\/www.info-algerie.com\\\/actualites\\\/#organization\"},\"image\":{\"@id\":\"https:\\\/\\\/www.info-algerie.com\\\/actualites\\\/le-17-octobre-1961-demeurera-a-jamais-grave-dans-la-memoire-de-la-nation-algerienne\\\/#primaryimage\"},\"thumbnailUrl\":\"https:\\\/\\\/www.info-algerie.com\\\/actualites\\\/wp-content\\\/uploads\\\/2017\\\/10\\\/2438305cf3c063d5c30046a6ff51c85f_S-1.jpg\",\"keywords\":[\"ONU\"],\"articleSection\":[\"infos\"],\"inLanguage\":\"fr-FR\",\"potentialAction\":[{\"@type\":\"CommentAction\",\"name\":\"Comment\",\"target\":[\"https:\\\/\\\/www.info-algerie.com\\\/actualites\\\/le-17-octobre-1961-demeurera-a-jamais-grave-dans-la-memoire-de-la-nation-algerienne\\\/#respond\"]}]},{\"@type\":\"WebPage\",\"@id\":\"https:\\\/\\\/www.info-algerie.com\\\/actualites\\\/le-17-octobre-1961-demeurera-a-jamais-grave-dans-la-memoire-de-la-nation-algerienne\\\/\",\"url\":\"https:\\\/\\\/www.info-algerie.com\\\/actualites\\\/le-17-octobre-1961-demeurera-a-jamais-grave-dans-la-memoire-de-la-nation-algerienne\\\/\",\"name\":\"Le 17 octobre 1961 demeurera \u00e0 jamais grav\u00e9 dans la m\u00e9moire de la nation alg\u00e9rienne - info algerie\",\"isPartOf\":{\"@id\":\"https:\\\/\\\/www.info-algerie.com\\\/actualites\\\/#website\"},\"primaryImageOfPage\":{\"@id\":\"https:\\\/\\\/www.info-algerie.com\\\/actualites\\\/le-17-octobre-1961-demeurera-a-jamais-grave-dans-la-memoire-de-la-nation-algerienne\\\/#primaryimage\"},\"image\":{\"@id\":\"https:\\\/\\\/www.info-algerie.com\\\/actualites\\\/le-17-octobre-1961-demeurera-a-jamais-grave-dans-la-memoire-de-la-nation-algerienne\\\/#primaryimage\"},\"thumbnailUrl\":\"https:\\\/\\\/www.info-algerie.com\\\/actualites\\\/wp-content\\\/uploads\\\/2017\\\/10\\\/2438305cf3c063d5c30046a6ff51c85f_S-1.jpg\",\"datePublished\":\"2017-10-17T11:06:10+00:00\",\"breadcrumb\":{\"@id\":\"https:\\\/\\\/www.info-algerie.com\\\/actualites\\\/le-17-octobre-1961-demeurera-a-jamais-grave-dans-la-memoire-de-la-nation-algerienne\\\/#breadcrumb\"},\"inLanguage\":\"fr-FR\",\"potentialAction\":[{\"@type\":\"ReadAction\",\"target\":[\"https:\\\/\\\/www.info-algerie.com\\\/actualites\\\/le-17-octobre-1961-demeurera-a-jamais-grave-dans-la-memoire-de-la-nation-algerienne\\\/\"]}]},{\"@type\":\"ImageObject\",\"inLanguage\":\"fr-FR\",\"@id\":\"https:\\\/\\\/www.info-algerie.com\\\/actualites\\\/le-17-octobre-1961-demeurera-a-jamais-grave-dans-la-memoire-de-la-nation-algerienne\\\/#primaryimage\",\"url\":\"https:\\\/\\\/www.info-algerie.com\\\/actualites\\\/wp-content\\\/uploads\\\/2017\\\/10\\\/2438305cf3c063d5c30046a6ff51c85f_S-1.jpg\",\"contentUrl\":\"https:\\\/\\\/www.info-algerie.com\\\/actualites\\\/wp-content\\\/uploads\\\/2017\\\/10\\\/2438305cf3c063d5c30046a6ff51c85f_S-1.jpg\",\"width\":280,\"height\":169},{\"@type\":\"BreadcrumbList\",\"@id\":\"https:\\\/\\\/www.info-algerie.com\\\/actualites\\\/le-17-octobre-1961-demeurera-a-jamais-grave-dans-la-memoire-de-la-nation-algerienne\\\/#breadcrumb\",\"itemListElement\":[{\"@type\":\"ListItem\",\"position\":1,\"name\":\"Accueil\",\"item\":\"https:\\\/\\\/www.info-algerie.com\\\/actualites\\\/\"},{\"@type\":\"ListItem\",\"position\":2,\"name\":\"Le 17 octobre 1961 demeurera \u00e0 jamais grav\u00e9 dans la m\u00e9moire de la nation alg\u00e9rienne\"}]},{\"@type\":\"WebSite\",\"@id\":\"https:\\\/\\\/www.info-algerie.com\\\/actualites\\\/#website\",\"url\":\"https:\\\/\\\/www.info-algerie.com\\\/actualites\\\/\",\"name\":\"info algerie\",\"description\":\"Toutes les actualit\u00e9s\",\"publisher\":{\"@id\":\"https:\\\/\\\/www.info-algerie.com\\\/actualites\\\/#organization\"},\"potentialAction\":[{\"@type\":\"SearchAction\",\"target\":{\"@type\":\"EntryPoint\",\"urlTemplate\":\"https:\\\/\\\/www.info-algerie.com\\\/actualites\\\/?s={search_term_string}\"},\"query-input\":{\"@type\":\"PropertyValueSpecification\",\"valueRequired\":true,\"valueName\":\"search_term_string\"}}],\"inLanguage\":\"fr-FR\"},{\"@type\":\"Organization\",\"@id\":\"https:\\\/\\\/www.info-algerie.com\\\/actualites\\\/#organization\",\"name\":\"info algerie\",\"url\":\"https:\\\/\\\/www.info-algerie.com\\\/actualites\\\/\",\"logo\":{\"@type\":\"ImageObject\",\"inLanguage\":\"fr-FR\",\"@id\":\"https:\\\/\\\/www.info-algerie.com\\\/actualites\\\/#\\\/schema\\\/logo\\\/image\\\/\",\"url\":\"https:\\\/\\\/www.info-algerie.com\\\/actualites\\\/wp-content\\\/uploads\\\/2022\\\/07\\\/logo-ia-120.png\",\"contentUrl\":\"https:\\\/\\\/www.info-algerie.com\\\/actualites\\\/wp-content\\\/uploads\\\/2022\\\/07\\\/logo-ia-120.png\",\"width\":120,\"height\":43,\"caption\":\"info algerie\"},\"image\":{\"@id\":\"https:\\\/\\\/www.info-algerie.com\\\/actualites\\\/#\\\/schema\\\/logo\\\/image\\\/\"},\"sameAs\":[\"https:\\\/\\\/www.facebook.com\\\/infoalgerieactu\",\"https:\\\/\\\/x.com\\\/infoalgerie1\"]},{\"@type\":\"Person\",\"@id\":\"https:\\\/\\\/www.info-algerie.com\\\/actualites\\\/#\\\/schema\\\/person\\\/847aaec44920825b843a08f30ec6aa1e\",\"name\":\"La r\u00e9daction\",\"image\":{\"@type\":\"ImageObject\",\"inLanguage\":\"fr-FR\",\"@id\":\"https:\\\/\\\/secure.gravatar.com\\\/avatar\\\/769db425c6f465158149f1ffd6cf61ce7a8a879d11dfbef8288af36dfddd418c?s=96&d=mm&r=g\",\"url\":\"https:\\\/\\\/secure.gravatar.com\\\/avatar\\\/769db425c6f465158149f1ffd6cf61ce7a8a879d11dfbef8288af36dfddd418c?s=96&d=mm&r=g\",\"contentUrl\":\"https:\\\/\\\/secure.gravatar.com\\\/avatar\\\/769db425c6f465158149f1ffd6cf61ce7a8a879d11dfbef8288af36dfddd418c?s=96&d=mm&r=g\",\"caption\":\"La r\u00e9daction\"},\"sameAs\":[\"http:\\\/\\\/www.lkeria.com\\\/\"],\"url\":\"https:\\\/\\\/www.info-algerie.com\\\/actualites\\\/author\\\/chakib32\\\/\"}]}<\/script>\n<!-- \/ Yoast SEO plugin. -->","yoast_head_json":{"title":"Le 17 octobre 1961 demeurera \u00e0 jamais grav\u00e9 dans la m\u00e9moire de la nation alg\u00e9rienne - info algerie","robots":{"index":"index","follow":"follow","max-snippet":"max-snippet:-1","max-image-preview":"max-image-preview:large","max-video-preview":"max-video-preview:-1"},"canonical":"https:\/\/www.info-algerie.com\/actualites\/le-17-octobre-1961-demeurera-a-jamais-grave-dans-la-memoire-de-la-nation-algerienne\/","og_locale":"fr_FR","og_type":"article","og_title":"Le 17 octobre 1961 demeurera \u00e0 jamais grav\u00e9 dans la m\u00e9moire de la nation alg\u00e9rienne - info algerie","og_description":"ALGER &#8211; Le ministre des Affaires \u00e9trang\u00e8res, Abdelkader Messahel, a affirm\u00e9 mardi que le 17 octobre 1961 \u00ab\u00a0demeurera \u00e0 jamais grav\u00e9\u00a0\u00bb dans la m\u00e9moire de la nation alg\u00e9rienne. &#013; &#013; Dans un message \u00e0 l&rsquo;occasion du 56\u00e8me anniversaire des massacres du 17 octobre 1961, M. Messahel a rappel\u00e9 que lors de cette journ\u00e9e \u00ab\u00a0des compatriotes,","og_url":"https:\/\/www.info-algerie.com\/actualites\/le-17-octobre-1961-demeurera-a-jamais-grave-dans-la-memoire-de-la-nation-algerienne\/","og_site_name":"info algerie","article_publisher":"https:\/\/www.facebook.com\/infoalgerieactu","article_published_time":"2017-10-17T11:06:10+00:00","og_image":[{"width":280,"height":169,"url":"https:\/\/www.info-algerie.com\/actualites\/wp-content\/uploads\/2017\/10\/2438305cf3c063d5c30046a6ff51c85f_S-1.jpg","type":"image\/jpeg"}],"author":"La r\u00e9daction","twitter_misc":{"\u00c9crit par":"La r\u00e9daction","Dur\u00e9e de lecture estim\u00e9e":"2 minutes"},"schema":{"@context":"https:\/\/schema.org","@graph":[{"@type":"Article","@id":"https:\/\/www.info-algerie.com\/actualites\/le-17-octobre-1961-demeurera-a-jamais-grave-dans-la-memoire-de-la-nation-algerienne\/#article","isPartOf":{"@id":"https:\/\/www.info-algerie.com\/actualites\/le-17-octobre-1961-demeurera-a-jamais-grave-dans-la-memoire-de-la-nation-algerienne\/"},"author":{"name":"La r\u00e9daction","@id":"https:\/\/www.info-algerie.com\/actualites\/#\/schema\/person\/847aaec44920825b843a08f30ec6aa1e"},"headline":"Le 17 octobre 1961 demeurera \u00e0 jamais grav\u00e9 dans la m\u00e9moire de la nation alg\u00e9rienne","datePublished":"2017-10-17T11:06:10+00:00","mainEntityOfPage":{"@id":"https:\/\/www.info-algerie.com\/actualites\/le-17-octobre-1961-demeurera-a-jamais-grave-dans-la-memoire-de-la-nation-algerienne\/"},"wordCount":362,"commentCount":0,"publisher":{"@id":"https:\/\/www.info-algerie.com\/actualites\/#organization"},"image":{"@id":"https:\/\/www.info-algerie.com\/actualites\/le-17-octobre-1961-demeurera-a-jamais-grave-dans-la-memoire-de-la-nation-algerienne\/#primaryimage"},"thumbnailUrl":"https:\/\/www.info-algerie.com\/actualites\/wp-content\/uploads\/2017\/10\/2438305cf3c063d5c30046a6ff51c85f_S-1.jpg","keywords":["ONU"],"articleSection":["infos"],"inLanguage":"fr-FR","potentialAction":[{"@type":"CommentAction","name":"Comment","target":["https:\/\/www.info-algerie.com\/actualites\/le-17-octobre-1961-demeurera-a-jamais-grave-dans-la-memoire-de-la-nation-algerienne\/#respond"]}]},{"@type":"WebPage","@id":"https:\/\/www.info-algerie.com\/actualites\/le-17-octobre-1961-demeurera-a-jamais-grave-dans-la-memoire-de-la-nation-algerienne\/","url":"https:\/\/www.info-algerie.com\/actualites\/le-17-octobre-1961-demeurera-a-jamais-grave-dans-la-memoire-de-la-nation-algerienne\/","name":"Le 17 octobre 1961 demeurera \u00e0 jamais grav\u00e9 dans la m\u00e9moire de la nation alg\u00e9rienne - info algerie","isPartOf":{"@id":"https:\/\/www.info-algerie.com\/actualites\/#website"},"primaryImageOfPage":{"@id":"https:\/\/www.info-algerie.com\/actualites\/le-17-octobre-1961-demeurera-a-jamais-grave-dans-la-memoire-de-la-nation-algerienne\/#primaryimage"},"image":{"@id":"https:\/\/www.info-algerie.com\/actualites\/le-17-octobre-1961-demeurera-a-jamais-grave-dans-la-memoire-de-la-nation-algerienne\/#primaryimage"},"thumbnailUrl":"https:\/\/www.info-algerie.com\/actualites\/wp-content\/uploads\/2017\/10\/2438305cf3c063d5c30046a6ff51c85f_S-1.jpg","datePublished":"2017-10-17T11:06:10+00:00","breadcrumb":{"@id":"https:\/\/www.info-algerie.com\/actualites\/le-17-octobre-1961-demeurera-a-jamais-grave-dans-la-memoire-de-la-nation-algerienne\/#breadcrumb"},"inLanguage":"fr-FR","potentialAction":[{"@type":"ReadAction","target":["https:\/\/www.info-algerie.com\/actualites\/le-17-octobre-1961-demeurera-a-jamais-grave-dans-la-memoire-de-la-nation-algerienne\/"]}]},{"@type":"ImageObject","inLanguage":"fr-FR","@id":"https:\/\/www.info-algerie.com\/actualites\/le-17-octobre-1961-demeurera-a-jamais-grave-dans-la-memoire-de-la-nation-algerienne\/#primaryimage","url":"https:\/\/www.info-algerie.com\/actualites\/wp-content\/uploads\/2017\/10\/2438305cf3c063d5c30046a6ff51c85f_S-1.jpg","contentUrl":"https:\/\/www.info-algerie.com\/actualites\/wp-content\/uploads\/2017\/10\/2438305cf3c063d5c30046a6ff51c85f_S-1.jpg","width":280,"height":169},{"@type":"BreadcrumbList","@id":"https:\/\/www.info-algerie.com\/actualites\/le-17-octobre-1961-demeurera-a-jamais-grave-dans-la-memoire-de-la-nation-algerienne\/#breadcrumb","itemListElement":[{"@type":"ListItem","position":1,"name":"Accueil","item":"https:\/\/www.info-algerie.com\/actualites\/"},{"@type":"ListItem","position":2,"name":"Le 17 octobre 1961 demeurera \u00e0 jamais grav\u00e9 dans la m\u00e9moire de la nation alg\u00e9rienne"}]},{"@type":"WebSite","@id":"https:\/\/www.info-algerie.com\/actualites\/#website","url":"https:\/\/www.info-algerie.com\/actualites\/","name":"info algerie","description":"Toutes les actualit\u00e9s","publisher":{"@id":"https:\/\/www.info-algerie.com\/actualites\/#organization"},"potentialAction":[{"@type":"SearchAction","target":{"@type":"EntryPoint","urlTemplate":"https:\/\/www.info-algerie.com\/actualites\/?s={search_term_string}"},"query-input":{"@type":"PropertyValueSpecification","valueRequired":true,"valueName":"search_term_string"}}],"inLanguage":"fr-FR"},{"@type":"Organization","@id":"https:\/\/www.info-algerie.com\/actualites\/#organization","name":"info algerie","url":"https:\/\/www.info-algerie.com\/actualites\/","logo":{"@type":"ImageObject","inLanguage":"fr-FR","@id":"https:\/\/www.info-algerie.com\/actualites\/#\/schema\/logo\/image\/","url":"https:\/\/www.info-algerie.com\/actualites\/wp-content\/uploads\/2022\/07\/logo-ia-120.png","contentUrl":"https:\/\/www.info-algerie.com\/actualites\/wp-content\/uploads\/2022\/07\/logo-ia-120.png","width":120,"height":43,"caption":"info algerie"},"image":{"@id":"https:\/\/www.info-algerie.com\/actualites\/#\/schema\/logo\/image\/"},"sameAs":["https:\/\/www.facebook.com\/infoalgerieactu","https:\/\/x.com\/infoalgerie1"]},{"@type":"Person","@id":"https:\/\/www.info-algerie.com\/actualites\/#\/schema\/person\/847aaec44920825b843a08f30ec6aa1e","name":"La r\u00e9daction","image":{"@type":"ImageObject","inLanguage":"fr-FR","@id":"https:\/\/secure.gravatar.com\/avatar\/769db425c6f465158149f1ffd6cf61ce7a8a879d11dfbef8288af36dfddd418c?s=96&d=mm&r=g","url":"https:\/\/secure.gravatar.com\/avatar\/769db425c6f465158149f1ffd6cf61ce7a8a879d11dfbef8288af36dfddd418c?s=96&d=mm&r=g","contentUrl":"https:\/\/secure.gravatar.com\/avatar\/769db425c6f465158149f1ffd6cf61ce7a8a879d11dfbef8288af36dfddd418c?s=96&d=mm&r=g","caption":"La r\u00e9daction"},"sameAs":["http:\/\/www.lkeria.com\/"],"url":"https:\/\/www.info-algerie.com\/actualites\/author\/chakib32\/"}]}},"_links":{"self":[{"href":"https:\/\/www.info-algerie.com\/actualites\/wp-json\/wp\/v2\/posts\/16978","targetHints":{"allow":["GET"]}}],"collection":[{"href":"https:\/\/www.info-algerie.com\/actualites\/wp-json\/wp\/v2\/posts"}],"about":[{"href":"https:\/\/www.info-algerie.com\/actualites\/wp-json\/wp\/v2\/types\/post"}],"author":[{"embeddable":true,"href":"https:\/\/www.info-algerie.com\/actualites\/wp-json\/wp\/v2\/users\/6"}],"replies":[{"embeddable":true,"href":"https:\/\/www.info-algerie.com\/actualites\/wp-json\/wp\/v2\/comments?post=16978"}],"version-history":[{"count":0,"href":"https:\/\/www.info-algerie.com\/actualites\/wp-json\/wp\/v2\/posts\/16978\/revisions"}],"wp:featuredmedia":[{"embeddable":true,"href":"https:\/\/www.info-algerie.com\/actualites\/wp-json\/wp\/v2\/media\/16979"}],"wp:attachment":[{"href":"https:\/\/www.info-algerie.com\/actualites\/wp-json\/wp\/v2\/media?parent=16978"}],"wp:term":[{"taxonomy":"category","embeddable":true,"href":"https:\/\/www.info-algerie.com\/actualites\/wp-json\/wp\/v2\/categories?post=16978"},{"taxonomy":"post_tag","embeddable":true,"href":"https:\/\/www.info-algerie.com\/actualites\/wp-json\/wp\/v2\/tags?post=16978"}],"curies":[{"name":"wp","href":"https:\/\/api.w.org\/{rel}","templated":true}]}}