{"id":16983,"date":"2017-10-17T13:57:23","date_gmt":"2017-10-17T12:57:23","guid":{"rendered":"http:\/\/www.info-algerie.com\/actualites\/messahel-a-niamey-derniere-etape-de-sa-tournee-dans-le-sahel\/"},"modified":"2017-10-17T13:57:23","modified_gmt":"2017-10-17T12:57:23","slug":"messahel-a-niamey-derniere-etape-de-sa-tournee-dans-le-sahel","status":"publish","type":"post","link":"https:\/\/www.info-algerie.com\/actualites\/messahel-a-niamey-derniere-etape-de-sa-tournee-dans-le-sahel\/","title":{"rendered":"Messahel \u00e0 Niamey derni\u00e8re \u00e9tape de sa tourn\u00e9e dans le Sahel"},"content":{"rendered":"<div class=\"K2FeedIntroText\">\n<p>ALGER &#8211; Le ministre des Affaires \u00e9trang\u00e8res, Abdelkader Messahel, est arriv\u00e9 mardi \u00e0 Niamey, derni\u00e8re \u00e9tape de sa tourn\u00e9e dans les capitales de certains pays du Sahel, indique un communiqu\u00e9 du minist\u00e8re des Affaires \u00e9trang\u00e8res.<\/p>\n<p>&#013;\n<\/p><\/div>\n<div class=\"K2FeedFullText\">&#013;<\/p>\n<p>\u00ab\u00a0En provenance d\u2019Addis-Abeba, le ministre des Affaires \u00e9trang\u00e8res, Abdelkader Messahel, est arriv\u00e9 ce jour \u00e0 Niamey, derni\u00e8re \u00e9tape de sa tourn\u00e9e dans les capitales de certains pays du Sahel. Il a \u00e9t\u00e9 accueilli \u00e0 son arriv\u00e9 par M. Amadou Marou, ministre de la Justice de la R\u00e9publique du Niger, assurant l\u2019int\u00e9rim du minist\u00e8re des Affaires \u00e9trang\u00e8res\u00a0\u00bb, pr\u00e9cise la m\u00eame source.<\/p>\n<p>&#013;<\/p>\n<p class=\"MsoNormal\">M. Messahel est \u00ab\u00a0porteur d\u2019un message du Pr\u00e9sident de la R\u00e9publique Abdelaziz Bouteflika au Pr\u00e9sident nig\u00e9rien Mahamdou Issoufou\u00a0\u00bb, ajoute le communiqu\u00e9.<\/p>\n<\/div>\n<p>&#013;<br \/>\nSource: <a href=\"http:\/\/www.aps.dz\/algerie\/64084-messahel-a-niamey-derniere-etape-de-sa-tournee-dans-les-capitales-de-certains-pays-du-sahel\" target=\"_blank\">Messahel \u00e0 Niamey derni\u00e8re \u00e9tape de sa tourn\u00e9e dans le Sahel<\/a><\/p>\n<!--CusAds0-->\n<div style=\"font-size: 0px; height: 0px; line-height: 0px; margin: 0; padding: 0; clear: both;\"><\/div>","protected":false},"excerpt":{"rendered":"<p>ALGER &#8211; Le ministre des Affaires \u00e9trang\u00e8res, Abdelkader Messahel, est arriv\u00e9 mardi \u00e0 Niamey, derni\u00e8re \u00e9tape de sa tourn\u00e9e dans les capitales de certains pays du Sahel, indique un communiqu\u00e9 du minist\u00e8re des Affaires \u00e9trang\u00e8res. &#013; &#013; \u00ab\u00a0En provenance d\u2019Addis-Abeba, le ministre des Affaires \u00e9trang\u00e8res, Abdelkader Messahel, est arriv\u00e9 ce jour \u00e0 Niamey, derni\u00e8re \u00e9tape<\/p>\n","protected":false},"author":6,"featured_media":0,"comment_status":"open","ping_status":"open","sticky":false,"template":"","format":"standard","meta":{"footnotes":""},"categories":[22],"tags":[93],"class_list":["post-16983","post","type-post","status-publish","format-standard","hentry","category-infos","tag-onu"],"yoast_head":"<!-- This site is optimized with the Yoast SEO plugin v27.5 - https:\/\/yoast.com\/product\/yoast-seo-wordpress\/ -->\n<title>Messahel \u00e0 Niamey derni\u00e8re \u00e9tape de sa tourn\u00e9e dans le Sahel - info algerie<\/title>\n<meta name=\"robots\" content=\"index, follow, max-snippet:-1, max-image-preview:large, max-video-preview:-1\" \/>\n<link rel=\"canonical\" href=\"https:\/\/www.info-algerie.com\/actualites\/messahel-a-niamey-derniere-etape-de-sa-tournee-dans-le-sahel\/\" \/>\n<meta property=\"og:locale\" content=\"fr_FR\" \/>\n<meta property=\"og:type\" content=\"article\" \/>\n<meta property=\"og:title\" content=\"Messahel \u00e0 Niamey derni\u00e8re \u00e9tape de sa tourn\u00e9e dans le Sahel - info algerie\" \/>\n<meta property=\"og:description\" content=\"ALGER &#8211; Le ministre des Affaires \u00e9trang\u00e8res, Abdelkader Messahel, est arriv\u00e9 mardi \u00e0 Niamey, derni\u00e8re \u00e9tape de sa tourn\u00e9e dans les capitales de certains pays du Sahel, indique un communiqu\u00e9 du minist\u00e8re des Affaires \u00e9trang\u00e8res. &#013; &#013; \u00ab\u00a0En provenance d\u2019Addis-Abeba, le ministre des Affaires \u00e9trang\u00e8res, Abdelkader Messahel, est arriv\u00e9 ce jour \u00e0 Niamey, derni\u00e8re \u00e9tape\" \/>\n<meta property=\"og:url\" content=\"https:\/\/www.info-algerie.com\/actualites\/messahel-a-niamey-derniere-etape-de-sa-tournee-dans-le-sahel\/\" \/>\n<meta property=\"og:site_name\" content=\"info algerie\" \/>\n<meta property=\"article:publisher\" content=\"https:\/\/www.facebook.com\/infoalgerieactu\" \/>\n<meta property=\"article:published_time\" content=\"2017-10-17T12:57:23+00:00\" \/>\n<meta name=\"author\" content=\"La r\u00e9daction\" \/>\n<meta name=\"twitter:label1\" content=\"\u00c9crit par\" \/>\n\t<meta name=\"twitter:data1\" content=\"La r\u00e9daction\" \/>\n\t<meta name=\"twitter:label2\" content=\"Dur\u00e9e de lecture estim\u00e9e\" \/>\n\t<meta name=\"twitter:data2\" content=\"1 minute\" \/>\n<script type=\"application\/ld+json\" class=\"yoast-schema-graph\">{\"@context\":\"https:\\\/\\\/schema.org\",\"@graph\":[{\"@type\":\"Article\",\"@id\":\"https:\\\/\\\/www.info-algerie.com\\\/actualites\\\/messahel-a-niamey-derniere-etape-de-sa-tournee-dans-le-sahel\\\/#article\",\"isPartOf\":{\"@id\":\"https:\\\/\\\/www.info-algerie.com\\\/actualites\\\/messahel-a-niamey-derniere-etape-de-sa-tournee-dans-le-sahel\\\/\"},\"author\":{\"name\":\"La r\u00e9daction\",\"@id\":\"https:\\\/\\\/www.info-algerie.com\\\/actualites\\\/#\\\/schema\\\/person\\\/847aaec44920825b843a08f30ec6aa1e\"},\"headline\":\"Messahel \u00e0 Niamey derni\u00e8re \u00e9tape de sa tourn\u00e9e dans le Sahel\",\"datePublished\":\"2017-10-17T12:57:23+00:00\",\"mainEntityOfPage\":{\"@id\":\"https:\\\/\\\/www.info-algerie.com\\\/actualites\\\/messahel-a-niamey-derniere-etape-de-sa-tournee-dans-le-sahel\\\/\"},\"wordCount\":159,\"commentCount\":0,\"publisher\":{\"@id\":\"https:\\\/\\\/www.info-algerie.com\\\/actualites\\\/#organization\"},\"keywords\":[\"ONU\"],\"articleSection\":[\"infos\"],\"inLanguage\":\"fr-FR\",\"potentialAction\":[{\"@type\":\"CommentAction\",\"name\":\"Comment\",\"target\":[\"https:\\\/\\\/www.info-algerie.com\\\/actualites\\\/messahel-a-niamey-derniere-etape-de-sa-tournee-dans-le-sahel\\\/#respond\"]}]},{\"@type\":\"WebPage\",\"@id\":\"https:\\\/\\\/www.info-algerie.com\\\/actualites\\\/messahel-a-niamey-derniere-etape-de-sa-tournee-dans-le-sahel\\\/\",\"url\":\"https:\\\/\\\/www.info-algerie.com\\\/actualites\\\/messahel-a-niamey-derniere-etape-de-sa-tournee-dans-le-sahel\\\/\",\"name\":\"Messahel \u00e0 Niamey derni\u00e8re \u00e9tape de sa tourn\u00e9e dans le Sahel - info algerie\",\"isPartOf\":{\"@id\":\"https:\\\/\\\/www.info-algerie.com\\\/actualites\\\/#website\"},\"datePublished\":\"2017-10-17T12:57:23+00:00\",\"breadcrumb\":{\"@id\":\"https:\\\/\\\/www.info-algerie.com\\\/actualites\\\/messahel-a-niamey-derniere-etape-de-sa-tournee-dans-le-sahel\\\/#breadcrumb\"},\"inLanguage\":\"fr-FR\",\"potentialAction\":[{\"@type\":\"ReadAction\",\"target\":[\"https:\\\/\\\/www.info-algerie.com\\\/actualites\\\/messahel-a-niamey-derniere-etape-de-sa-tournee-dans-le-sahel\\\/\"]}]},{\"@type\":\"BreadcrumbList\",\"@id\":\"https:\\\/\\\/www.info-algerie.com\\\/actualites\\\/messahel-a-niamey-derniere-etape-de-sa-tournee-dans-le-sahel\\\/#breadcrumb\",\"itemListElement\":[{\"@type\":\"ListItem\",\"position\":1,\"name\":\"Accueil\",\"item\":\"https:\\\/\\\/www.info-algerie.com\\\/actualites\\\/\"},{\"@type\":\"ListItem\",\"position\":2,\"name\":\"Messahel \u00e0 Niamey derni\u00e8re \u00e9tape de sa tourn\u00e9e dans le Sahel\"}]},{\"@type\":\"WebSite\",\"@id\":\"https:\\\/\\\/www.info-algerie.com\\\/actualites\\\/#website\",\"url\":\"https:\\\/\\\/www.info-algerie.com\\\/actualites\\\/\",\"name\":\"info algerie\",\"description\":\"Toutes les actualit\u00e9s\",\"publisher\":{\"@id\":\"https:\\\/\\\/www.info-algerie.com\\\/actualites\\\/#organization\"},\"potentialAction\":[{\"@type\":\"SearchAction\",\"target\":{\"@type\":\"EntryPoint\",\"urlTemplate\":\"https:\\\/\\\/www.info-algerie.com\\\/actualites\\\/?s={search_term_string}\"},\"query-input\":{\"@type\":\"PropertyValueSpecification\",\"valueRequired\":true,\"valueName\":\"search_term_string\"}}],\"inLanguage\":\"fr-FR\"},{\"@type\":\"Organization\",\"@id\":\"https:\\\/\\\/www.info-algerie.com\\\/actualites\\\/#organization\",\"name\":\"info algerie\",\"url\":\"https:\\\/\\\/www.info-algerie.com\\\/actualites\\\/\",\"logo\":{\"@type\":\"ImageObject\",\"inLanguage\":\"fr-FR\",\"@id\":\"https:\\\/\\\/www.info-algerie.com\\\/actualites\\\/#\\\/schema\\\/logo\\\/image\\\/\",\"url\":\"https:\\\/\\\/www.info-algerie.com\\\/actualites\\\/wp-content\\\/uploads\\\/2022\\\/07\\\/logo-ia-120.png\",\"contentUrl\":\"https:\\\/\\\/www.info-algerie.com\\\/actualites\\\/wp-content\\\/uploads\\\/2022\\\/07\\\/logo-ia-120.png\",\"width\":120,\"height\":43,\"caption\":\"info algerie\"},\"image\":{\"@id\":\"https:\\\/\\\/www.info-algerie.com\\\/actualites\\\/#\\\/schema\\\/logo\\\/image\\\/\"},\"sameAs\":[\"https:\\\/\\\/www.facebook.com\\\/infoalgerieactu\",\"https:\\\/\\\/x.com\\\/infoalgerie1\"]},{\"@type\":\"Person\",\"@id\":\"https:\\\/\\\/www.info-algerie.com\\\/actualites\\\/#\\\/schema\\\/person\\\/847aaec44920825b843a08f30ec6aa1e\",\"name\":\"La r\u00e9daction\",\"image\":{\"@type\":\"ImageObject\",\"inLanguage\":\"fr-FR\",\"@id\":\"https:\\\/\\\/secure.gravatar.com\\\/avatar\\\/769db425c6f465158149f1ffd6cf61ce7a8a879d11dfbef8288af36dfddd418c?s=96&d=mm&r=g\",\"url\":\"https:\\\/\\\/secure.gravatar.com\\\/avatar\\\/769db425c6f465158149f1ffd6cf61ce7a8a879d11dfbef8288af36dfddd418c?s=96&d=mm&r=g\",\"contentUrl\":\"https:\\\/\\\/secure.gravatar.com\\\/avatar\\\/769db425c6f465158149f1ffd6cf61ce7a8a879d11dfbef8288af36dfddd418c?s=96&d=mm&r=g\",\"caption\":\"La r\u00e9daction\"},\"sameAs\":[\"http:\\\/\\\/www.lkeria.com\\\/\"],\"url\":\"https:\\\/\\\/www.info-algerie.com\\\/actualites\\\/author\\\/chakib32\\\/\"}]}<\/script>\n<!-- \/ Yoast SEO plugin. -->","yoast_head_json":{"title":"Messahel \u00e0 Niamey derni\u00e8re \u00e9tape de sa tourn\u00e9e dans le Sahel - info algerie","robots":{"index":"index","follow":"follow","max-snippet":"max-snippet:-1","max-image-preview":"max-image-preview:large","max-video-preview":"max-video-preview:-1"},"canonical":"https:\/\/www.info-algerie.com\/actualites\/messahel-a-niamey-derniere-etape-de-sa-tournee-dans-le-sahel\/","og_locale":"fr_FR","og_type":"article","og_title":"Messahel \u00e0 Niamey derni\u00e8re \u00e9tape de sa tourn\u00e9e dans le Sahel - info algerie","og_description":"ALGER &#8211; Le ministre des Affaires \u00e9trang\u00e8res, Abdelkader Messahel, est arriv\u00e9 mardi \u00e0 Niamey, derni\u00e8re \u00e9tape de sa tourn\u00e9e dans les capitales de certains pays du Sahel, indique un communiqu\u00e9 du minist\u00e8re des Affaires \u00e9trang\u00e8res. &#013; &#013; \u00ab\u00a0En provenance d\u2019Addis-Abeba, le ministre des Affaires \u00e9trang\u00e8res, Abdelkader Messahel, est arriv\u00e9 ce jour \u00e0 Niamey, derni\u00e8re \u00e9tape","og_url":"https:\/\/www.info-algerie.com\/actualites\/messahel-a-niamey-derniere-etape-de-sa-tournee-dans-le-sahel\/","og_site_name":"info algerie","article_publisher":"https:\/\/www.facebook.com\/infoalgerieactu","article_published_time":"2017-10-17T12:57:23+00:00","author":"La r\u00e9daction","twitter_misc":{"\u00c9crit par":"La r\u00e9daction","Dur\u00e9e de lecture estim\u00e9e":"1 minute"},"schema":{"@context":"https:\/\/schema.org","@graph":[{"@type":"Article","@id":"https:\/\/www.info-algerie.com\/actualites\/messahel-a-niamey-derniere-etape-de-sa-tournee-dans-le-sahel\/#article","isPartOf":{"@id":"https:\/\/www.info-algerie.com\/actualites\/messahel-a-niamey-derniere-etape-de-sa-tournee-dans-le-sahel\/"},"author":{"name":"La r\u00e9daction","@id":"https:\/\/www.info-algerie.com\/actualites\/#\/schema\/person\/847aaec44920825b843a08f30ec6aa1e"},"headline":"Messahel \u00e0 Niamey derni\u00e8re \u00e9tape de sa tourn\u00e9e dans le Sahel","datePublished":"2017-10-17T12:57:23+00:00","mainEntityOfPage":{"@id":"https:\/\/www.info-algerie.com\/actualites\/messahel-a-niamey-derniere-etape-de-sa-tournee-dans-le-sahel\/"},"wordCount":159,"commentCount":0,"publisher":{"@id":"https:\/\/www.info-algerie.com\/actualites\/#organization"},"keywords":["ONU"],"articleSection":["infos"],"inLanguage":"fr-FR","potentialAction":[{"@type":"CommentAction","name":"Comment","target":["https:\/\/www.info-algerie.com\/actualites\/messahel-a-niamey-derniere-etape-de-sa-tournee-dans-le-sahel\/#respond"]}]},{"@type":"WebPage","@id":"https:\/\/www.info-algerie.com\/actualites\/messahel-a-niamey-derniere-etape-de-sa-tournee-dans-le-sahel\/","url":"https:\/\/www.info-algerie.com\/actualites\/messahel-a-niamey-derniere-etape-de-sa-tournee-dans-le-sahel\/","name":"Messahel \u00e0 Niamey derni\u00e8re \u00e9tape de sa tourn\u00e9e dans le Sahel - info algerie","isPartOf":{"@id":"https:\/\/www.info-algerie.com\/actualites\/#website"},"datePublished":"2017-10-17T12:57:23+00:00","breadcrumb":{"@id":"https:\/\/www.info-algerie.com\/actualites\/messahel-a-niamey-derniere-etape-de-sa-tournee-dans-le-sahel\/#breadcrumb"},"inLanguage":"fr-FR","potentialAction":[{"@type":"ReadAction","target":["https:\/\/www.info-algerie.com\/actualites\/messahel-a-niamey-derniere-etape-de-sa-tournee-dans-le-sahel\/"]}]},{"@type":"BreadcrumbList","@id":"https:\/\/www.info-algerie.com\/actualites\/messahel-a-niamey-derniere-etape-de-sa-tournee-dans-le-sahel\/#breadcrumb","itemListElement":[{"@type":"ListItem","position":1,"name":"Accueil","item":"https:\/\/www.info-algerie.com\/actualites\/"},{"@type":"ListItem","position":2,"name":"Messahel \u00e0 Niamey derni\u00e8re \u00e9tape de sa tourn\u00e9e dans le Sahel"}]},{"@type":"WebSite","@id":"https:\/\/www.info-algerie.com\/actualites\/#website","url":"https:\/\/www.info-algerie.com\/actualites\/","name":"info algerie","description":"Toutes les actualit\u00e9s","publisher":{"@id":"https:\/\/www.info-algerie.com\/actualites\/#organization"},"potentialAction":[{"@type":"SearchAction","target":{"@type":"EntryPoint","urlTemplate":"https:\/\/www.info-algerie.com\/actualites\/?s={search_term_string}"},"query-input":{"@type":"PropertyValueSpecification","valueRequired":true,"valueName":"search_term_string"}}],"inLanguage":"fr-FR"},{"@type":"Organization","@id":"https:\/\/www.info-algerie.com\/actualites\/#organization","name":"info algerie","url":"https:\/\/www.info-algerie.com\/actualites\/","logo":{"@type":"ImageObject","inLanguage":"fr-FR","@id":"https:\/\/www.info-algerie.com\/actualites\/#\/schema\/logo\/image\/","url":"https:\/\/www.info-algerie.com\/actualites\/wp-content\/uploads\/2022\/07\/logo-ia-120.png","contentUrl":"https:\/\/www.info-algerie.com\/actualites\/wp-content\/uploads\/2022\/07\/logo-ia-120.png","width":120,"height":43,"caption":"info algerie"},"image":{"@id":"https:\/\/www.info-algerie.com\/actualites\/#\/schema\/logo\/image\/"},"sameAs":["https:\/\/www.facebook.com\/infoalgerieactu","https:\/\/x.com\/infoalgerie1"]},{"@type":"Person","@id":"https:\/\/www.info-algerie.com\/actualites\/#\/schema\/person\/847aaec44920825b843a08f30ec6aa1e","name":"La r\u00e9daction","image":{"@type":"ImageObject","inLanguage":"fr-FR","@id":"https:\/\/secure.gravatar.com\/avatar\/769db425c6f465158149f1ffd6cf61ce7a8a879d11dfbef8288af36dfddd418c?s=96&d=mm&r=g","url":"https:\/\/secure.gravatar.com\/avatar\/769db425c6f465158149f1ffd6cf61ce7a8a879d11dfbef8288af36dfddd418c?s=96&d=mm&r=g","contentUrl":"https:\/\/secure.gravatar.com\/avatar\/769db425c6f465158149f1ffd6cf61ce7a8a879d11dfbef8288af36dfddd418c?s=96&d=mm&r=g","caption":"La r\u00e9daction"},"sameAs":["http:\/\/www.lkeria.com\/"],"url":"https:\/\/www.info-algerie.com\/actualites\/author\/chakib32\/"}]}},"_links":{"self":[{"href":"https:\/\/www.info-algerie.com\/actualites\/wp-json\/wp\/v2\/posts\/16983","targetHints":{"allow":["GET"]}}],"collection":[{"href":"https:\/\/www.info-algerie.com\/actualites\/wp-json\/wp\/v2\/posts"}],"about":[{"href":"https:\/\/www.info-algerie.com\/actualites\/wp-json\/wp\/v2\/types\/post"}],"author":[{"embeddable":true,"href":"https:\/\/www.info-algerie.com\/actualites\/wp-json\/wp\/v2\/users\/6"}],"replies":[{"embeddable":true,"href":"https:\/\/www.info-algerie.com\/actualites\/wp-json\/wp\/v2\/comments?post=16983"}],"version-history":[{"count":0,"href":"https:\/\/www.info-algerie.com\/actualites\/wp-json\/wp\/v2\/posts\/16983\/revisions"}],"wp:attachment":[{"href":"https:\/\/www.info-algerie.com\/actualites\/wp-json\/wp\/v2\/media?parent=16983"}],"wp:term":[{"taxonomy":"category","embeddable":true,"href":"https:\/\/www.info-algerie.com\/actualites\/wp-json\/wp\/v2\/categories?post=16983"},{"taxonomy":"post_tag","embeddable":true,"href":"https:\/\/www.info-algerie.com\/actualites\/wp-json\/wp\/v2\/tags?post=16983"}],"curies":[{"name":"wp","href":"https:\/\/api.w.org\/{rel}","templated":true}]}}