{"id":16994,"date":"2017-10-17T18:43:14","date_gmt":"2017-10-17T17:43:14","guid":{"rendered":"http:\/\/www.info-algerie.com\/actualites\/la-secretaire-generale-du-ministere-italien-des-affaires-etrangeres-en-visite-en-algerie\/"},"modified":"2017-10-17T18:43:14","modified_gmt":"2017-10-17T17:43:14","slug":"la-secretaire-generale-du-ministere-italien-des-affaires-etrangeres-en-visite-en-algerie","status":"publish","type":"post","link":"https:\/\/www.info-algerie.com\/actualites\/la-secretaire-generale-du-ministere-italien-des-affaires-etrangeres-en-visite-en-algerie\/","title":{"rendered":"La secr\u00e9taire g\u00e9n\u00e9rale du minist\u00e8re italien des Affaires \u00e9trang\u00e8res en visite en Alg\u00e9rie"},"content":{"rendered":"<div class=\"K2FeedIntroText\">\n<p>ALGER &#8211; La secr\u00e9taire g\u00e9n\u00e9rale du minist\u00e8re italien des Affaires \u00e9trang\u00e8res et de la Coop\u00e9ration internationale, Mme Elisabetta Belloni, effectue du mardi au jeudi, une visite de travail en Alg\u00e9rie, dans le cadre des consultations politiques r\u00e9guli\u00e8res entre les minist\u00e8res\u00a0 alg\u00e9rien et italien des Affaires \u00e9trang\u00e8res, a indiqu\u00e9 un communiqu\u00e9 du minist\u00e8re des Affaires \u00e9trang\u00e8res.<\/p>\n<p>&#013;\n<\/p><\/div>\n<div class=\"K2FeedFullText\">&#013;<\/p>\n<p>L\u2019approfondissement du dialogue politique et de coop\u00e9ration entre les deux pays, en application du Trait\u00e9 d\u2019Amiti\u00e9, de Bon Voisinage et de Coop\u00e9ration, sign\u00e9 \u00e0 Alger, le 27 janvier 2003, entre l\u2019Alg\u00e9rie et l\u2019Italie sera au centre des entretiens de Mme Elisabetta Belloni avec son homologue alg\u00e9rien, Noureddine Ayadi, secr\u00e9taire g\u00e9n\u00e9ral du minist\u00e8re des Affaires \u00e9trang\u00e8res, a pr\u00e9cis\u00e9 la m\u00eame source.<\/p>\n<p>&#013;<\/p>\n<p>Ces consultations politiques seront l\u2019occasion pour les deux parties de \u00ab\u00a0passer en revue les \u00e9ch\u00e9ances bilat\u00e9rales dont celle relative \u00e0 la pr\u00e9paration de la 4\u00e8me R\u00e9union de Haut Niveau, pr\u00e9vue \u00e0 Alger au cours du premier semestre de l\u2019ann\u00e9e 2018\u00a0\u00bb,\u00a0 a soulign\u00e9 le communiqu\u00e9 du MAE.<\/p>\n<p>&#013;<\/p>\n<p>Les deux hauts responsables feront \u00e9galement le point sur la coop\u00e9ration dans les diff\u00e9rents secteurs et proc\u00e8deront \u00e0 un \u00e9change de vue sur les questions r\u00e9gionales et internationales d\u2019int\u00e9r\u00eat commun, a relev\u00e9 la m\u00eame source.<\/p>\n<p>&#013;<\/p>\n<p>Au cours de son s\u00e9jour \u00e0 Alger, Mme Elisabetta Belloni sera re\u00e7u au niveau de certains minist\u00e8res et institutions nationales.<\/p>\n<\/div>\n<p>&#013;<br \/>\nSource: <a href=\"http:\/\/www.aps.dz\/algerie\/64098-la-secretaire-generale-du-ministere-italien-des-affaires-etrangeres-en-visite-en-algerie\" target=\"_blank\">La secr\u00e9taire g\u00e9n\u00e9rale du minist\u00e8re italien des Affaires \u00e9trang\u00e8res en visite en Alg\u00e9rie<\/a><\/p>\n<!--CusAds0-->\n<div style=\"font-size: 0px; height: 0px; line-height: 0px; margin: 0; padding: 0; clear: both;\"><\/div>","protected":false},"excerpt":{"rendered":"<p>ALGER &#8211; La secr\u00e9taire g\u00e9n\u00e9rale du minist\u00e8re italien des Affaires \u00e9trang\u00e8res et de la Coop\u00e9ration internationale, Mme Elisabetta Belloni, effectue du mardi au jeudi, une visite de travail en Alg\u00e9rie, dans le cadre des consultations politiques r\u00e9guli\u00e8res entre les minist\u00e8res\u00a0 alg\u00e9rien et italien des Affaires \u00e9trang\u00e8res, a indiqu\u00e9 un communiqu\u00e9 du minist\u00e8re des Affaires \u00e9trang\u00e8res.<\/p>\n","protected":false},"author":6,"featured_media":0,"comment_status":"open","ping_status":"open","sticky":false,"template":"","format":"standard","meta":{"footnotes":""},"categories":[22],"tags":[93],"class_list":["post-16994","post","type-post","status-publish","format-standard","hentry","category-infos","tag-onu"],"yoast_head":"<!-- This site is optimized with the Yoast SEO plugin v27.5 - https:\/\/yoast.com\/product\/yoast-seo-wordpress\/ -->\n<title>La secr\u00e9taire g\u00e9n\u00e9rale du minist\u00e8re italien des Affaires \u00e9trang\u00e8res en visite en Alg\u00e9rie - info algerie<\/title>\n<meta name=\"robots\" content=\"index, follow, max-snippet:-1, max-image-preview:large, max-video-preview:-1\" \/>\n<link rel=\"canonical\" href=\"https:\/\/www.info-algerie.com\/actualites\/la-secretaire-generale-du-ministere-italien-des-affaires-etrangeres-en-visite-en-algerie\/\" \/>\n<meta property=\"og:locale\" content=\"fr_FR\" \/>\n<meta property=\"og:type\" content=\"article\" \/>\n<meta property=\"og:title\" content=\"La secr\u00e9taire g\u00e9n\u00e9rale du minist\u00e8re italien des Affaires \u00e9trang\u00e8res en visite en Alg\u00e9rie - info algerie\" \/>\n<meta property=\"og:description\" content=\"ALGER &#8211; La secr\u00e9taire g\u00e9n\u00e9rale du minist\u00e8re italien des Affaires \u00e9trang\u00e8res et de la Coop\u00e9ration internationale, Mme Elisabetta Belloni, effectue du mardi au jeudi, une visite de travail en Alg\u00e9rie, dans le cadre des consultations politiques r\u00e9guli\u00e8res entre les minist\u00e8res\u00a0 alg\u00e9rien et italien des Affaires \u00e9trang\u00e8res, a indiqu\u00e9 un communiqu\u00e9 du minist\u00e8re des Affaires \u00e9trang\u00e8res.\" \/>\n<meta property=\"og:url\" content=\"https:\/\/www.info-algerie.com\/actualites\/la-secretaire-generale-du-ministere-italien-des-affaires-etrangeres-en-visite-en-algerie\/\" \/>\n<meta property=\"og:site_name\" content=\"info algerie\" \/>\n<meta property=\"article:publisher\" content=\"https:\/\/www.facebook.com\/infoalgerieactu\" \/>\n<meta property=\"article:published_time\" content=\"2017-10-17T17:43:14+00:00\" \/>\n<meta name=\"author\" content=\"La r\u00e9daction\" \/>\n<meta name=\"twitter:label1\" content=\"\u00c9crit par\" \/>\n\t<meta name=\"twitter:data1\" content=\"La r\u00e9daction\" \/>\n\t<meta name=\"twitter:label2\" content=\"Dur\u00e9e de lecture estim\u00e9e\" \/>\n\t<meta name=\"twitter:data2\" content=\"1 minute\" \/>\n<script type=\"application\/ld+json\" class=\"yoast-schema-graph\">{\"@context\":\"https:\\\/\\\/schema.org\",\"@graph\":[{\"@type\":\"Article\",\"@id\":\"https:\\\/\\\/www.info-algerie.com\\\/actualites\\\/la-secretaire-generale-du-ministere-italien-des-affaires-etrangeres-en-visite-en-algerie\\\/#article\",\"isPartOf\":{\"@id\":\"https:\\\/\\\/www.info-algerie.com\\\/actualites\\\/la-secretaire-generale-du-ministere-italien-des-affaires-etrangeres-en-visite-en-algerie\\\/\"},\"author\":{\"name\":\"La r\u00e9daction\",\"@id\":\"https:\\\/\\\/www.info-algerie.com\\\/actualites\\\/#\\\/schema\\\/person\\\/847aaec44920825b843a08f30ec6aa1e\"},\"headline\":\"La secr\u00e9taire g\u00e9n\u00e9rale du minist\u00e8re italien des Affaires \u00e9trang\u00e8res en visite en Alg\u00e9rie\",\"datePublished\":\"2017-10-17T17:43:14+00:00\",\"mainEntityOfPage\":{\"@id\":\"https:\\\/\\\/www.info-algerie.com\\\/actualites\\\/la-secretaire-generale-du-ministere-italien-des-affaires-etrangeres-en-visite-en-algerie\\\/\"},\"wordCount\":295,\"commentCount\":0,\"publisher\":{\"@id\":\"https:\\\/\\\/www.info-algerie.com\\\/actualites\\\/#organization\"},\"keywords\":[\"ONU\"],\"articleSection\":[\"infos\"],\"inLanguage\":\"fr-FR\",\"potentialAction\":[{\"@type\":\"CommentAction\",\"name\":\"Comment\",\"target\":[\"https:\\\/\\\/www.info-algerie.com\\\/actualites\\\/la-secretaire-generale-du-ministere-italien-des-affaires-etrangeres-en-visite-en-algerie\\\/#respond\"]}]},{\"@type\":\"WebPage\",\"@id\":\"https:\\\/\\\/www.info-algerie.com\\\/actualites\\\/la-secretaire-generale-du-ministere-italien-des-affaires-etrangeres-en-visite-en-algerie\\\/\",\"url\":\"https:\\\/\\\/www.info-algerie.com\\\/actualites\\\/la-secretaire-generale-du-ministere-italien-des-affaires-etrangeres-en-visite-en-algerie\\\/\",\"name\":\"La secr\u00e9taire g\u00e9n\u00e9rale du minist\u00e8re italien des Affaires \u00e9trang\u00e8res en visite en Alg\u00e9rie - info algerie\",\"isPartOf\":{\"@id\":\"https:\\\/\\\/www.info-algerie.com\\\/actualites\\\/#website\"},\"datePublished\":\"2017-10-17T17:43:14+00:00\",\"breadcrumb\":{\"@id\":\"https:\\\/\\\/www.info-algerie.com\\\/actualites\\\/la-secretaire-generale-du-ministere-italien-des-affaires-etrangeres-en-visite-en-algerie\\\/#breadcrumb\"},\"inLanguage\":\"fr-FR\",\"potentialAction\":[{\"@type\":\"ReadAction\",\"target\":[\"https:\\\/\\\/www.info-algerie.com\\\/actualites\\\/la-secretaire-generale-du-ministere-italien-des-affaires-etrangeres-en-visite-en-algerie\\\/\"]}]},{\"@type\":\"BreadcrumbList\",\"@id\":\"https:\\\/\\\/www.info-algerie.com\\\/actualites\\\/la-secretaire-generale-du-ministere-italien-des-affaires-etrangeres-en-visite-en-algerie\\\/#breadcrumb\",\"itemListElement\":[{\"@type\":\"ListItem\",\"position\":1,\"name\":\"Accueil\",\"item\":\"https:\\\/\\\/www.info-algerie.com\\\/actualites\\\/\"},{\"@type\":\"ListItem\",\"position\":2,\"name\":\"La secr\u00e9taire g\u00e9n\u00e9rale du minist\u00e8re italien des Affaires \u00e9trang\u00e8res en visite en Alg\u00e9rie\"}]},{\"@type\":\"WebSite\",\"@id\":\"https:\\\/\\\/www.info-algerie.com\\\/actualites\\\/#website\",\"url\":\"https:\\\/\\\/www.info-algerie.com\\\/actualites\\\/\",\"name\":\"info algerie\",\"description\":\"Toutes les actualit\u00e9s\",\"publisher\":{\"@id\":\"https:\\\/\\\/www.info-algerie.com\\\/actualites\\\/#organization\"},\"potentialAction\":[{\"@type\":\"SearchAction\",\"target\":{\"@type\":\"EntryPoint\",\"urlTemplate\":\"https:\\\/\\\/www.info-algerie.com\\\/actualites\\\/?s={search_term_string}\"},\"query-input\":{\"@type\":\"PropertyValueSpecification\",\"valueRequired\":true,\"valueName\":\"search_term_string\"}}],\"inLanguage\":\"fr-FR\"},{\"@type\":\"Organization\",\"@id\":\"https:\\\/\\\/www.info-algerie.com\\\/actualites\\\/#organization\",\"name\":\"info algerie\",\"url\":\"https:\\\/\\\/www.info-algerie.com\\\/actualites\\\/\",\"logo\":{\"@type\":\"ImageObject\",\"inLanguage\":\"fr-FR\",\"@id\":\"https:\\\/\\\/www.info-algerie.com\\\/actualites\\\/#\\\/schema\\\/logo\\\/image\\\/\",\"url\":\"https:\\\/\\\/www.info-algerie.com\\\/actualites\\\/wp-content\\\/uploads\\\/2022\\\/07\\\/logo-ia-120.png\",\"contentUrl\":\"https:\\\/\\\/www.info-algerie.com\\\/actualites\\\/wp-content\\\/uploads\\\/2022\\\/07\\\/logo-ia-120.png\",\"width\":120,\"height\":43,\"caption\":\"info algerie\"},\"image\":{\"@id\":\"https:\\\/\\\/www.info-algerie.com\\\/actualites\\\/#\\\/schema\\\/logo\\\/image\\\/\"},\"sameAs\":[\"https:\\\/\\\/www.facebook.com\\\/infoalgerieactu\",\"https:\\\/\\\/x.com\\\/infoalgerie1\"]},{\"@type\":\"Person\",\"@id\":\"https:\\\/\\\/www.info-algerie.com\\\/actualites\\\/#\\\/schema\\\/person\\\/847aaec44920825b843a08f30ec6aa1e\",\"name\":\"La r\u00e9daction\",\"image\":{\"@type\":\"ImageObject\",\"inLanguage\":\"fr-FR\",\"@id\":\"https:\\\/\\\/secure.gravatar.com\\\/avatar\\\/769db425c6f465158149f1ffd6cf61ce7a8a879d11dfbef8288af36dfddd418c?s=96&d=mm&r=g\",\"url\":\"https:\\\/\\\/secure.gravatar.com\\\/avatar\\\/769db425c6f465158149f1ffd6cf61ce7a8a879d11dfbef8288af36dfddd418c?s=96&d=mm&r=g\",\"contentUrl\":\"https:\\\/\\\/secure.gravatar.com\\\/avatar\\\/769db425c6f465158149f1ffd6cf61ce7a8a879d11dfbef8288af36dfddd418c?s=96&d=mm&r=g\",\"caption\":\"La r\u00e9daction\"},\"sameAs\":[\"http:\\\/\\\/www.lkeria.com\\\/\"],\"url\":\"https:\\\/\\\/www.info-algerie.com\\\/actualites\\\/author\\\/chakib32\\\/\"}]}<\/script>\n<!-- \/ Yoast SEO plugin. -->","yoast_head_json":{"title":"La secr\u00e9taire g\u00e9n\u00e9rale du minist\u00e8re italien des Affaires \u00e9trang\u00e8res en visite en Alg\u00e9rie - info algerie","robots":{"index":"index","follow":"follow","max-snippet":"max-snippet:-1","max-image-preview":"max-image-preview:large","max-video-preview":"max-video-preview:-1"},"canonical":"https:\/\/www.info-algerie.com\/actualites\/la-secretaire-generale-du-ministere-italien-des-affaires-etrangeres-en-visite-en-algerie\/","og_locale":"fr_FR","og_type":"article","og_title":"La secr\u00e9taire g\u00e9n\u00e9rale du minist\u00e8re italien des Affaires \u00e9trang\u00e8res en visite en Alg\u00e9rie - info algerie","og_description":"ALGER &#8211; La secr\u00e9taire g\u00e9n\u00e9rale du minist\u00e8re italien des Affaires \u00e9trang\u00e8res et de la Coop\u00e9ration internationale, Mme Elisabetta Belloni, effectue du mardi au jeudi, une visite de travail en Alg\u00e9rie, dans le cadre des consultations politiques r\u00e9guli\u00e8res entre les minist\u00e8res\u00a0 alg\u00e9rien et italien des Affaires \u00e9trang\u00e8res, a indiqu\u00e9 un communiqu\u00e9 du minist\u00e8re des Affaires \u00e9trang\u00e8res.","og_url":"https:\/\/www.info-algerie.com\/actualites\/la-secretaire-generale-du-ministere-italien-des-affaires-etrangeres-en-visite-en-algerie\/","og_site_name":"info algerie","article_publisher":"https:\/\/www.facebook.com\/infoalgerieactu","article_published_time":"2017-10-17T17:43:14+00:00","author":"La r\u00e9daction","twitter_misc":{"\u00c9crit par":"La r\u00e9daction","Dur\u00e9e de lecture estim\u00e9e":"1 minute"},"schema":{"@context":"https:\/\/schema.org","@graph":[{"@type":"Article","@id":"https:\/\/www.info-algerie.com\/actualites\/la-secretaire-generale-du-ministere-italien-des-affaires-etrangeres-en-visite-en-algerie\/#article","isPartOf":{"@id":"https:\/\/www.info-algerie.com\/actualites\/la-secretaire-generale-du-ministere-italien-des-affaires-etrangeres-en-visite-en-algerie\/"},"author":{"name":"La r\u00e9daction","@id":"https:\/\/www.info-algerie.com\/actualites\/#\/schema\/person\/847aaec44920825b843a08f30ec6aa1e"},"headline":"La secr\u00e9taire g\u00e9n\u00e9rale du minist\u00e8re italien des Affaires \u00e9trang\u00e8res en visite en Alg\u00e9rie","datePublished":"2017-10-17T17:43:14+00:00","mainEntityOfPage":{"@id":"https:\/\/www.info-algerie.com\/actualites\/la-secretaire-generale-du-ministere-italien-des-affaires-etrangeres-en-visite-en-algerie\/"},"wordCount":295,"commentCount":0,"publisher":{"@id":"https:\/\/www.info-algerie.com\/actualites\/#organization"},"keywords":["ONU"],"articleSection":["infos"],"inLanguage":"fr-FR","potentialAction":[{"@type":"CommentAction","name":"Comment","target":["https:\/\/www.info-algerie.com\/actualites\/la-secretaire-generale-du-ministere-italien-des-affaires-etrangeres-en-visite-en-algerie\/#respond"]}]},{"@type":"WebPage","@id":"https:\/\/www.info-algerie.com\/actualites\/la-secretaire-generale-du-ministere-italien-des-affaires-etrangeres-en-visite-en-algerie\/","url":"https:\/\/www.info-algerie.com\/actualites\/la-secretaire-generale-du-ministere-italien-des-affaires-etrangeres-en-visite-en-algerie\/","name":"La secr\u00e9taire g\u00e9n\u00e9rale du minist\u00e8re italien des Affaires \u00e9trang\u00e8res en visite en Alg\u00e9rie - info algerie","isPartOf":{"@id":"https:\/\/www.info-algerie.com\/actualites\/#website"},"datePublished":"2017-10-17T17:43:14+00:00","breadcrumb":{"@id":"https:\/\/www.info-algerie.com\/actualites\/la-secretaire-generale-du-ministere-italien-des-affaires-etrangeres-en-visite-en-algerie\/#breadcrumb"},"inLanguage":"fr-FR","potentialAction":[{"@type":"ReadAction","target":["https:\/\/www.info-algerie.com\/actualites\/la-secretaire-generale-du-ministere-italien-des-affaires-etrangeres-en-visite-en-algerie\/"]}]},{"@type":"BreadcrumbList","@id":"https:\/\/www.info-algerie.com\/actualites\/la-secretaire-generale-du-ministere-italien-des-affaires-etrangeres-en-visite-en-algerie\/#breadcrumb","itemListElement":[{"@type":"ListItem","position":1,"name":"Accueil","item":"https:\/\/www.info-algerie.com\/actualites\/"},{"@type":"ListItem","position":2,"name":"La secr\u00e9taire g\u00e9n\u00e9rale du minist\u00e8re italien des Affaires \u00e9trang\u00e8res en visite en Alg\u00e9rie"}]},{"@type":"WebSite","@id":"https:\/\/www.info-algerie.com\/actualites\/#website","url":"https:\/\/www.info-algerie.com\/actualites\/","name":"info algerie","description":"Toutes les actualit\u00e9s","publisher":{"@id":"https:\/\/www.info-algerie.com\/actualites\/#organization"},"potentialAction":[{"@type":"SearchAction","target":{"@type":"EntryPoint","urlTemplate":"https:\/\/www.info-algerie.com\/actualites\/?s={search_term_string}"},"query-input":{"@type":"PropertyValueSpecification","valueRequired":true,"valueName":"search_term_string"}}],"inLanguage":"fr-FR"},{"@type":"Organization","@id":"https:\/\/www.info-algerie.com\/actualites\/#organization","name":"info algerie","url":"https:\/\/www.info-algerie.com\/actualites\/","logo":{"@type":"ImageObject","inLanguage":"fr-FR","@id":"https:\/\/www.info-algerie.com\/actualites\/#\/schema\/logo\/image\/","url":"https:\/\/www.info-algerie.com\/actualites\/wp-content\/uploads\/2022\/07\/logo-ia-120.png","contentUrl":"https:\/\/www.info-algerie.com\/actualites\/wp-content\/uploads\/2022\/07\/logo-ia-120.png","width":120,"height":43,"caption":"info algerie"},"image":{"@id":"https:\/\/www.info-algerie.com\/actualites\/#\/schema\/logo\/image\/"},"sameAs":["https:\/\/www.facebook.com\/infoalgerieactu","https:\/\/x.com\/infoalgerie1"]},{"@type":"Person","@id":"https:\/\/www.info-algerie.com\/actualites\/#\/schema\/person\/847aaec44920825b843a08f30ec6aa1e","name":"La r\u00e9daction","image":{"@type":"ImageObject","inLanguage":"fr-FR","@id":"https:\/\/secure.gravatar.com\/avatar\/769db425c6f465158149f1ffd6cf61ce7a8a879d11dfbef8288af36dfddd418c?s=96&d=mm&r=g","url":"https:\/\/secure.gravatar.com\/avatar\/769db425c6f465158149f1ffd6cf61ce7a8a879d11dfbef8288af36dfddd418c?s=96&d=mm&r=g","contentUrl":"https:\/\/secure.gravatar.com\/avatar\/769db425c6f465158149f1ffd6cf61ce7a8a879d11dfbef8288af36dfddd418c?s=96&d=mm&r=g","caption":"La r\u00e9daction"},"sameAs":["http:\/\/www.lkeria.com\/"],"url":"https:\/\/www.info-algerie.com\/actualites\/author\/chakib32\/"}]}},"_links":{"self":[{"href":"https:\/\/www.info-algerie.com\/actualites\/wp-json\/wp\/v2\/posts\/16994","targetHints":{"allow":["GET"]}}],"collection":[{"href":"https:\/\/www.info-algerie.com\/actualites\/wp-json\/wp\/v2\/posts"}],"about":[{"href":"https:\/\/www.info-algerie.com\/actualites\/wp-json\/wp\/v2\/types\/post"}],"author":[{"embeddable":true,"href":"https:\/\/www.info-algerie.com\/actualites\/wp-json\/wp\/v2\/users\/6"}],"replies":[{"embeddable":true,"href":"https:\/\/www.info-algerie.com\/actualites\/wp-json\/wp\/v2\/comments?post=16994"}],"version-history":[{"count":0,"href":"https:\/\/www.info-algerie.com\/actualites\/wp-json\/wp\/v2\/posts\/16994\/revisions"}],"wp:attachment":[{"href":"https:\/\/www.info-algerie.com\/actualites\/wp-json\/wp\/v2\/media?parent=16994"}],"wp:term":[{"taxonomy":"category","embeddable":true,"href":"https:\/\/www.info-algerie.com\/actualites\/wp-json\/wp\/v2\/categories?post=16994"},{"taxonomy":"post_tag","embeddable":true,"href":"https:\/\/www.info-algerie.com\/actualites\/wp-json\/wp\/v2\/tags?post=16994"}],"curies":[{"name":"wp","href":"https:\/\/api.w.org\/{rel}","templated":true}]}}