{"id":16996,"date":"2017-10-17T18:21:46","date_gmt":"2017-10-17T17:21:46","guid":{"rendered":"http:\/\/www.info-algerie.com\/actualites\/decentralisation-des-decisions-de-prise-en-charge-des-moudjahidine-et-ayants-droits\/"},"modified":"2017-10-17T18:21:46","modified_gmt":"2017-10-17T17:21:46","slug":"decentralisation-des-decisions-de-prise-en-charge-des-moudjahidine-et-ayants-droits","status":"publish","type":"post","link":"https:\/\/www.info-algerie.com\/actualites\/decentralisation-des-decisions-de-prise-en-charge-des-moudjahidine-et-ayants-droits\/","title":{"rendered":"D\u00e9centralisation des d\u00e9cisions de prise en charge des moudjahidine et ayants droits"},"content":{"rendered":"<div class=\"K2FeedImage\"><img decoding=\"async\" src=\"https:\/\/www.info-algerie.com\/actualites\/wp-content\/uploads\/2017\/10\/c3f41a5a889dc178416dccd8c286a13f_S.jpg\" alt=\"D&#xE9;centralisation des d&#xE9;cisions de prise en charge des moudjahidine et ayants droits\" \/><\/div>\n<div class=\"K2FeedIntroText\">\n<p class=\"MsoNoSpacing\">SOUK AHRAS- Le ministre des Moudjahidine, <a href=\"http:\/\/www.aps.dz\/algerie\/63717-la-preservation-de-la-stabilite-du-pays-impose-d-etre-fidele-a-la-revolution\"><strong>Tayeb Zitouni,<\/strong><\/a> a annonc\u00e9 mardi, \u00e0 Souk Ahras, que toutes les d\u00e9cisions relatives \u00e0 la prise en charge des moudjahidine et ayants droits seront \u2018\u2018d\u00e9centralis\u00e9es \u00e0 compter du 1er janvier 2018\u2019\u2019.<\/p>\n<p>&#013;\n<\/p><\/div>\n<div class=\"K2FeedFullText\">&#013;<\/p>\n<p>Les directions de moudjahidine de toutes les wilayas du pays seront ainsi autoris\u00e9es \u00e0 prendre des d\u00e9cisions qui \u00e9taient auparavant centralis\u00e9es au niveau du minist\u00e8re, notamment les \u00e9ventuelles rectifications, l\u2019octroi des diverses allocations et la programmation au niveau des centres de repos, a\u00a0indiqu\u00e9 sur les ondes de radio Souk Ahras le ministre \u00e0 l\u2019occasion des festivit\u00e9s officielles de la comm\u00e9moration du 56\u00e8me anniversaire des \u00e9v\u00e8nements du <a href=\"http:\/\/www.aps.dz\/algerie\/64091-appel-reitere-a-des-excuses-au-peuple-algerien-et-a-la-restitution-des-cranes-des-chouhada\"><strong>17 octobre 1961<\/strong><\/a>.<\/p>\n<p>&#013;<\/p>\n<blockquote><p>&#013;<\/p>\n<p><em><strong>Cette mesure sera de nature \u00e0 \u2018\u2018simplifier les proc\u00e9dures administratives, combattre la bureaucratie et \u00e9viter les d\u00e9placements aux moudjahidine et veuves de chouhada\u2019\u2019, a ajout\u00e9 M. Zitouni qui a assur\u00e9 que \u2018\u2018de hautes technologies ont \u00e9t\u00e9 adopt\u00e9es en mati\u00e8re de traitement des dossiers et de\u00a0raccordement des directions de wilayas \u00e0 la centrale, en plus de la num\u00e9risation des archives du minist\u00e8re\u2019\u2019.<\/strong><\/em><\/p>\n<p>&#013;\n<\/p><\/blockquote>\n<p>&#013;<\/p>\n<p>Apr\u00e8s avoir pris part \u00e0 la c\u00e9r\u00e9monie de recueillement \u00e0 la m\u00e9moire des chouhada, le ministre a pr\u00e9sid\u00e9 \u00e0 la salle des conf\u00e9rences, Miloud Tahri, l\u2019ouverture d\u2019une conf\u00e9rence historique sur les manifestations pacifiques du <a href=\"http:\/\/www.aps.dz\/algerie\/64083-massacre-du-17-octobre-1961-ceremonie-de-recueillement-sur-le-pont-saint-michel-a-paris\"><strong>17 octobre 1961<\/strong><\/a> \u00e0 Paris (France), durant lesquelles plusieurs centaines\u00a0d\u2019alg\u00e9riens, descendus dans la rue pour revendiquer l\u2019ind\u00e9pendance, ont \u00e9t\u00e9 sauvagement r\u00e9prim\u00e9s, tu\u00e9s et jet\u00e9s dans la Seine par la police fran\u00e7aise.<\/p>\n<p>&#013;<\/p>\n<blockquote><p>&#013;<\/p>\n<p><em><strong>\u2018\u2018Cette date symbolise le militantisme et l\u2019engagement de tous les alg\u00e9riens de l\u2019\u00e9migration qui ont accompli leur devoir envers la R\u00e9volution de novembre et la d\u00e9fense de la cause nationale sur la sc\u00e8ne internationale\u2019\u2019, a soulign\u00e9 le ministre dans son allocution estimant que cette c\u00e9l\u00e9bration permet de transmettre le message port\u00e9 par la r\u00e9volution aux g\u00e9n\u00e9rations montantes. <\/strong><\/em><\/p>\n<p>&#013;\n<\/p><\/blockquote>\n<p>&#013;<\/p>\n<p>Ces manifestations traduisent aussi le haut degr\u00e9 de conscience du peuple alg\u00e9rien et sa coh\u00e9sion face au colonialisme qui a tent\u00e9 d\u2019\u00e9craser par la force la flamme patriotique mais a but\u00e9 sur la foi invincible du peuple alg\u00e9rien fort de la justesse de sa cause, a estim\u00e9 M. Zitouni devant un une\u00a0assistance compos\u00e9e de moudjahidine, fils de chouhada, historiens et repr\u00e9sentants de la soci\u00e9t\u00e9 civile.<\/p>\n<p>&#013;<\/p>\n<p>Ces manifestations avaient donn\u00e9 un \u00e9lan puissant pour la r\u00e9volution sur la sc\u00e8ne internationale montrant au monde le lien solide des enfants de l\u2019Alg\u00e9rie \u00e0 l\u2019int\u00e9rieur et \u00e0 l\u2019ext\u00e9rieur de leur pays et la maturit\u00e9 de la communaut\u00e9 alg\u00e9rienne \u00e9tablie \u00e0 l\u2019\u00e9tranger, a not\u00e9 le ministre.<\/p>\n<p>&#013;<\/p>\n<p>Ces manifestations, a encore soulign\u00e9 le ministre, avaient aussi \u2018\u2018d\u00e9masqu\u00e9 la barbarie et la sauvagerie du colonialisme fran\u00e7ais dont les bourreaux sanguinaires n\u2019avaient pas h\u00e9sit\u00e9 \u00e0 tuer par balles ou jeter dans le cours de la Seine des hommes et des femmes d\u00e9sarm\u00e9s sortis r\u00e9clamer leur\u00a0libert\u00e9 dans une des \u00e9pop\u00e9es h\u00e9ro\u00efques du peuple alg\u00e9rien\u2019\u2019.<\/p>\n<p>&#013;<\/p>\n<p>Le ministre des Moudjahidine a entam\u00e9 lundi apr\u00e8s-midi sa visite dans la wilaya de Souk Ahras en supervisant le lancement des travaux de r\u00e9alisation d\u2019un groupe scolaire sur le plan d\u2019occupation au sol (POS) n\u00a0 10 du chef-lieu de wilaya et la baptisation de trois r\u00e9sidences universitaires du\u00a0nom de d\u00e9funts moudjahidine.<\/p>\n<p>&#013;<\/p>\n<p>M. Zitouni a rendu \u00e9galement visite \u00e0 Naoua Bent Tahar, veuve du chahid Sa\u00efd Kafi et aux moudjahidine Mohamed Bensoltane et Tayeb Sedira et a, en outre, visit\u00e9 les diff\u00e9rentes ailes du mus\u00e9e du moudjahid de la ville.\u00a0\u00a0<\/p>\n<\/div>\n<p>&#013;<br \/>\nSource: <a href=\"http:\/\/www.aps.dz\/algerie\/64097-decentralisation-des-decisions-de-prise-en-charge-des-moudjahidine-et-ayants-droits\" target=\"_blank\">D\u00e9centralisation des d\u00e9cisions de prise en charge des moudjahidine et ayants droits<\/a><\/p>\n<!--CusAds0-->\n<div style=\"font-size: 0px; height: 0px; line-height: 0px; margin: 0; padding: 0; clear: both;\"><\/div>","protected":false},"excerpt":{"rendered":"<p>SOUK AHRAS- Le ministre des Moudjahidine, Tayeb Zitouni, a annonc\u00e9 mardi, \u00e0 Souk Ahras, que toutes les d\u00e9cisions relatives \u00e0 la prise en charge des moudjahidine et ayants droits seront \u2018\u2018d\u00e9centralis\u00e9es \u00e0 compter du 1er janvier 2018\u2019\u2019. &#013; &#013; Les directions de moudjahidine de toutes les wilayas du pays seront ainsi autoris\u00e9es \u00e0 prendre des<\/p>\n","protected":false},"author":6,"featured_media":16997,"comment_status":"open","ping_status":"open","sticky":false,"template":"","format":"standard","meta":{"footnotes":""},"categories":[22],"tags":[93],"class_list":["post-16996","post","type-post","status-publish","format-standard","has-post-thumbnail","hentry","category-infos","tag-onu"],"yoast_head":"<!-- This site is optimized with the Yoast SEO plugin v27.5 - https:\/\/yoast.com\/product\/yoast-seo-wordpress\/ -->\n<title>D\u00e9centralisation des d\u00e9cisions de prise en charge des moudjahidine et ayants droits - info algerie<\/title>\n<meta name=\"robots\" content=\"index, follow, max-snippet:-1, max-image-preview:large, max-video-preview:-1\" \/>\n<link rel=\"canonical\" href=\"https:\/\/www.info-algerie.com\/actualites\/decentralisation-des-decisions-de-prise-en-charge-des-moudjahidine-et-ayants-droits\/\" \/>\n<meta property=\"og:locale\" content=\"fr_FR\" \/>\n<meta property=\"og:type\" content=\"article\" \/>\n<meta property=\"og:title\" content=\"D\u00e9centralisation des d\u00e9cisions de prise en charge des moudjahidine et ayants droits - info algerie\" \/>\n<meta property=\"og:description\" content=\"SOUK AHRAS- Le ministre des Moudjahidine, Tayeb Zitouni, a annonc\u00e9 mardi, \u00e0 Souk Ahras, que toutes les d\u00e9cisions relatives \u00e0 la prise en charge des moudjahidine et ayants droits seront \u2018\u2018d\u00e9centralis\u00e9es \u00e0 compter du 1er janvier 2018\u2019\u2019. &#013; &#013; Les directions de moudjahidine de toutes les wilayas du pays seront ainsi autoris\u00e9es \u00e0 prendre des\" \/>\n<meta property=\"og:url\" content=\"https:\/\/www.info-algerie.com\/actualites\/decentralisation-des-decisions-de-prise-en-charge-des-moudjahidine-et-ayants-droits\/\" \/>\n<meta property=\"og:site_name\" content=\"info algerie\" \/>\n<meta property=\"article:publisher\" content=\"https:\/\/www.facebook.com\/infoalgerieactu\" \/>\n<meta property=\"article:published_time\" content=\"2017-10-17T17:21:46+00:00\" \/>\n<meta property=\"og:image\" content=\"https:\/\/www.info-algerie.com\/actualites\/wp-content\/uploads\/2017\/10\/c3f41a5a889dc178416dccd8c286a13f_S-1.jpg\" \/>\n\t<meta property=\"og:image:width\" content=\"280\" \/>\n\t<meta property=\"og:image:height\" content=\"158\" \/>\n\t<meta property=\"og:image:type\" content=\"image\/jpeg\" \/>\n<meta name=\"author\" content=\"La r\u00e9daction\" \/>\n<meta name=\"twitter:label1\" content=\"\u00c9crit par\" \/>\n\t<meta name=\"twitter:data1\" content=\"La r\u00e9daction\" \/>\n\t<meta name=\"twitter:label2\" content=\"Dur\u00e9e de lecture estim\u00e9e\" \/>\n\t<meta name=\"twitter:data2\" content=\"3 minutes\" \/>\n<script type=\"application\/ld+json\" class=\"yoast-schema-graph\">{\"@context\":\"https:\\\/\\\/schema.org\",\"@graph\":[{\"@type\":\"Article\",\"@id\":\"https:\\\/\\\/www.info-algerie.com\\\/actualites\\\/decentralisation-des-decisions-de-prise-en-charge-des-moudjahidine-et-ayants-droits\\\/#article\",\"isPartOf\":{\"@id\":\"https:\\\/\\\/www.info-algerie.com\\\/actualites\\\/decentralisation-des-decisions-de-prise-en-charge-des-moudjahidine-et-ayants-droits\\\/\"},\"author\":{\"name\":\"La r\u00e9daction\",\"@id\":\"https:\\\/\\\/www.info-algerie.com\\\/actualites\\\/#\\\/schema\\\/person\\\/847aaec44920825b843a08f30ec6aa1e\"},\"headline\":\"D\u00e9centralisation des d\u00e9cisions de prise en charge des moudjahidine et ayants droits\",\"datePublished\":\"2017-10-17T17:21:46+00:00\",\"mainEntityOfPage\":{\"@id\":\"https:\\\/\\\/www.info-algerie.com\\\/actualites\\\/decentralisation-des-decisions-de-prise-en-charge-des-moudjahidine-et-ayants-droits\\\/\"},\"wordCount\":640,\"commentCount\":0,\"publisher\":{\"@id\":\"https:\\\/\\\/www.info-algerie.com\\\/actualites\\\/#organization\"},\"image\":{\"@id\":\"https:\\\/\\\/www.info-algerie.com\\\/actualites\\\/decentralisation-des-decisions-de-prise-en-charge-des-moudjahidine-et-ayants-droits\\\/#primaryimage\"},\"thumbnailUrl\":\"https:\\\/\\\/www.info-algerie.com\\\/actualites\\\/wp-content\\\/uploads\\\/2017\\\/10\\\/c3f41a5a889dc178416dccd8c286a13f_S-1.jpg\",\"keywords\":[\"ONU\"],\"articleSection\":[\"infos\"],\"inLanguage\":\"fr-FR\",\"potentialAction\":[{\"@type\":\"CommentAction\",\"name\":\"Comment\",\"target\":[\"https:\\\/\\\/www.info-algerie.com\\\/actualites\\\/decentralisation-des-decisions-de-prise-en-charge-des-moudjahidine-et-ayants-droits\\\/#respond\"]}]},{\"@type\":\"WebPage\",\"@id\":\"https:\\\/\\\/www.info-algerie.com\\\/actualites\\\/decentralisation-des-decisions-de-prise-en-charge-des-moudjahidine-et-ayants-droits\\\/\",\"url\":\"https:\\\/\\\/www.info-algerie.com\\\/actualites\\\/decentralisation-des-decisions-de-prise-en-charge-des-moudjahidine-et-ayants-droits\\\/\",\"name\":\"D\u00e9centralisation des d\u00e9cisions de prise en charge des moudjahidine et ayants droits - info algerie\",\"isPartOf\":{\"@id\":\"https:\\\/\\\/www.info-algerie.com\\\/actualites\\\/#website\"},\"primaryImageOfPage\":{\"@id\":\"https:\\\/\\\/www.info-algerie.com\\\/actualites\\\/decentralisation-des-decisions-de-prise-en-charge-des-moudjahidine-et-ayants-droits\\\/#primaryimage\"},\"image\":{\"@id\":\"https:\\\/\\\/www.info-algerie.com\\\/actualites\\\/decentralisation-des-decisions-de-prise-en-charge-des-moudjahidine-et-ayants-droits\\\/#primaryimage\"},\"thumbnailUrl\":\"https:\\\/\\\/www.info-algerie.com\\\/actualites\\\/wp-content\\\/uploads\\\/2017\\\/10\\\/c3f41a5a889dc178416dccd8c286a13f_S-1.jpg\",\"datePublished\":\"2017-10-17T17:21:46+00:00\",\"breadcrumb\":{\"@id\":\"https:\\\/\\\/www.info-algerie.com\\\/actualites\\\/decentralisation-des-decisions-de-prise-en-charge-des-moudjahidine-et-ayants-droits\\\/#breadcrumb\"},\"inLanguage\":\"fr-FR\",\"potentialAction\":[{\"@type\":\"ReadAction\",\"target\":[\"https:\\\/\\\/www.info-algerie.com\\\/actualites\\\/decentralisation-des-decisions-de-prise-en-charge-des-moudjahidine-et-ayants-droits\\\/\"]}]},{\"@type\":\"ImageObject\",\"inLanguage\":\"fr-FR\",\"@id\":\"https:\\\/\\\/www.info-algerie.com\\\/actualites\\\/decentralisation-des-decisions-de-prise-en-charge-des-moudjahidine-et-ayants-droits\\\/#primaryimage\",\"url\":\"https:\\\/\\\/www.info-algerie.com\\\/actualites\\\/wp-content\\\/uploads\\\/2017\\\/10\\\/c3f41a5a889dc178416dccd8c286a13f_S-1.jpg\",\"contentUrl\":\"https:\\\/\\\/www.info-algerie.com\\\/actualites\\\/wp-content\\\/uploads\\\/2017\\\/10\\\/c3f41a5a889dc178416dccd8c286a13f_S-1.jpg\",\"width\":280,\"height\":158},{\"@type\":\"BreadcrumbList\",\"@id\":\"https:\\\/\\\/www.info-algerie.com\\\/actualites\\\/decentralisation-des-decisions-de-prise-en-charge-des-moudjahidine-et-ayants-droits\\\/#breadcrumb\",\"itemListElement\":[{\"@type\":\"ListItem\",\"position\":1,\"name\":\"Accueil\",\"item\":\"https:\\\/\\\/www.info-algerie.com\\\/actualites\\\/\"},{\"@type\":\"ListItem\",\"position\":2,\"name\":\"D\u00e9centralisation des d\u00e9cisions de prise en charge des moudjahidine et ayants droits\"}]},{\"@type\":\"WebSite\",\"@id\":\"https:\\\/\\\/www.info-algerie.com\\\/actualites\\\/#website\",\"url\":\"https:\\\/\\\/www.info-algerie.com\\\/actualites\\\/\",\"name\":\"info algerie\",\"description\":\"Toutes les actualit\u00e9s\",\"publisher\":{\"@id\":\"https:\\\/\\\/www.info-algerie.com\\\/actualites\\\/#organization\"},\"potentialAction\":[{\"@type\":\"SearchAction\",\"target\":{\"@type\":\"EntryPoint\",\"urlTemplate\":\"https:\\\/\\\/www.info-algerie.com\\\/actualites\\\/?s={search_term_string}\"},\"query-input\":{\"@type\":\"PropertyValueSpecification\",\"valueRequired\":true,\"valueName\":\"search_term_string\"}}],\"inLanguage\":\"fr-FR\"},{\"@type\":\"Organization\",\"@id\":\"https:\\\/\\\/www.info-algerie.com\\\/actualites\\\/#organization\",\"name\":\"info algerie\",\"url\":\"https:\\\/\\\/www.info-algerie.com\\\/actualites\\\/\",\"logo\":{\"@type\":\"ImageObject\",\"inLanguage\":\"fr-FR\",\"@id\":\"https:\\\/\\\/www.info-algerie.com\\\/actualites\\\/#\\\/schema\\\/logo\\\/image\\\/\",\"url\":\"https:\\\/\\\/www.info-algerie.com\\\/actualites\\\/wp-content\\\/uploads\\\/2022\\\/07\\\/logo-ia-120.png\",\"contentUrl\":\"https:\\\/\\\/www.info-algerie.com\\\/actualites\\\/wp-content\\\/uploads\\\/2022\\\/07\\\/logo-ia-120.png\",\"width\":120,\"height\":43,\"caption\":\"info algerie\"},\"image\":{\"@id\":\"https:\\\/\\\/www.info-algerie.com\\\/actualites\\\/#\\\/schema\\\/logo\\\/image\\\/\"},\"sameAs\":[\"https:\\\/\\\/www.facebook.com\\\/infoalgerieactu\",\"https:\\\/\\\/x.com\\\/infoalgerie1\"]},{\"@type\":\"Person\",\"@id\":\"https:\\\/\\\/www.info-algerie.com\\\/actualites\\\/#\\\/schema\\\/person\\\/847aaec44920825b843a08f30ec6aa1e\",\"name\":\"La r\u00e9daction\",\"image\":{\"@type\":\"ImageObject\",\"inLanguage\":\"fr-FR\",\"@id\":\"https:\\\/\\\/secure.gravatar.com\\\/avatar\\\/769db425c6f465158149f1ffd6cf61ce7a8a879d11dfbef8288af36dfddd418c?s=96&d=mm&r=g\",\"url\":\"https:\\\/\\\/secure.gravatar.com\\\/avatar\\\/769db425c6f465158149f1ffd6cf61ce7a8a879d11dfbef8288af36dfddd418c?s=96&d=mm&r=g\",\"contentUrl\":\"https:\\\/\\\/secure.gravatar.com\\\/avatar\\\/769db425c6f465158149f1ffd6cf61ce7a8a879d11dfbef8288af36dfddd418c?s=96&d=mm&r=g\",\"caption\":\"La r\u00e9daction\"},\"sameAs\":[\"http:\\\/\\\/www.lkeria.com\\\/\"],\"url\":\"https:\\\/\\\/www.info-algerie.com\\\/actualites\\\/author\\\/chakib32\\\/\"}]}<\/script>\n<!-- \/ Yoast SEO plugin. -->","yoast_head_json":{"title":"D\u00e9centralisation des d\u00e9cisions de prise en charge des moudjahidine et ayants droits - info algerie","robots":{"index":"index","follow":"follow","max-snippet":"max-snippet:-1","max-image-preview":"max-image-preview:large","max-video-preview":"max-video-preview:-1"},"canonical":"https:\/\/www.info-algerie.com\/actualites\/decentralisation-des-decisions-de-prise-en-charge-des-moudjahidine-et-ayants-droits\/","og_locale":"fr_FR","og_type":"article","og_title":"D\u00e9centralisation des d\u00e9cisions de prise en charge des moudjahidine et ayants droits - info algerie","og_description":"SOUK AHRAS- Le ministre des Moudjahidine, Tayeb Zitouni, a annonc\u00e9 mardi, \u00e0 Souk Ahras, que toutes les d\u00e9cisions relatives \u00e0 la prise en charge des moudjahidine et ayants droits seront \u2018\u2018d\u00e9centralis\u00e9es \u00e0 compter du 1er janvier 2018\u2019\u2019. &#013; &#013; Les directions de moudjahidine de toutes les wilayas du pays seront ainsi autoris\u00e9es \u00e0 prendre des","og_url":"https:\/\/www.info-algerie.com\/actualites\/decentralisation-des-decisions-de-prise-en-charge-des-moudjahidine-et-ayants-droits\/","og_site_name":"info algerie","article_publisher":"https:\/\/www.facebook.com\/infoalgerieactu","article_published_time":"2017-10-17T17:21:46+00:00","og_image":[{"width":280,"height":158,"url":"https:\/\/www.info-algerie.com\/actualites\/wp-content\/uploads\/2017\/10\/c3f41a5a889dc178416dccd8c286a13f_S-1.jpg","type":"image\/jpeg"}],"author":"La r\u00e9daction","twitter_misc":{"\u00c9crit par":"La r\u00e9daction","Dur\u00e9e de lecture estim\u00e9e":"3 minutes"},"schema":{"@context":"https:\/\/schema.org","@graph":[{"@type":"Article","@id":"https:\/\/www.info-algerie.com\/actualites\/decentralisation-des-decisions-de-prise-en-charge-des-moudjahidine-et-ayants-droits\/#article","isPartOf":{"@id":"https:\/\/www.info-algerie.com\/actualites\/decentralisation-des-decisions-de-prise-en-charge-des-moudjahidine-et-ayants-droits\/"},"author":{"name":"La r\u00e9daction","@id":"https:\/\/www.info-algerie.com\/actualites\/#\/schema\/person\/847aaec44920825b843a08f30ec6aa1e"},"headline":"D\u00e9centralisation des d\u00e9cisions de prise en charge des moudjahidine et ayants droits","datePublished":"2017-10-17T17:21:46+00:00","mainEntityOfPage":{"@id":"https:\/\/www.info-algerie.com\/actualites\/decentralisation-des-decisions-de-prise-en-charge-des-moudjahidine-et-ayants-droits\/"},"wordCount":640,"commentCount":0,"publisher":{"@id":"https:\/\/www.info-algerie.com\/actualites\/#organization"},"image":{"@id":"https:\/\/www.info-algerie.com\/actualites\/decentralisation-des-decisions-de-prise-en-charge-des-moudjahidine-et-ayants-droits\/#primaryimage"},"thumbnailUrl":"https:\/\/www.info-algerie.com\/actualites\/wp-content\/uploads\/2017\/10\/c3f41a5a889dc178416dccd8c286a13f_S-1.jpg","keywords":["ONU"],"articleSection":["infos"],"inLanguage":"fr-FR","potentialAction":[{"@type":"CommentAction","name":"Comment","target":["https:\/\/www.info-algerie.com\/actualites\/decentralisation-des-decisions-de-prise-en-charge-des-moudjahidine-et-ayants-droits\/#respond"]}]},{"@type":"WebPage","@id":"https:\/\/www.info-algerie.com\/actualites\/decentralisation-des-decisions-de-prise-en-charge-des-moudjahidine-et-ayants-droits\/","url":"https:\/\/www.info-algerie.com\/actualites\/decentralisation-des-decisions-de-prise-en-charge-des-moudjahidine-et-ayants-droits\/","name":"D\u00e9centralisation des d\u00e9cisions de prise en charge des moudjahidine et ayants droits - info algerie","isPartOf":{"@id":"https:\/\/www.info-algerie.com\/actualites\/#website"},"primaryImageOfPage":{"@id":"https:\/\/www.info-algerie.com\/actualites\/decentralisation-des-decisions-de-prise-en-charge-des-moudjahidine-et-ayants-droits\/#primaryimage"},"image":{"@id":"https:\/\/www.info-algerie.com\/actualites\/decentralisation-des-decisions-de-prise-en-charge-des-moudjahidine-et-ayants-droits\/#primaryimage"},"thumbnailUrl":"https:\/\/www.info-algerie.com\/actualites\/wp-content\/uploads\/2017\/10\/c3f41a5a889dc178416dccd8c286a13f_S-1.jpg","datePublished":"2017-10-17T17:21:46+00:00","breadcrumb":{"@id":"https:\/\/www.info-algerie.com\/actualites\/decentralisation-des-decisions-de-prise-en-charge-des-moudjahidine-et-ayants-droits\/#breadcrumb"},"inLanguage":"fr-FR","potentialAction":[{"@type":"ReadAction","target":["https:\/\/www.info-algerie.com\/actualites\/decentralisation-des-decisions-de-prise-en-charge-des-moudjahidine-et-ayants-droits\/"]}]},{"@type":"ImageObject","inLanguage":"fr-FR","@id":"https:\/\/www.info-algerie.com\/actualites\/decentralisation-des-decisions-de-prise-en-charge-des-moudjahidine-et-ayants-droits\/#primaryimage","url":"https:\/\/www.info-algerie.com\/actualites\/wp-content\/uploads\/2017\/10\/c3f41a5a889dc178416dccd8c286a13f_S-1.jpg","contentUrl":"https:\/\/www.info-algerie.com\/actualites\/wp-content\/uploads\/2017\/10\/c3f41a5a889dc178416dccd8c286a13f_S-1.jpg","width":280,"height":158},{"@type":"BreadcrumbList","@id":"https:\/\/www.info-algerie.com\/actualites\/decentralisation-des-decisions-de-prise-en-charge-des-moudjahidine-et-ayants-droits\/#breadcrumb","itemListElement":[{"@type":"ListItem","position":1,"name":"Accueil","item":"https:\/\/www.info-algerie.com\/actualites\/"},{"@type":"ListItem","position":2,"name":"D\u00e9centralisation des d\u00e9cisions de prise en charge des moudjahidine et ayants droits"}]},{"@type":"WebSite","@id":"https:\/\/www.info-algerie.com\/actualites\/#website","url":"https:\/\/www.info-algerie.com\/actualites\/","name":"info algerie","description":"Toutes les actualit\u00e9s","publisher":{"@id":"https:\/\/www.info-algerie.com\/actualites\/#organization"},"potentialAction":[{"@type":"SearchAction","target":{"@type":"EntryPoint","urlTemplate":"https:\/\/www.info-algerie.com\/actualites\/?s={search_term_string}"},"query-input":{"@type":"PropertyValueSpecification","valueRequired":true,"valueName":"search_term_string"}}],"inLanguage":"fr-FR"},{"@type":"Organization","@id":"https:\/\/www.info-algerie.com\/actualites\/#organization","name":"info algerie","url":"https:\/\/www.info-algerie.com\/actualites\/","logo":{"@type":"ImageObject","inLanguage":"fr-FR","@id":"https:\/\/www.info-algerie.com\/actualites\/#\/schema\/logo\/image\/","url":"https:\/\/www.info-algerie.com\/actualites\/wp-content\/uploads\/2022\/07\/logo-ia-120.png","contentUrl":"https:\/\/www.info-algerie.com\/actualites\/wp-content\/uploads\/2022\/07\/logo-ia-120.png","width":120,"height":43,"caption":"info algerie"},"image":{"@id":"https:\/\/www.info-algerie.com\/actualites\/#\/schema\/logo\/image\/"},"sameAs":["https:\/\/www.facebook.com\/infoalgerieactu","https:\/\/x.com\/infoalgerie1"]},{"@type":"Person","@id":"https:\/\/www.info-algerie.com\/actualites\/#\/schema\/person\/847aaec44920825b843a08f30ec6aa1e","name":"La r\u00e9daction","image":{"@type":"ImageObject","inLanguage":"fr-FR","@id":"https:\/\/secure.gravatar.com\/avatar\/769db425c6f465158149f1ffd6cf61ce7a8a879d11dfbef8288af36dfddd418c?s=96&d=mm&r=g","url":"https:\/\/secure.gravatar.com\/avatar\/769db425c6f465158149f1ffd6cf61ce7a8a879d11dfbef8288af36dfddd418c?s=96&d=mm&r=g","contentUrl":"https:\/\/secure.gravatar.com\/avatar\/769db425c6f465158149f1ffd6cf61ce7a8a879d11dfbef8288af36dfddd418c?s=96&d=mm&r=g","caption":"La r\u00e9daction"},"sameAs":["http:\/\/www.lkeria.com\/"],"url":"https:\/\/www.info-algerie.com\/actualites\/author\/chakib32\/"}]}},"_links":{"self":[{"href":"https:\/\/www.info-algerie.com\/actualites\/wp-json\/wp\/v2\/posts\/16996","targetHints":{"allow":["GET"]}}],"collection":[{"href":"https:\/\/www.info-algerie.com\/actualites\/wp-json\/wp\/v2\/posts"}],"about":[{"href":"https:\/\/www.info-algerie.com\/actualites\/wp-json\/wp\/v2\/types\/post"}],"author":[{"embeddable":true,"href":"https:\/\/www.info-algerie.com\/actualites\/wp-json\/wp\/v2\/users\/6"}],"replies":[{"embeddable":true,"href":"https:\/\/www.info-algerie.com\/actualites\/wp-json\/wp\/v2\/comments?post=16996"}],"version-history":[{"count":0,"href":"https:\/\/www.info-algerie.com\/actualites\/wp-json\/wp\/v2\/posts\/16996\/revisions"}],"wp:featuredmedia":[{"embeddable":true,"href":"https:\/\/www.info-algerie.com\/actualites\/wp-json\/wp\/v2\/media\/16997"}],"wp:attachment":[{"href":"https:\/\/www.info-algerie.com\/actualites\/wp-json\/wp\/v2\/media?parent=16996"}],"wp:term":[{"taxonomy":"category","embeddable":true,"href":"https:\/\/www.info-algerie.com\/actualites\/wp-json\/wp\/v2\/categories?post=16996"},{"taxonomy":"post_tag","embeddable":true,"href":"https:\/\/www.info-algerie.com\/actualites\/wp-json\/wp\/v2\/tags?post=16996"}],"curies":[{"name":"wp","href":"https:\/\/api.w.org\/{rel}","templated":true}]}}