{"id":16999,"date":"2017-10-17T18:07:34","date_gmt":"2017-10-17T17:07:34","guid":{"rendered":"http:\/\/www.info-algerie.com\/actualites\/messahel-recu-a-niamey-par-le-president-nigerien\/"},"modified":"2017-10-17T18:07:34","modified_gmt":"2017-10-17T17:07:34","slug":"messahel-recu-a-niamey-par-le-president-nigerien","status":"publish","type":"post","link":"https:\/\/www.info-algerie.com\/actualites\/messahel-recu-a-niamey-par-le-president-nigerien\/","title":{"rendered":"Messahel re\u00e7u \u00e0 Niamey par le pr\u00e9sident nig\u00e9rien"},"content":{"rendered":"<div class=\"K2FeedImage\"><img decoding=\"async\" src=\"https:\/\/www.info-algerie.com\/actualites\/wp-content\/uploads\/2017\/10\/9e8acaada334fffca3770f2d3012c586_S.jpg\" alt=\"Messahel re&#xE7;u &#xE0; Niamey par le pr&#xE9;sident nig&#xE9;rien\" \/><\/div>\n<div class=\"K2FeedIntroText\">\n<p class=\"MsoNoSpacing\">NIAMEY- Le ministre des Affaires \u00e9trang\u00e8res, Abdelkader Messahel, a \u00e9t\u00e9 re\u00e7u, <a href=\"http:\/\/www.aps.dz\/algerie\/64084-messahel-a-niamey-derniere-etape-de-sa-tournee-dans-les-capitales-de-certains-pays-du-sahel\"><strong>mardi \u00e0 Niamey<\/strong><\/a>, par le Pr\u00e9sident nig\u00e9rien, Mahamadou Issoufou, auquel il a transmis les sentiments \u00ab\u00a0de fraternit\u00e9 et d\u2019estime\u00a0\u00bb du pr\u00e9sident de la R\u00e9publique, Abdelaziz Bouteflika.<\/p>\n<p>&#013;\n<\/p><\/div>\n<div class=\"K2FeedFullText\">&#013;<\/p>\n<p>\u00ab\u00a0Dans le cadre de la<a href=\"http:\/\/www.aps.dz\/algerie\/63850-messahel-en-tournee-dans-les-pays-du-sahel-a-partir-de-jeudi\"><strong> tourn\u00e9e<\/strong> <\/a>qu\u2019il effectue dans les capitales de certains pays du Sahel, le Ministre des Affaires \u00e9trang\u00e8res, Abdelkader Messahel a \u00e9t\u00e9 re\u00e7u, ce jour, par le Pr\u00e9sident de la R\u00e9publique du Niger, Mahamadou Issoufou, auquel il a transmis les sentiments de fraternit\u00e9 et d\u2019estime du Pr\u00e9sident de la R\u00e9publique Abdelaziz Bouteflika, ainsi que sa volont\u00e9 et son engagement pour le renforcement des relations bilat\u00e9rales et la concertation sur les questions r\u00e9gionales\u00a0\u00bb.<\/p>\n<p>&#013;<\/p>\n<p>Le Pr\u00e9sident Issoufou qui s\u2019est f\u00e9licit\u00e9 de la qualit\u00e9 \u00ab\u00a0des liens exceptionnels\u00a0\u00bb entre les deux pays, a marqu\u00e9 sa satisfaction du \u00ab\u00a0dynamisme\u00a0\u00bb qui caract\u00e9rise les relations bilat\u00e9rales dont t\u00e9moignent les \u00e9changes de visites entre les deux pays au plus haut niveau.<\/p>\n<p>&#013;<\/p>\n<p>Tout en marquant l\u2019int\u00e9r\u00eat qu\u2019il porte pour le renforcement de la coop\u00e9ration entre les deux pays, M. Issoufou a mis en exergue \u00ab\u00a0l\u2019importance de maintenir la concertation r\u00e9guli\u00e8re sur les questions r\u00e9gionales, notamment la lutte contre le terrorisme et le crime organis\u00e9 ainsi que la question de la migration clandestine\u00a0\u00bb, exprimant, par ailleurs, ses remerciements pour \u00ab\u00a0la solidarit\u00e9 agissante de l\u2019Alg\u00e9rie suite aux attaques terroristes qui ont frapp\u00e9 le Niger\u00a0\u00bb.<\/p>\n<p>&#013;<\/p>\n<p>Pour sa part, M. Messahel a renouvel\u00e9 l\u2019engagement de l\u2019Alg\u00e9rie \u00ab\u00a0\u00e0 poursuivre et \u00e0 renforcer la coop\u00e9ration avec le Niger dans divers domaines\u00a0\u00bb, se f\u00e9licitant de l\u2019\u00e9tat de mise en oeuvre des d\u00e9cisions prises lors de la derni\u00e8re session de la Grande Commission mixte alg\u00e9ro-nig\u00e9rienne, tenue en mars 2017 \u00e0 Niamey.<\/p>\n<p>&#013;<\/p>\n<p>\u00a0<\/p>\n<p>&#013;<\/p>\n<hr \/>\n<h3><a href=\"http:\/\/www.aps.dz\/algerie\/63966-le-niger-souhaite-redynamiser-sa-cooperation-avec-l-algerie-dans-le-domaine-du-tourisme\">Lire aussi: Le Niger souhaite redynamiser sa coop\u00e9ration avec l&rsquo;Alg\u00e9rie dans le domaine du tourisme<\/a><\/h3>\n<p>&#013;<\/p>\n<hr \/>\n<p>\u00a0<\/p>\n<p>&#013;<\/p>\n<p>M. Messahel a \u00e9galement \u00e9voqu\u00e9 les diff\u00e9rentes menaces auxquelles \u00ab\u00a0sont confront\u00e9s les pays de la r\u00e9gion notamment le terrorisme, le crime organis\u00e9 et la migration clandestine, sur lesquelles une concertation r\u00e9guli\u00e8re entre les deux pays est n\u00e9cessaire en vue d\u2019y faire faire de mani\u00e8re collective et efficace\u00a0\u00bb.<\/p>\n<p>&#013;<\/p>\n<p>Le Pr\u00e9sident nig\u00e9rien a charg\u00e9 M. Messahel de transmettre ses salutations fraternelles et ses sentiments de consid\u00e9ration au Pr\u00e9sident de la R\u00e9publique, Abdelaziz Bouteflika. L\u2019entretien s\u2019est d\u00e9roul\u00e9 en pr\u00e9sence du ministre nig\u00e9rien des Affaires \u00e9trang\u00e8res, Ibrahim Yakoubou.<\/p>\n<\/div>\n<p>&#013;<br \/>\nSource: <a href=\"http:\/\/www.aps.dz\/algerie\/64096-messahel-recu-a-niamey-par-le-president-nigerien\" target=\"_blank\">Messahel re\u00e7u \u00e0 Niamey par le pr\u00e9sident nig\u00e9rien<\/a><\/p>\n<!--CusAds0-->\n<div style=\"font-size: 0px; height: 0px; line-height: 0px; margin: 0; padding: 0; clear: both;\"><\/div>","protected":false},"excerpt":{"rendered":"<p>NIAMEY- Le ministre des Affaires \u00e9trang\u00e8res, Abdelkader Messahel, a \u00e9t\u00e9 re\u00e7u, mardi \u00e0 Niamey, par le Pr\u00e9sident nig\u00e9rien, Mahamadou Issoufou, auquel il a transmis les sentiments \u00ab\u00a0de fraternit\u00e9 et d\u2019estime\u00a0\u00bb du pr\u00e9sident de la R\u00e9publique, Abdelaziz Bouteflika. &#013; &#013; \u00ab\u00a0Dans le cadre de la tourn\u00e9e qu\u2019il effectue dans les capitales de certains pays du Sahel,<\/p>\n","protected":false},"author":6,"featured_media":17000,"comment_status":"open","ping_status":"open","sticky":false,"template":"","format":"standard","meta":{"footnotes":""},"categories":[22],"tags":[93],"class_list":["post-16999","post","type-post","status-publish","format-standard","has-post-thumbnail","hentry","category-infos","tag-onu"],"yoast_head":"<!-- This site is optimized with the Yoast SEO plugin v27.5 - https:\/\/yoast.com\/product\/yoast-seo-wordpress\/ -->\n<title>Messahel re\u00e7u \u00e0 Niamey par le pr\u00e9sident nig\u00e9rien - info algerie<\/title>\n<meta name=\"robots\" content=\"index, follow, max-snippet:-1, max-image-preview:large, max-video-preview:-1\" \/>\n<link rel=\"canonical\" href=\"https:\/\/www.info-algerie.com\/actualites\/messahel-recu-a-niamey-par-le-president-nigerien\/\" \/>\n<meta property=\"og:locale\" content=\"fr_FR\" \/>\n<meta property=\"og:type\" content=\"article\" \/>\n<meta property=\"og:title\" content=\"Messahel re\u00e7u \u00e0 Niamey par le pr\u00e9sident nig\u00e9rien - info algerie\" \/>\n<meta property=\"og:description\" content=\"NIAMEY- Le ministre des Affaires \u00e9trang\u00e8res, Abdelkader Messahel, a \u00e9t\u00e9 re\u00e7u, mardi \u00e0 Niamey, par le Pr\u00e9sident nig\u00e9rien, Mahamadou Issoufou, auquel il a transmis les sentiments \u00ab\u00a0de fraternit\u00e9 et d\u2019estime\u00a0\u00bb du pr\u00e9sident de la R\u00e9publique, Abdelaziz Bouteflika. &#013; &#013; \u00ab\u00a0Dans le cadre de la tourn\u00e9e qu\u2019il effectue dans les capitales de certains pays du Sahel,\" \/>\n<meta property=\"og:url\" content=\"https:\/\/www.info-algerie.com\/actualites\/messahel-recu-a-niamey-par-le-president-nigerien\/\" \/>\n<meta property=\"og:site_name\" content=\"info algerie\" \/>\n<meta property=\"article:publisher\" content=\"https:\/\/www.facebook.com\/infoalgerieactu\" \/>\n<meta property=\"article:published_time\" content=\"2017-10-17T17:07:34+00:00\" \/>\n<meta property=\"og:image\" content=\"https:\/\/www.info-algerie.com\/actualites\/wp-content\/uploads\/2017\/10\/9e8acaada334fffca3770f2d3012c586_S-1.jpg\" \/>\n\t<meta property=\"og:image:width\" content=\"280\" \/>\n\t<meta property=\"og:image:height\" content=\"158\" \/>\n\t<meta property=\"og:image:type\" content=\"image\/jpeg\" \/>\n<meta name=\"author\" content=\"La r\u00e9daction\" \/>\n<meta name=\"twitter:label1\" content=\"\u00c9crit par\" \/>\n\t<meta name=\"twitter:data1\" content=\"La r\u00e9daction\" \/>\n\t<meta name=\"twitter:label2\" content=\"Dur\u00e9e de lecture estim\u00e9e\" \/>\n\t<meta name=\"twitter:data2\" content=\"2 minutes\" \/>\n<script type=\"application\/ld+json\" class=\"yoast-schema-graph\">{\"@context\":\"https:\\\/\\\/schema.org\",\"@graph\":[{\"@type\":\"Article\",\"@id\":\"https:\\\/\\\/www.info-algerie.com\\\/actualites\\\/messahel-recu-a-niamey-par-le-president-nigerien\\\/#article\",\"isPartOf\":{\"@id\":\"https:\\\/\\\/www.info-algerie.com\\\/actualites\\\/messahel-recu-a-niamey-par-le-president-nigerien\\\/\"},\"author\":{\"name\":\"La r\u00e9daction\",\"@id\":\"https:\\\/\\\/www.info-algerie.com\\\/actualites\\\/#\\\/schema\\\/person\\\/847aaec44920825b843a08f30ec6aa1e\"},\"headline\":\"Messahel re\u00e7u \u00e0 Niamey par le pr\u00e9sident nig\u00e9rien\",\"datePublished\":\"2017-10-17T17:07:34+00:00\",\"mainEntityOfPage\":{\"@id\":\"https:\\\/\\\/www.info-algerie.com\\\/actualites\\\/messahel-recu-a-niamey-par-le-president-nigerien\\\/\"},\"wordCount\":456,\"commentCount\":0,\"publisher\":{\"@id\":\"https:\\\/\\\/www.info-algerie.com\\\/actualites\\\/#organization\"},\"image\":{\"@id\":\"https:\\\/\\\/www.info-algerie.com\\\/actualites\\\/messahel-recu-a-niamey-par-le-president-nigerien\\\/#primaryimage\"},\"thumbnailUrl\":\"https:\\\/\\\/www.info-algerie.com\\\/actualites\\\/wp-content\\\/uploads\\\/2017\\\/10\\\/9e8acaada334fffca3770f2d3012c586_S-1.jpg\",\"keywords\":[\"ONU\"],\"articleSection\":[\"infos\"],\"inLanguage\":\"fr-FR\",\"potentialAction\":[{\"@type\":\"CommentAction\",\"name\":\"Comment\",\"target\":[\"https:\\\/\\\/www.info-algerie.com\\\/actualites\\\/messahel-recu-a-niamey-par-le-president-nigerien\\\/#respond\"]}]},{\"@type\":\"WebPage\",\"@id\":\"https:\\\/\\\/www.info-algerie.com\\\/actualites\\\/messahel-recu-a-niamey-par-le-president-nigerien\\\/\",\"url\":\"https:\\\/\\\/www.info-algerie.com\\\/actualites\\\/messahel-recu-a-niamey-par-le-president-nigerien\\\/\",\"name\":\"Messahel re\u00e7u \u00e0 Niamey par le pr\u00e9sident nig\u00e9rien - info algerie\",\"isPartOf\":{\"@id\":\"https:\\\/\\\/www.info-algerie.com\\\/actualites\\\/#website\"},\"primaryImageOfPage\":{\"@id\":\"https:\\\/\\\/www.info-algerie.com\\\/actualites\\\/messahel-recu-a-niamey-par-le-president-nigerien\\\/#primaryimage\"},\"image\":{\"@id\":\"https:\\\/\\\/www.info-algerie.com\\\/actualites\\\/messahel-recu-a-niamey-par-le-president-nigerien\\\/#primaryimage\"},\"thumbnailUrl\":\"https:\\\/\\\/www.info-algerie.com\\\/actualites\\\/wp-content\\\/uploads\\\/2017\\\/10\\\/9e8acaada334fffca3770f2d3012c586_S-1.jpg\",\"datePublished\":\"2017-10-17T17:07:34+00:00\",\"breadcrumb\":{\"@id\":\"https:\\\/\\\/www.info-algerie.com\\\/actualites\\\/messahel-recu-a-niamey-par-le-president-nigerien\\\/#breadcrumb\"},\"inLanguage\":\"fr-FR\",\"potentialAction\":[{\"@type\":\"ReadAction\",\"target\":[\"https:\\\/\\\/www.info-algerie.com\\\/actualites\\\/messahel-recu-a-niamey-par-le-president-nigerien\\\/\"]}]},{\"@type\":\"ImageObject\",\"inLanguage\":\"fr-FR\",\"@id\":\"https:\\\/\\\/www.info-algerie.com\\\/actualites\\\/messahel-recu-a-niamey-par-le-president-nigerien\\\/#primaryimage\",\"url\":\"https:\\\/\\\/www.info-algerie.com\\\/actualites\\\/wp-content\\\/uploads\\\/2017\\\/10\\\/9e8acaada334fffca3770f2d3012c586_S-1.jpg\",\"contentUrl\":\"https:\\\/\\\/www.info-algerie.com\\\/actualites\\\/wp-content\\\/uploads\\\/2017\\\/10\\\/9e8acaada334fffca3770f2d3012c586_S-1.jpg\",\"width\":280,\"height\":158},{\"@type\":\"BreadcrumbList\",\"@id\":\"https:\\\/\\\/www.info-algerie.com\\\/actualites\\\/messahel-recu-a-niamey-par-le-president-nigerien\\\/#breadcrumb\",\"itemListElement\":[{\"@type\":\"ListItem\",\"position\":1,\"name\":\"Accueil\",\"item\":\"https:\\\/\\\/www.info-algerie.com\\\/actualites\\\/\"},{\"@type\":\"ListItem\",\"position\":2,\"name\":\"Messahel re\u00e7u \u00e0 Niamey par le pr\u00e9sident nig\u00e9rien\"}]},{\"@type\":\"WebSite\",\"@id\":\"https:\\\/\\\/www.info-algerie.com\\\/actualites\\\/#website\",\"url\":\"https:\\\/\\\/www.info-algerie.com\\\/actualites\\\/\",\"name\":\"info algerie\",\"description\":\"Toutes les actualit\u00e9s\",\"publisher\":{\"@id\":\"https:\\\/\\\/www.info-algerie.com\\\/actualites\\\/#organization\"},\"potentialAction\":[{\"@type\":\"SearchAction\",\"target\":{\"@type\":\"EntryPoint\",\"urlTemplate\":\"https:\\\/\\\/www.info-algerie.com\\\/actualites\\\/?s={search_term_string}\"},\"query-input\":{\"@type\":\"PropertyValueSpecification\",\"valueRequired\":true,\"valueName\":\"search_term_string\"}}],\"inLanguage\":\"fr-FR\"},{\"@type\":\"Organization\",\"@id\":\"https:\\\/\\\/www.info-algerie.com\\\/actualites\\\/#organization\",\"name\":\"info algerie\",\"url\":\"https:\\\/\\\/www.info-algerie.com\\\/actualites\\\/\",\"logo\":{\"@type\":\"ImageObject\",\"inLanguage\":\"fr-FR\",\"@id\":\"https:\\\/\\\/www.info-algerie.com\\\/actualites\\\/#\\\/schema\\\/logo\\\/image\\\/\",\"url\":\"https:\\\/\\\/www.info-algerie.com\\\/actualites\\\/wp-content\\\/uploads\\\/2022\\\/07\\\/logo-ia-120.png\",\"contentUrl\":\"https:\\\/\\\/www.info-algerie.com\\\/actualites\\\/wp-content\\\/uploads\\\/2022\\\/07\\\/logo-ia-120.png\",\"width\":120,\"height\":43,\"caption\":\"info algerie\"},\"image\":{\"@id\":\"https:\\\/\\\/www.info-algerie.com\\\/actualites\\\/#\\\/schema\\\/logo\\\/image\\\/\"},\"sameAs\":[\"https:\\\/\\\/www.facebook.com\\\/infoalgerieactu\",\"https:\\\/\\\/x.com\\\/infoalgerie1\"]},{\"@type\":\"Person\",\"@id\":\"https:\\\/\\\/www.info-algerie.com\\\/actualites\\\/#\\\/schema\\\/person\\\/847aaec44920825b843a08f30ec6aa1e\",\"name\":\"La r\u00e9daction\",\"image\":{\"@type\":\"ImageObject\",\"inLanguage\":\"fr-FR\",\"@id\":\"https:\\\/\\\/secure.gravatar.com\\\/avatar\\\/769db425c6f465158149f1ffd6cf61ce7a8a879d11dfbef8288af36dfddd418c?s=96&d=mm&r=g\",\"url\":\"https:\\\/\\\/secure.gravatar.com\\\/avatar\\\/769db425c6f465158149f1ffd6cf61ce7a8a879d11dfbef8288af36dfddd418c?s=96&d=mm&r=g\",\"contentUrl\":\"https:\\\/\\\/secure.gravatar.com\\\/avatar\\\/769db425c6f465158149f1ffd6cf61ce7a8a879d11dfbef8288af36dfddd418c?s=96&d=mm&r=g\",\"caption\":\"La r\u00e9daction\"},\"sameAs\":[\"http:\\\/\\\/www.lkeria.com\\\/\"],\"url\":\"https:\\\/\\\/www.info-algerie.com\\\/actualites\\\/author\\\/chakib32\\\/\"}]}<\/script>\n<!-- \/ Yoast SEO plugin. -->","yoast_head_json":{"title":"Messahel re\u00e7u \u00e0 Niamey par le pr\u00e9sident nig\u00e9rien - info algerie","robots":{"index":"index","follow":"follow","max-snippet":"max-snippet:-1","max-image-preview":"max-image-preview:large","max-video-preview":"max-video-preview:-1"},"canonical":"https:\/\/www.info-algerie.com\/actualites\/messahel-recu-a-niamey-par-le-president-nigerien\/","og_locale":"fr_FR","og_type":"article","og_title":"Messahel re\u00e7u \u00e0 Niamey par le pr\u00e9sident nig\u00e9rien - info algerie","og_description":"NIAMEY- Le ministre des Affaires \u00e9trang\u00e8res, Abdelkader Messahel, a \u00e9t\u00e9 re\u00e7u, mardi \u00e0 Niamey, par le Pr\u00e9sident nig\u00e9rien, Mahamadou Issoufou, auquel il a transmis les sentiments \u00ab\u00a0de fraternit\u00e9 et d\u2019estime\u00a0\u00bb du pr\u00e9sident de la R\u00e9publique, Abdelaziz Bouteflika. &#013; &#013; \u00ab\u00a0Dans le cadre de la tourn\u00e9e qu\u2019il effectue dans les capitales de certains pays du Sahel,","og_url":"https:\/\/www.info-algerie.com\/actualites\/messahel-recu-a-niamey-par-le-president-nigerien\/","og_site_name":"info algerie","article_publisher":"https:\/\/www.facebook.com\/infoalgerieactu","article_published_time":"2017-10-17T17:07:34+00:00","og_image":[{"width":280,"height":158,"url":"https:\/\/www.info-algerie.com\/actualites\/wp-content\/uploads\/2017\/10\/9e8acaada334fffca3770f2d3012c586_S-1.jpg","type":"image\/jpeg"}],"author":"La r\u00e9daction","twitter_misc":{"\u00c9crit par":"La r\u00e9daction","Dur\u00e9e de lecture estim\u00e9e":"2 minutes"},"schema":{"@context":"https:\/\/schema.org","@graph":[{"@type":"Article","@id":"https:\/\/www.info-algerie.com\/actualites\/messahel-recu-a-niamey-par-le-president-nigerien\/#article","isPartOf":{"@id":"https:\/\/www.info-algerie.com\/actualites\/messahel-recu-a-niamey-par-le-president-nigerien\/"},"author":{"name":"La r\u00e9daction","@id":"https:\/\/www.info-algerie.com\/actualites\/#\/schema\/person\/847aaec44920825b843a08f30ec6aa1e"},"headline":"Messahel re\u00e7u \u00e0 Niamey par le pr\u00e9sident nig\u00e9rien","datePublished":"2017-10-17T17:07:34+00:00","mainEntityOfPage":{"@id":"https:\/\/www.info-algerie.com\/actualites\/messahel-recu-a-niamey-par-le-president-nigerien\/"},"wordCount":456,"commentCount":0,"publisher":{"@id":"https:\/\/www.info-algerie.com\/actualites\/#organization"},"image":{"@id":"https:\/\/www.info-algerie.com\/actualites\/messahel-recu-a-niamey-par-le-president-nigerien\/#primaryimage"},"thumbnailUrl":"https:\/\/www.info-algerie.com\/actualites\/wp-content\/uploads\/2017\/10\/9e8acaada334fffca3770f2d3012c586_S-1.jpg","keywords":["ONU"],"articleSection":["infos"],"inLanguage":"fr-FR","potentialAction":[{"@type":"CommentAction","name":"Comment","target":["https:\/\/www.info-algerie.com\/actualites\/messahel-recu-a-niamey-par-le-president-nigerien\/#respond"]}]},{"@type":"WebPage","@id":"https:\/\/www.info-algerie.com\/actualites\/messahel-recu-a-niamey-par-le-president-nigerien\/","url":"https:\/\/www.info-algerie.com\/actualites\/messahel-recu-a-niamey-par-le-president-nigerien\/","name":"Messahel re\u00e7u \u00e0 Niamey par le pr\u00e9sident nig\u00e9rien - info algerie","isPartOf":{"@id":"https:\/\/www.info-algerie.com\/actualites\/#website"},"primaryImageOfPage":{"@id":"https:\/\/www.info-algerie.com\/actualites\/messahel-recu-a-niamey-par-le-president-nigerien\/#primaryimage"},"image":{"@id":"https:\/\/www.info-algerie.com\/actualites\/messahel-recu-a-niamey-par-le-president-nigerien\/#primaryimage"},"thumbnailUrl":"https:\/\/www.info-algerie.com\/actualites\/wp-content\/uploads\/2017\/10\/9e8acaada334fffca3770f2d3012c586_S-1.jpg","datePublished":"2017-10-17T17:07:34+00:00","breadcrumb":{"@id":"https:\/\/www.info-algerie.com\/actualites\/messahel-recu-a-niamey-par-le-president-nigerien\/#breadcrumb"},"inLanguage":"fr-FR","potentialAction":[{"@type":"ReadAction","target":["https:\/\/www.info-algerie.com\/actualites\/messahel-recu-a-niamey-par-le-president-nigerien\/"]}]},{"@type":"ImageObject","inLanguage":"fr-FR","@id":"https:\/\/www.info-algerie.com\/actualites\/messahel-recu-a-niamey-par-le-president-nigerien\/#primaryimage","url":"https:\/\/www.info-algerie.com\/actualites\/wp-content\/uploads\/2017\/10\/9e8acaada334fffca3770f2d3012c586_S-1.jpg","contentUrl":"https:\/\/www.info-algerie.com\/actualites\/wp-content\/uploads\/2017\/10\/9e8acaada334fffca3770f2d3012c586_S-1.jpg","width":280,"height":158},{"@type":"BreadcrumbList","@id":"https:\/\/www.info-algerie.com\/actualites\/messahel-recu-a-niamey-par-le-president-nigerien\/#breadcrumb","itemListElement":[{"@type":"ListItem","position":1,"name":"Accueil","item":"https:\/\/www.info-algerie.com\/actualites\/"},{"@type":"ListItem","position":2,"name":"Messahel re\u00e7u \u00e0 Niamey par le pr\u00e9sident nig\u00e9rien"}]},{"@type":"WebSite","@id":"https:\/\/www.info-algerie.com\/actualites\/#website","url":"https:\/\/www.info-algerie.com\/actualites\/","name":"info algerie","description":"Toutes les actualit\u00e9s","publisher":{"@id":"https:\/\/www.info-algerie.com\/actualites\/#organization"},"potentialAction":[{"@type":"SearchAction","target":{"@type":"EntryPoint","urlTemplate":"https:\/\/www.info-algerie.com\/actualites\/?s={search_term_string}"},"query-input":{"@type":"PropertyValueSpecification","valueRequired":true,"valueName":"search_term_string"}}],"inLanguage":"fr-FR"},{"@type":"Organization","@id":"https:\/\/www.info-algerie.com\/actualites\/#organization","name":"info algerie","url":"https:\/\/www.info-algerie.com\/actualites\/","logo":{"@type":"ImageObject","inLanguage":"fr-FR","@id":"https:\/\/www.info-algerie.com\/actualites\/#\/schema\/logo\/image\/","url":"https:\/\/www.info-algerie.com\/actualites\/wp-content\/uploads\/2022\/07\/logo-ia-120.png","contentUrl":"https:\/\/www.info-algerie.com\/actualites\/wp-content\/uploads\/2022\/07\/logo-ia-120.png","width":120,"height":43,"caption":"info algerie"},"image":{"@id":"https:\/\/www.info-algerie.com\/actualites\/#\/schema\/logo\/image\/"},"sameAs":["https:\/\/www.facebook.com\/infoalgerieactu","https:\/\/x.com\/infoalgerie1"]},{"@type":"Person","@id":"https:\/\/www.info-algerie.com\/actualites\/#\/schema\/person\/847aaec44920825b843a08f30ec6aa1e","name":"La r\u00e9daction","image":{"@type":"ImageObject","inLanguage":"fr-FR","@id":"https:\/\/secure.gravatar.com\/avatar\/769db425c6f465158149f1ffd6cf61ce7a8a879d11dfbef8288af36dfddd418c?s=96&d=mm&r=g","url":"https:\/\/secure.gravatar.com\/avatar\/769db425c6f465158149f1ffd6cf61ce7a8a879d11dfbef8288af36dfddd418c?s=96&d=mm&r=g","contentUrl":"https:\/\/secure.gravatar.com\/avatar\/769db425c6f465158149f1ffd6cf61ce7a8a879d11dfbef8288af36dfddd418c?s=96&d=mm&r=g","caption":"La r\u00e9daction"},"sameAs":["http:\/\/www.lkeria.com\/"],"url":"https:\/\/www.info-algerie.com\/actualites\/author\/chakib32\/"}]}},"_links":{"self":[{"href":"https:\/\/www.info-algerie.com\/actualites\/wp-json\/wp\/v2\/posts\/16999","targetHints":{"allow":["GET"]}}],"collection":[{"href":"https:\/\/www.info-algerie.com\/actualites\/wp-json\/wp\/v2\/posts"}],"about":[{"href":"https:\/\/www.info-algerie.com\/actualites\/wp-json\/wp\/v2\/types\/post"}],"author":[{"embeddable":true,"href":"https:\/\/www.info-algerie.com\/actualites\/wp-json\/wp\/v2\/users\/6"}],"replies":[{"embeddable":true,"href":"https:\/\/www.info-algerie.com\/actualites\/wp-json\/wp\/v2\/comments?post=16999"}],"version-history":[{"count":0,"href":"https:\/\/www.info-algerie.com\/actualites\/wp-json\/wp\/v2\/posts\/16999\/revisions"}],"wp:featuredmedia":[{"embeddable":true,"href":"https:\/\/www.info-algerie.com\/actualites\/wp-json\/wp\/v2\/media\/17000"}],"wp:attachment":[{"href":"https:\/\/www.info-algerie.com\/actualites\/wp-json\/wp\/v2\/media?parent=16999"}],"wp:term":[{"taxonomy":"category","embeddable":true,"href":"https:\/\/www.info-algerie.com\/actualites\/wp-json\/wp\/v2\/categories?post=16999"},{"taxonomy":"post_tag","embeddable":true,"href":"https:\/\/www.info-algerie.com\/actualites\/wp-json\/wp\/v2\/tags?post=16999"}],"curies":[{"name":"wp","href":"https:\/\/api.w.org\/{rel}","templated":true}]}}