{"id":17085,"date":"2017-10-21T13:46:40","date_gmt":"2017-10-21T12:46:40","guid":{"rendered":"http:\/\/www.info-algerie.com\/actualites\/message-du-president-bouteflika-a-loccasion-de-la-journee-nationale-de-la-presse-texte-integral\/"},"modified":"2017-10-21T13:46:40","modified_gmt":"2017-10-21T12:46:40","slug":"message-du-president-bouteflika-a-loccasion-de-la-journee-nationale-de-la-presse-texte-integral","status":"publish","type":"post","link":"https:\/\/www.info-algerie.com\/actualites\/message-du-president-bouteflika-a-loccasion-de-la-journee-nationale-de-la-presse-texte-integral\/","title":{"rendered":"Message du Pr\u00e9sident Bouteflika \u00e0 l&#039;occasion de la journ\u00e9e nationale de la presse (Texte int\u00e9gral)"},"content":{"rendered":"<div class=\"K2FeedIntroText\">\n<p class=\"MsoNormal\"><strong>ALGER &#8211; A l&rsquo;occasion de la c\u00e9l\u00e9bration de la journ\u00e9e nationale de la presse, le 22 octobre, le pr\u00e9sident de la R\u00e9publique, Abdelaziz Bouteflika, a adress\u00e9 samedi un message dont voici la traduction APS:<\/strong><\/p>\n<p>&#013;\n<\/p><\/div>\n<div class=\"K2FeedFullText\">&#013;<\/p>\n<p class=\"MsoNormal\">\u00ab\u00a0La Journ\u00e9e nationale de la presse est indissociablement li\u00e9e \u00e0 la libert\u00e9 et au sacrifice au service d&rsquo;une noble mission, celle du journaliste soucieux de rendre compte des faits en toute objectivit\u00e9 et int\u00e9grit\u00e9 et de d\u00e9fendre l&rsquo;\u00e9thique de la profession.<\/p>\n<p>&#013;<\/p>\n<p class=\"MsoNormal\">La presse alg\u00e9rienne a r\u00e9ussi, avec des moyens d\u00e9risoires, \u00e0 porter haut et fort le message de la Guerre de lib\u00e9ration nationale. Elle en a \u00e9t\u00e9 v\u00e9ritablement le porte-voix gr\u00e2ce aux plumes de nos journalistes moudjahidine et \u00e0 la diffusion radiophonique dont l&rsquo;\u00e9cho a retenti jusque dans nos montagnes, notre d\u00e9sert, nos villes et villages o\u00f9 chaque citoyen s&rsquo;est \u00e9lev\u00e9 pour \u00e9crire une \u00e9pop\u00e9e historique singuli\u00e8re.<\/p>\n<p>&#013;<\/p>\n<p class=\"MsoNormal\">Au lendemain de l&rsquo;ind\u00e9pendance, mue par le m\u00eame esprit militant et la m\u00eame d\u00e9termination, la corporation s&rsquo;est engag\u00e9e dans le projet d&rsquo;\u00e9dification nationale et elle n&rsquo;a depuis cess\u00e9 de s&rsquo;acquitter, avec s\u00e9rieux et responsabilit\u00e9, de sa noble mission, d&rsquo;accompagner le processus de d\u00e9veloppement, de d\u00e9fendre les int\u00e9r\u00eats du peuple et d&rsquo;appr\u00e9hender avec professionnalisme un monde en \u00e9volution rapide et interd\u00e9pendante.<\/p>\n<p>&#013;<\/p>\n<p class=\"MsoNormal\">Tout au long des ann\u00e9es de la trag\u00e9die nationale, la presse a jou\u00e9 un r\u00f4le important dans le combat pour la sauvegarde de l&rsquo;Etat. Elle est parvenue \u00e0 se mettre au diapason des d\u00e9veloppements technologiques et de l&rsquo;ouverture de son champ, de la presse \u00e9crite aux sites \u00e9lectroniques en passant par les cha\u00eenes de t\u00e9l\u00e9vision. C&rsquo;est aujourd&rsquo;hui l&rsquo;un des domaines o\u00f9 l&rsquo;Alg\u00e9rie a enregistr\u00e9 le plus d&rsquo;avanc\u00e9es en mati\u00e8re de pluralisme et de libert\u00e9 politiques.<\/p>\n<p>&#013;<\/p>\n<p class=\"MsoNormal\">\u00a0<\/p>\n<p>&#013;<\/p>\n<p class=\"MsoNormal\"><strong>Mesdames, Messieurs,<\/strong><\/p>\n<p>&#013;<\/p>\n<p class=\"MsoNormal\">\u00a0<\/p>\n<p>&#013;<\/p>\n<p class=\"MsoNormal\">Ce parcours n&rsquo;a pas \u00e9t\u00e9 ais\u00e9 pour notre presse et nos journalistes qui se sont heurt\u00e9s \u00e0 de nombreux d\u00e9fis, notamment face au terrorisme aveugle. En effet, la corporation a pay\u00e9 un lourd tribu et malgr\u00e9 les nombreux martyrs du devoir et la pers\u00e9cution par la barbarie, ses hommes et ses femmes ont r\u00e9sist\u00e9 avec courage sans jamais abdiquer ou renoncer.<\/p>\n<p>&#013;<\/p>\n<p class=\"MsoNormal\">La d\u00e9mocratie est un projet de vie et de gouvernance et une aspiration \u00e0 un avenir o\u00f9 r\u00e8gne la compl\u00e9mentarit\u00e9 entre les diff\u00e9rents syst\u00e8mes d&rsquo;une soci\u00e9t\u00e9 fond\u00e9e sur la garantie des libert\u00e9s consacr\u00e9es par les lois de l&rsquo;univers et les chartes internationales et r\u00e9concili\u00e9e avec elle-m\u00eame pour s&rsquo;affranchir, aussi bien individuellement que collectivement, du sous-d\u00e9veloppement, et b\u00e2tir un Etat moderne et authentique, attach\u00e9 \u00e0 sa souverainet\u00e9 politique et \u00e9conomique et ing\u00e9nieux dans la gestion de ses rapports strat\u00e9giques avec les autres pour pr\u00e9server ses acquis, sa s\u00e9curit\u00e9 et sa stabilit\u00e9. Cette d\u00e9mocratie est\u00a0 aujourd&rsquo;hui, la pr\u00e9occupation de notre peuple \u00e0 la lumi\u00e8re de la nouvelle Constitution qui offre \u00e0 tout un chacun l&rsquo;espace id\u00e9al pour r\u00e9aliser ce que doit \u00eatre l&rsquo;Alg\u00e9rie de demain.<\/p>\n<p>&#013;<\/p>\n<p class=\"MsoNormal\">Les crises ont cette particularit\u00e9 de mobiliser les \u00e9nergies et de stimuler les facult\u00e9s cr\u00e9atrices. Le peuple alg\u00e9rien, dont les enfants ont vaincu les \u00e9preuves et cultiv\u00e9 la patience et l&rsquo;endurance, dispose d&rsquo;un potentiel d&rsquo;\u00e9nergies et de capacit\u00e9s \u00e0 m\u00eame de lui permettre de d\u00e9passer les multiples crises de l&rsquo;heure et particuli\u00e8rement la crise \u00e9conomique mondiale. Une crise que nous devons affronter en nous inspirant de notre pass\u00e9 militant et de nos valeurs pour y puiser force et d\u00e9termination pour mieux r\u00e9sister aux \u00e9preuves et tirer les enseignements avec\u00a0 discernement et confiance en nos capacit\u00e9s mat\u00e9rielles et morales pour mener \u00e0 bien notre processus de cr\u00e9ation de richesses li\u00e9es non seulement \u00e0 la chose mat\u00e9rielle mais aussi au g\u00e9nie de l&rsquo;homme.\u00a0<\/p>\n<p>&#013;<\/p>\n<p class=\"MsoNormal\">\u00a0<\/p>\n<p>&#013;<\/p>\n<p class=\"MsoNormal\"><strong>Mesdames, Messieurs,\u00a0<\/strong><\/p>\n<p>&#013;<\/p>\n<p class=\"MsoNormal\">\u00a0<\/p>\n<p>&#013;<\/p>\n<p class=\"MsoNormal\">Nous sommes tous confront\u00e9s aux difficult\u00e9s financi\u00e8res et \u00e9conomiques de la conjoncture. Nous avons arr\u00eat\u00e9 des mesures pour y faire face et poursuivre le processus d&rsquo;\u00e9dification en engageant les r\u00e9formes n\u00e9cessaires.\u00a0<\/p>\n<p>&#013;<\/p>\n<p class=\"MsoNormal\">Nous vivons \u00e9galement dans un environnement r\u00e9gional accabl\u00e9 par les crises et les conflits, dont certains affectent notre voisinage imm\u00e9diat, d&rsquo;o\u00f9 la n\u00e9cessit\u00e9 de faire preuve de prudence et de vigilance pour pr\u00e9server la s\u00e9curit\u00e9, la stabilit\u00e9 et l&rsquo;int\u00e9grit\u00e9 de notre pays.\u00a0<\/p>\n<p>&#013;<\/p>\n<p class=\"MsoNormal\">Ce sont l\u00e0 des d\u00e9fis qui s&rsquo;imposent au peuple et au pays et qui exigent de tous les citoyens, quelle que soit leur\u00a0 appartenance politique ou leur cat\u00e9gorie sociale, d&rsquo;y faire face car l&rsquo;essor \u00e9conomique du pays profitera \u00e0 l&rsquo;ensemble de ses enfants au m\u00eame titre que la pr\u00e9servation de la s\u00e9curit\u00e9 et de la paix.\u00a0<\/p>\n<p>&#013;<\/p>\n<p class=\"MsoNormal\">Aussi, j&rsquo;exhorte la famille de la presse alg\u00e9rienne \u00e0 \u00eatre au service des int\u00e9r\u00eats supr\u00eames de notre patrie en contribuant \u00e0 l&rsquo;\u00e9claircissement des faits, en \u00e9mettant des critiques objectives sur les insuffisances tout en \u0153uvrant \u00e0 la promotion de l&rsquo;image de l&rsquo;Alg\u00e9rie \u00e0 travers le monde.<\/p>\n<p>&#013;<\/p>\n<p class=\"MsoNormal\"><strong>\u00a0<\/strong><\/p>\n<p>&#013;<\/p>\n<p class=\"MsoNormal\"><strong>Mesdames, Messieurs,\u00a0<\/strong><\/p>\n<p>&#013;<\/p>\n<p class=\"MsoNormal\">\u00a0<\/p>\n<p>&#013;<\/p>\n<p class=\"MsoNormal\">Partant de l&rsquo;int\u00e9r\u00eat accord\u00e9 \u00e0 la pr\u00e9servation et \u00e0 la consolidation des acquis de l&rsquo;Alg\u00e9rie dans le secteur del&rsquo;information, je r\u00e9it\u00e8re mon appel au gouvernement pour acc\u00e9l\u00e9rer la mise en place de l&rsquo;Autorit\u00e9 de r\u00e9gulation de la presse \u00e9crite et son activation aux c\u00f4t\u00e9s de l&rsquo;Autorit\u00e9 de r\u00e9gulation de l&rsquo;audiovisuel. Je demande \u00e9galement au gouvernement d&rsquo;activer, d\u00e9s 2018, le Fonds public d&rsquo;aide \u00e0 la presse \u00e9crite.<\/p>\n<p>&#013;<\/p>\n<p class=\"MsoNormal\">\u00a0<\/p>\n<p>&#013;<\/p>\n<p class=\"MsoNormal\"><strong>Mesdames, Messieurs,\u00a0<\/strong><\/p>\n<p>&#013;<\/p>\n<p class=\"MsoNormal\">\u00a0<\/p>\n<p>&#013;<\/p>\n<p class=\"MsoNormal\">Je tiens, \u00e0 cette occasion, \u00e0 m&rsquo;incliner \u00e0 la m\u00e9moire de nos journalistes, hommes et femmes morts au service de cette noble mission, les martyrs de la glorieuse guerre de lib\u00e9ration et de la trag\u00e9die nationale.<\/p>\n<p>&#013;<\/p>\n<p class=\"MsoNormal\">Je r\u00e9it\u00e8re mon soutien \u00e0 la famille de la presse de mon pays dans l&rsquo;accomplissement de sa mission au service de la libert\u00e9 d&rsquo;information et des int\u00e9r\u00eats supr\u00eames de notre patrie, l&rsquo;Alg\u00e9rie.<\/p>\n<p>&#013;<\/p>\n<p class=\"MsoNormal\"><strong>\u00a0<\/strong><\/p>\n<p>&#013;<\/p>\n<p class=\"MsoNormal\"><strong>Mesdames, Messieurs,\u00a0<\/strong><\/p>\n<p>&#013;<\/p>\n<p class=\"MsoNormal\">\u00a0<\/p>\n<p>&#013;<\/p>\n<p class=\"MsoNormal\">Je tiens enfin \u00e0 f\u00e9liciter les r\u00e9cipiendaires du Prix du journaliste professionnel, attribu\u00e9 chaque ann\u00e9e \u00e0 l&rsquo;occasion de la Journ\u00e9e nationale de la presse, en guise de reconnaissance et d&rsquo;encouragement aux journalistes, aux laur\u00e9ats notamment ainsi qu&rsquo;\u00e0 toutes les composantes de la presse et de l&rsquo;information pour leur professionnalisme dans l&rsquo;accomplissement de leur mission au service de l&rsquo;int\u00e9r\u00eat g\u00e9n\u00e9ral.<\/p>\n<p>&#013;<\/p>\n<p>F\u00e9licitations aux laur\u00e9ats et \u00e0 l&rsquo;ensemble des journalistes, puisse Dieu couronner de succ\u00e8s vos efforts pour la protection et le d\u00e9veloppement de notre pays, et la prosp\u00e9rit\u00e9 et le bien-\u00eatre de notre peuple.\u00a0<\/p>\n<\/div>\n<p>&#013;<br \/>\nSource: <a href=\"http:\/\/www.aps.dz\/algerie\/64228-message-du-president-bouteflika-a-l-occasion-de-la-journee-nationale-de-la-presse-texte-integral\" target=\"_blank\">Message du Pr\u00e9sident Bouteflika \u00e0 l&rsquo;occasion de la journ\u00e9e nationale de la presse (Texte int\u00e9gral)<\/a><\/p>\n<!--CusAds0-->\n<div style=\"font-size: 0px; height: 0px; line-height: 0px; margin: 0; padding: 0; clear: both;\"><\/div>","protected":false},"excerpt":{"rendered":"<p>ALGER &#8211; A l&rsquo;occasion de la c\u00e9l\u00e9bration de la journ\u00e9e nationale de la presse, le 22 octobre, le pr\u00e9sident de la R\u00e9publique, Abdelaziz Bouteflika, a adress\u00e9 samedi un message dont voici la traduction APS: &#013; &#013; \u00ab\u00a0La Journ\u00e9e nationale de la presse est indissociablement li\u00e9e \u00e0 la libert\u00e9 et au sacrifice au service d&rsquo;une noble<\/p>\n","protected":false},"author":6,"featured_media":0,"comment_status":"open","ping_status":"open","sticky":false,"template":"","format":"standard","meta":{"footnotes":""},"categories":[22],"tags":[93],"class_list":["post-17085","post","type-post","status-publish","format-standard","hentry","category-infos","tag-onu"],"yoast_head":"<!-- This site is optimized with the Yoast SEO plugin v27.5 - https:\/\/yoast.com\/product\/yoast-seo-wordpress\/ -->\n<title>Message du Pr\u00e9sident Bouteflika \u00e0 l&#039;occasion de la journ\u00e9e nationale de la presse (Texte int\u00e9gral) - info algerie<\/title>\n<meta name=\"robots\" content=\"index, follow, max-snippet:-1, max-image-preview:large, max-video-preview:-1\" \/>\n<link rel=\"canonical\" href=\"https:\/\/www.info-algerie.com\/actualites\/message-du-president-bouteflika-a-loccasion-de-la-journee-nationale-de-la-presse-texte-integral\/\" \/>\n<meta property=\"og:locale\" content=\"fr_FR\" \/>\n<meta property=\"og:type\" content=\"article\" \/>\n<meta property=\"og:title\" content=\"Message du Pr\u00e9sident Bouteflika \u00e0 l&#039;occasion de la journ\u00e9e nationale de la presse (Texte int\u00e9gral) - info algerie\" \/>\n<meta property=\"og:description\" content=\"ALGER &#8211; A l&rsquo;occasion de la c\u00e9l\u00e9bration de la journ\u00e9e nationale de la presse, le 22 octobre, le pr\u00e9sident de la R\u00e9publique, Abdelaziz Bouteflika, a adress\u00e9 samedi un message dont voici la traduction APS: &#013; &#013; \u00ab\u00a0La Journ\u00e9e nationale de la presse est indissociablement li\u00e9e \u00e0 la libert\u00e9 et au sacrifice au service d&rsquo;une noble\" \/>\n<meta property=\"og:url\" content=\"https:\/\/www.info-algerie.com\/actualites\/message-du-president-bouteflika-a-loccasion-de-la-journee-nationale-de-la-presse-texte-integral\/\" \/>\n<meta property=\"og:site_name\" content=\"info algerie\" \/>\n<meta property=\"article:publisher\" content=\"https:\/\/www.facebook.com\/infoalgerieactu\" \/>\n<meta property=\"article:published_time\" content=\"2017-10-21T12:46:40+00:00\" \/>\n<meta name=\"author\" content=\"La r\u00e9daction\" \/>\n<meta name=\"twitter:label1\" content=\"\u00c9crit par\" \/>\n\t<meta name=\"twitter:data1\" content=\"La r\u00e9daction\" \/>\n\t<meta name=\"twitter:label2\" content=\"Dur\u00e9e de lecture estim\u00e9e\" \/>\n\t<meta name=\"twitter:data2\" content=\"6 minutes\" \/>\n<script type=\"application\/ld+json\" class=\"yoast-schema-graph\">{\"@context\":\"https:\\\/\\\/schema.org\",\"@graph\":[{\"@type\":\"Article\",\"@id\":\"https:\\\/\\\/www.info-algerie.com\\\/actualites\\\/message-du-president-bouteflika-a-loccasion-de-la-journee-nationale-de-la-presse-texte-integral\\\/#article\",\"isPartOf\":{\"@id\":\"https:\\\/\\\/www.info-algerie.com\\\/actualites\\\/message-du-president-bouteflika-a-loccasion-de-la-journee-nationale-de-la-presse-texte-integral\\\/\"},\"author\":{\"name\":\"La r\u00e9daction\",\"@id\":\"https:\\\/\\\/www.info-algerie.com\\\/actualites\\\/#\\\/schema\\\/person\\\/847aaec44920825b843a08f30ec6aa1e\"},\"headline\":\"Message du Pr\u00e9sident Bouteflika \u00e0 l&#039;occasion de la journ\u00e9e nationale de la presse (Texte int\u00e9gral)\",\"datePublished\":\"2017-10-21T12:46:40+00:00\",\"mainEntityOfPage\":{\"@id\":\"https:\\\/\\\/www.info-algerie.com\\\/actualites\\\/message-du-president-bouteflika-a-loccasion-de-la-journee-nationale-de-la-presse-texte-integral\\\/\"},\"wordCount\":1202,\"commentCount\":0,\"publisher\":{\"@id\":\"https:\\\/\\\/www.info-algerie.com\\\/actualites\\\/#organization\"},\"keywords\":[\"ONU\"],\"articleSection\":[\"infos\"],\"inLanguage\":\"fr-FR\",\"potentialAction\":[{\"@type\":\"CommentAction\",\"name\":\"Comment\",\"target\":[\"https:\\\/\\\/www.info-algerie.com\\\/actualites\\\/message-du-president-bouteflika-a-loccasion-de-la-journee-nationale-de-la-presse-texte-integral\\\/#respond\"]}]},{\"@type\":\"WebPage\",\"@id\":\"https:\\\/\\\/www.info-algerie.com\\\/actualites\\\/message-du-president-bouteflika-a-loccasion-de-la-journee-nationale-de-la-presse-texte-integral\\\/\",\"url\":\"https:\\\/\\\/www.info-algerie.com\\\/actualites\\\/message-du-president-bouteflika-a-loccasion-de-la-journee-nationale-de-la-presse-texte-integral\\\/\",\"name\":\"Message du Pr\u00e9sident Bouteflika \u00e0 l&#039;occasion de la journ\u00e9e nationale de la presse (Texte int\u00e9gral) - info algerie\",\"isPartOf\":{\"@id\":\"https:\\\/\\\/www.info-algerie.com\\\/actualites\\\/#website\"},\"datePublished\":\"2017-10-21T12:46:40+00:00\",\"breadcrumb\":{\"@id\":\"https:\\\/\\\/www.info-algerie.com\\\/actualites\\\/message-du-president-bouteflika-a-loccasion-de-la-journee-nationale-de-la-presse-texte-integral\\\/#breadcrumb\"},\"inLanguage\":\"fr-FR\",\"potentialAction\":[{\"@type\":\"ReadAction\",\"target\":[\"https:\\\/\\\/www.info-algerie.com\\\/actualites\\\/message-du-president-bouteflika-a-loccasion-de-la-journee-nationale-de-la-presse-texte-integral\\\/\"]}]},{\"@type\":\"BreadcrumbList\",\"@id\":\"https:\\\/\\\/www.info-algerie.com\\\/actualites\\\/message-du-president-bouteflika-a-loccasion-de-la-journee-nationale-de-la-presse-texte-integral\\\/#breadcrumb\",\"itemListElement\":[{\"@type\":\"ListItem\",\"position\":1,\"name\":\"Accueil\",\"item\":\"https:\\\/\\\/www.info-algerie.com\\\/actualites\\\/\"},{\"@type\":\"ListItem\",\"position\":2,\"name\":\"Message du Pr\u00e9sident Bouteflika \u00e0 l&#039;occasion de la journ\u00e9e nationale de la presse (Texte int\u00e9gral)\"}]},{\"@type\":\"WebSite\",\"@id\":\"https:\\\/\\\/www.info-algerie.com\\\/actualites\\\/#website\",\"url\":\"https:\\\/\\\/www.info-algerie.com\\\/actualites\\\/\",\"name\":\"info algerie\",\"description\":\"Toutes les actualit\u00e9s\",\"publisher\":{\"@id\":\"https:\\\/\\\/www.info-algerie.com\\\/actualites\\\/#organization\"},\"potentialAction\":[{\"@type\":\"SearchAction\",\"target\":{\"@type\":\"EntryPoint\",\"urlTemplate\":\"https:\\\/\\\/www.info-algerie.com\\\/actualites\\\/?s={search_term_string}\"},\"query-input\":{\"@type\":\"PropertyValueSpecification\",\"valueRequired\":true,\"valueName\":\"search_term_string\"}}],\"inLanguage\":\"fr-FR\"},{\"@type\":\"Organization\",\"@id\":\"https:\\\/\\\/www.info-algerie.com\\\/actualites\\\/#organization\",\"name\":\"info algerie\",\"url\":\"https:\\\/\\\/www.info-algerie.com\\\/actualites\\\/\",\"logo\":{\"@type\":\"ImageObject\",\"inLanguage\":\"fr-FR\",\"@id\":\"https:\\\/\\\/www.info-algerie.com\\\/actualites\\\/#\\\/schema\\\/logo\\\/image\\\/\",\"url\":\"https:\\\/\\\/www.info-algerie.com\\\/actualites\\\/wp-content\\\/uploads\\\/2022\\\/07\\\/logo-ia-120.png\",\"contentUrl\":\"https:\\\/\\\/www.info-algerie.com\\\/actualites\\\/wp-content\\\/uploads\\\/2022\\\/07\\\/logo-ia-120.png\",\"width\":120,\"height\":43,\"caption\":\"info algerie\"},\"image\":{\"@id\":\"https:\\\/\\\/www.info-algerie.com\\\/actualites\\\/#\\\/schema\\\/logo\\\/image\\\/\"},\"sameAs\":[\"https:\\\/\\\/www.facebook.com\\\/infoalgerieactu\",\"https:\\\/\\\/x.com\\\/infoalgerie1\"]},{\"@type\":\"Person\",\"@id\":\"https:\\\/\\\/www.info-algerie.com\\\/actualites\\\/#\\\/schema\\\/person\\\/847aaec44920825b843a08f30ec6aa1e\",\"name\":\"La r\u00e9daction\",\"image\":{\"@type\":\"ImageObject\",\"inLanguage\":\"fr-FR\",\"@id\":\"https:\\\/\\\/secure.gravatar.com\\\/avatar\\\/769db425c6f465158149f1ffd6cf61ce7a8a879d11dfbef8288af36dfddd418c?s=96&d=mm&r=g\",\"url\":\"https:\\\/\\\/secure.gravatar.com\\\/avatar\\\/769db425c6f465158149f1ffd6cf61ce7a8a879d11dfbef8288af36dfddd418c?s=96&d=mm&r=g\",\"contentUrl\":\"https:\\\/\\\/secure.gravatar.com\\\/avatar\\\/769db425c6f465158149f1ffd6cf61ce7a8a879d11dfbef8288af36dfddd418c?s=96&d=mm&r=g\",\"caption\":\"La r\u00e9daction\"},\"sameAs\":[\"http:\\\/\\\/www.lkeria.com\\\/\"],\"url\":\"https:\\\/\\\/www.info-algerie.com\\\/actualites\\\/author\\\/chakib32\\\/\"}]}<\/script>\n<!-- \/ Yoast SEO plugin. -->","yoast_head_json":{"title":"Message du Pr\u00e9sident Bouteflika \u00e0 l&#039;occasion de la journ\u00e9e nationale de la presse (Texte int\u00e9gral) - info algerie","robots":{"index":"index","follow":"follow","max-snippet":"max-snippet:-1","max-image-preview":"max-image-preview:large","max-video-preview":"max-video-preview:-1"},"canonical":"https:\/\/www.info-algerie.com\/actualites\/message-du-president-bouteflika-a-loccasion-de-la-journee-nationale-de-la-presse-texte-integral\/","og_locale":"fr_FR","og_type":"article","og_title":"Message du Pr\u00e9sident Bouteflika \u00e0 l&#039;occasion de la journ\u00e9e nationale de la presse (Texte int\u00e9gral) - info algerie","og_description":"ALGER &#8211; A l&rsquo;occasion de la c\u00e9l\u00e9bration de la journ\u00e9e nationale de la presse, le 22 octobre, le pr\u00e9sident de la R\u00e9publique, Abdelaziz Bouteflika, a adress\u00e9 samedi un message dont voici la traduction APS: &#013; &#013; \u00ab\u00a0La Journ\u00e9e nationale de la presse est indissociablement li\u00e9e \u00e0 la libert\u00e9 et au sacrifice au service d&rsquo;une noble","og_url":"https:\/\/www.info-algerie.com\/actualites\/message-du-president-bouteflika-a-loccasion-de-la-journee-nationale-de-la-presse-texte-integral\/","og_site_name":"info algerie","article_publisher":"https:\/\/www.facebook.com\/infoalgerieactu","article_published_time":"2017-10-21T12:46:40+00:00","author":"La r\u00e9daction","twitter_misc":{"\u00c9crit par":"La r\u00e9daction","Dur\u00e9e de lecture estim\u00e9e":"6 minutes"},"schema":{"@context":"https:\/\/schema.org","@graph":[{"@type":"Article","@id":"https:\/\/www.info-algerie.com\/actualites\/message-du-president-bouteflika-a-loccasion-de-la-journee-nationale-de-la-presse-texte-integral\/#article","isPartOf":{"@id":"https:\/\/www.info-algerie.com\/actualites\/message-du-president-bouteflika-a-loccasion-de-la-journee-nationale-de-la-presse-texte-integral\/"},"author":{"name":"La r\u00e9daction","@id":"https:\/\/www.info-algerie.com\/actualites\/#\/schema\/person\/847aaec44920825b843a08f30ec6aa1e"},"headline":"Message du Pr\u00e9sident Bouteflika \u00e0 l&#039;occasion de la journ\u00e9e nationale de la presse (Texte int\u00e9gral)","datePublished":"2017-10-21T12:46:40+00:00","mainEntityOfPage":{"@id":"https:\/\/www.info-algerie.com\/actualites\/message-du-president-bouteflika-a-loccasion-de-la-journee-nationale-de-la-presse-texte-integral\/"},"wordCount":1202,"commentCount":0,"publisher":{"@id":"https:\/\/www.info-algerie.com\/actualites\/#organization"},"keywords":["ONU"],"articleSection":["infos"],"inLanguage":"fr-FR","potentialAction":[{"@type":"CommentAction","name":"Comment","target":["https:\/\/www.info-algerie.com\/actualites\/message-du-president-bouteflika-a-loccasion-de-la-journee-nationale-de-la-presse-texte-integral\/#respond"]}]},{"@type":"WebPage","@id":"https:\/\/www.info-algerie.com\/actualites\/message-du-president-bouteflika-a-loccasion-de-la-journee-nationale-de-la-presse-texte-integral\/","url":"https:\/\/www.info-algerie.com\/actualites\/message-du-president-bouteflika-a-loccasion-de-la-journee-nationale-de-la-presse-texte-integral\/","name":"Message du Pr\u00e9sident Bouteflika \u00e0 l&#039;occasion de la journ\u00e9e nationale de la presse (Texte int\u00e9gral) - info algerie","isPartOf":{"@id":"https:\/\/www.info-algerie.com\/actualites\/#website"},"datePublished":"2017-10-21T12:46:40+00:00","breadcrumb":{"@id":"https:\/\/www.info-algerie.com\/actualites\/message-du-president-bouteflika-a-loccasion-de-la-journee-nationale-de-la-presse-texte-integral\/#breadcrumb"},"inLanguage":"fr-FR","potentialAction":[{"@type":"ReadAction","target":["https:\/\/www.info-algerie.com\/actualites\/message-du-president-bouteflika-a-loccasion-de-la-journee-nationale-de-la-presse-texte-integral\/"]}]},{"@type":"BreadcrumbList","@id":"https:\/\/www.info-algerie.com\/actualites\/message-du-president-bouteflika-a-loccasion-de-la-journee-nationale-de-la-presse-texte-integral\/#breadcrumb","itemListElement":[{"@type":"ListItem","position":1,"name":"Accueil","item":"https:\/\/www.info-algerie.com\/actualites\/"},{"@type":"ListItem","position":2,"name":"Message du Pr\u00e9sident Bouteflika \u00e0 l&#039;occasion de la journ\u00e9e nationale de la presse (Texte int\u00e9gral)"}]},{"@type":"WebSite","@id":"https:\/\/www.info-algerie.com\/actualites\/#website","url":"https:\/\/www.info-algerie.com\/actualites\/","name":"info algerie","description":"Toutes les actualit\u00e9s","publisher":{"@id":"https:\/\/www.info-algerie.com\/actualites\/#organization"},"potentialAction":[{"@type":"SearchAction","target":{"@type":"EntryPoint","urlTemplate":"https:\/\/www.info-algerie.com\/actualites\/?s={search_term_string}"},"query-input":{"@type":"PropertyValueSpecification","valueRequired":true,"valueName":"search_term_string"}}],"inLanguage":"fr-FR"},{"@type":"Organization","@id":"https:\/\/www.info-algerie.com\/actualites\/#organization","name":"info algerie","url":"https:\/\/www.info-algerie.com\/actualites\/","logo":{"@type":"ImageObject","inLanguage":"fr-FR","@id":"https:\/\/www.info-algerie.com\/actualites\/#\/schema\/logo\/image\/","url":"https:\/\/www.info-algerie.com\/actualites\/wp-content\/uploads\/2022\/07\/logo-ia-120.png","contentUrl":"https:\/\/www.info-algerie.com\/actualites\/wp-content\/uploads\/2022\/07\/logo-ia-120.png","width":120,"height":43,"caption":"info algerie"},"image":{"@id":"https:\/\/www.info-algerie.com\/actualites\/#\/schema\/logo\/image\/"},"sameAs":["https:\/\/www.facebook.com\/infoalgerieactu","https:\/\/x.com\/infoalgerie1"]},{"@type":"Person","@id":"https:\/\/www.info-algerie.com\/actualites\/#\/schema\/person\/847aaec44920825b843a08f30ec6aa1e","name":"La r\u00e9daction","image":{"@type":"ImageObject","inLanguage":"fr-FR","@id":"https:\/\/secure.gravatar.com\/avatar\/769db425c6f465158149f1ffd6cf61ce7a8a879d11dfbef8288af36dfddd418c?s=96&d=mm&r=g","url":"https:\/\/secure.gravatar.com\/avatar\/769db425c6f465158149f1ffd6cf61ce7a8a879d11dfbef8288af36dfddd418c?s=96&d=mm&r=g","contentUrl":"https:\/\/secure.gravatar.com\/avatar\/769db425c6f465158149f1ffd6cf61ce7a8a879d11dfbef8288af36dfddd418c?s=96&d=mm&r=g","caption":"La r\u00e9daction"},"sameAs":["http:\/\/www.lkeria.com\/"],"url":"https:\/\/www.info-algerie.com\/actualites\/author\/chakib32\/"}]}},"_links":{"self":[{"href":"https:\/\/www.info-algerie.com\/actualites\/wp-json\/wp\/v2\/posts\/17085","targetHints":{"allow":["GET"]}}],"collection":[{"href":"https:\/\/www.info-algerie.com\/actualites\/wp-json\/wp\/v2\/posts"}],"about":[{"href":"https:\/\/www.info-algerie.com\/actualites\/wp-json\/wp\/v2\/types\/post"}],"author":[{"embeddable":true,"href":"https:\/\/www.info-algerie.com\/actualites\/wp-json\/wp\/v2\/users\/6"}],"replies":[{"embeddable":true,"href":"https:\/\/www.info-algerie.com\/actualites\/wp-json\/wp\/v2\/comments?post=17085"}],"version-history":[{"count":0,"href":"https:\/\/www.info-algerie.com\/actualites\/wp-json\/wp\/v2\/posts\/17085\/revisions"}],"wp:attachment":[{"href":"https:\/\/www.info-algerie.com\/actualites\/wp-json\/wp\/v2\/media?parent=17085"}],"wp:term":[{"taxonomy":"category","embeddable":true,"href":"https:\/\/www.info-algerie.com\/actualites\/wp-json\/wp\/v2\/categories?post=17085"},{"taxonomy":"post_tag","embeddable":true,"href":"https:\/\/www.info-algerie.com\/actualites\/wp-json\/wp\/v2\/tags?post=17085"}],"curies":[{"name":"wp","href":"https:\/\/api.w.org\/{rel}","templated":true}]}}