{"id":17093,"date":"2017-10-21T12:05:37","date_gmt":"2017-10-21T11:05:37","guid":{"rendered":"http:\/\/www.info-algerie.com\/actualites\/illizi-la-langue-amazighe-element-de-lidentite-nationale-et-facteur-de-cohesion-sociale\/"},"modified":"2017-10-21T12:05:37","modified_gmt":"2017-10-21T11:05:37","slug":"illizi-la-langue-amazighe-element-de-lidentite-nationale-et-facteur-de-cohesion-sociale","status":"publish","type":"post","link":"https:\/\/www.info-algerie.com\/actualites\/illizi-la-langue-amazighe-element-de-lidentite-nationale-et-facteur-de-cohesion-sociale\/","title":{"rendered":"Illizi : La langue amazighe, \u00e9l\u00e9ment de l\u2019identit\u00e9 nationale et facteur de coh\u00e9sion sociale"},"content":{"rendered":"<div class=\"K2FeedImage\"><img decoding=\"async\" src=\"https:\/\/www.info-algerie.com\/actualites\/wp-content\/uploads\/2017\/10\/a53f7ca47a3f33b1d5bcfd54e5d3d7da_S.jpg\" alt=\"Illizi : La langue amazighe, &#xE9;l&#xE9;ment de l&#x2019;identit&#xE9; nationale et facteur de coh&#xE9;sion sociale\" \/><\/div>\n<div class=\"K2FeedIntroText\">\n<p><strong>ILLIZI &#8211; Le secr\u00e9taire g\u00e9n\u00e9ral\u00a0 du Haut commissariat \u00e0 l\u2019amazighit\u00e9 (HCA), Si Hachemi Assad, a affirm\u00e9, vendredi \u00e0 Illizi, que la langue amazighe constituait un \u00e9l\u00e9ment fondamental de l\u2019identit\u00e9 nationale et l\u2019amazighit\u00e9 un facteur de coh\u00e9sion sociale.<\/strong><\/p>\n<p>&#013;\n<\/p><\/div>\n<div class=\"K2FeedFullText\">&#013;<\/p>\n<p>S\u2019exprimant \u00e0 l&rsquo;ouverture du festival national de la po\u00e9sie amazighe, M. Assad a indiqu\u00e9 que le HCA \u0153uvrait, \u00e0 travers ses activit\u00e9s aux quatre coins du pays, \u00e0 la cons\u00e9cration, la promotion et la r\u00e9habilitation de la langue amazighe, en tant qu\u2019\u00e9l\u00e9ment fondamental de la culture alg\u00e9rienne, pr\u00e9sentant l\u2019amazighit\u00e9 comme un facteur essentiel de coh\u00e9sion sociale et un patrimoine de tous les alg\u00e9riens \u2018\u2018qu\u2019il appartient de d\u00e9fendre et de promouvoir\u2019\u2019.<\/p>\n<p>&#013;<\/p>\n<p>Le HCA d\u00e9ploie d\u2019intenses efforts notamment sur le plan de l\u2019enseignement de Tamazight \u00e0 travers l\u2019ensemble du territoire national, ce qui traduit la volont\u00e9 politique de l\u2019Etat \u00e0 r\u00e9habiliter et promouvoir la langue amazighe qu\u2019il a constitutionnalis\u00e9e comme langue officielle, a ajout\u00e9 M. Assad.<\/p>\n<p>&#013;<\/p>\n<hr \/>\n<p>Lire aussi : <a href=\"http:\/\/www.aps.dz\/algerie\/63683-le-plan-du-gouvernement-renforce-l-effort-de-generalisation-progressive-de-la-langue-amazighe\" target=\"_blank\" rel=\"noopener noreferrer\">Le plan du gouvernement renforce l&rsquo;effort de g\u00e9n\u00e9ralisation progressive de la langue amazighe<\/a><\/p>\n<p>&#013;<\/p>\n<hr \/>\n<p>L\u2019ouverture du festival nationale de la po\u00e9sie amazighe, qu\u2019organise, \u00e0 la Maison de la Culture \u2018\u2018Othmani Bali\u2019\u2019,\u00a0 le HCA avec le concours des minist\u00e8res de la Culture et du Tourisme et de l\u2019Artisanat, ainsi que d\u2019associations locales, a \u00e9t\u00e9 marqu\u00e9e par une forte pr\u00e9sence de passionn\u00e9s de la Culture amazighe venus appr\u00e9cier une exposition d\u2019articles de l\u2019artisanat traditionnel et du livre amazigh.<\/p>\n<p>&#013;<\/p>\n<p>Le public a \u00e9t\u00e9 gratifi\u00e9 aussi de parades folkloriques anim\u00e9es par la troupe \u2018\u2018Ayetma\u2019\u2019, avant de suivre une projection sur les diff\u00e9rentes activit\u00e9s du HCA et ses principales publications depuis sa cr\u00e9ation, puis un r\u00e9cital po\u00e9tique de po\u00e8tes repr\u00e9sentant diff\u00e9rentes variantes de la langue amazighe.<\/p>\n<p>&#013;<\/p>\n<p>Ce festival, qui s\u2019\u00e9tale sur quatre jours, est organis\u00e9 dans le cadre de la c\u00e9l\u00e9bration du centenaire de la naissance de l\u2019homme de Lettres alg\u00e9rien Mouloud Mammeri qui a \u00e9t\u00e9 d\u2019un grand apport \u00e0 la culture amazighe, \u00e0 travers ses publications et ses recherches, a soulign\u00e9 le secr\u00e9taire g\u00e9n\u00e9ral du HCA.<\/p>\n<p>&#013;<\/p>\n<p>Le programme du festival pr\u00e9voit diverses activit\u00e9s, dont des concours de po\u00e9sie dans les diff\u00e9rentes variantes de la langue amazighe, un forum de formation pour les guides touristiques et une conf\u00e9rence sur l\u2019\u00e9crivain et homme de lettres Mouloud Mammeri, en plus d\u2019un programme destin\u00e9 aux enfants au sein des \u00e9tablissements \u00e9ducatifs.<\/p>\n<\/div>\n<p>&#013;<br \/>\nSource: <a href=\"http:\/\/www.aps.dz\/algerie\/64221-illizi-la-langue-amazighe-element-de-l-identite-nationale-et-facteur-de-cohesion-sociale\" target=\"_blank\">Illizi : La langue amazighe, \u00e9l\u00e9ment de l\u2019identit\u00e9 nationale et facteur de coh\u00e9sion sociale<\/a><\/p>\n<!--CusAds0-->\n<div style=\"font-size: 0px; height: 0px; line-height: 0px; margin: 0; padding: 0; clear: both;\"><\/div>","protected":false},"excerpt":{"rendered":"<p>ILLIZI &#8211; Le secr\u00e9taire g\u00e9n\u00e9ral\u00a0 du Haut commissariat \u00e0 l\u2019amazighit\u00e9 (HCA), Si Hachemi Assad, a affirm\u00e9, vendredi \u00e0 Illizi, que la langue amazighe constituait un \u00e9l\u00e9ment fondamental de l\u2019identit\u00e9 nationale et l\u2019amazighit\u00e9 un facteur de coh\u00e9sion sociale. &#013; &#013; S\u2019exprimant \u00e0 l&rsquo;ouverture du festival national de la po\u00e9sie amazighe, M. Assad a indiqu\u00e9 que le<\/p>\n","protected":false},"author":6,"featured_media":17094,"comment_status":"open","ping_status":"open","sticky":false,"template":"","format":"standard","meta":{"footnotes":""},"categories":[22],"tags":[93],"class_list":["post-17093","post","type-post","status-publish","format-standard","has-post-thumbnail","hentry","category-infos","tag-onu"],"yoast_head":"<!-- This site is optimized with the Yoast SEO plugin v27.5 - https:\/\/yoast.com\/product\/yoast-seo-wordpress\/ -->\n<title>Illizi : La langue amazighe, \u00e9l\u00e9ment de l\u2019identit\u00e9 nationale et facteur de coh\u00e9sion sociale - info algerie<\/title>\n<meta name=\"robots\" content=\"index, follow, max-snippet:-1, max-image-preview:large, max-video-preview:-1\" \/>\n<link rel=\"canonical\" href=\"https:\/\/www.info-algerie.com\/actualites\/illizi-la-langue-amazighe-element-de-lidentite-nationale-et-facteur-de-cohesion-sociale\/\" \/>\n<meta property=\"og:locale\" content=\"fr_FR\" \/>\n<meta property=\"og:type\" content=\"article\" \/>\n<meta property=\"og:title\" content=\"Illizi : La langue amazighe, \u00e9l\u00e9ment de l\u2019identit\u00e9 nationale et facteur de coh\u00e9sion sociale - info algerie\" \/>\n<meta property=\"og:description\" content=\"ILLIZI &#8211; Le secr\u00e9taire g\u00e9n\u00e9ral\u00a0 du Haut commissariat \u00e0 l\u2019amazighit\u00e9 (HCA), Si Hachemi Assad, a affirm\u00e9, vendredi \u00e0 Illizi, que la langue amazighe constituait un \u00e9l\u00e9ment fondamental de l\u2019identit\u00e9 nationale et l\u2019amazighit\u00e9 un facteur de coh\u00e9sion sociale. &#013; &#013; S\u2019exprimant \u00e0 l&rsquo;ouverture du festival national de la po\u00e9sie amazighe, M. Assad a indiqu\u00e9 que le\" \/>\n<meta property=\"og:url\" content=\"https:\/\/www.info-algerie.com\/actualites\/illizi-la-langue-amazighe-element-de-lidentite-nationale-et-facteur-de-cohesion-sociale\/\" \/>\n<meta property=\"og:site_name\" content=\"info algerie\" \/>\n<meta property=\"article:publisher\" content=\"https:\/\/www.facebook.com\/infoalgerieactu\" \/>\n<meta property=\"article:published_time\" content=\"2017-10-21T11:05:37+00:00\" \/>\n<meta property=\"og:image\" content=\"https:\/\/www.info-algerie.com\/actualites\/wp-content\/uploads\/2017\/10\/a53f7ca47a3f33b1d5bcfd54e5d3d7da_S-1.jpg\" \/>\n\t<meta property=\"og:image:width\" content=\"280\" \/>\n\t<meta property=\"og:image:height\" content=\"169\" \/>\n\t<meta property=\"og:image:type\" content=\"image\/jpeg\" \/>\n<meta name=\"author\" content=\"La r\u00e9daction\" \/>\n<meta name=\"twitter:label1\" content=\"\u00c9crit par\" \/>\n\t<meta name=\"twitter:data1\" content=\"La r\u00e9daction\" \/>\n\t<meta name=\"twitter:label2\" content=\"Dur\u00e9e de lecture estim\u00e9e\" \/>\n\t<meta name=\"twitter:data2\" content=\"2 minutes\" \/>\n<script type=\"application\/ld+json\" class=\"yoast-schema-graph\">{\"@context\":\"https:\\\/\\\/schema.org\",\"@graph\":[{\"@type\":\"Article\",\"@id\":\"https:\\\/\\\/www.info-algerie.com\\\/actualites\\\/illizi-la-langue-amazighe-element-de-lidentite-nationale-et-facteur-de-cohesion-sociale\\\/#article\",\"isPartOf\":{\"@id\":\"https:\\\/\\\/www.info-algerie.com\\\/actualites\\\/illizi-la-langue-amazighe-element-de-lidentite-nationale-et-facteur-de-cohesion-sociale\\\/\"},\"author\":{\"name\":\"La r\u00e9daction\",\"@id\":\"https:\\\/\\\/www.info-algerie.com\\\/actualites\\\/#\\\/schema\\\/person\\\/847aaec44920825b843a08f30ec6aa1e\"},\"headline\":\"Illizi : La langue amazighe, \u00e9l\u00e9ment de l\u2019identit\u00e9 nationale et facteur de coh\u00e9sion sociale\",\"datePublished\":\"2017-10-21T11:05:37+00:00\",\"mainEntityOfPage\":{\"@id\":\"https:\\\/\\\/www.info-algerie.com\\\/actualites\\\/illizi-la-langue-amazighe-element-de-lidentite-nationale-et-facteur-de-cohesion-sociale\\\/\"},\"wordCount\":469,\"commentCount\":0,\"publisher\":{\"@id\":\"https:\\\/\\\/www.info-algerie.com\\\/actualites\\\/#organization\"},\"image\":{\"@id\":\"https:\\\/\\\/www.info-algerie.com\\\/actualites\\\/illizi-la-langue-amazighe-element-de-lidentite-nationale-et-facteur-de-cohesion-sociale\\\/#primaryimage\"},\"thumbnailUrl\":\"https:\\\/\\\/www.info-algerie.com\\\/actualites\\\/wp-content\\\/uploads\\\/2017\\\/10\\\/a53f7ca47a3f33b1d5bcfd54e5d3d7da_S-1.jpg\",\"keywords\":[\"ONU\"],\"articleSection\":[\"infos\"],\"inLanguage\":\"fr-FR\",\"potentialAction\":[{\"@type\":\"CommentAction\",\"name\":\"Comment\",\"target\":[\"https:\\\/\\\/www.info-algerie.com\\\/actualites\\\/illizi-la-langue-amazighe-element-de-lidentite-nationale-et-facteur-de-cohesion-sociale\\\/#respond\"]}]},{\"@type\":\"WebPage\",\"@id\":\"https:\\\/\\\/www.info-algerie.com\\\/actualites\\\/illizi-la-langue-amazighe-element-de-lidentite-nationale-et-facteur-de-cohesion-sociale\\\/\",\"url\":\"https:\\\/\\\/www.info-algerie.com\\\/actualites\\\/illizi-la-langue-amazighe-element-de-lidentite-nationale-et-facteur-de-cohesion-sociale\\\/\",\"name\":\"Illizi : La langue amazighe, \u00e9l\u00e9ment de l\u2019identit\u00e9 nationale et facteur de coh\u00e9sion sociale - info algerie\",\"isPartOf\":{\"@id\":\"https:\\\/\\\/www.info-algerie.com\\\/actualites\\\/#website\"},\"primaryImageOfPage\":{\"@id\":\"https:\\\/\\\/www.info-algerie.com\\\/actualites\\\/illizi-la-langue-amazighe-element-de-lidentite-nationale-et-facteur-de-cohesion-sociale\\\/#primaryimage\"},\"image\":{\"@id\":\"https:\\\/\\\/www.info-algerie.com\\\/actualites\\\/illizi-la-langue-amazighe-element-de-lidentite-nationale-et-facteur-de-cohesion-sociale\\\/#primaryimage\"},\"thumbnailUrl\":\"https:\\\/\\\/www.info-algerie.com\\\/actualites\\\/wp-content\\\/uploads\\\/2017\\\/10\\\/a53f7ca47a3f33b1d5bcfd54e5d3d7da_S-1.jpg\",\"datePublished\":\"2017-10-21T11:05:37+00:00\",\"breadcrumb\":{\"@id\":\"https:\\\/\\\/www.info-algerie.com\\\/actualites\\\/illizi-la-langue-amazighe-element-de-lidentite-nationale-et-facteur-de-cohesion-sociale\\\/#breadcrumb\"},\"inLanguage\":\"fr-FR\",\"potentialAction\":[{\"@type\":\"ReadAction\",\"target\":[\"https:\\\/\\\/www.info-algerie.com\\\/actualites\\\/illizi-la-langue-amazighe-element-de-lidentite-nationale-et-facteur-de-cohesion-sociale\\\/\"]}]},{\"@type\":\"ImageObject\",\"inLanguage\":\"fr-FR\",\"@id\":\"https:\\\/\\\/www.info-algerie.com\\\/actualites\\\/illizi-la-langue-amazighe-element-de-lidentite-nationale-et-facteur-de-cohesion-sociale\\\/#primaryimage\",\"url\":\"https:\\\/\\\/www.info-algerie.com\\\/actualites\\\/wp-content\\\/uploads\\\/2017\\\/10\\\/a53f7ca47a3f33b1d5bcfd54e5d3d7da_S-1.jpg\",\"contentUrl\":\"https:\\\/\\\/www.info-algerie.com\\\/actualites\\\/wp-content\\\/uploads\\\/2017\\\/10\\\/a53f7ca47a3f33b1d5bcfd54e5d3d7da_S-1.jpg\",\"width\":280,\"height\":169},{\"@type\":\"BreadcrumbList\",\"@id\":\"https:\\\/\\\/www.info-algerie.com\\\/actualites\\\/illizi-la-langue-amazighe-element-de-lidentite-nationale-et-facteur-de-cohesion-sociale\\\/#breadcrumb\",\"itemListElement\":[{\"@type\":\"ListItem\",\"position\":1,\"name\":\"Accueil\",\"item\":\"https:\\\/\\\/www.info-algerie.com\\\/actualites\\\/\"},{\"@type\":\"ListItem\",\"position\":2,\"name\":\"Illizi : La langue amazighe, \u00e9l\u00e9ment de l\u2019identit\u00e9 nationale et facteur de coh\u00e9sion sociale\"}]},{\"@type\":\"WebSite\",\"@id\":\"https:\\\/\\\/www.info-algerie.com\\\/actualites\\\/#website\",\"url\":\"https:\\\/\\\/www.info-algerie.com\\\/actualites\\\/\",\"name\":\"info algerie\",\"description\":\"Toutes les actualit\u00e9s\",\"publisher\":{\"@id\":\"https:\\\/\\\/www.info-algerie.com\\\/actualites\\\/#organization\"},\"potentialAction\":[{\"@type\":\"SearchAction\",\"target\":{\"@type\":\"EntryPoint\",\"urlTemplate\":\"https:\\\/\\\/www.info-algerie.com\\\/actualites\\\/?s={search_term_string}\"},\"query-input\":{\"@type\":\"PropertyValueSpecification\",\"valueRequired\":true,\"valueName\":\"search_term_string\"}}],\"inLanguage\":\"fr-FR\"},{\"@type\":\"Organization\",\"@id\":\"https:\\\/\\\/www.info-algerie.com\\\/actualites\\\/#organization\",\"name\":\"info algerie\",\"url\":\"https:\\\/\\\/www.info-algerie.com\\\/actualites\\\/\",\"logo\":{\"@type\":\"ImageObject\",\"inLanguage\":\"fr-FR\",\"@id\":\"https:\\\/\\\/www.info-algerie.com\\\/actualites\\\/#\\\/schema\\\/logo\\\/image\\\/\",\"url\":\"https:\\\/\\\/www.info-algerie.com\\\/actualites\\\/wp-content\\\/uploads\\\/2022\\\/07\\\/logo-ia-120.png\",\"contentUrl\":\"https:\\\/\\\/www.info-algerie.com\\\/actualites\\\/wp-content\\\/uploads\\\/2022\\\/07\\\/logo-ia-120.png\",\"width\":120,\"height\":43,\"caption\":\"info algerie\"},\"image\":{\"@id\":\"https:\\\/\\\/www.info-algerie.com\\\/actualites\\\/#\\\/schema\\\/logo\\\/image\\\/\"},\"sameAs\":[\"https:\\\/\\\/www.facebook.com\\\/infoalgerieactu\",\"https:\\\/\\\/x.com\\\/infoalgerie1\"]},{\"@type\":\"Person\",\"@id\":\"https:\\\/\\\/www.info-algerie.com\\\/actualites\\\/#\\\/schema\\\/person\\\/847aaec44920825b843a08f30ec6aa1e\",\"name\":\"La r\u00e9daction\",\"image\":{\"@type\":\"ImageObject\",\"inLanguage\":\"fr-FR\",\"@id\":\"https:\\\/\\\/secure.gravatar.com\\\/avatar\\\/769db425c6f465158149f1ffd6cf61ce7a8a879d11dfbef8288af36dfddd418c?s=96&d=mm&r=g\",\"url\":\"https:\\\/\\\/secure.gravatar.com\\\/avatar\\\/769db425c6f465158149f1ffd6cf61ce7a8a879d11dfbef8288af36dfddd418c?s=96&d=mm&r=g\",\"contentUrl\":\"https:\\\/\\\/secure.gravatar.com\\\/avatar\\\/769db425c6f465158149f1ffd6cf61ce7a8a879d11dfbef8288af36dfddd418c?s=96&d=mm&r=g\",\"caption\":\"La r\u00e9daction\"},\"sameAs\":[\"http:\\\/\\\/www.lkeria.com\\\/\"],\"url\":\"https:\\\/\\\/www.info-algerie.com\\\/actualites\\\/author\\\/chakib32\\\/\"}]}<\/script>\n<!-- \/ Yoast SEO plugin. -->","yoast_head_json":{"title":"Illizi : La langue amazighe, \u00e9l\u00e9ment de l\u2019identit\u00e9 nationale et facteur de coh\u00e9sion sociale - info algerie","robots":{"index":"index","follow":"follow","max-snippet":"max-snippet:-1","max-image-preview":"max-image-preview:large","max-video-preview":"max-video-preview:-1"},"canonical":"https:\/\/www.info-algerie.com\/actualites\/illizi-la-langue-amazighe-element-de-lidentite-nationale-et-facteur-de-cohesion-sociale\/","og_locale":"fr_FR","og_type":"article","og_title":"Illizi : La langue amazighe, \u00e9l\u00e9ment de l\u2019identit\u00e9 nationale et facteur de coh\u00e9sion sociale - info algerie","og_description":"ILLIZI &#8211; Le secr\u00e9taire g\u00e9n\u00e9ral\u00a0 du Haut commissariat \u00e0 l\u2019amazighit\u00e9 (HCA), Si Hachemi Assad, a affirm\u00e9, vendredi \u00e0 Illizi, que la langue amazighe constituait un \u00e9l\u00e9ment fondamental de l\u2019identit\u00e9 nationale et l\u2019amazighit\u00e9 un facteur de coh\u00e9sion sociale. &#013; &#013; S\u2019exprimant \u00e0 l&rsquo;ouverture du festival national de la po\u00e9sie amazighe, M. Assad a indiqu\u00e9 que le","og_url":"https:\/\/www.info-algerie.com\/actualites\/illizi-la-langue-amazighe-element-de-lidentite-nationale-et-facteur-de-cohesion-sociale\/","og_site_name":"info algerie","article_publisher":"https:\/\/www.facebook.com\/infoalgerieactu","article_published_time":"2017-10-21T11:05:37+00:00","og_image":[{"width":280,"height":169,"url":"https:\/\/www.info-algerie.com\/actualites\/wp-content\/uploads\/2017\/10\/a53f7ca47a3f33b1d5bcfd54e5d3d7da_S-1.jpg","type":"image\/jpeg"}],"author":"La r\u00e9daction","twitter_misc":{"\u00c9crit par":"La r\u00e9daction","Dur\u00e9e de lecture estim\u00e9e":"2 minutes"},"schema":{"@context":"https:\/\/schema.org","@graph":[{"@type":"Article","@id":"https:\/\/www.info-algerie.com\/actualites\/illizi-la-langue-amazighe-element-de-lidentite-nationale-et-facteur-de-cohesion-sociale\/#article","isPartOf":{"@id":"https:\/\/www.info-algerie.com\/actualites\/illizi-la-langue-amazighe-element-de-lidentite-nationale-et-facteur-de-cohesion-sociale\/"},"author":{"name":"La r\u00e9daction","@id":"https:\/\/www.info-algerie.com\/actualites\/#\/schema\/person\/847aaec44920825b843a08f30ec6aa1e"},"headline":"Illizi : La langue amazighe, \u00e9l\u00e9ment de l\u2019identit\u00e9 nationale et facteur de coh\u00e9sion sociale","datePublished":"2017-10-21T11:05:37+00:00","mainEntityOfPage":{"@id":"https:\/\/www.info-algerie.com\/actualites\/illizi-la-langue-amazighe-element-de-lidentite-nationale-et-facteur-de-cohesion-sociale\/"},"wordCount":469,"commentCount":0,"publisher":{"@id":"https:\/\/www.info-algerie.com\/actualites\/#organization"},"image":{"@id":"https:\/\/www.info-algerie.com\/actualites\/illizi-la-langue-amazighe-element-de-lidentite-nationale-et-facteur-de-cohesion-sociale\/#primaryimage"},"thumbnailUrl":"https:\/\/www.info-algerie.com\/actualites\/wp-content\/uploads\/2017\/10\/a53f7ca47a3f33b1d5bcfd54e5d3d7da_S-1.jpg","keywords":["ONU"],"articleSection":["infos"],"inLanguage":"fr-FR","potentialAction":[{"@type":"CommentAction","name":"Comment","target":["https:\/\/www.info-algerie.com\/actualites\/illizi-la-langue-amazighe-element-de-lidentite-nationale-et-facteur-de-cohesion-sociale\/#respond"]}]},{"@type":"WebPage","@id":"https:\/\/www.info-algerie.com\/actualites\/illizi-la-langue-amazighe-element-de-lidentite-nationale-et-facteur-de-cohesion-sociale\/","url":"https:\/\/www.info-algerie.com\/actualites\/illizi-la-langue-amazighe-element-de-lidentite-nationale-et-facteur-de-cohesion-sociale\/","name":"Illizi : La langue amazighe, \u00e9l\u00e9ment de l\u2019identit\u00e9 nationale et facteur de coh\u00e9sion sociale - info algerie","isPartOf":{"@id":"https:\/\/www.info-algerie.com\/actualites\/#website"},"primaryImageOfPage":{"@id":"https:\/\/www.info-algerie.com\/actualites\/illizi-la-langue-amazighe-element-de-lidentite-nationale-et-facteur-de-cohesion-sociale\/#primaryimage"},"image":{"@id":"https:\/\/www.info-algerie.com\/actualites\/illizi-la-langue-amazighe-element-de-lidentite-nationale-et-facteur-de-cohesion-sociale\/#primaryimage"},"thumbnailUrl":"https:\/\/www.info-algerie.com\/actualites\/wp-content\/uploads\/2017\/10\/a53f7ca47a3f33b1d5bcfd54e5d3d7da_S-1.jpg","datePublished":"2017-10-21T11:05:37+00:00","breadcrumb":{"@id":"https:\/\/www.info-algerie.com\/actualites\/illizi-la-langue-amazighe-element-de-lidentite-nationale-et-facteur-de-cohesion-sociale\/#breadcrumb"},"inLanguage":"fr-FR","potentialAction":[{"@type":"ReadAction","target":["https:\/\/www.info-algerie.com\/actualites\/illizi-la-langue-amazighe-element-de-lidentite-nationale-et-facteur-de-cohesion-sociale\/"]}]},{"@type":"ImageObject","inLanguage":"fr-FR","@id":"https:\/\/www.info-algerie.com\/actualites\/illizi-la-langue-amazighe-element-de-lidentite-nationale-et-facteur-de-cohesion-sociale\/#primaryimage","url":"https:\/\/www.info-algerie.com\/actualites\/wp-content\/uploads\/2017\/10\/a53f7ca47a3f33b1d5bcfd54e5d3d7da_S-1.jpg","contentUrl":"https:\/\/www.info-algerie.com\/actualites\/wp-content\/uploads\/2017\/10\/a53f7ca47a3f33b1d5bcfd54e5d3d7da_S-1.jpg","width":280,"height":169},{"@type":"BreadcrumbList","@id":"https:\/\/www.info-algerie.com\/actualites\/illizi-la-langue-amazighe-element-de-lidentite-nationale-et-facteur-de-cohesion-sociale\/#breadcrumb","itemListElement":[{"@type":"ListItem","position":1,"name":"Accueil","item":"https:\/\/www.info-algerie.com\/actualites\/"},{"@type":"ListItem","position":2,"name":"Illizi : La langue amazighe, \u00e9l\u00e9ment de l\u2019identit\u00e9 nationale et facteur de coh\u00e9sion sociale"}]},{"@type":"WebSite","@id":"https:\/\/www.info-algerie.com\/actualites\/#website","url":"https:\/\/www.info-algerie.com\/actualites\/","name":"info algerie","description":"Toutes les actualit\u00e9s","publisher":{"@id":"https:\/\/www.info-algerie.com\/actualites\/#organization"},"potentialAction":[{"@type":"SearchAction","target":{"@type":"EntryPoint","urlTemplate":"https:\/\/www.info-algerie.com\/actualites\/?s={search_term_string}"},"query-input":{"@type":"PropertyValueSpecification","valueRequired":true,"valueName":"search_term_string"}}],"inLanguage":"fr-FR"},{"@type":"Organization","@id":"https:\/\/www.info-algerie.com\/actualites\/#organization","name":"info algerie","url":"https:\/\/www.info-algerie.com\/actualites\/","logo":{"@type":"ImageObject","inLanguage":"fr-FR","@id":"https:\/\/www.info-algerie.com\/actualites\/#\/schema\/logo\/image\/","url":"https:\/\/www.info-algerie.com\/actualites\/wp-content\/uploads\/2022\/07\/logo-ia-120.png","contentUrl":"https:\/\/www.info-algerie.com\/actualites\/wp-content\/uploads\/2022\/07\/logo-ia-120.png","width":120,"height":43,"caption":"info algerie"},"image":{"@id":"https:\/\/www.info-algerie.com\/actualites\/#\/schema\/logo\/image\/"},"sameAs":["https:\/\/www.facebook.com\/infoalgerieactu","https:\/\/x.com\/infoalgerie1"]},{"@type":"Person","@id":"https:\/\/www.info-algerie.com\/actualites\/#\/schema\/person\/847aaec44920825b843a08f30ec6aa1e","name":"La r\u00e9daction","image":{"@type":"ImageObject","inLanguage":"fr-FR","@id":"https:\/\/secure.gravatar.com\/avatar\/769db425c6f465158149f1ffd6cf61ce7a8a879d11dfbef8288af36dfddd418c?s=96&d=mm&r=g","url":"https:\/\/secure.gravatar.com\/avatar\/769db425c6f465158149f1ffd6cf61ce7a8a879d11dfbef8288af36dfddd418c?s=96&d=mm&r=g","contentUrl":"https:\/\/secure.gravatar.com\/avatar\/769db425c6f465158149f1ffd6cf61ce7a8a879d11dfbef8288af36dfddd418c?s=96&d=mm&r=g","caption":"La r\u00e9daction"},"sameAs":["http:\/\/www.lkeria.com\/"],"url":"https:\/\/www.info-algerie.com\/actualites\/author\/chakib32\/"}]}},"_links":{"self":[{"href":"https:\/\/www.info-algerie.com\/actualites\/wp-json\/wp\/v2\/posts\/17093","targetHints":{"allow":["GET"]}}],"collection":[{"href":"https:\/\/www.info-algerie.com\/actualites\/wp-json\/wp\/v2\/posts"}],"about":[{"href":"https:\/\/www.info-algerie.com\/actualites\/wp-json\/wp\/v2\/types\/post"}],"author":[{"embeddable":true,"href":"https:\/\/www.info-algerie.com\/actualites\/wp-json\/wp\/v2\/users\/6"}],"replies":[{"embeddable":true,"href":"https:\/\/www.info-algerie.com\/actualites\/wp-json\/wp\/v2\/comments?post=17093"}],"version-history":[{"count":0,"href":"https:\/\/www.info-algerie.com\/actualites\/wp-json\/wp\/v2\/posts\/17093\/revisions"}],"wp:featuredmedia":[{"embeddable":true,"href":"https:\/\/www.info-algerie.com\/actualites\/wp-json\/wp\/v2\/media\/17094"}],"wp:attachment":[{"href":"https:\/\/www.info-algerie.com\/actualites\/wp-json\/wp\/v2\/media?parent=17093"}],"wp:term":[{"taxonomy":"category","embeddable":true,"href":"https:\/\/www.info-algerie.com\/actualites\/wp-json\/wp\/v2\/categories?post=17093"},{"taxonomy":"post_tag","embeddable":true,"href":"https:\/\/www.info-algerie.com\/actualites\/wp-json\/wp\/v2\/tags?post=17093"}],"curies":[{"name":"wp","href":"https:\/\/api.w.org\/{rel}","templated":true}]}}