{"id":17101,"date":"2017-10-21T16:56:07","date_gmt":"2017-10-21T15:56:07","guid":{"rendered":"http:\/\/www.info-algerie.com\/actualites\/le-president-bouteflika-instruit-le-gouvernement-a-accelerer-la-mise-en-oeuvre-de-lautorite-de-regulation-de-la-presse-ecrite\/"},"modified":"2017-10-21T16:56:07","modified_gmt":"2017-10-21T15:56:07","slug":"le-president-bouteflika-instruit-le-gouvernement-a-accelerer-la-mise-en-oeuvre-de-lautorite-de-regulation-de-la-presse-ecrite","status":"publish","type":"post","link":"https:\/\/www.info-algerie.com\/actualites\/le-president-bouteflika-instruit-le-gouvernement-a-accelerer-la-mise-en-oeuvre-de-lautorite-de-regulation-de-la-presse-ecrite\/","title":{"rendered":"Le pr\u00e9sident Bouteflika instruit le gouvernement \u00e0 acc\u00e9l\u00e9rer la mise en \u0153uvre de l&#039;Autorit\u00e9 de r\u00e9gulation de la presse \u00e9crite"},"content":{"rendered":"<div class=\"K2FeedImage\"><img decoding=\"async\" src=\"https:\/\/www.info-algerie.com\/actualites\/wp-content\/uploads\/2017\/10\/5d448e73be911d0d8cb64f328783ff70_S.jpg\" alt=\"Le pr&#xE9;sident Bouteflika instruit le gouvernement &#xE0; acc&#xE9;l&#xE9;rer la mise en &#x153;uvre de l'Autorit&#xE9; de r&#xE9;gulation de la presse &#xE9;crite\" \/><\/div>\n<div class=\"K2FeedIntroText\">\n<p><strong>ALGER &#8211; Le pr\u00e9sident de la R\u00e9publique, Abdelaziz Bouteflika, a instruit samedi le gouvernement \u00e0 l&rsquo;effet d&rsquo;acc\u00e9l\u00e9rer la mise en place de l&rsquo;Autorit\u00e9 de r\u00e9gulation de la presse \u00e9crite (ARPE) et son activation aux c\u00f4t\u00e9s de l&rsquo;Autorit\u00e9 de r\u00e9gulation de l&rsquo;audiovisuel (ARAV).<\/strong><\/p>\n<p>&#013;\n<\/p><\/div>\n<div class=\"K2FeedFullText\">&#013;<\/p>\n<p>\u00ab\u00a0Partant de l&rsquo;int\u00e9r\u00eat accord\u00e9 \u00e0 la pr\u00e9servation et \u00e0 la consolidation des acquis de l&rsquo;Alg\u00e9rie dans le secteur de l&rsquo;information, je r\u00e9it\u00e8re mon appel au gouvernement pour acc\u00e9l\u00e9rer la <strong><a href=\"http:\/\/www.aps.dz\/algerie\/63734-le-ministere-de-la-communication-oeuvrera-avec-les-journalistes-pour-mettre-en-place-l-arpe-avant-fin-2017-kaouane\">mise en place de l&rsquo;Autorit\u00e9 de r\u00e9gulation de la presse \u00e9crite<\/a><\/strong> et son activation aux c\u00f4t\u00e9s de l&rsquo;Autorit\u00e9 de r\u00e9gulation de l&rsquo;audiovisuel\u00a0\u00bb, a soulign\u00e9 le chef de l&rsquo;Etat dans un <strong><a href=\"http:\/\/www.aps.dz\/algerie\/64228\/message-du-president-bouteflika-a-l-occasion-de-la-journee-nationale-de-la-presse-texte-integral\" target=\"_blank\" rel=\"noopener noreferrer\">message \u00e0 l&rsquo;occasion de la Journ\u00e9e nationale de la presse<\/a><\/strong>.<\/p>\n<p>&#013;<\/p>\n<p>Lors de la pr\u00e9sentation du <strong><a href=\"http:\/\/www.aps.dz\/algerie\/63243-les-mesures-prevues-dans-le-plan-du-gouvernement-sur-l-information-reaffirment-la-determination-de-l-executif-a-relancer-ce-secteur\">Plan d&rsquo;action du gouvernement<\/a><\/strong> devant le Parlement, le Premier ministre, Ahmed Ouyahia, avait annonc\u00e9 l&rsquo;installation avant la fin de l&rsquo;ann\u00e9e de l&rsquo;ARPE, assurant que le gouvernement \u0153uvrera pour l&rsquo;am\u00e9lioration de la situation des m\u00e9dias en Alg\u00e9rie et de l&rsquo;acc\u00e8s \u00e0 l&rsquo;information.<\/p>\n<p>&#013;<\/p>\n<hr \/>\n<h3>Lire aussi:\u00a0<a href=\"http:\/\/www.aps.dz\/algerie\/64226-accelerer-la-mise-en-place-de-l-autorite-de-regulation-de-la-presse-ecrite-bouteflika\" target=\"_blank\" rel=\"noopener noreferrer\">Acc\u00e9l\u00e9rer la mise en place de l&rsquo;Autorit\u00e9 de r\u00e9gulation de la presse \u00e9crite (Bouteflika)<\/a><\/h3>\n<p>&#013;<\/p>\n<hr \/>\n<p>\u00ab\u00a0Avant la fin de l&rsquo;ann\u00e9e, il sera proc\u00e9d\u00e9 \u00e0 l&rsquo;installation de l&rsquo;Autorit\u00e9 de r\u00e9gulation de la presse \u00e9crite\u00a0\u00bb, avait-il affirm\u00e9, relevant que le plan d&rsquo;action du gouvernement contient l&rsquo;engagement du gouvernement pour l&rsquo;am\u00e9lioration de la situation des m\u00e9dias en Alg\u00e9rie, \u00e0 commencer par l&rsquo;am\u00e9lioration de son action et des institutions de l&rsquo;Etat en mati\u00e8re de communication.<\/p>\n<p>&#013;<\/p>\n<p>Pour sa part, le ministre de la Communication, Djamel Kaouane, avait indiqu\u00e9 que son d\u00e9partement minist\u00e9riel \u0153uvrait avec la corporation des journalistes pour la mise en place de l\u2019ARPE avant la fin de l&rsquo;ann\u00e9e en cours.<\/p>\n<p>&#013;<\/p>\n<p>Rappelant que la premi\u00e8re phase de la mise en place de cette autorit\u00e9 a \u00e9t\u00e9 l\u2019\u00e9tablissement de la carte du journaliste professionnel, il avait relev\u00e9 que des consultations ont \u00e9t\u00e9 lanc\u00e9es par le minist\u00e8re avec des repr\u00e9sentants de la corporation pour mettre en place cette Autorit\u00e9.<\/p>\n<p>&#013;<\/p>\n<hr \/>\n<h3>Lire aussi:\u00a0<a href=\"http:\/\/www.aps.dz\/algerie\/64227-le-president-bouteflika-exhorte-la-presse-a-etre-au-service-des-interets-supremes-du-pays\" target=\"_blank\" rel=\"noopener noreferrer\">L&rsquo;Autorit\u00e9 de r\u00e9gulation de la presse \u00e9crite install\u00e9e avant la fin de l&rsquo;ann\u00e9e (Ouyahia)<\/a><\/h3>\n<p>&#013;<\/p>\n<hr \/>\n<p>Il avait \u00e9galement assur\u00e9 que son minist\u00e8re \u00ab\u00a0sera un accompagnateur, un facilitateur et un m\u00e9diateur dans ce processus tributaire de la communaut\u00e9 des journalistes\u00a0\u00bb.<\/p>\n<p>&#013;<\/p>\n<blockquote><p>&#013;<\/p>\n<p><strong><em>\u00ab\u00a0Nous serons \u00e0 l\u2019\u00e9coute de nos partenaires pour assurer les conditions de succ\u00e8s de cette Autorit\u00e9\u00a0\u00bb, avait-il soutenu.<\/em><\/strong><\/p>\n<p>&#013;\n<\/p><\/blockquote>\n<p>&#013;<\/p>\n<p>\u00ab\u00a0L\u2019ARPE, au m\u00eame titre que l\u2019ARAV, h\u00e9riteront de pouvoirs r\u00e9galiens et seront dot\u00e9es de toutes les attributions n\u00e9cessaires, y compris l&rsquo;autonomie financi\u00e8re\u00a0\u00bb, avait tenu \u00e0 rassurer le ministre, relevant que la loi est \u00ab\u00a0tr\u00e8s claire\u00a0\u00bb \u00e0 ce sujet.<\/p>\n<p>&#013;<\/p>\n<p>L&rsquo;ARPE, pr\u00e9vue par loi relative \u00e0 l`information de 2012 et jouissant de la personnalit\u00e9 morale et de l`autonomie financi\u00e8re, est charg\u00e9e notamment d'\u00a0\u00bbencourager la pluralit\u00e9 de l`information et de veiller \u00e0 la diffusion et \u00e0 la distribution de l`information \u00e9crite \u00e0 travers tout le territoire national\u00a0\u00bb.<\/p>\n<p>&#013;<\/p>\n<hr \/>\n<h3>Lire aussi:\u00a0<a href=\"http:\/\/www.aps.dz\/algerie\/64227-le-president-bouteflika-exhorte-la-presse-a-etre-au-service-des-interets-supremes-du-pays\" target=\"_blank\" rel=\"noopener noreferrer\">Le Pr\u00e9sident Bouteflika exhorte la presse \u00e0 \u00eatre au service des int\u00e9r\u00eats supr\u00eames du pays<\/a><\/h3>\n<p>&#013;<\/p>\n<hr \/>\n<p>Elle est compos\u00e9e de 14 membres nomm\u00e9s par d\u00e9cret pr\u00e9sidentiel, \u00e0 savoir trois (3) membres d\u00e9sign\u00e9s par le pr\u00e9sident de la R\u00e9publique dont le pr\u00e9sident de l&rsquo;Autorit\u00e9, deux (2) membres non parlementaires propos\u00e9s par le pr\u00e9sident de l&rsquo;Assembl\u00e9e populaire nationale (APN), deux (2) membres non parlementaires propos\u00e9s par le pr\u00e9sident du Conseil de la nation et sept (7) membres \u00e9lus \u00e0 la majorit\u00e9 absolue parmi les journalistes professionnels justifiant d&rsquo;au moins 15 ans d&rsquo;exp\u00e9rience dans la profession. Le mandat des membres de l&rsquo;ARPE est de six ans non renouvelable.<\/p>\n<p>&#013;<\/p>\n<p>Dans son plan d&rsquo;action, le gouvernement s&rsquo;est engag\u00e9, dans le chapitre du droit du citoyen \u00e0 l&rsquo;information, \u00e0 travailler sur la promotion de l&rsquo;obtention par les m\u00e9dias des informations, des documents, statistiques et leur circulation au b\u00e9n\u00e9fice des citoyens.<\/p>\n<p>&#013;<\/p>\n<p class=\"MsoNormal\">Une loi encadrera cette innovation de sorte qu&rsquo;elle soit exerc\u00e9e dans la pr\u00e9servation de la vie priv\u00e9e et des droits d&rsquo;autrui, des int\u00e9r\u00eats l\u00e9gitimes des entreprises, ainsi que dans le respect des exigences de la s\u00e9curit\u00e9 nationale.<\/p>\n<\/div>\n<p>&#013;<br \/>\nSource: <a href=\"http:\/\/www.aps.dz\/algerie\/64243-le-president-bouteflika-instruit-le-gouvernement-a-accelerer-la-mise-en-oeuvre-de-l-autorite-de-regulation-de-la-presse-ecrite\" target=\"_blank\">Le pr\u00e9sident Bouteflika instruit le gouvernement \u00e0 acc\u00e9l\u00e9rer la mise en \u0153uvre de l&rsquo;Autorit\u00e9 de r\u00e9gulation de la presse \u00e9crite<\/a><\/p>\n<!--CusAds0-->\n<div style=\"font-size: 0px; height: 0px; line-height: 0px; margin: 0; padding: 0; clear: both;\"><\/div>","protected":false},"excerpt":{"rendered":"<p>ALGER &#8211; Le pr\u00e9sident de la R\u00e9publique, Abdelaziz Bouteflika, a instruit samedi le gouvernement \u00e0 l&rsquo;effet d&rsquo;acc\u00e9l\u00e9rer la mise en place de l&rsquo;Autorit\u00e9 de r\u00e9gulation de la presse \u00e9crite (ARPE) et son activation aux c\u00f4t\u00e9s de l&rsquo;Autorit\u00e9 de r\u00e9gulation de l&rsquo;audiovisuel (ARAV). &#013; &#013; \u00ab\u00a0Partant de l&rsquo;int\u00e9r\u00eat accord\u00e9 \u00e0 la pr\u00e9servation et \u00e0 la consolidation<\/p>\n","protected":false},"author":6,"featured_media":17102,"comment_status":"open","ping_status":"open","sticky":false,"template":"","format":"standard","meta":{"footnotes":""},"categories":[22],"tags":[93],"class_list":["post-17101","post","type-post","status-publish","format-standard","has-post-thumbnail","hentry","category-infos","tag-onu"],"yoast_head":"<!-- This site is optimized with the Yoast SEO plugin v27.5 - https:\/\/yoast.com\/product\/yoast-seo-wordpress\/ -->\n<title>Le pr\u00e9sident Bouteflika instruit le gouvernement \u00e0 acc\u00e9l\u00e9rer la mise en \u0153uvre de l&#039;Autorit\u00e9 de r\u00e9gulation de la presse \u00e9crite - info algerie<\/title>\n<meta name=\"robots\" content=\"index, follow, max-snippet:-1, max-image-preview:large, max-video-preview:-1\" \/>\n<link rel=\"canonical\" href=\"https:\/\/www.info-algerie.com\/actualites\/le-president-bouteflika-instruit-le-gouvernement-a-accelerer-la-mise-en-oeuvre-de-lautorite-de-regulation-de-la-presse-ecrite\/\" \/>\n<meta property=\"og:locale\" content=\"fr_FR\" \/>\n<meta property=\"og:type\" content=\"article\" \/>\n<meta property=\"og:title\" content=\"Le pr\u00e9sident Bouteflika instruit le gouvernement \u00e0 acc\u00e9l\u00e9rer la mise en \u0153uvre de l&#039;Autorit\u00e9 de r\u00e9gulation de la presse \u00e9crite - info algerie\" \/>\n<meta property=\"og:description\" content=\"ALGER &#8211; Le pr\u00e9sident de la R\u00e9publique, Abdelaziz Bouteflika, a instruit samedi le gouvernement \u00e0 l&rsquo;effet d&rsquo;acc\u00e9l\u00e9rer la mise en place de l&rsquo;Autorit\u00e9 de r\u00e9gulation de la presse \u00e9crite (ARPE) et son activation aux c\u00f4t\u00e9s de l&rsquo;Autorit\u00e9 de r\u00e9gulation de l&rsquo;audiovisuel (ARAV). &#013; &#013; \u00ab\u00a0Partant de l&rsquo;int\u00e9r\u00eat accord\u00e9 \u00e0 la pr\u00e9servation et \u00e0 la consolidation\" \/>\n<meta property=\"og:url\" content=\"https:\/\/www.info-algerie.com\/actualites\/le-president-bouteflika-instruit-le-gouvernement-a-accelerer-la-mise-en-oeuvre-de-lautorite-de-regulation-de-la-presse-ecrite\/\" \/>\n<meta property=\"og:site_name\" content=\"info algerie\" \/>\n<meta property=\"article:publisher\" content=\"https:\/\/www.facebook.com\/infoalgerieactu\" \/>\n<meta property=\"article:published_time\" content=\"2017-10-21T15:56:07+00:00\" \/>\n<meta property=\"og:image\" content=\"https:\/\/www.info-algerie.com\/actualites\/wp-content\/uploads\/2017\/10\/5d448e73be911d0d8cb64f328783ff70_S-1.jpg\" \/>\n\t<meta property=\"og:image:width\" content=\"280\" \/>\n\t<meta property=\"og:image:height\" content=\"169\" \/>\n\t<meta property=\"og:image:type\" content=\"image\/jpeg\" \/>\n<meta name=\"author\" content=\"La r\u00e9daction\" \/>\n<meta name=\"twitter:label1\" content=\"\u00c9crit par\" \/>\n\t<meta name=\"twitter:data1\" content=\"La r\u00e9daction\" \/>\n\t<meta name=\"twitter:label2\" content=\"Dur\u00e9e de lecture estim\u00e9e\" \/>\n\t<meta name=\"twitter:data2\" content=\"4 minutes\" \/>\n<script type=\"application\/ld+json\" class=\"yoast-schema-graph\">{\"@context\":\"https:\\\/\\\/schema.org\",\"@graph\":[{\"@type\":\"Article\",\"@id\":\"https:\\\/\\\/www.info-algerie.com\\\/actualites\\\/le-president-bouteflika-instruit-le-gouvernement-a-accelerer-la-mise-en-oeuvre-de-lautorite-de-regulation-de-la-presse-ecrite\\\/#article\",\"isPartOf\":{\"@id\":\"https:\\\/\\\/www.info-algerie.com\\\/actualites\\\/le-president-bouteflika-instruit-le-gouvernement-a-accelerer-la-mise-en-oeuvre-de-lautorite-de-regulation-de-la-presse-ecrite\\\/\"},\"author\":{\"name\":\"La r\u00e9daction\",\"@id\":\"https:\\\/\\\/www.info-algerie.com\\\/actualites\\\/#\\\/schema\\\/person\\\/847aaec44920825b843a08f30ec6aa1e\"},\"headline\":\"Le pr\u00e9sident Bouteflika instruit le gouvernement \u00e0 acc\u00e9l\u00e9rer la mise en \u0153uvre de l&#039;Autorit\u00e9 de r\u00e9gulation de la presse \u00e9crite\",\"datePublished\":\"2017-10-21T15:56:07+00:00\",\"mainEntityOfPage\":{\"@id\":\"https:\\\/\\\/www.info-algerie.com\\\/actualites\\\/le-president-bouteflika-instruit-le-gouvernement-a-accelerer-la-mise-en-oeuvre-de-lautorite-de-regulation-de-la-presse-ecrite\\\/\"},\"wordCount\":803,\"commentCount\":0,\"publisher\":{\"@id\":\"https:\\\/\\\/www.info-algerie.com\\\/actualites\\\/#organization\"},\"image\":{\"@id\":\"https:\\\/\\\/www.info-algerie.com\\\/actualites\\\/le-president-bouteflika-instruit-le-gouvernement-a-accelerer-la-mise-en-oeuvre-de-lautorite-de-regulation-de-la-presse-ecrite\\\/#primaryimage\"},\"thumbnailUrl\":\"https:\\\/\\\/www.info-algerie.com\\\/actualites\\\/wp-content\\\/uploads\\\/2017\\\/10\\\/5d448e73be911d0d8cb64f328783ff70_S-1.jpg\",\"keywords\":[\"ONU\"],\"articleSection\":[\"infos\"],\"inLanguage\":\"fr-FR\",\"potentialAction\":[{\"@type\":\"CommentAction\",\"name\":\"Comment\",\"target\":[\"https:\\\/\\\/www.info-algerie.com\\\/actualites\\\/le-president-bouteflika-instruit-le-gouvernement-a-accelerer-la-mise-en-oeuvre-de-lautorite-de-regulation-de-la-presse-ecrite\\\/#respond\"]}]},{\"@type\":\"WebPage\",\"@id\":\"https:\\\/\\\/www.info-algerie.com\\\/actualites\\\/le-president-bouteflika-instruit-le-gouvernement-a-accelerer-la-mise-en-oeuvre-de-lautorite-de-regulation-de-la-presse-ecrite\\\/\",\"url\":\"https:\\\/\\\/www.info-algerie.com\\\/actualites\\\/le-president-bouteflika-instruit-le-gouvernement-a-accelerer-la-mise-en-oeuvre-de-lautorite-de-regulation-de-la-presse-ecrite\\\/\",\"name\":\"Le pr\u00e9sident Bouteflika instruit le gouvernement \u00e0 acc\u00e9l\u00e9rer la mise en \u0153uvre de l&#039;Autorit\u00e9 de r\u00e9gulation de la presse \u00e9crite - info algerie\",\"isPartOf\":{\"@id\":\"https:\\\/\\\/www.info-algerie.com\\\/actualites\\\/#website\"},\"primaryImageOfPage\":{\"@id\":\"https:\\\/\\\/www.info-algerie.com\\\/actualites\\\/le-president-bouteflika-instruit-le-gouvernement-a-accelerer-la-mise-en-oeuvre-de-lautorite-de-regulation-de-la-presse-ecrite\\\/#primaryimage\"},\"image\":{\"@id\":\"https:\\\/\\\/www.info-algerie.com\\\/actualites\\\/le-president-bouteflika-instruit-le-gouvernement-a-accelerer-la-mise-en-oeuvre-de-lautorite-de-regulation-de-la-presse-ecrite\\\/#primaryimage\"},\"thumbnailUrl\":\"https:\\\/\\\/www.info-algerie.com\\\/actualites\\\/wp-content\\\/uploads\\\/2017\\\/10\\\/5d448e73be911d0d8cb64f328783ff70_S-1.jpg\",\"datePublished\":\"2017-10-21T15:56:07+00:00\",\"breadcrumb\":{\"@id\":\"https:\\\/\\\/www.info-algerie.com\\\/actualites\\\/le-president-bouteflika-instruit-le-gouvernement-a-accelerer-la-mise-en-oeuvre-de-lautorite-de-regulation-de-la-presse-ecrite\\\/#breadcrumb\"},\"inLanguage\":\"fr-FR\",\"potentialAction\":[{\"@type\":\"ReadAction\",\"target\":[\"https:\\\/\\\/www.info-algerie.com\\\/actualites\\\/le-president-bouteflika-instruit-le-gouvernement-a-accelerer-la-mise-en-oeuvre-de-lautorite-de-regulation-de-la-presse-ecrite\\\/\"]}]},{\"@type\":\"ImageObject\",\"inLanguage\":\"fr-FR\",\"@id\":\"https:\\\/\\\/www.info-algerie.com\\\/actualites\\\/le-president-bouteflika-instruit-le-gouvernement-a-accelerer-la-mise-en-oeuvre-de-lautorite-de-regulation-de-la-presse-ecrite\\\/#primaryimage\",\"url\":\"https:\\\/\\\/www.info-algerie.com\\\/actualites\\\/wp-content\\\/uploads\\\/2017\\\/10\\\/5d448e73be911d0d8cb64f328783ff70_S-1.jpg\",\"contentUrl\":\"https:\\\/\\\/www.info-algerie.com\\\/actualites\\\/wp-content\\\/uploads\\\/2017\\\/10\\\/5d448e73be911d0d8cb64f328783ff70_S-1.jpg\",\"width\":280,\"height\":169},{\"@type\":\"BreadcrumbList\",\"@id\":\"https:\\\/\\\/www.info-algerie.com\\\/actualites\\\/le-president-bouteflika-instruit-le-gouvernement-a-accelerer-la-mise-en-oeuvre-de-lautorite-de-regulation-de-la-presse-ecrite\\\/#breadcrumb\",\"itemListElement\":[{\"@type\":\"ListItem\",\"position\":1,\"name\":\"Accueil\",\"item\":\"https:\\\/\\\/www.info-algerie.com\\\/actualites\\\/\"},{\"@type\":\"ListItem\",\"position\":2,\"name\":\"Le pr\u00e9sident Bouteflika instruit le gouvernement \u00e0 acc\u00e9l\u00e9rer la mise en \u0153uvre de l&#039;Autorit\u00e9 de r\u00e9gulation de la presse \u00e9crite\"}]},{\"@type\":\"WebSite\",\"@id\":\"https:\\\/\\\/www.info-algerie.com\\\/actualites\\\/#website\",\"url\":\"https:\\\/\\\/www.info-algerie.com\\\/actualites\\\/\",\"name\":\"info algerie\",\"description\":\"Toutes les actualit\u00e9s\",\"publisher\":{\"@id\":\"https:\\\/\\\/www.info-algerie.com\\\/actualites\\\/#organization\"},\"potentialAction\":[{\"@type\":\"SearchAction\",\"target\":{\"@type\":\"EntryPoint\",\"urlTemplate\":\"https:\\\/\\\/www.info-algerie.com\\\/actualites\\\/?s={search_term_string}\"},\"query-input\":{\"@type\":\"PropertyValueSpecification\",\"valueRequired\":true,\"valueName\":\"search_term_string\"}}],\"inLanguage\":\"fr-FR\"},{\"@type\":\"Organization\",\"@id\":\"https:\\\/\\\/www.info-algerie.com\\\/actualites\\\/#organization\",\"name\":\"info algerie\",\"url\":\"https:\\\/\\\/www.info-algerie.com\\\/actualites\\\/\",\"logo\":{\"@type\":\"ImageObject\",\"inLanguage\":\"fr-FR\",\"@id\":\"https:\\\/\\\/www.info-algerie.com\\\/actualites\\\/#\\\/schema\\\/logo\\\/image\\\/\",\"url\":\"https:\\\/\\\/www.info-algerie.com\\\/actualites\\\/wp-content\\\/uploads\\\/2022\\\/07\\\/logo-ia-120.png\",\"contentUrl\":\"https:\\\/\\\/www.info-algerie.com\\\/actualites\\\/wp-content\\\/uploads\\\/2022\\\/07\\\/logo-ia-120.png\",\"width\":120,\"height\":43,\"caption\":\"info algerie\"},\"image\":{\"@id\":\"https:\\\/\\\/www.info-algerie.com\\\/actualites\\\/#\\\/schema\\\/logo\\\/image\\\/\"},\"sameAs\":[\"https:\\\/\\\/www.facebook.com\\\/infoalgerieactu\",\"https:\\\/\\\/x.com\\\/infoalgerie1\"]},{\"@type\":\"Person\",\"@id\":\"https:\\\/\\\/www.info-algerie.com\\\/actualites\\\/#\\\/schema\\\/person\\\/847aaec44920825b843a08f30ec6aa1e\",\"name\":\"La r\u00e9daction\",\"image\":{\"@type\":\"ImageObject\",\"inLanguage\":\"fr-FR\",\"@id\":\"https:\\\/\\\/secure.gravatar.com\\\/avatar\\\/769db425c6f465158149f1ffd6cf61ce7a8a879d11dfbef8288af36dfddd418c?s=96&d=mm&r=g\",\"url\":\"https:\\\/\\\/secure.gravatar.com\\\/avatar\\\/769db425c6f465158149f1ffd6cf61ce7a8a879d11dfbef8288af36dfddd418c?s=96&d=mm&r=g\",\"contentUrl\":\"https:\\\/\\\/secure.gravatar.com\\\/avatar\\\/769db425c6f465158149f1ffd6cf61ce7a8a879d11dfbef8288af36dfddd418c?s=96&d=mm&r=g\",\"caption\":\"La r\u00e9daction\"},\"sameAs\":[\"http:\\\/\\\/www.lkeria.com\\\/\"],\"url\":\"https:\\\/\\\/www.info-algerie.com\\\/actualites\\\/author\\\/chakib32\\\/\"}]}<\/script>\n<!-- \/ Yoast SEO plugin. -->","yoast_head_json":{"title":"Le pr\u00e9sident Bouteflika instruit le gouvernement \u00e0 acc\u00e9l\u00e9rer la mise en \u0153uvre de l&#039;Autorit\u00e9 de r\u00e9gulation de la presse \u00e9crite - info algerie","robots":{"index":"index","follow":"follow","max-snippet":"max-snippet:-1","max-image-preview":"max-image-preview:large","max-video-preview":"max-video-preview:-1"},"canonical":"https:\/\/www.info-algerie.com\/actualites\/le-president-bouteflika-instruit-le-gouvernement-a-accelerer-la-mise-en-oeuvre-de-lautorite-de-regulation-de-la-presse-ecrite\/","og_locale":"fr_FR","og_type":"article","og_title":"Le pr\u00e9sident Bouteflika instruit le gouvernement \u00e0 acc\u00e9l\u00e9rer la mise en \u0153uvre de l&#039;Autorit\u00e9 de r\u00e9gulation de la presse \u00e9crite - info algerie","og_description":"ALGER &#8211; Le pr\u00e9sident de la R\u00e9publique, Abdelaziz Bouteflika, a instruit samedi le gouvernement \u00e0 l&rsquo;effet d&rsquo;acc\u00e9l\u00e9rer la mise en place de l&rsquo;Autorit\u00e9 de r\u00e9gulation de la presse \u00e9crite (ARPE) et son activation aux c\u00f4t\u00e9s de l&rsquo;Autorit\u00e9 de r\u00e9gulation de l&rsquo;audiovisuel (ARAV). &#013; &#013; \u00ab\u00a0Partant de l&rsquo;int\u00e9r\u00eat accord\u00e9 \u00e0 la pr\u00e9servation et \u00e0 la consolidation","og_url":"https:\/\/www.info-algerie.com\/actualites\/le-president-bouteflika-instruit-le-gouvernement-a-accelerer-la-mise-en-oeuvre-de-lautorite-de-regulation-de-la-presse-ecrite\/","og_site_name":"info algerie","article_publisher":"https:\/\/www.facebook.com\/infoalgerieactu","article_published_time":"2017-10-21T15:56:07+00:00","og_image":[{"width":280,"height":169,"url":"https:\/\/www.info-algerie.com\/actualites\/wp-content\/uploads\/2017\/10\/5d448e73be911d0d8cb64f328783ff70_S-1.jpg","type":"image\/jpeg"}],"author":"La r\u00e9daction","twitter_misc":{"\u00c9crit par":"La r\u00e9daction","Dur\u00e9e de lecture estim\u00e9e":"4 minutes"},"schema":{"@context":"https:\/\/schema.org","@graph":[{"@type":"Article","@id":"https:\/\/www.info-algerie.com\/actualites\/le-president-bouteflika-instruit-le-gouvernement-a-accelerer-la-mise-en-oeuvre-de-lautorite-de-regulation-de-la-presse-ecrite\/#article","isPartOf":{"@id":"https:\/\/www.info-algerie.com\/actualites\/le-president-bouteflika-instruit-le-gouvernement-a-accelerer-la-mise-en-oeuvre-de-lautorite-de-regulation-de-la-presse-ecrite\/"},"author":{"name":"La r\u00e9daction","@id":"https:\/\/www.info-algerie.com\/actualites\/#\/schema\/person\/847aaec44920825b843a08f30ec6aa1e"},"headline":"Le pr\u00e9sident Bouteflika instruit le gouvernement \u00e0 acc\u00e9l\u00e9rer la mise en \u0153uvre de l&#039;Autorit\u00e9 de r\u00e9gulation de la presse \u00e9crite","datePublished":"2017-10-21T15:56:07+00:00","mainEntityOfPage":{"@id":"https:\/\/www.info-algerie.com\/actualites\/le-president-bouteflika-instruit-le-gouvernement-a-accelerer-la-mise-en-oeuvre-de-lautorite-de-regulation-de-la-presse-ecrite\/"},"wordCount":803,"commentCount":0,"publisher":{"@id":"https:\/\/www.info-algerie.com\/actualites\/#organization"},"image":{"@id":"https:\/\/www.info-algerie.com\/actualites\/le-president-bouteflika-instruit-le-gouvernement-a-accelerer-la-mise-en-oeuvre-de-lautorite-de-regulation-de-la-presse-ecrite\/#primaryimage"},"thumbnailUrl":"https:\/\/www.info-algerie.com\/actualites\/wp-content\/uploads\/2017\/10\/5d448e73be911d0d8cb64f328783ff70_S-1.jpg","keywords":["ONU"],"articleSection":["infos"],"inLanguage":"fr-FR","potentialAction":[{"@type":"CommentAction","name":"Comment","target":["https:\/\/www.info-algerie.com\/actualites\/le-president-bouteflika-instruit-le-gouvernement-a-accelerer-la-mise-en-oeuvre-de-lautorite-de-regulation-de-la-presse-ecrite\/#respond"]}]},{"@type":"WebPage","@id":"https:\/\/www.info-algerie.com\/actualites\/le-president-bouteflika-instruit-le-gouvernement-a-accelerer-la-mise-en-oeuvre-de-lautorite-de-regulation-de-la-presse-ecrite\/","url":"https:\/\/www.info-algerie.com\/actualites\/le-president-bouteflika-instruit-le-gouvernement-a-accelerer-la-mise-en-oeuvre-de-lautorite-de-regulation-de-la-presse-ecrite\/","name":"Le pr\u00e9sident Bouteflika instruit le gouvernement \u00e0 acc\u00e9l\u00e9rer la mise en \u0153uvre de l&#039;Autorit\u00e9 de r\u00e9gulation de la presse \u00e9crite - info algerie","isPartOf":{"@id":"https:\/\/www.info-algerie.com\/actualites\/#website"},"primaryImageOfPage":{"@id":"https:\/\/www.info-algerie.com\/actualites\/le-president-bouteflika-instruit-le-gouvernement-a-accelerer-la-mise-en-oeuvre-de-lautorite-de-regulation-de-la-presse-ecrite\/#primaryimage"},"image":{"@id":"https:\/\/www.info-algerie.com\/actualites\/le-president-bouteflika-instruit-le-gouvernement-a-accelerer-la-mise-en-oeuvre-de-lautorite-de-regulation-de-la-presse-ecrite\/#primaryimage"},"thumbnailUrl":"https:\/\/www.info-algerie.com\/actualites\/wp-content\/uploads\/2017\/10\/5d448e73be911d0d8cb64f328783ff70_S-1.jpg","datePublished":"2017-10-21T15:56:07+00:00","breadcrumb":{"@id":"https:\/\/www.info-algerie.com\/actualites\/le-president-bouteflika-instruit-le-gouvernement-a-accelerer-la-mise-en-oeuvre-de-lautorite-de-regulation-de-la-presse-ecrite\/#breadcrumb"},"inLanguage":"fr-FR","potentialAction":[{"@type":"ReadAction","target":["https:\/\/www.info-algerie.com\/actualites\/le-president-bouteflika-instruit-le-gouvernement-a-accelerer-la-mise-en-oeuvre-de-lautorite-de-regulation-de-la-presse-ecrite\/"]}]},{"@type":"ImageObject","inLanguage":"fr-FR","@id":"https:\/\/www.info-algerie.com\/actualites\/le-president-bouteflika-instruit-le-gouvernement-a-accelerer-la-mise-en-oeuvre-de-lautorite-de-regulation-de-la-presse-ecrite\/#primaryimage","url":"https:\/\/www.info-algerie.com\/actualites\/wp-content\/uploads\/2017\/10\/5d448e73be911d0d8cb64f328783ff70_S-1.jpg","contentUrl":"https:\/\/www.info-algerie.com\/actualites\/wp-content\/uploads\/2017\/10\/5d448e73be911d0d8cb64f328783ff70_S-1.jpg","width":280,"height":169},{"@type":"BreadcrumbList","@id":"https:\/\/www.info-algerie.com\/actualites\/le-president-bouteflika-instruit-le-gouvernement-a-accelerer-la-mise-en-oeuvre-de-lautorite-de-regulation-de-la-presse-ecrite\/#breadcrumb","itemListElement":[{"@type":"ListItem","position":1,"name":"Accueil","item":"https:\/\/www.info-algerie.com\/actualites\/"},{"@type":"ListItem","position":2,"name":"Le pr\u00e9sident Bouteflika instruit le gouvernement \u00e0 acc\u00e9l\u00e9rer la mise en \u0153uvre de l&#039;Autorit\u00e9 de r\u00e9gulation de la presse \u00e9crite"}]},{"@type":"WebSite","@id":"https:\/\/www.info-algerie.com\/actualites\/#website","url":"https:\/\/www.info-algerie.com\/actualites\/","name":"info algerie","description":"Toutes les actualit\u00e9s","publisher":{"@id":"https:\/\/www.info-algerie.com\/actualites\/#organization"},"potentialAction":[{"@type":"SearchAction","target":{"@type":"EntryPoint","urlTemplate":"https:\/\/www.info-algerie.com\/actualites\/?s={search_term_string}"},"query-input":{"@type":"PropertyValueSpecification","valueRequired":true,"valueName":"search_term_string"}}],"inLanguage":"fr-FR"},{"@type":"Organization","@id":"https:\/\/www.info-algerie.com\/actualites\/#organization","name":"info algerie","url":"https:\/\/www.info-algerie.com\/actualites\/","logo":{"@type":"ImageObject","inLanguage":"fr-FR","@id":"https:\/\/www.info-algerie.com\/actualites\/#\/schema\/logo\/image\/","url":"https:\/\/www.info-algerie.com\/actualites\/wp-content\/uploads\/2022\/07\/logo-ia-120.png","contentUrl":"https:\/\/www.info-algerie.com\/actualites\/wp-content\/uploads\/2022\/07\/logo-ia-120.png","width":120,"height":43,"caption":"info algerie"},"image":{"@id":"https:\/\/www.info-algerie.com\/actualites\/#\/schema\/logo\/image\/"},"sameAs":["https:\/\/www.facebook.com\/infoalgerieactu","https:\/\/x.com\/infoalgerie1"]},{"@type":"Person","@id":"https:\/\/www.info-algerie.com\/actualites\/#\/schema\/person\/847aaec44920825b843a08f30ec6aa1e","name":"La r\u00e9daction","image":{"@type":"ImageObject","inLanguage":"fr-FR","@id":"https:\/\/secure.gravatar.com\/avatar\/769db425c6f465158149f1ffd6cf61ce7a8a879d11dfbef8288af36dfddd418c?s=96&d=mm&r=g","url":"https:\/\/secure.gravatar.com\/avatar\/769db425c6f465158149f1ffd6cf61ce7a8a879d11dfbef8288af36dfddd418c?s=96&d=mm&r=g","contentUrl":"https:\/\/secure.gravatar.com\/avatar\/769db425c6f465158149f1ffd6cf61ce7a8a879d11dfbef8288af36dfddd418c?s=96&d=mm&r=g","caption":"La r\u00e9daction"},"sameAs":["http:\/\/www.lkeria.com\/"],"url":"https:\/\/www.info-algerie.com\/actualites\/author\/chakib32\/"}]}},"_links":{"self":[{"href":"https:\/\/www.info-algerie.com\/actualites\/wp-json\/wp\/v2\/posts\/17101","targetHints":{"allow":["GET"]}}],"collection":[{"href":"https:\/\/www.info-algerie.com\/actualites\/wp-json\/wp\/v2\/posts"}],"about":[{"href":"https:\/\/www.info-algerie.com\/actualites\/wp-json\/wp\/v2\/types\/post"}],"author":[{"embeddable":true,"href":"https:\/\/www.info-algerie.com\/actualites\/wp-json\/wp\/v2\/users\/6"}],"replies":[{"embeddable":true,"href":"https:\/\/www.info-algerie.com\/actualites\/wp-json\/wp\/v2\/comments?post=17101"}],"version-history":[{"count":0,"href":"https:\/\/www.info-algerie.com\/actualites\/wp-json\/wp\/v2\/posts\/17101\/revisions"}],"wp:featuredmedia":[{"embeddable":true,"href":"https:\/\/www.info-algerie.com\/actualites\/wp-json\/wp\/v2\/media\/17102"}],"wp:attachment":[{"href":"https:\/\/www.info-algerie.com\/actualites\/wp-json\/wp\/v2\/media?parent=17101"}],"wp:term":[{"taxonomy":"category","embeddable":true,"href":"https:\/\/www.info-algerie.com\/actualites\/wp-json\/wp\/v2\/categories?post=17101"},{"taxonomy":"post_tag","embeddable":true,"href":"https:\/\/www.info-algerie.com\/actualites\/wp-json\/wp\/v2\/tags?post=17101"}],"curies":[{"name":"wp","href":"https:\/\/api.w.org\/{rel}","templated":true}]}}