{"id":17117,"date":"2017-10-21T18:55:30","date_gmt":"2017-10-21T17:55:30","guid":{"rendered":"http:\/\/www.info-algerie.com\/actualites\/lalgerie-abrite-la-1e-reunion-du-groupe-de-travail-du-forum-mondial-de-lutte-contre-le-terrorisme-sur-lafrique-de-louest\/"},"modified":"2017-10-21T18:55:30","modified_gmt":"2017-10-21T17:55:30","slug":"lalgerie-abrite-la-1e-reunion-du-groupe-de-travail-du-forum-mondial-de-lutte-contre-le-terrorisme-sur-lafrique-de-louest","status":"publish","type":"post","link":"https:\/\/www.info-algerie.com\/actualites\/lalgerie-abrite-la-1e-reunion-du-groupe-de-travail-du-forum-mondial-de-lutte-contre-le-terrorisme-sur-lafrique-de-louest\/","title":{"rendered":"L&#039;Alg\u00e9rie abrite la 1e r\u00e9union du Groupe de travail du Forum mondial de lutte contre le terrorisme sur l\u2019Afrique de l\u2019Ouest"},"content":{"rendered":"<div class=\"K2FeedImage\"><img decoding=\"async\" src=\"https:\/\/www.info-algerie.com\/actualites\/wp-content\/uploads\/2017\/10\/6f59e910ccba0fcd305a1e36f2e58797_S.jpg\" alt=\"L'Alg&#xE9;rie abrite la 1e r&#xE9;union du Groupe de travail du Forum mondial de lutte contre le terrorisme sur l&#x2019;Afrique de l&#x2019;Ouest\" \/><\/div>\n<div class=\"K2FeedIntroText\">\n<p><strong>ALGER &#8211; L&rsquo;Alg\u00e9rie abrite, lundi et mardi, la 1\u00e8re r\u00e9union pl\u00e9ni\u00e8re du Groupe de travail du Forum mondial de lutte contre le terrorisme (GCTF) sur l\u2019Afrique de l\u2019Ouest, indique samedi un communiqu\u00e9 du Minist\u00e8re des affaires \u00e9trang\u00e8res.<\/strong><\/p>\n<p>&#013;\n<\/p><\/div>\n<div class=\"K2FeedFullText\">&#013;<\/p>\n<p>Cette rencontre du Groupe de travail du GCTF sur l\u2019Afrique de l\u2019Ouest, co-pr\u00e9sid\u00e9e par l\u2019Alg\u00e9rie et le Canada, \u00ab\u00a0regroupera des hauts fonctionnaires et des experts dans les domaines de la pr\u00e9vention et la lutte contre le terrorisme et l\u2019extr\u00e9misme violent, de la s\u00e9curit\u00e9 des fronti\u00e8res et de la lutte contre le financement du terrorisme, des pays membres du Forum GCTF, des pays de la r\u00e9gion de l\u2019Afrique de l\u2019Ouest ainsi que des organisations internationales et r\u00e9gionales, dont l\u2019ONU et l\u2019Union Africaine\u00a0\u00bb, pr\u00e9cise la m\u00eame source.<\/p>\n<p>&#013;<\/p>\n<hr \/>\n<h3>Lire aussi:\u00a0<a href=\"http:\/\/www.aps.dz\/algerie\/64258-l-algerie-abrite-mercredi-la-1e-reunion-regionale-du-gctf-sur-les-liens-entre-le-crime-organise-transnational-et-le-terrorisme\" target=\"_blank\" rel=\"noopener noreferrer\">L&rsquo;Alg\u00e9rie abrite mercredi la 1e r\u00e9union r\u00e9gionale du GCTF sur les liens entre le crime organis\u00e9 transnational et le terrorisme<\/a><\/h3>\n<p>&#013;<\/p>\n<hr \/>\n<p>La r\u00e9union \u00ab\u00a0marquera le passage du Groupe de travail sur le renforcement des capacit\u00e9s dans la r\u00e9gion du Sahel au Groupe de travail sur le renforcement des capacit\u00e9s dans la r\u00e9gion de l\u2019Afrique de l\u2019Ouest, tel qu&rsquo;approuv\u00e9 lors de la r\u00e9union minist\u00e9rielle du GCTF du 20 septembre 2017\u00a0\u00bb.<\/p>\n<p>&#013;<\/p>\n<p>Elle sera \u00e9galement l\u2019occasion pour les membres du GCTF de \u00ab\u00a0faire le bilan des activit\u00e9s r\u00e9alis\u00e9es en vue de renforcer la coop\u00e9ration et les capacit\u00e9s dans les domaines prioritaires du plan de travail de ce Groupe: s\u00e9curit\u00e9 frontali\u00e8re, coop\u00e9ration et renforcement sur les plans l\u00e9gislatif et judiciaire, coop\u00e9ration entre les services de police, lutte contre le\u00a0 financement du terrorisme, mobilisation de la communaut\u00e9 et, pour la premi\u00e8re fois, discuter de la participation de la femme \u00e0 la lutte contre le terrorisme\u00a0\u00bb, souligne le MAE.<\/p>\n<p>&#013;<\/p>\n<p class=\"MsoNormal\">Les travaux de cette r\u00e9union seront officiellement ouverts par le ministre des Affaires \u00e9trang\u00e8res, Abdelkader Messahel.<\/p>\n<\/div>\n<p>&#013;<br \/>\nSource: <a href=\"http:\/\/www.aps.dz\/algerie\/64260-l-algerie-abrite-la-1e-reunion-du-groupe-de-travail-du-forum-mondial-de-lutte-contre-le-terrorisme-sur-l-afrique-de-l-ouest\" target=\"_blank\">L&rsquo;Alg\u00e9rie abrite la 1e r\u00e9union du Groupe de travail du Forum mondial de lutte contre le terrorisme sur l\u2019Afrique de l\u2019Ouest<\/a><\/p>\n<!--CusAds0-->\n<div style=\"font-size: 0px; height: 0px; line-height: 0px; margin: 0; padding: 0; clear: both;\"><\/div>","protected":false},"excerpt":{"rendered":"<p>ALGER &#8211; L&rsquo;Alg\u00e9rie abrite, lundi et mardi, la 1\u00e8re r\u00e9union pl\u00e9ni\u00e8re du Groupe de travail du Forum mondial de lutte contre le terrorisme (GCTF) sur l\u2019Afrique de l\u2019Ouest, indique samedi un communiqu\u00e9 du Minist\u00e8re des affaires \u00e9trang\u00e8res. &#013; &#013; Cette rencontre du Groupe de travail du GCTF sur l\u2019Afrique de l\u2019Ouest, co-pr\u00e9sid\u00e9e par l\u2019Alg\u00e9rie et<\/p>\n","protected":false},"author":6,"featured_media":17118,"comment_status":"open","ping_status":"open","sticky":false,"template":"","format":"standard","meta":{"footnotes":""},"categories":[22],"tags":[93],"class_list":["post-17117","post","type-post","status-publish","format-standard","has-post-thumbnail","hentry","category-infos","tag-onu"],"yoast_head":"<!-- This site is optimized with the Yoast SEO plugin v27.5 - https:\/\/yoast.com\/product\/yoast-seo-wordpress\/ -->\n<title>L&#039;Alg\u00e9rie abrite la 1e r\u00e9union du Groupe de travail du Forum mondial de lutte contre le terrorisme sur l\u2019Afrique de l\u2019Ouest - info algerie<\/title>\n<meta name=\"robots\" content=\"index, follow, max-snippet:-1, max-image-preview:large, max-video-preview:-1\" \/>\n<link rel=\"canonical\" href=\"https:\/\/www.info-algerie.com\/actualites\/lalgerie-abrite-la-1e-reunion-du-groupe-de-travail-du-forum-mondial-de-lutte-contre-le-terrorisme-sur-lafrique-de-louest\/\" \/>\n<meta property=\"og:locale\" content=\"fr_FR\" \/>\n<meta property=\"og:type\" content=\"article\" \/>\n<meta property=\"og:title\" content=\"L&#039;Alg\u00e9rie abrite la 1e r\u00e9union du Groupe de travail du Forum mondial de lutte contre le terrorisme sur l\u2019Afrique de l\u2019Ouest - info algerie\" \/>\n<meta property=\"og:description\" content=\"ALGER &#8211; L&rsquo;Alg\u00e9rie abrite, lundi et mardi, la 1\u00e8re r\u00e9union pl\u00e9ni\u00e8re du Groupe de travail du Forum mondial de lutte contre le terrorisme (GCTF) sur l\u2019Afrique de l\u2019Ouest, indique samedi un communiqu\u00e9 du Minist\u00e8re des affaires \u00e9trang\u00e8res. &#013; &#013; Cette rencontre du Groupe de travail du GCTF sur l\u2019Afrique de l\u2019Ouest, co-pr\u00e9sid\u00e9e par l\u2019Alg\u00e9rie et\" \/>\n<meta property=\"og:url\" content=\"https:\/\/www.info-algerie.com\/actualites\/lalgerie-abrite-la-1e-reunion-du-groupe-de-travail-du-forum-mondial-de-lutte-contre-le-terrorisme-sur-lafrique-de-louest\/\" \/>\n<meta property=\"og:site_name\" content=\"info algerie\" \/>\n<meta property=\"article:publisher\" content=\"https:\/\/www.facebook.com\/infoalgerieactu\" \/>\n<meta property=\"article:published_time\" content=\"2017-10-21T17:55:30+00:00\" \/>\n<meta property=\"og:image\" content=\"https:\/\/www.info-algerie.com\/actualites\/wp-content\/uploads\/2017\/10\/6f59e910ccba0fcd305a1e36f2e58797_S-1.jpg\" \/>\n\t<meta property=\"og:image:width\" content=\"280\" \/>\n\t<meta property=\"og:image:height\" content=\"169\" \/>\n\t<meta property=\"og:image:type\" content=\"image\/jpeg\" \/>\n<meta name=\"author\" content=\"La r\u00e9daction\" \/>\n<meta name=\"twitter:label1\" content=\"\u00c9crit par\" \/>\n\t<meta name=\"twitter:data1\" content=\"La r\u00e9daction\" \/>\n\t<meta name=\"twitter:label2\" content=\"Dur\u00e9e de lecture estim\u00e9e\" \/>\n\t<meta name=\"twitter:data2\" content=\"2 minutes\" \/>\n<script type=\"application\/ld+json\" class=\"yoast-schema-graph\">{\"@context\":\"https:\\\/\\\/schema.org\",\"@graph\":[{\"@type\":\"Article\",\"@id\":\"https:\\\/\\\/www.info-algerie.com\\\/actualites\\\/lalgerie-abrite-la-1e-reunion-du-groupe-de-travail-du-forum-mondial-de-lutte-contre-le-terrorisme-sur-lafrique-de-louest\\\/#article\",\"isPartOf\":{\"@id\":\"https:\\\/\\\/www.info-algerie.com\\\/actualites\\\/lalgerie-abrite-la-1e-reunion-du-groupe-de-travail-du-forum-mondial-de-lutte-contre-le-terrorisme-sur-lafrique-de-louest\\\/\"},\"author\":{\"name\":\"La r\u00e9daction\",\"@id\":\"https:\\\/\\\/www.info-algerie.com\\\/actualites\\\/#\\\/schema\\\/person\\\/847aaec44920825b843a08f30ec6aa1e\"},\"headline\":\"L&#039;Alg\u00e9rie abrite la 1e r\u00e9union du Groupe de travail du Forum mondial de lutte contre le terrorisme sur l\u2019Afrique de l\u2019Ouest\",\"datePublished\":\"2017-10-21T17:55:30+00:00\",\"mainEntityOfPage\":{\"@id\":\"https:\\\/\\\/www.info-algerie.com\\\/actualites\\\/lalgerie-abrite-la-1e-reunion-du-groupe-de-travail-du-forum-mondial-de-lutte-contre-le-terrorisme-sur-lafrique-de-louest\\\/\"},\"wordCount\":398,\"commentCount\":0,\"publisher\":{\"@id\":\"https:\\\/\\\/www.info-algerie.com\\\/actualites\\\/#organization\"},\"image\":{\"@id\":\"https:\\\/\\\/www.info-algerie.com\\\/actualites\\\/lalgerie-abrite-la-1e-reunion-du-groupe-de-travail-du-forum-mondial-de-lutte-contre-le-terrorisme-sur-lafrique-de-louest\\\/#primaryimage\"},\"thumbnailUrl\":\"https:\\\/\\\/www.info-algerie.com\\\/actualites\\\/wp-content\\\/uploads\\\/2017\\\/10\\\/6f59e910ccba0fcd305a1e36f2e58797_S-1.jpg\",\"keywords\":[\"ONU\"],\"articleSection\":[\"infos\"],\"inLanguage\":\"fr-FR\",\"potentialAction\":[{\"@type\":\"CommentAction\",\"name\":\"Comment\",\"target\":[\"https:\\\/\\\/www.info-algerie.com\\\/actualites\\\/lalgerie-abrite-la-1e-reunion-du-groupe-de-travail-du-forum-mondial-de-lutte-contre-le-terrorisme-sur-lafrique-de-louest\\\/#respond\"]}]},{\"@type\":\"WebPage\",\"@id\":\"https:\\\/\\\/www.info-algerie.com\\\/actualites\\\/lalgerie-abrite-la-1e-reunion-du-groupe-de-travail-du-forum-mondial-de-lutte-contre-le-terrorisme-sur-lafrique-de-louest\\\/\",\"url\":\"https:\\\/\\\/www.info-algerie.com\\\/actualites\\\/lalgerie-abrite-la-1e-reunion-du-groupe-de-travail-du-forum-mondial-de-lutte-contre-le-terrorisme-sur-lafrique-de-louest\\\/\",\"name\":\"L&#039;Alg\u00e9rie abrite la 1e r\u00e9union du Groupe de travail du Forum mondial de lutte contre le terrorisme sur l\u2019Afrique de l\u2019Ouest - info algerie\",\"isPartOf\":{\"@id\":\"https:\\\/\\\/www.info-algerie.com\\\/actualites\\\/#website\"},\"primaryImageOfPage\":{\"@id\":\"https:\\\/\\\/www.info-algerie.com\\\/actualites\\\/lalgerie-abrite-la-1e-reunion-du-groupe-de-travail-du-forum-mondial-de-lutte-contre-le-terrorisme-sur-lafrique-de-louest\\\/#primaryimage\"},\"image\":{\"@id\":\"https:\\\/\\\/www.info-algerie.com\\\/actualites\\\/lalgerie-abrite-la-1e-reunion-du-groupe-de-travail-du-forum-mondial-de-lutte-contre-le-terrorisme-sur-lafrique-de-louest\\\/#primaryimage\"},\"thumbnailUrl\":\"https:\\\/\\\/www.info-algerie.com\\\/actualites\\\/wp-content\\\/uploads\\\/2017\\\/10\\\/6f59e910ccba0fcd305a1e36f2e58797_S-1.jpg\",\"datePublished\":\"2017-10-21T17:55:30+00:00\",\"breadcrumb\":{\"@id\":\"https:\\\/\\\/www.info-algerie.com\\\/actualites\\\/lalgerie-abrite-la-1e-reunion-du-groupe-de-travail-du-forum-mondial-de-lutte-contre-le-terrorisme-sur-lafrique-de-louest\\\/#breadcrumb\"},\"inLanguage\":\"fr-FR\",\"potentialAction\":[{\"@type\":\"ReadAction\",\"target\":[\"https:\\\/\\\/www.info-algerie.com\\\/actualites\\\/lalgerie-abrite-la-1e-reunion-du-groupe-de-travail-du-forum-mondial-de-lutte-contre-le-terrorisme-sur-lafrique-de-louest\\\/\"]}]},{\"@type\":\"ImageObject\",\"inLanguage\":\"fr-FR\",\"@id\":\"https:\\\/\\\/www.info-algerie.com\\\/actualites\\\/lalgerie-abrite-la-1e-reunion-du-groupe-de-travail-du-forum-mondial-de-lutte-contre-le-terrorisme-sur-lafrique-de-louest\\\/#primaryimage\",\"url\":\"https:\\\/\\\/www.info-algerie.com\\\/actualites\\\/wp-content\\\/uploads\\\/2017\\\/10\\\/6f59e910ccba0fcd305a1e36f2e58797_S-1.jpg\",\"contentUrl\":\"https:\\\/\\\/www.info-algerie.com\\\/actualites\\\/wp-content\\\/uploads\\\/2017\\\/10\\\/6f59e910ccba0fcd305a1e36f2e58797_S-1.jpg\",\"width\":280,\"height\":169},{\"@type\":\"BreadcrumbList\",\"@id\":\"https:\\\/\\\/www.info-algerie.com\\\/actualites\\\/lalgerie-abrite-la-1e-reunion-du-groupe-de-travail-du-forum-mondial-de-lutte-contre-le-terrorisme-sur-lafrique-de-louest\\\/#breadcrumb\",\"itemListElement\":[{\"@type\":\"ListItem\",\"position\":1,\"name\":\"Accueil\",\"item\":\"https:\\\/\\\/www.info-algerie.com\\\/actualites\\\/\"},{\"@type\":\"ListItem\",\"position\":2,\"name\":\"L&#039;Alg\u00e9rie abrite la 1e r\u00e9union du Groupe de travail du Forum mondial de lutte contre le terrorisme sur l\u2019Afrique de l\u2019Ouest\"}]},{\"@type\":\"WebSite\",\"@id\":\"https:\\\/\\\/www.info-algerie.com\\\/actualites\\\/#website\",\"url\":\"https:\\\/\\\/www.info-algerie.com\\\/actualites\\\/\",\"name\":\"info algerie\",\"description\":\"Toutes les actualit\u00e9s\",\"publisher\":{\"@id\":\"https:\\\/\\\/www.info-algerie.com\\\/actualites\\\/#organization\"},\"potentialAction\":[{\"@type\":\"SearchAction\",\"target\":{\"@type\":\"EntryPoint\",\"urlTemplate\":\"https:\\\/\\\/www.info-algerie.com\\\/actualites\\\/?s={search_term_string}\"},\"query-input\":{\"@type\":\"PropertyValueSpecification\",\"valueRequired\":true,\"valueName\":\"search_term_string\"}}],\"inLanguage\":\"fr-FR\"},{\"@type\":\"Organization\",\"@id\":\"https:\\\/\\\/www.info-algerie.com\\\/actualites\\\/#organization\",\"name\":\"info algerie\",\"url\":\"https:\\\/\\\/www.info-algerie.com\\\/actualites\\\/\",\"logo\":{\"@type\":\"ImageObject\",\"inLanguage\":\"fr-FR\",\"@id\":\"https:\\\/\\\/www.info-algerie.com\\\/actualites\\\/#\\\/schema\\\/logo\\\/image\\\/\",\"url\":\"https:\\\/\\\/www.info-algerie.com\\\/actualites\\\/wp-content\\\/uploads\\\/2022\\\/07\\\/logo-ia-120.png\",\"contentUrl\":\"https:\\\/\\\/www.info-algerie.com\\\/actualites\\\/wp-content\\\/uploads\\\/2022\\\/07\\\/logo-ia-120.png\",\"width\":120,\"height\":43,\"caption\":\"info algerie\"},\"image\":{\"@id\":\"https:\\\/\\\/www.info-algerie.com\\\/actualites\\\/#\\\/schema\\\/logo\\\/image\\\/\"},\"sameAs\":[\"https:\\\/\\\/www.facebook.com\\\/infoalgerieactu\",\"https:\\\/\\\/x.com\\\/infoalgerie1\"]},{\"@type\":\"Person\",\"@id\":\"https:\\\/\\\/www.info-algerie.com\\\/actualites\\\/#\\\/schema\\\/person\\\/847aaec44920825b843a08f30ec6aa1e\",\"name\":\"La r\u00e9daction\",\"image\":{\"@type\":\"ImageObject\",\"inLanguage\":\"fr-FR\",\"@id\":\"https:\\\/\\\/secure.gravatar.com\\\/avatar\\\/769db425c6f465158149f1ffd6cf61ce7a8a879d11dfbef8288af36dfddd418c?s=96&d=mm&r=g\",\"url\":\"https:\\\/\\\/secure.gravatar.com\\\/avatar\\\/769db425c6f465158149f1ffd6cf61ce7a8a879d11dfbef8288af36dfddd418c?s=96&d=mm&r=g\",\"contentUrl\":\"https:\\\/\\\/secure.gravatar.com\\\/avatar\\\/769db425c6f465158149f1ffd6cf61ce7a8a879d11dfbef8288af36dfddd418c?s=96&d=mm&r=g\",\"caption\":\"La r\u00e9daction\"},\"sameAs\":[\"http:\\\/\\\/www.lkeria.com\\\/\"],\"url\":\"https:\\\/\\\/www.info-algerie.com\\\/actualites\\\/author\\\/chakib32\\\/\"}]}<\/script>\n<!-- \/ Yoast SEO plugin. -->","yoast_head_json":{"title":"L&#039;Alg\u00e9rie abrite la 1e r\u00e9union du Groupe de travail du Forum mondial de lutte contre le terrorisme sur l\u2019Afrique de l\u2019Ouest - info algerie","robots":{"index":"index","follow":"follow","max-snippet":"max-snippet:-1","max-image-preview":"max-image-preview:large","max-video-preview":"max-video-preview:-1"},"canonical":"https:\/\/www.info-algerie.com\/actualites\/lalgerie-abrite-la-1e-reunion-du-groupe-de-travail-du-forum-mondial-de-lutte-contre-le-terrorisme-sur-lafrique-de-louest\/","og_locale":"fr_FR","og_type":"article","og_title":"L&#039;Alg\u00e9rie abrite la 1e r\u00e9union du Groupe de travail du Forum mondial de lutte contre le terrorisme sur l\u2019Afrique de l\u2019Ouest - info algerie","og_description":"ALGER &#8211; L&rsquo;Alg\u00e9rie abrite, lundi et mardi, la 1\u00e8re r\u00e9union pl\u00e9ni\u00e8re du Groupe de travail du Forum mondial de lutte contre le terrorisme (GCTF) sur l\u2019Afrique de l\u2019Ouest, indique samedi un communiqu\u00e9 du Minist\u00e8re des affaires \u00e9trang\u00e8res. &#013; &#013; Cette rencontre du Groupe de travail du GCTF sur l\u2019Afrique de l\u2019Ouest, co-pr\u00e9sid\u00e9e par l\u2019Alg\u00e9rie et","og_url":"https:\/\/www.info-algerie.com\/actualites\/lalgerie-abrite-la-1e-reunion-du-groupe-de-travail-du-forum-mondial-de-lutte-contre-le-terrorisme-sur-lafrique-de-louest\/","og_site_name":"info algerie","article_publisher":"https:\/\/www.facebook.com\/infoalgerieactu","article_published_time":"2017-10-21T17:55:30+00:00","og_image":[{"width":280,"height":169,"url":"https:\/\/www.info-algerie.com\/actualites\/wp-content\/uploads\/2017\/10\/6f59e910ccba0fcd305a1e36f2e58797_S-1.jpg","type":"image\/jpeg"}],"author":"La r\u00e9daction","twitter_misc":{"\u00c9crit par":"La r\u00e9daction","Dur\u00e9e de lecture estim\u00e9e":"2 minutes"},"schema":{"@context":"https:\/\/schema.org","@graph":[{"@type":"Article","@id":"https:\/\/www.info-algerie.com\/actualites\/lalgerie-abrite-la-1e-reunion-du-groupe-de-travail-du-forum-mondial-de-lutte-contre-le-terrorisme-sur-lafrique-de-louest\/#article","isPartOf":{"@id":"https:\/\/www.info-algerie.com\/actualites\/lalgerie-abrite-la-1e-reunion-du-groupe-de-travail-du-forum-mondial-de-lutte-contre-le-terrorisme-sur-lafrique-de-louest\/"},"author":{"name":"La r\u00e9daction","@id":"https:\/\/www.info-algerie.com\/actualites\/#\/schema\/person\/847aaec44920825b843a08f30ec6aa1e"},"headline":"L&#039;Alg\u00e9rie abrite la 1e r\u00e9union du Groupe de travail du Forum mondial de lutte contre le terrorisme sur l\u2019Afrique de l\u2019Ouest","datePublished":"2017-10-21T17:55:30+00:00","mainEntityOfPage":{"@id":"https:\/\/www.info-algerie.com\/actualites\/lalgerie-abrite-la-1e-reunion-du-groupe-de-travail-du-forum-mondial-de-lutte-contre-le-terrorisme-sur-lafrique-de-louest\/"},"wordCount":398,"commentCount":0,"publisher":{"@id":"https:\/\/www.info-algerie.com\/actualites\/#organization"},"image":{"@id":"https:\/\/www.info-algerie.com\/actualites\/lalgerie-abrite-la-1e-reunion-du-groupe-de-travail-du-forum-mondial-de-lutte-contre-le-terrorisme-sur-lafrique-de-louest\/#primaryimage"},"thumbnailUrl":"https:\/\/www.info-algerie.com\/actualites\/wp-content\/uploads\/2017\/10\/6f59e910ccba0fcd305a1e36f2e58797_S-1.jpg","keywords":["ONU"],"articleSection":["infos"],"inLanguage":"fr-FR","potentialAction":[{"@type":"CommentAction","name":"Comment","target":["https:\/\/www.info-algerie.com\/actualites\/lalgerie-abrite-la-1e-reunion-du-groupe-de-travail-du-forum-mondial-de-lutte-contre-le-terrorisme-sur-lafrique-de-louest\/#respond"]}]},{"@type":"WebPage","@id":"https:\/\/www.info-algerie.com\/actualites\/lalgerie-abrite-la-1e-reunion-du-groupe-de-travail-du-forum-mondial-de-lutte-contre-le-terrorisme-sur-lafrique-de-louest\/","url":"https:\/\/www.info-algerie.com\/actualites\/lalgerie-abrite-la-1e-reunion-du-groupe-de-travail-du-forum-mondial-de-lutte-contre-le-terrorisme-sur-lafrique-de-louest\/","name":"L&#039;Alg\u00e9rie abrite la 1e r\u00e9union du Groupe de travail du Forum mondial de lutte contre le terrorisme sur l\u2019Afrique de l\u2019Ouest - info algerie","isPartOf":{"@id":"https:\/\/www.info-algerie.com\/actualites\/#website"},"primaryImageOfPage":{"@id":"https:\/\/www.info-algerie.com\/actualites\/lalgerie-abrite-la-1e-reunion-du-groupe-de-travail-du-forum-mondial-de-lutte-contre-le-terrorisme-sur-lafrique-de-louest\/#primaryimage"},"image":{"@id":"https:\/\/www.info-algerie.com\/actualites\/lalgerie-abrite-la-1e-reunion-du-groupe-de-travail-du-forum-mondial-de-lutte-contre-le-terrorisme-sur-lafrique-de-louest\/#primaryimage"},"thumbnailUrl":"https:\/\/www.info-algerie.com\/actualites\/wp-content\/uploads\/2017\/10\/6f59e910ccba0fcd305a1e36f2e58797_S-1.jpg","datePublished":"2017-10-21T17:55:30+00:00","breadcrumb":{"@id":"https:\/\/www.info-algerie.com\/actualites\/lalgerie-abrite-la-1e-reunion-du-groupe-de-travail-du-forum-mondial-de-lutte-contre-le-terrorisme-sur-lafrique-de-louest\/#breadcrumb"},"inLanguage":"fr-FR","potentialAction":[{"@type":"ReadAction","target":["https:\/\/www.info-algerie.com\/actualites\/lalgerie-abrite-la-1e-reunion-du-groupe-de-travail-du-forum-mondial-de-lutte-contre-le-terrorisme-sur-lafrique-de-louest\/"]}]},{"@type":"ImageObject","inLanguage":"fr-FR","@id":"https:\/\/www.info-algerie.com\/actualites\/lalgerie-abrite-la-1e-reunion-du-groupe-de-travail-du-forum-mondial-de-lutte-contre-le-terrorisme-sur-lafrique-de-louest\/#primaryimage","url":"https:\/\/www.info-algerie.com\/actualites\/wp-content\/uploads\/2017\/10\/6f59e910ccba0fcd305a1e36f2e58797_S-1.jpg","contentUrl":"https:\/\/www.info-algerie.com\/actualites\/wp-content\/uploads\/2017\/10\/6f59e910ccba0fcd305a1e36f2e58797_S-1.jpg","width":280,"height":169},{"@type":"BreadcrumbList","@id":"https:\/\/www.info-algerie.com\/actualites\/lalgerie-abrite-la-1e-reunion-du-groupe-de-travail-du-forum-mondial-de-lutte-contre-le-terrorisme-sur-lafrique-de-louest\/#breadcrumb","itemListElement":[{"@type":"ListItem","position":1,"name":"Accueil","item":"https:\/\/www.info-algerie.com\/actualites\/"},{"@type":"ListItem","position":2,"name":"L&#039;Alg\u00e9rie abrite la 1e r\u00e9union du Groupe de travail du Forum mondial de lutte contre le terrorisme sur l\u2019Afrique de l\u2019Ouest"}]},{"@type":"WebSite","@id":"https:\/\/www.info-algerie.com\/actualites\/#website","url":"https:\/\/www.info-algerie.com\/actualites\/","name":"info algerie","description":"Toutes les actualit\u00e9s","publisher":{"@id":"https:\/\/www.info-algerie.com\/actualites\/#organization"},"potentialAction":[{"@type":"SearchAction","target":{"@type":"EntryPoint","urlTemplate":"https:\/\/www.info-algerie.com\/actualites\/?s={search_term_string}"},"query-input":{"@type":"PropertyValueSpecification","valueRequired":true,"valueName":"search_term_string"}}],"inLanguage":"fr-FR"},{"@type":"Organization","@id":"https:\/\/www.info-algerie.com\/actualites\/#organization","name":"info algerie","url":"https:\/\/www.info-algerie.com\/actualites\/","logo":{"@type":"ImageObject","inLanguage":"fr-FR","@id":"https:\/\/www.info-algerie.com\/actualites\/#\/schema\/logo\/image\/","url":"https:\/\/www.info-algerie.com\/actualites\/wp-content\/uploads\/2022\/07\/logo-ia-120.png","contentUrl":"https:\/\/www.info-algerie.com\/actualites\/wp-content\/uploads\/2022\/07\/logo-ia-120.png","width":120,"height":43,"caption":"info algerie"},"image":{"@id":"https:\/\/www.info-algerie.com\/actualites\/#\/schema\/logo\/image\/"},"sameAs":["https:\/\/www.facebook.com\/infoalgerieactu","https:\/\/x.com\/infoalgerie1"]},{"@type":"Person","@id":"https:\/\/www.info-algerie.com\/actualites\/#\/schema\/person\/847aaec44920825b843a08f30ec6aa1e","name":"La r\u00e9daction","image":{"@type":"ImageObject","inLanguage":"fr-FR","@id":"https:\/\/secure.gravatar.com\/avatar\/769db425c6f465158149f1ffd6cf61ce7a8a879d11dfbef8288af36dfddd418c?s=96&d=mm&r=g","url":"https:\/\/secure.gravatar.com\/avatar\/769db425c6f465158149f1ffd6cf61ce7a8a879d11dfbef8288af36dfddd418c?s=96&d=mm&r=g","contentUrl":"https:\/\/secure.gravatar.com\/avatar\/769db425c6f465158149f1ffd6cf61ce7a8a879d11dfbef8288af36dfddd418c?s=96&d=mm&r=g","caption":"La r\u00e9daction"},"sameAs":["http:\/\/www.lkeria.com\/"],"url":"https:\/\/www.info-algerie.com\/actualites\/author\/chakib32\/"}]}},"_links":{"self":[{"href":"https:\/\/www.info-algerie.com\/actualites\/wp-json\/wp\/v2\/posts\/17117","targetHints":{"allow":["GET"]}}],"collection":[{"href":"https:\/\/www.info-algerie.com\/actualites\/wp-json\/wp\/v2\/posts"}],"about":[{"href":"https:\/\/www.info-algerie.com\/actualites\/wp-json\/wp\/v2\/types\/post"}],"author":[{"embeddable":true,"href":"https:\/\/www.info-algerie.com\/actualites\/wp-json\/wp\/v2\/users\/6"}],"replies":[{"embeddable":true,"href":"https:\/\/www.info-algerie.com\/actualites\/wp-json\/wp\/v2\/comments?post=17117"}],"version-history":[{"count":0,"href":"https:\/\/www.info-algerie.com\/actualites\/wp-json\/wp\/v2\/posts\/17117\/revisions"}],"wp:featuredmedia":[{"embeddable":true,"href":"https:\/\/www.info-algerie.com\/actualites\/wp-json\/wp\/v2\/media\/17118"}],"wp:attachment":[{"href":"https:\/\/www.info-algerie.com\/actualites\/wp-json\/wp\/v2\/media?parent=17117"}],"wp:term":[{"taxonomy":"category","embeddable":true,"href":"https:\/\/www.info-algerie.com\/actualites\/wp-json\/wp\/v2\/categories?post=17117"},{"taxonomy":"post_tag","embeddable":true,"href":"https:\/\/www.info-algerie.com\/actualites\/wp-json\/wp\/v2\/tags?post=17117"}],"curies":[{"name":"wp","href":"https:\/\/api.w.org\/{rel}","templated":true}]}}