{"id":17126,"date":"2017-10-22T10:02:48","date_gmt":"2017-10-22T09:02:48","guid":{"rendered":"http:\/\/www.info-algerie.com\/actualites\/les-jeunes-ont-le-devoir-de-defendre-lhistoire-et-la-memoire-des-martyrs\/"},"modified":"2017-10-22T10:02:48","modified_gmt":"2017-10-22T09:02:48","slug":"les-jeunes-ont-le-devoir-de-defendre-lhistoire-et-la-memoire-des-martyrs","status":"publish","type":"post","link":"https:\/\/www.info-algerie.com\/actualites\/les-jeunes-ont-le-devoir-de-defendre-lhistoire-et-la-memoire-des-martyrs\/","title":{"rendered":"Les jeunes ont le devoir de d\u00e9fendre l\u2019histoire et la m\u00e9moire des martyrs"},"content":{"rendered":"<div class=\"K2FeedImage\"><img decoding=\"async\" src=\"https:\/\/www.info-algerie.com\/actualites\/wp-content\/uploads\/2017\/10\/c99950f0be34537232480e8168276615_S.jpg\" alt=\"Les jeunes ont le devoir de d&#xE9;fendre l&#x2019;histoire et la m&#xE9;moire des martyrs\" \/><\/div>\n<div class=\"K2FeedIntroText\">\n<p class=\"MsoNoSpacing\">CONSTANTINE- Les jeunes alg\u00e9riens ont \u00ab\u00a0le devoir de d\u00e9fendre l\u2019histoire et la m\u00e9moire des martyrs de la guerre de lib\u00e9ration nationale\u00a0\u00bb, a soulign\u00e9 samedi, \u00e0 Constantine, le commandant Azzedine (nom de guerre de Rabah Zerari), une des plus grandes figures de la R\u00e9volution alg\u00e9rienne.<\/p>\n<p>&#013;\n<\/p><\/div>\n<div class=\"K2FeedFullText\">&#013;<\/p>\n<blockquote><p>&#013;<\/p>\n<p><em><strong>S\u2019exprimant lors d\u2019une conf\u00e9rence-t\u00e9moignage sur la guerre de lib\u00e9ration nationale, organis\u00e9e dans le cadre d\u2019une initiative locale intitul\u00e9e \u00ab\u00a0Houna Qassantina\u00a0\u00bb, le commandant Azzedine, qui est revenu sur son parcours r\u00e9volutionnaire en \u00e9voquant plusieurs s\u00e9quences de la guerre de lib\u00e9ration, a appel\u00e9 les jeunes \u00ab\u00a0\u00e0 pr\u00e9server l\u2019histoire de leur pays et ne pas oublier ce qu\u2019ont fait leurs anc\u00eatres\u00a0\u00bb.<\/strong><\/em><\/p>\n<p>&#013;\n<\/p><\/blockquote>\n<p>&#013;<\/p>\n<p>Pour sa part, M. Boukhalfa Amazit, journaliste et sc\u00e9nariste sp\u00e9cialis\u00e9 dans l\u2019histoire de la guerre de lib\u00e9ration nationale, pr\u00e9sent au forum aux c\u00f4t\u00e9s du commandant Azzedine, a appel\u00e9 les jeunes \u00ab\u00a0\u00e0 prendre en charge l\u2019histoire r\u00e9volutionnaire de leur pays et l\u2019assumer dans toute sa dimension et sa profondeur\u00a0\u00bb.<\/p>\n<p>&#013;<\/p>\n<blockquote><p>&#013;<\/p>\n<p><em><strong>Le m\u00eame intervenant qui a salu\u00e9 les contributions de la presse alg\u00e9rienne qui a oeuvr\u00e9 depuis l\u2019ind\u00e9pendance \u00e0 promouvoir la guerre de Lib\u00e9ration nationale \u00e0 travers des \u00e9crits, des recherches et investigations, a appel\u00e9 \u00e0 \u00ab\u00a0d\u00e9velopper des d\u00e9partements d\u2019histoire\u00a0\u00bb et \u00e0 donner de la mati\u00e8re aux\u00a0 historiens pour que les faits historiques soient fid\u00e8lement rapport\u00e9s.<\/strong><\/em><\/p>\n<p>&#013;\n<\/p><\/blockquote>\n<p>&#013;<\/p>\n<p>Le \u00ab\u00a0Forum constantinois\u00a0\u00bb, consacr\u00e9 aux t\u00e9moignages du commandant Azzedine, a \u00e9t\u00e9 marqu\u00e9 par la pr\u00e9sence de jeunes, d\u2019intellectuels et historiens de la ville de Constantine qui ont anim\u00e9 la rencontre par des questions et des d\u00e9bats sur la guerre de lib\u00e9ration nationale.<\/p>\n<p>&#013;<\/p>\n<p>Le commandant Azzedine, ancien responsable du commando Ali-Khodja, a apport\u00e9 \u00e0 cette occasion des t\u00e9moignages sur la zone autonome qu\u2019il a reconstitu\u00e9e pour neutraliser les cellules de l\u2019OAS, et sur le soutien de pays africains \u00e0 la guerre lib\u00e9ratrice de l\u2019Alg\u00e9rie, entre autres.<\/p>\n<p>&#013;<\/p>\n<p>La manifestation \u00ab\u00a0Houna Qassantina\u00a0\u00bb lanc\u00e9e depuis le mois du Ramadhan dernier, pr\u00e9voit dans le cadre de son plan d\u2019activit\u00e9s des rencontres culturelles artistiques et historiques sur l\u2019urbanisme et l\u2019arch\u00e9ologie de la ville de Constantine, a-t-on indiqu\u00e9.<\/p>\n<p>&#013;<\/p>\n<p>Cette initiative locale est organis\u00e9e conjointement par les \u00e9ditions du Champ Libre et l\u2019association Numidi-Arts.<\/p>\n<\/div>\n<p>&#013;<br \/>\nSource: <a href=\"http:\/\/www.aps.dz\/algerie\/64279-les-jeunes-ont-le-devoir-de-defendre-l-histoire-et-la-memoire-des-martyrs\" target=\"_blank\">Les jeunes ont le devoir de d\u00e9fendre l\u2019histoire et la m\u00e9moire des martyrs<\/a><\/p>\n<!--CusAds0-->\n<div style=\"font-size: 0px; height: 0px; line-height: 0px; margin: 0; padding: 0; clear: both;\"><\/div>","protected":false},"excerpt":{"rendered":"<p>CONSTANTINE- Les jeunes alg\u00e9riens ont \u00ab\u00a0le devoir de d\u00e9fendre l\u2019histoire et la m\u00e9moire des martyrs de la guerre de lib\u00e9ration nationale\u00a0\u00bb, a soulign\u00e9 samedi, \u00e0 Constantine, le commandant Azzedine (nom de guerre de Rabah Zerari), une des plus grandes figures de la R\u00e9volution alg\u00e9rienne. &#013; &#013; &#013; S\u2019exprimant lors d\u2019une conf\u00e9rence-t\u00e9moignage sur la guerre de<\/p>\n","protected":false},"author":6,"featured_media":17127,"comment_status":"open","ping_status":"open","sticky":false,"template":"","format":"standard","meta":{"footnotes":""},"categories":[22],"tags":[93],"class_list":["post-17126","post","type-post","status-publish","format-standard","has-post-thumbnail","hentry","category-infos","tag-onu"],"yoast_head":"<!-- This site is optimized with the Yoast SEO plugin v27.5 - https:\/\/yoast.com\/product\/yoast-seo-wordpress\/ -->\n<title>Les jeunes ont le devoir de d\u00e9fendre l\u2019histoire et la m\u00e9moire des martyrs - info algerie<\/title>\n<meta name=\"robots\" content=\"index, follow, max-snippet:-1, max-image-preview:large, max-video-preview:-1\" \/>\n<link rel=\"canonical\" href=\"https:\/\/www.info-algerie.com\/actualites\/les-jeunes-ont-le-devoir-de-defendre-lhistoire-et-la-memoire-des-martyrs\/\" \/>\n<meta property=\"og:locale\" content=\"fr_FR\" \/>\n<meta property=\"og:type\" content=\"article\" \/>\n<meta property=\"og:title\" content=\"Les jeunes ont le devoir de d\u00e9fendre l\u2019histoire et la m\u00e9moire des martyrs - info algerie\" \/>\n<meta property=\"og:description\" content=\"CONSTANTINE- Les jeunes alg\u00e9riens ont \u00ab\u00a0le devoir de d\u00e9fendre l\u2019histoire et la m\u00e9moire des martyrs de la guerre de lib\u00e9ration nationale\u00a0\u00bb, a soulign\u00e9 samedi, \u00e0 Constantine, le commandant Azzedine (nom de guerre de Rabah Zerari), une des plus grandes figures de la R\u00e9volution alg\u00e9rienne. &#013; &#013; &#013; S\u2019exprimant lors d\u2019une conf\u00e9rence-t\u00e9moignage sur la guerre de\" \/>\n<meta property=\"og:url\" content=\"https:\/\/www.info-algerie.com\/actualites\/les-jeunes-ont-le-devoir-de-defendre-lhistoire-et-la-memoire-des-martyrs\/\" \/>\n<meta property=\"og:site_name\" content=\"info algerie\" \/>\n<meta property=\"article:publisher\" content=\"https:\/\/www.facebook.com\/infoalgerieactu\" \/>\n<meta property=\"article:published_time\" content=\"2017-10-22T09:02:48+00:00\" \/>\n<meta property=\"og:image\" content=\"https:\/\/www.info-algerie.com\/actualites\/wp-content\/uploads\/2017\/10\/c99950f0be34537232480e8168276615_S-1.jpg\" \/>\n\t<meta property=\"og:image:width\" content=\"280\" \/>\n\t<meta property=\"og:image:height\" content=\"176\" \/>\n\t<meta property=\"og:image:type\" content=\"image\/jpeg\" \/>\n<meta name=\"author\" content=\"La r\u00e9daction\" \/>\n<meta name=\"twitter:label1\" content=\"\u00c9crit par\" \/>\n\t<meta name=\"twitter:data1\" content=\"La r\u00e9daction\" \/>\n\t<meta name=\"twitter:label2\" content=\"Dur\u00e9e de lecture estim\u00e9e\" \/>\n\t<meta name=\"twitter:data2\" content=\"2 minutes\" \/>\n<script type=\"application\/ld+json\" class=\"yoast-schema-graph\">{\"@context\":\"https:\\\/\\\/schema.org\",\"@graph\":[{\"@type\":\"Article\",\"@id\":\"https:\\\/\\\/www.info-algerie.com\\\/actualites\\\/les-jeunes-ont-le-devoir-de-defendre-lhistoire-et-la-memoire-des-martyrs\\\/#article\",\"isPartOf\":{\"@id\":\"https:\\\/\\\/www.info-algerie.com\\\/actualites\\\/les-jeunes-ont-le-devoir-de-defendre-lhistoire-et-la-memoire-des-martyrs\\\/\"},\"author\":{\"name\":\"La r\u00e9daction\",\"@id\":\"https:\\\/\\\/www.info-algerie.com\\\/actualites\\\/#\\\/schema\\\/person\\\/847aaec44920825b843a08f30ec6aa1e\"},\"headline\":\"Les jeunes ont le devoir de d\u00e9fendre l\u2019histoire et la m\u00e9moire des martyrs\",\"datePublished\":\"2017-10-22T09:02:48+00:00\",\"mainEntityOfPage\":{\"@id\":\"https:\\\/\\\/www.info-algerie.com\\\/actualites\\\/les-jeunes-ont-le-devoir-de-defendre-lhistoire-et-la-memoire-des-martyrs\\\/\"},\"wordCount\":429,\"commentCount\":0,\"publisher\":{\"@id\":\"https:\\\/\\\/www.info-algerie.com\\\/actualites\\\/#organization\"},\"image\":{\"@id\":\"https:\\\/\\\/www.info-algerie.com\\\/actualites\\\/les-jeunes-ont-le-devoir-de-defendre-lhistoire-et-la-memoire-des-martyrs\\\/#primaryimage\"},\"thumbnailUrl\":\"https:\\\/\\\/www.info-algerie.com\\\/actualites\\\/wp-content\\\/uploads\\\/2017\\\/10\\\/c99950f0be34537232480e8168276615_S-1.jpg\",\"keywords\":[\"ONU\"],\"articleSection\":[\"infos\"],\"inLanguage\":\"fr-FR\",\"potentialAction\":[{\"@type\":\"CommentAction\",\"name\":\"Comment\",\"target\":[\"https:\\\/\\\/www.info-algerie.com\\\/actualites\\\/les-jeunes-ont-le-devoir-de-defendre-lhistoire-et-la-memoire-des-martyrs\\\/#respond\"]}]},{\"@type\":\"WebPage\",\"@id\":\"https:\\\/\\\/www.info-algerie.com\\\/actualites\\\/les-jeunes-ont-le-devoir-de-defendre-lhistoire-et-la-memoire-des-martyrs\\\/\",\"url\":\"https:\\\/\\\/www.info-algerie.com\\\/actualites\\\/les-jeunes-ont-le-devoir-de-defendre-lhistoire-et-la-memoire-des-martyrs\\\/\",\"name\":\"Les jeunes ont le devoir de d\u00e9fendre l\u2019histoire et la m\u00e9moire des martyrs - info algerie\",\"isPartOf\":{\"@id\":\"https:\\\/\\\/www.info-algerie.com\\\/actualites\\\/#website\"},\"primaryImageOfPage\":{\"@id\":\"https:\\\/\\\/www.info-algerie.com\\\/actualites\\\/les-jeunes-ont-le-devoir-de-defendre-lhistoire-et-la-memoire-des-martyrs\\\/#primaryimage\"},\"image\":{\"@id\":\"https:\\\/\\\/www.info-algerie.com\\\/actualites\\\/les-jeunes-ont-le-devoir-de-defendre-lhistoire-et-la-memoire-des-martyrs\\\/#primaryimage\"},\"thumbnailUrl\":\"https:\\\/\\\/www.info-algerie.com\\\/actualites\\\/wp-content\\\/uploads\\\/2017\\\/10\\\/c99950f0be34537232480e8168276615_S-1.jpg\",\"datePublished\":\"2017-10-22T09:02:48+00:00\",\"breadcrumb\":{\"@id\":\"https:\\\/\\\/www.info-algerie.com\\\/actualites\\\/les-jeunes-ont-le-devoir-de-defendre-lhistoire-et-la-memoire-des-martyrs\\\/#breadcrumb\"},\"inLanguage\":\"fr-FR\",\"potentialAction\":[{\"@type\":\"ReadAction\",\"target\":[\"https:\\\/\\\/www.info-algerie.com\\\/actualites\\\/les-jeunes-ont-le-devoir-de-defendre-lhistoire-et-la-memoire-des-martyrs\\\/\"]}]},{\"@type\":\"ImageObject\",\"inLanguage\":\"fr-FR\",\"@id\":\"https:\\\/\\\/www.info-algerie.com\\\/actualites\\\/les-jeunes-ont-le-devoir-de-defendre-lhistoire-et-la-memoire-des-martyrs\\\/#primaryimage\",\"url\":\"https:\\\/\\\/www.info-algerie.com\\\/actualites\\\/wp-content\\\/uploads\\\/2017\\\/10\\\/c99950f0be34537232480e8168276615_S-1.jpg\",\"contentUrl\":\"https:\\\/\\\/www.info-algerie.com\\\/actualites\\\/wp-content\\\/uploads\\\/2017\\\/10\\\/c99950f0be34537232480e8168276615_S-1.jpg\",\"width\":280,\"height\":176},{\"@type\":\"BreadcrumbList\",\"@id\":\"https:\\\/\\\/www.info-algerie.com\\\/actualites\\\/les-jeunes-ont-le-devoir-de-defendre-lhistoire-et-la-memoire-des-martyrs\\\/#breadcrumb\",\"itemListElement\":[{\"@type\":\"ListItem\",\"position\":1,\"name\":\"Accueil\",\"item\":\"https:\\\/\\\/www.info-algerie.com\\\/actualites\\\/\"},{\"@type\":\"ListItem\",\"position\":2,\"name\":\"Les jeunes ont le devoir de d\u00e9fendre l\u2019histoire et la m\u00e9moire des martyrs\"}]},{\"@type\":\"WebSite\",\"@id\":\"https:\\\/\\\/www.info-algerie.com\\\/actualites\\\/#website\",\"url\":\"https:\\\/\\\/www.info-algerie.com\\\/actualites\\\/\",\"name\":\"info algerie\",\"description\":\"Toutes les actualit\u00e9s\",\"publisher\":{\"@id\":\"https:\\\/\\\/www.info-algerie.com\\\/actualites\\\/#organization\"},\"potentialAction\":[{\"@type\":\"SearchAction\",\"target\":{\"@type\":\"EntryPoint\",\"urlTemplate\":\"https:\\\/\\\/www.info-algerie.com\\\/actualites\\\/?s={search_term_string}\"},\"query-input\":{\"@type\":\"PropertyValueSpecification\",\"valueRequired\":true,\"valueName\":\"search_term_string\"}}],\"inLanguage\":\"fr-FR\"},{\"@type\":\"Organization\",\"@id\":\"https:\\\/\\\/www.info-algerie.com\\\/actualites\\\/#organization\",\"name\":\"info algerie\",\"url\":\"https:\\\/\\\/www.info-algerie.com\\\/actualites\\\/\",\"logo\":{\"@type\":\"ImageObject\",\"inLanguage\":\"fr-FR\",\"@id\":\"https:\\\/\\\/www.info-algerie.com\\\/actualites\\\/#\\\/schema\\\/logo\\\/image\\\/\",\"url\":\"https:\\\/\\\/www.info-algerie.com\\\/actualites\\\/wp-content\\\/uploads\\\/2022\\\/07\\\/logo-ia-120.png\",\"contentUrl\":\"https:\\\/\\\/www.info-algerie.com\\\/actualites\\\/wp-content\\\/uploads\\\/2022\\\/07\\\/logo-ia-120.png\",\"width\":120,\"height\":43,\"caption\":\"info algerie\"},\"image\":{\"@id\":\"https:\\\/\\\/www.info-algerie.com\\\/actualites\\\/#\\\/schema\\\/logo\\\/image\\\/\"},\"sameAs\":[\"https:\\\/\\\/www.facebook.com\\\/infoalgerieactu\",\"https:\\\/\\\/x.com\\\/infoalgerie1\"]},{\"@type\":\"Person\",\"@id\":\"https:\\\/\\\/www.info-algerie.com\\\/actualites\\\/#\\\/schema\\\/person\\\/847aaec44920825b843a08f30ec6aa1e\",\"name\":\"La r\u00e9daction\",\"image\":{\"@type\":\"ImageObject\",\"inLanguage\":\"fr-FR\",\"@id\":\"https:\\\/\\\/secure.gravatar.com\\\/avatar\\\/769db425c6f465158149f1ffd6cf61ce7a8a879d11dfbef8288af36dfddd418c?s=96&d=mm&r=g\",\"url\":\"https:\\\/\\\/secure.gravatar.com\\\/avatar\\\/769db425c6f465158149f1ffd6cf61ce7a8a879d11dfbef8288af36dfddd418c?s=96&d=mm&r=g\",\"contentUrl\":\"https:\\\/\\\/secure.gravatar.com\\\/avatar\\\/769db425c6f465158149f1ffd6cf61ce7a8a879d11dfbef8288af36dfddd418c?s=96&d=mm&r=g\",\"caption\":\"La r\u00e9daction\"},\"sameAs\":[\"http:\\\/\\\/www.lkeria.com\\\/\"],\"url\":\"https:\\\/\\\/www.info-algerie.com\\\/actualites\\\/author\\\/chakib32\\\/\"}]}<\/script>\n<!-- \/ Yoast SEO plugin. -->","yoast_head_json":{"title":"Les jeunes ont le devoir de d\u00e9fendre l\u2019histoire et la m\u00e9moire des martyrs - info algerie","robots":{"index":"index","follow":"follow","max-snippet":"max-snippet:-1","max-image-preview":"max-image-preview:large","max-video-preview":"max-video-preview:-1"},"canonical":"https:\/\/www.info-algerie.com\/actualites\/les-jeunes-ont-le-devoir-de-defendre-lhistoire-et-la-memoire-des-martyrs\/","og_locale":"fr_FR","og_type":"article","og_title":"Les jeunes ont le devoir de d\u00e9fendre l\u2019histoire et la m\u00e9moire des martyrs - info algerie","og_description":"CONSTANTINE- Les jeunes alg\u00e9riens ont \u00ab\u00a0le devoir de d\u00e9fendre l\u2019histoire et la m\u00e9moire des martyrs de la guerre de lib\u00e9ration nationale\u00a0\u00bb, a soulign\u00e9 samedi, \u00e0 Constantine, le commandant Azzedine (nom de guerre de Rabah Zerari), une des plus grandes figures de la R\u00e9volution alg\u00e9rienne. &#013; &#013; &#013; S\u2019exprimant lors d\u2019une conf\u00e9rence-t\u00e9moignage sur la guerre de","og_url":"https:\/\/www.info-algerie.com\/actualites\/les-jeunes-ont-le-devoir-de-defendre-lhistoire-et-la-memoire-des-martyrs\/","og_site_name":"info algerie","article_publisher":"https:\/\/www.facebook.com\/infoalgerieactu","article_published_time":"2017-10-22T09:02:48+00:00","og_image":[{"width":280,"height":176,"url":"https:\/\/www.info-algerie.com\/actualites\/wp-content\/uploads\/2017\/10\/c99950f0be34537232480e8168276615_S-1.jpg","type":"image\/jpeg"}],"author":"La r\u00e9daction","twitter_misc":{"\u00c9crit par":"La r\u00e9daction","Dur\u00e9e de lecture estim\u00e9e":"2 minutes"},"schema":{"@context":"https:\/\/schema.org","@graph":[{"@type":"Article","@id":"https:\/\/www.info-algerie.com\/actualites\/les-jeunes-ont-le-devoir-de-defendre-lhistoire-et-la-memoire-des-martyrs\/#article","isPartOf":{"@id":"https:\/\/www.info-algerie.com\/actualites\/les-jeunes-ont-le-devoir-de-defendre-lhistoire-et-la-memoire-des-martyrs\/"},"author":{"name":"La r\u00e9daction","@id":"https:\/\/www.info-algerie.com\/actualites\/#\/schema\/person\/847aaec44920825b843a08f30ec6aa1e"},"headline":"Les jeunes ont le devoir de d\u00e9fendre l\u2019histoire et la m\u00e9moire des martyrs","datePublished":"2017-10-22T09:02:48+00:00","mainEntityOfPage":{"@id":"https:\/\/www.info-algerie.com\/actualites\/les-jeunes-ont-le-devoir-de-defendre-lhistoire-et-la-memoire-des-martyrs\/"},"wordCount":429,"commentCount":0,"publisher":{"@id":"https:\/\/www.info-algerie.com\/actualites\/#organization"},"image":{"@id":"https:\/\/www.info-algerie.com\/actualites\/les-jeunes-ont-le-devoir-de-defendre-lhistoire-et-la-memoire-des-martyrs\/#primaryimage"},"thumbnailUrl":"https:\/\/www.info-algerie.com\/actualites\/wp-content\/uploads\/2017\/10\/c99950f0be34537232480e8168276615_S-1.jpg","keywords":["ONU"],"articleSection":["infos"],"inLanguage":"fr-FR","potentialAction":[{"@type":"CommentAction","name":"Comment","target":["https:\/\/www.info-algerie.com\/actualites\/les-jeunes-ont-le-devoir-de-defendre-lhistoire-et-la-memoire-des-martyrs\/#respond"]}]},{"@type":"WebPage","@id":"https:\/\/www.info-algerie.com\/actualites\/les-jeunes-ont-le-devoir-de-defendre-lhistoire-et-la-memoire-des-martyrs\/","url":"https:\/\/www.info-algerie.com\/actualites\/les-jeunes-ont-le-devoir-de-defendre-lhistoire-et-la-memoire-des-martyrs\/","name":"Les jeunes ont le devoir de d\u00e9fendre l\u2019histoire et la m\u00e9moire des martyrs - info algerie","isPartOf":{"@id":"https:\/\/www.info-algerie.com\/actualites\/#website"},"primaryImageOfPage":{"@id":"https:\/\/www.info-algerie.com\/actualites\/les-jeunes-ont-le-devoir-de-defendre-lhistoire-et-la-memoire-des-martyrs\/#primaryimage"},"image":{"@id":"https:\/\/www.info-algerie.com\/actualites\/les-jeunes-ont-le-devoir-de-defendre-lhistoire-et-la-memoire-des-martyrs\/#primaryimage"},"thumbnailUrl":"https:\/\/www.info-algerie.com\/actualites\/wp-content\/uploads\/2017\/10\/c99950f0be34537232480e8168276615_S-1.jpg","datePublished":"2017-10-22T09:02:48+00:00","breadcrumb":{"@id":"https:\/\/www.info-algerie.com\/actualites\/les-jeunes-ont-le-devoir-de-defendre-lhistoire-et-la-memoire-des-martyrs\/#breadcrumb"},"inLanguage":"fr-FR","potentialAction":[{"@type":"ReadAction","target":["https:\/\/www.info-algerie.com\/actualites\/les-jeunes-ont-le-devoir-de-defendre-lhistoire-et-la-memoire-des-martyrs\/"]}]},{"@type":"ImageObject","inLanguage":"fr-FR","@id":"https:\/\/www.info-algerie.com\/actualites\/les-jeunes-ont-le-devoir-de-defendre-lhistoire-et-la-memoire-des-martyrs\/#primaryimage","url":"https:\/\/www.info-algerie.com\/actualites\/wp-content\/uploads\/2017\/10\/c99950f0be34537232480e8168276615_S-1.jpg","contentUrl":"https:\/\/www.info-algerie.com\/actualites\/wp-content\/uploads\/2017\/10\/c99950f0be34537232480e8168276615_S-1.jpg","width":280,"height":176},{"@type":"BreadcrumbList","@id":"https:\/\/www.info-algerie.com\/actualites\/les-jeunes-ont-le-devoir-de-defendre-lhistoire-et-la-memoire-des-martyrs\/#breadcrumb","itemListElement":[{"@type":"ListItem","position":1,"name":"Accueil","item":"https:\/\/www.info-algerie.com\/actualites\/"},{"@type":"ListItem","position":2,"name":"Les jeunes ont le devoir de d\u00e9fendre l\u2019histoire et la m\u00e9moire des martyrs"}]},{"@type":"WebSite","@id":"https:\/\/www.info-algerie.com\/actualites\/#website","url":"https:\/\/www.info-algerie.com\/actualites\/","name":"info algerie","description":"Toutes les actualit\u00e9s","publisher":{"@id":"https:\/\/www.info-algerie.com\/actualites\/#organization"},"potentialAction":[{"@type":"SearchAction","target":{"@type":"EntryPoint","urlTemplate":"https:\/\/www.info-algerie.com\/actualites\/?s={search_term_string}"},"query-input":{"@type":"PropertyValueSpecification","valueRequired":true,"valueName":"search_term_string"}}],"inLanguage":"fr-FR"},{"@type":"Organization","@id":"https:\/\/www.info-algerie.com\/actualites\/#organization","name":"info algerie","url":"https:\/\/www.info-algerie.com\/actualites\/","logo":{"@type":"ImageObject","inLanguage":"fr-FR","@id":"https:\/\/www.info-algerie.com\/actualites\/#\/schema\/logo\/image\/","url":"https:\/\/www.info-algerie.com\/actualites\/wp-content\/uploads\/2022\/07\/logo-ia-120.png","contentUrl":"https:\/\/www.info-algerie.com\/actualites\/wp-content\/uploads\/2022\/07\/logo-ia-120.png","width":120,"height":43,"caption":"info algerie"},"image":{"@id":"https:\/\/www.info-algerie.com\/actualites\/#\/schema\/logo\/image\/"},"sameAs":["https:\/\/www.facebook.com\/infoalgerieactu","https:\/\/x.com\/infoalgerie1"]},{"@type":"Person","@id":"https:\/\/www.info-algerie.com\/actualites\/#\/schema\/person\/847aaec44920825b843a08f30ec6aa1e","name":"La r\u00e9daction","image":{"@type":"ImageObject","inLanguage":"fr-FR","@id":"https:\/\/secure.gravatar.com\/avatar\/769db425c6f465158149f1ffd6cf61ce7a8a879d11dfbef8288af36dfddd418c?s=96&d=mm&r=g","url":"https:\/\/secure.gravatar.com\/avatar\/769db425c6f465158149f1ffd6cf61ce7a8a879d11dfbef8288af36dfddd418c?s=96&d=mm&r=g","contentUrl":"https:\/\/secure.gravatar.com\/avatar\/769db425c6f465158149f1ffd6cf61ce7a8a879d11dfbef8288af36dfddd418c?s=96&d=mm&r=g","caption":"La r\u00e9daction"},"sameAs":["http:\/\/www.lkeria.com\/"],"url":"https:\/\/www.info-algerie.com\/actualites\/author\/chakib32\/"}]}},"_links":{"self":[{"href":"https:\/\/www.info-algerie.com\/actualites\/wp-json\/wp\/v2\/posts\/17126","targetHints":{"allow":["GET"]}}],"collection":[{"href":"https:\/\/www.info-algerie.com\/actualites\/wp-json\/wp\/v2\/posts"}],"about":[{"href":"https:\/\/www.info-algerie.com\/actualites\/wp-json\/wp\/v2\/types\/post"}],"author":[{"embeddable":true,"href":"https:\/\/www.info-algerie.com\/actualites\/wp-json\/wp\/v2\/users\/6"}],"replies":[{"embeddable":true,"href":"https:\/\/www.info-algerie.com\/actualites\/wp-json\/wp\/v2\/comments?post=17126"}],"version-history":[{"count":0,"href":"https:\/\/www.info-algerie.com\/actualites\/wp-json\/wp\/v2\/posts\/17126\/revisions"}],"wp:featuredmedia":[{"embeddable":true,"href":"https:\/\/www.info-algerie.com\/actualites\/wp-json\/wp\/v2\/media\/17127"}],"wp:attachment":[{"href":"https:\/\/www.info-algerie.com\/actualites\/wp-json\/wp\/v2\/media?parent=17126"}],"wp:term":[{"taxonomy":"category","embeddable":true,"href":"https:\/\/www.info-algerie.com\/actualites\/wp-json\/wp\/v2\/categories?post=17126"},{"taxonomy":"post_tag","embeddable":true,"href":"https:\/\/www.info-algerie.com\/actualites\/wp-json\/wp\/v2\/tags?post=17126"}],"curies":[{"name":"wp","href":"https:\/\/api.w.org\/{rel}","templated":true}]}}