{"id":17131,"date":"2017-10-22T13:25:36","date_gmt":"2017-10-22T12:25:36","guid":{"rendered":"http:\/\/www.info-algerie.com\/actualites\/ouyahia-recoit-lenvoye-personnel-du-sg-de-lonu-pour-le-sahara-occidental\/"},"modified":"2017-10-22T13:25:36","modified_gmt":"2017-10-22T12:25:36","slug":"ouyahia-recoit-lenvoye-personnel-du-sg-de-lonu-pour-le-sahara-occidental","status":"publish","type":"post","link":"https:\/\/www.info-algerie.com\/actualites\/ouyahia-recoit-lenvoye-personnel-du-sg-de-lonu-pour-le-sahara-occidental\/","title":{"rendered":"Ouyahia re\u00e7oit l&#039;Envoy\u00e9 personnel du SG de l&#039;Onu pour le Sahara occidental"},"content":{"rendered":"<div class=\"K2FeedImage\"><img decoding=\"async\" src=\"https:\/\/www.info-algerie.com\/actualites\/wp-content\/uploads\/2017\/10\/2fe27c1494f5e06ddbfb4668b2190d11_S.jpg\" alt=\"Ouyahia re&#xE7;oit l'Envoy&#xE9; personnel du SG de l'Onu pour le Sahara occidental\" \/><\/div>\n<div class=\"K2FeedIntroText\">\n<p class=\"MsoNoSpacing\">\u00a0<\/p>\n<p>&#013;<\/p>\n<p class=\"MsoNoSpacing\">ALGER &#8211; Le Premier ministre, Ahmed Ouyahia, a re\u00e7u dimanche \u00e0 Alger l\u2019Envoy\u00e9 personnel du Secr\u00e9taire g\u00e9n\u00e9ral des Nations unies pour le Sahara occidental, <a href=\"http:\/\/www.aps.dz\/monde\/61838-kohler-nomme-envoye-personnel-du-sg-de-l-onu-pour-le-sahara-occidental-le-polisario-exprime-sa-satisfaction\"><strong>Horst Kohler<\/strong><\/a>, qui effectue sa <a href=\"http:\/\/www.aps.dz\/monde\/64108-sahara-occidental-arrivee-de-koehler-aux-camps-de-refugies-sahraouis\"><strong>premi\u00e8re tourn\u00e9e dans la r\u00e9gion<\/strong><\/a>, a indiqu\u00e9 un communiqu\u00e9 des services du Premier ministre L&rsquo;Audience s&rsquo;est d\u00e9roul\u00e9e en pr\u00e9sence du ministre des Affaires \u00e9trang\u00e8res,\u00a0 Abdelkader Messahel, a pr\u00e9cis\u00e9 la m\u00eame source.<\/p>\n<p>&#013;\n<\/p><\/div>\n<div class=\"K2FeedFullText\">&#013;<\/p>\n<p><span style=\"font-size: 11.0pt;line-height: 115%;font-family: 'Calibri','sans-serif'\">L&rsquo;Envoy\u00e9 personnel du Secr\u00e9taire g\u00e9n\u00e9ral des Nations unies avait \u00e9t\u00e9 re\u00e7u la veille par M. Messahel.<\/span><\/p>\n<\/div>\n<p>&#013;<br \/>\nSource: <a href=\"http:\/\/www.aps.dz\/algerie\/64290-ouyahia-recoit-l-envoye-personnel-du-sg-de-l-onu-pour-le-sahara-occidental\" target=\"_blank\">Ouyahia re\u00e7oit l&rsquo;Envoy\u00e9 personnel du SG de l&rsquo;Onu pour le Sahara occidental<\/a><\/p>\n<!--CusAds0-->\n<div style=\"font-size: 0px; height: 0px; line-height: 0px; margin: 0; padding: 0; clear: both;\"><\/div>","protected":false},"excerpt":{"rendered":"<p>\u00a0 &#013; ALGER &#8211; Le Premier ministre, Ahmed Ouyahia, a re\u00e7u dimanche \u00e0 Alger l\u2019Envoy\u00e9 personnel du Secr\u00e9taire g\u00e9n\u00e9ral des Nations unies pour le Sahara occidental, Horst Kohler, qui effectue sa premi\u00e8re tourn\u00e9e dans la r\u00e9gion, a indiqu\u00e9 un communiqu\u00e9 des services du Premier ministre L&rsquo;Audience s&rsquo;est d\u00e9roul\u00e9e en pr\u00e9sence du ministre des Affaires \u00e9trang\u00e8res,\u00a0<\/p>\n","protected":false},"author":6,"featured_media":17132,"comment_status":"open","ping_status":"open","sticky":false,"template":"","format":"standard","meta":{"footnotes":""},"categories":[22],"tags":[93],"class_list":["post-17131","post","type-post","status-publish","format-standard","has-post-thumbnail","hentry","category-infos","tag-onu"],"yoast_head":"<!-- This site is optimized with the Yoast SEO plugin v27.5 - https:\/\/yoast.com\/product\/yoast-seo-wordpress\/ -->\n<title>Ouyahia re\u00e7oit l&#039;Envoy\u00e9 personnel du SG de l&#039;Onu pour le Sahara occidental - info algerie<\/title>\n<meta name=\"robots\" content=\"index, follow, max-snippet:-1, max-image-preview:large, max-video-preview:-1\" \/>\n<link rel=\"canonical\" href=\"https:\/\/www.info-algerie.com\/actualites\/ouyahia-recoit-lenvoye-personnel-du-sg-de-lonu-pour-le-sahara-occidental\/\" \/>\n<meta property=\"og:locale\" content=\"fr_FR\" \/>\n<meta property=\"og:type\" content=\"article\" \/>\n<meta property=\"og:title\" content=\"Ouyahia re\u00e7oit l&#039;Envoy\u00e9 personnel du SG de l&#039;Onu pour le Sahara occidental - info algerie\" \/>\n<meta property=\"og:description\" content=\"\u00a0 &#013; ALGER &#8211; Le Premier ministre, Ahmed Ouyahia, a re\u00e7u dimanche \u00e0 Alger l\u2019Envoy\u00e9 personnel du Secr\u00e9taire g\u00e9n\u00e9ral des Nations unies pour le Sahara occidental, Horst Kohler, qui effectue sa premi\u00e8re tourn\u00e9e dans la r\u00e9gion, a indiqu\u00e9 un communiqu\u00e9 des services du Premier ministre L&rsquo;Audience s&rsquo;est d\u00e9roul\u00e9e en pr\u00e9sence du ministre des Affaires \u00e9trang\u00e8res,\u00a0\" \/>\n<meta property=\"og:url\" content=\"https:\/\/www.info-algerie.com\/actualites\/ouyahia-recoit-lenvoye-personnel-du-sg-de-lonu-pour-le-sahara-occidental\/\" \/>\n<meta property=\"og:site_name\" content=\"info algerie\" \/>\n<meta property=\"article:publisher\" content=\"https:\/\/www.facebook.com\/infoalgerieactu\" \/>\n<meta property=\"article:published_time\" content=\"2017-10-22T12:25:36+00:00\" \/>\n<meta property=\"og:image\" content=\"https:\/\/www.info-algerie.com\/actualites\/wp-content\/uploads\/2017\/10\/2fe27c1494f5e06ddbfb4668b2190d11_S-1.jpg\" \/>\n\t<meta property=\"og:image:width\" content=\"280\" \/>\n\t<meta property=\"og:image:height\" content=\"276\" \/>\n\t<meta property=\"og:image:type\" content=\"image\/jpeg\" \/>\n<meta name=\"author\" content=\"La r\u00e9daction\" \/>\n<meta name=\"twitter:label1\" content=\"\u00c9crit par\" \/>\n\t<meta name=\"twitter:data1\" content=\"La r\u00e9daction\" \/>\n\t<meta name=\"twitter:label2\" content=\"Dur\u00e9e de lecture estim\u00e9e\" \/>\n\t<meta name=\"twitter:data2\" content=\"1 minute\" \/>\n<script type=\"application\/ld+json\" class=\"yoast-schema-graph\">{\"@context\":\"https:\\\/\\\/schema.org\",\"@graph\":[{\"@type\":\"Article\",\"@id\":\"https:\\\/\\\/www.info-algerie.com\\\/actualites\\\/ouyahia-recoit-lenvoye-personnel-du-sg-de-lonu-pour-le-sahara-occidental\\\/#article\",\"isPartOf\":{\"@id\":\"https:\\\/\\\/www.info-algerie.com\\\/actualites\\\/ouyahia-recoit-lenvoye-personnel-du-sg-de-lonu-pour-le-sahara-occidental\\\/\"},\"author\":{\"name\":\"La r\u00e9daction\",\"@id\":\"https:\\\/\\\/www.info-algerie.com\\\/actualites\\\/#\\\/schema\\\/person\\\/847aaec44920825b843a08f30ec6aa1e\"},\"headline\":\"Ouyahia re\u00e7oit l&#039;Envoy\u00e9 personnel du SG de l&#039;Onu pour le Sahara occidental\",\"datePublished\":\"2017-10-22T12:25:36+00:00\",\"mainEntityOfPage\":{\"@id\":\"https:\\\/\\\/www.info-algerie.com\\\/actualites\\\/ouyahia-recoit-lenvoye-personnel-du-sg-de-lonu-pour-le-sahara-occidental\\\/\"},\"wordCount\":127,\"commentCount\":0,\"publisher\":{\"@id\":\"https:\\\/\\\/www.info-algerie.com\\\/actualites\\\/#organization\"},\"image\":{\"@id\":\"https:\\\/\\\/www.info-algerie.com\\\/actualites\\\/ouyahia-recoit-lenvoye-personnel-du-sg-de-lonu-pour-le-sahara-occidental\\\/#primaryimage\"},\"thumbnailUrl\":\"https:\\\/\\\/www.info-algerie.com\\\/actualites\\\/wp-content\\\/uploads\\\/2017\\\/10\\\/2fe27c1494f5e06ddbfb4668b2190d11_S-1.jpg\",\"keywords\":[\"ONU\"],\"articleSection\":[\"infos\"],\"inLanguage\":\"fr-FR\",\"potentialAction\":[{\"@type\":\"CommentAction\",\"name\":\"Comment\",\"target\":[\"https:\\\/\\\/www.info-algerie.com\\\/actualites\\\/ouyahia-recoit-lenvoye-personnel-du-sg-de-lonu-pour-le-sahara-occidental\\\/#respond\"]}]},{\"@type\":\"WebPage\",\"@id\":\"https:\\\/\\\/www.info-algerie.com\\\/actualites\\\/ouyahia-recoit-lenvoye-personnel-du-sg-de-lonu-pour-le-sahara-occidental\\\/\",\"url\":\"https:\\\/\\\/www.info-algerie.com\\\/actualites\\\/ouyahia-recoit-lenvoye-personnel-du-sg-de-lonu-pour-le-sahara-occidental\\\/\",\"name\":\"Ouyahia re\u00e7oit l&#039;Envoy\u00e9 personnel du SG de l&#039;Onu pour le Sahara occidental - info algerie\",\"isPartOf\":{\"@id\":\"https:\\\/\\\/www.info-algerie.com\\\/actualites\\\/#website\"},\"primaryImageOfPage\":{\"@id\":\"https:\\\/\\\/www.info-algerie.com\\\/actualites\\\/ouyahia-recoit-lenvoye-personnel-du-sg-de-lonu-pour-le-sahara-occidental\\\/#primaryimage\"},\"image\":{\"@id\":\"https:\\\/\\\/www.info-algerie.com\\\/actualites\\\/ouyahia-recoit-lenvoye-personnel-du-sg-de-lonu-pour-le-sahara-occidental\\\/#primaryimage\"},\"thumbnailUrl\":\"https:\\\/\\\/www.info-algerie.com\\\/actualites\\\/wp-content\\\/uploads\\\/2017\\\/10\\\/2fe27c1494f5e06ddbfb4668b2190d11_S-1.jpg\",\"datePublished\":\"2017-10-22T12:25:36+00:00\",\"breadcrumb\":{\"@id\":\"https:\\\/\\\/www.info-algerie.com\\\/actualites\\\/ouyahia-recoit-lenvoye-personnel-du-sg-de-lonu-pour-le-sahara-occidental\\\/#breadcrumb\"},\"inLanguage\":\"fr-FR\",\"potentialAction\":[{\"@type\":\"ReadAction\",\"target\":[\"https:\\\/\\\/www.info-algerie.com\\\/actualites\\\/ouyahia-recoit-lenvoye-personnel-du-sg-de-lonu-pour-le-sahara-occidental\\\/\"]}]},{\"@type\":\"ImageObject\",\"inLanguage\":\"fr-FR\",\"@id\":\"https:\\\/\\\/www.info-algerie.com\\\/actualites\\\/ouyahia-recoit-lenvoye-personnel-du-sg-de-lonu-pour-le-sahara-occidental\\\/#primaryimage\",\"url\":\"https:\\\/\\\/www.info-algerie.com\\\/actualites\\\/wp-content\\\/uploads\\\/2017\\\/10\\\/2fe27c1494f5e06ddbfb4668b2190d11_S-1.jpg\",\"contentUrl\":\"https:\\\/\\\/www.info-algerie.com\\\/actualites\\\/wp-content\\\/uploads\\\/2017\\\/10\\\/2fe27c1494f5e06ddbfb4668b2190d11_S-1.jpg\",\"width\":280,\"height\":276},{\"@type\":\"BreadcrumbList\",\"@id\":\"https:\\\/\\\/www.info-algerie.com\\\/actualites\\\/ouyahia-recoit-lenvoye-personnel-du-sg-de-lonu-pour-le-sahara-occidental\\\/#breadcrumb\",\"itemListElement\":[{\"@type\":\"ListItem\",\"position\":1,\"name\":\"Accueil\",\"item\":\"https:\\\/\\\/www.info-algerie.com\\\/actualites\\\/\"},{\"@type\":\"ListItem\",\"position\":2,\"name\":\"Ouyahia re\u00e7oit l&#039;Envoy\u00e9 personnel du SG de l&#039;Onu pour le Sahara occidental\"}]},{\"@type\":\"WebSite\",\"@id\":\"https:\\\/\\\/www.info-algerie.com\\\/actualites\\\/#website\",\"url\":\"https:\\\/\\\/www.info-algerie.com\\\/actualites\\\/\",\"name\":\"info algerie\",\"description\":\"Toutes les actualit\u00e9s\",\"publisher\":{\"@id\":\"https:\\\/\\\/www.info-algerie.com\\\/actualites\\\/#organization\"},\"potentialAction\":[{\"@type\":\"SearchAction\",\"target\":{\"@type\":\"EntryPoint\",\"urlTemplate\":\"https:\\\/\\\/www.info-algerie.com\\\/actualites\\\/?s={search_term_string}\"},\"query-input\":{\"@type\":\"PropertyValueSpecification\",\"valueRequired\":true,\"valueName\":\"search_term_string\"}}],\"inLanguage\":\"fr-FR\"},{\"@type\":\"Organization\",\"@id\":\"https:\\\/\\\/www.info-algerie.com\\\/actualites\\\/#organization\",\"name\":\"info algerie\",\"url\":\"https:\\\/\\\/www.info-algerie.com\\\/actualites\\\/\",\"logo\":{\"@type\":\"ImageObject\",\"inLanguage\":\"fr-FR\",\"@id\":\"https:\\\/\\\/www.info-algerie.com\\\/actualites\\\/#\\\/schema\\\/logo\\\/image\\\/\",\"url\":\"https:\\\/\\\/www.info-algerie.com\\\/actualites\\\/wp-content\\\/uploads\\\/2022\\\/07\\\/logo-ia-120.png\",\"contentUrl\":\"https:\\\/\\\/www.info-algerie.com\\\/actualites\\\/wp-content\\\/uploads\\\/2022\\\/07\\\/logo-ia-120.png\",\"width\":120,\"height\":43,\"caption\":\"info algerie\"},\"image\":{\"@id\":\"https:\\\/\\\/www.info-algerie.com\\\/actualites\\\/#\\\/schema\\\/logo\\\/image\\\/\"},\"sameAs\":[\"https:\\\/\\\/www.facebook.com\\\/infoalgerieactu\",\"https:\\\/\\\/x.com\\\/infoalgerie1\"]},{\"@type\":\"Person\",\"@id\":\"https:\\\/\\\/www.info-algerie.com\\\/actualites\\\/#\\\/schema\\\/person\\\/847aaec44920825b843a08f30ec6aa1e\",\"name\":\"La r\u00e9daction\",\"image\":{\"@type\":\"ImageObject\",\"inLanguage\":\"fr-FR\",\"@id\":\"https:\\\/\\\/secure.gravatar.com\\\/avatar\\\/769db425c6f465158149f1ffd6cf61ce7a8a879d11dfbef8288af36dfddd418c?s=96&d=mm&r=g\",\"url\":\"https:\\\/\\\/secure.gravatar.com\\\/avatar\\\/769db425c6f465158149f1ffd6cf61ce7a8a879d11dfbef8288af36dfddd418c?s=96&d=mm&r=g\",\"contentUrl\":\"https:\\\/\\\/secure.gravatar.com\\\/avatar\\\/769db425c6f465158149f1ffd6cf61ce7a8a879d11dfbef8288af36dfddd418c?s=96&d=mm&r=g\",\"caption\":\"La r\u00e9daction\"},\"sameAs\":[\"http:\\\/\\\/www.lkeria.com\\\/\"],\"url\":\"https:\\\/\\\/www.info-algerie.com\\\/actualites\\\/author\\\/chakib32\\\/\"}]}<\/script>\n<!-- \/ Yoast SEO plugin. -->","yoast_head_json":{"title":"Ouyahia re\u00e7oit l&#039;Envoy\u00e9 personnel du SG de l&#039;Onu pour le Sahara occidental - info algerie","robots":{"index":"index","follow":"follow","max-snippet":"max-snippet:-1","max-image-preview":"max-image-preview:large","max-video-preview":"max-video-preview:-1"},"canonical":"https:\/\/www.info-algerie.com\/actualites\/ouyahia-recoit-lenvoye-personnel-du-sg-de-lonu-pour-le-sahara-occidental\/","og_locale":"fr_FR","og_type":"article","og_title":"Ouyahia re\u00e7oit l&#039;Envoy\u00e9 personnel du SG de l&#039;Onu pour le Sahara occidental - info algerie","og_description":"\u00a0 &#013; ALGER &#8211; Le Premier ministre, Ahmed Ouyahia, a re\u00e7u dimanche \u00e0 Alger l\u2019Envoy\u00e9 personnel du Secr\u00e9taire g\u00e9n\u00e9ral des Nations unies pour le Sahara occidental, Horst Kohler, qui effectue sa premi\u00e8re tourn\u00e9e dans la r\u00e9gion, a indiqu\u00e9 un communiqu\u00e9 des services du Premier ministre L&rsquo;Audience s&rsquo;est d\u00e9roul\u00e9e en pr\u00e9sence du ministre des Affaires \u00e9trang\u00e8res,\u00a0","og_url":"https:\/\/www.info-algerie.com\/actualites\/ouyahia-recoit-lenvoye-personnel-du-sg-de-lonu-pour-le-sahara-occidental\/","og_site_name":"info algerie","article_publisher":"https:\/\/www.facebook.com\/infoalgerieactu","article_published_time":"2017-10-22T12:25:36+00:00","og_image":[{"width":280,"height":276,"url":"https:\/\/www.info-algerie.com\/actualites\/wp-content\/uploads\/2017\/10\/2fe27c1494f5e06ddbfb4668b2190d11_S-1.jpg","type":"image\/jpeg"}],"author":"La r\u00e9daction","twitter_misc":{"\u00c9crit par":"La r\u00e9daction","Dur\u00e9e de lecture estim\u00e9e":"1 minute"},"schema":{"@context":"https:\/\/schema.org","@graph":[{"@type":"Article","@id":"https:\/\/www.info-algerie.com\/actualites\/ouyahia-recoit-lenvoye-personnel-du-sg-de-lonu-pour-le-sahara-occidental\/#article","isPartOf":{"@id":"https:\/\/www.info-algerie.com\/actualites\/ouyahia-recoit-lenvoye-personnel-du-sg-de-lonu-pour-le-sahara-occidental\/"},"author":{"name":"La r\u00e9daction","@id":"https:\/\/www.info-algerie.com\/actualites\/#\/schema\/person\/847aaec44920825b843a08f30ec6aa1e"},"headline":"Ouyahia re\u00e7oit l&#039;Envoy\u00e9 personnel du SG de l&#039;Onu pour le Sahara occidental","datePublished":"2017-10-22T12:25:36+00:00","mainEntityOfPage":{"@id":"https:\/\/www.info-algerie.com\/actualites\/ouyahia-recoit-lenvoye-personnel-du-sg-de-lonu-pour-le-sahara-occidental\/"},"wordCount":127,"commentCount":0,"publisher":{"@id":"https:\/\/www.info-algerie.com\/actualites\/#organization"},"image":{"@id":"https:\/\/www.info-algerie.com\/actualites\/ouyahia-recoit-lenvoye-personnel-du-sg-de-lonu-pour-le-sahara-occidental\/#primaryimage"},"thumbnailUrl":"https:\/\/www.info-algerie.com\/actualites\/wp-content\/uploads\/2017\/10\/2fe27c1494f5e06ddbfb4668b2190d11_S-1.jpg","keywords":["ONU"],"articleSection":["infos"],"inLanguage":"fr-FR","potentialAction":[{"@type":"CommentAction","name":"Comment","target":["https:\/\/www.info-algerie.com\/actualites\/ouyahia-recoit-lenvoye-personnel-du-sg-de-lonu-pour-le-sahara-occidental\/#respond"]}]},{"@type":"WebPage","@id":"https:\/\/www.info-algerie.com\/actualites\/ouyahia-recoit-lenvoye-personnel-du-sg-de-lonu-pour-le-sahara-occidental\/","url":"https:\/\/www.info-algerie.com\/actualites\/ouyahia-recoit-lenvoye-personnel-du-sg-de-lonu-pour-le-sahara-occidental\/","name":"Ouyahia re\u00e7oit l&#039;Envoy\u00e9 personnel du SG de l&#039;Onu pour le Sahara occidental - info algerie","isPartOf":{"@id":"https:\/\/www.info-algerie.com\/actualites\/#website"},"primaryImageOfPage":{"@id":"https:\/\/www.info-algerie.com\/actualites\/ouyahia-recoit-lenvoye-personnel-du-sg-de-lonu-pour-le-sahara-occidental\/#primaryimage"},"image":{"@id":"https:\/\/www.info-algerie.com\/actualites\/ouyahia-recoit-lenvoye-personnel-du-sg-de-lonu-pour-le-sahara-occidental\/#primaryimage"},"thumbnailUrl":"https:\/\/www.info-algerie.com\/actualites\/wp-content\/uploads\/2017\/10\/2fe27c1494f5e06ddbfb4668b2190d11_S-1.jpg","datePublished":"2017-10-22T12:25:36+00:00","breadcrumb":{"@id":"https:\/\/www.info-algerie.com\/actualites\/ouyahia-recoit-lenvoye-personnel-du-sg-de-lonu-pour-le-sahara-occidental\/#breadcrumb"},"inLanguage":"fr-FR","potentialAction":[{"@type":"ReadAction","target":["https:\/\/www.info-algerie.com\/actualites\/ouyahia-recoit-lenvoye-personnel-du-sg-de-lonu-pour-le-sahara-occidental\/"]}]},{"@type":"ImageObject","inLanguage":"fr-FR","@id":"https:\/\/www.info-algerie.com\/actualites\/ouyahia-recoit-lenvoye-personnel-du-sg-de-lonu-pour-le-sahara-occidental\/#primaryimage","url":"https:\/\/www.info-algerie.com\/actualites\/wp-content\/uploads\/2017\/10\/2fe27c1494f5e06ddbfb4668b2190d11_S-1.jpg","contentUrl":"https:\/\/www.info-algerie.com\/actualites\/wp-content\/uploads\/2017\/10\/2fe27c1494f5e06ddbfb4668b2190d11_S-1.jpg","width":280,"height":276},{"@type":"BreadcrumbList","@id":"https:\/\/www.info-algerie.com\/actualites\/ouyahia-recoit-lenvoye-personnel-du-sg-de-lonu-pour-le-sahara-occidental\/#breadcrumb","itemListElement":[{"@type":"ListItem","position":1,"name":"Accueil","item":"https:\/\/www.info-algerie.com\/actualites\/"},{"@type":"ListItem","position":2,"name":"Ouyahia re\u00e7oit l&#039;Envoy\u00e9 personnel du SG de l&#039;Onu pour le Sahara occidental"}]},{"@type":"WebSite","@id":"https:\/\/www.info-algerie.com\/actualites\/#website","url":"https:\/\/www.info-algerie.com\/actualites\/","name":"info algerie","description":"Toutes les actualit\u00e9s","publisher":{"@id":"https:\/\/www.info-algerie.com\/actualites\/#organization"},"potentialAction":[{"@type":"SearchAction","target":{"@type":"EntryPoint","urlTemplate":"https:\/\/www.info-algerie.com\/actualites\/?s={search_term_string}"},"query-input":{"@type":"PropertyValueSpecification","valueRequired":true,"valueName":"search_term_string"}}],"inLanguage":"fr-FR"},{"@type":"Organization","@id":"https:\/\/www.info-algerie.com\/actualites\/#organization","name":"info algerie","url":"https:\/\/www.info-algerie.com\/actualites\/","logo":{"@type":"ImageObject","inLanguage":"fr-FR","@id":"https:\/\/www.info-algerie.com\/actualites\/#\/schema\/logo\/image\/","url":"https:\/\/www.info-algerie.com\/actualites\/wp-content\/uploads\/2022\/07\/logo-ia-120.png","contentUrl":"https:\/\/www.info-algerie.com\/actualites\/wp-content\/uploads\/2022\/07\/logo-ia-120.png","width":120,"height":43,"caption":"info algerie"},"image":{"@id":"https:\/\/www.info-algerie.com\/actualites\/#\/schema\/logo\/image\/"},"sameAs":["https:\/\/www.facebook.com\/infoalgerieactu","https:\/\/x.com\/infoalgerie1"]},{"@type":"Person","@id":"https:\/\/www.info-algerie.com\/actualites\/#\/schema\/person\/847aaec44920825b843a08f30ec6aa1e","name":"La r\u00e9daction","image":{"@type":"ImageObject","inLanguage":"fr-FR","@id":"https:\/\/secure.gravatar.com\/avatar\/769db425c6f465158149f1ffd6cf61ce7a8a879d11dfbef8288af36dfddd418c?s=96&d=mm&r=g","url":"https:\/\/secure.gravatar.com\/avatar\/769db425c6f465158149f1ffd6cf61ce7a8a879d11dfbef8288af36dfddd418c?s=96&d=mm&r=g","contentUrl":"https:\/\/secure.gravatar.com\/avatar\/769db425c6f465158149f1ffd6cf61ce7a8a879d11dfbef8288af36dfddd418c?s=96&d=mm&r=g","caption":"La r\u00e9daction"},"sameAs":["http:\/\/www.lkeria.com\/"],"url":"https:\/\/www.info-algerie.com\/actualites\/author\/chakib32\/"}]}},"_links":{"self":[{"href":"https:\/\/www.info-algerie.com\/actualites\/wp-json\/wp\/v2\/posts\/17131","targetHints":{"allow":["GET"]}}],"collection":[{"href":"https:\/\/www.info-algerie.com\/actualites\/wp-json\/wp\/v2\/posts"}],"about":[{"href":"https:\/\/www.info-algerie.com\/actualites\/wp-json\/wp\/v2\/types\/post"}],"author":[{"embeddable":true,"href":"https:\/\/www.info-algerie.com\/actualites\/wp-json\/wp\/v2\/users\/6"}],"replies":[{"embeddable":true,"href":"https:\/\/www.info-algerie.com\/actualites\/wp-json\/wp\/v2\/comments?post=17131"}],"version-history":[{"count":0,"href":"https:\/\/www.info-algerie.com\/actualites\/wp-json\/wp\/v2\/posts\/17131\/revisions"}],"wp:featuredmedia":[{"embeddable":true,"href":"https:\/\/www.info-algerie.com\/actualites\/wp-json\/wp\/v2\/media\/17132"}],"wp:attachment":[{"href":"https:\/\/www.info-algerie.com\/actualites\/wp-json\/wp\/v2\/media?parent=17131"}],"wp:term":[{"taxonomy":"category","embeddable":true,"href":"https:\/\/www.info-algerie.com\/actualites\/wp-json\/wp\/v2\/categories?post=17131"},{"taxonomy":"post_tag","embeddable":true,"href":"https:\/\/www.info-algerie.com\/actualites\/wp-json\/wp\/v2\/tags?post=17131"}],"curies":[{"name":"wp","href":"https:\/\/api.w.org\/{rel}","templated":true}]}}