{"id":17139,"date":"2017-10-22T19:11:04","date_gmt":"2017-10-22T18:11:04","guid":{"rendered":"http:\/\/www.info-algerie.com\/actualites\/la-mae-namibienne-en-visite-a-alger-pour-la-1ere-session-de-la-commission-mixte-de-cooperation\/"},"modified":"2017-10-22T19:11:04","modified_gmt":"2017-10-22T18:11:04","slug":"la-mae-namibienne-en-visite-a-alger-pour-la-1ere-session-de-la-commission-mixte-de-cooperation","status":"publish","type":"post","link":"https:\/\/www.info-algerie.com\/actualites\/la-mae-namibienne-en-visite-a-alger-pour-la-1ere-session-de-la-commission-mixte-de-cooperation\/","title":{"rendered":"La MAE namibienne en visite \u00e0 Alger pour la 1\u00e8re session de la Commission mixte de coop\u00e9ration"},"content":{"rendered":"<div class=\"K2FeedImage\"><img decoding=\"async\" src=\"https:\/\/www.info-algerie.com\/actualites\/wp-content\/uploads\/2017\/10\/ac7dc82ab991dcfcc7d6007b61440d91_S.jpg\" alt=\"La MAE namibienne en visite &#xE0; Alger pour la 1&#xE8;re session de la Commission mixte de coop&#xE9;ration\" \/><\/div>\n<div class=\"K2FeedIntroText\">\n<p>ALGER &#8211; La vice-Premier ministre et ministre des relations internationales et de la coop\u00e9ration de la Namibie, Netumbo Nandi-Ndaitwah, effectue \u00e0 partir de dimanche une visite de travail \u00e0 Alger pour co-pr\u00e9sider avec le chef de la diplomatie alg\u00e9rienne, Abdelkader Messahel, les travaux de la 1\u00e8re session de la Commission mixte de coop\u00e9ration, les 23 et 24 octobre en cours, indique dimanche un communiqu\u00e9 du minist\u00e8re des Affaires \u00e9trang\u00e8res.<\/p>\n<p>&#013;\n<\/p><\/div>\n<div class=\"K2FeedFullText\">&#013;<\/p>\n<p>\u00ab\u00a0L\u2019\u00e9valuation exhaustive de la coop\u00e9ration bilat\u00e9rale et l\u2019examen des voies et moyens susceptibles de conf\u00e9rer \u00e0 cette coop\u00e9ration le caract\u00e8re d\u2019exemplarit\u00e9 et de qualit\u00e9 et de la mettre au diapason de l\u2019excellence des relations politiques entre l\u2019Alg\u00e9rie et la Namibie seront au centre des \u00e9changes entre les d\u00e9l\u00e9gations des deux pays\u00a0\u00bb, pr\u00e9cise la m\u00eame source.<\/p>\n<p>&#013;<\/p>\n<p>Les deux parties feront \u00e9galement \u00ab\u00a0le point sur les n\u00e9gociations en cours de plusieurs projets d\u2019accords bilat\u00e9raux appel\u00e9s \u00e0 enrichir le cadre juridique r\u00e9gissant la coop\u00e9ration bilat\u00e9rale dans son ensemble\u00a0\u00bb.<\/p>\n<p>&#013;<\/p>\n<p>Cette session de la Commission mixte sera sanctionn\u00e9e par \u00ab\u00a0la signature de plusieurs accords et m\u00e9morandums d\u2019entente de coop\u00e9ration couvrant divers domaines\u00a0\u00bb.<\/p>\n<p>&#013;<\/p>\n<p class=\"MsoNormal\">En marge de la session, le chef de la diplomatie alg\u00e9rienne et son homologue namibienne, aborderont les questions r\u00e9gionales et internationales, \u00ab\u00a0notamment la situation dans le continent africain et les d\u00e9fis s\u00e9curitaires et de d\u00e9veloppement auxquels l\u2019Afrique fait face\u00a0\u00bb, conclut le communiqu\u00e9.<\/p>\n<\/div>\n<p>&#013;<br \/>\nSource: <a href=\"http:\/\/www.aps.dz\/algerie\/64317-la-mae-namibienne-en-visite-a-alger-pour-la-1ere-session-de-la-commission-mixte-de-cooperation\" target=\"_blank\">La MAE namibienne en visite \u00e0 Alger pour la 1\u00e8re session de la Commission mixte de coop\u00e9ration<\/a><\/p>\n<!--CusAds0-->\n<div style=\"font-size: 0px; height: 0px; line-height: 0px; margin: 0; padding: 0; clear: both;\"><\/div>","protected":false},"excerpt":{"rendered":"<p>ALGER &#8211; La vice-Premier ministre et ministre des relations internationales et de la coop\u00e9ration de la Namibie, Netumbo Nandi-Ndaitwah, effectue \u00e0 partir de dimanche une visite de travail \u00e0 Alger pour co-pr\u00e9sider avec le chef de la diplomatie alg\u00e9rienne, Abdelkader Messahel, les travaux de la 1\u00e8re session de la Commission mixte de coop\u00e9ration, les 23<\/p>\n","protected":false},"author":6,"featured_media":17140,"comment_status":"open","ping_status":"open","sticky":false,"template":"","format":"standard","meta":{"footnotes":""},"categories":[22],"tags":[93],"class_list":["post-17139","post","type-post","status-publish","format-standard","has-post-thumbnail","hentry","category-infos","tag-onu"],"yoast_head":"<!-- This site is optimized with the Yoast SEO plugin v27.5 - https:\/\/yoast.com\/product\/yoast-seo-wordpress\/ -->\n<title>La MAE namibienne en visite \u00e0 Alger pour la 1\u00e8re session de la Commission mixte de coop\u00e9ration - info algerie<\/title>\n<meta name=\"robots\" content=\"index, follow, max-snippet:-1, max-image-preview:large, max-video-preview:-1\" \/>\n<link rel=\"canonical\" href=\"https:\/\/www.info-algerie.com\/actualites\/la-mae-namibienne-en-visite-a-alger-pour-la-1ere-session-de-la-commission-mixte-de-cooperation\/\" \/>\n<meta property=\"og:locale\" content=\"fr_FR\" \/>\n<meta property=\"og:type\" content=\"article\" \/>\n<meta property=\"og:title\" content=\"La MAE namibienne en visite \u00e0 Alger pour la 1\u00e8re session de la Commission mixte de coop\u00e9ration - info algerie\" \/>\n<meta property=\"og:description\" content=\"ALGER &#8211; La vice-Premier ministre et ministre des relations internationales et de la coop\u00e9ration de la Namibie, Netumbo Nandi-Ndaitwah, effectue \u00e0 partir de dimanche une visite de travail \u00e0 Alger pour co-pr\u00e9sider avec le chef de la diplomatie alg\u00e9rienne, Abdelkader Messahel, les travaux de la 1\u00e8re session de la Commission mixte de coop\u00e9ration, les 23\" \/>\n<meta property=\"og:url\" content=\"https:\/\/www.info-algerie.com\/actualites\/la-mae-namibienne-en-visite-a-alger-pour-la-1ere-session-de-la-commission-mixte-de-cooperation\/\" \/>\n<meta property=\"og:site_name\" content=\"info algerie\" \/>\n<meta property=\"article:publisher\" content=\"https:\/\/www.facebook.com\/infoalgerieactu\" \/>\n<meta property=\"article:published_time\" content=\"2017-10-22T18:11:04+00:00\" \/>\n<meta property=\"og:image\" content=\"https:\/\/www.info-algerie.com\/actualites\/wp-content\/uploads\/2017\/10\/ac7dc82ab991dcfcc7d6007b61440d91_S-1.jpg\" \/>\n\t<meta property=\"og:image:width\" content=\"280\" \/>\n\t<meta property=\"og:image:height\" content=\"169\" \/>\n\t<meta property=\"og:image:type\" content=\"image\/jpeg\" \/>\n<meta name=\"author\" content=\"La r\u00e9daction\" \/>\n<meta name=\"twitter:label1\" content=\"\u00c9crit par\" \/>\n\t<meta name=\"twitter:data1\" content=\"La r\u00e9daction\" \/>\n\t<meta name=\"twitter:label2\" content=\"Dur\u00e9e de lecture estim\u00e9e\" \/>\n\t<meta name=\"twitter:data2\" content=\"1 minute\" \/>\n<script type=\"application\/ld+json\" class=\"yoast-schema-graph\">{\"@context\":\"https:\\\/\\\/schema.org\",\"@graph\":[{\"@type\":\"Article\",\"@id\":\"https:\\\/\\\/www.info-algerie.com\\\/actualites\\\/la-mae-namibienne-en-visite-a-alger-pour-la-1ere-session-de-la-commission-mixte-de-cooperation\\\/#article\",\"isPartOf\":{\"@id\":\"https:\\\/\\\/www.info-algerie.com\\\/actualites\\\/la-mae-namibienne-en-visite-a-alger-pour-la-1ere-session-de-la-commission-mixte-de-cooperation\\\/\"},\"author\":{\"name\":\"La r\u00e9daction\",\"@id\":\"https:\\\/\\\/www.info-algerie.com\\\/actualites\\\/#\\\/schema\\\/person\\\/847aaec44920825b843a08f30ec6aa1e\"},\"headline\":\"La MAE namibienne en visite \u00e0 Alger pour la 1\u00e8re session de la Commission mixte de coop\u00e9ration\",\"datePublished\":\"2017-10-22T18:11:04+00:00\",\"mainEntityOfPage\":{\"@id\":\"https:\\\/\\\/www.info-algerie.com\\\/actualites\\\/la-mae-namibienne-en-visite-a-alger-pour-la-1ere-session-de-la-commission-mixte-de-cooperation\\\/\"},\"wordCount\":285,\"commentCount\":0,\"publisher\":{\"@id\":\"https:\\\/\\\/www.info-algerie.com\\\/actualites\\\/#organization\"},\"image\":{\"@id\":\"https:\\\/\\\/www.info-algerie.com\\\/actualites\\\/la-mae-namibienne-en-visite-a-alger-pour-la-1ere-session-de-la-commission-mixte-de-cooperation\\\/#primaryimage\"},\"thumbnailUrl\":\"https:\\\/\\\/www.info-algerie.com\\\/actualites\\\/wp-content\\\/uploads\\\/2017\\\/10\\\/ac7dc82ab991dcfcc7d6007b61440d91_S-1.jpg\",\"keywords\":[\"ONU\"],\"articleSection\":[\"infos\"],\"inLanguage\":\"fr-FR\",\"potentialAction\":[{\"@type\":\"CommentAction\",\"name\":\"Comment\",\"target\":[\"https:\\\/\\\/www.info-algerie.com\\\/actualites\\\/la-mae-namibienne-en-visite-a-alger-pour-la-1ere-session-de-la-commission-mixte-de-cooperation\\\/#respond\"]}]},{\"@type\":\"WebPage\",\"@id\":\"https:\\\/\\\/www.info-algerie.com\\\/actualites\\\/la-mae-namibienne-en-visite-a-alger-pour-la-1ere-session-de-la-commission-mixte-de-cooperation\\\/\",\"url\":\"https:\\\/\\\/www.info-algerie.com\\\/actualites\\\/la-mae-namibienne-en-visite-a-alger-pour-la-1ere-session-de-la-commission-mixte-de-cooperation\\\/\",\"name\":\"La MAE namibienne en visite \u00e0 Alger pour la 1\u00e8re session de la Commission mixte de coop\u00e9ration - info algerie\",\"isPartOf\":{\"@id\":\"https:\\\/\\\/www.info-algerie.com\\\/actualites\\\/#website\"},\"primaryImageOfPage\":{\"@id\":\"https:\\\/\\\/www.info-algerie.com\\\/actualites\\\/la-mae-namibienne-en-visite-a-alger-pour-la-1ere-session-de-la-commission-mixte-de-cooperation\\\/#primaryimage\"},\"image\":{\"@id\":\"https:\\\/\\\/www.info-algerie.com\\\/actualites\\\/la-mae-namibienne-en-visite-a-alger-pour-la-1ere-session-de-la-commission-mixte-de-cooperation\\\/#primaryimage\"},\"thumbnailUrl\":\"https:\\\/\\\/www.info-algerie.com\\\/actualites\\\/wp-content\\\/uploads\\\/2017\\\/10\\\/ac7dc82ab991dcfcc7d6007b61440d91_S-1.jpg\",\"datePublished\":\"2017-10-22T18:11:04+00:00\",\"breadcrumb\":{\"@id\":\"https:\\\/\\\/www.info-algerie.com\\\/actualites\\\/la-mae-namibienne-en-visite-a-alger-pour-la-1ere-session-de-la-commission-mixte-de-cooperation\\\/#breadcrumb\"},\"inLanguage\":\"fr-FR\",\"potentialAction\":[{\"@type\":\"ReadAction\",\"target\":[\"https:\\\/\\\/www.info-algerie.com\\\/actualites\\\/la-mae-namibienne-en-visite-a-alger-pour-la-1ere-session-de-la-commission-mixte-de-cooperation\\\/\"]}]},{\"@type\":\"ImageObject\",\"inLanguage\":\"fr-FR\",\"@id\":\"https:\\\/\\\/www.info-algerie.com\\\/actualites\\\/la-mae-namibienne-en-visite-a-alger-pour-la-1ere-session-de-la-commission-mixte-de-cooperation\\\/#primaryimage\",\"url\":\"https:\\\/\\\/www.info-algerie.com\\\/actualites\\\/wp-content\\\/uploads\\\/2017\\\/10\\\/ac7dc82ab991dcfcc7d6007b61440d91_S-1.jpg\",\"contentUrl\":\"https:\\\/\\\/www.info-algerie.com\\\/actualites\\\/wp-content\\\/uploads\\\/2017\\\/10\\\/ac7dc82ab991dcfcc7d6007b61440d91_S-1.jpg\",\"width\":280,\"height\":169},{\"@type\":\"BreadcrumbList\",\"@id\":\"https:\\\/\\\/www.info-algerie.com\\\/actualites\\\/la-mae-namibienne-en-visite-a-alger-pour-la-1ere-session-de-la-commission-mixte-de-cooperation\\\/#breadcrumb\",\"itemListElement\":[{\"@type\":\"ListItem\",\"position\":1,\"name\":\"Accueil\",\"item\":\"https:\\\/\\\/www.info-algerie.com\\\/actualites\\\/\"},{\"@type\":\"ListItem\",\"position\":2,\"name\":\"La MAE namibienne en visite \u00e0 Alger pour la 1\u00e8re session de la Commission mixte de coop\u00e9ration\"}]},{\"@type\":\"WebSite\",\"@id\":\"https:\\\/\\\/www.info-algerie.com\\\/actualites\\\/#website\",\"url\":\"https:\\\/\\\/www.info-algerie.com\\\/actualites\\\/\",\"name\":\"info algerie\",\"description\":\"Toutes les actualit\u00e9s\",\"publisher\":{\"@id\":\"https:\\\/\\\/www.info-algerie.com\\\/actualites\\\/#organization\"},\"potentialAction\":[{\"@type\":\"SearchAction\",\"target\":{\"@type\":\"EntryPoint\",\"urlTemplate\":\"https:\\\/\\\/www.info-algerie.com\\\/actualites\\\/?s={search_term_string}\"},\"query-input\":{\"@type\":\"PropertyValueSpecification\",\"valueRequired\":true,\"valueName\":\"search_term_string\"}}],\"inLanguage\":\"fr-FR\"},{\"@type\":\"Organization\",\"@id\":\"https:\\\/\\\/www.info-algerie.com\\\/actualites\\\/#organization\",\"name\":\"info algerie\",\"url\":\"https:\\\/\\\/www.info-algerie.com\\\/actualites\\\/\",\"logo\":{\"@type\":\"ImageObject\",\"inLanguage\":\"fr-FR\",\"@id\":\"https:\\\/\\\/www.info-algerie.com\\\/actualites\\\/#\\\/schema\\\/logo\\\/image\\\/\",\"url\":\"https:\\\/\\\/www.info-algerie.com\\\/actualites\\\/wp-content\\\/uploads\\\/2022\\\/07\\\/logo-ia-120.png\",\"contentUrl\":\"https:\\\/\\\/www.info-algerie.com\\\/actualites\\\/wp-content\\\/uploads\\\/2022\\\/07\\\/logo-ia-120.png\",\"width\":120,\"height\":43,\"caption\":\"info algerie\"},\"image\":{\"@id\":\"https:\\\/\\\/www.info-algerie.com\\\/actualites\\\/#\\\/schema\\\/logo\\\/image\\\/\"},\"sameAs\":[\"https:\\\/\\\/www.facebook.com\\\/infoalgerieactu\",\"https:\\\/\\\/x.com\\\/infoalgerie1\"]},{\"@type\":\"Person\",\"@id\":\"https:\\\/\\\/www.info-algerie.com\\\/actualites\\\/#\\\/schema\\\/person\\\/847aaec44920825b843a08f30ec6aa1e\",\"name\":\"La r\u00e9daction\",\"image\":{\"@type\":\"ImageObject\",\"inLanguage\":\"fr-FR\",\"@id\":\"https:\\\/\\\/secure.gravatar.com\\\/avatar\\\/769db425c6f465158149f1ffd6cf61ce7a8a879d11dfbef8288af36dfddd418c?s=96&d=mm&r=g\",\"url\":\"https:\\\/\\\/secure.gravatar.com\\\/avatar\\\/769db425c6f465158149f1ffd6cf61ce7a8a879d11dfbef8288af36dfddd418c?s=96&d=mm&r=g\",\"contentUrl\":\"https:\\\/\\\/secure.gravatar.com\\\/avatar\\\/769db425c6f465158149f1ffd6cf61ce7a8a879d11dfbef8288af36dfddd418c?s=96&d=mm&r=g\",\"caption\":\"La r\u00e9daction\"},\"sameAs\":[\"http:\\\/\\\/www.lkeria.com\\\/\"],\"url\":\"https:\\\/\\\/www.info-algerie.com\\\/actualites\\\/author\\\/chakib32\\\/\"}]}<\/script>\n<!-- \/ Yoast SEO plugin. -->","yoast_head_json":{"title":"La MAE namibienne en visite \u00e0 Alger pour la 1\u00e8re session de la Commission mixte de coop\u00e9ration - info algerie","robots":{"index":"index","follow":"follow","max-snippet":"max-snippet:-1","max-image-preview":"max-image-preview:large","max-video-preview":"max-video-preview:-1"},"canonical":"https:\/\/www.info-algerie.com\/actualites\/la-mae-namibienne-en-visite-a-alger-pour-la-1ere-session-de-la-commission-mixte-de-cooperation\/","og_locale":"fr_FR","og_type":"article","og_title":"La MAE namibienne en visite \u00e0 Alger pour la 1\u00e8re session de la Commission mixte de coop\u00e9ration - info algerie","og_description":"ALGER &#8211; La vice-Premier ministre et ministre des relations internationales et de la coop\u00e9ration de la Namibie, Netumbo Nandi-Ndaitwah, effectue \u00e0 partir de dimanche une visite de travail \u00e0 Alger pour co-pr\u00e9sider avec le chef de la diplomatie alg\u00e9rienne, Abdelkader Messahel, les travaux de la 1\u00e8re session de la Commission mixte de coop\u00e9ration, les 23","og_url":"https:\/\/www.info-algerie.com\/actualites\/la-mae-namibienne-en-visite-a-alger-pour-la-1ere-session-de-la-commission-mixte-de-cooperation\/","og_site_name":"info algerie","article_publisher":"https:\/\/www.facebook.com\/infoalgerieactu","article_published_time":"2017-10-22T18:11:04+00:00","og_image":[{"width":280,"height":169,"url":"https:\/\/www.info-algerie.com\/actualites\/wp-content\/uploads\/2017\/10\/ac7dc82ab991dcfcc7d6007b61440d91_S-1.jpg","type":"image\/jpeg"}],"author":"La r\u00e9daction","twitter_misc":{"\u00c9crit par":"La r\u00e9daction","Dur\u00e9e de lecture estim\u00e9e":"1 minute"},"schema":{"@context":"https:\/\/schema.org","@graph":[{"@type":"Article","@id":"https:\/\/www.info-algerie.com\/actualites\/la-mae-namibienne-en-visite-a-alger-pour-la-1ere-session-de-la-commission-mixte-de-cooperation\/#article","isPartOf":{"@id":"https:\/\/www.info-algerie.com\/actualites\/la-mae-namibienne-en-visite-a-alger-pour-la-1ere-session-de-la-commission-mixte-de-cooperation\/"},"author":{"name":"La r\u00e9daction","@id":"https:\/\/www.info-algerie.com\/actualites\/#\/schema\/person\/847aaec44920825b843a08f30ec6aa1e"},"headline":"La MAE namibienne en visite \u00e0 Alger pour la 1\u00e8re session de la Commission mixte de coop\u00e9ration","datePublished":"2017-10-22T18:11:04+00:00","mainEntityOfPage":{"@id":"https:\/\/www.info-algerie.com\/actualites\/la-mae-namibienne-en-visite-a-alger-pour-la-1ere-session-de-la-commission-mixte-de-cooperation\/"},"wordCount":285,"commentCount":0,"publisher":{"@id":"https:\/\/www.info-algerie.com\/actualites\/#organization"},"image":{"@id":"https:\/\/www.info-algerie.com\/actualites\/la-mae-namibienne-en-visite-a-alger-pour-la-1ere-session-de-la-commission-mixte-de-cooperation\/#primaryimage"},"thumbnailUrl":"https:\/\/www.info-algerie.com\/actualites\/wp-content\/uploads\/2017\/10\/ac7dc82ab991dcfcc7d6007b61440d91_S-1.jpg","keywords":["ONU"],"articleSection":["infos"],"inLanguage":"fr-FR","potentialAction":[{"@type":"CommentAction","name":"Comment","target":["https:\/\/www.info-algerie.com\/actualites\/la-mae-namibienne-en-visite-a-alger-pour-la-1ere-session-de-la-commission-mixte-de-cooperation\/#respond"]}]},{"@type":"WebPage","@id":"https:\/\/www.info-algerie.com\/actualites\/la-mae-namibienne-en-visite-a-alger-pour-la-1ere-session-de-la-commission-mixte-de-cooperation\/","url":"https:\/\/www.info-algerie.com\/actualites\/la-mae-namibienne-en-visite-a-alger-pour-la-1ere-session-de-la-commission-mixte-de-cooperation\/","name":"La MAE namibienne en visite \u00e0 Alger pour la 1\u00e8re session de la Commission mixte de coop\u00e9ration - info algerie","isPartOf":{"@id":"https:\/\/www.info-algerie.com\/actualites\/#website"},"primaryImageOfPage":{"@id":"https:\/\/www.info-algerie.com\/actualites\/la-mae-namibienne-en-visite-a-alger-pour-la-1ere-session-de-la-commission-mixte-de-cooperation\/#primaryimage"},"image":{"@id":"https:\/\/www.info-algerie.com\/actualites\/la-mae-namibienne-en-visite-a-alger-pour-la-1ere-session-de-la-commission-mixte-de-cooperation\/#primaryimage"},"thumbnailUrl":"https:\/\/www.info-algerie.com\/actualites\/wp-content\/uploads\/2017\/10\/ac7dc82ab991dcfcc7d6007b61440d91_S-1.jpg","datePublished":"2017-10-22T18:11:04+00:00","breadcrumb":{"@id":"https:\/\/www.info-algerie.com\/actualites\/la-mae-namibienne-en-visite-a-alger-pour-la-1ere-session-de-la-commission-mixte-de-cooperation\/#breadcrumb"},"inLanguage":"fr-FR","potentialAction":[{"@type":"ReadAction","target":["https:\/\/www.info-algerie.com\/actualites\/la-mae-namibienne-en-visite-a-alger-pour-la-1ere-session-de-la-commission-mixte-de-cooperation\/"]}]},{"@type":"ImageObject","inLanguage":"fr-FR","@id":"https:\/\/www.info-algerie.com\/actualites\/la-mae-namibienne-en-visite-a-alger-pour-la-1ere-session-de-la-commission-mixte-de-cooperation\/#primaryimage","url":"https:\/\/www.info-algerie.com\/actualites\/wp-content\/uploads\/2017\/10\/ac7dc82ab991dcfcc7d6007b61440d91_S-1.jpg","contentUrl":"https:\/\/www.info-algerie.com\/actualites\/wp-content\/uploads\/2017\/10\/ac7dc82ab991dcfcc7d6007b61440d91_S-1.jpg","width":280,"height":169},{"@type":"BreadcrumbList","@id":"https:\/\/www.info-algerie.com\/actualites\/la-mae-namibienne-en-visite-a-alger-pour-la-1ere-session-de-la-commission-mixte-de-cooperation\/#breadcrumb","itemListElement":[{"@type":"ListItem","position":1,"name":"Accueil","item":"https:\/\/www.info-algerie.com\/actualites\/"},{"@type":"ListItem","position":2,"name":"La MAE namibienne en visite \u00e0 Alger pour la 1\u00e8re session de la Commission mixte de coop\u00e9ration"}]},{"@type":"WebSite","@id":"https:\/\/www.info-algerie.com\/actualites\/#website","url":"https:\/\/www.info-algerie.com\/actualites\/","name":"info algerie","description":"Toutes les actualit\u00e9s","publisher":{"@id":"https:\/\/www.info-algerie.com\/actualites\/#organization"},"potentialAction":[{"@type":"SearchAction","target":{"@type":"EntryPoint","urlTemplate":"https:\/\/www.info-algerie.com\/actualites\/?s={search_term_string}"},"query-input":{"@type":"PropertyValueSpecification","valueRequired":true,"valueName":"search_term_string"}}],"inLanguage":"fr-FR"},{"@type":"Organization","@id":"https:\/\/www.info-algerie.com\/actualites\/#organization","name":"info algerie","url":"https:\/\/www.info-algerie.com\/actualites\/","logo":{"@type":"ImageObject","inLanguage":"fr-FR","@id":"https:\/\/www.info-algerie.com\/actualites\/#\/schema\/logo\/image\/","url":"https:\/\/www.info-algerie.com\/actualites\/wp-content\/uploads\/2022\/07\/logo-ia-120.png","contentUrl":"https:\/\/www.info-algerie.com\/actualites\/wp-content\/uploads\/2022\/07\/logo-ia-120.png","width":120,"height":43,"caption":"info algerie"},"image":{"@id":"https:\/\/www.info-algerie.com\/actualites\/#\/schema\/logo\/image\/"},"sameAs":["https:\/\/www.facebook.com\/infoalgerieactu","https:\/\/x.com\/infoalgerie1"]},{"@type":"Person","@id":"https:\/\/www.info-algerie.com\/actualites\/#\/schema\/person\/847aaec44920825b843a08f30ec6aa1e","name":"La r\u00e9daction","image":{"@type":"ImageObject","inLanguage":"fr-FR","@id":"https:\/\/secure.gravatar.com\/avatar\/769db425c6f465158149f1ffd6cf61ce7a8a879d11dfbef8288af36dfddd418c?s=96&d=mm&r=g","url":"https:\/\/secure.gravatar.com\/avatar\/769db425c6f465158149f1ffd6cf61ce7a8a879d11dfbef8288af36dfddd418c?s=96&d=mm&r=g","contentUrl":"https:\/\/secure.gravatar.com\/avatar\/769db425c6f465158149f1ffd6cf61ce7a8a879d11dfbef8288af36dfddd418c?s=96&d=mm&r=g","caption":"La r\u00e9daction"},"sameAs":["http:\/\/www.lkeria.com\/"],"url":"https:\/\/www.info-algerie.com\/actualites\/author\/chakib32\/"}]}},"_links":{"self":[{"href":"https:\/\/www.info-algerie.com\/actualites\/wp-json\/wp\/v2\/posts\/17139","targetHints":{"allow":["GET"]}}],"collection":[{"href":"https:\/\/www.info-algerie.com\/actualites\/wp-json\/wp\/v2\/posts"}],"about":[{"href":"https:\/\/www.info-algerie.com\/actualites\/wp-json\/wp\/v2\/types\/post"}],"author":[{"embeddable":true,"href":"https:\/\/www.info-algerie.com\/actualites\/wp-json\/wp\/v2\/users\/6"}],"replies":[{"embeddable":true,"href":"https:\/\/www.info-algerie.com\/actualites\/wp-json\/wp\/v2\/comments?post=17139"}],"version-history":[{"count":0,"href":"https:\/\/www.info-algerie.com\/actualites\/wp-json\/wp\/v2\/posts\/17139\/revisions"}],"wp:featuredmedia":[{"embeddable":true,"href":"https:\/\/www.info-algerie.com\/actualites\/wp-json\/wp\/v2\/media\/17140"}],"wp:attachment":[{"href":"https:\/\/www.info-algerie.com\/actualites\/wp-json\/wp\/v2\/media?parent=17139"}],"wp:term":[{"taxonomy":"category","embeddable":true,"href":"https:\/\/www.info-algerie.com\/actualites\/wp-json\/wp\/v2\/categories?post=17139"},{"taxonomy":"post_tag","embeddable":true,"href":"https:\/\/www.info-algerie.com\/actualites\/wp-json\/wp\/v2\/tags?post=17139"}],"curies":[{"name":"wp","href":"https:\/\/api.w.org\/{rel}","templated":true}]}}