{"id":17141,"date":"2017-10-22T19:09:47","date_gmt":"2017-10-22T18:09:47","guid":{"rendered":"http:\/\/www.info-algerie.com\/actualites\/le-ministere-des-affaires-religieuses-compte-revoir-le-discours-religieux-en-profondeur-mohamed-aissa\/"},"modified":"2017-10-22T19:09:47","modified_gmt":"2017-10-22T18:09:47","slug":"le-ministere-des-affaires-religieuses-compte-revoir-le-discours-religieux-en-profondeur-mohamed-aissa","status":"publish","type":"post","link":"https:\/\/www.info-algerie.com\/actualites\/le-ministere-des-affaires-religieuses-compte-revoir-le-discours-religieux-en-profondeur-mohamed-aissa\/","title":{"rendered":"Le minist\u00e8re des Affaires religieuses compte revoir le discours religieux en profondeur (Mohamed A\u00efssa)"},"content":{"rendered":"<div class=\"K2FeedIntroText\">\n<p>ALGER &#8211; Le ministre des Affaires religieuses et des wakfs, Mohamed A\u00efssa, a indiqu\u00e9 dimanche \u00e0 Alger que son d\u00e9partement compte revoir le discours religieux en profondeur.<\/p>\n<p>&#013;\n<\/p><\/div>\n<div class=\"K2FeedFullText\">&#013;<\/p>\n<p>L&rsquo;exp\u00e9rience alg\u00e9rienne en mati\u00e8re de lutte contre le terrorisme, le fondamentalisme et l&rsquo;extr\u00e9misme religieux est \u00ab\u00a0un mod\u00e8le dont beaucoup de pays s&rsquo;inspirent aujourd&rsquo;hui\u00a0\u00bb, a d\u00e9clar\u00e9 M. A\u00efssa en marge de l&rsquo;ouverture de l&rsquo;examen national oral d&rsquo;acc\u00e8s aux instituts de formation des cadres des affaires religieuses, \u00e0 Dar El-Imam (Alger), soulignant que son d\u00e9partement compte revoir le discours religieux en profondeur, de mani\u00e8re \u00e0 le mettre \u00e0 l&rsquo;abri de toute instrumentalisation id\u00e9ologique en puisant dans la culture nationale authentique.<\/p>\n<p>&#013;<\/p>\n<p>Concernant le concours national d&rsquo;acc\u00e8s aux instituts de formation des cadres des affaires religieuses, le ministre a pr\u00e9cis\u00e9 que les candidats \u00ab\u00a0seront jug\u00e9s sur leur disposition \u00e0 la formation des imams et leur ma\u00eetrise de la r\u00e9f\u00e9rence religieuse nationale face \u00e0 la progression des sectes et des associations d&rsquo;\u00e9vang\u00e9lisation qui cherchent \u00e0 s&rsquo;implanter en\u00a0 Alg\u00e9rie\u00a0\u00bb.<\/p>\n<p>&#013;<\/p>\n<p>M. A\u00efssa a, par ailleurs, fait savoir qu&rsquo;une commission s&rsquo;attelait, en coordination avec les services concern\u00e9s, au contr\u00f4le des livres religieux en pr\u00e9vision du Salon international du livre d&rsquo;Alger.<\/p>\n<p>&#013;<\/p>\n<p class=\"MsoNormal\">Il a ajout\u00e9 que les services d&rsquo;inspection du minist\u00e8re contr\u00f4laient \u00ab\u00a0r\u00e9guli\u00e8rement et en permanence\u00a0\u00bb les livres dans les mosqu\u00e9es.<\/p>\n<\/div>\n<p>&#013;<br \/>\nSource: <a href=\"http:\/\/www.aps.dz\/algerie\/64316-le-ministere-des-affaires-religieuses-compte-revoir-le-discours-religieux-en-profondeur-mohamed-aissa\" target=\"_blank\">Le minist\u00e8re des Affaires religieuses compte revoir le discours religieux en profondeur (Mohamed A\u00efssa)<\/a><\/p>\n<!--CusAds0-->\n<div style=\"font-size: 0px; height: 0px; line-height: 0px; margin: 0; padding: 0; clear: both;\"><\/div>","protected":false},"excerpt":{"rendered":"<p>ALGER &#8211; Le ministre des Affaires religieuses et des wakfs, Mohamed A\u00efssa, a indiqu\u00e9 dimanche \u00e0 Alger que son d\u00e9partement compte revoir le discours religieux en profondeur. &#013; &#013; L&rsquo;exp\u00e9rience alg\u00e9rienne en mati\u00e8re de lutte contre le terrorisme, le fondamentalisme et l&rsquo;extr\u00e9misme religieux est \u00ab\u00a0un mod\u00e8le dont beaucoup de pays s&rsquo;inspirent aujourd&rsquo;hui\u00a0\u00bb, a d\u00e9clar\u00e9 M.<\/p>\n","protected":false},"author":6,"featured_media":0,"comment_status":"open","ping_status":"open","sticky":false,"template":"","format":"standard","meta":{"footnotes":""},"categories":[22],"tags":[93],"class_list":["post-17141","post","type-post","status-publish","format-standard","hentry","category-infos","tag-onu"],"yoast_head":"<!-- This site is optimized with the Yoast SEO plugin v27.5 - https:\/\/yoast.com\/product\/yoast-seo-wordpress\/ -->\n<title>Le minist\u00e8re des Affaires religieuses compte revoir le discours religieux en profondeur (Mohamed A\u00efssa) - info algerie<\/title>\n<meta name=\"robots\" content=\"index, follow, max-snippet:-1, max-image-preview:large, max-video-preview:-1\" \/>\n<link rel=\"canonical\" href=\"https:\/\/www.info-algerie.com\/actualites\/le-ministere-des-affaires-religieuses-compte-revoir-le-discours-religieux-en-profondeur-mohamed-aissa\/\" \/>\n<meta property=\"og:locale\" content=\"fr_FR\" \/>\n<meta property=\"og:type\" content=\"article\" \/>\n<meta property=\"og:title\" content=\"Le minist\u00e8re des Affaires religieuses compte revoir le discours religieux en profondeur (Mohamed A\u00efssa) - info algerie\" \/>\n<meta property=\"og:description\" content=\"ALGER &#8211; Le ministre des Affaires religieuses et des wakfs, Mohamed A\u00efssa, a indiqu\u00e9 dimanche \u00e0 Alger que son d\u00e9partement compte revoir le discours religieux en profondeur. &#013; &#013; L&rsquo;exp\u00e9rience alg\u00e9rienne en mati\u00e8re de lutte contre le terrorisme, le fondamentalisme et l&rsquo;extr\u00e9misme religieux est \u00ab\u00a0un mod\u00e8le dont beaucoup de pays s&rsquo;inspirent aujourd&rsquo;hui\u00a0\u00bb, a d\u00e9clar\u00e9 M.\" \/>\n<meta property=\"og:url\" content=\"https:\/\/www.info-algerie.com\/actualites\/le-ministere-des-affaires-religieuses-compte-revoir-le-discours-religieux-en-profondeur-mohamed-aissa\/\" \/>\n<meta property=\"og:site_name\" content=\"info algerie\" \/>\n<meta property=\"article:publisher\" content=\"https:\/\/www.facebook.com\/infoalgerieactu\" \/>\n<meta property=\"article:published_time\" content=\"2017-10-22T18:09:47+00:00\" \/>\n<meta name=\"author\" content=\"La r\u00e9daction\" \/>\n<meta name=\"twitter:label1\" content=\"\u00c9crit par\" \/>\n\t<meta name=\"twitter:data1\" content=\"La r\u00e9daction\" \/>\n\t<meta name=\"twitter:label2\" content=\"Dur\u00e9e de lecture estim\u00e9e\" \/>\n\t<meta name=\"twitter:data2\" content=\"1 minute\" \/>\n<script type=\"application\/ld+json\" class=\"yoast-schema-graph\">{\"@context\":\"https:\\\/\\\/schema.org\",\"@graph\":[{\"@type\":\"Article\",\"@id\":\"https:\\\/\\\/www.info-algerie.com\\\/actualites\\\/le-ministere-des-affaires-religieuses-compte-revoir-le-discours-religieux-en-profondeur-mohamed-aissa\\\/#article\",\"isPartOf\":{\"@id\":\"https:\\\/\\\/www.info-algerie.com\\\/actualites\\\/le-ministere-des-affaires-religieuses-compte-revoir-le-discours-religieux-en-profondeur-mohamed-aissa\\\/\"},\"author\":{\"name\":\"La r\u00e9daction\",\"@id\":\"https:\\\/\\\/www.info-algerie.com\\\/actualites\\\/#\\\/schema\\\/person\\\/847aaec44920825b843a08f30ec6aa1e\"},\"headline\":\"Le minist\u00e8re des Affaires religieuses compte revoir le discours religieux en profondeur (Mohamed A\u00efssa)\",\"datePublished\":\"2017-10-22T18:09:47+00:00\",\"mainEntityOfPage\":{\"@id\":\"https:\\\/\\\/www.info-algerie.com\\\/actualites\\\/le-ministere-des-affaires-religieuses-compte-revoir-le-discours-religieux-en-profondeur-mohamed-aissa\\\/\"},\"wordCount\":279,\"commentCount\":0,\"publisher\":{\"@id\":\"https:\\\/\\\/www.info-algerie.com\\\/actualites\\\/#organization\"},\"keywords\":[\"ONU\"],\"articleSection\":[\"infos\"],\"inLanguage\":\"fr-FR\",\"potentialAction\":[{\"@type\":\"CommentAction\",\"name\":\"Comment\",\"target\":[\"https:\\\/\\\/www.info-algerie.com\\\/actualites\\\/le-ministere-des-affaires-religieuses-compte-revoir-le-discours-religieux-en-profondeur-mohamed-aissa\\\/#respond\"]}]},{\"@type\":\"WebPage\",\"@id\":\"https:\\\/\\\/www.info-algerie.com\\\/actualites\\\/le-ministere-des-affaires-religieuses-compte-revoir-le-discours-religieux-en-profondeur-mohamed-aissa\\\/\",\"url\":\"https:\\\/\\\/www.info-algerie.com\\\/actualites\\\/le-ministere-des-affaires-religieuses-compte-revoir-le-discours-religieux-en-profondeur-mohamed-aissa\\\/\",\"name\":\"Le minist\u00e8re des Affaires religieuses compte revoir le discours religieux en profondeur (Mohamed A\u00efssa) - info algerie\",\"isPartOf\":{\"@id\":\"https:\\\/\\\/www.info-algerie.com\\\/actualites\\\/#website\"},\"datePublished\":\"2017-10-22T18:09:47+00:00\",\"breadcrumb\":{\"@id\":\"https:\\\/\\\/www.info-algerie.com\\\/actualites\\\/le-ministere-des-affaires-religieuses-compte-revoir-le-discours-religieux-en-profondeur-mohamed-aissa\\\/#breadcrumb\"},\"inLanguage\":\"fr-FR\",\"potentialAction\":[{\"@type\":\"ReadAction\",\"target\":[\"https:\\\/\\\/www.info-algerie.com\\\/actualites\\\/le-ministere-des-affaires-religieuses-compte-revoir-le-discours-religieux-en-profondeur-mohamed-aissa\\\/\"]}]},{\"@type\":\"BreadcrumbList\",\"@id\":\"https:\\\/\\\/www.info-algerie.com\\\/actualites\\\/le-ministere-des-affaires-religieuses-compte-revoir-le-discours-religieux-en-profondeur-mohamed-aissa\\\/#breadcrumb\",\"itemListElement\":[{\"@type\":\"ListItem\",\"position\":1,\"name\":\"Accueil\",\"item\":\"https:\\\/\\\/www.info-algerie.com\\\/actualites\\\/\"},{\"@type\":\"ListItem\",\"position\":2,\"name\":\"Le minist\u00e8re des Affaires religieuses compte revoir le discours religieux en profondeur (Mohamed A\u00efssa)\"}]},{\"@type\":\"WebSite\",\"@id\":\"https:\\\/\\\/www.info-algerie.com\\\/actualites\\\/#website\",\"url\":\"https:\\\/\\\/www.info-algerie.com\\\/actualites\\\/\",\"name\":\"info algerie\",\"description\":\"Toutes les actualit\u00e9s\",\"publisher\":{\"@id\":\"https:\\\/\\\/www.info-algerie.com\\\/actualites\\\/#organization\"},\"potentialAction\":[{\"@type\":\"SearchAction\",\"target\":{\"@type\":\"EntryPoint\",\"urlTemplate\":\"https:\\\/\\\/www.info-algerie.com\\\/actualites\\\/?s={search_term_string}\"},\"query-input\":{\"@type\":\"PropertyValueSpecification\",\"valueRequired\":true,\"valueName\":\"search_term_string\"}}],\"inLanguage\":\"fr-FR\"},{\"@type\":\"Organization\",\"@id\":\"https:\\\/\\\/www.info-algerie.com\\\/actualites\\\/#organization\",\"name\":\"info algerie\",\"url\":\"https:\\\/\\\/www.info-algerie.com\\\/actualites\\\/\",\"logo\":{\"@type\":\"ImageObject\",\"inLanguage\":\"fr-FR\",\"@id\":\"https:\\\/\\\/www.info-algerie.com\\\/actualites\\\/#\\\/schema\\\/logo\\\/image\\\/\",\"url\":\"https:\\\/\\\/www.info-algerie.com\\\/actualites\\\/wp-content\\\/uploads\\\/2022\\\/07\\\/logo-ia-120.png\",\"contentUrl\":\"https:\\\/\\\/www.info-algerie.com\\\/actualites\\\/wp-content\\\/uploads\\\/2022\\\/07\\\/logo-ia-120.png\",\"width\":120,\"height\":43,\"caption\":\"info algerie\"},\"image\":{\"@id\":\"https:\\\/\\\/www.info-algerie.com\\\/actualites\\\/#\\\/schema\\\/logo\\\/image\\\/\"},\"sameAs\":[\"https:\\\/\\\/www.facebook.com\\\/infoalgerieactu\",\"https:\\\/\\\/x.com\\\/infoalgerie1\"]},{\"@type\":\"Person\",\"@id\":\"https:\\\/\\\/www.info-algerie.com\\\/actualites\\\/#\\\/schema\\\/person\\\/847aaec44920825b843a08f30ec6aa1e\",\"name\":\"La r\u00e9daction\",\"image\":{\"@type\":\"ImageObject\",\"inLanguage\":\"fr-FR\",\"@id\":\"https:\\\/\\\/secure.gravatar.com\\\/avatar\\\/769db425c6f465158149f1ffd6cf61ce7a8a879d11dfbef8288af36dfddd418c?s=96&d=mm&r=g\",\"url\":\"https:\\\/\\\/secure.gravatar.com\\\/avatar\\\/769db425c6f465158149f1ffd6cf61ce7a8a879d11dfbef8288af36dfddd418c?s=96&d=mm&r=g\",\"contentUrl\":\"https:\\\/\\\/secure.gravatar.com\\\/avatar\\\/769db425c6f465158149f1ffd6cf61ce7a8a879d11dfbef8288af36dfddd418c?s=96&d=mm&r=g\",\"caption\":\"La r\u00e9daction\"},\"sameAs\":[\"http:\\\/\\\/www.lkeria.com\\\/\"],\"url\":\"https:\\\/\\\/www.info-algerie.com\\\/actualites\\\/author\\\/chakib32\\\/\"}]}<\/script>\n<!-- \/ Yoast SEO plugin. -->","yoast_head_json":{"title":"Le minist\u00e8re des Affaires religieuses compte revoir le discours religieux en profondeur (Mohamed A\u00efssa) - info algerie","robots":{"index":"index","follow":"follow","max-snippet":"max-snippet:-1","max-image-preview":"max-image-preview:large","max-video-preview":"max-video-preview:-1"},"canonical":"https:\/\/www.info-algerie.com\/actualites\/le-ministere-des-affaires-religieuses-compte-revoir-le-discours-religieux-en-profondeur-mohamed-aissa\/","og_locale":"fr_FR","og_type":"article","og_title":"Le minist\u00e8re des Affaires religieuses compte revoir le discours religieux en profondeur (Mohamed A\u00efssa) - info algerie","og_description":"ALGER &#8211; Le ministre des Affaires religieuses et des wakfs, Mohamed A\u00efssa, a indiqu\u00e9 dimanche \u00e0 Alger que son d\u00e9partement compte revoir le discours religieux en profondeur. &#013; &#013; L&rsquo;exp\u00e9rience alg\u00e9rienne en mati\u00e8re de lutte contre le terrorisme, le fondamentalisme et l&rsquo;extr\u00e9misme religieux est \u00ab\u00a0un mod\u00e8le dont beaucoup de pays s&rsquo;inspirent aujourd&rsquo;hui\u00a0\u00bb, a d\u00e9clar\u00e9 M.","og_url":"https:\/\/www.info-algerie.com\/actualites\/le-ministere-des-affaires-religieuses-compte-revoir-le-discours-religieux-en-profondeur-mohamed-aissa\/","og_site_name":"info algerie","article_publisher":"https:\/\/www.facebook.com\/infoalgerieactu","article_published_time":"2017-10-22T18:09:47+00:00","author":"La r\u00e9daction","twitter_misc":{"\u00c9crit par":"La r\u00e9daction","Dur\u00e9e de lecture estim\u00e9e":"1 minute"},"schema":{"@context":"https:\/\/schema.org","@graph":[{"@type":"Article","@id":"https:\/\/www.info-algerie.com\/actualites\/le-ministere-des-affaires-religieuses-compte-revoir-le-discours-religieux-en-profondeur-mohamed-aissa\/#article","isPartOf":{"@id":"https:\/\/www.info-algerie.com\/actualites\/le-ministere-des-affaires-religieuses-compte-revoir-le-discours-religieux-en-profondeur-mohamed-aissa\/"},"author":{"name":"La r\u00e9daction","@id":"https:\/\/www.info-algerie.com\/actualites\/#\/schema\/person\/847aaec44920825b843a08f30ec6aa1e"},"headline":"Le minist\u00e8re des Affaires religieuses compte revoir le discours religieux en profondeur (Mohamed A\u00efssa)","datePublished":"2017-10-22T18:09:47+00:00","mainEntityOfPage":{"@id":"https:\/\/www.info-algerie.com\/actualites\/le-ministere-des-affaires-religieuses-compte-revoir-le-discours-religieux-en-profondeur-mohamed-aissa\/"},"wordCount":279,"commentCount":0,"publisher":{"@id":"https:\/\/www.info-algerie.com\/actualites\/#organization"},"keywords":["ONU"],"articleSection":["infos"],"inLanguage":"fr-FR","potentialAction":[{"@type":"CommentAction","name":"Comment","target":["https:\/\/www.info-algerie.com\/actualites\/le-ministere-des-affaires-religieuses-compte-revoir-le-discours-religieux-en-profondeur-mohamed-aissa\/#respond"]}]},{"@type":"WebPage","@id":"https:\/\/www.info-algerie.com\/actualites\/le-ministere-des-affaires-religieuses-compte-revoir-le-discours-religieux-en-profondeur-mohamed-aissa\/","url":"https:\/\/www.info-algerie.com\/actualites\/le-ministere-des-affaires-religieuses-compte-revoir-le-discours-religieux-en-profondeur-mohamed-aissa\/","name":"Le minist\u00e8re des Affaires religieuses compte revoir le discours religieux en profondeur (Mohamed A\u00efssa) - info algerie","isPartOf":{"@id":"https:\/\/www.info-algerie.com\/actualites\/#website"},"datePublished":"2017-10-22T18:09:47+00:00","breadcrumb":{"@id":"https:\/\/www.info-algerie.com\/actualites\/le-ministere-des-affaires-religieuses-compte-revoir-le-discours-religieux-en-profondeur-mohamed-aissa\/#breadcrumb"},"inLanguage":"fr-FR","potentialAction":[{"@type":"ReadAction","target":["https:\/\/www.info-algerie.com\/actualites\/le-ministere-des-affaires-religieuses-compte-revoir-le-discours-religieux-en-profondeur-mohamed-aissa\/"]}]},{"@type":"BreadcrumbList","@id":"https:\/\/www.info-algerie.com\/actualites\/le-ministere-des-affaires-religieuses-compte-revoir-le-discours-religieux-en-profondeur-mohamed-aissa\/#breadcrumb","itemListElement":[{"@type":"ListItem","position":1,"name":"Accueil","item":"https:\/\/www.info-algerie.com\/actualites\/"},{"@type":"ListItem","position":2,"name":"Le minist\u00e8re des Affaires religieuses compte revoir le discours religieux en profondeur (Mohamed A\u00efssa)"}]},{"@type":"WebSite","@id":"https:\/\/www.info-algerie.com\/actualites\/#website","url":"https:\/\/www.info-algerie.com\/actualites\/","name":"info algerie","description":"Toutes les actualit\u00e9s","publisher":{"@id":"https:\/\/www.info-algerie.com\/actualites\/#organization"},"potentialAction":[{"@type":"SearchAction","target":{"@type":"EntryPoint","urlTemplate":"https:\/\/www.info-algerie.com\/actualites\/?s={search_term_string}"},"query-input":{"@type":"PropertyValueSpecification","valueRequired":true,"valueName":"search_term_string"}}],"inLanguage":"fr-FR"},{"@type":"Organization","@id":"https:\/\/www.info-algerie.com\/actualites\/#organization","name":"info algerie","url":"https:\/\/www.info-algerie.com\/actualites\/","logo":{"@type":"ImageObject","inLanguage":"fr-FR","@id":"https:\/\/www.info-algerie.com\/actualites\/#\/schema\/logo\/image\/","url":"https:\/\/www.info-algerie.com\/actualites\/wp-content\/uploads\/2022\/07\/logo-ia-120.png","contentUrl":"https:\/\/www.info-algerie.com\/actualites\/wp-content\/uploads\/2022\/07\/logo-ia-120.png","width":120,"height":43,"caption":"info algerie"},"image":{"@id":"https:\/\/www.info-algerie.com\/actualites\/#\/schema\/logo\/image\/"},"sameAs":["https:\/\/www.facebook.com\/infoalgerieactu","https:\/\/x.com\/infoalgerie1"]},{"@type":"Person","@id":"https:\/\/www.info-algerie.com\/actualites\/#\/schema\/person\/847aaec44920825b843a08f30ec6aa1e","name":"La r\u00e9daction","image":{"@type":"ImageObject","inLanguage":"fr-FR","@id":"https:\/\/secure.gravatar.com\/avatar\/769db425c6f465158149f1ffd6cf61ce7a8a879d11dfbef8288af36dfddd418c?s=96&d=mm&r=g","url":"https:\/\/secure.gravatar.com\/avatar\/769db425c6f465158149f1ffd6cf61ce7a8a879d11dfbef8288af36dfddd418c?s=96&d=mm&r=g","contentUrl":"https:\/\/secure.gravatar.com\/avatar\/769db425c6f465158149f1ffd6cf61ce7a8a879d11dfbef8288af36dfddd418c?s=96&d=mm&r=g","caption":"La r\u00e9daction"},"sameAs":["http:\/\/www.lkeria.com\/"],"url":"https:\/\/www.info-algerie.com\/actualites\/author\/chakib32\/"}]}},"_links":{"self":[{"href":"https:\/\/www.info-algerie.com\/actualites\/wp-json\/wp\/v2\/posts\/17141","targetHints":{"allow":["GET"]}}],"collection":[{"href":"https:\/\/www.info-algerie.com\/actualites\/wp-json\/wp\/v2\/posts"}],"about":[{"href":"https:\/\/www.info-algerie.com\/actualites\/wp-json\/wp\/v2\/types\/post"}],"author":[{"embeddable":true,"href":"https:\/\/www.info-algerie.com\/actualites\/wp-json\/wp\/v2\/users\/6"}],"replies":[{"embeddable":true,"href":"https:\/\/www.info-algerie.com\/actualites\/wp-json\/wp\/v2\/comments?post=17141"}],"version-history":[{"count":0,"href":"https:\/\/www.info-algerie.com\/actualites\/wp-json\/wp\/v2\/posts\/17141\/revisions"}],"wp:attachment":[{"href":"https:\/\/www.info-algerie.com\/actualites\/wp-json\/wp\/v2\/media?parent=17141"}],"wp:term":[{"taxonomy":"category","embeddable":true,"href":"https:\/\/www.info-algerie.com\/actualites\/wp-json\/wp\/v2\/categories?post=17141"},{"taxonomy":"post_tag","embeddable":true,"href":"https:\/\/www.info-algerie.com\/actualites\/wp-json\/wp\/v2\/tags?post=17141"}],"curies":[{"name":"wp","href":"https:\/\/api.w.org\/{rel}","templated":true}]}}