{"id":17154,"date":"2017-10-23T08:43:52","date_gmt":"2017-10-23T07:43:52","guid":{"rendered":"http:\/\/www.info-algerie.com\/actualites\/le-prix-du-president-de-la-republique-du-journaliste-professionnel-attribue-a-14-laureats\/"},"modified":"2017-10-23T08:43:52","modified_gmt":"2017-10-23T07:43:52","slug":"le-prix-du-president-de-la-republique-du-journaliste-professionnel-attribue-a-14-laureats","status":"publish","type":"post","link":"https:\/\/www.info-algerie.com\/actualites\/le-prix-du-president-de-la-republique-du-journaliste-professionnel-attribue-a-14-laureats\/","title":{"rendered":"Le Prix du pr\u00e9sident de la R\u00e9publique du journaliste professionnel attribu\u00e9 \u00e0 14 laur\u00e9ats"},"content":{"rendered":"<div class=\"K2FeedImage\"><img decoding=\"async\" src=\"https:\/\/www.info-algerie.com\/actualites\/wp-content\/uploads\/2017\/10\/a8d8472fcae14ea23ec1f98581e57fdb_S.jpg\" alt=\"Le Prix du pr&#xE9;sident de la R&#xE9;publique du journaliste professionnel attribu&#xE9; &#xE0; 14 laur&#xE9;ats\" \/><\/div>\n<div class=\"K2FeedIntroText\">\n<p class=\"MsoNoSpacing\">ALGER- <a href=\"http:\/\/www.aps.dz\/algerie\/63780-journalisme-professionnel-212-postulants-en-lice-pour-le-prix-du-president-de-la-republique\"><strong>Le prix du Pr\u00e9sident de la R\u00e9publique du journaliste professionnel<\/strong><\/a> a \u00e9t\u00e9 attribu\u00e9, dans sa troisi\u00e8me \u00e9dition, dimanche soir \u00e0 Alger \u00e0 14 laur\u00e9ats, exer\u00e7ant dans diff\u00e9rentes cat\u00e9gories de m\u00e9dias, s\u00e9lectionn\u00e9s parmi 212 postulants.<\/p>\n<p>&#013;\n<\/p><\/div>\n<div class=\"K2FeedFullText\">&#013;<\/p>\n<blockquote><p>&#013;<\/p>\n<p><strong><em>Plac\u00e9 cette ann\u00e9e sous le th\u00e8me \u00ab\u00a0La pr\u00e9servation de l\u2019environnement, cl\u00e9 de bien-\u00eatre public et de bonheur social\u00a0\u00bb, le prix institu\u00e9 le 3 mai 2015 par le pr\u00e9sident de la R\u00e9publique, Abdelaziz Bouteflika, \u00e0 l`occasion de la Journ\u00e9e internationale de la presse, a \u00e9t\u00e9 remis aux candidats retenus, en pr\u00e9sence notamment du ministre de la Communication, <a href=\"http:\/\/www.aps.dz\/algerie\/58319-kaouane-tient-sa-1ere-reunion-de-travail-consacre-au-prix-du-president-de-la-republique-du-journaliste-professionnel\">Djamel Kaouane<\/a>, de membres du gouvernement, de hauts responsables de l&rsquo;Etat, de directeurs de presse ainsi que de nombreux journalistes.<\/em><\/strong><\/p>\n<p>&#013;\n<\/p><\/blockquote>\n<p>&#013;<\/p>\n<p>Le premier prix de la cat\u00e9gorie t\u00e9l\u00e9visuelle a \u00e9t\u00e9 attribu\u00e9 \u00e0 la journaliste de l`Entreprise publique de t\u00e9l\u00e9vision (EPTV), Selma Djellabi pour son reportage \u00ab\u00a0L&rsquo;environnement une ressource et un d\u00e9fi\u00a0\u00bb, alors que le deuxi\u00e8me prix est revenu \u00e0 Nadia Soltani de la m\u00eame entreprise pour son reportage intitul\u00e9 \u00ab\u00a0Le<a href=\"http:\/\/www.aps.dz\/regions\/58664-la-direction-de-l-environnement-de-la-wilaya-d-alger-lance-une-etude-pour-la-rehabilitation-et-la-protection-du-lac-de-reghaia\"><strong> lac de R\u00e9gha\u00efa<\/strong><\/a>\u00ab\u00a0, tandis que le troisi\u00e8me prix a \u00e9chu \u00e0 Hassiba Ibelaidene de la chaine de t\u00e9l\u00e9vision priv\u00e9e, Chourouk TV pour son reportage \u00ab\u00a0Boumessaoud, le village le plus propre\u00a0\u00bb.<\/p>\n<p>&#013;<\/p>\n<p>\u00a0 \u00a0 \u00a0 \u00a0 \u00a0 \u00a0 \u00a0 \u00a0 \u00a0 \u00a0 \u00a0 \u00a0 \u00a0 \u00a0 \u00a0 \u00a0 \u00a0 \u00a0 \u00a0 \u00a0 \u00a0 \u00a0 \u00a0 \u00a0 \u00a0 \u00a0 \u00a0 \u00a0 \u00a0 \u00a0 \u00a0 \u00a0 \u00a0 \u00a0 \u00a0 \u00a0 \u00a0 \u00a0 \u00a0<img decoding=\"async\" src=\"https:\/\/www.info-algerie.com\/actualites\/wp-content\/uploads\/2017\/10\/selma.jpg\" alt=\"\" \/>\u00a0<\/p>\n<p>&#013;<\/p>\n<hr \/>\n<p>\u00a0<a href=\"http:\/\/www.aps.dz\/algerie\/64228-message-du-president-bouteflika-a-l-occasion-de-la-journee-nationale-de-la-presse-texte-integral\">Lire aussi: Message du Pr\u00e9sident Bouteflika \u00e0 l&rsquo;occasion de la journ\u00e9e nationale de la presse (Texte int\u00e9gral)<\/a><\/p>\n<p>&#013;<\/p>\n<hr \/>\n<p>Le premier prix de la cat\u00e9gorie presse \u00e9crite a \u00e9t\u00e9, quant \u00e0 lui, attribu\u00e9 au\u00a0 journaliste Hichem Boumedjout du journal El Massa pour son reportage \u00ab\u00a0Un environnement sain\u00a0\u00bb, le second \u00e0 Fouad Irnaten du journal El Moudjahed pour son reportage intitul\u00e9 \u00ab\u00a0Un paradis, les pieds dans l&rsquo;eau\u00a0\u00bb, alors que le troisi\u00e8me prix est revenu \u00e0 Mostapha Bestami du journal El Khabar pour son article : \u00ab\u00a0les gazs des v\u00e9hicules ou la mort lente \u00ab\u00a0.<\/p>\n<p>&#013;<\/p>\n<p>Concernant les travaux de la cat\u00e9gorie radiophonique, le premier r\u00e9compens\u00e9 est celui de Abderezak Dendani de la station locale de Bordj Bou Arr\u00e9ridj pour son reportage sur \u00ab\u00a0les carri\u00e8res\u00a0\u00bb, alors que le deuxi\u00e8me prix est revenu \u00e0 Lamia Sakri et Said Bada de la chaine II pour leur reportage \u00ab\u00a0le droit coutumier\u00a0\u00bb en langue amazighe dans sa variante chaouie, tandis que le troisi\u00e8me prix a \u00e9t\u00e9 rafl\u00e9 par Sahnoun Benameur de la Radio locale\u00a0 d&rsquo;El Bayadh pour son reportage \u00ab\u00a0L&rsquo;environnement est un comportement\u00a0\u00bb.<\/p>\n<p>&#013;<\/p>\n<p>S&rsquo;agissant du prix de la presse \u00e9lectronique, le premier prix a \u00e9t\u00e9 attribu\u00e9 \u00e0 Ali Gasmia de la Radio Net multim\u00e9dia (EPRS) pour son travail\u00a0 intitul\u00e9 \u00ab\u00a0je t&rsquo;en prie, ne jette pas!\u00a0\u00bb, alors que le deuxi\u00e8me prix est revenu \u00e0 Khaled Ta\u00e2zibt de l&rsquo;APS multim\u00e9dia pour son reportage \u00ab\u00a0Le recyclage\u00a0\u00bb, et\u00a0 le troisi\u00e8me prix a \u00e9t\u00e9 remport\u00e9 par Hac\u00e8ne Kheroubi du journal \u00e9lectronique Cherchel News pour son reportage \u00ab\u00a0Le projet du nouveau\u00a0 port du centre de Cherchel\u00a0\u00bb.<\/p>\n<p>&#013;<\/p>\n<p>\u00a0 \u00a0 \u00a0 \u00a0 \u00a0 \u00a0 \u00a0 \u00a0 \u00a0 \u00a0 \u00a0 \u00a0 \u00a0 \u00a0 \u00a0 \u00a0 \u00a0 \u00a0 \u00a0 \u00a0 \u00a0 \u00a0 \u00a0 \u00a0 \u00a0 \u00a0 \u00a0 \u00a0 \u00a0 \u00a0 \u00a0 \u00a0 \u00a0 \u00a0 \u00a0 \u00a0 \u00a0<img decoding=\"async\" src=\"https:\/\/www.info-algerie.com\/actualites\/wp-content\/uploads\/2017\/10\/taazibt.jpg\" alt=\"\" \/><\/p>\n<p>&#013;<\/p>\n<hr \/>\n<p class=\"MsoNoSpacing\"><a href=\"http:\/\/www.aps.dz\/algerie\/64243-le-president-bouteflika-instruit-le-gouvernement-a-accelerer-la-mise-en-oeuvre-de-l-autorite-de-regulation-de-la-presse-ecrite\">Lire aussi: Le pr\u00e9sident Bouteflika instruit le gouvernement \u00e0 acc\u00e9l\u00e9rer la mise en \u0153uvre de l&rsquo;Autorit\u00e9 de r\u00e9gulation de la presse \u00e9crite<\/a><\/p>\n<p>&#013;<\/p>\n<hr \/>\n<p>Pour le prix illustration photo, un prix unique a \u00e9t\u00e9 attribu\u00e9 au photographe du journal En-Nasr pour des photos illustrant un reportage de presse sur l&rsquo;environnement (am\u00e9nagement de l&rsquo;Oued Rhumel), alors que le prix du jury est revenu \u00e0 Moussa Khider de la chaine II de l&rsquo;EPRS pour son reportage \u00ab\u00a0Le village le plus propre, une id\u00e9e \u00e0 suivre\u00a0\u00bb, pr\u00e9sent\u00e9 en langue amazighe dans sa variante kabyle.<\/p>\n<p>&#013;<\/p>\n<p>Le minist\u00e8re de la Communication a distingu\u00e9 des militants de la cause nationale, Mohamed Hadj Hamou,\u00a0 Mohamed Arabdiou et Ben Asmane Fatma (n\u00e9e Zekkal), des personnalit\u00e9s du monde des m\u00e9dias, Omar Zeghmi , Farouk Bellagha , Ait Hamoudi Mohamed Lamine, Saleh Dib, Mohamed Boumedini,\u00a0 M&rsquo;hamed\u00a0 Ben Mehel,\u00a0 Benzeghiba Mohamed, Allouache Mohamed, A\u00efnouche\u00a0 Abdelmalek, Benyoucef Ouadia, Ali Bouchatit et Ahmed Issad .<\/p>\n<p>&#013;<\/p>\n<p>Une distinction sp\u00e9ciale a \u00e9t\u00e9 attribu\u00e9e \u00e0 Ali Habib, de son vrai nom\u00a0 Daniel Huguet, un ami de l&rsquo;Alg\u00e9rie et de la R\u00e9volution, ainsi qu&rsquo;au d\u00e9funt directeur de la publication du journal La Tribune, Hassan Bachir-Cherif, qui faisait partie des membres du jury jusqu&rsquo;\u00e0 son d\u00e9c\u00e8s en juin dernier.<\/p>\n<p>&#013;<\/p>\n<p>Le jury de ce prix, pr\u00e9sid\u00e9 par l&rsquo;\u00e9diteur et romancier Mouloud Achour, et compos\u00e9 de Moussa Boudhane, Ahmed Benzlikha, Hamid Benomari, Djahida Mihoubi, Mohamed Zebda, Achour Cheurfi, Djakoun Abdelwahab, Djamel Bouadjaimi, Ahmed Hamdi et Nac\u00e9ra Ait Selhat, a \u00e9t\u00e9 honor\u00e9 lors de cette c\u00e9r\u00e9monie.<\/p>\n<p>&#013;<\/p>\n<blockquote><p>&#013;<\/p>\n<p><em><strong>Le pr\u00e9sident du jury a indiqu\u00e9 lors de cette c\u00e9r\u00e9monie que la plupart des travaux \u00ab\u00a0concernait l&rsquo;audiovisuel, ce qui atteste de la dynamique de ce secteur dans notre pays\u00a0\u00bb, ajoutant que les membres du jury \u00ab\u00a0avaient travaill\u00e9 en toute coordination et la s\u00e9lection les prix attribu\u00e9s s&rsquo;est faite dans le consensus\u00a0\u00bb.<\/strong><\/em><\/p>\n<p>&#013;\n<\/p><\/blockquote>\n<p>&#013;<\/p>\n<p>\u00a0<\/p>\n<p>&#013;<\/p>\n<p>\u00a0<\/p>\n<p>&#013;<\/p>\n<p>\u00a0<\/p>\n<p>&#013;<\/p>\n<p>\u00a0<\/p>\n<\/div>\n<p>&#013;<br \/>\nSource: <a href=\"http:\/\/www.aps.dz\/algerie\/64328-le-prix-du-president-de-la-republique-du-journaliste-professionnel-attribue-a-15-laureats\" target=\"_blank\">Le Prix du pr\u00e9sident de la R\u00e9publique du journaliste professionnel attribu\u00e9 \u00e0 14 laur\u00e9ats<\/a><\/p>\n<!--CusAds0-->\n<div style=\"font-size: 0px; height: 0px; line-height: 0px; margin: 0; padding: 0; clear: both;\"><\/div>","protected":false},"excerpt":{"rendered":"<p>ALGER- Le prix du Pr\u00e9sident de la R\u00e9publique du journaliste professionnel a \u00e9t\u00e9 attribu\u00e9, dans sa troisi\u00e8me \u00e9dition, dimanche soir \u00e0 Alger \u00e0 14 laur\u00e9ats, exer\u00e7ant dans diff\u00e9rentes cat\u00e9gories de m\u00e9dias, s\u00e9lectionn\u00e9s parmi 212 postulants. &#013; &#013; &#013; Plac\u00e9 cette ann\u00e9e sous le th\u00e8me \u00ab\u00a0La pr\u00e9servation de l\u2019environnement, cl\u00e9 de bien-\u00eatre public et de bonheur<\/p>\n","protected":false},"author":6,"featured_media":17155,"comment_status":"open","ping_status":"open","sticky":false,"template":"","format":"standard","meta":{"footnotes":""},"categories":[22],"tags":[93],"class_list":["post-17154","post","type-post","status-publish","format-standard","has-post-thumbnail","hentry","category-infos","tag-onu"],"yoast_head":"<!-- This site is optimized with the Yoast SEO plugin v27.5 - https:\/\/yoast.com\/product\/yoast-seo-wordpress\/ -->\n<title>Le Prix du pr\u00e9sident de la R\u00e9publique du journaliste professionnel attribu\u00e9 \u00e0 14 laur\u00e9ats - info algerie<\/title>\n<meta name=\"robots\" content=\"index, follow, max-snippet:-1, max-image-preview:large, max-video-preview:-1\" \/>\n<link rel=\"canonical\" href=\"https:\/\/www.info-algerie.com\/actualites\/le-prix-du-president-de-la-republique-du-journaliste-professionnel-attribue-a-14-laureats\/\" \/>\n<meta property=\"og:locale\" content=\"fr_FR\" \/>\n<meta property=\"og:type\" content=\"article\" \/>\n<meta property=\"og:title\" content=\"Le Prix du pr\u00e9sident de la R\u00e9publique du journaliste professionnel attribu\u00e9 \u00e0 14 laur\u00e9ats - info algerie\" \/>\n<meta property=\"og:description\" content=\"ALGER- Le prix du Pr\u00e9sident de la R\u00e9publique du journaliste professionnel a \u00e9t\u00e9 attribu\u00e9, dans sa troisi\u00e8me \u00e9dition, dimanche soir \u00e0 Alger \u00e0 14 laur\u00e9ats, exer\u00e7ant dans diff\u00e9rentes cat\u00e9gories de m\u00e9dias, s\u00e9lectionn\u00e9s parmi 212 postulants. &#013; &#013; &#013; Plac\u00e9 cette ann\u00e9e sous le th\u00e8me \u00ab\u00a0La pr\u00e9servation de l\u2019environnement, cl\u00e9 de bien-\u00eatre public et de bonheur\" \/>\n<meta property=\"og:url\" content=\"https:\/\/www.info-algerie.com\/actualites\/le-prix-du-president-de-la-republique-du-journaliste-professionnel-attribue-a-14-laureats\/\" \/>\n<meta property=\"og:site_name\" content=\"info algerie\" \/>\n<meta property=\"article:publisher\" content=\"https:\/\/www.facebook.com\/infoalgerieactu\" \/>\n<meta property=\"article:published_time\" content=\"2017-10-23T07:43:52+00:00\" \/>\n<meta property=\"og:image\" content=\"https:\/\/www.info-algerie.com\/actualites\/wp-content\/uploads\/2017\/10\/a8d8472fcae14ea23ec1f98581e57fdb_S-1.jpg\" \/>\n\t<meta property=\"og:image:width\" content=\"280\" \/>\n\t<meta property=\"og:image:height\" content=\"186\" \/>\n\t<meta property=\"og:image:type\" content=\"image\/jpeg\" \/>\n<meta name=\"author\" content=\"La r\u00e9daction\" \/>\n<meta name=\"twitter:label1\" content=\"\u00c9crit par\" \/>\n\t<meta name=\"twitter:data1\" content=\"La r\u00e9daction\" \/>\n\t<meta name=\"twitter:label2\" content=\"Dur\u00e9e de lecture estim\u00e9e\" \/>\n\t<meta name=\"twitter:data2\" content=\"4 minutes\" \/>\n<script type=\"application\/ld+json\" class=\"yoast-schema-graph\">{\"@context\":\"https:\\\/\\\/schema.org\",\"@graph\":[{\"@type\":\"Article\",\"@id\":\"https:\\\/\\\/www.info-algerie.com\\\/actualites\\\/le-prix-du-president-de-la-republique-du-journaliste-professionnel-attribue-a-14-laureats\\\/#article\",\"isPartOf\":{\"@id\":\"https:\\\/\\\/www.info-algerie.com\\\/actualites\\\/le-prix-du-president-de-la-republique-du-journaliste-professionnel-attribue-a-14-laureats\\\/\"},\"author\":{\"name\":\"La r\u00e9daction\",\"@id\":\"https:\\\/\\\/www.info-algerie.com\\\/actualites\\\/#\\\/schema\\\/person\\\/847aaec44920825b843a08f30ec6aa1e\"},\"headline\":\"Le Prix du pr\u00e9sident de la R\u00e9publique du journaliste professionnel attribu\u00e9 \u00e0 14 laur\u00e9ats\",\"datePublished\":\"2017-10-23T07:43:52+00:00\",\"mainEntityOfPage\":{\"@id\":\"https:\\\/\\\/www.info-algerie.com\\\/actualites\\\/le-prix-du-president-de-la-republique-du-journaliste-professionnel-attribue-a-14-laureats\\\/\"},\"wordCount\":840,\"commentCount\":0,\"publisher\":{\"@id\":\"https:\\\/\\\/www.info-algerie.com\\\/actualites\\\/#organization\"},\"image\":{\"@id\":\"https:\\\/\\\/www.info-algerie.com\\\/actualites\\\/le-prix-du-president-de-la-republique-du-journaliste-professionnel-attribue-a-14-laureats\\\/#primaryimage\"},\"thumbnailUrl\":\"https:\\\/\\\/www.info-algerie.com\\\/actualites\\\/wp-content\\\/uploads\\\/2017\\\/10\\\/a8d8472fcae14ea23ec1f98581e57fdb_S-1.jpg\",\"keywords\":[\"ONU\"],\"articleSection\":[\"infos\"],\"inLanguage\":\"fr-FR\",\"potentialAction\":[{\"@type\":\"CommentAction\",\"name\":\"Comment\",\"target\":[\"https:\\\/\\\/www.info-algerie.com\\\/actualites\\\/le-prix-du-president-de-la-republique-du-journaliste-professionnel-attribue-a-14-laureats\\\/#respond\"]}]},{\"@type\":\"WebPage\",\"@id\":\"https:\\\/\\\/www.info-algerie.com\\\/actualites\\\/le-prix-du-president-de-la-republique-du-journaliste-professionnel-attribue-a-14-laureats\\\/\",\"url\":\"https:\\\/\\\/www.info-algerie.com\\\/actualites\\\/le-prix-du-president-de-la-republique-du-journaliste-professionnel-attribue-a-14-laureats\\\/\",\"name\":\"Le Prix du pr\u00e9sident de la R\u00e9publique du journaliste professionnel attribu\u00e9 \u00e0 14 laur\u00e9ats - info algerie\",\"isPartOf\":{\"@id\":\"https:\\\/\\\/www.info-algerie.com\\\/actualites\\\/#website\"},\"primaryImageOfPage\":{\"@id\":\"https:\\\/\\\/www.info-algerie.com\\\/actualites\\\/le-prix-du-president-de-la-republique-du-journaliste-professionnel-attribue-a-14-laureats\\\/#primaryimage\"},\"image\":{\"@id\":\"https:\\\/\\\/www.info-algerie.com\\\/actualites\\\/le-prix-du-president-de-la-republique-du-journaliste-professionnel-attribue-a-14-laureats\\\/#primaryimage\"},\"thumbnailUrl\":\"https:\\\/\\\/www.info-algerie.com\\\/actualites\\\/wp-content\\\/uploads\\\/2017\\\/10\\\/a8d8472fcae14ea23ec1f98581e57fdb_S-1.jpg\",\"datePublished\":\"2017-10-23T07:43:52+00:00\",\"breadcrumb\":{\"@id\":\"https:\\\/\\\/www.info-algerie.com\\\/actualites\\\/le-prix-du-president-de-la-republique-du-journaliste-professionnel-attribue-a-14-laureats\\\/#breadcrumb\"},\"inLanguage\":\"fr-FR\",\"potentialAction\":[{\"@type\":\"ReadAction\",\"target\":[\"https:\\\/\\\/www.info-algerie.com\\\/actualites\\\/le-prix-du-president-de-la-republique-du-journaliste-professionnel-attribue-a-14-laureats\\\/\"]}]},{\"@type\":\"ImageObject\",\"inLanguage\":\"fr-FR\",\"@id\":\"https:\\\/\\\/www.info-algerie.com\\\/actualites\\\/le-prix-du-president-de-la-republique-du-journaliste-professionnel-attribue-a-14-laureats\\\/#primaryimage\",\"url\":\"https:\\\/\\\/www.info-algerie.com\\\/actualites\\\/wp-content\\\/uploads\\\/2017\\\/10\\\/a8d8472fcae14ea23ec1f98581e57fdb_S-1.jpg\",\"contentUrl\":\"https:\\\/\\\/www.info-algerie.com\\\/actualites\\\/wp-content\\\/uploads\\\/2017\\\/10\\\/a8d8472fcae14ea23ec1f98581e57fdb_S-1.jpg\",\"width\":280,\"height\":186},{\"@type\":\"BreadcrumbList\",\"@id\":\"https:\\\/\\\/www.info-algerie.com\\\/actualites\\\/le-prix-du-president-de-la-republique-du-journaliste-professionnel-attribue-a-14-laureats\\\/#breadcrumb\",\"itemListElement\":[{\"@type\":\"ListItem\",\"position\":1,\"name\":\"Accueil\",\"item\":\"https:\\\/\\\/www.info-algerie.com\\\/actualites\\\/\"},{\"@type\":\"ListItem\",\"position\":2,\"name\":\"Le Prix du pr\u00e9sident de la R\u00e9publique du journaliste professionnel attribu\u00e9 \u00e0 14 laur\u00e9ats\"}]},{\"@type\":\"WebSite\",\"@id\":\"https:\\\/\\\/www.info-algerie.com\\\/actualites\\\/#website\",\"url\":\"https:\\\/\\\/www.info-algerie.com\\\/actualites\\\/\",\"name\":\"info algerie\",\"description\":\"Toutes les actualit\u00e9s\",\"publisher\":{\"@id\":\"https:\\\/\\\/www.info-algerie.com\\\/actualites\\\/#organization\"},\"potentialAction\":[{\"@type\":\"SearchAction\",\"target\":{\"@type\":\"EntryPoint\",\"urlTemplate\":\"https:\\\/\\\/www.info-algerie.com\\\/actualites\\\/?s={search_term_string}\"},\"query-input\":{\"@type\":\"PropertyValueSpecification\",\"valueRequired\":true,\"valueName\":\"search_term_string\"}}],\"inLanguage\":\"fr-FR\"},{\"@type\":\"Organization\",\"@id\":\"https:\\\/\\\/www.info-algerie.com\\\/actualites\\\/#organization\",\"name\":\"info algerie\",\"url\":\"https:\\\/\\\/www.info-algerie.com\\\/actualites\\\/\",\"logo\":{\"@type\":\"ImageObject\",\"inLanguage\":\"fr-FR\",\"@id\":\"https:\\\/\\\/www.info-algerie.com\\\/actualites\\\/#\\\/schema\\\/logo\\\/image\\\/\",\"url\":\"https:\\\/\\\/www.info-algerie.com\\\/actualites\\\/wp-content\\\/uploads\\\/2022\\\/07\\\/logo-ia-120.png\",\"contentUrl\":\"https:\\\/\\\/www.info-algerie.com\\\/actualites\\\/wp-content\\\/uploads\\\/2022\\\/07\\\/logo-ia-120.png\",\"width\":120,\"height\":43,\"caption\":\"info algerie\"},\"image\":{\"@id\":\"https:\\\/\\\/www.info-algerie.com\\\/actualites\\\/#\\\/schema\\\/logo\\\/image\\\/\"},\"sameAs\":[\"https:\\\/\\\/www.facebook.com\\\/infoalgerieactu\",\"https:\\\/\\\/x.com\\\/infoalgerie1\"]},{\"@type\":\"Person\",\"@id\":\"https:\\\/\\\/www.info-algerie.com\\\/actualites\\\/#\\\/schema\\\/person\\\/847aaec44920825b843a08f30ec6aa1e\",\"name\":\"La r\u00e9daction\",\"image\":{\"@type\":\"ImageObject\",\"inLanguage\":\"fr-FR\",\"@id\":\"https:\\\/\\\/secure.gravatar.com\\\/avatar\\\/769db425c6f465158149f1ffd6cf61ce7a8a879d11dfbef8288af36dfddd418c?s=96&d=mm&r=g\",\"url\":\"https:\\\/\\\/secure.gravatar.com\\\/avatar\\\/769db425c6f465158149f1ffd6cf61ce7a8a879d11dfbef8288af36dfddd418c?s=96&d=mm&r=g\",\"contentUrl\":\"https:\\\/\\\/secure.gravatar.com\\\/avatar\\\/769db425c6f465158149f1ffd6cf61ce7a8a879d11dfbef8288af36dfddd418c?s=96&d=mm&r=g\",\"caption\":\"La r\u00e9daction\"},\"sameAs\":[\"http:\\\/\\\/www.lkeria.com\\\/\"],\"url\":\"https:\\\/\\\/www.info-algerie.com\\\/actualites\\\/author\\\/chakib32\\\/\"}]}<\/script>\n<!-- \/ Yoast SEO plugin. -->","yoast_head_json":{"title":"Le Prix du pr\u00e9sident de la R\u00e9publique du journaliste professionnel attribu\u00e9 \u00e0 14 laur\u00e9ats - info algerie","robots":{"index":"index","follow":"follow","max-snippet":"max-snippet:-1","max-image-preview":"max-image-preview:large","max-video-preview":"max-video-preview:-1"},"canonical":"https:\/\/www.info-algerie.com\/actualites\/le-prix-du-president-de-la-republique-du-journaliste-professionnel-attribue-a-14-laureats\/","og_locale":"fr_FR","og_type":"article","og_title":"Le Prix du pr\u00e9sident de la R\u00e9publique du journaliste professionnel attribu\u00e9 \u00e0 14 laur\u00e9ats - info algerie","og_description":"ALGER- Le prix du Pr\u00e9sident de la R\u00e9publique du journaliste professionnel a \u00e9t\u00e9 attribu\u00e9, dans sa troisi\u00e8me \u00e9dition, dimanche soir \u00e0 Alger \u00e0 14 laur\u00e9ats, exer\u00e7ant dans diff\u00e9rentes cat\u00e9gories de m\u00e9dias, s\u00e9lectionn\u00e9s parmi 212 postulants. &#013; &#013; &#013; Plac\u00e9 cette ann\u00e9e sous le th\u00e8me \u00ab\u00a0La pr\u00e9servation de l\u2019environnement, cl\u00e9 de bien-\u00eatre public et de bonheur","og_url":"https:\/\/www.info-algerie.com\/actualites\/le-prix-du-president-de-la-republique-du-journaliste-professionnel-attribue-a-14-laureats\/","og_site_name":"info algerie","article_publisher":"https:\/\/www.facebook.com\/infoalgerieactu","article_published_time":"2017-10-23T07:43:52+00:00","og_image":[{"width":280,"height":186,"url":"https:\/\/www.info-algerie.com\/actualites\/wp-content\/uploads\/2017\/10\/a8d8472fcae14ea23ec1f98581e57fdb_S-1.jpg","type":"image\/jpeg"}],"author":"La r\u00e9daction","twitter_misc":{"\u00c9crit par":"La r\u00e9daction","Dur\u00e9e de lecture estim\u00e9e":"4 minutes"},"schema":{"@context":"https:\/\/schema.org","@graph":[{"@type":"Article","@id":"https:\/\/www.info-algerie.com\/actualites\/le-prix-du-president-de-la-republique-du-journaliste-professionnel-attribue-a-14-laureats\/#article","isPartOf":{"@id":"https:\/\/www.info-algerie.com\/actualites\/le-prix-du-president-de-la-republique-du-journaliste-professionnel-attribue-a-14-laureats\/"},"author":{"name":"La r\u00e9daction","@id":"https:\/\/www.info-algerie.com\/actualites\/#\/schema\/person\/847aaec44920825b843a08f30ec6aa1e"},"headline":"Le Prix du pr\u00e9sident de la R\u00e9publique du journaliste professionnel attribu\u00e9 \u00e0 14 laur\u00e9ats","datePublished":"2017-10-23T07:43:52+00:00","mainEntityOfPage":{"@id":"https:\/\/www.info-algerie.com\/actualites\/le-prix-du-president-de-la-republique-du-journaliste-professionnel-attribue-a-14-laureats\/"},"wordCount":840,"commentCount":0,"publisher":{"@id":"https:\/\/www.info-algerie.com\/actualites\/#organization"},"image":{"@id":"https:\/\/www.info-algerie.com\/actualites\/le-prix-du-president-de-la-republique-du-journaliste-professionnel-attribue-a-14-laureats\/#primaryimage"},"thumbnailUrl":"https:\/\/www.info-algerie.com\/actualites\/wp-content\/uploads\/2017\/10\/a8d8472fcae14ea23ec1f98581e57fdb_S-1.jpg","keywords":["ONU"],"articleSection":["infos"],"inLanguage":"fr-FR","potentialAction":[{"@type":"CommentAction","name":"Comment","target":["https:\/\/www.info-algerie.com\/actualites\/le-prix-du-president-de-la-republique-du-journaliste-professionnel-attribue-a-14-laureats\/#respond"]}]},{"@type":"WebPage","@id":"https:\/\/www.info-algerie.com\/actualites\/le-prix-du-president-de-la-republique-du-journaliste-professionnel-attribue-a-14-laureats\/","url":"https:\/\/www.info-algerie.com\/actualites\/le-prix-du-president-de-la-republique-du-journaliste-professionnel-attribue-a-14-laureats\/","name":"Le Prix du pr\u00e9sident de la R\u00e9publique du journaliste professionnel attribu\u00e9 \u00e0 14 laur\u00e9ats - info algerie","isPartOf":{"@id":"https:\/\/www.info-algerie.com\/actualites\/#website"},"primaryImageOfPage":{"@id":"https:\/\/www.info-algerie.com\/actualites\/le-prix-du-president-de-la-republique-du-journaliste-professionnel-attribue-a-14-laureats\/#primaryimage"},"image":{"@id":"https:\/\/www.info-algerie.com\/actualites\/le-prix-du-president-de-la-republique-du-journaliste-professionnel-attribue-a-14-laureats\/#primaryimage"},"thumbnailUrl":"https:\/\/www.info-algerie.com\/actualites\/wp-content\/uploads\/2017\/10\/a8d8472fcae14ea23ec1f98581e57fdb_S-1.jpg","datePublished":"2017-10-23T07:43:52+00:00","breadcrumb":{"@id":"https:\/\/www.info-algerie.com\/actualites\/le-prix-du-president-de-la-republique-du-journaliste-professionnel-attribue-a-14-laureats\/#breadcrumb"},"inLanguage":"fr-FR","potentialAction":[{"@type":"ReadAction","target":["https:\/\/www.info-algerie.com\/actualites\/le-prix-du-president-de-la-republique-du-journaliste-professionnel-attribue-a-14-laureats\/"]}]},{"@type":"ImageObject","inLanguage":"fr-FR","@id":"https:\/\/www.info-algerie.com\/actualites\/le-prix-du-president-de-la-republique-du-journaliste-professionnel-attribue-a-14-laureats\/#primaryimage","url":"https:\/\/www.info-algerie.com\/actualites\/wp-content\/uploads\/2017\/10\/a8d8472fcae14ea23ec1f98581e57fdb_S-1.jpg","contentUrl":"https:\/\/www.info-algerie.com\/actualites\/wp-content\/uploads\/2017\/10\/a8d8472fcae14ea23ec1f98581e57fdb_S-1.jpg","width":280,"height":186},{"@type":"BreadcrumbList","@id":"https:\/\/www.info-algerie.com\/actualites\/le-prix-du-president-de-la-republique-du-journaliste-professionnel-attribue-a-14-laureats\/#breadcrumb","itemListElement":[{"@type":"ListItem","position":1,"name":"Accueil","item":"https:\/\/www.info-algerie.com\/actualites\/"},{"@type":"ListItem","position":2,"name":"Le Prix du pr\u00e9sident de la R\u00e9publique du journaliste professionnel attribu\u00e9 \u00e0 14 laur\u00e9ats"}]},{"@type":"WebSite","@id":"https:\/\/www.info-algerie.com\/actualites\/#website","url":"https:\/\/www.info-algerie.com\/actualites\/","name":"info algerie","description":"Toutes les actualit\u00e9s","publisher":{"@id":"https:\/\/www.info-algerie.com\/actualites\/#organization"},"potentialAction":[{"@type":"SearchAction","target":{"@type":"EntryPoint","urlTemplate":"https:\/\/www.info-algerie.com\/actualites\/?s={search_term_string}"},"query-input":{"@type":"PropertyValueSpecification","valueRequired":true,"valueName":"search_term_string"}}],"inLanguage":"fr-FR"},{"@type":"Organization","@id":"https:\/\/www.info-algerie.com\/actualites\/#organization","name":"info algerie","url":"https:\/\/www.info-algerie.com\/actualites\/","logo":{"@type":"ImageObject","inLanguage":"fr-FR","@id":"https:\/\/www.info-algerie.com\/actualites\/#\/schema\/logo\/image\/","url":"https:\/\/www.info-algerie.com\/actualites\/wp-content\/uploads\/2022\/07\/logo-ia-120.png","contentUrl":"https:\/\/www.info-algerie.com\/actualites\/wp-content\/uploads\/2022\/07\/logo-ia-120.png","width":120,"height":43,"caption":"info algerie"},"image":{"@id":"https:\/\/www.info-algerie.com\/actualites\/#\/schema\/logo\/image\/"},"sameAs":["https:\/\/www.facebook.com\/infoalgerieactu","https:\/\/x.com\/infoalgerie1"]},{"@type":"Person","@id":"https:\/\/www.info-algerie.com\/actualites\/#\/schema\/person\/847aaec44920825b843a08f30ec6aa1e","name":"La r\u00e9daction","image":{"@type":"ImageObject","inLanguage":"fr-FR","@id":"https:\/\/secure.gravatar.com\/avatar\/769db425c6f465158149f1ffd6cf61ce7a8a879d11dfbef8288af36dfddd418c?s=96&d=mm&r=g","url":"https:\/\/secure.gravatar.com\/avatar\/769db425c6f465158149f1ffd6cf61ce7a8a879d11dfbef8288af36dfddd418c?s=96&d=mm&r=g","contentUrl":"https:\/\/secure.gravatar.com\/avatar\/769db425c6f465158149f1ffd6cf61ce7a8a879d11dfbef8288af36dfddd418c?s=96&d=mm&r=g","caption":"La r\u00e9daction"},"sameAs":["http:\/\/www.lkeria.com\/"],"url":"https:\/\/www.info-algerie.com\/actualites\/author\/chakib32\/"}]}},"_links":{"self":[{"href":"https:\/\/www.info-algerie.com\/actualites\/wp-json\/wp\/v2\/posts\/17154","targetHints":{"allow":["GET"]}}],"collection":[{"href":"https:\/\/www.info-algerie.com\/actualites\/wp-json\/wp\/v2\/posts"}],"about":[{"href":"https:\/\/www.info-algerie.com\/actualites\/wp-json\/wp\/v2\/types\/post"}],"author":[{"embeddable":true,"href":"https:\/\/www.info-algerie.com\/actualites\/wp-json\/wp\/v2\/users\/6"}],"replies":[{"embeddable":true,"href":"https:\/\/www.info-algerie.com\/actualites\/wp-json\/wp\/v2\/comments?post=17154"}],"version-history":[{"count":0,"href":"https:\/\/www.info-algerie.com\/actualites\/wp-json\/wp\/v2\/posts\/17154\/revisions"}],"wp:featuredmedia":[{"embeddable":true,"href":"https:\/\/www.info-algerie.com\/actualites\/wp-json\/wp\/v2\/media\/17155"}],"wp:attachment":[{"href":"https:\/\/www.info-algerie.com\/actualites\/wp-json\/wp\/v2\/media?parent=17154"}],"wp:term":[{"taxonomy":"category","embeddable":true,"href":"https:\/\/www.info-algerie.com\/actualites\/wp-json\/wp\/v2\/categories?post=17154"},{"taxonomy":"post_tag","embeddable":true,"href":"https:\/\/www.info-algerie.com\/actualites\/wp-json\/wp\/v2\/tags?post=17154"}],"curies":[{"name":"wp","href":"https:\/\/api.w.org\/{rel}","templated":true}]}}