{"id":17157,"date":"2017-10-23T11:11:52","date_gmt":"2017-10-23T10:11:52","guid":{"rendered":"http:\/\/www.info-algerie.com\/actualites\/le-prix-du-president-de-la-republique-du-journaliste-khaled-taazibt-de-laps-prime\/"},"modified":"2017-10-23T11:11:52","modified_gmt":"2017-10-23T10:11:52","slug":"le-prix-du-president-de-la-republique-du-journaliste-khaled-taazibt-de-laps-prime","status":"publish","type":"post","link":"https:\/\/www.info-algerie.com\/actualites\/le-prix-du-president-de-la-republique-du-journaliste-khaled-taazibt-de-laps-prime\/","title":{"rendered":"Le prix du Pr\u00e9sident de la R\u00e9publique du journaliste: Khaled Ta\u00e2zibt de l\u2019APS prim\u00e9"},"content":{"rendered":"<div class=\"K2FeedImage\"><img decoding=\"async\" src=\"https:\/\/www.info-algerie.com\/actualites\/wp-content\/uploads\/2017\/10\/bffe21cd91618ffe06e6fdf3e5e9c7c5_S.jpg\" alt=\"Le prix du Pr&#xE9;sident de la R&#xE9;publique du journaliste: Khaled Ta&#xE2;zibt de l&#x2019;APS prim&#xE9;\" \/><\/div>\n<div class=\"K2FeedIntroText\">\n<p>ALGER- Le journaliste de l\u2019APS, Khaled Ta\u00e2zibt, s\u2019est vu attribuer le deuxi\u00e8me prix du Pr\u00e9sident de la R\u00e9publique, dans la cat\u00e9gorie presse \u00e9lectronique pour son reportage \u00ab\u00a0le recyclage\u00a0\u00bb, alors que le premier prix de la m\u00eame cat\u00e9gorie est revenu \u00e0 Ali Gasmia de la Radio Net multim\u00e9dia (EPRS) pour son travail intitul\u00e9 \u00ab\u00a0Je t\u2019en prie, ne jette pas\u00a0\u00bb, tandis que le troisi\u00e8me prix a \u00e9t\u00e9 remport\u00e9 par Hac\u00e8ne Kheroubi du journal \u00e9lectronique Cherchell News pour son reportage \u00ab\u00a0Le projet du nouveau port du centre de Cherchell\u00a0\u00bb.<\/p>\n<p>&#013;\n<\/p><\/div>\n<div class=\"K2FeedFullText\">&#013;<\/p>\n<p class=\"MsoNoSpacing\"><a href=\"http:\/\/www.aps.dz\/algerie\/64328-le-prix-du-president-de-la-republique-du-journaliste-professionnel-attribue-a-15-laureats\"><strong>Le prix du Pr\u00e9sident de la R\u00e9publique du journaliste professionnel<\/strong><\/a> a \u00e9t\u00e9 attribu\u00e9, dans sa troisi\u00e8me \u00e9dition,\u00a0 dimanche soir \u00e0 Alger \u00e0 14 laur\u00e9ats, exer\u00e7ant dans diff\u00e9rentes cat\u00e9gories de m\u00e9dias, s\u00e9lectionn\u00e9s parmi 212 postulants.<\/p>\n<p>&#013;<\/p>\n<p>Plac\u00e9 cette ann\u00e9e sous le th\u00e8me \u00ab\u00a0La pr\u00e9servation de l\u2019environnement, cl\u00e9 de bien-\u00eatre public et de bonheur social\u00a0\u00bb, le prix institu\u00e9 le 3 mai 2015 par le pr\u00e9sident de la R\u00e9publique, Abdelaziz Bouteflika, \u00e0 l`occasion de la Journ\u00e9e internationale de la presse, a \u00e9t\u00e9 remis aux candidats retenus, en pr\u00e9sence notamment du ministre de la Communication, Djamel Kaouane, de membres du gouvernement, de hauts responsables de l&rsquo;Etat, de directeurs de\u00a0 presse ainsi que de nombreux journalistes.\u00a0<\/p>\n<\/div>\n<p>&#013;<br \/>\nSource: <a href=\"http:\/\/www.aps.dz\/algerie\/64332-le-prix-du-president-de-la-republique-du-journaliste-khaled-taazibt-de-l-aps-prime\" target=\"_blank\">Le prix du Pr\u00e9sident de la R\u00e9publique du journaliste: Khaled Ta\u00e2zibt de l\u2019APS prim\u00e9<\/a><\/p>\n<!--CusAds0-->\n<div style=\"font-size: 0px; height: 0px; line-height: 0px; margin: 0; padding: 0; clear: both;\"><\/div>","protected":false},"excerpt":{"rendered":"<p>ALGER- Le journaliste de l\u2019APS, Khaled Ta\u00e2zibt, s\u2019est vu attribuer le deuxi\u00e8me prix du Pr\u00e9sident de la R\u00e9publique, dans la cat\u00e9gorie presse \u00e9lectronique pour son reportage \u00ab\u00a0le recyclage\u00a0\u00bb, alors que le premier prix de la m\u00eame cat\u00e9gorie est revenu \u00e0 Ali Gasmia de la Radio Net multim\u00e9dia (EPRS) pour son travail intitul\u00e9 \u00ab\u00a0Je t\u2019en prie,<\/p>\n","protected":false},"author":6,"featured_media":17158,"comment_status":"open","ping_status":"open","sticky":false,"template":"","format":"standard","meta":{"footnotes":""},"categories":[22],"tags":[93],"class_list":["post-17157","post","type-post","status-publish","format-standard","has-post-thumbnail","hentry","category-infos","tag-onu"],"yoast_head":"<!-- This site is optimized with the Yoast SEO plugin v27.5 - https:\/\/yoast.com\/product\/yoast-seo-wordpress\/ -->\n<title>Le prix du Pr\u00e9sident de la R\u00e9publique du journaliste: Khaled Ta\u00e2zibt de l\u2019APS prim\u00e9 - info algerie<\/title>\n<meta name=\"robots\" content=\"index, follow, max-snippet:-1, max-image-preview:large, max-video-preview:-1\" \/>\n<link rel=\"canonical\" href=\"https:\/\/www.info-algerie.com\/actualites\/le-prix-du-president-de-la-republique-du-journaliste-khaled-taazibt-de-laps-prime\/\" \/>\n<meta property=\"og:locale\" content=\"fr_FR\" \/>\n<meta property=\"og:type\" content=\"article\" \/>\n<meta property=\"og:title\" content=\"Le prix du Pr\u00e9sident de la R\u00e9publique du journaliste: Khaled Ta\u00e2zibt de l\u2019APS prim\u00e9 - info algerie\" \/>\n<meta property=\"og:description\" content=\"ALGER- Le journaliste de l\u2019APS, Khaled Ta\u00e2zibt, s\u2019est vu attribuer le deuxi\u00e8me prix du Pr\u00e9sident de la R\u00e9publique, dans la cat\u00e9gorie presse \u00e9lectronique pour son reportage \u00ab\u00a0le recyclage\u00a0\u00bb, alors que le premier prix de la m\u00eame cat\u00e9gorie est revenu \u00e0 Ali Gasmia de la Radio Net multim\u00e9dia (EPRS) pour son travail intitul\u00e9 \u00ab\u00a0Je t\u2019en prie,\" \/>\n<meta property=\"og:url\" content=\"https:\/\/www.info-algerie.com\/actualites\/le-prix-du-president-de-la-republique-du-journaliste-khaled-taazibt-de-laps-prime\/\" \/>\n<meta property=\"og:site_name\" content=\"info algerie\" \/>\n<meta property=\"article:publisher\" content=\"https:\/\/www.facebook.com\/infoalgerieactu\" \/>\n<meta property=\"article:published_time\" content=\"2017-10-23T10:11:52+00:00\" \/>\n<meta property=\"og:image\" content=\"https:\/\/www.info-algerie.com\/actualites\/wp-content\/uploads\/2017\/10\/bffe21cd91618ffe06e6fdf3e5e9c7c5_S-1.jpg\" \/>\n\t<meta property=\"og:image:width\" content=\"280\" \/>\n\t<meta property=\"og:image:height\" content=\"230\" \/>\n\t<meta property=\"og:image:type\" content=\"image\/jpeg\" \/>\n<meta name=\"author\" content=\"La r\u00e9daction\" \/>\n<meta name=\"twitter:label1\" content=\"\u00c9crit par\" \/>\n\t<meta name=\"twitter:data1\" content=\"La r\u00e9daction\" \/>\n\t<meta name=\"twitter:label2\" content=\"Dur\u00e9e de lecture estim\u00e9e\" \/>\n\t<meta name=\"twitter:data2\" content=\"1 minute\" \/>\n<script type=\"application\/ld+json\" class=\"yoast-schema-graph\">{\"@context\":\"https:\\\/\\\/schema.org\",\"@graph\":[{\"@type\":\"Article\",\"@id\":\"https:\\\/\\\/www.info-algerie.com\\\/actualites\\\/le-prix-du-president-de-la-republique-du-journaliste-khaled-taazibt-de-laps-prime\\\/#article\",\"isPartOf\":{\"@id\":\"https:\\\/\\\/www.info-algerie.com\\\/actualites\\\/le-prix-du-president-de-la-republique-du-journaliste-khaled-taazibt-de-laps-prime\\\/\"},\"author\":{\"name\":\"La r\u00e9daction\",\"@id\":\"https:\\\/\\\/www.info-algerie.com\\\/actualites\\\/#\\\/schema\\\/person\\\/847aaec44920825b843a08f30ec6aa1e\"},\"headline\":\"Le prix du Pr\u00e9sident de la R\u00e9publique du journaliste: Khaled Ta\u00e2zibt de l\u2019APS prim\u00e9\",\"datePublished\":\"2017-10-23T10:11:52+00:00\",\"mainEntityOfPage\":{\"@id\":\"https:\\\/\\\/www.info-algerie.com\\\/actualites\\\/le-prix-du-president-de-la-republique-du-journaliste-khaled-taazibt-de-laps-prime\\\/\"},\"wordCount\":259,\"commentCount\":0,\"publisher\":{\"@id\":\"https:\\\/\\\/www.info-algerie.com\\\/actualites\\\/#organization\"},\"image\":{\"@id\":\"https:\\\/\\\/www.info-algerie.com\\\/actualites\\\/le-prix-du-president-de-la-republique-du-journaliste-khaled-taazibt-de-laps-prime\\\/#primaryimage\"},\"thumbnailUrl\":\"https:\\\/\\\/www.info-algerie.com\\\/actualites\\\/wp-content\\\/uploads\\\/2017\\\/10\\\/bffe21cd91618ffe06e6fdf3e5e9c7c5_S-1.jpg\",\"keywords\":[\"ONU\"],\"articleSection\":[\"infos\"],\"inLanguage\":\"fr-FR\",\"potentialAction\":[{\"@type\":\"CommentAction\",\"name\":\"Comment\",\"target\":[\"https:\\\/\\\/www.info-algerie.com\\\/actualites\\\/le-prix-du-president-de-la-republique-du-journaliste-khaled-taazibt-de-laps-prime\\\/#respond\"]}]},{\"@type\":\"WebPage\",\"@id\":\"https:\\\/\\\/www.info-algerie.com\\\/actualites\\\/le-prix-du-president-de-la-republique-du-journaliste-khaled-taazibt-de-laps-prime\\\/\",\"url\":\"https:\\\/\\\/www.info-algerie.com\\\/actualites\\\/le-prix-du-president-de-la-republique-du-journaliste-khaled-taazibt-de-laps-prime\\\/\",\"name\":\"Le prix du Pr\u00e9sident de la R\u00e9publique du journaliste: Khaled Ta\u00e2zibt de l\u2019APS prim\u00e9 - info algerie\",\"isPartOf\":{\"@id\":\"https:\\\/\\\/www.info-algerie.com\\\/actualites\\\/#website\"},\"primaryImageOfPage\":{\"@id\":\"https:\\\/\\\/www.info-algerie.com\\\/actualites\\\/le-prix-du-president-de-la-republique-du-journaliste-khaled-taazibt-de-laps-prime\\\/#primaryimage\"},\"image\":{\"@id\":\"https:\\\/\\\/www.info-algerie.com\\\/actualites\\\/le-prix-du-president-de-la-republique-du-journaliste-khaled-taazibt-de-laps-prime\\\/#primaryimage\"},\"thumbnailUrl\":\"https:\\\/\\\/www.info-algerie.com\\\/actualites\\\/wp-content\\\/uploads\\\/2017\\\/10\\\/bffe21cd91618ffe06e6fdf3e5e9c7c5_S-1.jpg\",\"datePublished\":\"2017-10-23T10:11:52+00:00\",\"breadcrumb\":{\"@id\":\"https:\\\/\\\/www.info-algerie.com\\\/actualites\\\/le-prix-du-president-de-la-republique-du-journaliste-khaled-taazibt-de-laps-prime\\\/#breadcrumb\"},\"inLanguage\":\"fr-FR\",\"potentialAction\":[{\"@type\":\"ReadAction\",\"target\":[\"https:\\\/\\\/www.info-algerie.com\\\/actualites\\\/le-prix-du-president-de-la-republique-du-journaliste-khaled-taazibt-de-laps-prime\\\/\"]}]},{\"@type\":\"ImageObject\",\"inLanguage\":\"fr-FR\",\"@id\":\"https:\\\/\\\/www.info-algerie.com\\\/actualites\\\/le-prix-du-president-de-la-republique-du-journaliste-khaled-taazibt-de-laps-prime\\\/#primaryimage\",\"url\":\"https:\\\/\\\/www.info-algerie.com\\\/actualites\\\/wp-content\\\/uploads\\\/2017\\\/10\\\/bffe21cd91618ffe06e6fdf3e5e9c7c5_S-1.jpg\",\"contentUrl\":\"https:\\\/\\\/www.info-algerie.com\\\/actualites\\\/wp-content\\\/uploads\\\/2017\\\/10\\\/bffe21cd91618ffe06e6fdf3e5e9c7c5_S-1.jpg\",\"width\":280,\"height\":230},{\"@type\":\"BreadcrumbList\",\"@id\":\"https:\\\/\\\/www.info-algerie.com\\\/actualites\\\/le-prix-du-president-de-la-republique-du-journaliste-khaled-taazibt-de-laps-prime\\\/#breadcrumb\",\"itemListElement\":[{\"@type\":\"ListItem\",\"position\":1,\"name\":\"Accueil\",\"item\":\"https:\\\/\\\/www.info-algerie.com\\\/actualites\\\/\"},{\"@type\":\"ListItem\",\"position\":2,\"name\":\"Le prix du Pr\u00e9sident de la R\u00e9publique du journaliste: Khaled Ta\u00e2zibt de l\u2019APS prim\u00e9\"}]},{\"@type\":\"WebSite\",\"@id\":\"https:\\\/\\\/www.info-algerie.com\\\/actualites\\\/#website\",\"url\":\"https:\\\/\\\/www.info-algerie.com\\\/actualites\\\/\",\"name\":\"info algerie\",\"description\":\"Toutes les actualit\u00e9s\",\"publisher\":{\"@id\":\"https:\\\/\\\/www.info-algerie.com\\\/actualites\\\/#organization\"},\"potentialAction\":[{\"@type\":\"SearchAction\",\"target\":{\"@type\":\"EntryPoint\",\"urlTemplate\":\"https:\\\/\\\/www.info-algerie.com\\\/actualites\\\/?s={search_term_string}\"},\"query-input\":{\"@type\":\"PropertyValueSpecification\",\"valueRequired\":true,\"valueName\":\"search_term_string\"}}],\"inLanguage\":\"fr-FR\"},{\"@type\":\"Organization\",\"@id\":\"https:\\\/\\\/www.info-algerie.com\\\/actualites\\\/#organization\",\"name\":\"info algerie\",\"url\":\"https:\\\/\\\/www.info-algerie.com\\\/actualites\\\/\",\"logo\":{\"@type\":\"ImageObject\",\"inLanguage\":\"fr-FR\",\"@id\":\"https:\\\/\\\/www.info-algerie.com\\\/actualites\\\/#\\\/schema\\\/logo\\\/image\\\/\",\"url\":\"https:\\\/\\\/www.info-algerie.com\\\/actualites\\\/wp-content\\\/uploads\\\/2022\\\/07\\\/logo-ia-120.png\",\"contentUrl\":\"https:\\\/\\\/www.info-algerie.com\\\/actualites\\\/wp-content\\\/uploads\\\/2022\\\/07\\\/logo-ia-120.png\",\"width\":120,\"height\":43,\"caption\":\"info algerie\"},\"image\":{\"@id\":\"https:\\\/\\\/www.info-algerie.com\\\/actualites\\\/#\\\/schema\\\/logo\\\/image\\\/\"},\"sameAs\":[\"https:\\\/\\\/www.facebook.com\\\/infoalgerieactu\",\"https:\\\/\\\/x.com\\\/infoalgerie1\"]},{\"@type\":\"Person\",\"@id\":\"https:\\\/\\\/www.info-algerie.com\\\/actualites\\\/#\\\/schema\\\/person\\\/847aaec44920825b843a08f30ec6aa1e\",\"name\":\"La r\u00e9daction\",\"image\":{\"@type\":\"ImageObject\",\"inLanguage\":\"fr-FR\",\"@id\":\"https:\\\/\\\/secure.gravatar.com\\\/avatar\\\/769db425c6f465158149f1ffd6cf61ce7a8a879d11dfbef8288af36dfddd418c?s=96&d=mm&r=g\",\"url\":\"https:\\\/\\\/secure.gravatar.com\\\/avatar\\\/769db425c6f465158149f1ffd6cf61ce7a8a879d11dfbef8288af36dfddd418c?s=96&d=mm&r=g\",\"contentUrl\":\"https:\\\/\\\/secure.gravatar.com\\\/avatar\\\/769db425c6f465158149f1ffd6cf61ce7a8a879d11dfbef8288af36dfddd418c?s=96&d=mm&r=g\",\"caption\":\"La r\u00e9daction\"},\"sameAs\":[\"http:\\\/\\\/www.lkeria.com\\\/\"],\"url\":\"https:\\\/\\\/www.info-algerie.com\\\/actualites\\\/author\\\/chakib32\\\/\"}]}<\/script>\n<!-- \/ Yoast SEO plugin. -->","yoast_head_json":{"title":"Le prix du Pr\u00e9sident de la R\u00e9publique du journaliste: Khaled Ta\u00e2zibt de l\u2019APS prim\u00e9 - info algerie","robots":{"index":"index","follow":"follow","max-snippet":"max-snippet:-1","max-image-preview":"max-image-preview:large","max-video-preview":"max-video-preview:-1"},"canonical":"https:\/\/www.info-algerie.com\/actualites\/le-prix-du-president-de-la-republique-du-journaliste-khaled-taazibt-de-laps-prime\/","og_locale":"fr_FR","og_type":"article","og_title":"Le prix du Pr\u00e9sident de la R\u00e9publique du journaliste: Khaled Ta\u00e2zibt de l\u2019APS prim\u00e9 - info algerie","og_description":"ALGER- Le journaliste de l\u2019APS, Khaled Ta\u00e2zibt, s\u2019est vu attribuer le deuxi\u00e8me prix du Pr\u00e9sident de la R\u00e9publique, dans la cat\u00e9gorie presse \u00e9lectronique pour son reportage \u00ab\u00a0le recyclage\u00a0\u00bb, alors que le premier prix de la m\u00eame cat\u00e9gorie est revenu \u00e0 Ali Gasmia de la Radio Net multim\u00e9dia (EPRS) pour son travail intitul\u00e9 \u00ab\u00a0Je t\u2019en prie,","og_url":"https:\/\/www.info-algerie.com\/actualites\/le-prix-du-president-de-la-republique-du-journaliste-khaled-taazibt-de-laps-prime\/","og_site_name":"info algerie","article_publisher":"https:\/\/www.facebook.com\/infoalgerieactu","article_published_time":"2017-10-23T10:11:52+00:00","og_image":[{"width":280,"height":230,"url":"https:\/\/www.info-algerie.com\/actualites\/wp-content\/uploads\/2017\/10\/bffe21cd91618ffe06e6fdf3e5e9c7c5_S-1.jpg","type":"image\/jpeg"}],"author":"La r\u00e9daction","twitter_misc":{"\u00c9crit par":"La r\u00e9daction","Dur\u00e9e de lecture estim\u00e9e":"1 minute"},"schema":{"@context":"https:\/\/schema.org","@graph":[{"@type":"Article","@id":"https:\/\/www.info-algerie.com\/actualites\/le-prix-du-president-de-la-republique-du-journaliste-khaled-taazibt-de-laps-prime\/#article","isPartOf":{"@id":"https:\/\/www.info-algerie.com\/actualites\/le-prix-du-president-de-la-republique-du-journaliste-khaled-taazibt-de-laps-prime\/"},"author":{"name":"La r\u00e9daction","@id":"https:\/\/www.info-algerie.com\/actualites\/#\/schema\/person\/847aaec44920825b843a08f30ec6aa1e"},"headline":"Le prix du Pr\u00e9sident de la R\u00e9publique du journaliste: Khaled Ta\u00e2zibt de l\u2019APS prim\u00e9","datePublished":"2017-10-23T10:11:52+00:00","mainEntityOfPage":{"@id":"https:\/\/www.info-algerie.com\/actualites\/le-prix-du-president-de-la-republique-du-journaliste-khaled-taazibt-de-laps-prime\/"},"wordCount":259,"commentCount":0,"publisher":{"@id":"https:\/\/www.info-algerie.com\/actualites\/#organization"},"image":{"@id":"https:\/\/www.info-algerie.com\/actualites\/le-prix-du-president-de-la-republique-du-journaliste-khaled-taazibt-de-laps-prime\/#primaryimage"},"thumbnailUrl":"https:\/\/www.info-algerie.com\/actualites\/wp-content\/uploads\/2017\/10\/bffe21cd91618ffe06e6fdf3e5e9c7c5_S-1.jpg","keywords":["ONU"],"articleSection":["infos"],"inLanguage":"fr-FR","potentialAction":[{"@type":"CommentAction","name":"Comment","target":["https:\/\/www.info-algerie.com\/actualites\/le-prix-du-president-de-la-republique-du-journaliste-khaled-taazibt-de-laps-prime\/#respond"]}]},{"@type":"WebPage","@id":"https:\/\/www.info-algerie.com\/actualites\/le-prix-du-president-de-la-republique-du-journaliste-khaled-taazibt-de-laps-prime\/","url":"https:\/\/www.info-algerie.com\/actualites\/le-prix-du-president-de-la-republique-du-journaliste-khaled-taazibt-de-laps-prime\/","name":"Le prix du Pr\u00e9sident de la R\u00e9publique du journaliste: Khaled Ta\u00e2zibt de l\u2019APS prim\u00e9 - info algerie","isPartOf":{"@id":"https:\/\/www.info-algerie.com\/actualites\/#website"},"primaryImageOfPage":{"@id":"https:\/\/www.info-algerie.com\/actualites\/le-prix-du-president-de-la-republique-du-journaliste-khaled-taazibt-de-laps-prime\/#primaryimage"},"image":{"@id":"https:\/\/www.info-algerie.com\/actualites\/le-prix-du-president-de-la-republique-du-journaliste-khaled-taazibt-de-laps-prime\/#primaryimage"},"thumbnailUrl":"https:\/\/www.info-algerie.com\/actualites\/wp-content\/uploads\/2017\/10\/bffe21cd91618ffe06e6fdf3e5e9c7c5_S-1.jpg","datePublished":"2017-10-23T10:11:52+00:00","breadcrumb":{"@id":"https:\/\/www.info-algerie.com\/actualites\/le-prix-du-president-de-la-republique-du-journaliste-khaled-taazibt-de-laps-prime\/#breadcrumb"},"inLanguage":"fr-FR","potentialAction":[{"@type":"ReadAction","target":["https:\/\/www.info-algerie.com\/actualites\/le-prix-du-president-de-la-republique-du-journaliste-khaled-taazibt-de-laps-prime\/"]}]},{"@type":"ImageObject","inLanguage":"fr-FR","@id":"https:\/\/www.info-algerie.com\/actualites\/le-prix-du-president-de-la-republique-du-journaliste-khaled-taazibt-de-laps-prime\/#primaryimage","url":"https:\/\/www.info-algerie.com\/actualites\/wp-content\/uploads\/2017\/10\/bffe21cd91618ffe06e6fdf3e5e9c7c5_S-1.jpg","contentUrl":"https:\/\/www.info-algerie.com\/actualites\/wp-content\/uploads\/2017\/10\/bffe21cd91618ffe06e6fdf3e5e9c7c5_S-1.jpg","width":280,"height":230},{"@type":"BreadcrumbList","@id":"https:\/\/www.info-algerie.com\/actualites\/le-prix-du-president-de-la-republique-du-journaliste-khaled-taazibt-de-laps-prime\/#breadcrumb","itemListElement":[{"@type":"ListItem","position":1,"name":"Accueil","item":"https:\/\/www.info-algerie.com\/actualites\/"},{"@type":"ListItem","position":2,"name":"Le prix du Pr\u00e9sident de la R\u00e9publique du journaliste: Khaled Ta\u00e2zibt de l\u2019APS prim\u00e9"}]},{"@type":"WebSite","@id":"https:\/\/www.info-algerie.com\/actualites\/#website","url":"https:\/\/www.info-algerie.com\/actualites\/","name":"info algerie","description":"Toutes les actualit\u00e9s","publisher":{"@id":"https:\/\/www.info-algerie.com\/actualites\/#organization"},"potentialAction":[{"@type":"SearchAction","target":{"@type":"EntryPoint","urlTemplate":"https:\/\/www.info-algerie.com\/actualites\/?s={search_term_string}"},"query-input":{"@type":"PropertyValueSpecification","valueRequired":true,"valueName":"search_term_string"}}],"inLanguage":"fr-FR"},{"@type":"Organization","@id":"https:\/\/www.info-algerie.com\/actualites\/#organization","name":"info algerie","url":"https:\/\/www.info-algerie.com\/actualites\/","logo":{"@type":"ImageObject","inLanguage":"fr-FR","@id":"https:\/\/www.info-algerie.com\/actualites\/#\/schema\/logo\/image\/","url":"https:\/\/www.info-algerie.com\/actualites\/wp-content\/uploads\/2022\/07\/logo-ia-120.png","contentUrl":"https:\/\/www.info-algerie.com\/actualites\/wp-content\/uploads\/2022\/07\/logo-ia-120.png","width":120,"height":43,"caption":"info algerie"},"image":{"@id":"https:\/\/www.info-algerie.com\/actualites\/#\/schema\/logo\/image\/"},"sameAs":["https:\/\/www.facebook.com\/infoalgerieactu","https:\/\/x.com\/infoalgerie1"]},{"@type":"Person","@id":"https:\/\/www.info-algerie.com\/actualites\/#\/schema\/person\/847aaec44920825b843a08f30ec6aa1e","name":"La r\u00e9daction","image":{"@type":"ImageObject","inLanguage":"fr-FR","@id":"https:\/\/secure.gravatar.com\/avatar\/769db425c6f465158149f1ffd6cf61ce7a8a879d11dfbef8288af36dfddd418c?s=96&d=mm&r=g","url":"https:\/\/secure.gravatar.com\/avatar\/769db425c6f465158149f1ffd6cf61ce7a8a879d11dfbef8288af36dfddd418c?s=96&d=mm&r=g","contentUrl":"https:\/\/secure.gravatar.com\/avatar\/769db425c6f465158149f1ffd6cf61ce7a8a879d11dfbef8288af36dfddd418c?s=96&d=mm&r=g","caption":"La r\u00e9daction"},"sameAs":["http:\/\/www.lkeria.com\/"],"url":"https:\/\/www.info-algerie.com\/actualites\/author\/chakib32\/"}]}},"_links":{"self":[{"href":"https:\/\/www.info-algerie.com\/actualites\/wp-json\/wp\/v2\/posts\/17157","targetHints":{"allow":["GET"]}}],"collection":[{"href":"https:\/\/www.info-algerie.com\/actualites\/wp-json\/wp\/v2\/posts"}],"about":[{"href":"https:\/\/www.info-algerie.com\/actualites\/wp-json\/wp\/v2\/types\/post"}],"author":[{"embeddable":true,"href":"https:\/\/www.info-algerie.com\/actualites\/wp-json\/wp\/v2\/users\/6"}],"replies":[{"embeddable":true,"href":"https:\/\/www.info-algerie.com\/actualites\/wp-json\/wp\/v2\/comments?post=17157"}],"version-history":[{"count":0,"href":"https:\/\/www.info-algerie.com\/actualites\/wp-json\/wp\/v2\/posts\/17157\/revisions"}],"wp:featuredmedia":[{"embeddable":true,"href":"https:\/\/www.info-algerie.com\/actualites\/wp-json\/wp\/v2\/media\/17158"}],"wp:attachment":[{"href":"https:\/\/www.info-algerie.com\/actualites\/wp-json\/wp\/v2\/media?parent=17157"}],"wp:term":[{"taxonomy":"category","embeddable":true,"href":"https:\/\/www.info-algerie.com\/actualites\/wp-json\/wp\/v2\/categories?post=17157"},{"taxonomy":"post_tag","embeddable":true,"href":"https:\/\/www.info-algerie.com\/actualites\/wp-json\/wp\/v2\/tags?post=17157"}],"curies":[{"name":"wp","href":"https:\/\/api.w.org\/{rel}","templated":true}]}}