{"id":17162,"date":"2017-10-23T11:44:15","date_gmt":"2017-10-23T10:44:15","guid":{"rendered":"http:\/\/www.info-algerie.com\/actualites\/lalgerie-condamne-avec-force-lattentat-terroriste-contre-des-gendarmes-nigeriens-mae\/"},"modified":"2017-10-23T11:44:15","modified_gmt":"2017-10-23T10:44:15","slug":"lalgerie-condamne-avec-force-lattentat-terroriste-contre-des-gendarmes-nigeriens-mae","status":"publish","type":"post","link":"https:\/\/www.info-algerie.com\/actualites\/lalgerie-condamne-avec-force-lattentat-terroriste-contre-des-gendarmes-nigeriens-mae\/","title":{"rendered":"L&#039;Alg\u00e9rie condamne avec &quot;force&quot; l&#039;attentat terroriste contre des gendarmes nig\u00e9riens (MAE)"},"content":{"rendered":"<div class=\"K2FeedImage\"><img decoding=\"async\" src=\"https:\/\/www.info-algerie.com\/actualites\/wp-content\/uploads\/2017\/10\/fc08208554d063ec764eb478f00c5368_S.jpg\" \/><\/div>\n<div class=\"K2FeedIntroText\">\n<p class=\"MsoNoSpacing\">ALGER-L&rsquo;Alg\u00e9rie a condamn\u00e9, lundi, avec \u00ab\u00a0force\u00a0\u00bb l\u2019attentat terroriste meurtrier qui a cibl\u00e9 des gendarmes nig\u00e9riens non loin de la fronti\u00e8re avec le Mali, rappelant qu&rsquo;elle continuera \u00e0 apporter son soutien \u00e0 l\u2019effort collectif visant \u00e0 \u00ab\u00a0affiner la strat\u00e9gie de lutte contre le terrorisme au double plan r\u00e9gional et international\u00a0\u00bb.<\/p>\n<p>&#013;\n<\/p><\/div>\n<div class=\"K2FeedFullText\">&#013;<\/p>\n<p class=\"MsoNoSpacing\">\u00ab\u00a0Nous condamnons avec force l\u2019agression terroriste contre une unit\u00e9 de gendarmerie nig\u00e9rienne dans la localit\u00e9 d\u2019Ayorou, dans laquelle 13 vaillants gendarmes nig\u00e9riens, appartenant au d\u00e9tachement de la gendarmerie assurant la s\u00e9curit\u00e9 de cette ville attenant \u00e0 la fronti\u00e8re malienne, sont tomb\u00e9s en martyrs\u00a0\u00bb, a d\u00e9clar\u00e9 \u00e0 l&rsquo;APS le porte-parole du minist\u00e8re des Affaires \u00e9trang\u00e8res, Abdelaziz Benali Ch\u00e9rif.<\/p>\n<p>&#013;<\/p>\n<p class=\"MsoNoSpacing\">\u00ab\u00a0Nous nous inclinons devant leur sacrifice supr\u00eame et pr\u00e9sentons \u00e0 leurs familles et au gouvernement nig\u00e9rien nos condol\u00e9ances et les assurons de notre solidarit\u00e9\u00a0\u00bb, a-t-il dit, soulignant que \u00a0\u00bb nous demeurons convaincus que quels qu\u2019en soient les sacrifices, le peuple nig\u00e9rien, son arm\u00e9e et ses forces de s\u00e9curit\u00e9s sauront faire face \u00e0 la menace terroriste et r\u00e9duiront \u00e0 n\u00e9ant les plans funestes de l\u2019entreprise terroriste\u00a0\u00bb.<\/p>\n<p>&#013;<\/p>\n<p class=\"MsoNoSpacing\">\u00ab\u00a0L\u2019Alg\u00e9rie qui a toujours prouv\u00e9 sa solidarit\u00e9 agissante avec les pays et les peuples fr\u00e8res et voisins, continuera \u00e0 apporter son soutien \u00e0 l\u2019effort collectif visant \u00e0 coordonner les efforts et \u00e0 affiner la strat\u00e9gie de lutte contre le terrorisme au double plan r\u00e9gional et international\u00a0\u00bb, a-t-il ajout\u00e9.<\/p>\n<p>&#013;<\/p>\n<p>\u00a0<\/p>\n<p>&#013;<\/p>\n<p class=\"MsoNormal\">\u00a0<\/p>\n<\/div>\n<p>&#013;<br \/>\nSource: <a href=\"http:\/\/www.aps.dz\/algerie\/64335-l-algerie-condamne-avec-force-l-attentat-terroriste-contre-des-gendarmes-nigeriens-mae\" target=\"_blank\">L&rsquo;Alg\u00e9rie condamne avec \u00ab\u00a0force\u00a0\u00bb l&rsquo;attentat terroriste contre des gendarmes nig\u00e9riens (MAE)<\/a><\/p>\n<!--CusAds0-->\n<div style=\"font-size: 0px; height: 0px; line-height: 0px; margin: 0; padding: 0; clear: both;\"><\/div>","protected":false},"excerpt":{"rendered":"<p>ALGER-L&rsquo;Alg\u00e9rie a condamn\u00e9, lundi, avec \u00ab\u00a0force\u00a0\u00bb l\u2019attentat terroriste meurtrier qui a cibl\u00e9 des gendarmes nig\u00e9riens non loin de la fronti\u00e8re avec le Mali, rappelant qu&rsquo;elle continuera \u00e0 apporter son soutien \u00e0 l\u2019effort collectif visant \u00e0 \u00ab\u00a0affiner la strat\u00e9gie de lutte contre le terrorisme au double plan r\u00e9gional et international\u00a0\u00bb. &#013; &#013; \u00ab\u00a0Nous condamnons avec force<\/p>\n","protected":false},"author":6,"featured_media":17163,"comment_status":"open","ping_status":"open","sticky":false,"template":"","format":"standard","meta":{"footnotes":""},"categories":[22],"tags":[93],"class_list":["post-17162","post","type-post","status-publish","format-standard","has-post-thumbnail","hentry","category-infos","tag-onu"],"yoast_head":"<!-- This site is optimized with the Yoast SEO plugin v27.5 - https:\/\/yoast.com\/product\/yoast-seo-wordpress\/ -->\n<title>L&#039;Alg\u00e9rie condamne avec &quot;force&quot; l&#039;attentat terroriste contre des gendarmes nig\u00e9riens (MAE) - info algerie<\/title>\n<meta name=\"robots\" content=\"index, follow, max-snippet:-1, max-image-preview:large, max-video-preview:-1\" \/>\n<link rel=\"canonical\" href=\"https:\/\/www.info-algerie.com\/actualites\/lalgerie-condamne-avec-force-lattentat-terroriste-contre-des-gendarmes-nigeriens-mae\/\" \/>\n<meta property=\"og:locale\" content=\"fr_FR\" \/>\n<meta property=\"og:type\" content=\"article\" \/>\n<meta property=\"og:title\" content=\"L&#039;Alg\u00e9rie condamne avec &quot;force&quot; l&#039;attentat terroriste contre des gendarmes nig\u00e9riens (MAE) - info algerie\" \/>\n<meta property=\"og:description\" content=\"ALGER-L&rsquo;Alg\u00e9rie a condamn\u00e9, lundi, avec \u00ab\u00a0force\u00a0\u00bb l\u2019attentat terroriste meurtrier qui a cibl\u00e9 des gendarmes nig\u00e9riens non loin de la fronti\u00e8re avec le Mali, rappelant qu&rsquo;elle continuera \u00e0 apporter son soutien \u00e0 l\u2019effort collectif visant \u00e0 \u00ab\u00a0affiner la strat\u00e9gie de lutte contre le terrorisme au double plan r\u00e9gional et international\u00a0\u00bb. &#013; &#013; \u00ab\u00a0Nous condamnons avec force\" \/>\n<meta property=\"og:url\" content=\"https:\/\/www.info-algerie.com\/actualites\/lalgerie-condamne-avec-force-lattentat-terroriste-contre-des-gendarmes-nigeriens-mae\/\" \/>\n<meta property=\"og:site_name\" content=\"info algerie\" \/>\n<meta property=\"article:publisher\" content=\"https:\/\/www.facebook.com\/infoalgerieactu\" \/>\n<meta property=\"article:published_time\" content=\"2017-10-23T10:44:15+00:00\" \/>\n<meta property=\"og:image\" content=\"https:\/\/www.info-algerie.com\/actualites\/wp-content\/uploads\/2017\/10\/fc08208554d063ec764eb478f00c5368_S-1.jpg\" \/>\n\t<meta property=\"og:image:width\" content=\"280\" \/>\n\t<meta property=\"og:image:height\" content=\"174\" \/>\n\t<meta property=\"og:image:type\" content=\"image\/jpeg\" \/>\n<meta name=\"author\" content=\"La r\u00e9daction\" \/>\n<meta name=\"twitter:label1\" content=\"\u00c9crit par\" \/>\n\t<meta name=\"twitter:data1\" content=\"La r\u00e9daction\" \/>\n\t<meta name=\"twitter:label2\" content=\"Dur\u00e9e de lecture estim\u00e9e\" \/>\n\t<meta name=\"twitter:data2\" content=\"1 minute\" \/>\n<script type=\"application\/ld+json\" class=\"yoast-schema-graph\">{\"@context\":\"https:\\\/\\\/schema.org\",\"@graph\":[{\"@type\":\"Article\",\"@id\":\"https:\\\/\\\/www.info-algerie.com\\\/actualites\\\/lalgerie-condamne-avec-force-lattentat-terroriste-contre-des-gendarmes-nigeriens-mae\\\/#article\",\"isPartOf\":{\"@id\":\"https:\\\/\\\/www.info-algerie.com\\\/actualites\\\/lalgerie-condamne-avec-force-lattentat-terroriste-contre-des-gendarmes-nigeriens-mae\\\/\"},\"author\":{\"name\":\"La r\u00e9daction\",\"@id\":\"https:\\\/\\\/www.info-algerie.com\\\/actualites\\\/#\\\/schema\\\/person\\\/847aaec44920825b843a08f30ec6aa1e\"},\"headline\":\"L&#039;Alg\u00e9rie condamne avec &quot;force&quot; l&#039;attentat terroriste contre des gendarmes nig\u00e9riens (MAE)\",\"datePublished\":\"2017-10-23T10:44:15+00:00\",\"mainEntityOfPage\":{\"@id\":\"https:\\\/\\\/www.info-algerie.com\\\/actualites\\\/lalgerie-condamne-avec-force-lattentat-terroriste-contre-des-gendarmes-nigeriens-mae\\\/\"},\"wordCount\":278,\"commentCount\":0,\"publisher\":{\"@id\":\"https:\\\/\\\/www.info-algerie.com\\\/actualites\\\/#organization\"},\"image\":{\"@id\":\"https:\\\/\\\/www.info-algerie.com\\\/actualites\\\/lalgerie-condamne-avec-force-lattentat-terroriste-contre-des-gendarmes-nigeriens-mae\\\/#primaryimage\"},\"thumbnailUrl\":\"https:\\\/\\\/www.info-algerie.com\\\/actualites\\\/wp-content\\\/uploads\\\/2017\\\/10\\\/fc08208554d063ec764eb478f00c5368_S-1.jpg\",\"keywords\":[\"ONU\"],\"articleSection\":[\"infos\"],\"inLanguage\":\"fr-FR\",\"potentialAction\":[{\"@type\":\"CommentAction\",\"name\":\"Comment\",\"target\":[\"https:\\\/\\\/www.info-algerie.com\\\/actualites\\\/lalgerie-condamne-avec-force-lattentat-terroriste-contre-des-gendarmes-nigeriens-mae\\\/#respond\"]}]},{\"@type\":\"WebPage\",\"@id\":\"https:\\\/\\\/www.info-algerie.com\\\/actualites\\\/lalgerie-condamne-avec-force-lattentat-terroriste-contre-des-gendarmes-nigeriens-mae\\\/\",\"url\":\"https:\\\/\\\/www.info-algerie.com\\\/actualites\\\/lalgerie-condamne-avec-force-lattentat-terroriste-contre-des-gendarmes-nigeriens-mae\\\/\",\"name\":\"L&#039;Alg\u00e9rie condamne avec &quot;force&quot; l&#039;attentat terroriste contre des gendarmes nig\u00e9riens (MAE) - info algerie\",\"isPartOf\":{\"@id\":\"https:\\\/\\\/www.info-algerie.com\\\/actualites\\\/#website\"},\"primaryImageOfPage\":{\"@id\":\"https:\\\/\\\/www.info-algerie.com\\\/actualites\\\/lalgerie-condamne-avec-force-lattentat-terroriste-contre-des-gendarmes-nigeriens-mae\\\/#primaryimage\"},\"image\":{\"@id\":\"https:\\\/\\\/www.info-algerie.com\\\/actualites\\\/lalgerie-condamne-avec-force-lattentat-terroriste-contre-des-gendarmes-nigeriens-mae\\\/#primaryimage\"},\"thumbnailUrl\":\"https:\\\/\\\/www.info-algerie.com\\\/actualites\\\/wp-content\\\/uploads\\\/2017\\\/10\\\/fc08208554d063ec764eb478f00c5368_S-1.jpg\",\"datePublished\":\"2017-10-23T10:44:15+00:00\",\"breadcrumb\":{\"@id\":\"https:\\\/\\\/www.info-algerie.com\\\/actualites\\\/lalgerie-condamne-avec-force-lattentat-terroriste-contre-des-gendarmes-nigeriens-mae\\\/#breadcrumb\"},\"inLanguage\":\"fr-FR\",\"potentialAction\":[{\"@type\":\"ReadAction\",\"target\":[\"https:\\\/\\\/www.info-algerie.com\\\/actualites\\\/lalgerie-condamne-avec-force-lattentat-terroriste-contre-des-gendarmes-nigeriens-mae\\\/\"]}]},{\"@type\":\"ImageObject\",\"inLanguage\":\"fr-FR\",\"@id\":\"https:\\\/\\\/www.info-algerie.com\\\/actualites\\\/lalgerie-condamne-avec-force-lattentat-terroriste-contre-des-gendarmes-nigeriens-mae\\\/#primaryimage\",\"url\":\"https:\\\/\\\/www.info-algerie.com\\\/actualites\\\/wp-content\\\/uploads\\\/2017\\\/10\\\/fc08208554d063ec764eb478f00c5368_S-1.jpg\",\"contentUrl\":\"https:\\\/\\\/www.info-algerie.com\\\/actualites\\\/wp-content\\\/uploads\\\/2017\\\/10\\\/fc08208554d063ec764eb478f00c5368_S-1.jpg\",\"width\":280,\"height\":174},{\"@type\":\"BreadcrumbList\",\"@id\":\"https:\\\/\\\/www.info-algerie.com\\\/actualites\\\/lalgerie-condamne-avec-force-lattentat-terroriste-contre-des-gendarmes-nigeriens-mae\\\/#breadcrumb\",\"itemListElement\":[{\"@type\":\"ListItem\",\"position\":1,\"name\":\"Accueil\",\"item\":\"https:\\\/\\\/www.info-algerie.com\\\/actualites\\\/\"},{\"@type\":\"ListItem\",\"position\":2,\"name\":\"L&#039;Alg\u00e9rie condamne avec &quot;force&quot; l&#039;attentat terroriste contre des gendarmes nig\u00e9riens (MAE)\"}]},{\"@type\":\"WebSite\",\"@id\":\"https:\\\/\\\/www.info-algerie.com\\\/actualites\\\/#website\",\"url\":\"https:\\\/\\\/www.info-algerie.com\\\/actualites\\\/\",\"name\":\"info algerie\",\"description\":\"Toutes les actualit\u00e9s\",\"publisher\":{\"@id\":\"https:\\\/\\\/www.info-algerie.com\\\/actualites\\\/#organization\"},\"potentialAction\":[{\"@type\":\"SearchAction\",\"target\":{\"@type\":\"EntryPoint\",\"urlTemplate\":\"https:\\\/\\\/www.info-algerie.com\\\/actualites\\\/?s={search_term_string}\"},\"query-input\":{\"@type\":\"PropertyValueSpecification\",\"valueRequired\":true,\"valueName\":\"search_term_string\"}}],\"inLanguage\":\"fr-FR\"},{\"@type\":\"Organization\",\"@id\":\"https:\\\/\\\/www.info-algerie.com\\\/actualites\\\/#organization\",\"name\":\"info algerie\",\"url\":\"https:\\\/\\\/www.info-algerie.com\\\/actualites\\\/\",\"logo\":{\"@type\":\"ImageObject\",\"inLanguage\":\"fr-FR\",\"@id\":\"https:\\\/\\\/www.info-algerie.com\\\/actualites\\\/#\\\/schema\\\/logo\\\/image\\\/\",\"url\":\"https:\\\/\\\/www.info-algerie.com\\\/actualites\\\/wp-content\\\/uploads\\\/2022\\\/07\\\/logo-ia-120.png\",\"contentUrl\":\"https:\\\/\\\/www.info-algerie.com\\\/actualites\\\/wp-content\\\/uploads\\\/2022\\\/07\\\/logo-ia-120.png\",\"width\":120,\"height\":43,\"caption\":\"info algerie\"},\"image\":{\"@id\":\"https:\\\/\\\/www.info-algerie.com\\\/actualites\\\/#\\\/schema\\\/logo\\\/image\\\/\"},\"sameAs\":[\"https:\\\/\\\/www.facebook.com\\\/infoalgerieactu\",\"https:\\\/\\\/x.com\\\/infoalgerie1\"]},{\"@type\":\"Person\",\"@id\":\"https:\\\/\\\/www.info-algerie.com\\\/actualites\\\/#\\\/schema\\\/person\\\/847aaec44920825b843a08f30ec6aa1e\",\"name\":\"La r\u00e9daction\",\"image\":{\"@type\":\"ImageObject\",\"inLanguage\":\"fr-FR\",\"@id\":\"https:\\\/\\\/secure.gravatar.com\\\/avatar\\\/769db425c6f465158149f1ffd6cf61ce7a8a879d11dfbef8288af36dfddd418c?s=96&d=mm&r=g\",\"url\":\"https:\\\/\\\/secure.gravatar.com\\\/avatar\\\/769db425c6f465158149f1ffd6cf61ce7a8a879d11dfbef8288af36dfddd418c?s=96&d=mm&r=g\",\"contentUrl\":\"https:\\\/\\\/secure.gravatar.com\\\/avatar\\\/769db425c6f465158149f1ffd6cf61ce7a8a879d11dfbef8288af36dfddd418c?s=96&d=mm&r=g\",\"caption\":\"La r\u00e9daction\"},\"sameAs\":[\"http:\\\/\\\/www.lkeria.com\\\/\"],\"url\":\"https:\\\/\\\/www.info-algerie.com\\\/actualites\\\/author\\\/chakib32\\\/\"}]}<\/script>\n<!-- \/ Yoast SEO plugin. -->","yoast_head_json":{"title":"L&#039;Alg\u00e9rie condamne avec &quot;force&quot; l&#039;attentat terroriste contre des gendarmes nig\u00e9riens (MAE) - info algerie","robots":{"index":"index","follow":"follow","max-snippet":"max-snippet:-1","max-image-preview":"max-image-preview:large","max-video-preview":"max-video-preview:-1"},"canonical":"https:\/\/www.info-algerie.com\/actualites\/lalgerie-condamne-avec-force-lattentat-terroriste-contre-des-gendarmes-nigeriens-mae\/","og_locale":"fr_FR","og_type":"article","og_title":"L&#039;Alg\u00e9rie condamne avec &quot;force&quot; l&#039;attentat terroriste contre des gendarmes nig\u00e9riens (MAE) - info algerie","og_description":"ALGER-L&rsquo;Alg\u00e9rie a condamn\u00e9, lundi, avec \u00ab\u00a0force\u00a0\u00bb l\u2019attentat terroriste meurtrier qui a cibl\u00e9 des gendarmes nig\u00e9riens non loin de la fronti\u00e8re avec le Mali, rappelant qu&rsquo;elle continuera \u00e0 apporter son soutien \u00e0 l\u2019effort collectif visant \u00e0 \u00ab\u00a0affiner la strat\u00e9gie de lutte contre le terrorisme au double plan r\u00e9gional et international\u00a0\u00bb. &#013; &#013; \u00ab\u00a0Nous condamnons avec force","og_url":"https:\/\/www.info-algerie.com\/actualites\/lalgerie-condamne-avec-force-lattentat-terroriste-contre-des-gendarmes-nigeriens-mae\/","og_site_name":"info algerie","article_publisher":"https:\/\/www.facebook.com\/infoalgerieactu","article_published_time":"2017-10-23T10:44:15+00:00","og_image":[{"width":280,"height":174,"url":"https:\/\/www.info-algerie.com\/actualites\/wp-content\/uploads\/2017\/10\/fc08208554d063ec764eb478f00c5368_S-1.jpg","type":"image\/jpeg"}],"author":"La r\u00e9daction","twitter_misc":{"\u00c9crit par":"La r\u00e9daction","Dur\u00e9e de lecture estim\u00e9e":"1 minute"},"schema":{"@context":"https:\/\/schema.org","@graph":[{"@type":"Article","@id":"https:\/\/www.info-algerie.com\/actualites\/lalgerie-condamne-avec-force-lattentat-terroriste-contre-des-gendarmes-nigeriens-mae\/#article","isPartOf":{"@id":"https:\/\/www.info-algerie.com\/actualites\/lalgerie-condamne-avec-force-lattentat-terroriste-contre-des-gendarmes-nigeriens-mae\/"},"author":{"name":"La r\u00e9daction","@id":"https:\/\/www.info-algerie.com\/actualites\/#\/schema\/person\/847aaec44920825b843a08f30ec6aa1e"},"headline":"L&#039;Alg\u00e9rie condamne avec &quot;force&quot; l&#039;attentat terroriste contre des gendarmes nig\u00e9riens (MAE)","datePublished":"2017-10-23T10:44:15+00:00","mainEntityOfPage":{"@id":"https:\/\/www.info-algerie.com\/actualites\/lalgerie-condamne-avec-force-lattentat-terroriste-contre-des-gendarmes-nigeriens-mae\/"},"wordCount":278,"commentCount":0,"publisher":{"@id":"https:\/\/www.info-algerie.com\/actualites\/#organization"},"image":{"@id":"https:\/\/www.info-algerie.com\/actualites\/lalgerie-condamne-avec-force-lattentat-terroriste-contre-des-gendarmes-nigeriens-mae\/#primaryimage"},"thumbnailUrl":"https:\/\/www.info-algerie.com\/actualites\/wp-content\/uploads\/2017\/10\/fc08208554d063ec764eb478f00c5368_S-1.jpg","keywords":["ONU"],"articleSection":["infos"],"inLanguage":"fr-FR","potentialAction":[{"@type":"CommentAction","name":"Comment","target":["https:\/\/www.info-algerie.com\/actualites\/lalgerie-condamne-avec-force-lattentat-terroriste-contre-des-gendarmes-nigeriens-mae\/#respond"]}]},{"@type":"WebPage","@id":"https:\/\/www.info-algerie.com\/actualites\/lalgerie-condamne-avec-force-lattentat-terroriste-contre-des-gendarmes-nigeriens-mae\/","url":"https:\/\/www.info-algerie.com\/actualites\/lalgerie-condamne-avec-force-lattentat-terroriste-contre-des-gendarmes-nigeriens-mae\/","name":"L&#039;Alg\u00e9rie condamne avec &quot;force&quot; l&#039;attentat terroriste contre des gendarmes nig\u00e9riens (MAE) - info algerie","isPartOf":{"@id":"https:\/\/www.info-algerie.com\/actualites\/#website"},"primaryImageOfPage":{"@id":"https:\/\/www.info-algerie.com\/actualites\/lalgerie-condamne-avec-force-lattentat-terroriste-contre-des-gendarmes-nigeriens-mae\/#primaryimage"},"image":{"@id":"https:\/\/www.info-algerie.com\/actualites\/lalgerie-condamne-avec-force-lattentat-terroriste-contre-des-gendarmes-nigeriens-mae\/#primaryimage"},"thumbnailUrl":"https:\/\/www.info-algerie.com\/actualites\/wp-content\/uploads\/2017\/10\/fc08208554d063ec764eb478f00c5368_S-1.jpg","datePublished":"2017-10-23T10:44:15+00:00","breadcrumb":{"@id":"https:\/\/www.info-algerie.com\/actualites\/lalgerie-condamne-avec-force-lattentat-terroriste-contre-des-gendarmes-nigeriens-mae\/#breadcrumb"},"inLanguage":"fr-FR","potentialAction":[{"@type":"ReadAction","target":["https:\/\/www.info-algerie.com\/actualites\/lalgerie-condamne-avec-force-lattentat-terroriste-contre-des-gendarmes-nigeriens-mae\/"]}]},{"@type":"ImageObject","inLanguage":"fr-FR","@id":"https:\/\/www.info-algerie.com\/actualites\/lalgerie-condamne-avec-force-lattentat-terroriste-contre-des-gendarmes-nigeriens-mae\/#primaryimage","url":"https:\/\/www.info-algerie.com\/actualites\/wp-content\/uploads\/2017\/10\/fc08208554d063ec764eb478f00c5368_S-1.jpg","contentUrl":"https:\/\/www.info-algerie.com\/actualites\/wp-content\/uploads\/2017\/10\/fc08208554d063ec764eb478f00c5368_S-1.jpg","width":280,"height":174},{"@type":"BreadcrumbList","@id":"https:\/\/www.info-algerie.com\/actualites\/lalgerie-condamne-avec-force-lattentat-terroriste-contre-des-gendarmes-nigeriens-mae\/#breadcrumb","itemListElement":[{"@type":"ListItem","position":1,"name":"Accueil","item":"https:\/\/www.info-algerie.com\/actualites\/"},{"@type":"ListItem","position":2,"name":"L&#039;Alg\u00e9rie condamne avec &quot;force&quot; l&#039;attentat terroriste contre des gendarmes nig\u00e9riens (MAE)"}]},{"@type":"WebSite","@id":"https:\/\/www.info-algerie.com\/actualites\/#website","url":"https:\/\/www.info-algerie.com\/actualites\/","name":"info algerie","description":"Toutes les actualit\u00e9s","publisher":{"@id":"https:\/\/www.info-algerie.com\/actualites\/#organization"},"potentialAction":[{"@type":"SearchAction","target":{"@type":"EntryPoint","urlTemplate":"https:\/\/www.info-algerie.com\/actualites\/?s={search_term_string}"},"query-input":{"@type":"PropertyValueSpecification","valueRequired":true,"valueName":"search_term_string"}}],"inLanguage":"fr-FR"},{"@type":"Organization","@id":"https:\/\/www.info-algerie.com\/actualites\/#organization","name":"info algerie","url":"https:\/\/www.info-algerie.com\/actualites\/","logo":{"@type":"ImageObject","inLanguage":"fr-FR","@id":"https:\/\/www.info-algerie.com\/actualites\/#\/schema\/logo\/image\/","url":"https:\/\/www.info-algerie.com\/actualites\/wp-content\/uploads\/2022\/07\/logo-ia-120.png","contentUrl":"https:\/\/www.info-algerie.com\/actualites\/wp-content\/uploads\/2022\/07\/logo-ia-120.png","width":120,"height":43,"caption":"info algerie"},"image":{"@id":"https:\/\/www.info-algerie.com\/actualites\/#\/schema\/logo\/image\/"},"sameAs":["https:\/\/www.facebook.com\/infoalgerieactu","https:\/\/x.com\/infoalgerie1"]},{"@type":"Person","@id":"https:\/\/www.info-algerie.com\/actualites\/#\/schema\/person\/847aaec44920825b843a08f30ec6aa1e","name":"La r\u00e9daction","image":{"@type":"ImageObject","inLanguage":"fr-FR","@id":"https:\/\/secure.gravatar.com\/avatar\/769db425c6f465158149f1ffd6cf61ce7a8a879d11dfbef8288af36dfddd418c?s=96&d=mm&r=g","url":"https:\/\/secure.gravatar.com\/avatar\/769db425c6f465158149f1ffd6cf61ce7a8a879d11dfbef8288af36dfddd418c?s=96&d=mm&r=g","contentUrl":"https:\/\/secure.gravatar.com\/avatar\/769db425c6f465158149f1ffd6cf61ce7a8a879d11dfbef8288af36dfddd418c?s=96&d=mm&r=g","caption":"La r\u00e9daction"},"sameAs":["http:\/\/www.lkeria.com\/"],"url":"https:\/\/www.info-algerie.com\/actualites\/author\/chakib32\/"}]}},"_links":{"self":[{"href":"https:\/\/www.info-algerie.com\/actualites\/wp-json\/wp\/v2\/posts\/17162","targetHints":{"allow":["GET"]}}],"collection":[{"href":"https:\/\/www.info-algerie.com\/actualites\/wp-json\/wp\/v2\/posts"}],"about":[{"href":"https:\/\/www.info-algerie.com\/actualites\/wp-json\/wp\/v2\/types\/post"}],"author":[{"embeddable":true,"href":"https:\/\/www.info-algerie.com\/actualites\/wp-json\/wp\/v2\/users\/6"}],"replies":[{"embeddable":true,"href":"https:\/\/www.info-algerie.com\/actualites\/wp-json\/wp\/v2\/comments?post=17162"}],"version-history":[{"count":0,"href":"https:\/\/www.info-algerie.com\/actualites\/wp-json\/wp\/v2\/posts\/17162\/revisions"}],"wp:featuredmedia":[{"embeddable":true,"href":"https:\/\/www.info-algerie.com\/actualites\/wp-json\/wp\/v2\/media\/17163"}],"wp:attachment":[{"href":"https:\/\/www.info-algerie.com\/actualites\/wp-json\/wp\/v2\/media?parent=17162"}],"wp:term":[{"taxonomy":"category","embeddable":true,"href":"https:\/\/www.info-algerie.com\/actualites\/wp-json\/wp\/v2\/categories?post=17162"},{"taxonomy":"post_tag","embeddable":true,"href":"https:\/\/www.info-algerie.com\/actualites\/wp-json\/wp\/v2\/tags?post=17162"}],"curies":[{"name":"wp","href":"https:\/\/api.w.org\/{rel}","templated":true}]}}