{"id":17166,"date":"2017-10-23T11:19:24","date_gmt":"2017-10-23T10:19:24","guid":{"rendered":"http:\/\/www.info-algerie.com\/actualites\/plf2018-les-dispositions-concernant-la-preservation-des-acquis-sociaux-saluees\/"},"modified":"2017-10-23T11:19:24","modified_gmt":"2017-10-23T10:19:24","slug":"plf2018-les-dispositions-concernant-la-preservation-des-acquis-sociaux-saluees","status":"publish","type":"post","link":"https:\/\/www.info-algerie.com\/actualites\/plf2018-les-dispositions-concernant-la-preservation-des-acquis-sociaux-saluees\/","title":{"rendered":"PLF2018:\u00a0les dispositions\u00a0concernant la pr\u00e9servation des acquis sociaux\u00a0salu\u00e9es"},"content":{"rendered":"<div class=\"K2FeedImage\"><img decoding=\"async\" src=\"https:\/\/www.info-algerie.com\/actualites\/wp-content\/uploads\/2017\/10\/dacae5fd93d9865cfd8b488809866378_S.jpg\" alt=\"PLF2018:&#xA0;les dispositions&#xA0;concernant la pr&#xE9;servation des acquis sociaux&#xA0;salu&#xE9;es\" \/><\/div>\n<div class=\"K2FeedIntroText\">\n<p class=\"MsoNormal\">ALGER- Les responsables des partis de la majorit\u00e9 pr\u00e9sidentielle ont salu\u00e9, dimanche \u00e0 Alger, les dispositions pr\u00e9vues dans le<a href=\"http:\/\/www.aps.dz\/economie\/64326-projet-de-loi-de-finances-2018-ouyahia-rencontre-les-responsables-des-partis-de-la-majorite-presidentielle\"><strong> Projet de loi de finances 2018<\/strong><\/a>, notamment celles concernant la pr\u00e9servation des acquis sociaux sur lesquels a insist\u00e9 le pr\u00e9sident de la R\u00e9publique, Abdelaziz Bouteflika, lors de la derni\u00e8re r\u00e9union du Conseil des ministres.<\/p>\n<p>&#013;\n<\/p><\/div>\n<div class=\"K2FeedFullText\">&#013;<\/p>\n<p>A l&rsquo;issue de leur rencontre avec le Premier ministre, Ahmed Ouyahia au Palais du gouvernement, les responsables des partis de la majorit\u00e9 pr\u00e9sidentielle (FLN, RND, TAJ et MPA), ont exprim\u00e9 leur approbation quant aux dispositions contenues dans le PLF 2018 qui sera pr\u00e9sent\u00e9 par le ministre des Finances aux deux chambres du parlement dans les prochains jours.<\/p>\n<p>&#013;<\/p>\n<hr \/>\n<p><a href=\"http:\/\/www.aps.dz\/algerie\/62728-plan-d-action-du-gouvernement-poursuivre-la-politique-nationale-de-developpement-social\">\u00a0Lire aussi: Plan d&rsquo;action du gouvernement: poursuivre la politique nationale de d\u00e9veloppement social<\/a><\/p>\n<p>&#013;<\/p>\n<hr \/>\n<p>Le Secr\u00e9taire g\u00e9n\u00e9ral du Front de lib\u00e9ration national (FLN), Djamel Ould\u00a0 Abbes, a affirm\u00e9 que le projet de loi de finances \u00ab\u00a0pr\u00e9voit des mesures positives pour les citoyens, les cat\u00e9gories vuln\u00e9rables et les investisseurs\u00a0\u00bb.<\/p>\n<p>&#013;<\/p>\n<blockquote><p>&#013;<\/p>\n<p><em><strong>\u00ab\u00a0Le gouvernement a \u00e9labor\u00e9 avec sagesse de nouvelles dispositions au profit des Hauts-Plateaux, du Grand-Sud et des communes\u00a0 aux communes\u00a0\u00bb, a pr\u00e9cis\u00e9 M. Ould Abbes, relevant \u00ab\u00a0une forte hausse des investissements dans le cadre de la pr\u00e9servation des acquis sociaux, sur lesquels a insist\u00e9 le\u00a0 pr\u00e9sident de la R\u00e9publique lors de la r\u00e9union du dernier Conseil des ministres\u00a0\u00bb.<\/strong><\/em><\/p>\n<p>&#013;\n<\/p><\/blockquote>\n<p>&#013;<\/p>\n<p>De son c\u00f4t\u00e9, le porte-parole du Rassemblement national d\u00e9mocratique (RND), M. Seddik Chihab a qualifi\u00e9 le projet de loi de projet \u00ab\u00a0social\u00a0\u00bb, soulignant qu&rsquo;il y a des \u00ab\u00a0indices en faveur d&rsquo;une relance de l&rsquo;\u00e9conomie nationale et de la pr\u00e9servation des \u00e9quilibres dans le but de trouver une issue \u00e0 la crise financi\u00e8re que vit le pays\u00a0\u00bb.<\/p>\n<p>&#013;<\/p>\n<p>Pour sa part, le pr\u00e9sident de Tajamou Amal al-Jazair (TAJ), Amar Ghoul a indiqu\u00e9 que \u00ab\u00a0l&rsquo;Etat \u00e0 travers le PLF n&rsquo;a pas renonc\u00e9 \u00e0 son r\u00f4le social, ce qui est un acquis important\u00a0\u00bb, relevant que le texte \u00ab\u00a0contribuera \u00e0 relancer la croissance au niveau local en impulsant une nouvelle dynamique au Fonds de soutien au Sud et aux Hauts-plateaux, tout en pr\u00e9servant les grands \u00e9quilibres financiers et en encourageant l&rsquo;investissement et la croissance hors hydrocarbures\u00a0\u00bb.<\/p>\n<p>&#013;<\/p>\n<p>M. Ghoul a qualifi\u00e9 le d\u00e9bat entre les responsables des partis de la majorit\u00e9 pr\u00e9sidentielle et le Premier ministre de \u00ab\u00a0riche et profond\u00a0\u00bb, estimant qu&rsquo;il a \u00e9t\u00e9 marqu\u00e9 par \u00ab\u00a0une franchise dans la pr\u00e9sentation des messages importants du pr\u00e9sident de la R\u00e9publique et du Premier ministre lors de pr\u00e9c\u00e9dentes occasions\u00a0\u00bb.<\/p>\n<p>&#013;<\/p>\n<p>Dans le m\u00eame contexte, le pr\u00e9sident du Mouvement populaire alg\u00e9rien (MPA), Amara Benyounes, a mis en avant l&rsquo;importance de cette rencontre qui a permis de d\u00e9battre des modalit\u00e9s de coordination entre les groupes parlementaires des partis de la majorit\u00e9 pr\u00e9sidentielle afin de \u00ab\u00a0d\u00e9fendre avec force et conviction\u00a0\u00bb le projet de loi.<\/p>\n<p>&#013;<\/p>\n<blockquote><p>&#013;<\/p>\n<p>\u00a0 \u00a0<em><strong>Le Premier ministre avait d\u00e9clar\u00e9 au terme de la rencontre que \u00ab\u00a0cette deuxi\u00e8me rencontre entre le Gouvernement et la majorit\u00e9 pr\u00e9sidentielle pour l&rsquo;examen du projet de loi de Finances 2018 a \u00e9t\u00e9 \u00ab\u00a0fructueuse\u00a0\u00bb, soulignant que \u00ab\u00a0dans tous les pays, la majorit\u00e9 discute avec le Gouvernement et le\u00a0 Gouvernement prend connaissance des avis de la majorit\u00e9\u00a0\u00bb.<\/strong><\/em><\/p>\n<p>&#013;\n<\/p><\/blockquote>\n<\/div>\n<p>&#013;<br \/>\nSource: <a href=\"http:\/\/www.aps.dz\/algerie\/64333-plf2018-les-dispositions-concernant-la-preservation-des-acquis-sociaux-saluees\" target=\"_blank\">PLF2018:\u00a0les dispositions\u00a0concernant la pr\u00e9servation des acquis sociaux\u00a0salu\u00e9es<\/a><\/p>\n<!--CusAds0-->\n<div style=\"font-size: 0px; height: 0px; line-height: 0px; margin: 0; padding: 0; clear: both;\"><\/div>","protected":false},"excerpt":{"rendered":"<p>ALGER- Les responsables des partis de la majorit\u00e9 pr\u00e9sidentielle ont salu\u00e9, dimanche \u00e0 Alger, les dispositions pr\u00e9vues dans le Projet de loi de finances 2018, notamment celles concernant la pr\u00e9servation des acquis sociaux sur lesquels a insist\u00e9 le pr\u00e9sident de la R\u00e9publique, Abdelaziz Bouteflika, lors de la derni\u00e8re r\u00e9union du Conseil des ministres. &#013; &#013;<\/p>\n","protected":false},"author":6,"featured_media":17167,"comment_status":"open","ping_status":"open","sticky":false,"template":"","format":"standard","meta":{"footnotes":""},"categories":[22],"tags":[93],"class_list":["post-17166","post","type-post","status-publish","format-standard","has-post-thumbnail","hentry","category-infos","tag-onu"],"yoast_head":"<!-- This site is optimized with the Yoast SEO plugin v27.5 - https:\/\/yoast.com\/product\/yoast-seo-wordpress\/ -->\n<title>PLF2018:\u00a0les dispositions\u00a0concernant la pr\u00e9servation des acquis sociaux\u00a0salu\u00e9es - info algerie<\/title>\n<meta name=\"robots\" content=\"index, follow, max-snippet:-1, max-image-preview:large, max-video-preview:-1\" \/>\n<link rel=\"canonical\" href=\"https:\/\/www.info-algerie.com\/actualites\/plf2018-les-dispositions-concernant-la-preservation-des-acquis-sociaux-saluees\/\" \/>\n<meta property=\"og:locale\" content=\"fr_FR\" \/>\n<meta property=\"og:type\" content=\"article\" \/>\n<meta property=\"og:title\" content=\"PLF2018:\u00a0les dispositions\u00a0concernant la pr\u00e9servation des acquis sociaux\u00a0salu\u00e9es - info algerie\" \/>\n<meta property=\"og:description\" content=\"ALGER- Les responsables des partis de la majorit\u00e9 pr\u00e9sidentielle ont salu\u00e9, dimanche \u00e0 Alger, les dispositions pr\u00e9vues dans le Projet de loi de finances 2018, notamment celles concernant la pr\u00e9servation des acquis sociaux sur lesquels a insist\u00e9 le pr\u00e9sident de la R\u00e9publique, Abdelaziz Bouteflika, lors de la derni\u00e8re r\u00e9union du Conseil des ministres. &#013; &#013;\" \/>\n<meta property=\"og:url\" content=\"https:\/\/www.info-algerie.com\/actualites\/plf2018-les-dispositions-concernant-la-preservation-des-acquis-sociaux-saluees\/\" \/>\n<meta property=\"og:site_name\" content=\"info algerie\" \/>\n<meta property=\"article:publisher\" content=\"https:\/\/www.facebook.com\/infoalgerieactu\" \/>\n<meta property=\"article:published_time\" content=\"2017-10-23T10:19:24+00:00\" \/>\n<meta property=\"og:image\" content=\"https:\/\/www.info-algerie.com\/actualites\/wp-content\/uploads\/2017\/10\/dacae5fd93d9865cfd8b488809866378_S-1.jpg\" \/>\n\t<meta property=\"og:image:width\" content=\"280\" \/>\n\t<meta property=\"og:image:height\" content=\"177\" \/>\n\t<meta property=\"og:image:type\" content=\"image\/jpeg\" \/>\n<meta name=\"author\" content=\"La r\u00e9daction\" \/>\n<meta name=\"twitter:label1\" content=\"\u00c9crit par\" \/>\n\t<meta name=\"twitter:data1\" content=\"La r\u00e9daction\" \/>\n\t<meta name=\"twitter:label2\" content=\"Dur\u00e9e de lecture estim\u00e9e\" \/>\n\t<meta name=\"twitter:data2\" content=\"3 minutes\" \/>\n<script type=\"application\/ld+json\" class=\"yoast-schema-graph\">{\"@context\":\"https:\\\/\\\/schema.org\",\"@graph\":[{\"@type\":\"Article\",\"@id\":\"https:\\\/\\\/www.info-algerie.com\\\/actualites\\\/plf2018-les-dispositions-concernant-la-preservation-des-acquis-sociaux-saluees\\\/#article\",\"isPartOf\":{\"@id\":\"https:\\\/\\\/www.info-algerie.com\\\/actualites\\\/plf2018-les-dispositions-concernant-la-preservation-des-acquis-sociaux-saluees\\\/\"},\"author\":{\"name\":\"La r\u00e9daction\",\"@id\":\"https:\\\/\\\/www.info-algerie.com\\\/actualites\\\/#\\\/schema\\\/person\\\/847aaec44920825b843a08f30ec6aa1e\"},\"headline\":\"PLF2018:\u00a0les dispositions\u00a0concernant la pr\u00e9servation des acquis sociaux\u00a0salu\u00e9es\",\"datePublished\":\"2017-10-23T10:19:24+00:00\",\"mainEntityOfPage\":{\"@id\":\"https:\\\/\\\/www.info-algerie.com\\\/actualites\\\/plf2018-les-dispositions-concernant-la-preservation-des-acquis-sociaux-saluees\\\/\"},\"wordCount\":576,\"commentCount\":0,\"publisher\":{\"@id\":\"https:\\\/\\\/www.info-algerie.com\\\/actualites\\\/#organization\"},\"image\":{\"@id\":\"https:\\\/\\\/www.info-algerie.com\\\/actualites\\\/plf2018-les-dispositions-concernant-la-preservation-des-acquis-sociaux-saluees\\\/#primaryimage\"},\"thumbnailUrl\":\"https:\\\/\\\/www.info-algerie.com\\\/actualites\\\/wp-content\\\/uploads\\\/2017\\\/10\\\/dacae5fd93d9865cfd8b488809866378_S-1.jpg\",\"keywords\":[\"ONU\"],\"articleSection\":[\"infos\"],\"inLanguage\":\"fr-FR\",\"potentialAction\":[{\"@type\":\"CommentAction\",\"name\":\"Comment\",\"target\":[\"https:\\\/\\\/www.info-algerie.com\\\/actualites\\\/plf2018-les-dispositions-concernant-la-preservation-des-acquis-sociaux-saluees\\\/#respond\"]}]},{\"@type\":\"WebPage\",\"@id\":\"https:\\\/\\\/www.info-algerie.com\\\/actualites\\\/plf2018-les-dispositions-concernant-la-preservation-des-acquis-sociaux-saluees\\\/\",\"url\":\"https:\\\/\\\/www.info-algerie.com\\\/actualites\\\/plf2018-les-dispositions-concernant-la-preservation-des-acquis-sociaux-saluees\\\/\",\"name\":\"PLF2018:\u00a0les dispositions\u00a0concernant la pr\u00e9servation des acquis sociaux\u00a0salu\u00e9es - info algerie\",\"isPartOf\":{\"@id\":\"https:\\\/\\\/www.info-algerie.com\\\/actualites\\\/#website\"},\"primaryImageOfPage\":{\"@id\":\"https:\\\/\\\/www.info-algerie.com\\\/actualites\\\/plf2018-les-dispositions-concernant-la-preservation-des-acquis-sociaux-saluees\\\/#primaryimage\"},\"image\":{\"@id\":\"https:\\\/\\\/www.info-algerie.com\\\/actualites\\\/plf2018-les-dispositions-concernant-la-preservation-des-acquis-sociaux-saluees\\\/#primaryimage\"},\"thumbnailUrl\":\"https:\\\/\\\/www.info-algerie.com\\\/actualites\\\/wp-content\\\/uploads\\\/2017\\\/10\\\/dacae5fd93d9865cfd8b488809866378_S-1.jpg\",\"datePublished\":\"2017-10-23T10:19:24+00:00\",\"breadcrumb\":{\"@id\":\"https:\\\/\\\/www.info-algerie.com\\\/actualites\\\/plf2018-les-dispositions-concernant-la-preservation-des-acquis-sociaux-saluees\\\/#breadcrumb\"},\"inLanguage\":\"fr-FR\",\"potentialAction\":[{\"@type\":\"ReadAction\",\"target\":[\"https:\\\/\\\/www.info-algerie.com\\\/actualites\\\/plf2018-les-dispositions-concernant-la-preservation-des-acquis-sociaux-saluees\\\/\"]}]},{\"@type\":\"ImageObject\",\"inLanguage\":\"fr-FR\",\"@id\":\"https:\\\/\\\/www.info-algerie.com\\\/actualites\\\/plf2018-les-dispositions-concernant-la-preservation-des-acquis-sociaux-saluees\\\/#primaryimage\",\"url\":\"https:\\\/\\\/www.info-algerie.com\\\/actualites\\\/wp-content\\\/uploads\\\/2017\\\/10\\\/dacae5fd93d9865cfd8b488809866378_S-1.jpg\",\"contentUrl\":\"https:\\\/\\\/www.info-algerie.com\\\/actualites\\\/wp-content\\\/uploads\\\/2017\\\/10\\\/dacae5fd93d9865cfd8b488809866378_S-1.jpg\",\"width\":280,\"height\":177},{\"@type\":\"BreadcrumbList\",\"@id\":\"https:\\\/\\\/www.info-algerie.com\\\/actualites\\\/plf2018-les-dispositions-concernant-la-preservation-des-acquis-sociaux-saluees\\\/#breadcrumb\",\"itemListElement\":[{\"@type\":\"ListItem\",\"position\":1,\"name\":\"Accueil\",\"item\":\"https:\\\/\\\/www.info-algerie.com\\\/actualites\\\/\"},{\"@type\":\"ListItem\",\"position\":2,\"name\":\"PLF2018:\u00a0les dispositions\u00a0concernant la pr\u00e9servation des acquis sociaux\u00a0salu\u00e9es\"}]},{\"@type\":\"WebSite\",\"@id\":\"https:\\\/\\\/www.info-algerie.com\\\/actualites\\\/#website\",\"url\":\"https:\\\/\\\/www.info-algerie.com\\\/actualites\\\/\",\"name\":\"info algerie\",\"description\":\"Toutes les actualit\u00e9s\",\"publisher\":{\"@id\":\"https:\\\/\\\/www.info-algerie.com\\\/actualites\\\/#organization\"},\"potentialAction\":[{\"@type\":\"SearchAction\",\"target\":{\"@type\":\"EntryPoint\",\"urlTemplate\":\"https:\\\/\\\/www.info-algerie.com\\\/actualites\\\/?s={search_term_string}\"},\"query-input\":{\"@type\":\"PropertyValueSpecification\",\"valueRequired\":true,\"valueName\":\"search_term_string\"}}],\"inLanguage\":\"fr-FR\"},{\"@type\":\"Organization\",\"@id\":\"https:\\\/\\\/www.info-algerie.com\\\/actualites\\\/#organization\",\"name\":\"info algerie\",\"url\":\"https:\\\/\\\/www.info-algerie.com\\\/actualites\\\/\",\"logo\":{\"@type\":\"ImageObject\",\"inLanguage\":\"fr-FR\",\"@id\":\"https:\\\/\\\/www.info-algerie.com\\\/actualites\\\/#\\\/schema\\\/logo\\\/image\\\/\",\"url\":\"https:\\\/\\\/www.info-algerie.com\\\/actualites\\\/wp-content\\\/uploads\\\/2022\\\/07\\\/logo-ia-120.png\",\"contentUrl\":\"https:\\\/\\\/www.info-algerie.com\\\/actualites\\\/wp-content\\\/uploads\\\/2022\\\/07\\\/logo-ia-120.png\",\"width\":120,\"height\":43,\"caption\":\"info algerie\"},\"image\":{\"@id\":\"https:\\\/\\\/www.info-algerie.com\\\/actualites\\\/#\\\/schema\\\/logo\\\/image\\\/\"},\"sameAs\":[\"https:\\\/\\\/www.facebook.com\\\/infoalgerieactu\",\"https:\\\/\\\/x.com\\\/infoalgerie1\"]},{\"@type\":\"Person\",\"@id\":\"https:\\\/\\\/www.info-algerie.com\\\/actualites\\\/#\\\/schema\\\/person\\\/847aaec44920825b843a08f30ec6aa1e\",\"name\":\"La r\u00e9daction\",\"image\":{\"@type\":\"ImageObject\",\"inLanguage\":\"fr-FR\",\"@id\":\"https:\\\/\\\/secure.gravatar.com\\\/avatar\\\/769db425c6f465158149f1ffd6cf61ce7a8a879d11dfbef8288af36dfddd418c?s=96&d=mm&r=g\",\"url\":\"https:\\\/\\\/secure.gravatar.com\\\/avatar\\\/769db425c6f465158149f1ffd6cf61ce7a8a879d11dfbef8288af36dfddd418c?s=96&d=mm&r=g\",\"contentUrl\":\"https:\\\/\\\/secure.gravatar.com\\\/avatar\\\/769db425c6f465158149f1ffd6cf61ce7a8a879d11dfbef8288af36dfddd418c?s=96&d=mm&r=g\",\"caption\":\"La r\u00e9daction\"},\"sameAs\":[\"http:\\\/\\\/www.lkeria.com\\\/\"],\"url\":\"https:\\\/\\\/www.info-algerie.com\\\/actualites\\\/author\\\/chakib32\\\/\"}]}<\/script>\n<!-- \/ Yoast SEO plugin. -->","yoast_head_json":{"title":"PLF2018:\u00a0les dispositions\u00a0concernant la pr\u00e9servation des acquis sociaux\u00a0salu\u00e9es - info algerie","robots":{"index":"index","follow":"follow","max-snippet":"max-snippet:-1","max-image-preview":"max-image-preview:large","max-video-preview":"max-video-preview:-1"},"canonical":"https:\/\/www.info-algerie.com\/actualites\/plf2018-les-dispositions-concernant-la-preservation-des-acquis-sociaux-saluees\/","og_locale":"fr_FR","og_type":"article","og_title":"PLF2018:\u00a0les dispositions\u00a0concernant la pr\u00e9servation des acquis sociaux\u00a0salu\u00e9es - info algerie","og_description":"ALGER- Les responsables des partis de la majorit\u00e9 pr\u00e9sidentielle ont salu\u00e9, dimanche \u00e0 Alger, les dispositions pr\u00e9vues dans le Projet de loi de finances 2018, notamment celles concernant la pr\u00e9servation des acquis sociaux sur lesquels a insist\u00e9 le pr\u00e9sident de la R\u00e9publique, Abdelaziz Bouteflika, lors de la derni\u00e8re r\u00e9union du Conseil des ministres. &#013; &#013;","og_url":"https:\/\/www.info-algerie.com\/actualites\/plf2018-les-dispositions-concernant-la-preservation-des-acquis-sociaux-saluees\/","og_site_name":"info algerie","article_publisher":"https:\/\/www.facebook.com\/infoalgerieactu","article_published_time":"2017-10-23T10:19:24+00:00","og_image":[{"width":280,"height":177,"url":"https:\/\/www.info-algerie.com\/actualites\/wp-content\/uploads\/2017\/10\/dacae5fd93d9865cfd8b488809866378_S-1.jpg","type":"image\/jpeg"}],"author":"La r\u00e9daction","twitter_misc":{"\u00c9crit par":"La r\u00e9daction","Dur\u00e9e de lecture estim\u00e9e":"3 minutes"},"schema":{"@context":"https:\/\/schema.org","@graph":[{"@type":"Article","@id":"https:\/\/www.info-algerie.com\/actualites\/plf2018-les-dispositions-concernant-la-preservation-des-acquis-sociaux-saluees\/#article","isPartOf":{"@id":"https:\/\/www.info-algerie.com\/actualites\/plf2018-les-dispositions-concernant-la-preservation-des-acquis-sociaux-saluees\/"},"author":{"name":"La r\u00e9daction","@id":"https:\/\/www.info-algerie.com\/actualites\/#\/schema\/person\/847aaec44920825b843a08f30ec6aa1e"},"headline":"PLF2018:\u00a0les dispositions\u00a0concernant la pr\u00e9servation des acquis sociaux\u00a0salu\u00e9es","datePublished":"2017-10-23T10:19:24+00:00","mainEntityOfPage":{"@id":"https:\/\/www.info-algerie.com\/actualites\/plf2018-les-dispositions-concernant-la-preservation-des-acquis-sociaux-saluees\/"},"wordCount":576,"commentCount":0,"publisher":{"@id":"https:\/\/www.info-algerie.com\/actualites\/#organization"},"image":{"@id":"https:\/\/www.info-algerie.com\/actualites\/plf2018-les-dispositions-concernant-la-preservation-des-acquis-sociaux-saluees\/#primaryimage"},"thumbnailUrl":"https:\/\/www.info-algerie.com\/actualites\/wp-content\/uploads\/2017\/10\/dacae5fd93d9865cfd8b488809866378_S-1.jpg","keywords":["ONU"],"articleSection":["infos"],"inLanguage":"fr-FR","potentialAction":[{"@type":"CommentAction","name":"Comment","target":["https:\/\/www.info-algerie.com\/actualites\/plf2018-les-dispositions-concernant-la-preservation-des-acquis-sociaux-saluees\/#respond"]}]},{"@type":"WebPage","@id":"https:\/\/www.info-algerie.com\/actualites\/plf2018-les-dispositions-concernant-la-preservation-des-acquis-sociaux-saluees\/","url":"https:\/\/www.info-algerie.com\/actualites\/plf2018-les-dispositions-concernant-la-preservation-des-acquis-sociaux-saluees\/","name":"PLF2018:\u00a0les dispositions\u00a0concernant la pr\u00e9servation des acquis sociaux\u00a0salu\u00e9es - info algerie","isPartOf":{"@id":"https:\/\/www.info-algerie.com\/actualites\/#website"},"primaryImageOfPage":{"@id":"https:\/\/www.info-algerie.com\/actualites\/plf2018-les-dispositions-concernant-la-preservation-des-acquis-sociaux-saluees\/#primaryimage"},"image":{"@id":"https:\/\/www.info-algerie.com\/actualites\/plf2018-les-dispositions-concernant-la-preservation-des-acquis-sociaux-saluees\/#primaryimage"},"thumbnailUrl":"https:\/\/www.info-algerie.com\/actualites\/wp-content\/uploads\/2017\/10\/dacae5fd93d9865cfd8b488809866378_S-1.jpg","datePublished":"2017-10-23T10:19:24+00:00","breadcrumb":{"@id":"https:\/\/www.info-algerie.com\/actualites\/plf2018-les-dispositions-concernant-la-preservation-des-acquis-sociaux-saluees\/#breadcrumb"},"inLanguage":"fr-FR","potentialAction":[{"@type":"ReadAction","target":["https:\/\/www.info-algerie.com\/actualites\/plf2018-les-dispositions-concernant-la-preservation-des-acquis-sociaux-saluees\/"]}]},{"@type":"ImageObject","inLanguage":"fr-FR","@id":"https:\/\/www.info-algerie.com\/actualites\/plf2018-les-dispositions-concernant-la-preservation-des-acquis-sociaux-saluees\/#primaryimage","url":"https:\/\/www.info-algerie.com\/actualites\/wp-content\/uploads\/2017\/10\/dacae5fd93d9865cfd8b488809866378_S-1.jpg","contentUrl":"https:\/\/www.info-algerie.com\/actualites\/wp-content\/uploads\/2017\/10\/dacae5fd93d9865cfd8b488809866378_S-1.jpg","width":280,"height":177},{"@type":"BreadcrumbList","@id":"https:\/\/www.info-algerie.com\/actualites\/plf2018-les-dispositions-concernant-la-preservation-des-acquis-sociaux-saluees\/#breadcrumb","itemListElement":[{"@type":"ListItem","position":1,"name":"Accueil","item":"https:\/\/www.info-algerie.com\/actualites\/"},{"@type":"ListItem","position":2,"name":"PLF2018:\u00a0les dispositions\u00a0concernant la pr\u00e9servation des acquis sociaux\u00a0salu\u00e9es"}]},{"@type":"WebSite","@id":"https:\/\/www.info-algerie.com\/actualites\/#website","url":"https:\/\/www.info-algerie.com\/actualites\/","name":"info algerie","description":"Toutes les actualit\u00e9s","publisher":{"@id":"https:\/\/www.info-algerie.com\/actualites\/#organization"},"potentialAction":[{"@type":"SearchAction","target":{"@type":"EntryPoint","urlTemplate":"https:\/\/www.info-algerie.com\/actualites\/?s={search_term_string}"},"query-input":{"@type":"PropertyValueSpecification","valueRequired":true,"valueName":"search_term_string"}}],"inLanguage":"fr-FR"},{"@type":"Organization","@id":"https:\/\/www.info-algerie.com\/actualites\/#organization","name":"info algerie","url":"https:\/\/www.info-algerie.com\/actualites\/","logo":{"@type":"ImageObject","inLanguage":"fr-FR","@id":"https:\/\/www.info-algerie.com\/actualites\/#\/schema\/logo\/image\/","url":"https:\/\/www.info-algerie.com\/actualites\/wp-content\/uploads\/2022\/07\/logo-ia-120.png","contentUrl":"https:\/\/www.info-algerie.com\/actualites\/wp-content\/uploads\/2022\/07\/logo-ia-120.png","width":120,"height":43,"caption":"info algerie"},"image":{"@id":"https:\/\/www.info-algerie.com\/actualites\/#\/schema\/logo\/image\/"},"sameAs":["https:\/\/www.facebook.com\/infoalgerieactu","https:\/\/x.com\/infoalgerie1"]},{"@type":"Person","@id":"https:\/\/www.info-algerie.com\/actualites\/#\/schema\/person\/847aaec44920825b843a08f30ec6aa1e","name":"La r\u00e9daction","image":{"@type":"ImageObject","inLanguage":"fr-FR","@id":"https:\/\/secure.gravatar.com\/avatar\/769db425c6f465158149f1ffd6cf61ce7a8a879d11dfbef8288af36dfddd418c?s=96&d=mm&r=g","url":"https:\/\/secure.gravatar.com\/avatar\/769db425c6f465158149f1ffd6cf61ce7a8a879d11dfbef8288af36dfddd418c?s=96&d=mm&r=g","contentUrl":"https:\/\/secure.gravatar.com\/avatar\/769db425c6f465158149f1ffd6cf61ce7a8a879d11dfbef8288af36dfddd418c?s=96&d=mm&r=g","caption":"La r\u00e9daction"},"sameAs":["http:\/\/www.lkeria.com\/"],"url":"https:\/\/www.info-algerie.com\/actualites\/author\/chakib32\/"}]}},"_links":{"self":[{"href":"https:\/\/www.info-algerie.com\/actualites\/wp-json\/wp\/v2\/posts\/17166","targetHints":{"allow":["GET"]}}],"collection":[{"href":"https:\/\/www.info-algerie.com\/actualites\/wp-json\/wp\/v2\/posts"}],"about":[{"href":"https:\/\/www.info-algerie.com\/actualites\/wp-json\/wp\/v2\/types\/post"}],"author":[{"embeddable":true,"href":"https:\/\/www.info-algerie.com\/actualites\/wp-json\/wp\/v2\/users\/6"}],"replies":[{"embeddable":true,"href":"https:\/\/www.info-algerie.com\/actualites\/wp-json\/wp\/v2\/comments?post=17166"}],"version-history":[{"count":0,"href":"https:\/\/www.info-algerie.com\/actualites\/wp-json\/wp\/v2\/posts\/17166\/revisions"}],"wp:featuredmedia":[{"embeddable":true,"href":"https:\/\/www.info-algerie.com\/actualites\/wp-json\/wp\/v2\/media\/17167"}],"wp:attachment":[{"href":"https:\/\/www.info-algerie.com\/actualites\/wp-json\/wp\/v2\/media?parent=17166"}],"wp:term":[{"taxonomy":"category","embeddable":true,"href":"https:\/\/www.info-algerie.com\/actualites\/wp-json\/wp\/v2\/categories?post=17166"},{"taxonomy":"post_tag","embeddable":true,"href":"https:\/\/www.info-algerie.com\/actualites\/wp-json\/wp\/v2\/tags?post=17166"}],"curies":[{"name":"wp","href":"https:\/\/api.w.org\/{rel}","templated":true}]}}