{"id":17171,"date":"2017-10-23T13:24:29","date_gmt":"2017-10-23T12:24:29","guid":{"rendered":"http:\/\/www.info-algerie.com\/actualites\/arrestation-dune-terroriste-agee-de-69-ans-a-jijel-mdn\/"},"modified":"2017-10-23T13:24:29","modified_gmt":"2017-10-23T12:24:29","slug":"arrestation-dune-terroriste-agee-de-69-ans-a-jijel-mdn","status":"publish","type":"post","link":"https:\/\/www.info-algerie.com\/actualites\/arrestation-dune-terroriste-agee-de-69-ans-a-jijel-mdn\/","title":{"rendered":"Arrestation d&#039;une terroriste \u00e2g\u00e9e de 69 ans \u00e0 Jijel (MDN)"},"content":{"rendered":"<div class=\"K2FeedImage\"><img decoding=\"async\" src=\"https:\/\/www.info-algerie.com\/actualites\/wp-content\/uploads\/2017\/10\/1ceb57139d214fb58e0cf744a8c78189_S.jpg\" alt=\"Arrestation d'une terroriste &#xE2;g&#xE9;e de 69 ans &#xE0; Jijel (MDN)\" \/><\/div>\n<div class=\"K2FeedIntroText\">\n<p>ALGER- Une terroriste \u00e2g\u00e9e de 69 ans, \u00e9pouse d&rsquo;un terroriste abattu et m\u00e8re de deux terroristes \u00e9galement abattus, a \u00e9t\u00e9 captur\u00e9e lundi \u00e0 Jijel par un d\u00e9tachement de l&rsquo;Arm\u00e9e nationale populaire (ANP), indique un communiqu\u00e9 du minist\u00e8re de la D\u00e9fense nationale (MDN).<\/p>\n<p>&#013;\n<\/p><\/div>\n<div class=\"K2FeedFullText\">&#013;<\/p>\n<blockquote><p>&#013;<\/p>\n<p><em><strong>\u00ab\u00a0Dans le cadre de la lutte antiterroriste, un d\u00e9tachement de l&rsquo;ANP a captur\u00e9, aujourd&rsquo;hui 23 octobre 2017 \u00e0 Jijel,\u00a0 la terroriste \u00ab\u00a0H. Cherifa\u00a0\u00bb \u00e2g\u00e9e de 69 ans, \u00e9pouse du terroriste abattu \u00ab\u00a0B. Ismail\u00a0\u00bb et m\u00e8re de deux terroristes abattus \u00ab\u00a0B. Othmane\u00a0\u00bb et \u00ab\u00a0B. Sa\u00efd\u00a0\u00bb, pr\u00e9cise la m\u00eame source, ajoutant que \u00ab\u00a0cette terroriste avait ralli\u00e9 les groupes terroristes en 1996\u00a0\u00bb. <\/strong><\/em><\/p>\n<p>&#013;\n<\/p><\/blockquote>\n<p>&#013;<\/p>\n<p>Cette op\u00e9ration \u00ab\u00a0rentre dans le m\u00eame contexte de l&rsquo;op\u00e9ration de qualit\u00e9 men\u00e9e par un d\u00e9tachement de l&rsquo;ANP hier 22 octobre 2017 pr\u00e8s de la commune de Selma Ben Ziad, da\u00efra d&rsquo;El Aouana, wilaya de Jijel (5\u00e8me R\u00e9gion militaire) ayant permis d&rsquo;\u00e9liminer deux (02) dangereux terroristes, et qui\u00a0ont \u00e9t\u00e9 identifi\u00e9s. Il s&rsquo;agit de \u00ab\u00a0B. Boudjaafar\u00a0\u00bb et \u00ab\u00a0B. Sa\u00efd\u00a0\u00bb alias \u00ab\u00a0Abou Zakaria\u00a0\u00bb, souligne le MDN.<\/p>\n<p>&#013;<\/p>\n<p>Par ailleurs, il \u00a0\u00bb a \u00e9t\u00e9 proc\u00e9d\u00e9 \u00e0 l&rsquo;identification du terroriste captur\u00e9, hier, \u00e0 la wilaya de Jijel (5\u00e8me R\u00e9gion militaire). Il s&rsquo;agit de \u00ab\u00a0Z. Abdelhadi\u00a0\u00bb alias \u00ab\u00a0Abderrahim\u00a0\u00bb, qui avait ralli\u00e9 les groupes terroristes en 1995&Prime;, conclut le MDN.\u00a0<\/p>\n<\/div>\n<p>&#013;<br \/>\nSource: <a href=\"http:\/\/www.aps.dz\/algerie\/64339-arrestation-d-une-terroriste-agee-de-69-ans-a-jijel-mdn\" target=\"_blank\">Arrestation d&rsquo;une terroriste \u00e2g\u00e9e de 69 ans \u00e0 Jijel (MDN)<\/a><\/p>\n<!--CusAds0-->\n<div style=\"font-size: 0px; height: 0px; line-height: 0px; margin: 0; padding: 0; clear: both;\"><\/div>","protected":false},"excerpt":{"rendered":"<p>ALGER- Une terroriste \u00e2g\u00e9e de 69 ans, \u00e9pouse d&rsquo;un terroriste abattu et m\u00e8re de deux terroristes \u00e9galement abattus, a \u00e9t\u00e9 captur\u00e9e lundi \u00e0 Jijel par un d\u00e9tachement de l&rsquo;Arm\u00e9e nationale populaire (ANP), indique un communiqu\u00e9 du minist\u00e8re de la D\u00e9fense nationale (MDN). &#013; &#013; &#013; \u00ab\u00a0Dans le cadre de la lutte antiterroriste, un d\u00e9tachement de<\/p>\n","protected":false},"author":6,"featured_media":17172,"comment_status":"open","ping_status":"open","sticky":false,"template":"","format":"standard","meta":{"footnotes":""},"categories":[22],"tags":[93],"class_list":["post-17171","post","type-post","status-publish","format-standard","has-post-thumbnail","hentry","category-infos","tag-onu"],"yoast_head":"<!-- This site is optimized with the Yoast SEO plugin v27.5 - https:\/\/yoast.com\/product\/yoast-seo-wordpress\/ -->\n<title>Arrestation d&#039;une terroriste \u00e2g\u00e9e de 69 ans \u00e0 Jijel (MDN) - info algerie<\/title>\n<meta name=\"robots\" content=\"index, follow, max-snippet:-1, max-image-preview:large, max-video-preview:-1\" \/>\n<link rel=\"canonical\" href=\"https:\/\/www.info-algerie.com\/actualites\/arrestation-dune-terroriste-agee-de-69-ans-a-jijel-mdn\/\" \/>\n<meta property=\"og:locale\" content=\"fr_FR\" \/>\n<meta property=\"og:type\" content=\"article\" \/>\n<meta property=\"og:title\" content=\"Arrestation d&#039;une terroriste \u00e2g\u00e9e de 69 ans \u00e0 Jijel (MDN) - info algerie\" \/>\n<meta property=\"og:description\" content=\"ALGER- Une terroriste \u00e2g\u00e9e de 69 ans, \u00e9pouse d&rsquo;un terroriste abattu et m\u00e8re de deux terroristes \u00e9galement abattus, a \u00e9t\u00e9 captur\u00e9e lundi \u00e0 Jijel par un d\u00e9tachement de l&rsquo;Arm\u00e9e nationale populaire (ANP), indique un communiqu\u00e9 du minist\u00e8re de la D\u00e9fense nationale (MDN). &#013; &#013; &#013; \u00ab\u00a0Dans le cadre de la lutte antiterroriste, un d\u00e9tachement de\" \/>\n<meta property=\"og:url\" content=\"https:\/\/www.info-algerie.com\/actualites\/arrestation-dune-terroriste-agee-de-69-ans-a-jijel-mdn\/\" \/>\n<meta property=\"og:site_name\" content=\"info algerie\" \/>\n<meta property=\"article:publisher\" content=\"https:\/\/www.facebook.com\/infoalgerieactu\" \/>\n<meta property=\"article:published_time\" content=\"2017-10-23T12:24:29+00:00\" \/>\n<meta property=\"og:image\" content=\"https:\/\/www.info-algerie.com\/actualites\/wp-content\/uploads\/2017\/10\/1ceb57139d214fb58e0cf744a8c78189_S-1.jpg\" \/>\n\t<meta property=\"og:image:width\" content=\"280\" \/>\n\t<meta property=\"og:image:height\" content=\"158\" \/>\n\t<meta property=\"og:image:type\" content=\"image\/jpeg\" \/>\n<meta name=\"author\" content=\"La r\u00e9daction\" \/>\n<meta name=\"twitter:label1\" content=\"\u00c9crit par\" \/>\n\t<meta name=\"twitter:data1\" content=\"La r\u00e9daction\" \/>\n\t<meta name=\"twitter:label2\" content=\"Dur\u00e9e de lecture estim\u00e9e\" \/>\n\t<meta name=\"twitter:data2\" content=\"1 minute\" \/>\n<script type=\"application\/ld+json\" class=\"yoast-schema-graph\">{\"@context\":\"https:\\\/\\\/schema.org\",\"@graph\":[{\"@type\":\"Article\",\"@id\":\"https:\\\/\\\/www.info-algerie.com\\\/actualites\\\/arrestation-dune-terroriste-agee-de-69-ans-a-jijel-mdn\\\/#article\",\"isPartOf\":{\"@id\":\"https:\\\/\\\/www.info-algerie.com\\\/actualites\\\/arrestation-dune-terroriste-agee-de-69-ans-a-jijel-mdn\\\/\"},\"author\":{\"name\":\"La r\u00e9daction\",\"@id\":\"https:\\\/\\\/www.info-algerie.com\\\/actualites\\\/#\\\/schema\\\/person\\\/847aaec44920825b843a08f30ec6aa1e\"},\"headline\":\"Arrestation d&#039;une terroriste \u00e2g\u00e9e de 69 ans \u00e0 Jijel (MDN)\",\"datePublished\":\"2017-10-23T12:24:29+00:00\",\"mainEntityOfPage\":{\"@id\":\"https:\\\/\\\/www.info-algerie.com\\\/actualites\\\/arrestation-dune-terroriste-agee-de-69-ans-a-jijel-mdn\\\/\"},\"wordCount\":247,\"commentCount\":0,\"publisher\":{\"@id\":\"https:\\\/\\\/www.info-algerie.com\\\/actualites\\\/#organization\"},\"image\":{\"@id\":\"https:\\\/\\\/www.info-algerie.com\\\/actualites\\\/arrestation-dune-terroriste-agee-de-69-ans-a-jijel-mdn\\\/#primaryimage\"},\"thumbnailUrl\":\"https:\\\/\\\/www.info-algerie.com\\\/actualites\\\/wp-content\\\/uploads\\\/2017\\\/10\\\/1ceb57139d214fb58e0cf744a8c78189_S-1.jpg\",\"keywords\":[\"ONU\"],\"articleSection\":[\"infos\"],\"inLanguage\":\"fr-FR\",\"potentialAction\":[{\"@type\":\"CommentAction\",\"name\":\"Comment\",\"target\":[\"https:\\\/\\\/www.info-algerie.com\\\/actualites\\\/arrestation-dune-terroriste-agee-de-69-ans-a-jijel-mdn\\\/#respond\"]}]},{\"@type\":\"WebPage\",\"@id\":\"https:\\\/\\\/www.info-algerie.com\\\/actualites\\\/arrestation-dune-terroriste-agee-de-69-ans-a-jijel-mdn\\\/\",\"url\":\"https:\\\/\\\/www.info-algerie.com\\\/actualites\\\/arrestation-dune-terroriste-agee-de-69-ans-a-jijel-mdn\\\/\",\"name\":\"Arrestation d&#039;une terroriste \u00e2g\u00e9e de 69 ans \u00e0 Jijel (MDN) - info algerie\",\"isPartOf\":{\"@id\":\"https:\\\/\\\/www.info-algerie.com\\\/actualites\\\/#website\"},\"primaryImageOfPage\":{\"@id\":\"https:\\\/\\\/www.info-algerie.com\\\/actualites\\\/arrestation-dune-terroriste-agee-de-69-ans-a-jijel-mdn\\\/#primaryimage\"},\"image\":{\"@id\":\"https:\\\/\\\/www.info-algerie.com\\\/actualites\\\/arrestation-dune-terroriste-agee-de-69-ans-a-jijel-mdn\\\/#primaryimage\"},\"thumbnailUrl\":\"https:\\\/\\\/www.info-algerie.com\\\/actualites\\\/wp-content\\\/uploads\\\/2017\\\/10\\\/1ceb57139d214fb58e0cf744a8c78189_S-1.jpg\",\"datePublished\":\"2017-10-23T12:24:29+00:00\",\"breadcrumb\":{\"@id\":\"https:\\\/\\\/www.info-algerie.com\\\/actualites\\\/arrestation-dune-terroriste-agee-de-69-ans-a-jijel-mdn\\\/#breadcrumb\"},\"inLanguage\":\"fr-FR\",\"potentialAction\":[{\"@type\":\"ReadAction\",\"target\":[\"https:\\\/\\\/www.info-algerie.com\\\/actualites\\\/arrestation-dune-terroriste-agee-de-69-ans-a-jijel-mdn\\\/\"]}]},{\"@type\":\"ImageObject\",\"inLanguage\":\"fr-FR\",\"@id\":\"https:\\\/\\\/www.info-algerie.com\\\/actualites\\\/arrestation-dune-terroriste-agee-de-69-ans-a-jijel-mdn\\\/#primaryimage\",\"url\":\"https:\\\/\\\/www.info-algerie.com\\\/actualites\\\/wp-content\\\/uploads\\\/2017\\\/10\\\/1ceb57139d214fb58e0cf744a8c78189_S-1.jpg\",\"contentUrl\":\"https:\\\/\\\/www.info-algerie.com\\\/actualites\\\/wp-content\\\/uploads\\\/2017\\\/10\\\/1ceb57139d214fb58e0cf744a8c78189_S-1.jpg\",\"width\":280,\"height\":158},{\"@type\":\"BreadcrumbList\",\"@id\":\"https:\\\/\\\/www.info-algerie.com\\\/actualites\\\/arrestation-dune-terroriste-agee-de-69-ans-a-jijel-mdn\\\/#breadcrumb\",\"itemListElement\":[{\"@type\":\"ListItem\",\"position\":1,\"name\":\"Accueil\",\"item\":\"https:\\\/\\\/www.info-algerie.com\\\/actualites\\\/\"},{\"@type\":\"ListItem\",\"position\":2,\"name\":\"Arrestation d&#039;une terroriste \u00e2g\u00e9e de 69 ans \u00e0 Jijel (MDN)\"}]},{\"@type\":\"WebSite\",\"@id\":\"https:\\\/\\\/www.info-algerie.com\\\/actualites\\\/#website\",\"url\":\"https:\\\/\\\/www.info-algerie.com\\\/actualites\\\/\",\"name\":\"info algerie\",\"description\":\"Toutes les actualit\u00e9s\",\"publisher\":{\"@id\":\"https:\\\/\\\/www.info-algerie.com\\\/actualites\\\/#organization\"},\"potentialAction\":[{\"@type\":\"SearchAction\",\"target\":{\"@type\":\"EntryPoint\",\"urlTemplate\":\"https:\\\/\\\/www.info-algerie.com\\\/actualites\\\/?s={search_term_string}\"},\"query-input\":{\"@type\":\"PropertyValueSpecification\",\"valueRequired\":true,\"valueName\":\"search_term_string\"}}],\"inLanguage\":\"fr-FR\"},{\"@type\":\"Organization\",\"@id\":\"https:\\\/\\\/www.info-algerie.com\\\/actualites\\\/#organization\",\"name\":\"info algerie\",\"url\":\"https:\\\/\\\/www.info-algerie.com\\\/actualites\\\/\",\"logo\":{\"@type\":\"ImageObject\",\"inLanguage\":\"fr-FR\",\"@id\":\"https:\\\/\\\/www.info-algerie.com\\\/actualites\\\/#\\\/schema\\\/logo\\\/image\\\/\",\"url\":\"https:\\\/\\\/www.info-algerie.com\\\/actualites\\\/wp-content\\\/uploads\\\/2022\\\/07\\\/logo-ia-120.png\",\"contentUrl\":\"https:\\\/\\\/www.info-algerie.com\\\/actualites\\\/wp-content\\\/uploads\\\/2022\\\/07\\\/logo-ia-120.png\",\"width\":120,\"height\":43,\"caption\":\"info algerie\"},\"image\":{\"@id\":\"https:\\\/\\\/www.info-algerie.com\\\/actualites\\\/#\\\/schema\\\/logo\\\/image\\\/\"},\"sameAs\":[\"https:\\\/\\\/www.facebook.com\\\/infoalgerieactu\",\"https:\\\/\\\/x.com\\\/infoalgerie1\"]},{\"@type\":\"Person\",\"@id\":\"https:\\\/\\\/www.info-algerie.com\\\/actualites\\\/#\\\/schema\\\/person\\\/847aaec44920825b843a08f30ec6aa1e\",\"name\":\"La r\u00e9daction\",\"image\":{\"@type\":\"ImageObject\",\"inLanguage\":\"fr-FR\",\"@id\":\"https:\\\/\\\/secure.gravatar.com\\\/avatar\\\/769db425c6f465158149f1ffd6cf61ce7a8a879d11dfbef8288af36dfddd418c?s=96&d=mm&r=g\",\"url\":\"https:\\\/\\\/secure.gravatar.com\\\/avatar\\\/769db425c6f465158149f1ffd6cf61ce7a8a879d11dfbef8288af36dfddd418c?s=96&d=mm&r=g\",\"contentUrl\":\"https:\\\/\\\/secure.gravatar.com\\\/avatar\\\/769db425c6f465158149f1ffd6cf61ce7a8a879d11dfbef8288af36dfddd418c?s=96&d=mm&r=g\",\"caption\":\"La r\u00e9daction\"},\"sameAs\":[\"http:\\\/\\\/www.lkeria.com\\\/\"],\"url\":\"https:\\\/\\\/www.info-algerie.com\\\/actualites\\\/author\\\/chakib32\\\/\"}]}<\/script>\n<!-- \/ Yoast SEO plugin. -->","yoast_head_json":{"title":"Arrestation d&#039;une terroriste \u00e2g\u00e9e de 69 ans \u00e0 Jijel (MDN) - info algerie","robots":{"index":"index","follow":"follow","max-snippet":"max-snippet:-1","max-image-preview":"max-image-preview:large","max-video-preview":"max-video-preview:-1"},"canonical":"https:\/\/www.info-algerie.com\/actualites\/arrestation-dune-terroriste-agee-de-69-ans-a-jijel-mdn\/","og_locale":"fr_FR","og_type":"article","og_title":"Arrestation d&#039;une terroriste \u00e2g\u00e9e de 69 ans \u00e0 Jijel (MDN) - info algerie","og_description":"ALGER- Une terroriste \u00e2g\u00e9e de 69 ans, \u00e9pouse d&rsquo;un terroriste abattu et m\u00e8re de deux terroristes \u00e9galement abattus, a \u00e9t\u00e9 captur\u00e9e lundi \u00e0 Jijel par un d\u00e9tachement de l&rsquo;Arm\u00e9e nationale populaire (ANP), indique un communiqu\u00e9 du minist\u00e8re de la D\u00e9fense nationale (MDN). &#013; &#013; &#013; \u00ab\u00a0Dans le cadre de la lutte antiterroriste, un d\u00e9tachement de","og_url":"https:\/\/www.info-algerie.com\/actualites\/arrestation-dune-terroriste-agee-de-69-ans-a-jijel-mdn\/","og_site_name":"info algerie","article_publisher":"https:\/\/www.facebook.com\/infoalgerieactu","article_published_time":"2017-10-23T12:24:29+00:00","og_image":[{"width":280,"height":158,"url":"https:\/\/www.info-algerie.com\/actualites\/wp-content\/uploads\/2017\/10\/1ceb57139d214fb58e0cf744a8c78189_S-1.jpg","type":"image\/jpeg"}],"author":"La r\u00e9daction","twitter_misc":{"\u00c9crit par":"La r\u00e9daction","Dur\u00e9e de lecture estim\u00e9e":"1 minute"},"schema":{"@context":"https:\/\/schema.org","@graph":[{"@type":"Article","@id":"https:\/\/www.info-algerie.com\/actualites\/arrestation-dune-terroriste-agee-de-69-ans-a-jijel-mdn\/#article","isPartOf":{"@id":"https:\/\/www.info-algerie.com\/actualites\/arrestation-dune-terroriste-agee-de-69-ans-a-jijel-mdn\/"},"author":{"name":"La r\u00e9daction","@id":"https:\/\/www.info-algerie.com\/actualites\/#\/schema\/person\/847aaec44920825b843a08f30ec6aa1e"},"headline":"Arrestation d&#039;une terroriste \u00e2g\u00e9e de 69 ans \u00e0 Jijel (MDN)","datePublished":"2017-10-23T12:24:29+00:00","mainEntityOfPage":{"@id":"https:\/\/www.info-algerie.com\/actualites\/arrestation-dune-terroriste-agee-de-69-ans-a-jijel-mdn\/"},"wordCount":247,"commentCount":0,"publisher":{"@id":"https:\/\/www.info-algerie.com\/actualites\/#organization"},"image":{"@id":"https:\/\/www.info-algerie.com\/actualites\/arrestation-dune-terroriste-agee-de-69-ans-a-jijel-mdn\/#primaryimage"},"thumbnailUrl":"https:\/\/www.info-algerie.com\/actualites\/wp-content\/uploads\/2017\/10\/1ceb57139d214fb58e0cf744a8c78189_S-1.jpg","keywords":["ONU"],"articleSection":["infos"],"inLanguage":"fr-FR","potentialAction":[{"@type":"CommentAction","name":"Comment","target":["https:\/\/www.info-algerie.com\/actualites\/arrestation-dune-terroriste-agee-de-69-ans-a-jijel-mdn\/#respond"]}]},{"@type":"WebPage","@id":"https:\/\/www.info-algerie.com\/actualites\/arrestation-dune-terroriste-agee-de-69-ans-a-jijel-mdn\/","url":"https:\/\/www.info-algerie.com\/actualites\/arrestation-dune-terroriste-agee-de-69-ans-a-jijel-mdn\/","name":"Arrestation d&#039;une terroriste \u00e2g\u00e9e de 69 ans \u00e0 Jijel (MDN) - info algerie","isPartOf":{"@id":"https:\/\/www.info-algerie.com\/actualites\/#website"},"primaryImageOfPage":{"@id":"https:\/\/www.info-algerie.com\/actualites\/arrestation-dune-terroriste-agee-de-69-ans-a-jijel-mdn\/#primaryimage"},"image":{"@id":"https:\/\/www.info-algerie.com\/actualites\/arrestation-dune-terroriste-agee-de-69-ans-a-jijel-mdn\/#primaryimage"},"thumbnailUrl":"https:\/\/www.info-algerie.com\/actualites\/wp-content\/uploads\/2017\/10\/1ceb57139d214fb58e0cf744a8c78189_S-1.jpg","datePublished":"2017-10-23T12:24:29+00:00","breadcrumb":{"@id":"https:\/\/www.info-algerie.com\/actualites\/arrestation-dune-terroriste-agee-de-69-ans-a-jijel-mdn\/#breadcrumb"},"inLanguage":"fr-FR","potentialAction":[{"@type":"ReadAction","target":["https:\/\/www.info-algerie.com\/actualites\/arrestation-dune-terroriste-agee-de-69-ans-a-jijel-mdn\/"]}]},{"@type":"ImageObject","inLanguage":"fr-FR","@id":"https:\/\/www.info-algerie.com\/actualites\/arrestation-dune-terroriste-agee-de-69-ans-a-jijel-mdn\/#primaryimage","url":"https:\/\/www.info-algerie.com\/actualites\/wp-content\/uploads\/2017\/10\/1ceb57139d214fb58e0cf744a8c78189_S-1.jpg","contentUrl":"https:\/\/www.info-algerie.com\/actualites\/wp-content\/uploads\/2017\/10\/1ceb57139d214fb58e0cf744a8c78189_S-1.jpg","width":280,"height":158},{"@type":"BreadcrumbList","@id":"https:\/\/www.info-algerie.com\/actualites\/arrestation-dune-terroriste-agee-de-69-ans-a-jijel-mdn\/#breadcrumb","itemListElement":[{"@type":"ListItem","position":1,"name":"Accueil","item":"https:\/\/www.info-algerie.com\/actualites\/"},{"@type":"ListItem","position":2,"name":"Arrestation d&#039;une terroriste \u00e2g\u00e9e de 69 ans \u00e0 Jijel (MDN)"}]},{"@type":"WebSite","@id":"https:\/\/www.info-algerie.com\/actualites\/#website","url":"https:\/\/www.info-algerie.com\/actualites\/","name":"info algerie","description":"Toutes les actualit\u00e9s","publisher":{"@id":"https:\/\/www.info-algerie.com\/actualites\/#organization"},"potentialAction":[{"@type":"SearchAction","target":{"@type":"EntryPoint","urlTemplate":"https:\/\/www.info-algerie.com\/actualites\/?s={search_term_string}"},"query-input":{"@type":"PropertyValueSpecification","valueRequired":true,"valueName":"search_term_string"}}],"inLanguage":"fr-FR"},{"@type":"Organization","@id":"https:\/\/www.info-algerie.com\/actualites\/#organization","name":"info algerie","url":"https:\/\/www.info-algerie.com\/actualites\/","logo":{"@type":"ImageObject","inLanguage":"fr-FR","@id":"https:\/\/www.info-algerie.com\/actualites\/#\/schema\/logo\/image\/","url":"https:\/\/www.info-algerie.com\/actualites\/wp-content\/uploads\/2022\/07\/logo-ia-120.png","contentUrl":"https:\/\/www.info-algerie.com\/actualites\/wp-content\/uploads\/2022\/07\/logo-ia-120.png","width":120,"height":43,"caption":"info algerie"},"image":{"@id":"https:\/\/www.info-algerie.com\/actualites\/#\/schema\/logo\/image\/"},"sameAs":["https:\/\/www.facebook.com\/infoalgerieactu","https:\/\/x.com\/infoalgerie1"]},{"@type":"Person","@id":"https:\/\/www.info-algerie.com\/actualites\/#\/schema\/person\/847aaec44920825b843a08f30ec6aa1e","name":"La r\u00e9daction","image":{"@type":"ImageObject","inLanguage":"fr-FR","@id":"https:\/\/secure.gravatar.com\/avatar\/769db425c6f465158149f1ffd6cf61ce7a8a879d11dfbef8288af36dfddd418c?s=96&d=mm&r=g","url":"https:\/\/secure.gravatar.com\/avatar\/769db425c6f465158149f1ffd6cf61ce7a8a879d11dfbef8288af36dfddd418c?s=96&d=mm&r=g","contentUrl":"https:\/\/secure.gravatar.com\/avatar\/769db425c6f465158149f1ffd6cf61ce7a8a879d11dfbef8288af36dfddd418c?s=96&d=mm&r=g","caption":"La r\u00e9daction"},"sameAs":["http:\/\/www.lkeria.com\/"],"url":"https:\/\/www.info-algerie.com\/actualites\/author\/chakib32\/"}]}},"_links":{"self":[{"href":"https:\/\/www.info-algerie.com\/actualites\/wp-json\/wp\/v2\/posts\/17171","targetHints":{"allow":["GET"]}}],"collection":[{"href":"https:\/\/www.info-algerie.com\/actualites\/wp-json\/wp\/v2\/posts"}],"about":[{"href":"https:\/\/www.info-algerie.com\/actualites\/wp-json\/wp\/v2\/types\/post"}],"author":[{"embeddable":true,"href":"https:\/\/www.info-algerie.com\/actualites\/wp-json\/wp\/v2\/users\/6"}],"replies":[{"embeddable":true,"href":"https:\/\/www.info-algerie.com\/actualites\/wp-json\/wp\/v2\/comments?post=17171"}],"version-history":[{"count":0,"href":"https:\/\/www.info-algerie.com\/actualites\/wp-json\/wp\/v2\/posts\/17171\/revisions"}],"wp:featuredmedia":[{"embeddable":true,"href":"https:\/\/www.info-algerie.com\/actualites\/wp-json\/wp\/v2\/media\/17172"}],"wp:attachment":[{"href":"https:\/\/www.info-algerie.com\/actualites\/wp-json\/wp\/v2\/media?parent=17171"}],"wp:term":[{"taxonomy":"category","embeddable":true,"href":"https:\/\/www.info-algerie.com\/actualites\/wp-json\/wp\/v2\/categories?post=17171"},{"taxonomy":"post_tag","embeddable":true,"href":"https:\/\/www.info-algerie.com\/actualites\/wp-json\/wp\/v2\/tags?post=17171"}],"curies":[{"name":"wp","href":"https:\/\/api.w.org\/{rel}","templated":true}]}}