{"id":17186,"date":"2017-10-23T18:14:17","date_gmt":"2017-10-23T17:14:17","guid":{"rendered":"http:\/\/www.info-algerie.com\/actualites\/vers-la-concretisation-de-la-citoyennete-linguistique-president-du-hcla\/"},"modified":"2017-10-23T18:14:17","modified_gmt":"2017-10-23T17:14:17","slug":"vers-la-concretisation-de-la-citoyennete-linguistique-president-du-hcla","status":"publish","type":"post","link":"https:\/\/www.info-algerie.com\/actualites\/vers-la-concretisation-de-la-citoyennete-linguistique-president-du-hcla\/","title":{"rendered":"Vers &quot;la concr\u00e9tisation de la citoyennet\u00e9 linguistique&quot; (pr\u00e9sident du HCLA)"},"content":{"rendered":"<div class=\"K2FeedIntroText\">\n<p>ALGER &#8211; Le pr\u00e9sident du Haut Conseil de langue Arabe (HCLA), Salah Belaid, a affirm\u00e9 lundi \u00e0 Alger, que son institution oeuvrait \u00e0 \u00ab\u00a0concr\u00e9tiser la citoyennet\u00e9 linguistique\u00a0\u00bb en coordination avec les diff\u00e9rents secteurs, notamment en mati\u00e8re de la recherche scientifique, d&rsquo;\u00e9ducation et d&rsquo;information.<\/p>\n<p>&#013;\n<\/p><\/div>\n<div class=\"K2FeedFullText\">&#013;<\/p>\n<p>Invit\u00e9 de la chaine I de la Radio alg\u00e9rienne, M. Belaid a pr\u00e9cis\u00e9 que le HCLA qu&rsquo;il pr\u00e9side depuis pr\u00e8s d&rsquo;une ann\u00e9e, devenu depuis une institution constitutionnelle, visait \u00e0 concr\u00e9tiser trois principaux buts \u00e0 savoir \u00ab\u00a0oeuvrer au d\u00e9veloppement de la langue arabe\u00a0\u00bb, \u00ab\u00a0g\u00e9n\u00e9raliser l&rsquo;utilisation de la langue dans les sciences et la technologie\u00a0\u00bb et \u00ab\u00a0redynamiser la traduction des langues \u00e9trang\u00e8res vers la langue arabe\u00a0\u00bb, soulignant que le but supr\u00eame du Conseil \u00e9tait de \u00ab\u00a0concr\u00e9tiser la citoyennet\u00e9 linguistique\u00a0\u00bb en coordination avec les diff\u00e9rents secteurs en mati\u00e8re de recherche\u00a0 scientifique, d&rsquo;\u00e9ducation et d&rsquo;information.<\/p>\n<p>&#013;<\/p>\n<p>En termes de recherche scientifique, ajoute M. Belaid, le Haut Conseil de langue Arabe a sign\u00e9 r\u00e9cemment une convention de coop\u00e9ration avec la Direction g\u00e9n\u00e9rale de la recherche scientifique et du d\u00e9veloppement technologique (DGRSDT) concernant la relance des laboratoires de langues, et ce dans le but de \u00ab\u00a0r\u00e9aliser un saut qualitatif\u00a0\u00bb dans ce domaine pour que la langue arabe devienne langue scientifique.<\/p>\n<p>&#013;<\/p>\n<p>Concernant l&rsquo;\u00e9ducation nationale, le pr\u00e9sident du Conseil a relev\u00e9 qu&rsquo;il a particip\u00e9 la semaine en cours aux travaux de la commission nationale des programmes relevant du secteur de l&rsquo;\u00e9ducation nationale, mettant en avant que le r\u00f4le du Conseil \u00ab\u00a0s&rsquo;articule autour de la pr\u00e9sentation de propositions en relevant les \u00e9ventuelles lacunes\u00a0\u00bb.<\/p>\n<p>&#013;<\/p>\n<p>S&rsquo;agissant du niveau de la langue arabe utilis\u00e9 par les m\u00e9dias nationaux, M. Belaid a d\u00e9plor\u00e9 l&rsquo;utilisation de la langue dans les m\u00e9dias en tant que \u00ab\u00a0m\u00e9lange de langues\u00a0\u00bb dans la majorit\u00e9 des cas, appelant \u00e0 adopter \u00ab\u00a0une langue raffin\u00e9e susceptible de faire parvenir le message\u00a0\u00bb.<\/p>\n<p>&#013;<\/p>\n<p>Evoquant la relation entre la langue arabe et la langue amazighe ainsi que la question de l&rsquo;\u00e9criture de cette derni\u00e8re, M. Belaid a estim\u00e9 que \u00ab\u00a0la question du caract\u00e8re est un diff\u00e9rend intellectuel sur la partie devant s&rsquo;approprier la langue amazighe et en quels caract\u00e8re doit-on l&rsquo;\u00e9crire notamment dans les \u00e9coles\u00a0\u00bb.<\/p>\n<p>&#013;<\/p>\n<p>La m\u00e9thode idoine est d&rsquo;\u00e9crire la langue amazighe en Tifinagh, mais l&rsquo;utilisation des trois caract\u00e8res (arabe, latin et tifinagh) se fait actuellement sans aucun \u00ab\u00a0complexe\u00a0\u00bb, a soutenu M. Belaid qui estime que le caract\u00e8re arabe demeure le plus appropri\u00e9 en tant qu&rsquo;alternative.<\/p>\n<p>&#013;<\/p>\n<p>D&rsquo;autre part, M. Belaid a pr\u00e9sent\u00e9 quelques chiffre relatif \u00e0 l&rsquo;activit\u00e9 du Conseil, pr\u00e9cisant que son institution avait m\u00e9moris\u00e9 pas moins de 9.000 titres, outre la mise en place de 216 titres de ses publications dans les sept r\u00e9seaux internationaux reconnus, ainsi que l&rsquo;ouverture de la possibilit\u00e9 de les t\u00e9l\u00e9charger gratuitement.<\/p>\n<p>&#013;<\/p>\n<p class=\"MsoNormal\">Le HCLA, en partenariat avec le centre de recherche sur l&rsquo;information scientifique et technique, a introduit jusque l\u00e0 3000 titres via la plateforme \u00ab\u00a0Al Djahid\u00a0\u00bb, a ajout\u00e9 M. Belaid.<\/p>\n<\/div>\n<p>&#013;<br \/>\nSource: <a href=\"http:\/\/www.aps.dz\/algerie\/64357-vers-la-concretisation-de-la-citoyennete-linguistique-president-du-hcla\" target=\"_blank\">Vers \u00ab\u00a0la concr\u00e9tisation de la citoyennet\u00e9 linguistique\u00a0\u00bb (pr\u00e9sident du HCLA)<\/a><\/p>\n<!--CusAds0-->\n<div style=\"font-size: 0px; height: 0px; line-height: 0px; margin: 0; padding: 0; clear: both;\"><\/div>","protected":false},"excerpt":{"rendered":"<p>ALGER &#8211; Le pr\u00e9sident du Haut Conseil de langue Arabe (HCLA), Salah Belaid, a affirm\u00e9 lundi \u00e0 Alger, que son institution oeuvrait \u00e0 \u00ab\u00a0concr\u00e9tiser la citoyennet\u00e9 linguistique\u00a0\u00bb en coordination avec les diff\u00e9rents secteurs, notamment en mati\u00e8re de la recherche scientifique, d&rsquo;\u00e9ducation et d&rsquo;information. &#013; &#013; Invit\u00e9 de la chaine I de la Radio alg\u00e9rienne, M.<\/p>\n","protected":false},"author":6,"featured_media":0,"comment_status":"open","ping_status":"open","sticky":false,"template":"","format":"standard","meta":{"footnotes":""},"categories":[22],"tags":[93],"class_list":["post-17186","post","type-post","status-publish","format-standard","hentry","category-infos","tag-onu"],"yoast_head":"<!-- This site is optimized with the Yoast SEO plugin v27.5 - https:\/\/yoast.com\/product\/yoast-seo-wordpress\/ -->\n<title>Vers &quot;la concr\u00e9tisation de la citoyennet\u00e9 linguistique&quot; (pr\u00e9sident du HCLA) - info algerie<\/title>\n<meta name=\"robots\" content=\"index, follow, max-snippet:-1, max-image-preview:large, max-video-preview:-1\" \/>\n<link rel=\"canonical\" href=\"https:\/\/www.info-algerie.com\/actualites\/vers-la-concretisation-de-la-citoyennete-linguistique-president-du-hcla\/\" \/>\n<meta property=\"og:locale\" content=\"fr_FR\" \/>\n<meta property=\"og:type\" content=\"article\" \/>\n<meta property=\"og:title\" content=\"Vers &quot;la concr\u00e9tisation de la citoyennet\u00e9 linguistique&quot; (pr\u00e9sident du HCLA) - info algerie\" \/>\n<meta property=\"og:description\" content=\"ALGER &#8211; Le pr\u00e9sident du Haut Conseil de langue Arabe (HCLA), Salah Belaid, a affirm\u00e9 lundi \u00e0 Alger, que son institution oeuvrait \u00e0 \u00ab\u00a0concr\u00e9tiser la citoyennet\u00e9 linguistique\u00a0\u00bb en coordination avec les diff\u00e9rents secteurs, notamment en mati\u00e8re de la recherche scientifique, d&rsquo;\u00e9ducation et d&rsquo;information. &#013; &#013; Invit\u00e9 de la chaine I de la Radio alg\u00e9rienne, M.\" \/>\n<meta property=\"og:url\" content=\"https:\/\/www.info-algerie.com\/actualites\/vers-la-concretisation-de-la-citoyennete-linguistique-president-du-hcla\/\" \/>\n<meta property=\"og:site_name\" content=\"info algerie\" \/>\n<meta property=\"article:publisher\" content=\"https:\/\/www.facebook.com\/infoalgerieactu\" \/>\n<meta property=\"article:published_time\" content=\"2017-10-23T17:14:17+00:00\" \/>\n<meta name=\"author\" content=\"La r\u00e9daction\" \/>\n<meta name=\"twitter:label1\" content=\"\u00c9crit par\" \/>\n\t<meta name=\"twitter:data1\" content=\"La r\u00e9daction\" \/>\n\t<meta name=\"twitter:label2\" content=\"Dur\u00e9e de lecture estim\u00e9e\" \/>\n\t<meta name=\"twitter:data2\" content=\"3 minutes\" \/>\n<script type=\"application\/ld+json\" class=\"yoast-schema-graph\">{\"@context\":\"https:\\\/\\\/schema.org\",\"@graph\":[{\"@type\":\"Article\",\"@id\":\"https:\\\/\\\/www.info-algerie.com\\\/actualites\\\/vers-la-concretisation-de-la-citoyennete-linguistique-president-du-hcla\\\/#article\",\"isPartOf\":{\"@id\":\"https:\\\/\\\/www.info-algerie.com\\\/actualites\\\/vers-la-concretisation-de-la-citoyennete-linguistique-president-du-hcla\\\/\"},\"author\":{\"name\":\"La r\u00e9daction\",\"@id\":\"https:\\\/\\\/www.info-algerie.com\\\/actualites\\\/#\\\/schema\\\/person\\\/847aaec44920825b843a08f30ec6aa1e\"},\"headline\":\"Vers &quot;la concr\u00e9tisation de la citoyennet\u00e9 linguistique&quot; (pr\u00e9sident du HCLA)\",\"datePublished\":\"2017-10-23T17:14:17+00:00\",\"mainEntityOfPage\":{\"@id\":\"https:\\\/\\\/www.info-algerie.com\\\/actualites\\\/vers-la-concretisation-de-la-citoyennete-linguistique-president-du-hcla\\\/\"},\"wordCount\":551,\"commentCount\":0,\"publisher\":{\"@id\":\"https:\\\/\\\/www.info-algerie.com\\\/actualites\\\/#organization\"},\"keywords\":[\"ONU\"],\"articleSection\":[\"infos\"],\"inLanguage\":\"fr-FR\",\"potentialAction\":[{\"@type\":\"CommentAction\",\"name\":\"Comment\",\"target\":[\"https:\\\/\\\/www.info-algerie.com\\\/actualites\\\/vers-la-concretisation-de-la-citoyennete-linguistique-president-du-hcla\\\/#respond\"]}]},{\"@type\":\"WebPage\",\"@id\":\"https:\\\/\\\/www.info-algerie.com\\\/actualites\\\/vers-la-concretisation-de-la-citoyennete-linguistique-president-du-hcla\\\/\",\"url\":\"https:\\\/\\\/www.info-algerie.com\\\/actualites\\\/vers-la-concretisation-de-la-citoyennete-linguistique-president-du-hcla\\\/\",\"name\":\"Vers &quot;la concr\u00e9tisation de la citoyennet\u00e9 linguistique&quot; (pr\u00e9sident du HCLA) - info algerie\",\"isPartOf\":{\"@id\":\"https:\\\/\\\/www.info-algerie.com\\\/actualites\\\/#website\"},\"datePublished\":\"2017-10-23T17:14:17+00:00\",\"breadcrumb\":{\"@id\":\"https:\\\/\\\/www.info-algerie.com\\\/actualites\\\/vers-la-concretisation-de-la-citoyennete-linguistique-president-du-hcla\\\/#breadcrumb\"},\"inLanguage\":\"fr-FR\",\"potentialAction\":[{\"@type\":\"ReadAction\",\"target\":[\"https:\\\/\\\/www.info-algerie.com\\\/actualites\\\/vers-la-concretisation-de-la-citoyennete-linguistique-president-du-hcla\\\/\"]}]},{\"@type\":\"BreadcrumbList\",\"@id\":\"https:\\\/\\\/www.info-algerie.com\\\/actualites\\\/vers-la-concretisation-de-la-citoyennete-linguistique-president-du-hcla\\\/#breadcrumb\",\"itemListElement\":[{\"@type\":\"ListItem\",\"position\":1,\"name\":\"Accueil\",\"item\":\"https:\\\/\\\/www.info-algerie.com\\\/actualites\\\/\"},{\"@type\":\"ListItem\",\"position\":2,\"name\":\"Vers &quot;la concr\u00e9tisation de la citoyennet\u00e9 linguistique&quot; (pr\u00e9sident du HCLA)\"}]},{\"@type\":\"WebSite\",\"@id\":\"https:\\\/\\\/www.info-algerie.com\\\/actualites\\\/#website\",\"url\":\"https:\\\/\\\/www.info-algerie.com\\\/actualites\\\/\",\"name\":\"info algerie\",\"description\":\"Toutes les actualit\u00e9s\",\"publisher\":{\"@id\":\"https:\\\/\\\/www.info-algerie.com\\\/actualites\\\/#organization\"},\"potentialAction\":[{\"@type\":\"SearchAction\",\"target\":{\"@type\":\"EntryPoint\",\"urlTemplate\":\"https:\\\/\\\/www.info-algerie.com\\\/actualites\\\/?s={search_term_string}\"},\"query-input\":{\"@type\":\"PropertyValueSpecification\",\"valueRequired\":true,\"valueName\":\"search_term_string\"}}],\"inLanguage\":\"fr-FR\"},{\"@type\":\"Organization\",\"@id\":\"https:\\\/\\\/www.info-algerie.com\\\/actualites\\\/#organization\",\"name\":\"info algerie\",\"url\":\"https:\\\/\\\/www.info-algerie.com\\\/actualites\\\/\",\"logo\":{\"@type\":\"ImageObject\",\"inLanguage\":\"fr-FR\",\"@id\":\"https:\\\/\\\/www.info-algerie.com\\\/actualites\\\/#\\\/schema\\\/logo\\\/image\\\/\",\"url\":\"https:\\\/\\\/www.info-algerie.com\\\/actualites\\\/wp-content\\\/uploads\\\/2022\\\/07\\\/logo-ia-120.png\",\"contentUrl\":\"https:\\\/\\\/www.info-algerie.com\\\/actualites\\\/wp-content\\\/uploads\\\/2022\\\/07\\\/logo-ia-120.png\",\"width\":120,\"height\":43,\"caption\":\"info algerie\"},\"image\":{\"@id\":\"https:\\\/\\\/www.info-algerie.com\\\/actualites\\\/#\\\/schema\\\/logo\\\/image\\\/\"},\"sameAs\":[\"https:\\\/\\\/www.facebook.com\\\/infoalgerieactu\",\"https:\\\/\\\/x.com\\\/infoalgerie1\"]},{\"@type\":\"Person\",\"@id\":\"https:\\\/\\\/www.info-algerie.com\\\/actualites\\\/#\\\/schema\\\/person\\\/847aaec44920825b843a08f30ec6aa1e\",\"name\":\"La r\u00e9daction\",\"image\":{\"@type\":\"ImageObject\",\"inLanguage\":\"fr-FR\",\"@id\":\"https:\\\/\\\/secure.gravatar.com\\\/avatar\\\/769db425c6f465158149f1ffd6cf61ce7a8a879d11dfbef8288af36dfddd418c?s=96&d=mm&r=g\",\"url\":\"https:\\\/\\\/secure.gravatar.com\\\/avatar\\\/769db425c6f465158149f1ffd6cf61ce7a8a879d11dfbef8288af36dfddd418c?s=96&d=mm&r=g\",\"contentUrl\":\"https:\\\/\\\/secure.gravatar.com\\\/avatar\\\/769db425c6f465158149f1ffd6cf61ce7a8a879d11dfbef8288af36dfddd418c?s=96&d=mm&r=g\",\"caption\":\"La r\u00e9daction\"},\"sameAs\":[\"http:\\\/\\\/www.lkeria.com\\\/\"],\"url\":\"https:\\\/\\\/www.info-algerie.com\\\/actualites\\\/author\\\/chakib32\\\/\"}]}<\/script>\n<!-- \/ Yoast SEO plugin. -->","yoast_head_json":{"title":"Vers &quot;la concr\u00e9tisation de la citoyennet\u00e9 linguistique&quot; (pr\u00e9sident du HCLA) - info algerie","robots":{"index":"index","follow":"follow","max-snippet":"max-snippet:-1","max-image-preview":"max-image-preview:large","max-video-preview":"max-video-preview:-1"},"canonical":"https:\/\/www.info-algerie.com\/actualites\/vers-la-concretisation-de-la-citoyennete-linguistique-president-du-hcla\/","og_locale":"fr_FR","og_type":"article","og_title":"Vers &quot;la concr\u00e9tisation de la citoyennet\u00e9 linguistique&quot; (pr\u00e9sident du HCLA) - info algerie","og_description":"ALGER &#8211; Le pr\u00e9sident du Haut Conseil de langue Arabe (HCLA), Salah Belaid, a affirm\u00e9 lundi \u00e0 Alger, que son institution oeuvrait \u00e0 \u00ab\u00a0concr\u00e9tiser la citoyennet\u00e9 linguistique\u00a0\u00bb en coordination avec les diff\u00e9rents secteurs, notamment en mati\u00e8re de la recherche scientifique, d&rsquo;\u00e9ducation et d&rsquo;information. &#013; &#013; Invit\u00e9 de la chaine I de la Radio alg\u00e9rienne, M.","og_url":"https:\/\/www.info-algerie.com\/actualites\/vers-la-concretisation-de-la-citoyennete-linguistique-president-du-hcla\/","og_site_name":"info algerie","article_publisher":"https:\/\/www.facebook.com\/infoalgerieactu","article_published_time":"2017-10-23T17:14:17+00:00","author":"La r\u00e9daction","twitter_misc":{"\u00c9crit par":"La r\u00e9daction","Dur\u00e9e de lecture estim\u00e9e":"3 minutes"},"schema":{"@context":"https:\/\/schema.org","@graph":[{"@type":"Article","@id":"https:\/\/www.info-algerie.com\/actualites\/vers-la-concretisation-de-la-citoyennete-linguistique-president-du-hcla\/#article","isPartOf":{"@id":"https:\/\/www.info-algerie.com\/actualites\/vers-la-concretisation-de-la-citoyennete-linguistique-president-du-hcla\/"},"author":{"name":"La r\u00e9daction","@id":"https:\/\/www.info-algerie.com\/actualites\/#\/schema\/person\/847aaec44920825b843a08f30ec6aa1e"},"headline":"Vers &quot;la concr\u00e9tisation de la citoyennet\u00e9 linguistique&quot; (pr\u00e9sident du HCLA)","datePublished":"2017-10-23T17:14:17+00:00","mainEntityOfPage":{"@id":"https:\/\/www.info-algerie.com\/actualites\/vers-la-concretisation-de-la-citoyennete-linguistique-president-du-hcla\/"},"wordCount":551,"commentCount":0,"publisher":{"@id":"https:\/\/www.info-algerie.com\/actualites\/#organization"},"keywords":["ONU"],"articleSection":["infos"],"inLanguage":"fr-FR","potentialAction":[{"@type":"CommentAction","name":"Comment","target":["https:\/\/www.info-algerie.com\/actualites\/vers-la-concretisation-de-la-citoyennete-linguistique-president-du-hcla\/#respond"]}]},{"@type":"WebPage","@id":"https:\/\/www.info-algerie.com\/actualites\/vers-la-concretisation-de-la-citoyennete-linguistique-president-du-hcla\/","url":"https:\/\/www.info-algerie.com\/actualites\/vers-la-concretisation-de-la-citoyennete-linguistique-president-du-hcla\/","name":"Vers &quot;la concr\u00e9tisation de la citoyennet\u00e9 linguistique&quot; (pr\u00e9sident du HCLA) - info algerie","isPartOf":{"@id":"https:\/\/www.info-algerie.com\/actualites\/#website"},"datePublished":"2017-10-23T17:14:17+00:00","breadcrumb":{"@id":"https:\/\/www.info-algerie.com\/actualites\/vers-la-concretisation-de-la-citoyennete-linguistique-president-du-hcla\/#breadcrumb"},"inLanguage":"fr-FR","potentialAction":[{"@type":"ReadAction","target":["https:\/\/www.info-algerie.com\/actualites\/vers-la-concretisation-de-la-citoyennete-linguistique-president-du-hcla\/"]}]},{"@type":"BreadcrumbList","@id":"https:\/\/www.info-algerie.com\/actualites\/vers-la-concretisation-de-la-citoyennete-linguistique-president-du-hcla\/#breadcrumb","itemListElement":[{"@type":"ListItem","position":1,"name":"Accueil","item":"https:\/\/www.info-algerie.com\/actualites\/"},{"@type":"ListItem","position":2,"name":"Vers &quot;la concr\u00e9tisation de la citoyennet\u00e9 linguistique&quot; (pr\u00e9sident du HCLA)"}]},{"@type":"WebSite","@id":"https:\/\/www.info-algerie.com\/actualites\/#website","url":"https:\/\/www.info-algerie.com\/actualites\/","name":"info algerie","description":"Toutes les actualit\u00e9s","publisher":{"@id":"https:\/\/www.info-algerie.com\/actualites\/#organization"},"potentialAction":[{"@type":"SearchAction","target":{"@type":"EntryPoint","urlTemplate":"https:\/\/www.info-algerie.com\/actualites\/?s={search_term_string}"},"query-input":{"@type":"PropertyValueSpecification","valueRequired":true,"valueName":"search_term_string"}}],"inLanguage":"fr-FR"},{"@type":"Organization","@id":"https:\/\/www.info-algerie.com\/actualites\/#organization","name":"info algerie","url":"https:\/\/www.info-algerie.com\/actualites\/","logo":{"@type":"ImageObject","inLanguage":"fr-FR","@id":"https:\/\/www.info-algerie.com\/actualites\/#\/schema\/logo\/image\/","url":"https:\/\/www.info-algerie.com\/actualites\/wp-content\/uploads\/2022\/07\/logo-ia-120.png","contentUrl":"https:\/\/www.info-algerie.com\/actualites\/wp-content\/uploads\/2022\/07\/logo-ia-120.png","width":120,"height":43,"caption":"info algerie"},"image":{"@id":"https:\/\/www.info-algerie.com\/actualites\/#\/schema\/logo\/image\/"},"sameAs":["https:\/\/www.facebook.com\/infoalgerieactu","https:\/\/x.com\/infoalgerie1"]},{"@type":"Person","@id":"https:\/\/www.info-algerie.com\/actualites\/#\/schema\/person\/847aaec44920825b843a08f30ec6aa1e","name":"La r\u00e9daction","image":{"@type":"ImageObject","inLanguage":"fr-FR","@id":"https:\/\/secure.gravatar.com\/avatar\/769db425c6f465158149f1ffd6cf61ce7a8a879d11dfbef8288af36dfddd418c?s=96&d=mm&r=g","url":"https:\/\/secure.gravatar.com\/avatar\/769db425c6f465158149f1ffd6cf61ce7a8a879d11dfbef8288af36dfddd418c?s=96&d=mm&r=g","contentUrl":"https:\/\/secure.gravatar.com\/avatar\/769db425c6f465158149f1ffd6cf61ce7a8a879d11dfbef8288af36dfddd418c?s=96&d=mm&r=g","caption":"La r\u00e9daction"},"sameAs":["http:\/\/www.lkeria.com\/"],"url":"https:\/\/www.info-algerie.com\/actualites\/author\/chakib32\/"}]}},"_links":{"self":[{"href":"https:\/\/www.info-algerie.com\/actualites\/wp-json\/wp\/v2\/posts\/17186","targetHints":{"allow":["GET"]}}],"collection":[{"href":"https:\/\/www.info-algerie.com\/actualites\/wp-json\/wp\/v2\/posts"}],"about":[{"href":"https:\/\/www.info-algerie.com\/actualites\/wp-json\/wp\/v2\/types\/post"}],"author":[{"embeddable":true,"href":"https:\/\/www.info-algerie.com\/actualites\/wp-json\/wp\/v2\/users\/6"}],"replies":[{"embeddable":true,"href":"https:\/\/www.info-algerie.com\/actualites\/wp-json\/wp\/v2\/comments?post=17186"}],"version-history":[{"count":0,"href":"https:\/\/www.info-algerie.com\/actualites\/wp-json\/wp\/v2\/posts\/17186\/revisions"}],"wp:attachment":[{"href":"https:\/\/www.info-algerie.com\/actualites\/wp-json\/wp\/v2\/media?parent=17186"}],"wp:term":[{"taxonomy":"category","embeddable":true,"href":"https:\/\/www.info-algerie.com\/actualites\/wp-json\/wp\/v2\/categories?post=17186"},{"taxonomy":"post_tag","embeddable":true,"href":"https:\/\/www.info-algerie.com\/actualites\/wp-json\/wp\/v2\/tags?post=17186"}],"curies":[{"name":"wp","href":"https:\/\/api.w.org\/{rel}","templated":true}]}}