{"id":17194,"date":"2017-10-24T09:53:37","date_gmt":"2017-10-24T08:53:37","guid":{"rendered":"http:\/\/www.info-algerie.com\/actualites\/deux-dangereux-terroristes-abattus-a-jijel-mdn\/"},"modified":"2017-10-24T09:53:37","modified_gmt":"2017-10-24T08:53:37","slug":"deux-dangereux-terroristes-abattus-a-jijel-mdn","status":"publish","type":"post","link":"https:\/\/www.info-algerie.com\/actualites\/deux-dangereux-terroristes-abattus-a-jijel-mdn\/","title":{"rendered":"Deux dangereux terroristes abattus \u00e0 Jijel (MDN)"},"content":{"rendered":"<div class=\"K2FeedImage\"><img decoding=\"async\" src=\"https:\/\/www.info-algerie.com\/actualites\/wp-content\/uploads\/2017\/10\/23f21135537958e36f9662a44ca2d475_S.jpg\" alt=\"Deux dangereux terroristes abattus &#xE0; Jijel (MDN)\" \/><\/div>\n<div class=\"K2FeedIntroText\">\n<p>ALGER- Deux dangereux terroristes ont \u00e9t\u00e9 abattus lundi apr\u00e8s midi \u00e0 Jijel par un d\u00e9tachement de l\u2019Arm\u00e9e nationale populaire (ANP), indique un communiqu\u00e9 du minist\u00e8re de la D\u00e9fense nationale \u00ab\u00a0Suite aux op\u00e9rations de qualit\u00e9 ex\u00e9cut\u00e9es par nos unit\u00e9s \u00e0<a href=\"http:\/\/www.aps.dz\/algerie\/64327-operations-antiterroristes-a-jijel-et-batna-2-dangereux-terroristes-elimines-et-2-autres-captures-bilan\"><strong> Jijel et Batna\/5\u00e8me R\u00e9gion militaire,<\/strong><\/a> un d\u00e9tachement de l\u2019Arm\u00e9e nationale populaire a abattu, cet apr\u00e8s-midi du 23 octobre 2017 \u00e0 Jijel, deux dangereux (02) terroristes en leur possession deux (02) pistolets mitrailleurs de type Kalachnikov, un pistolet automatique et une quantit\u00e9 de munitions\u00a0\u00bb, pr\u00e9cise la m\u00eame source.<\/p>\n<p>&#013;\n<\/p><\/div>\n<div class=\"K2FeedFullText\">&#013;<\/p>\n<p>\u00ab\u00a0Ainsi, le bilan de ces op\u00e9rations, qui demeurent en cours, s\u2019\u00e9l\u00e8ve \u00e0 l\u2019\u00e9limination de quatre (04) terroristes et la capture de deux (02) autres en plus de cinq (05) femmes terroristes arr\u00eat\u00e9es et la r\u00e9cup\u00e9ration d\u2019armes \u00e0 feu et d\u2019une quantit\u00e9 de munitions\u00a0\u00bb, ajoute le communiqu\u00e9 du MDN.<\/p>\n<\/div>\n<p>&#013;<br \/>\nSource: <a href=\"http:\/\/www.aps.dz\/algerie\/64384-deux-dangereux-terroristes-abattus-a-jijel-mdn\" target=\"_blank\">Deux dangereux terroristes abattus \u00e0 Jijel (MDN)<\/a><\/p>\n<!--CusAds0-->\n<div style=\"font-size: 0px; height: 0px; line-height: 0px; margin: 0; padding: 0; clear: both;\"><\/div>","protected":false},"excerpt":{"rendered":"<p>ALGER- Deux dangereux terroristes ont \u00e9t\u00e9 abattus lundi apr\u00e8s midi \u00e0 Jijel par un d\u00e9tachement de l\u2019Arm\u00e9e nationale populaire (ANP), indique un communiqu\u00e9 du minist\u00e8re de la D\u00e9fense nationale \u00ab\u00a0Suite aux op\u00e9rations de qualit\u00e9 ex\u00e9cut\u00e9es par nos unit\u00e9s \u00e0 Jijel et Batna\/5\u00e8me R\u00e9gion militaire, un d\u00e9tachement de l\u2019Arm\u00e9e nationale populaire a abattu, cet apr\u00e8s-midi du<\/p>\n","protected":false},"author":6,"featured_media":17195,"comment_status":"open","ping_status":"open","sticky":false,"template":"","format":"standard","meta":{"footnotes":""},"categories":[22],"tags":[93],"class_list":["post-17194","post","type-post","status-publish","format-standard","has-post-thumbnail","hentry","category-infos","tag-onu"],"yoast_head":"<!-- This site is optimized with the Yoast SEO plugin v27.5 - https:\/\/yoast.com\/product\/yoast-seo-wordpress\/ -->\n<title>Deux dangereux terroristes abattus \u00e0 Jijel (MDN) - info algerie<\/title>\n<meta name=\"robots\" content=\"index, follow, max-snippet:-1, max-image-preview:large, max-video-preview:-1\" \/>\n<link rel=\"canonical\" href=\"https:\/\/www.info-algerie.com\/actualites\/deux-dangereux-terroristes-abattus-a-jijel-mdn\/\" \/>\n<meta property=\"og:locale\" content=\"fr_FR\" \/>\n<meta property=\"og:type\" content=\"article\" \/>\n<meta property=\"og:title\" content=\"Deux dangereux terroristes abattus \u00e0 Jijel (MDN) - info algerie\" \/>\n<meta property=\"og:description\" content=\"ALGER- Deux dangereux terroristes ont \u00e9t\u00e9 abattus lundi apr\u00e8s midi \u00e0 Jijel par un d\u00e9tachement de l\u2019Arm\u00e9e nationale populaire (ANP), indique un communiqu\u00e9 du minist\u00e8re de la D\u00e9fense nationale \u00ab\u00a0Suite aux op\u00e9rations de qualit\u00e9 ex\u00e9cut\u00e9es par nos unit\u00e9s \u00e0 Jijel et Batna\/5\u00e8me R\u00e9gion militaire, un d\u00e9tachement de l\u2019Arm\u00e9e nationale populaire a abattu, cet apr\u00e8s-midi du\" \/>\n<meta property=\"og:url\" content=\"https:\/\/www.info-algerie.com\/actualites\/deux-dangereux-terroristes-abattus-a-jijel-mdn\/\" \/>\n<meta property=\"og:site_name\" content=\"info algerie\" \/>\n<meta property=\"article:publisher\" content=\"https:\/\/www.facebook.com\/infoalgerieactu\" \/>\n<meta property=\"article:published_time\" content=\"2017-10-24T08:53:37+00:00\" \/>\n<meta property=\"og:image\" content=\"https:\/\/www.info-algerie.com\/actualites\/wp-content\/uploads\/2017\/10\/23f21135537958e36f9662a44ca2d475_S-1.jpg\" \/>\n\t<meta property=\"og:image:width\" content=\"280\" \/>\n\t<meta property=\"og:image:height\" content=\"158\" \/>\n\t<meta property=\"og:image:type\" content=\"image\/jpeg\" \/>\n<meta name=\"author\" content=\"La r\u00e9daction\" \/>\n<meta name=\"twitter:label1\" content=\"\u00c9crit par\" \/>\n\t<meta name=\"twitter:data1\" content=\"La r\u00e9daction\" \/>\n\t<meta name=\"twitter:label2\" content=\"Dur\u00e9e de lecture estim\u00e9e\" \/>\n\t<meta name=\"twitter:data2\" content=\"1 minute\" \/>\n<script type=\"application\/ld+json\" class=\"yoast-schema-graph\">{\"@context\":\"https:\\\/\\\/schema.org\",\"@graph\":[{\"@type\":\"Article\",\"@id\":\"https:\\\/\\\/www.info-algerie.com\\\/actualites\\\/deux-dangereux-terroristes-abattus-a-jijel-mdn\\\/#article\",\"isPartOf\":{\"@id\":\"https:\\\/\\\/www.info-algerie.com\\\/actualites\\\/deux-dangereux-terroristes-abattus-a-jijel-mdn\\\/\"},\"author\":{\"name\":\"La r\u00e9daction\",\"@id\":\"https:\\\/\\\/www.info-algerie.com\\\/actualites\\\/#\\\/schema\\\/person\\\/847aaec44920825b843a08f30ec6aa1e\"},\"headline\":\"Deux dangereux terroristes abattus \u00e0 Jijel (MDN)\",\"datePublished\":\"2017-10-24T08:53:37+00:00\",\"mainEntityOfPage\":{\"@id\":\"https:\\\/\\\/www.info-algerie.com\\\/actualites\\\/deux-dangereux-terroristes-abattus-a-jijel-mdn\\\/\"},\"wordCount\":163,\"commentCount\":0,\"publisher\":{\"@id\":\"https:\\\/\\\/www.info-algerie.com\\\/actualites\\\/#organization\"},\"image\":{\"@id\":\"https:\\\/\\\/www.info-algerie.com\\\/actualites\\\/deux-dangereux-terroristes-abattus-a-jijel-mdn\\\/#primaryimage\"},\"thumbnailUrl\":\"https:\\\/\\\/www.info-algerie.com\\\/actualites\\\/wp-content\\\/uploads\\\/2017\\\/10\\\/23f21135537958e36f9662a44ca2d475_S-1.jpg\",\"keywords\":[\"ONU\"],\"articleSection\":[\"infos\"],\"inLanguage\":\"fr-FR\",\"potentialAction\":[{\"@type\":\"CommentAction\",\"name\":\"Comment\",\"target\":[\"https:\\\/\\\/www.info-algerie.com\\\/actualites\\\/deux-dangereux-terroristes-abattus-a-jijel-mdn\\\/#respond\"]}]},{\"@type\":\"WebPage\",\"@id\":\"https:\\\/\\\/www.info-algerie.com\\\/actualites\\\/deux-dangereux-terroristes-abattus-a-jijel-mdn\\\/\",\"url\":\"https:\\\/\\\/www.info-algerie.com\\\/actualites\\\/deux-dangereux-terroristes-abattus-a-jijel-mdn\\\/\",\"name\":\"Deux dangereux terroristes abattus \u00e0 Jijel (MDN) - info algerie\",\"isPartOf\":{\"@id\":\"https:\\\/\\\/www.info-algerie.com\\\/actualites\\\/#website\"},\"primaryImageOfPage\":{\"@id\":\"https:\\\/\\\/www.info-algerie.com\\\/actualites\\\/deux-dangereux-terroristes-abattus-a-jijel-mdn\\\/#primaryimage\"},\"image\":{\"@id\":\"https:\\\/\\\/www.info-algerie.com\\\/actualites\\\/deux-dangereux-terroristes-abattus-a-jijel-mdn\\\/#primaryimage\"},\"thumbnailUrl\":\"https:\\\/\\\/www.info-algerie.com\\\/actualites\\\/wp-content\\\/uploads\\\/2017\\\/10\\\/23f21135537958e36f9662a44ca2d475_S-1.jpg\",\"datePublished\":\"2017-10-24T08:53:37+00:00\",\"breadcrumb\":{\"@id\":\"https:\\\/\\\/www.info-algerie.com\\\/actualites\\\/deux-dangereux-terroristes-abattus-a-jijel-mdn\\\/#breadcrumb\"},\"inLanguage\":\"fr-FR\",\"potentialAction\":[{\"@type\":\"ReadAction\",\"target\":[\"https:\\\/\\\/www.info-algerie.com\\\/actualites\\\/deux-dangereux-terroristes-abattus-a-jijel-mdn\\\/\"]}]},{\"@type\":\"ImageObject\",\"inLanguage\":\"fr-FR\",\"@id\":\"https:\\\/\\\/www.info-algerie.com\\\/actualites\\\/deux-dangereux-terroristes-abattus-a-jijel-mdn\\\/#primaryimage\",\"url\":\"https:\\\/\\\/www.info-algerie.com\\\/actualites\\\/wp-content\\\/uploads\\\/2017\\\/10\\\/23f21135537958e36f9662a44ca2d475_S-1.jpg\",\"contentUrl\":\"https:\\\/\\\/www.info-algerie.com\\\/actualites\\\/wp-content\\\/uploads\\\/2017\\\/10\\\/23f21135537958e36f9662a44ca2d475_S-1.jpg\",\"width\":280,\"height\":158},{\"@type\":\"BreadcrumbList\",\"@id\":\"https:\\\/\\\/www.info-algerie.com\\\/actualites\\\/deux-dangereux-terroristes-abattus-a-jijel-mdn\\\/#breadcrumb\",\"itemListElement\":[{\"@type\":\"ListItem\",\"position\":1,\"name\":\"Accueil\",\"item\":\"https:\\\/\\\/www.info-algerie.com\\\/actualites\\\/\"},{\"@type\":\"ListItem\",\"position\":2,\"name\":\"Deux dangereux terroristes abattus \u00e0 Jijel (MDN)\"}]},{\"@type\":\"WebSite\",\"@id\":\"https:\\\/\\\/www.info-algerie.com\\\/actualites\\\/#website\",\"url\":\"https:\\\/\\\/www.info-algerie.com\\\/actualites\\\/\",\"name\":\"info algerie\",\"description\":\"Toutes les actualit\u00e9s\",\"publisher\":{\"@id\":\"https:\\\/\\\/www.info-algerie.com\\\/actualites\\\/#organization\"},\"potentialAction\":[{\"@type\":\"SearchAction\",\"target\":{\"@type\":\"EntryPoint\",\"urlTemplate\":\"https:\\\/\\\/www.info-algerie.com\\\/actualites\\\/?s={search_term_string}\"},\"query-input\":{\"@type\":\"PropertyValueSpecification\",\"valueRequired\":true,\"valueName\":\"search_term_string\"}}],\"inLanguage\":\"fr-FR\"},{\"@type\":\"Organization\",\"@id\":\"https:\\\/\\\/www.info-algerie.com\\\/actualites\\\/#organization\",\"name\":\"info algerie\",\"url\":\"https:\\\/\\\/www.info-algerie.com\\\/actualites\\\/\",\"logo\":{\"@type\":\"ImageObject\",\"inLanguage\":\"fr-FR\",\"@id\":\"https:\\\/\\\/www.info-algerie.com\\\/actualites\\\/#\\\/schema\\\/logo\\\/image\\\/\",\"url\":\"https:\\\/\\\/www.info-algerie.com\\\/actualites\\\/wp-content\\\/uploads\\\/2022\\\/07\\\/logo-ia-120.png\",\"contentUrl\":\"https:\\\/\\\/www.info-algerie.com\\\/actualites\\\/wp-content\\\/uploads\\\/2022\\\/07\\\/logo-ia-120.png\",\"width\":120,\"height\":43,\"caption\":\"info algerie\"},\"image\":{\"@id\":\"https:\\\/\\\/www.info-algerie.com\\\/actualites\\\/#\\\/schema\\\/logo\\\/image\\\/\"},\"sameAs\":[\"https:\\\/\\\/www.facebook.com\\\/infoalgerieactu\",\"https:\\\/\\\/x.com\\\/infoalgerie1\"]},{\"@type\":\"Person\",\"@id\":\"https:\\\/\\\/www.info-algerie.com\\\/actualites\\\/#\\\/schema\\\/person\\\/847aaec44920825b843a08f30ec6aa1e\",\"name\":\"La r\u00e9daction\",\"image\":{\"@type\":\"ImageObject\",\"inLanguage\":\"fr-FR\",\"@id\":\"https:\\\/\\\/secure.gravatar.com\\\/avatar\\\/769db425c6f465158149f1ffd6cf61ce7a8a879d11dfbef8288af36dfddd418c?s=96&d=mm&r=g\",\"url\":\"https:\\\/\\\/secure.gravatar.com\\\/avatar\\\/769db425c6f465158149f1ffd6cf61ce7a8a879d11dfbef8288af36dfddd418c?s=96&d=mm&r=g\",\"contentUrl\":\"https:\\\/\\\/secure.gravatar.com\\\/avatar\\\/769db425c6f465158149f1ffd6cf61ce7a8a879d11dfbef8288af36dfddd418c?s=96&d=mm&r=g\",\"caption\":\"La r\u00e9daction\"},\"sameAs\":[\"http:\\\/\\\/www.lkeria.com\\\/\"],\"url\":\"https:\\\/\\\/www.info-algerie.com\\\/actualites\\\/author\\\/chakib32\\\/\"}]}<\/script>\n<!-- \/ Yoast SEO plugin. -->","yoast_head_json":{"title":"Deux dangereux terroristes abattus \u00e0 Jijel (MDN) - info algerie","robots":{"index":"index","follow":"follow","max-snippet":"max-snippet:-1","max-image-preview":"max-image-preview:large","max-video-preview":"max-video-preview:-1"},"canonical":"https:\/\/www.info-algerie.com\/actualites\/deux-dangereux-terroristes-abattus-a-jijel-mdn\/","og_locale":"fr_FR","og_type":"article","og_title":"Deux dangereux terroristes abattus \u00e0 Jijel (MDN) - info algerie","og_description":"ALGER- Deux dangereux terroristes ont \u00e9t\u00e9 abattus lundi apr\u00e8s midi \u00e0 Jijel par un d\u00e9tachement de l\u2019Arm\u00e9e nationale populaire (ANP), indique un communiqu\u00e9 du minist\u00e8re de la D\u00e9fense nationale \u00ab\u00a0Suite aux op\u00e9rations de qualit\u00e9 ex\u00e9cut\u00e9es par nos unit\u00e9s \u00e0 Jijel et Batna\/5\u00e8me R\u00e9gion militaire, un d\u00e9tachement de l\u2019Arm\u00e9e nationale populaire a abattu, cet apr\u00e8s-midi du","og_url":"https:\/\/www.info-algerie.com\/actualites\/deux-dangereux-terroristes-abattus-a-jijel-mdn\/","og_site_name":"info algerie","article_publisher":"https:\/\/www.facebook.com\/infoalgerieactu","article_published_time":"2017-10-24T08:53:37+00:00","og_image":[{"width":280,"height":158,"url":"https:\/\/www.info-algerie.com\/actualites\/wp-content\/uploads\/2017\/10\/23f21135537958e36f9662a44ca2d475_S-1.jpg","type":"image\/jpeg"}],"author":"La r\u00e9daction","twitter_misc":{"\u00c9crit par":"La r\u00e9daction","Dur\u00e9e de lecture estim\u00e9e":"1 minute"},"schema":{"@context":"https:\/\/schema.org","@graph":[{"@type":"Article","@id":"https:\/\/www.info-algerie.com\/actualites\/deux-dangereux-terroristes-abattus-a-jijel-mdn\/#article","isPartOf":{"@id":"https:\/\/www.info-algerie.com\/actualites\/deux-dangereux-terroristes-abattus-a-jijel-mdn\/"},"author":{"name":"La r\u00e9daction","@id":"https:\/\/www.info-algerie.com\/actualites\/#\/schema\/person\/847aaec44920825b843a08f30ec6aa1e"},"headline":"Deux dangereux terroristes abattus \u00e0 Jijel (MDN)","datePublished":"2017-10-24T08:53:37+00:00","mainEntityOfPage":{"@id":"https:\/\/www.info-algerie.com\/actualites\/deux-dangereux-terroristes-abattus-a-jijel-mdn\/"},"wordCount":163,"commentCount":0,"publisher":{"@id":"https:\/\/www.info-algerie.com\/actualites\/#organization"},"image":{"@id":"https:\/\/www.info-algerie.com\/actualites\/deux-dangereux-terroristes-abattus-a-jijel-mdn\/#primaryimage"},"thumbnailUrl":"https:\/\/www.info-algerie.com\/actualites\/wp-content\/uploads\/2017\/10\/23f21135537958e36f9662a44ca2d475_S-1.jpg","keywords":["ONU"],"articleSection":["infos"],"inLanguage":"fr-FR","potentialAction":[{"@type":"CommentAction","name":"Comment","target":["https:\/\/www.info-algerie.com\/actualites\/deux-dangereux-terroristes-abattus-a-jijel-mdn\/#respond"]}]},{"@type":"WebPage","@id":"https:\/\/www.info-algerie.com\/actualites\/deux-dangereux-terroristes-abattus-a-jijel-mdn\/","url":"https:\/\/www.info-algerie.com\/actualites\/deux-dangereux-terroristes-abattus-a-jijel-mdn\/","name":"Deux dangereux terroristes abattus \u00e0 Jijel (MDN) - info algerie","isPartOf":{"@id":"https:\/\/www.info-algerie.com\/actualites\/#website"},"primaryImageOfPage":{"@id":"https:\/\/www.info-algerie.com\/actualites\/deux-dangereux-terroristes-abattus-a-jijel-mdn\/#primaryimage"},"image":{"@id":"https:\/\/www.info-algerie.com\/actualites\/deux-dangereux-terroristes-abattus-a-jijel-mdn\/#primaryimage"},"thumbnailUrl":"https:\/\/www.info-algerie.com\/actualites\/wp-content\/uploads\/2017\/10\/23f21135537958e36f9662a44ca2d475_S-1.jpg","datePublished":"2017-10-24T08:53:37+00:00","breadcrumb":{"@id":"https:\/\/www.info-algerie.com\/actualites\/deux-dangereux-terroristes-abattus-a-jijel-mdn\/#breadcrumb"},"inLanguage":"fr-FR","potentialAction":[{"@type":"ReadAction","target":["https:\/\/www.info-algerie.com\/actualites\/deux-dangereux-terroristes-abattus-a-jijel-mdn\/"]}]},{"@type":"ImageObject","inLanguage":"fr-FR","@id":"https:\/\/www.info-algerie.com\/actualites\/deux-dangereux-terroristes-abattus-a-jijel-mdn\/#primaryimage","url":"https:\/\/www.info-algerie.com\/actualites\/wp-content\/uploads\/2017\/10\/23f21135537958e36f9662a44ca2d475_S-1.jpg","contentUrl":"https:\/\/www.info-algerie.com\/actualites\/wp-content\/uploads\/2017\/10\/23f21135537958e36f9662a44ca2d475_S-1.jpg","width":280,"height":158},{"@type":"BreadcrumbList","@id":"https:\/\/www.info-algerie.com\/actualites\/deux-dangereux-terroristes-abattus-a-jijel-mdn\/#breadcrumb","itemListElement":[{"@type":"ListItem","position":1,"name":"Accueil","item":"https:\/\/www.info-algerie.com\/actualites\/"},{"@type":"ListItem","position":2,"name":"Deux dangereux terroristes abattus \u00e0 Jijel (MDN)"}]},{"@type":"WebSite","@id":"https:\/\/www.info-algerie.com\/actualites\/#website","url":"https:\/\/www.info-algerie.com\/actualites\/","name":"info algerie","description":"Toutes les actualit\u00e9s","publisher":{"@id":"https:\/\/www.info-algerie.com\/actualites\/#organization"},"potentialAction":[{"@type":"SearchAction","target":{"@type":"EntryPoint","urlTemplate":"https:\/\/www.info-algerie.com\/actualites\/?s={search_term_string}"},"query-input":{"@type":"PropertyValueSpecification","valueRequired":true,"valueName":"search_term_string"}}],"inLanguage":"fr-FR"},{"@type":"Organization","@id":"https:\/\/www.info-algerie.com\/actualites\/#organization","name":"info algerie","url":"https:\/\/www.info-algerie.com\/actualites\/","logo":{"@type":"ImageObject","inLanguage":"fr-FR","@id":"https:\/\/www.info-algerie.com\/actualites\/#\/schema\/logo\/image\/","url":"https:\/\/www.info-algerie.com\/actualites\/wp-content\/uploads\/2022\/07\/logo-ia-120.png","contentUrl":"https:\/\/www.info-algerie.com\/actualites\/wp-content\/uploads\/2022\/07\/logo-ia-120.png","width":120,"height":43,"caption":"info algerie"},"image":{"@id":"https:\/\/www.info-algerie.com\/actualites\/#\/schema\/logo\/image\/"},"sameAs":["https:\/\/www.facebook.com\/infoalgerieactu","https:\/\/x.com\/infoalgerie1"]},{"@type":"Person","@id":"https:\/\/www.info-algerie.com\/actualites\/#\/schema\/person\/847aaec44920825b843a08f30ec6aa1e","name":"La r\u00e9daction","image":{"@type":"ImageObject","inLanguage":"fr-FR","@id":"https:\/\/secure.gravatar.com\/avatar\/769db425c6f465158149f1ffd6cf61ce7a8a879d11dfbef8288af36dfddd418c?s=96&d=mm&r=g","url":"https:\/\/secure.gravatar.com\/avatar\/769db425c6f465158149f1ffd6cf61ce7a8a879d11dfbef8288af36dfddd418c?s=96&d=mm&r=g","contentUrl":"https:\/\/secure.gravatar.com\/avatar\/769db425c6f465158149f1ffd6cf61ce7a8a879d11dfbef8288af36dfddd418c?s=96&d=mm&r=g","caption":"La r\u00e9daction"},"sameAs":["http:\/\/www.lkeria.com\/"],"url":"https:\/\/www.info-algerie.com\/actualites\/author\/chakib32\/"}]}},"_links":{"self":[{"href":"https:\/\/www.info-algerie.com\/actualites\/wp-json\/wp\/v2\/posts\/17194","targetHints":{"allow":["GET"]}}],"collection":[{"href":"https:\/\/www.info-algerie.com\/actualites\/wp-json\/wp\/v2\/posts"}],"about":[{"href":"https:\/\/www.info-algerie.com\/actualites\/wp-json\/wp\/v2\/types\/post"}],"author":[{"embeddable":true,"href":"https:\/\/www.info-algerie.com\/actualites\/wp-json\/wp\/v2\/users\/6"}],"replies":[{"embeddable":true,"href":"https:\/\/www.info-algerie.com\/actualites\/wp-json\/wp\/v2\/comments?post=17194"}],"version-history":[{"count":0,"href":"https:\/\/www.info-algerie.com\/actualites\/wp-json\/wp\/v2\/posts\/17194\/revisions"}],"wp:featuredmedia":[{"embeddable":true,"href":"https:\/\/www.info-algerie.com\/actualites\/wp-json\/wp\/v2\/media\/17195"}],"wp:attachment":[{"href":"https:\/\/www.info-algerie.com\/actualites\/wp-json\/wp\/v2\/media?parent=17194"}],"wp:term":[{"taxonomy":"category","embeddable":true,"href":"https:\/\/www.info-algerie.com\/actualites\/wp-json\/wp\/v2\/categories?post=17194"},{"taxonomy":"post_tag","embeddable":true,"href":"https:\/\/www.info-algerie.com\/actualites\/wp-json\/wp\/v2\/tags?post=17194"}],"curies":[{"name":"wp","href":"https:\/\/api.w.org\/{rel}","templated":true}]}}