{"id":17200,"date":"2017-10-24T11:47:42","date_gmt":"2017-10-24T10:47:42","guid":{"rendered":"http:\/\/www.info-algerie.com\/actualites\/un-dangereux-terroriste-abattu-et-deux-enfants-pris-en-otage-liberes-a-jijel-mdn\/"},"modified":"2017-10-24T11:47:42","modified_gmt":"2017-10-24T10:47:42","slug":"un-dangereux-terroriste-abattu-et-deux-enfants-pris-en-otage-liberes-a-jijel-mdn","status":"publish","type":"post","link":"https:\/\/www.info-algerie.com\/actualites\/un-dangereux-terroriste-abattu-et-deux-enfants-pris-en-otage-liberes-a-jijel-mdn\/","title":{"rendered":"Un dangereux terroriste abattu et deux enfants pris en otage lib\u00e9r\u00e9s \u00e0 Jijel (MDN)"},"content":{"rendered":"<div class=\"K2FeedImage\"><img decoding=\"async\" src=\"https:\/\/www.info-algerie.com\/actualites\/wp-content\/uploads\/2017\/10\/fe7a3b31b4c92c4841f09f28743227ef_S.jpg\" alt=\"Un dangereux terroriste abattu et deux enfants pris en otage lib&#xE9;r&#xE9;s &#xE0; Jijel (MDN)\" \/><\/div>\n<div class=\"K2FeedIntroText\">\n<p class=\"MsoNoSpacing\">ALGER- Un dangereux terroriste a \u00e9t\u00e9 abattu et deux enfants pris en otage par ce criminel ont \u00e9t\u00e9 lib\u00e9r\u00e9s \u00e0 <a href=\"http:\/\/www.aps.dz\/algerie\/64384-deux-dangereux-terroristes-abattus-a-jijel-mdn\"><strong>Jije<\/strong><\/a>l, mardi matin, par un d\u00e9tachement de l&rsquo;Arm\u00e9e nationale populaire (ANP) dans les op\u00e9rations, toujours en cours effectu\u00e9es dans les wilayas de Jijel et Batna, indique un communiqu\u00e9 du minist\u00e8re de la D\u00e9fense nationale (MDN).<\/p>\n<p>&#013;\n<\/p><\/div>\n<div class=\"K2FeedFullText\">&#013;<\/p>\n<p>\u00ab\u00a0Suite aux op\u00e9rations de qualit\u00e9 ex\u00e9cut\u00e9es par nos unit\u00e9s \u00e0 Jijel et Batna\/5 RM, un d\u00e9tachement de l\u2019Arm\u00e9e Nationale Populaire a abattu, ce matin du 24 octobre 2017 \u00e0 Jijel, un dangereux (01) terroriste en possession d\u2019un (01) pistolet mitrailleur de type Kalachnikov et une quantit\u00e9 de munitions, et ce, lors d\u2019une op\u00e9ration d\u2019assaut et de destruction d\u2019un camp pour terroristes\u00a0\u00bb, pr\u00e9cise la source.<\/p>\n<p>&#013;<\/p>\n<blockquote><p>&#013;<\/p>\n<p><em><strong>\u00ab\u00a0L\u2019op\u00e9ration a \u00e9galement permis la lib\u00e9ration de deux (02) enfants \u00e2g\u00e9s respectivement de cinq (05) et sept (07) ans, pris en otages par le criminel abattu\u00a0\u00bb, ajoute la m\u00eame source.<\/strong><\/em><\/p>\n<p>&#013;\n<\/p><\/blockquote>\n<p>&#013;<\/p>\n<p>Ainsi, \u00ab\u00a0le bilan de ces op\u00e9rations, toujours en cours, s\u2019\u00e9l\u00e8ve \u00e0 l\u2019\u00e9limination de cinq (05) terroristes et la capture de deux (02) autres en plus de cinq (05) femmes terroristes arr\u00eat\u00e9es et la r\u00e9cup\u00e9ration de six\u00a0 (06) pistolets mitrailleurs de type Kalachnikov, deux (02) pistolets automatiques et une quantit\u00e9 de munitions\u00a0\u00bb.<\/p>\n<p>&#013;<\/p>\n<p>Ces r\u00e9sultats d\u00e9notent \u00ab\u00a0la ferme d\u00e9termination des forces de l\u2019Arm\u00e9e Nationale Populaire pour l\u2019\u00e9radication d\u00e9finitive du fl\u00e9au du terrorisme et la mise en \u00e9chec de toute tentative visant \u00e0 porter atteinte \u00e0 la stabilit\u00e9 de notre pays. Ils d\u00e9montrent \u00e9galement l\u2019\u00e9tat de d\u00e9sespoir des r\u00e9sidus de\u00a0ces criminels, qui utilisent m\u00eame des enfants pour ex\u00e9cuter leurs crimes abjects\u00a0\u00bb, note le communiqu\u00e9 du MDN.<\/p>\n<\/div>\n<p>&#013;<br \/>\nSource: <a href=\"http:\/\/www.aps.dz\/algerie\/64392-un-dangereux-terroriste-abattu-et-deux-enfants-pris-en-otage-liberes-a-jijel-mdn\" target=\"_blank\">Un dangereux terroriste abattu et deux enfants pris en otage lib\u00e9r\u00e9s \u00e0 Jijel (MDN)<\/a><\/p>\n<!--CusAds0-->\n<div style=\"font-size: 0px; height: 0px; line-height: 0px; margin: 0; padding: 0; clear: both;\"><\/div>","protected":false},"excerpt":{"rendered":"<p>ALGER- Un dangereux terroriste a \u00e9t\u00e9 abattu et deux enfants pris en otage par ce criminel ont \u00e9t\u00e9 lib\u00e9r\u00e9s \u00e0 Jijel, mardi matin, par un d\u00e9tachement de l&rsquo;Arm\u00e9e nationale populaire (ANP) dans les op\u00e9rations, toujours en cours effectu\u00e9es dans les wilayas de Jijel et Batna, indique un communiqu\u00e9 du minist\u00e8re de la D\u00e9fense nationale (MDN).<\/p>\n","protected":false},"author":6,"featured_media":17201,"comment_status":"open","ping_status":"open","sticky":false,"template":"","format":"standard","meta":{"footnotes":""},"categories":[22],"tags":[93],"class_list":["post-17200","post","type-post","status-publish","format-standard","has-post-thumbnail","hentry","category-infos","tag-onu"],"yoast_head":"<!-- This site is optimized with the Yoast SEO plugin v27.5 - https:\/\/yoast.com\/product\/yoast-seo-wordpress\/ -->\n<title>Un dangereux terroriste abattu et deux enfants pris en otage lib\u00e9r\u00e9s \u00e0 Jijel (MDN) - info algerie<\/title>\n<meta name=\"robots\" content=\"index, follow, max-snippet:-1, max-image-preview:large, max-video-preview:-1\" \/>\n<link rel=\"canonical\" href=\"https:\/\/www.info-algerie.com\/actualites\/un-dangereux-terroriste-abattu-et-deux-enfants-pris-en-otage-liberes-a-jijel-mdn\/\" \/>\n<meta property=\"og:locale\" content=\"fr_FR\" \/>\n<meta property=\"og:type\" content=\"article\" \/>\n<meta property=\"og:title\" content=\"Un dangereux terroriste abattu et deux enfants pris en otage lib\u00e9r\u00e9s \u00e0 Jijel (MDN) - info algerie\" \/>\n<meta property=\"og:description\" content=\"ALGER- Un dangereux terroriste a \u00e9t\u00e9 abattu et deux enfants pris en otage par ce criminel ont \u00e9t\u00e9 lib\u00e9r\u00e9s \u00e0 Jijel, mardi matin, par un d\u00e9tachement de l&rsquo;Arm\u00e9e nationale populaire (ANP) dans les op\u00e9rations, toujours en cours effectu\u00e9es dans les wilayas de Jijel et Batna, indique un communiqu\u00e9 du minist\u00e8re de la D\u00e9fense nationale (MDN).\" \/>\n<meta property=\"og:url\" content=\"https:\/\/www.info-algerie.com\/actualites\/un-dangereux-terroriste-abattu-et-deux-enfants-pris-en-otage-liberes-a-jijel-mdn\/\" \/>\n<meta property=\"og:site_name\" content=\"info algerie\" \/>\n<meta property=\"article:publisher\" content=\"https:\/\/www.facebook.com\/infoalgerieactu\" \/>\n<meta property=\"article:published_time\" content=\"2017-10-24T10:47:42+00:00\" \/>\n<meta property=\"og:image\" content=\"https:\/\/www.info-algerie.com\/actualites\/wp-content\/uploads\/2017\/10\/fe7a3b31b4c92c4841f09f28743227ef_S-1.jpg\" \/>\n\t<meta property=\"og:image:width\" content=\"280\" \/>\n\t<meta property=\"og:image:height\" content=\"158\" \/>\n\t<meta property=\"og:image:type\" content=\"image\/jpeg\" \/>\n<meta name=\"author\" content=\"La r\u00e9daction\" \/>\n<meta name=\"twitter:label1\" content=\"\u00c9crit par\" \/>\n\t<meta name=\"twitter:data1\" content=\"La r\u00e9daction\" \/>\n\t<meta name=\"twitter:label2\" content=\"Dur\u00e9e de lecture estim\u00e9e\" \/>\n\t<meta name=\"twitter:data2\" content=\"2 minutes\" \/>\n<script type=\"application\/ld+json\" class=\"yoast-schema-graph\">{\"@context\":\"https:\\\/\\\/schema.org\",\"@graph\":[{\"@type\":\"Article\",\"@id\":\"https:\\\/\\\/www.info-algerie.com\\\/actualites\\\/un-dangereux-terroriste-abattu-et-deux-enfants-pris-en-otage-liberes-a-jijel-mdn\\\/#article\",\"isPartOf\":{\"@id\":\"https:\\\/\\\/www.info-algerie.com\\\/actualites\\\/un-dangereux-terroriste-abattu-et-deux-enfants-pris-en-otage-liberes-a-jijel-mdn\\\/\"},\"author\":{\"name\":\"La r\u00e9daction\",\"@id\":\"https:\\\/\\\/www.info-algerie.com\\\/actualites\\\/#\\\/schema\\\/person\\\/847aaec44920825b843a08f30ec6aa1e\"},\"headline\":\"Un dangereux terroriste abattu et deux enfants pris en otage lib\u00e9r\u00e9s \u00e0 Jijel (MDN)\",\"datePublished\":\"2017-10-24T10:47:42+00:00\",\"mainEntityOfPage\":{\"@id\":\"https:\\\/\\\/www.info-algerie.com\\\/actualites\\\/un-dangereux-terroriste-abattu-et-deux-enfants-pris-en-otage-liberes-a-jijel-mdn\\\/\"},\"wordCount\":326,\"commentCount\":0,\"publisher\":{\"@id\":\"https:\\\/\\\/www.info-algerie.com\\\/actualites\\\/#organization\"},\"image\":{\"@id\":\"https:\\\/\\\/www.info-algerie.com\\\/actualites\\\/un-dangereux-terroriste-abattu-et-deux-enfants-pris-en-otage-liberes-a-jijel-mdn\\\/#primaryimage\"},\"thumbnailUrl\":\"https:\\\/\\\/www.info-algerie.com\\\/actualites\\\/wp-content\\\/uploads\\\/2017\\\/10\\\/fe7a3b31b4c92c4841f09f28743227ef_S-1.jpg\",\"keywords\":[\"ONU\"],\"articleSection\":[\"infos\"],\"inLanguage\":\"fr-FR\",\"potentialAction\":[{\"@type\":\"CommentAction\",\"name\":\"Comment\",\"target\":[\"https:\\\/\\\/www.info-algerie.com\\\/actualites\\\/un-dangereux-terroriste-abattu-et-deux-enfants-pris-en-otage-liberes-a-jijel-mdn\\\/#respond\"]}]},{\"@type\":\"WebPage\",\"@id\":\"https:\\\/\\\/www.info-algerie.com\\\/actualites\\\/un-dangereux-terroriste-abattu-et-deux-enfants-pris-en-otage-liberes-a-jijel-mdn\\\/\",\"url\":\"https:\\\/\\\/www.info-algerie.com\\\/actualites\\\/un-dangereux-terroriste-abattu-et-deux-enfants-pris-en-otage-liberes-a-jijel-mdn\\\/\",\"name\":\"Un dangereux terroriste abattu et deux enfants pris en otage lib\u00e9r\u00e9s \u00e0 Jijel (MDN) - info algerie\",\"isPartOf\":{\"@id\":\"https:\\\/\\\/www.info-algerie.com\\\/actualites\\\/#website\"},\"primaryImageOfPage\":{\"@id\":\"https:\\\/\\\/www.info-algerie.com\\\/actualites\\\/un-dangereux-terroriste-abattu-et-deux-enfants-pris-en-otage-liberes-a-jijel-mdn\\\/#primaryimage\"},\"image\":{\"@id\":\"https:\\\/\\\/www.info-algerie.com\\\/actualites\\\/un-dangereux-terroriste-abattu-et-deux-enfants-pris-en-otage-liberes-a-jijel-mdn\\\/#primaryimage\"},\"thumbnailUrl\":\"https:\\\/\\\/www.info-algerie.com\\\/actualites\\\/wp-content\\\/uploads\\\/2017\\\/10\\\/fe7a3b31b4c92c4841f09f28743227ef_S-1.jpg\",\"datePublished\":\"2017-10-24T10:47:42+00:00\",\"breadcrumb\":{\"@id\":\"https:\\\/\\\/www.info-algerie.com\\\/actualites\\\/un-dangereux-terroriste-abattu-et-deux-enfants-pris-en-otage-liberes-a-jijel-mdn\\\/#breadcrumb\"},\"inLanguage\":\"fr-FR\",\"potentialAction\":[{\"@type\":\"ReadAction\",\"target\":[\"https:\\\/\\\/www.info-algerie.com\\\/actualites\\\/un-dangereux-terroriste-abattu-et-deux-enfants-pris-en-otage-liberes-a-jijel-mdn\\\/\"]}]},{\"@type\":\"ImageObject\",\"inLanguage\":\"fr-FR\",\"@id\":\"https:\\\/\\\/www.info-algerie.com\\\/actualites\\\/un-dangereux-terroriste-abattu-et-deux-enfants-pris-en-otage-liberes-a-jijel-mdn\\\/#primaryimage\",\"url\":\"https:\\\/\\\/www.info-algerie.com\\\/actualites\\\/wp-content\\\/uploads\\\/2017\\\/10\\\/fe7a3b31b4c92c4841f09f28743227ef_S-1.jpg\",\"contentUrl\":\"https:\\\/\\\/www.info-algerie.com\\\/actualites\\\/wp-content\\\/uploads\\\/2017\\\/10\\\/fe7a3b31b4c92c4841f09f28743227ef_S-1.jpg\",\"width\":280,\"height\":158},{\"@type\":\"BreadcrumbList\",\"@id\":\"https:\\\/\\\/www.info-algerie.com\\\/actualites\\\/un-dangereux-terroriste-abattu-et-deux-enfants-pris-en-otage-liberes-a-jijel-mdn\\\/#breadcrumb\",\"itemListElement\":[{\"@type\":\"ListItem\",\"position\":1,\"name\":\"Accueil\",\"item\":\"https:\\\/\\\/www.info-algerie.com\\\/actualites\\\/\"},{\"@type\":\"ListItem\",\"position\":2,\"name\":\"Un dangereux terroriste abattu et deux enfants pris en otage lib\u00e9r\u00e9s \u00e0 Jijel (MDN)\"}]},{\"@type\":\"WebSite\",\"@id\":\"https:\\\/\\\/www.info-algerie.com\\\/actualites\\\/#website\",\"url\":\"https:\\\/\\\/www.info-algerie.com\\\/actualites\\\/\",\"name\":\"info algerie\",\"description\":\"Toutes les actualit\u00e9s\",\"publisher\":{\"@id\":\"https:\\\/\\\/www.info-algerie.com\\\/actualites\\\/#organization\"},\"potentialAction\":[{\"@type\":\"SearchAction\",\"target\":{\"@type\":\"EntryPoint\",\"urlTemplate\":\"https:\\\/\\\/www.info-algerie.com\\\/actualites\\\/?s={search_term_string}\"},\"query-input\":{\"@type\":\"PropertyValueSpecification\",\"valueRequired\":true,\"valueName\":\"search_term_string\"}}],\"inLanguage\":\"fr-FR\"},{\"@type\":\"Organization\",\"@id\":\"https:\\\/\\\/www.info-algerie.com\\\/actualites\\\/#organization\",\"name\":\"info algerie\",\"url\":\"https:\\\/\\\/www.info-algerie.com\\\/actualites\\\/\",\"logo\":{\"@type\":\"ImageObject\",\"inLanguage\":\"fr-FR\",\"@id\":\"https:\\\/\\\/www.info-algerie.com\\\/actualites\\\/#\\\/schema\\\/logo\\\/image\\\/\",\"url\":\"https:\\\/\\\/www.info-algerie.com\\\/actualites\\\/wp-content\\\/uploads\\\/2022\\\/07\\\/logo-ia-120.png\",\"contentUrl\":\"https:\\\/\\\/www.info-algerie.com\\\/actualites\\\/wp-content\\\/uploads\\\/2022\\\/07\\\/logo-ia-120.png\",\"width\":120,\"height\":43,\"caption\":\"info algerie\"},\"image\":{\"@id\":\"https:\\\/\\\/www.info-algerie.com\\\/actualites\\\/#\\\/schema\\\/logo\\\/image\\\/\"},\"sameAs\":[\"https:\\\/\\\/www.facebook.com\\\/infoalgerieactu\",\"https:\\\/\\\/x.com\\\/infoalgerie1\"]},{\"@type\":\"Person\",\"@id\":\"https:\\\/\\\/www.info-algerie.com\\\/actualites\\\/#\\\/schema\\\/person\\\/847aaec44920825b843a08f30ec6aa1e\",\"name\":\"La r\u00e9daction\",\"image\":{\"@type\":\"ImageObject\",\"inLanguage\":\"fr-FR\",\"@id\":\"https:\\\/\\\/secure.gravatar.com\\\/avatar\\\/769db425c6f465158149f1ffd6cf61ce7a8a879d11dfbef8288af36dfddd418c?s=96&d=mm&r=g\",\"url\":\"https:\\\/\\\/secure.gravatar.com\\\/avatar\\\/769db425c6f465158149f1ffd6cf61ce7a8a879d11dfbef8288af36dfddd418c?s=96&d=mm&r=g\",\"contentUrl\":\"https:\\\/\\\/secure.gravatar.com\\\/avatar\\\/769db425c6f465158149f1ffd6cf61ce7a8a879d11dfbef8288af36dfddd418c?s=96&d=mm&r=g\",\"caption\":\"La r\u00e9daction\"},\"sameAs\":[\"http:\\\/\\\/www.lkeria.com\\\/\"],\"url\":\"https:\\\/\\\/www.info-algerie.com\\\/actualites\\\/author\\\/chakib32\\\/\"}]}<\/script>\n<!-- \/ Yoast SEO plugin. -->","yoast_head_json":{"title":"Un dangereux terroriste abattu et deux enfants pris en otage lib\u00e9r\u00e9s \u00e0 Jijel (MDN) - info algerie","robots":{"index":"index","follow":"follow","max-snippet":"max-snippet:-1","max-image-preview":"max-image-preview:large","max-video-preview":"max-video-preview:-1"},"canonical":"https:\/\/www.info-algerie.com\/actualites\/un-dangereux-terroriste-abattu-et-deux-enfants-pris-en-otage-liberes-a-jijel-mdn\/","og_locale":"fr_FR","og_type":"article","og_title":"Un dangereux terroriste abattu et deux enfants pris en otage lib\u00e9r\u00e9s \u00e0 Jijel (MDN) - info algerie","og_description":"ALGER- Un dangereux terroriste a \u00e9t\u00e9 abattu et deux enfants pris en otage par ce criminel ont \u00e9t\u00e9 lib\u00e9r\u00e9s \u00e0 Jijel, mardi matin, par un d\u00e9tachement de l&rsquo;Arm\u00e9e nationale populaire (ANP) dans les op\u00e9rations, toujours en cours effectu\u00e9es dans les wilayas de Jijel et Batna, indique un communiqu\u00e9 du minist\u00e8re de la D\u00e9fense nationale (MDN).","og_url":"https:\/\/www.info-algerie.com\/actualites\/un-dangereux-terroriste-abattu-et-deux-enfants-pris-en-otage-liberes-a-jijel-mdn\/","og_site_name":"info algerie","article_publisher":"https:\/\/www.facebook.com\/infoalgerieactu","article_published_time":"2017-10-24T10:47:42+00:00","og_image":[{"width":280,"height":158,"url":"https:\/\/www.info-algerie.com\/actualites\/wp-content\/uploads\/2017\/10\/fe7a3b31b4c92c4841f09f28743227ef_S-1.jpg","type":"image\/jpeg"}],"author":"La r\u00e9daction","twitter_misc":{"\u00c9crit par":"La r\u00e9daction","Dur\u00e9e de lecture estim\u00e9e":"2 minutes"},"schema":{"@context":"https:\/\/schema.org","@graph":[{"@type":"Article","@id":"https:\/\/www.info-algerie.com\/actualites\/un-dangereux-terroriste-abattu-et-deux-enfants-pris-en-otage-liberes-a-jijel-mdn\/#article","isPartOf":{"@id":"https:\/\/www.info-algerie.com\/actualites\/un-dangereux-terroriste-abattu-et-deux-enfants-pris-en-otage-liberes-a-jijel-mdn\/"},"author":{"name":"La r\u00e9daction","@id":"https:\/\/www.info-algerie.com\/actualites\/#\/schema\/person\/847aaec44920825b843a08f30ec6aa1e"},"headline":"Un dangereux terroriste abattu et deux enfants pris en otage lib\u00e9r\u00e9s \u00e0 Jijel (MDN)","datePublished":"2017-10-24T10:47:42+00:00","mainEntityOfPage":{"@id":"https:\/\/www.info-algerie.com\/actualites\/un-dangereux-terroriste-abattu-et-deux-enfants-pris-en-otage-liberes-a-jijel-mdn\/"},"wordCount":326,"commentCount":0,"publisher":{"@id":"https:\/\/www.info-algerie.com\/actualites\/#organization"},"image":{"@id":"https:\/\/www.info-algerie.com\/actualites\/un-dangereux-terroriste-abattu-et-deux-enfants-pris-en-otage-liberes-a-jijel-mdn\/#primaryimage"},"thumbnailUrl":"https:\/\/www.info-algerie.com\/actualites\/wp-content\/uploads\/2017\/10\/fe7a3b31b4c92c4841f09f28743227ef_S-1.jpg","keywords":["ONU"],"articleSection":["infos"],"inLanguage":"fr-FR","potentialAction":[{"@type":"CommentAction","name":"Comment","target":["https:\/\/www.info-algerie.com\/actualites\/un-dangereux-terroriste-abattu-et-deux-enfants-pris-en-otage-liberes-a-jijel-mdn\/#respond"]}]},{"@type":"WebPage","@id":"https:\/\/www.info-algerie.com\/actualites\/un-dangereux-terroriste-abattu-et-deux-enfants-pris-en-otage-liberes-a-jijel-mdn\/","url":"https:\/\/www.info-algerie.com\/actualites\/un-dangereux-terroriste-abattu-et-deux-enfants-pris-en-otage-liberes-a-jijel-mdn\/","name":"Un dangereux terroriste abattu et deux enfants pris en otage lib\u00e9r\u00e9s \u00e0 Jijel (MDN) - info algerie","isPartOf":{"@id":"https:\/\/www.info-algerie.com\/actualites\/#website"},"primaryImageOfPage":{"@id":"https:\/\/www.info-algerie.com\/actualites\/un-dangereux-terroriste-abattu-et-deux-enfants-pris-en-otage-liberes-a-jijel-mdn\/#primaryimage"},"image":{"@id":"https:\/\/www.info-algerie.com\/actualites\/un-dangereux-terroriste-abattu-et-deux-enfants-pris-en-otage-liberes-a-jijel-mdn\/#primaryimage"},"thumbnailUrl":"https:\/\/www.info-algerie.com\/actualites\/wp-content\/uploads\/2017\/10\/fe7a3b31b4c92c4841f09f28743227ef_S-1.jpg","datePublished":"2017-10-24T10:47:42+00:00","breadcrumb":{"@id":"https:\/\/www.info-algerie.com\/actualites\/un-dangereux-terroriste-abattu-et-deux-enfants-pris-en-otage-liberes-a-jijel-mdn\/#breadcrumb"},"inLanguage":"fr-FR","potentialAction":[{"@type":"ReadAction","target":["https:\/\/www.info-algerie.com\/actualites\/un-dangereux-terroriste-abattu-et-deux-enfants-pris-en-otage-liberes-a-jijel-mdn\/"]}]},{"@type":"ImageObject","inLanguage":"fr-FR","@id":"https:\/\/www.info-algerie.com\/actualites\/un-dangereux-terroriste-abattu-et-deux-enfants-pris-en-otage-liberes-a-jijel-mdn\/#primaryimage","url":"https:\/\/www.info-algerie.com\/actualites\/wp-content\/uploads\/2017\/10\/fe7a3b31b4c92c4841f09f28743227ef_S-1.jpg","contentUrl":"https:\/\/www.info-algerie.com\/actualites\/wp-content\/uploads\/2017\/10\/fe7a3b31b4c92c4841f09f28743227ef_S-1.jpg","width":280,"height":158},{"@type":"BreadcrumbList","@id":"https:\/\/www.info-algerie.com\/actualites\/un-dangereux-terroriste-abattu-et-deux-enfants-pris-en-otage-liberes-a-jijel-mdn\/#breadcrumb","itemListElement":[{"@type":"ListItem","position":1,"name":"Accueil","item":"https:\/\/www.info-algerie.com\/actualites\/"},{"@type":"ListItem","position":2,"name":"Un dangereux terroriste abattu et deux enfants pris en otage lib\u00e9r\u00e9s \u00e0 Jijel (MDN)"}]},{"@type":"WebSite","@id":"https:\/\/www.info-algerie.com\/actualites\/#website","url":"https:\/\/www.info-algerie.com\/actualites\/","name":"info algerie","description":"Toutes les actualit\u00e9s","publisher":{"@id":"https:\/\/www.info-algerie.com\/actualites\/#organization"},"potentialAction":[{"@type":"SearchAction","target":{"@type":"EntryPoint","urlTemplate":"https:\/\/www.info-algerie.com\/actualites\/?s={search_term_string}"},"query-input":{"@type":"PropertyValueSpecification","valueRequired":true,"valueName":"search_term_string"}}],"inLanguage":"fr-FR"},{"@type":"Organization","@id":"https:\/\/www.info-algerie.com\/actualites\/#organization","name":"info algerie","url":"https:\/\/www.info-algerie.com\/actualites\/","logo":{"@type":"ImageObject","inLanguage":"fr-FR","@id":"https:\/\/www.info-algerie.com\/actualites\/#\/schema\/logo\/image\/","url":"https:\/\/www.info-algerie.com\/actualites\/wp-content\/uploads\/2022\/07\/logo-ia-120.png","contentUrl":"https:\/\/www.info-algerie.com\/actualites\/wp-content\/uploads\/2022\/07\/logo-ia-120.png","width":120,"height":43,"caption":"info algerie"},"image":{"@id":"https:\/\/www.info-algerie.com\/actualites\/#\/schema\/logo\/image\/"},"sameAs":["https:\/\/www.facebook.com\/infoalgerieactu","https:\/\/x.com\/infoalgerie1"]},{"@type":"Person","@id":"https:\/\/www.info-algerie.com\/actualites\/#\/schema\/person\/847aaec44920825b843a08f30ec6aa1e","name":"La r\u00e9daction","image":{"@type":"ImageObject","inLanguage":"fr-FR","@id":"https:\/\/secure.gravatar.com\/avatar\/769db425c6f465158149f1ffd6cf61ce7a8a879d11dfbef8288af36dfddd418c?s=96&d=mm&r=g","url":"https:\/\/secure.gravatar.com\/avatar\/769db425c6f465158149f1ffd6cf61ce7a8a879d11dfbef8288af36dfddd418c?s=96&d=mm&r=g","contentUrl":"https:\/\/secure.gravatar.com\/avatar\/769db425c6f465158149f1ffd6cf61ce7a8a879d11dfbef8288af36dfddd418c?s=96&d=mm&r=g","caption":"La r\u00e9daction"},"sameAs":["http:\/\/www.lkeria.com\/"],"url":"https:\/\/www.info-algerie.com\/actualites\/author\/chakib32\/"}]}},"_links":{"self":[{"href":"https:\/\/www.info-algerie.com\/actualites\/wp-json\/wp\/v2\/posts\/17200","targetHints":{"allow":["GET"]}}],"collection":[{"href":"https:\/\/www.info-algerie.com\/actualites\/wp-json\/wp\/v2\/posts"}],"about":[{"href":"https:\/\/www.info-algerie.com\/actualites\/wp-json\/wp\/v2\/types\/post"}],"author":[{"embeddable":true,"href":"https:\/\/www.info-algerie.com\/actualites\/wp-json\/wp\/v2\/users\/6"}],"replies":[{"embeddable":true,"href":"https:\/\/www.info-algerie.com\/actualites\/wp-json\/wp\/v2\/comments?post=17200"}],"version-history":[{"count":0,"href":"https:\/\/www.info-algerie.com\/actualites\/wp-json\/wp\/v2\/posts\/17200\/revisions"}],"wp:featuredmedia":[{"embeddable":true,"href":"https:\/\/www.info-algerie.com\/actualites\/wp-json\/wp\/v2\/media\/17201"}],"wp:attachment":[{"href":"https:\/\/www.info-algerie.com\/actualites\/wp-json\/wp\/v2\/media?parent=17200"}],"wp:term":[{"taxonomy":"category","embeddable":true,"href":"https:\/\/www.info-algerie.com\/actualites\/wp-json\/wp\/v2\/categories?post=17200"},{"taxonomy":"post_tag","embeddable":true,"href":"https:\/\/www.info-algerie.com\/actualites\/wp-json\/wp\/v2\/tags?post=17200"}],"curies":[{"name":"wp","href":"https:\/\/api.w.org\/{rel}","templated":true}]}}