{"id":17202,"date":"2017-10-24T11:33:12","date_gmt":"2017-10-24T10:33:12","guid":{"rendered":"http:\/\/www.info-algerie.com\/actualites\/ouyahia-recoit-la-vice-premier-ministre-de-la-republique-de-namibie\/"},"modified":"2017-10-24T11:33:12","modified_gmt":"2017-10-24T10:33:12","slug":"ouyahia-recoit-la-vice-premier-ministre-de-la-republique-de-namibie","status":"publish","type":"post","link":"https:\/\/www.info-algerie.com\/actualites\/ouyahia-recoit-la-vice-premier-ministre-de-la-republique-de-namibie\/","title":{"rendered":"Ouyahia re\u00e7oit la vice-Premier ministre de la R\u00e9publique de Namibie"},"content":{"rendered":"<div class=\"K2FeedIntroText\">\n<p>ALGER- Le premier ministre, Ahmed Ouyahia, a re\u00e7u mardi \u00e0 Alger, la vice-Premier ministre, ministre des Relations internationales et de la Coop\u00e9ration de la R\u00e9publique de Namibie, Mme Netumbo Nandi Ndaitwah, indique un communiqu\u00e9 des services du Premier ministre. Mme Nandi Ndaitwah effectue une visite de travail en Alg\u00e9rie, dans le cadre de la tenue de la premi\u00e8re session de la commission mixte de coop\u00e9ration alg\u00e9ro-namibienne.<\/p>\n<p>&#013;\n<\/p><\/div>\n<div class=\"K2FeedFullText\">&#013;<\/p>\n<p>L&rsquo;audience s&rsquo;est d\u00e9roul\u00e9e en pr\u00e9sence du ministre des Affaires \u00e9trang\u00e8res, Abdelkader Messahel, souligne le communiqu\u00e9.<\/p>\n<\/div>\n<p>&#013;<br \/>\nSource: <a href=\"http:\/\/www.aps.dz\/algerie\/64390-ouyahia-recoit-la-vice-premier-ministre-de-la-republique-de-namibie\" target=\"_blank\">Ouyahia re\u00e7oit la vice-Premier ministre de la R\u00e9publique de Namibie<\/a><\/p>\n<!--CusAds0-->\n<div style=\"font-size: 0px; height: 0px; line-height: 0px; margin: 0; padding: 0; clear: both;\"><\/div>","protected":false},"excerpt":{"rendered":"<p>ALGER- Le premier ministre, Ahmed Ouyahia, a re\u00e7u mardi \u00e0 Alger, la vice-Premier ministre, ministre des Relations internationales et de la Coop\u00e9ration de la R\u00e9publique de Namibie, Mme Netumbo Nandi Ndaitwah, indique un communiqu\u00e9 des services du Premier ministre. Mme Nandi Ndaitwah effectue une visite de travail en Alg\u00e9rie, dans le cadre de la tenue<\/p>\n","protected":false},"author":6,"featured_media":0,"comment_status":"open","ping_status":"open","sticky":false,"template":"","format":"standard","meta":{"footnotes":""},"categories":[22],"tags":[93],"class_list":["post-17202","post","type-post","status-publish","format-standard","hentry","category-infos","tag-onu"],"yoast_head":"<!-- This site is optimized with the Yoast SEO plugin v27.5 - https:\/\/yoast.com\/product\/yoast-seo-wordpress\/ -->\n<title>Ouyahia re\u00e7oit la vice-Premier ministre de la R\u00e9publique de Namibie - info algerie<\/title>\n<meta name=\"robots\" content=\"index, follow, max-snippet:-1, max-image-preview:large, max-video-preview:-1\" \/>\n<link rel=\"canonical\" href=\"https:\/\/www.info-algerie.com\/actualites\/ouyahia-recoit-la-vice-premier-ministre-de-la-republique-de-namibie\/\" \/>\n<meta property=\"og:locale\" content=\"fr_FR\" \/>\n<meta property=\"og:type\" content=\"article\" \/>\n<meta property=\"og:title\" content=\"Ouyahia re\u00e7oit la vice-Premier ministre de la R\u00e9publique de Namibie - info algerie\" \/>\n<meta property=\"og:description\" content=\"ALGER- Le premier ministre, Ahmed Ouyahia, a re\u00e7u mardi \u00e0 Alger, la vice-Premier ministre, ministre des Relations internationales et de la Coop\u00e9ration de la R\u00e9publique de Namibie, Mme Netumbo Nandi Ndaitwah, indique un communiqu\u00e9 des services du Premier ministre. Mme Nandi Ndaitwah effectue une visite de travail en Alg\u00e9rie, dans le cadre de la tenue\" \/>\n<meta property=\"og:url\" content=\"https:\/\/www.info-algerie.com\/actualites\/ouyahia-recoit-la-vice-premier-ministre-de-la-republique-de-namibie\/\" \/>\n<meta property=\"og:site_name\" content=\"info algerie\" \/>\n<meta property=\"article:publisher\" content=\"https:\/\/www.facebook.com\/infoalgerieactu\" \/>\n<meta property=\"article:published_time\" content=\"2017-10-24T10:33:12+00:00\" \/>\n<meta name=\"author\" content=\"La r\u00e9daction\" \/>\n<meta name=\"twitter:label1\" content=\"\u00c9crit par\" \/>\n\t<meta name=\"twitter:data1\" content=\"La r\u00e9daction\" \/>\n\t<meta name=\"twitter:label2\" content=\"Dur\u00e9e de lecture estim\u00e9e\" \/>\n\t<meta name=\"twitter:data2\" content=\"1 minute\" \/>\n<script type=\"application\/ld+json\" class=\"yoast-schema-graph\">{\"@context\":\"https:\\\/\\\/schema.org\",\"@graph\":[{\"@type\":\"Article\",\"@id\":\"https:\\\/\\\/www.info-algerie.com\\\/actualites\\\/ouyahia-recoit-la-vice-premier-ministre-de-la-republique-de-namibie\\\/#article\",\"isPartOf\":{\"@id\":\"https:\\\/\\\/www.info-algerie.com\\\/actualites\\\/ouyahia-recoit-la-vice-premier-ministre-de-la-republique-de-namibie\\\/\"},\"author\":{\"name\":\"La r\u00e9daction\",\"@id\":\"https:\\\/\\\/www.info-algerie.com\\\/actualites\\\/#\\\/schema\\\/person\\\/847aaec44920825b843a08f30ec6aa1e\"},\"headline\":\"Ouyahia re\u00e7oit la vice-Premier ministre de la R\u00e9publique de Namibie\",\"datePublished\":\"2017-10-24T10:33:12+00:00\",\"mainEntityOfPage\":{\"@id\":\"https:\\\/\\\/www.info-algerie.com\\\/actualites\\\/ouyahia-recoit-la-vice-premier-ministre-de-la-republique-de-namibie\\\/\"},\"wordCount\":118,\"commentCount\":0,\"publisher\":{\"@id\":\"https:\\\/\\\/www.info-algerie.com\\\/actualites\\\/#organization\"},\"keywords\":[\"ONU\"],\"articleSection\":[\"infos\"],\"inLanguage\":\"fr-FR\",\"potentialAction\":[{\"@type\":\"CommentAction\",\"name\":\"Comment\",\"target\":[\"https:\\\/\\\/www.info-algerie.com\\\/actualites\\\/ouyahia-recoit-la-vice-premier-ministre-de-la-republique-de-namibie\\\/#respond\"]}]},{\"@type\":\"WebPage\",\"@id\":\"https:\\\/\\\/www.info-algerie.com\\\/actualites\\\/ouyahia-recoit-la-vice-premier-ministre-de-la-republique-de-namibie\\\/\",\"url\":\"https:\\\/\\\/www.info-algerie.com\\\/actualites\\\/ouyahia-recoit-la-vice-premier-ministre-de-la-republique-de-namibie\\\/\",\"name\":\"Ouyahia re\u00e7oit la vice-Premier ministre de la R\u00e9publique de Namibie - info algerie\",\"isPartOf\":{\"@id\":\"https:\\\/\\\/www.info-algerie.com\\\/actualites\\\/#website\"},\"datePublished\":\"2017-10-24T10:33:12+00:00\",\"breadcrumb\":{\"@id\":\"https:\\\/\\\/www.info-algerie.com\\\/actualites\\\/ouyahia-recoit-la-vice-premier-ministre-de-la-republique-de-namibie\\\/#breadcrumb\"},\"inLanguage\":\"fr-FR\",\"potentialAction\":[{\"@type\":\"ReadAction\",\"target\":[\"https:\\\/\\\/www.info-algerie.com\\\/actualites\\\/ouyahia-recoit-la-vice-premier-ministre-de-la-republique-de-namibie\\\/\"]}]},{\"@type\":\"BreadcrumbList\",\"@id\":\"https:\\\/\\\/www.info-algerie.com\\\/actualites\\\/ouyahia-recoit-la-vice-premier-ministre-de-la-republique-de-namibie\\\/#breadcrumb\",\"itemListElement\":[{\"@type\":\"ListItem\",\"position\":1,\"name\":\"Accueil\",\"item\":\"https:\\\/\\\/www.info-algerie.com\\\/actualites\\\/\"},{\"@type\":\"ListItem\",\"position\":2,\"name\":\"Ouyahia re\u00e7oit la vice-Premier ministre de la R\u00e9publique de Namibie\"}]},{\"@type\":\"WebSite\",\"@id\":\"https:\\\/\\\/www.info-algerie.com\\\/actualites\\\/#website\",\"url\":\"https:\\\/\\\/www.info-algerie.com\\\/actualites\\\/\",\"name\":\"info algerie\",\"description\":\"Toutes les actualit\u00e9s\",\"publisher\":{\"@id\":\"https:\\\/\\\/www.info-algerie.com\\\/actualites\\\/#organization\"},\"potentialAction\":[{\"@type\":\"SearchAction\",\"target\":{\"@type\":\"EntryPoint\",\"urlTemplate\":\"https:\\\/\\\/www.info-algerie.com\\\/actualites\\\/?s={search_term_string}\"},\"query-input\":{\"@type\":\"PropertyValueSpecification\",\"valueRequired\":true,\"valueName\":\"search_term_string\"}}],\"inLanguage\":\"fr-FR\"},{\"@type\":\"Organization\",\"@id\":\"https:\\\/\\\/www.info-algerie.com\\\/actualites\\\/#organization\",\"name\":\"info algerie\",\"url\":\"https:\\\/\\\/www.info-algerie.com\\\/actualites\\\/\",\"logo\":{\"@type\":\"ImageObject\",\"inLanguage\":\"fr-FR\",\"@id\":\"https:\\\/\\\/www.info-algerie.com\\\/actualites\\\/#\\\/schema\\\/logo\\\/image\\\/\",\"url\":\"https:\\\/\\\/www.info-algerie.com\\\/actualites\\\/wp-content\\\/uploads\\\/2022\\\/07\\\/logo-ia-120.png\",\"contentUrl\":\"https:\\\/\\\/www.info-algerie.com\\\/actualites\\\/wp-content\\\/uploads\\\/2022\\\/07\\\/logo-ia-120.png\",\"width\":120,\"height\":43,\"caption\":\"info algerie\"},\"image\":{\"@id\":\"https:\\\/\\\/www.info-algerie.com\\\/actualites\\\/#\\\/schema\\\/logo\\\/image\\\/\"},\"sameAs\":[\"https:\\\/\\\/www.facebook.com\\\/infoalgerieactu\",\"https:\\\/\\\/x.com\\\/infoalgerie1\"]},{\"@type\":\"Person\",\"@id\":\"https:\\\/\\\/www.info-algerie.com\\\/actualites\\\/#\\\/schema\\\/person\\\/847aaec44920825b843a08f30ec6aa1e\",\"name\":\"La r\u00e9daction\",\"image\":{\"@type\":\"ImageObject\",\"inLanguage\":\"fr-FR\",\"@id\":\"https:\\\/\\\/secure.gravatar.com\\\/avatar\\\/769db425c6f465158149f1ffd6cf61ce7a8a879d11dfbef8288af36dfddd418c?s=96&d=mm&r=g\",\"url\":\"https:\\\/\\\/secure.gravatar.com\\\/avatar\\\/769db425c6f465158149f1ffd6cf61ce7a8a879d11dfbef8288af36dfddd418c?s=96&d=mm&r=g\",\"contentUrl\":\"https:\\\/\\\/secure.gravatar.com\\\/avatar\\\/769db425c6f465158149f1ffd6cf61ce7a8a879d11dfbef8288af36dfddd418c?s=96&d=mm&r=g\",\"caption\":\"La r\u00e9daction\"},\"sameAs\":[\"http:\\\/\\\/www.lkeria.com\\\/\"],\"url\":\"https:\\\/\\\/www.info-algerie.com\\\/actualites\\\/author\\\/chakib32\\\/\"}]}<\/script>\n<!-- \/ Yoast SEO plugin. -->","yoast_head_json":{"title":"Ouyahia re\u00e7oit la vice-Premier ministre de la R\u00e9publique de Namibie - info algerie","robots":{"index":"index","follow":"follow","max-snippet":"max-snippet:-1","max-image-preview":"max-image-preview:large","max-video-preview":"max-video-preview:-1"},"canonical":"https:\/\/www.info-algerie.com\/actualites\/ouyahia-recoit-la-vice-premier-ministre-de-la-republique-de-namibie\/","og_locale":"fr_FR","og_type":"article","og_title":"Ouyahia re\u00e7oit la vice-Premier ministre de la R\u00e9publique de Namibie - info algerie","og_description":"ALGER- Le premier ministre, Ahmed Ouyahia, a re\u00e7u mardi \u00e0 Alger, la vice-Premier ministre, ministre des Relations internationales et de la Coop\u00e9ration de la R\u00e9publique de Namibie, Mme Netumbo Nandi Ndaitwah, indique un communiqu\u00e9 des services du Premier ministre. Mme Nandi Ndaitwah effectue une visite de travail en Alg\u00e9rie, dans le cadre de la tenue","og_url":"https:\/\/www.info-algerie.com\/actualites\/ouyahia-recoit-la-vice-premier-ministre-de-la-republique-de-namibie\/","og_site_name":"info algerie","article_publisher":"https:\/\/www.facebook.com\/infoalgerieactu","article_published_time":"2017-10-24T10:33:12+00:00","author":"La r\u00e9daction","twitter_misc":{"\u00c9crit par":"La r\u00e9daction","Dur\u00e9e de lecture estim\u00e9e":"1 minute"},"schema":{"@context":"https:\/\/schema.org","@graph":[{"@type":"Article","@id":"https:\/\/www.info-algerie.com\/actualites\/ouyahia-recoit-la-vice-premier-ministre-de-la-republique-de-namibie\/#article","isPartOf":{"@id":"https:\/\/www.info-algerie.com\/actualites\/ouyahia-recoit-la-vice-premier-ministre-de-la-republique-de-namibie\/"},"author":{"name":"La r\u00e9daction","@id":"https:\/\/www.info-algerie.com\/actualites\/#\/schema\/person\/847aaec44920825b843a08f30ec6aa1e"},"headline":"Ouyahia re\u00e7oit la vice-Premier ministre de la R\u00e9publique de Namibie","datePublished":"2017-10-24T10:33:12+00:00","mainEntityOfPage":{"@id":"https:\/\/www.info-algerie.com\/actualites\/ouyahia-recoit-la-vice-premier-ministre-de-la-republique-de-namibie\/"},"wordCount":118,"commentCount":0,"publisher":{"@id":"https:\/\/www.info-algerie.com\/actualites\/#organization"},"keywords":["ONU"],"articleSection":["infos"],"inLanguage":"fr-FR","potentialAction":[{"@type":"CommentAction","name":"Comment","target":["https:\/\/www.info-algerie.com\/actualites\/ouyahia-recoit-la-vice-premier-ministre-de-la-republique-de-namibie\/#respond"]}]},{"@type":"WebPage","@id":"https:\/\/www.info-algerie.com\/actualites\/ouyahia-recoit-la-vice-premier-ministre-de-la-republique-de-namibie\/","url":"https:\/\/www.info-algerie.com\/actualites\/ouyahia-recoit-la-vice-premier-ministre-de-la-republique-de-namibie\/","name":"Ouyahia re\u00e7oit la vice-Premier ministre de la R\u00e9publique de Namibie - info algerie","isPartOf":{"@id":"https:\/\/www.info-algerie.com\/actualites\/#website"},"datePublished":"2017-10-24T10:33:12+00:00","breadcrumb":{"@id":"https:\/\/www.info-algerie.com\/actualites\/ouyahia-recoit-la-vice-premier-ministre-de-la-republique-de-namibie\/#breadcrumb"},"inLanguage":"fr-FR","potentialAction":[{"@type":"ReadAction","target":["https:\/\/www.info-algerie.com\/actualites\/ouyahia-recoit-la-vice-premier-ministre-de-la-republique-de-namibie\/"]}]},{"@type":"BreadcrumbList","@id":"https:\/\/www.info-algerie.com\/actualites\/ouyahia-recoit-la-vice-premier-ministre-de-la-republique-de-namibie\/#breadcrumb","itemListElement":[{"@type":"ListItem","position":1,"name":"Accueil","item":"https:\/\/www.info-algerie.com\/actualites\/"},{"@type":"ListItem","position":2,"name":"Ouyahia re\u00e7oit la vice-Premier ministre de la R\u00e9publique de Namibie"}]},{"@type":"WebSite","@id":"https:\/\/www.info-algerie.com\/actualites\/#website","url":"https:\/\/www.info-algerie.com\/actualites\/","name":"info algerie","description":"Toutes les actualit\u00e9s","publisher":{"@id":"https:\/\/www.info-algerie.com\/actualites\/#organization"},"potentialAction":[{"@type":"SearchAction","target":{"@type":"EntryPoint","urlTemplate":"https:\/\/www.info-algerie.com\/actualites\/?s={search_term_string}"},"query-input":{"@type":"PropertyValueSpecification","valueRequired":true,"valueName":"search_term_string"}}],"inLanguage":"fr-FR"},{"@type":"Organization","@id":"https:\/\/www.info-algerie.com\/actualites\/#organization","name":"info algerie","url":"https:\/\/www.info-algerie.com\/actualites\/","logo":{"@type":"ImageObject","inLanguage":"fr-FR","@id":"https:\/\/www.info-algerie.com\/actualites\/#\/schema\/logo\/image\/","url":"https:\/\/www.info-algerie.com\/actualites\/wp-content\/uploads\/2022\/07\/logo-ia-120.png","contentUrl":"https:\/\/www.info-algerie.com\/actualites\/wp-content\/uploads\/2022\/07\/logo-ia-120.png","width":120,"height":43,"caption":"info algerie"},"image":{"@id":"https:\/\/www.info-algerie.com\/actualites\/#\/schema\/logo\/image\/"},"sameAs":["https:\/\/www.facebook.com\/infoalgerieactu","https:\/\/x.com\/infoalgerie1"]},{"@type":"Person","@id":"https:\/\/www.info-algerie.com\/actualites\/#\/schema\/person\/847aaec44920825b843a08f30ec6aa1e","name":"La r\u00e9daction","image":{"@type":"ImageObject","inLanguage":"fr-FR","@id":"https:\/\/secure.gravatar.com\/avatar\/769db425c6f465158149f1ffd6cf61ce7a8a879d11dfbef8288af36dfddd418c?s=96&d=mm&r=g","url":"https:\/\/secure.gravatar.com\/avatar\/769db425c6f465158149f1ffd6cf61ce7a8a879d11dfbef8288af36dfddd418c?s=96&d=mm&r=g","contentUrl":"https:\/\/secure.gravatar.com\/avatar\/769db425c6f465158149f1ffd6cf61ce7a8a879d11dfbef8288af36dfddd418c?s=96&d=mm&r=g","caption":"La r\u00e9daction"},"sameAs":["http:\/\/www.lkeria.com\/"],"url":"https:\/\/www.info-algerie.com\/actualites\/author\/chakib32\/"}]}},"_links":{"self":[{"href":"https:\/\/www.info-algerie.com\/actualites\/wp-json\/wp\/v2\/posts\/17202","targetHints":{"allow":["GET"]}}],"collection":[{"href":"https:\/\/www.info-algerie.com\/actualites\/wp-json\/wp\/v2\/posts"}],"about":[{"href":"https:\/\/www.info-algerie.com\/actualites\/wp-json\/wp\/v2\/types\/post"}],"author":[{"embeddable":true,"href":"https:\/\/www.info-algerie.com\/actualites\/wp-json\/wp\/v2\/users\/6"}],"replies":[{"embeddable":true,"href":"https:\/\/www.info-algerie.com\/actualites\/wp-json\/wp\/v2\/comments?post=17202"}],"version-history":[{"count":0,"href":"https:\/\/www.info-algerie.com\/actualites\/wp-json\/wp\/v2\/posts\/17202\/revisions"}],"wp:attachment":[{"href":"https:\/\/www.info-algerie.com\/actualites\/wp-json\/wp\/v2\/media?parent=17202"}],"wp:term":[{"taxonomy":"category","embeddable":true,"href":"https:\/\/www.info-algerie.com\/actualites\/wp-json\/wp\/v2\/categories?post=17202"},{"taxonomy":"post_tag","embeddable":true,"href":"https:\/\/www.info-algerie.com\/actualites\/wp-json\/wp\/v2\/tags?post=17202"}],"curies":[{"name":"wp","href":"https:\/\/api.w.org\/{rel}","templated":true}]}}