{"id":17203,"date":"2017-10-24T13:19:48","date_gmt":"2017-10-24T12:19:48","guid":{"rendered":"http:\/\/www.info-algerie.com\/actualites\/lapn-prend-part-au-caire-a-un-atelier-de-travail-regional-sur-le-role-de-la-justice-penale-dans-la-lutte-contre-le-terrorisme\/"},"modified":"2017-10-24T13:19:48","modified_gmt":"2017-10-24T12:19:48","slug":"lapn-prend-part-au-caire-a-un-atelier-de-travail-regional-sur-le-role-de-la-justice-penale-dans-la-lutte-contre-le-terrorisme","status":"publish","type":"post","link":"https:\/\/www.info-algerie.com\/actualites\/lapn-prend-part-au-caire-a-un-atelier-de-travail-regional-sur-le-role-de-la-justice-penale-dans-la-lutte-contre-le-terrorisme\/","title":{"rendered":"L&#039;APN prend part au Caire \u00e0 un atelier de travail r\u00e9gional sur le r\u00f4le de la justice p\u00e9nale dans la lutte contre le terrorisme"},"content":{"rendered":"<div class=\"K2FeedIntroText\">\n<p>ALGER- L&rsquo;Assembl\u00e9e populaire nationale (APN) prendra part\u00a0 \u00e0 partir de ce mardi au Caire \u00e0 l&rsquo;atelier de travail r\u00e9gional, organis\u00e9 par l&rsquo;Institut international de justice et de la primaut\u00e9 de la loi, sous le slogan \u00ab\u00a0Le r\u00f4le de la ligue des parlementaires et des repr\u00e9sentants de la justice p\u00e9nale en mati\u00e8re de lutte contre le terrorisme: mise en oeuvre des recommandations de Valletta issues du Forum\u00a0 mondial de lutte contre le terrorisme\u00a0\u00bb, indique un communiqu\u00e9 de\u00a0 l&rsquo;Assembl\u00e9e.<\/p>\n<p>&#013;\n<\/p><\/div>\n<div class=\"K2FeedFullText\">&#013;<\/p>\n<p>Cet atelier sera consacr\u00e9 \u00e0 \u00ab\u00a0l&rsquo;examen du r\u00f4le des parlementaires dans la d\u00e9finition des actions relatives \u00e0 l&rsquo;instruction, \u00e0 la justice et aux mesures proc\u00e9durales au sein de l&rsquo;Etat en mati\u00e8re de lutte contre le terrorisme et son r\u00f4le dans la promulgation des l\u00e9gislations pour une lutte efficace contre le terrorisme, le contr\u00f4le des politiques et la pr\u00e9servation de la s\u00e9curit\u00e9 r\u00e9gionale. L&rsquo;APN sera repr\u00e9sent\u00e9e \u00e0 ces travaux par le d\u00e9put\u00e9 Brahim Laaroussi.<\/p>\n<\/div>\n<p>&#013;<br \/>\nSource: <a href=\"http:\/\/www.aps.dz\/algerie\/64400-l-apn-prend-part-au-caire-a-un-atelier-de-travail-regional-sur-le-role-de-la-justice-penale-dans-la-lutte-contre-le-terrorisme\" target=\"_blank\">L&rsquo;APN prend part au Caire \u00e0 un atelier de travail r\u00e9gional sur le r\u00f4le de la justice p\u00e9nale dans la lutte contre le terrorisme<\/a><\/p>\n<!--CusAds0-->\n<div style=\"font-size: 0px; height: 0px; line-height: 0px; margin: 0; padding: 0; clear: both;\"><\/div>","protected":false},"excerpt":{"rendered":"<p>ALGER- L&rsquo;Assembl\u00e9e populaire nationale (APN) prendra part\u00a0 \u00e0 partir de ce mardi au Caire \u00e0 l&rsquo;atelier de travail r\u00e9gional, organis\u00e9 par l&rsquo;Institut international de justice et de la primaut\u00e9 de la loi, sous le slogan \u00ab\u00a0Le r\u00f4le de la ligue des parlementaires et des repr\u00e9sentants de la justice p\u00e9nale en mati\u00e8re de lutte contre le<\/p>\n","protected":false},"author":6,"featured_media":0,"comment_status":"open","ping_status":"open","sticky":false,"template":"","format":"standard","meta":{"footnotes":""},"categories":[22],"tags":[93],"class_list":["post-17203","post","type-post","status-publish","format-standard","hentry","category-infos","tag-onu"],"yoast_head":"<!-- This site is optimized with the Yoast SEO plugin v27.5 - https:\/\/yoast.com\/product\/yoast-seo-wordpress\/ -->\n<title>L&#039;APN prend part au Caire \u00e0 un atelier de travail r\u00e9gional sur le r\u00f4le de la justice p\u00e9nale dans la lutte contre le terrorisme - info algerie<\/title>\n<meta name=\"robots\" content=\"index, follow, max-snippet:-1, max-image-preview:large, max-video-preview:-1\" \/>\n<link rel=\"canonical\" href=\"https:\/\/www.info-algerie.com\/actualites\/lapn-prend-part-au-caire-a-un-atelier-de-travail-regional-sur-le-role-de-la-justice-penale-dans-la-lutte-contre-le-terrorisme\/\" \/>\n<meta property=\"og:locale\" content=\"fr_FR\" \/>\n<meta property=\"og:type\" content=\"article\" \/>\n<meta property=\"og:title\" content=\"L&#039;APN prend part au Caire \u00e0 un atelier de travail r\u00e9gional sur le r\u00f4le de la justice p\u00e9nale dans la lutte contre le terrorisme - info algerie\" \/>\n<meta property=\"og:description\" content=\"ALGER- L&rsquo;Assembl\u00e9e populaire nationale (APN) prendra part\u00a0 \u00e0 partir de ce mardi au Caire \u00e0 l&rsquo;atelier de travail r\u00e9gional, organis\u00e9 par l&rsquo;Institut international de justice et de la primaut\u00e9 de la loi, sous le slogan \u00ab\u00a0Le r\u00f4le de la ligue des parlementaires et des repr\u00e9sentants de la justice p\u00e9nale en mati\u00e8re de lutte contre le\" \/>\n<meta property=\"og:url\" content=\"https:\/\/www.info-algerie.com\/actualites\/lapn-prend-part-au-caire-a-un-atelier-de-travail-regional-sur-le-role-de-la-justice-penale-dans-la-lutte-contre-le-terrorisme\/\" \/>\n<meta property=\"og:site_name\" content=\"info algerie\" \/>\n<meta property=\"article:publisher\" content=\"https:\/\/www.facebook.com\/infoalgerieactu\" \/>\n<meta property=\"article:published_time\" content=\"2017-10-24T12:19:48+00:00\" \/>\n<meta name=\"author\" content=\"La r\u00e9daction\" \/>\n<meta name=\"twitter:label1\" content=\"\u00c9crit par\" \/>\n\t<meta name=\"twitter:data1\" content=\"La r\u00e9daction\" \/>\n\t<meta name=\"twitter:label2\" content=\"Dur\u00e9e de lecture estim\u00e9e\" \/>\n\t<meta name=\"twitter:data2\" content=\"1 minute\" \/>\n<script type=\"application\/ld+json\" class=\"yoast-schema-graph\">{\"@context\":\"https:\\\/\\\/schema.org\",\"@graph\":[{\"@type\":\"Article\",\"@id\":\"https:\\\/\\\/www.info-algerie.com\\\/actualites\\\/lapn-prend-part-au-caire-a-un-atelier-de-travail-regional-sur-le-role-de-la-justice-penale-dans-la-lutte-contre-le-terrorisme\\\/#article\",\"isPartOf\":{\"@id\":\"https:\\\/\\\/www.info-algerie.com\\\/actualites\\\/lapn-prend-part-au-caire-a-un-atelier-de-travail-regional-sur-le-role-de-la-justice-penale-dans-la-lutte-contre-le-terrorisme\\\/\"},\"author\":{\"name\":\"La r\u00e9daction\",\"@id\":\"https:\\\/\\\/www.info-algerie.com\\\/actualites\\\/#\\\/schema\\\/person\\\/847aaec44920825b843a08f30ec6aa1e\"},\"headline\":\"L&#039;APN prend part au Caire \u00e0 un atelier de travail r\u00e9gional sur le r\u00f4le de la justice p\u00e9nale dans la lutte contre le terrorisme\",\"datePublished\":\"2017-10-24T12:19:48+00:00\",\"mainEntityOfPage\":{\"@id\":\"https:\\\/\\\/www.info-algerie.com\\\/actualites\\\/lapn-prend-part-au-caire-a-un-atelier-de-travail-regional-sur-le-role-de-la-justice-penale-dans-la-lutte-contre-le-terrorisme\\\/\"},\"wordCount\":227,\"commentCount\":0,\"publisher\":{\"@id\":\"https:\\\/\\\/www.info-algerie.com\\\/actualites\\\/#organization\"},\"keywords\":[\"ONU\"],\"articleSection\":[\"infos\"],\"inLanguage\":\"fr-FR\",\"potentialAction\":[{\"@type\":\"CommentAction\",\"name\":\"Comment\",\"target\":[\"https:\\\/\\\/www.info-algerie.com\\\/actualites\\\/lapn-prend-part-au-caire-a-un-atelier-de-travail-regional-sur-le-role-de-la-justice-penale-dans-la-lutte-contre-le-terrorisme\\\/#respond\"]}]},{\"@type\":\"WebPage\",\"@id\":\"https:\\\/\\\/www.info-algerie.com\\\/actualites\\\/lapn-prend-part-au-caire-a-un-atelier-de-travail-regional-sur-le-role-de-la-justice-penale-dans-la-lutte-contre-le-terrorisme\\\/\",\"url\":\"https:\\\/\\\/www.info-algerie.com\\\/actualites\\\/lapn-prend-part-au-caire-a-un-atelier-de-travail-regional-sur-le-role-de-la-justice-penale-dans-la-lutte-contre-le-terrorisme\\\/\",\"name\":\"L&#039;APN prend part au Caire \u00e0 un atelier de travail r\u00e9gional sur le r\u00f4le de la justice p\u00e9nale dans la lutte contre le terrorisme - info algerie\",\"isPartOf\":{\"@id\":\"https:\\\/\\\/www.info-algerie.com\\\/actualites\\\/#website\"},\"datePublished\":\"2017-10-24T12:19:48+00:00\",\"breadcrumb\":{\"@id\":\"https:\\\/\\\/www.info-algerie.com\\\/actualites\\\/lapn-prend-part-au-caire-a-un-atelier-de-travail-regional-sur-le-role-de-la-justice-penale-dans-la-lutte-contre-le-terrorisme\\\/#breadcrumb\"},\"inLanguage\":\"fr-FR\",\"potentialAction\":[{\"@type\":\"ReadAction\",\"target\":[\"https:\\\/\\\/www.info-algerie.com\\\/actualites\\\/lapn-prend-part-au-caire-a-un-atelier-de-travail-regional-sur-le-role-de-la-justice-penale-dans-la-lutte-contre-le-terrorisme\\\/\"]}]},{\"@type\":\"BreadcrumbList\",\"@id\":\"https:\\\/\\\/www.info-algerie.com\\\/actualites\\\/lapn-prend-part-au-caire-a-un-atelier-de-travail-regional-sur-le-role-de-la-justice-penale-dans-la-lutte-contre-le-terrorisme\\\/#breadcrumb\",\"itemListElement\":[{\"@type\":\"ListItem\",\"position\":1,\"name\":\"Accueil\",\"item\":\"https:\\\/\\\/www.info-algerie.com\\\/actualites\\\/\"},{\"@type\":\"ListItem\",\"position\":2,\"name\":\"L&#039;APN prend part au Caire \u00e0 un atelier de travail r\u00e9gional sur le r\u00f4le de la justice p\u00e9nale dans la lutte contre le terrorisme\"}]},{\"@type\":\"WebSite\",\"@id\":\"https:\\\/\\\/www.info-algerie.com\\\/actualites\\\/#website\",\"url\":\"https:\\\/\\\/www.info-algerie.com\\\/actualites\\\/\",\"name\":\"info algerie\",\"description\":\"Toutes les actualit\u00e9s\",\"publisher\":{\"@id\":\"https:\\\/\\\/www.info-algerie.com\\\/actualites\\\/#organization\"},\"potentialAction\":[{\"@type\":\"SearchAction\",\"target\":{\"@type\":\"EntryPoint\",\"urlTemplate\":\"https:\\\/\\\/www.info-algerie.com\\\/actualites\\\/?s={search_term_string}\"},\"query-input\":{\"@type\":\"PropertyValueSpecification\",\"valueRequired\":true,\"valueName\":\"search_term_string\"}}],\"inLanguage\":\"fr-FR\"},{\"@type\":\"Organization\",\"@id\":\"https:\\\/\\\/www.info-algerie.com\\\/actualites\\\/#organization\",\"name\":\"info algerie\",\"url\":\"https:\\\/\\\/www.info-algerie.com\\\/actualites\\\/\",\"logo\":{\"@type\":\"ImageObject\",\"inLanguage\":\"fr-FR\",\"@id\":\"https:\\\/\\\/www.info-algerie.com\\\/actualites\\\/#\\\/schema\\\/logo\\\/image\\\/\",\"url\":\"https:\\\/\\\/www.info-algerie.com\\\/actualites\\\/wp-content\\\/uploads\\\/2022\\\/07\\\/logo-ia-120.png\",\"contentUrl\":\"https:\\\/\\\/www.info-algerie.com\\\/actualites\\\/wp-content\\\/uploads\\\/2022\\\/07\\\/logo-ia-120.png\",\"width\":120,\"height\":43,\"caption\":\"info algerie\"},\"image\":{\"@id\":\"https:\\\/\\\/www.info-algerie.com\\\/actualites\\\/#\\\/schema\\\/logo\\\/image\\\/\"},\"sameAs\":[\"https:\\\/\\\/www.facebook.com\\\/infoalgerieactu\",\"https:\\\/\\\/x.com\\\/infoalgerie1\"]},{\"@type\":\"Person\",\"@id\":\"https:\\\/\\\/www.info-algerie.com\\\/actualites\\\/#\\\/schema\\\/person\\\/847aaec44920825b843a08f30ec6aa1e\",\"name\":\"La r\u00e9daction\",\"image\":{\"@type\":\"ImageObject\",\"inLanguage\":\"fr-FR\",\"@id\":\"https:\\\/\\\/secure.gravatar.com\\\/avatar\\\/769db425c6f465158149f1ffd6cf61ce7a8a879d11dfbef8288af36dfddd418c?s=96&d=mm&r=g\",\"url\":\"https:\\\/\\\/secure.gravatar.com\\\/avatar\\\/769db425c6f465158149f1ffd6cf61ce7a8a879d11dfbef8288af36dfddd418c?s=96&d=mm&r=g\",\"contentUrl\":\"https:\\\/\\\/secure.gravatar.com\\\/avatar\\\/769db425c6f465158149f1ffd6cf61ce7a8a879d11dfbef8288af36dfddd418c?s=96&d=mm&r=g\",\"caption\":\"La r\u00e9daction\"},\"sameAs\":[\"http:\\\/\\\/www.lkeria.com\\\/\"],\"url\":\"https:\\\/\\\/www.info-algerie.com\\\/actualites\\\/author\\\/chakib32\\\/\"}]}<\/script>\n<!-- \/ Yoast SEO plugin. -->","yoast_head_json":{"title":"L&#039;APN prend part au Caire \u00e0 un atelier de travail r\u00e9gional sur le r\u00f4le de la justice p\u00e9nale dans la lutte contre le terrorisme - info algerie","robots":{"index":"index","follow":"follow","max-snippet":"max-snippet:-1","max-image-preview":"max-image-preview:large","max-video-preview":"max-video-preview:-1"},"canonical":"https:\/\/www.info-algerie.com\/actualites\/lapn-prend-part-au-caire-a-un-atelier-de-travail-regional-sur-le-role-de-la-justice-penale-dans-la-lutte-contre-le-terrorisme\/","og_locale":"fr_FR","og_type":"article","og_title":"L&#039;APN prend part au Caire \u00e0 un atelier de travail r\u00e9gional sur le r\u00f4le de la justice p\u00e9nale dans la lutte contre le terrorisme - info algerie","og_description":"ALGER- L&rsquo;Assembl\u00e9e populaire nationale (APN) prendra part\u00a0 \u00e0 partir de ce mardi au Caire \u00e0 l&rsquo;atelier de travail r\u00e9gional, organis\u00e9 par l&rsquo;Institut international de justice et de la primaut\u00e9 de la loi, sous le slogan \u00ab\u00a0Le r\u00f4le de la ligue des parlementaires et des repr\u00e9sentants de la justice p\u00e9nale en mati\u00e8re de lutte contre le","og_url":"https:\/\/www.info-algerie.com\/actualites\/lapn-prend-part-au-caire-a-un-atelier-de-travail-regional-sur-le-role-de-la-justice-penale-dans-la-lutte-contre-le-terrorisme\/","og_site_name":"info algerie","article_publisher":"https:\/\/www.facebook.com\/infoalgerieactu","article_published_time":"2017-10-24T12:19:48+00:00","author":"La r\u00e9daction","twitter_misc":{"\u00c9crit par":"La r\u00e9daction","Dur\u00e9e de lecture estim\u00e9e":"1 minute"},"schema":{"@context":"https:\/\/schema.org","@graph":[{"@type":"Article","@id":"https:\/\/www.info-algerie.com\/actualites\/lapn-prend-part-au-caire-a-un-atelier-de-travail-regional-sur-le-role-de-la-justice-penale-dans-la-lutte-contre-le-terrorisme\/#article","isPartOf":{"@id":"https:\/\/www.info-algerie.com\/actualites\/lapn-prend-part-au-caire-a-un-atelier-de-travail-regional-sur-le-role-de-la-justice-penale-dans-la-lutte-contre-le-terrorisme\/"},"author":{"name":"La r\u00e9daction","@id":"https:\/\/www.info-algerie.com\/actualites\/#\/schema\/person\/847aaec44920825b843a08f30ec6aa1e"},"headline":"L&#039;APN prend part au Caire \u00e0 un atelier de travail r\u00e9gional sur le r\u00f4le de la justice p\u00e9nale dans la lutte contre le terrorisme","datePublished":"2017-10-24T12:19:48+00:00","mainEntityOfPage":{"@id":"https:\/\/www.info-algerie.com\/actualites\/lapn-prend-part-au-caire-a-un-atelier-de-travail-regional-sur-le-role-de-la-justice-penale-dans-la-lutte-contre-le-terrorisme\/"},"wordCount":227,"commentCount":0,"publisher":{"@id":"https:\/\/www.info-algerie.com\/actualites\/#organization"},"keywords":["ONU"],"articleSection":["infos"],"inLanguage":"fr-FR","potentialAction":[{"@type":"CommentAction","name":"Comment","target":["https:\/\/www.info-algerie.com\/actualites\/lapn-prend-part-au-caire-a-un-atelier-de-travail-regional-sur-le-role-de-la-justice-penale-dans-la-lutte-contre-le-terrorisme\/#respond"]}]},{"@type":"WebPage","@id":"https:\/\/www.info-algerie.com\/actualites\/lapn-prend-part-au-caire-a-un-atelier-de-travail-regional-sur-le-role-de-la-justice-penale-dans-la-lutte-contre-le-terrorisme\/","url":"https:\/\/www.info-algerie.com\/actualites\/lapn-prend-part-au-caire-a-un-atelier-de-travail-regional-sur-le-role-de-la-justice-penale-dans-la-lutte-contre-le-terrorisme\/","name":"L&#039;APN prend part au Caire \u00e0 un atelier de travail r\u00e9gional sur le r\u00f4le de la justice p\u00e9nale dans la lutte contre le terrorisme - info algerie","isPartOf":{"@id":"https:\/\/www.info-algerie.com\/actualites\/#website"},"datePublished":"2017-10-24T12:19:48+00:00","breadcrumb":{"@id":"https:\/\/www.info-algerie.com\/actualites\/lapn-prend-part-au-caire-a-un-atelier-de-travail-regional-sur-le-role-de-la-justice-penale-dans-la-lutte-contre-le-terrorisme\/#breadcrumb"},"inLanguage":"fr-FR","potentialAction":[{"@type":"ReadAction","target":["https:\/\/www.info-algerie.com\/actualites\/lapn-prend-part-au-caire-a-un-atelier-de-travail-regional-sur-le-role-de-la-justice-penale-dans-la-lutte-contre-le-terrorisme\/"]}]},{"@type":"BreadcrumbList","@id":"https:\/\/www.info-algerie.com\/actualites\/lapn-prend-part-au-caire-a-un-atelier-de-travail-regional-sur-le-role-de-la-justice-penale-dans-la-lutte-contre-le-terrorisme\/#breadcrumb","itemListElement":[{"@type":"ListItem","position":1,"name":"Accueil","item":"https:\/\/www.info-algerie.com\/actualites\/"},{"@type":"ListItem","position":2,"name":"L&#039;APN prend part au Caire \u00e0 un atelier de travail r\u00e9gional sur le r\u00f4le de la justice p\u00e9nale dans la lutte contre le terrorisme"}]},{"@type":"WebSite","@id":"https:\/\/www.info-algerie.com\/actualites\/#website","url":"https:\/\/www.info-algerie.com\/actualites\/","name":"info algerie","description":"Toutes les actualit\u00e9s","publisher":{"@id":"https:\/\/www.info-algerie.com\/actualites\/#organization"},"potentialAction":[{"@type":"SearchAction","target":{"@type":"EntryPoint","urlTemplate":"https:\/\/www.info-algerie.com\/actualites\/?s={search_term_string}"},"query-input":{"@type":"PropertyValueSpecification","valueRequired":true,"valueName":"search_term_string"}}],"inLanguage":"fr-FR"},{"@type":"Organization","@id":"https:\/\/www.info-algerie.com\/actualites\/#organization","name":"info algerie","url":"https:\/\/www.info-algerie.com\/actualites\/","logo":{"@type":"ImageObject","inLanguage":"fr-FR","@id":"https:\/\/www.info-algerie.com\/actualites\/#\/schema\/logo\/image\/","url":"https:\/\/www.info-algerie.com\/actualites\/wp-content\/uploads\/2022\/07\/logo-ia-120.png","contentUrl":"https:\/\/www.info-algerie.com\/actualites\/wp-content\/uploads\/2022\/07\/logo-ia-120.png","width":120,"height":43,"caption":"info algerie"},"image":{"@id":"https:\/\/www.info-algerie.com\/actualites\/#\/schema\/logo\/image\/"},"sameAs":["https:\/\/www.facebook.com\/infoalgerieactu","https:\/\/x.com\/infoalgerie1"]},{"@type":"Person","@id":"https:\/\/www.info-algerie.com\/actualites\/#\/schema\/person\/847aaec44920825b843a08f30ec6aa1e","name":"La r\u00e9daction","image":{"@type":"ImageObject","inLanguage":"fr-FR","@id":"https:\/\/secure.gravatar.com\/avatar\/769db425c6f465158149f1ffd6cf61ce7a8a879d11dfbef8288af36dfddd418c?s=96&d=mm&r=g","url":"https:\/\/secure.gravatar.com\/avatar\/769db425c6f465158149f1ffd6cf61ce7a8a879d11dfbef8288af36dfddd418c?s=96&d=mm&r=g","contentUrl":"https:\/\/secure.gravatar.com\/avatar\/769db425c6f465158149f1ffd6cf61ce7a8a879d11dfbef8288af36dfddd418c?s=96&d=mm&r=g","caption":"La r\u00e9daction"},"sameAs":["http:\/\/www.lkeria.com\/"],"url":"https:\/\/www.info-algerie.com\/actualites\/author\/chakib32\/"}]}},"_links":{"self":[{"href":"https:\/\/www.info-algerie.com\/actualites\/wp-json\/wp\/v2\/posts\/17203","targetHints":{"allow":["GET"]}}],"collection":[{"href":"https:\/\/www.info-algerie.com\/actualites\/wp-json\/wp\/v2\/posts"}],"about":[{"href":"https:\/\/www.info-algerie.com\/actualites\/wp-json\/wp\/v2\/types\/post"}],"author":[{"embeddable":true,"href":"https:\/\/www.info-algerie.com\/actualites\/wp-json\/wp\/v2\/users\/6"}],"replies":[{"embeddable":true,"href":"https:\/\/www.info-algerie.com\/actualites\/wp-json\/wp\/v2\/comments?post=17203"}],"version-history":[{"count":0,"href":"https:\/\/www.info-algerie.com\/actualites\/wp-json\/wp\/v2\/posts\/17203\/revisions"}],"wp:attachment":[{"href":"https:\/\/www.info-algerie.com\/actualites\/wp-json\/wp\/v2\/media?parent=17203"}],"wp:term":[{"taxonomy":"category","embeddable":true,"href":"https:\/\/www.info-algerie.com\/actualites\/wp-json\/wp\/v2\/categories?post=17203"},{"taxonomy":"post_tag","embeddable":true,"href":"https:\/\/www.info-algerie.com\/actualites\/wp-json\/wp\/v2\/tags?post=17203"}],"curies":[{"name":"wp","href":"https:\/\/api.w.org\/{rel}","templated":true}]}}