{"id":17209,"date":"2017-10-24T15:52:17","date_gmt":"2017-10-24T14:52:17","guid":{"rendered":"http:\/\/www.info-algerie.com\/actualites\/lalgerie-et-la-namibie-partagent-les-memes-positions-sur-nombre-de-questions-internationales\/"},"modified":"2017-10-24T15:52:17","modified_gmt":"2017-10-24T14:52:17","slug":"lalgerie-et-la-namibie-partagent-les-memes-positions-sur-nombre-de-questions-internationales","status":"publish","type":"post","link":"https:\/\/www.info-algerie.com\/actualites\/lalgerie-et-la-namibie-partagent-les-memes-positions-sur-nombre-de-questions-internationales\/","title":{"rendered":"L&#039;Alg\u00e9rie et la Namibie partagent les m\u00eames positions sur nombre de questions internationales"},"content":{"rendered":"<div class=\"K2FeedImage\"><img decoding=\"async\" src=\"https:\/\/www.info-algerie.com\/actualites\/wp-content\/uploads\/2017\/10\/15461c0c09e01fd81f80029cd3f055c1_S.jpg\" alt=\"L'Alg&#xE9;rie et la Namibie partagent les m&#xEA;mes positions sur nombre de questions internationales\" \/><\/div>\n<div class=\"K2FeedIntroText\">\n<p><strong>ALGER &#8211; L&rsquo;Alg\u00e9rie et la Namibie partagent les m\u00eames positions sur nombre de questions internationales, a indiqu\u00e9 mardi \u00e0 Alger le ministre des Affaires \u00e9trang\u00e8res, Abdelkader Messahel.<\/strong><\/p>\n<p>&#013;\n<\/p><\/div>\n<div class=\"K2FeedFullText\">&#013;<\/p>\n<p>\u00ab\u00a0Je me f\u00e9licite de la r\u00e9gularit\u00e9 des consultations et de la concertation entre les deux pays, marqu\u00e9es par la convergence de vues sur les principales questions r\u00e9gionales et internationales\u00a0\u00bb, a soulign\u00e9 M. Messahel lors des travaux de la <strong><a href=\"http:\/\/www.aps.dz\/algerie\/64395-algerie-namibie-travaux-de-la-1ere-session-de-la-commission-mixte-de-cooperation\">commission mixte alg\u00e9ro-namibienne<\/a>.<\/strong><\/p>\n<p>&#013;<\/p>\n<p>Il a ajout\u00e9 que le dialogue \u00ab\u00a0fructueux et utile\u00a0\u00bb lors de cette commission \u00ab\u00a0sera davantage approfondi \u00e0 la faveur de la prochaine visite \u00e0 Alger du pr\u00e9sident de la Namibie\u00a0\u00bb.<\/p>\n<p>&#013;<\/p>\n<p>Cette r\u00e9union permettra \u00e9galement une opportunit\u00e9 pour donner \u00ab\u00a0une nouvelle impulsion dans divers domaines tant au plan \u00e9conomique que politique\u00a0\u00bb.<\/p>\n<p>&#013;<\/p>\n<p>Le chef de la diplomatie alg\u00e9rienne a ajout\u00e9 qu&rsquo;il \u00e9tait \u00ab\u00a0essentiel d&rsquo;explorer l&rsquo;immense potentiel des deux pays pour am\u00e9liorer le climat des affaires\u00a0\u00bb, soulignant \u00ab\u00a0l&rsquo;excellence des liens historiques et d&rsquo;amiti\u00e9 ind\u00e9fectible entre les deux pays qui trouvent leur singularit\u00e9 dans la lutte commune pour les libert\u00e9s et la dignit\u00e9 et le partage des id\u00e9aux de paix et de justice\u00a0\u00bb.<\/p>\n<p>&#013;<\/p>\n<blockquote><p>&#013;<\/p>\n<p><span style=\"font-size: 12.16px\"><strong><em>\u00ab\u00a0Nous voulons conf\u00e9rer \u00e0 nos relations un nouvel \u00e9lan qui soit \u00e0 la mesure de nos potentialit\u00e9s et de nos ambitions pour un avenir prosp\u00e8re\u00a0\u00bb (Messahel)<\/em><\/strong><\/span><\/p>\n<p>&#013;\n<\/p><\/blockquote>\n<p>&#013;<\/p>\n<p>Cette session \u00ab\u00a0ne manquera pas de hisser la coop\u00e9ration bilat\u00e9rale au niveau de l&rsquo;excellence des relations politiques\u00a0\u00bb, a soutenu M. Messahel, ajoutant que \u00ab\u00a0nous voulons conf\u00e9rer \u00e0 nos relations un nouvel \u00e9lan qui soit \u00e0 la mesure de nos potentialit\u00e9s et de nos ambitions pour un avenir prosp\u00e8re\u00a0\u00bb.<\/p>\n<p>&#013;<\/p>\n<hr \/>\n<h3>Lire aussi:\u00a0<a href=\"http:\/\/www.aps.dz\/algerie\/64318-les-relations-algero-namibiennes-sont-riches-et-historiques\" target=\"_blank\" rel=\"noopener noreferrer\">Les relations alg\u00e9ro-namibiennes sont \u00ab\u00a0riches et historiques\u00a0\u00bb<\/a><\/h3>\n<p>&#013;<\/p>\n<hr \/>\n<p>Il a relev\u00e9 qu&rsquo;il incombait aux op\u00e9rateurs \u00e9conomiques des deux pays de \u00ab\u00a0saisir les meilleurs opportunit\u00e9s d&rsquo;affaires de part et d&rsquo;autre pour ouvrir de nouvelles perspectives de coop\u00e9ration\u00a0\u00bb.<\/p>\n<p>&#013;<\/p>\n<blockquote><p>&#013;<\/p>\n<p><strong><em>Pour le ministre, \u00ab\u00a0le niveau de la coop\u00e9ration est limit\u00e9 \u00e0 la coop\u00e9ration technique, notamment entre le minist\u00e8re des Moudjahidine et celui des V\u00e9t\u00e9rans namibiens, entre l&rsquo;agence Alg\u00e9rie presse service (APS) et son homologue de Namibie et l&rsquo;octroi de bourses annuelles \u00e0 des \u00e9tudiants de Namibie pour la poursuite des \u00e9tudes sup\u00e9rieures en Alg\u00e9rie\u00a0\u00bb.<\/em><\/strong><\/p>\n<p>&#013;\n<\/p><\/blockquote>\n<p>&#013;<\/p>\n<p>Il a salu\u00e9, \u00e0 cet effet, le travail effectu\u00e9 par les d\u00e9l\u00e9gations des deux pays, r\u00e9unies en novembre 2016, permettant d'\u00a0\u00bbidentifier les actions concr\u00e8tes de coop\u00e9ration et de d\u00e9finir les recommandations pour l&rsquo;approfondissement des relations \u00e9conomiques scientifiques et techniques\u00a0\u00bb.<\/p>\n<p>&#013;<\/p>\n<p>Ce travail, a rappel\u00e9 le ministre, a \u00e9t\u00e9 couronn\u00e9 par la finalisation de plusieurs projets, d&rsquo;accords et de m\u00e9morandums d&rsquo;entente dans plusieurs secteurs.<\/p>\n<p>&#013;<\/p>\n<p class=\"MsoNormal\">\u00ab\u00a0Plusieurs projets sont en cours de n\u00e9gociation. Nous allons renforcer le cadre juridique de notre coop\u00e9ration et j&rsquo;invite les experts pour sa finalisation\u00a0\u00bb, a-t-il conclu.<\/p>\n<\/div>\n<p>&#013;<br \/>\nSource: <a href=\"http:\/\/www.aps.dz\/algerie\/64407-l-algerie-et-la-namibie-partagent-les-memes-positions-sur-nombre-de-questions-internationales\" target=\"_blank\">L&rsquo;Alg\u00e9rie et la Namibie partagent les m\u00eames positions sur nombre de questions internationales<\/a><\/p>\n<!--CusAds0-->\n<div style=\"font-size: 0px; height: 0px; line-height: 0px; margin: 0; padding: 0; clear: both;\"><\/div>","protected":false},"excerpt":{"rendered":"<p>ALGER &#8211; L&rsquo;Alg\u00e9rie et la Namibie partagent les m\u00eames positions sur nombre de questions internationales, a indiqu\u00e9 mardi \u00e0 Alger le ministre des Affaires \u00e9trang\u00e8res, Abdelkader Messahel. &#013; &#013; \u00ab\u00a0Je me f\u00e9licite de la r\u00e9gularit\u00e9 des consultations et de la concertation entre les deux pays, marqu\u00e9es par la convergence de vues sur les principales questions<\/p>\n","protected":false},"author":6,"featured_media":17210,"comment_status":"open","ping_status":"open","sticky":false,"template":"","format":"standard","meta":{"footnotes":""},"categories":[22],"tags":[93],"class_list":["post-17209","post","type-post","status-publish","format-standard","has-post-thumbnail","hentry","category-infos","tag-onu"],"yoast_head":"<!-- This site is optimized with the Yoast SEO plugin v27.5 - https:\/\/yoast.com\/product\/yoast-seo-wordpress\/ -->\n<title>L&#039;Alg\u00e9rie et la Namibie partagent les m\u00eames positions sur nombre de questions internationales - info algerie<\/title>\n<meta name=\"robots\" content=\"index, follow, max-snippet:-1, max-image-preview:large, max-video-preview:-1\" \/>\n<link rel=\"canonical\" href=\"https:\/\/www.info-algerie.com\/actualites\/lalgerie-et-la-namibie-partagent-les-memes-positions-sur-nombre-de-questions-internationales\/\" \/>\n<meta property=\"og:locale\" content=\"fr_FR\" \/>\n<meta property=\"og:type\" content=\"article\" \/>\n<meta property=\"og:title\" content=\"L&#039;Alg\u00e9rie et la Namibie partagent les m\u00eames positions sur nombre de questions internationales - info algerie\" \/>\n<meta property=\"og:description\" content=\"ALGER &#8211; L&rsquo;Alg\u00e9rie et la Namibie partagent les m\u00eames positions sur nombre de questions internationales, a indiqu\u00e9 mardi \u00e0 Alger le ministre des Affaires \u00e9trang\u00e8res, Abdelkader Messahel. &#013; &#013; \u00ab\u00a0Je me f\u00e9licite de la r\u00e9gularit\u00e9 des consultations et de la concertation entre les deux pays, marqu\u00e9es par la convergence de vues sur les principales questions\" \/>\n<meta property=\"og:url\" content=\"https:\/\/www.info-algerie.com\/actualites\/lalgerie-et-la-namibie-partagent-les-memes-positions-sur-nombre-de-questions-internationales\/\" \/>\n<meta property=\"og:site_name\" content=\"info algerie\" \/>\n<meta property=\"article:publisher\" content=\"https:\/\/www.facebook.com\/infoalgerieactu\" \/>\n<meta property=\"article:published_time\" content=\"2017-10-24T14:52:17+00:00\" \/>\n<meta property=\"og:image\" content=\"https:\/\/www.info-algerie.com\/actualites\/wp-content\/uploads\/2017\/10\/15461c0c09e01fd81f80029cd3f055c1_S-1.jpg\" \/>\n\t<meta property=\"og:image:width\" content=\"280\" \/>\n\t<meta property=\"og:image:height\" content=\"169\" \/>\n\t<meta property=\"og:image:type\" content=\"image\/jpeg\" \/>\n<meta name=\"author\" content=\"La r\u00e9daction\" \/>\n<meta name=\"twitter:label1\" content=\"\u00c9crit par\" \/>\n\t<meta name=\"twitter:data1\" content=\"La r\u00e9daction\" \/>\n\t<meta name=\"twitter:label2\" content=\"Dur\u00e9e de lecture estim\u00e9e\" \/>\n\t<meta name=\"twitter:data2\" content=\"2 minutes\" \/>\n<script type=\"application\/ld+json\" class=\"yoast-schema-graph\">{\"@context\":\"https:\\\/\\\/schema.org\",\"@graph\":[{\"@type\":\"Article\",\"@id\":\"https:\\\/\\\/www.info-algerie.com\\\/actualites\\\/lalgerie-et-la-namibie-partagent-les-memes-positions-sur-nombre-de-questions-internationales\\\/#article\",\"isPartOf\":{\"@id\":\"https:\\\/\\\/www.info-algerie.com\\\/actualites\\\/lalgerie-et-la-namibie-partagent-les-memes-positions-sur-nombre-de-questions-internationales\\\/\"},\"author\":{\"name\":\"La r\u00e9daction\",\"@id\":\"https:\\\/\\\/www.info-algerie.com\\\/actualites\\\/#\\\/schema\\\/person\\\/847aaec44920825b843a08f30ec6aa1e\"},\"headline\":\"L&#039;Alg\u00e9rie et la Namibie partagent les m\u00eames positions sur nombre de questions internationales\",\"datePublished\":\"2017-10-24T14:52:17+00:00\",\"mainEntityOfPage\":{\"@id\":\"https:\\\/\\\/www.info-algerie.com\\\/actualites\\\/lalgerie-et-la-namibie-partagent-les-memes-positions-sur-nombre-de-questions-internationales\\\/\"},\"wordCount\":512,\"commentCount\":0,\"publisher\":{\"@id\":\"https:\\\/\\\/www.info-algerie.com\\\/actualites\\\/#organization\"},\"image\":{\"@id\":\"https:\\\/\\\/www.info-algerie.com\\\/actualites\\\/lalgerie-et-la-namibie-partagent-les-memes-positions-sur-nombre-de-questions-internationales\\\/#primaryimage\"},\"thumbnailUrl\":\"https:\\\/\\\/www.info-algerie.com\\\/actualites\\\/wp-content\\\/uploads\\\/2017\\\/10\\\/15461c0c09e01fd81f80029cd3f055c1_S-1.jpg\",\"keywords\":[\"ONU\"],\"articleSection\":[\"infos\"],\"inLanguage\":\"fr-FR\",\"potentialAction\":[{\"@type\":\"CommentAction\",\"name\":\"Comment\",\"target\":[\"https:\\\/\\\/www.info-algerie.com\\\/actualites\\\/lalgerie-et-la-namibie-partagent-les-memes-positions-sur-nombre-de-questions-internationales\\\/#respond\"]}]},{\"@type\":\"WebPage\",\"@id\":\"https:\\\/\\\/www.info-algerie.com\\\/actualites\\\/lalgerie-et-la-namibie-partagent-les-memes-positions-sur-nombre-de-questions-internationales\\\/\",\"url\":\"https:\\\/\\\/www.info-algerie.com\\\/actualites\\\/lalgerie-et-la-namibie-partagent-les-memes-positions-sur-nombre-de-questions-internationales\\\/\",\"name\":\"L&#039;Alg\u00e9rie et la Namibie partagent les m\u00eames positions sur nombre de questions internationales - info algerie\",\"isPartOf\":{\"@id\":\"https:\\\/\\\/www.info-algerie.com\\\/actualites\\\/#website\"},\"primaryImageOfPage\":{\"@id\":\"https:\\\/\\\/www.info-algerie.com\\\/actualites\\\/lalgerie-et-la-namibie-partagent-les-memes-positions-sur-nombre-de-questions-internationales\\\/#primaryimage\"},\"image\":{\"@id\":\"https:\\\/\\\/www.info-algerie.com\\\/actualites\\\/lalgerie-et-la-namibie-partagent-les-memes-positions-sur-nombre-de-questions-internationales\\\/#primaryimage\"},\"thumbnailUrl\":\"https:\\\/\\\/www.info-algerie.com\\\/actualites\\\/wp-content\\\/uploads\\\/2017\\\/10\\\/15461c0c09e01fd81f80029cd3f055c1_S-1.jpg\",\"datePublished\":\"2017-10-24T14:52:17+00:00\",\"breadcrumb\":{\"@id\":\"https:\\\/\\\/www.info-algerie.com\\\/actualites\\\/lalgerie-et-la-namibie-partagent-les-memes-positions-sur-nombre-de-questions-internationales\\\/#breadcrumb\"},\"inLanguage\":\"fr-FR\",\"potentialAction\":[{\"@type\":\"ReadAction\",\"target\":[\"https:\\\/\\\/www.info-algerie.com\\\/actualites\\\/lalgerie-et-la-namibie-partagent-les-memes-positions-sur-nombre-de-questions-internationales\\\/\"]}]},{\"@type\":\"ImageObject\",\"inLanguage\":\"fr-FR\",\"@id\":\"https:\\\/\\\/www.info-algerie.com\\\/actualites\\\/lalgerie-et-la-namibie-partagent-les-memes-positions-sur-nombre-de-questions-internationales\\\/#primaryimage\",\"url\":\"https:\\\/\\\/www.info-algerie.com\\\/actualites\\\/wp-content\\\/uploads\\\/2017\\\/10\\\/15461c0c09e01fd81f80029cd3f055c1_S-1.jpg\",\"contentUrl\":\"https:\\\/\\\/www.info-algerie.com\\\/actualites\\\/wp-content\\\/uploads\\\/2017\\\/10\\\/15461c0c09e01fd81f80029cd3f055c1_S-1.jpg\",\"width\":280,\"height\":169},{\"@type\":\"BreadcrumbList\",\"@id\":\"https:\\\/\\\/www.info-algerie.com\\\/actualites\\\/lalgerie-et-la-namibie-partagent-les-memes-positions-sur-nombre-de-questions-internationales\\\/#breadcrumb\",\"itemListElement\":[{\"@type\":\"ListItem\",\"position\":1,\"name\":\"Accueil\",\"item\":\"https:\\\/\\\/www.info-algerie.com\\\/actualites\\\/\"},{\"@type\":\"ListItem\",\"position\":2,\"name\":\"L&#039;Alg\u00e9rie et la Namibie partagent les m\u00eames positions sur nombre de questions internationales\"}]},{\"@type\":\"WebSite\",\"@id\":\"https:\\\/\\\/www.info-algerie.com\\\/actualites\\\/#website\",\"url\":\"https:\\\/\\\/www.info-algerie.com\\\/actualites\\\/\",\"name\":\"info algerie\",\"description\":\"Toutes les actualit\u00e9s\",\"publisher\":{\"@id\":\"https:\\\/\\\/www.info-algerie.com\\\/actualites\\\/#organization\"},\"potentialAction\":[{\"@type\":\"SearchAction\",\"target\":{\"@type\":\"EntryPoint\",\"urlTemplate\":\"https:\\\/\\\/www.info-algerie.com\\\/actualites\\\/?s={search_term_string}\"},\"query-input\":{\"@type\":\"PropertyValueSpecification\",\"valueRequired\":true,\"valueName\":\"search_term_string\"}}],\"inLanguage\":\"fr-FR\"},{\"@type\":\"Organization\",\"@id\":\"https:\\\/\\\/www.info-algerie.com\\\/actualites\\\/#organization\",\"name\":\"info algerie\",\"url\":\"https:\\\/\\\/www.info-algerie.com\\\/actualites\\\/\",\"logo\":{\"@type\":\"ImageObject\",\"inLanguage\":\"fr-FR\",\"@id\":\"https:\\\/\\\/www.info-algerie.com\\\/actualites\\\/#\\\/schema\\\/logo\\\/image\\\/\",\"url\":\"https:\\\/\\\/www.info-algerie.com\\\/actualites\\\/wp-content\\\/uploads\\\/2022\\\/07\\\/logo-ia-120.png\",\"contentUrl\":\"https:\\\/\\\/www.info-algerie.com\\\/actualites\\\/wp-content\\\/uploads\\\/2022\\\/07\\\/logo-ia-120.png\",\"width\":120,\"height\":43,\"caption\":\"info algerie\"},\"image\":{\"@id\":\"https:\\\/\\\/www.info-algerie.com\\\/actualites\\\/#\\\/schema\\\/logo\\\/image\\\/\"},\"sameAs\":[\"https:\\\/\\\/www.facebook.com\\\/infoalgerieactu\",\"https:\\\/\\\/x.com\\\/infoalgerie1\"]},{\"@type\":\"Person\",\"@id\":\"https:\\\/\\\/www.info-algerie.com\\\/actualites\\\/#\\\/schema\\\/person\\\/847aaec44920825b843a08f30ec6aa1e\",\"name\":\"La r\u00e9daction\",\"image\":{\"@type\":\"ImageObject\",\"inLanguage\":\"fr-FR\",\"@id\":\"https:\\\/\\\/secure.gravatar.com\\\/avatar\\\/769db425c6f465158149f1ffd6cf61ce7a8a879d11dfbef8288af36dfddd418c?s=96&d=mm&r=g\",\"url\":\"https:\\\/\\\/secure.gravatar.com\\\/avatar\\\/769db425c6f465158149f1ffd6cf61ce7a8a879d11dfbef8288af36dfddd418c?s=96&d=mm&r=g\",\"contentUrl\":\"https:\\\/\\\/secure.gravatar.com\\\/avatar\\\/769db425c6f465158149f1ffd6cf61ce7a8a879d11dfbef8288af36dfddd418c?s=96&d=mm&r=g\",\"caption\":\"La r\u00e9daction\"},\"sameAs\":[\"http:\\\/\\\/www.lkeria.com\\\/\"],\"url\":\"https:\\\/\\\/www.info-algerie.com\\\/actualites\\\/author\\\/chakib32\\\/\"}]}<\/script>\n<!-- \/ Yoast SEO plugin. -->","yoast_head_json":{"title":"L&#039;Alg\u00e9rie et la Namibie partagent les m\u00eames positions sur nombre de questions internationales - info algerie","robots":{"index":"index","follow":"follow","max-snippet":"max-snippet:-1","max-image-preview":"max-image-preview:large","max-video-preview":"max-video-preview:-1"},"canonical":"https:\/\/www.info-algerie.com\/actualites\/lalgerie-et-la-namibie-partagent-les-memes-positions-sur-nombre-de-questions-internationales\/","og_locale":"fr_FR","og_type":"article","og_title":"L&#039;Alg\u00e9rie et la Namibie partagent les m\u00eames positions sur nombre de questions internationales - info algerie","og_description":"ALGER &#8211; L&rsquo;Alg\u00e9rie et la Namibie partagent les m\u00eames positions sur nombre de questions internationales, a indiqu\u00e9 mardi \u00e0 Alger le ministre des Affaires \u00e9trang\u00e8res, Abdelkader Messahel. &#013; &#013; \u00ab\u00a0Je me f\u00e9licite de la r\u00e9gularit\u00e9 des consultations et de la concertation entre les deux pays, marqu\u00e9es par la convergence de vues sur les principales questions","og_url":"https:\/\/www.info-algerie.com\/actualites\/lalgerie-et-la-namibie-partagent-les-memes-positions-sur-nombre-de-questions-internationales\/","og_site_name":"info algerie","article_publisher":"https:\/\/www.facebook.com\/infoalgerieactu","article_published_time":"2017-10-24T14:52:17+00:00","og_image":[{"width":280,"height":169,"url":"https:\/\/www.info-algerie.com\/actualites\/wp-content\/uploads\/2017\/10\/15461c0c09e01fd81f80029cd3f055c1_S-1.jpg","type":"image\/jpeg"}],"author":"La r\u00e9daction","twitter_misc":{"\u00c9crit par":"La r\u00e9daction","Dur\u00e9e de lecture estim\u00e9e":"2 minutes"},"schema":{"@context":"https:\/\/schema.org","@graph":[{"@type":"Article","@id":"https:\/\/www.info-algerie.com\/actualites\/lalgerie-et-la-namibie-partagent-les-memes-positions-sur-nombre-de-questions-internationales\/#article","isPartOf":{"@id":"https:\/\/www.info-algerie.com\/actualites\/lalgerie-et-la-namibie-partagent-les-memes-positions-sur-nombre-de-questions-internationales\/"},"author":{"name":"La r\u00e9daction","@id":"https:\/\/www.info-algerie.com\/actualites\/#\/schema\/person\/847aaec44920825b843a08f30ec6aa1e"},"headline":"L&#039;Alg\u00e9rie et la Namibie partagent les m\u00eames positions sur nombre de questions internationales","datePublished":"2017-10-24T14:52:17+00:00","mainEntityOfPage":{"@id":"https:\/\/www.info-algerie.com\/actualites\/lalgerie-et-la-namibie-partagent-les-memes-positions-sur-nombre-de-questions-internationales\/"},"wordCount":512,"commentCount":0,"publisher":{"@id":"https:\/\/www.info-algerie.com\/actualites\/#organization"},"image":{"@id":"https:\/\/www.info-algerie.com\/actualites\/lalgerie-et-la-namibie-partagent-les-memes-positions-sur-nombre-de-questions-internationales\/#primaryimage"},"thumbnailUrl":"https:\/\/www.info-algerie.com\/actualites\/wp-content\/uploads\/2017\/10\/15461c0c09e01fd81f80029cd3f055c1_S-1.jpg","keywords":["ONU"],"articleSection":["infos"],"inLanguage":"fr-FR","potentialAction":[{"@type":"CommentAction","name":"Comment","target":["https:\/\/www.info-algerie.com\/actualites\/lalgerie-et-la-namibie-partagent-les-memes-positions-sur-nombre-de-questions-internationales\/#respond"]}]},{"@type":"WebPage","@id":"https:\/\/www.info-algerie.com\/actualites\/lalgerie-et-la-namibie-partagent-les-memes-positions-sur-nombre-de-questions-internationales\/","url":"https:\/\/www.info-algerie.com\/actualites\/lalgerie-et-la-namibie-partagent-les-memes-positions-sur-nombre-de-questions-internationales\/","name":"L&#039;Alg\u00e9rie et la Namibie partagent les m\u00eames positions sur nombre de questions internationales - info algerie","isPartOf":{"@id":"https:\/\/www.info-algerie.com\/actualites\/#website"},"primaryImageOfPage":{"@id":"https:\/\/www.info-algerie.com\/actualites\/lalgerie-et-la-namibie-partagent-les-memes-positions-sur-nombre-de-questions-internationales\/#primaryimage"},"image":{"@id":"https:\/\/www.info-algerie.com\/actualites\/lalgerie-et-la-namibie-partagent-les-memes-positions-sur-nombre-de-questions-internationales\/#primaryimage"},"thumbnailUrl":"https:\/\/www.info-algerie.com\/actualites\/wp-content\/uploads\/2017\/10\/15461c0c09e01fd81f80029cd3f055c1_S-1.jpg","datePublished":"2017-10-24T14:52:17+00:00","breadcrumb":{"@id":"https:\/\/www.info-algerie.com\/actualites\/lalgerie-et-la-namibie-partagent-les-memes-positions-sur-nombre-de-questions-internationales\/#breadcrumb"},"inLanguage":"fr-FR","potentialAction":[{"@type":"ReadAction","target":["https:\/\/www.info-algerie.com\/actualites\/lalgerie-et-la-namibie-partagent-les-memes-positions-sur-nombre-de-questions-internationales\/"]}]},{"@type":"ImageObject","inLanguage":"fr-FR","@id":"https:\/\/www.info-algerie.com\/actualites\/lalgerie-et-la-namibie-partagent-les-memes-positions-sur-nombre-de-questions-internationales\/#primaryimage","url":"https:\/\/www.info-algerie.com\/actualites\/wp-content\/uploads\/2017\/10\/15461c0c09e01fd81f80029cd3f055c1_S-1.jpg","contentUrl":"https:\/\/www.info-algerie.com\/actualites\/wp-content\/uploads\/2017\/10\/15461c0c09e01fd81f80029cd3f055c1_S-1.jpg","width":280,"height":169},{"@type":"BreadcrumbList","@id":"https:\/\/www.info-algerie.com\/actualites\/lalgerie-et-la-namibie-partagent-les-memes-positions-sur-nombre-de-questions-internationales\/#breadcrumb","itemListElement":[{"@type":"ListItem","position":1,"name":"Accueil","item":"https:\/\/www.info-algerie.com\/actualites\/"},{"@type":"ListItem","position":2,"name":"L&#039;Alg\u00e9rie et la Namibie partagent les m\u00eames positions sur nombre de questions internationales"}]},{"@type":"WebSite","@id":"https:\/\/www.info-algerie.com\/actualites\/#website","url":"https:\/\/www.info-algerie.com\/actualites\/","name":"info algerie","description":"Toutes les actualit\u00e9s","publisher":{"@id":"https:\/\/www.info-algerie.com\/actualites\/#organization"},"potentialAction":[{"@type":"SearchAction","target":{"@type":"EntryPoint","urlTemplate":"https:\/\/www.info-algerie.com\/actualites\/?s={search_term_string}"},"query-input":{"@type":"PropertyValueSpecification","valueRequired":true,"valueName":"search_term_string"}}],"inLanguage":"fr-FR"},{"@type":"Organization","@id":"https:\/\/www.info-algerie.com\/actualites\/#organization","name":"info algerie","url":"https:\/\/www.info-algerie.com\/actualites\/","logo":{"@type":"ImageObject","inLanguage":"fr-FR","@id":"https:\/\/www.info-algerie.com\/actualites\/#\/schema\/logo\/image\/","url":"https:\/\/www.info-algerie.com\/actualites\/wp-content\/uploads\/2022\/07\/logo-ia-120.png","contentUrl":"https:\/\/www.info-algerie.com\/actualites\/wp-content\/uploads\/2022\/07\/logo-ia-120.png","width":120,"height":43,"caption":"info algerie"},"image":{"@id":"https:\/\/www.info-algerie.com\/actualites\/#\/schema\/logo\/image\/"},"sameAs":["https:\/\/www.facebook.com\/infoalgerieactu","https:\/\/x.com\/infoalgerie1"]},{"@type":"Person","@id":"https:\/\/www.info-algerie.com\/actualites\/#\/schema\/person\/847aaec44920825b843a08f30ec6aa1e","name":"La r\u00e9daction","image":{"@type":"ImageObject","inLanguage":"fr-FR","@id":"https:\/\/secure.gravatar.com\/avatar\/769db425c6f465158149f1ffd6cf61ce7a8a879d11dfbef8288af36dfddd418c?s=96&d=mm&r=g","url":"https:\/\/secure.gravatar.com\/avatar\/769db425c6f465158149f1ffd6cf61ce7a8a879d11dfbef8288af36dfddd418c?s=96&d=mm&r=g","contentUrl":"https:\/\/secure.gravatar.com\/avatar\/769db425c6f465158149f1ffd6cf61ce7a8a879d11dfbef8288af36dfddd418c?s=96&d=mm&r=g","caption":"La r\u00e9daction"},"sameAs":["http:\/\/www.lkeria.com\/"],"url":"https:\/\/www.info-algerie.com\/actualites\/author\/chakib32\/"}]}},"_links":{"self":[{"href":"https:\/\/www.info-algerie.com\/actualites\/wp-json\/wp\/v2\/posts\/17209","targetHints":{"allow":["GET"]}}],"collection":[{"href":"https:\/\/www.info-algerie.com\/actualites\/wp-json\/wp\/v2\/posts"}],"about":[{"href":"https:\/\/www.info-algerie.com\/actualites\/wp-json\/wp\/v2\/types\/post"}],"author":[{"embeddable":true,"href":"https:\/\/www.info-algerie.com\/actualites\/wp-json\/wp\/v2\/users\/6"}],"replies":[{"embeddable":true,"href":"https:\/\/www.info-algerie.com\/actualites\/wp-json\/wp\/v2\/comments?post=17209"}],"version-history":[{"count":0,"href":"https:\/\/www.info-algerie.com\/actualites\/wp-json\/wp\/v2\/posts\/17209\/revisions"}],"wp:featuredmedia":[{"embeddable":true,"href":"https:\/\/www.info-algerie.com\/actualites\/wp-json\/wp\/v2\/media\/17210"}],"wp:attachment":[{"href":"https:\/\/www.info-algerie.com\/actualites\/wp-json\/wp\/v2\/media?parent=17209"}],"wp:term":[{"taxonomy":"category","embeddable":true,"href":"https:\/\/www.info-algerie.com\/actualites\/wp-json\/wp\/v2\/categories?post=17209"},{"taxonomy":"post_tag","embeddable":true,"href":"https:\/\/www.info-algerie.com\/actualites\/wp-json\/wp\/v2\/tags?post=17209"}],"curies":[{"name":"wp","href":"https:\/\/api.w.org\/{rel}","templated":true}]}}