{"id":17223,"date":"2017-10-24T18:55:19","date_gmt":"2017-10-24T17:55:19","guid":{"rendered":"http:\/\/www.info-algerie.com\/actualites\/education-nationale-les-personnels-des-services-economiques-reclament-une-derogation-de-promotion\/"},"modified":"2017-10-24T18:55:19","modified_gmt":"2017-10-24T17:55:19","slug":"education-nationale-les-personnels-des-services-economiques-reclament-une-derogation-de-promotion","status":"publish","type":"post","link":"https:\/\/www.info-algerie.com\/actualites\/education-nationale-les-personnels-des-services-economiques-reclament-une-derogation-de-promotion\/","title":{"rendered":"Education nationale: les personnels des services \u00e9conomiques r\u00e9clament une d\u00e9rogation de promotion"},"content":{"rendered":"<div class=\"K2FeedIntroText\">\n<p>ALGER &#8211; La commission nationale des intendants de l&rsquo;\u00e9ducation nationale, affili\u00e9e \u00e0 l&rsquo;Union nationale du personnel de\u00a0 l&rsquo;\u00e9ducation et de la formation (UNPEF), a appel\u00e9 mardi le minist\u00e8re de l&rsquo;Education nationale \u00e0 acc\u00e9l\u00e9rer l&rsquo;\u00e9tablissement d&rsquo;une d\u00e9rogation pour permettre la promotion des adjoints et adjoints principaux des services \u00e9conomiques et la participation au concours professionnel de promotion au grade de sous-intendant.<\/p>\n<p>&#013;\n<\/p><\/div>\n<div class=\"K2FeedFullText\">&#013;<\/p>\n<p>Lors d&rsquo;un sit-in organis\u00e9 devant la Direction de l&rsquo;Education d&rsquo;Alger-ouest, le pr\u00e9sident de la commission, Mustapha Nouaouria a pr\u00e9cis\u00e9 que Cette action \u00ab\u00a0s&rsquo;inscrit dans le cadre de la poursuite des mouvements de protestations engag\u00e9s par la commission depuis la rentr\u00e9e scolaire 2017-2018\u00a0\u00bb, affirmant que la promotion des adjoints et adjoints principaux au grade de sous-intendant est une revendication \u00ab\u00a0fondamentale\u00a0\u00bb, puisque le personnel en question est \u00ab\u00a0classifi\u00e9 dans les grades 7 et 8 en vertu de la loi portant statut particulier des fonctionnaires appartenant aux corps\u00a0 sp\u00e9cifiques de l&rsquo;\u00e9ducation nationale\u00a0\u00bb.<\/p>\n<p>&#013;<\/p>\n<p>A cette occasion, M. Nouaouria a appel\u00e9 la tutelle \u00e0 \u00ab\u00a0h\u00e2ter le traitement des disfonctionnements contenus dans la loi 08-315 du 11 octobre 2008\u00a0\u00bb, estimant que les personnels des services \u00e9conomiques de l&rsquo;Education est \u00ab\u00a0le parent pauvre\u00a0\u00bb du secteur.<\/p>\n<p>&#013;<\/p>\n<p>En outre, M Nouaouria a appel\u00e9 \u00e9galement \u00e0 la prise en charge du dossier des sous-intendants gestionnaires, titulaires de dipl\u00f4mes scientifiques, \u00e0 travers \u00ab\u00a0la valorisation de leurs exp\u00e9riences en gestion\u00a0\u00bb et leur promotion au grade d&rsquo;intendant et en finir avec \u00ab\u00a0la gestion annex\u00e9e\u00a0\u00bb qui est, a-t-il dit, \u00ab\u00a0un travail additionnel qui se fait en dehors de leurs \u00e9tablissements d&rsquo;origine\u00a0\u00bb.<\/p>\n<p>&#013;<\/p>\n<p>Par ailleurs, l&rsquo;UNPEF demande une couverture financi\u00e8re compensatoire pour la vente des livres scolaires et \u00ab\u00a0un traitement similaire que les librairies priv\u00e9es auxquelles le minist\u00e8re de l&rsquo;\u00e9ducation nationale accorde une marge de b\u00e9n\u00e9fice de 15 % de la valeur du livre scolaire\u00a0\u00bb.<\/p>\n<p>&#013;<\/p>\n<p class=\"MsoNormal\">S&rsquo;agissant de la prime scolaire fix\u00e9e \u00e0 3000 DA, la Commission a mis en avant \u00ab\u00a0l&rsquo;imp\u00e9ratif de trouver, d\u00e9s la prochaine rentr\u00e9e scolaire, une solution d\u00e9finitif quant au mode de versement de cette prime\u00a0\u00bb, pr\u00e9cisant que \u00ab\u00a0le paiement comptant de cette prime engendre des probl\u00e8mes qui finissent souvent devant la justice\u00a0\u00bb.<\/p>\n<\/div>\n<p>&#013;<br \/>\nSource: <a href=\"http:\/\/www.aps.dz\/algerie\/64432-education-nationale-les-personnels-des-services-economiques-reclament-une-derogation-de-promotion\" target=\"_blank\">Education nationale: les personnels des services \u00e9conomiques r\u00e9clament une d\u00e9rogation de promotion<\/a><\/p>\n<!--CusAds0-->\n<div style=\"font-size: 0px; height: 0px; line-height: 0px; margin: 0; padding: 0; clear: both;\"><\/div>","protected":false},"excerpt":{"rendered":"<p>ALGER &#8211; La commission nationale des intendants de l&rsquo;\u00e9ducation nationale, affili\u00e9e \u00e0 l&rsquo;Union nationale du personnel de\u00a0 l&rsquo;\u00e9ducation et de la formation (UNPEF), a appel\u00e9 mardi le minist\u00e8re de l&rsquo;Education nationale \u00e0 acc\u00e9l\u00e9rer l&rsquo;\u00e9tablissement d&rsquo;une d\u00e9rogation pour permettre la promotion des adjoints et adjoints principaux des services \u00e9conomiques et la participation au concours professionnel de<\/p>\n","protected":false},"author":6,"featured_media":0,"comment_status":"open","ping_status":"open","sticky":false,"template":"","format":"standard","meta":{"footnotes":""},"categories":[22],"tags":[93],"class_list":["post-17223","post","type-post","status-publish","format-standard","hentry","category-infos","tag-onu"],"yoast_head":"<!-- This site is optimized with the Yoast SEO plugin v27.5 - https:\/\/yoast.com\/product\/yoast-seo-wordpress\/ -->\n<title>Education nationale: les personnels des services \u00e9conomiques r\u00e9clament une d\u00e9rogation de promotion - info algerie<\/title>\n<meta name=\"robots\" content=\"index, follow, max-snippet:-1, max-image-preview:large, max-video-preview:-1\" \/>\n<link rel=\"canonical\" href=\"https:\/\/www.info-algerie.com\/actualites\/education-nationale-les-personnels-des-services-economiques-reclament-une-derogation-de-promotion\/\" \/>\n<meta property=\"og:locale\" content=\"fr_FR\" \/>\n<meta property=\"og:type\" content=\"article\" \/>\n<meta property=\"og:title\" content=\"Education nationale: les personnels des services \u00e9conomiques r\u00e9clament une d\u00e9rogation de promotion - info algerie\" \/>\n<meta property=\"og:description\" content=\"ALGER &#8211; La commission nationale des intendants de l&rsquo;\u00e9ducation nationale, affili\u00e9e \u00e0 l&rsquo;Union nationale du personnel de\u00a0 l&rsquo;\u00e9ducation et de la formation (UNPEF), a appel\u00e9 mardi le minist\u00e8re de l&rsquo;Education nationale \u00e0 acc\u00e9l\u00e9rer l&rsquo;\u00e9tablissement d&rsquo;une d\u00e9rogation pour permettre la promotion des adjoints et adjoints principaux des services \u00e9conomiques et la participation au concours professionnel de\" \/>\n<meta property=\"og:url\" content=\"https:\/\/www.info-algerie.com\/actualites\/education-nationale-les-personnels-des-services-economiques-reclament-une-derogation-de-promotion\/\" \/>\n<meta property=\"og:site_name\" content=\"info algerie\" \/>\n<meta property=\"article:publisher\" content=\"https:\/\/www.facebook.com\/infoalgerieactu\" \/>\n<meta property=\"article:published_time\" content=\"2017-10-24T17:55:19+00:00\" \/>\n<meta name=\"author\" content=\"La r\u00e9daction\" \/>\n<meta name=\"twitter:label1\" content=\"\u00c9crit par\" \/>\n\t<meta name=\"twitter:data1\" content=\"La r\u00e9daction\" \/>\n\t<meta name=\"twitter:label2\" content=\"Dur\u00e9e de lecture estim\u00e9e\" \/>\n\t<meta name=\"twitter:data2\" content=\"2 minutes\" \/>\n<script type=\"application\/ld+json\" class=\"yoast-schema-graph\">{\"@context\":\"https:\\\/\\\/schema.org\",\"@graph\":[{\"@type\":\"Article\",\"@id\":\"https:\\\/\\\/www.info-algerie.com\\\/actualites\\\/education-nationale-les-personnels-des-services-economiques-reclament-une-derogation-de-promotion\\\/#article\",\"isPartOf\":{\"@id\":\"https:\\\/\\\/www.info-algerie.com\\\/actualites\\\/education-nationale-les-personnels-des-services-economiques-reclament-une-derogation-de-promotion\\\/\"},\"author\":{\"name\":\"La r\u00e9daction\",\"@id\":\"https:\\\/\\\/www.info-algerie.com\\\/actualites\\\/#\\\/schema\\\/person\\\/847aaec44920825b843a08f30ec6aa1e\"},\"headline\":\"Education nationale: les personnels des services \u00e9conomiques r\u00e9clament une d\u00e9rogation de promotion\",\"datePublished\":\"2017-10-24T17:55:19+00:00\",\"mainEntityOfPage\":{\"@id\":\"https:\\\/\\\/www.info-algerie.com\\\/actualites\\\/education-nationale-les-personnels-des-services-economiques-reclament-une-derogation-de-promotion\\\/\"},\"wordCount\":400,\"commentCount\":0,\"publisher\":{\"@id\":\"https:\\\/\\\/www.info-algerie.com\\\/actualites\\\/#organization\"},\"keywords\":[\"ONU\"],\"articleSection\":[\"infos\"],\"inLanguage\":\"fr-FR\",\"potentialAction\":[{\"@type\":\"CommentAction\",\"name\":\"Comment\",\"target\":[\"https:\\\/\\\/www.info-algerie.com\\\/actualites\\\/education-nationale-les-personnels-des-services-economiques-reclament-une-derogation-de-promotion\\\/#respond\"]}]},{\"@type\":\"WebPage\",\"@id\":\"https:\\\/\\\/www.info-algerie.com\\\/actualites\\\/education-nationale-les-personnels-des-services-economiques-reclament-une-derogation-de-promotion\\\/\",\"url\":\"https:\\\/\\\/www.info-algerie.com\\\/actualites\\\/education-nationale-les-personnels-des-services-economiques-reclament-une-derogation-de-promotion\\\/\",\"name\":\"Education nationale: les personnels des services \u00e9conomiques r\u00e9clament une d\u00e9rogation de promotion - info algerie\",\"isPartOf\":{\"@id\":\"https:\\\/\\\/www.info-algerie.com\\\/actualites\\\/#website\"},\"datePublished\":\"2017-10-24T17:55:19+00:00\",\"breadcrumb\":{\"@id\":\"https:\\\/\\\/www.info-algerie.com\\\/actualites\\\/education-nationale-les-personnels-des-services-economiques-reclament-une-derogation-de-promotion\\\/#breadcrumb\"},\"inLanguage\":\"fr-FR\",\"potentialAction\":[{\"@type\":\"ReadAction\",\"target\":[\"https:\\\/\\\/www.info-algerie.com\\\/actualites\\\/education-nationale-les-personnels-des-services-economiques-reclament-une-derogation-de-promotion\\\/\"]}]},{\"@type\":\"BreadcrumbList\",\"@id\":\"https:\\\/\\\/www.info-algerie.com\\\/actualites\\\/education-nationale-les-personnels-des-services-economiques-reclament-une-derogation-de-promotion\\\/#breadcrumb\",\"itemListElement\":[{\"@type\":\"ListItem\",\"position\":1,\"name\":\"Accueil\",\"item\":\"https:\\\/\\\/www.info-algerie.com\\\/actualites\\\/\"},{\"@type\":\"ListItem\",\"position\":2,\"name\":\"Education nationale: les personnels des services \u00e9conomiques r\u00e9clament une d\u00e9rogation de promotion\"}]},{\"@type\":\"WebSite\",\"@id\":\"https:\\\/\\\/www.info-algerie.com\\\/actualites\\\/#website\",\"url\":\"https:\\\/\\\/www.info-algerie.com\\\/actualites\\\/\",\"name\":\"info algerie\",\"description\":\"Toutes les actualit\u00e9s\",\"publisher\":{\"@id\":\"https:\\\/\\\/www.info-algerie.com\\\/actualites\\\/#organization\"},\"potentialAction\":[{\"@type\":\"SearchAction\",\"target\":{\"@type\":\"EntryPoint\",\"urlTemplate\":\"https:\\\/\\\/www.info-algerie.com\\\/actualites\\\/?s={search_term_string}\"},\"query-input\":{\"@type\":\"PropertyValueSpecification\",\"valueRequired\":true,\"valueName\":\"search_term_string\"}}],\"inLanguage\":\"fr-FR\"},{\"@type\":\"Organization\",\"@id\":\"https:\\\/\\\/www.info-algerie.com\\\/actualites\\\/#organization\",\"name\":\"info algerie\",\"url\":\"https:\\\/\\\/www.info-algerie.com\\\/actualites\\\/\",\"logo\":{\"@type\":\"ImageObject\",\"inLanguage\":\"fr-FR\",\"@id\":\"https:\\\/\\\/www.info-algerie.com\\\/actualites\\\/#\\\/schema\\\/logo\\\/image\\\/\",\"url\":\"https:\\\/\\\/www.info-algerie.com\\\/actualites\\\/wp-content\\\/uploads\\\/2022\\\/07\\\/logo-ia-120.png\",\"contentUrl\":\"https:\\\/\\\/www.info-algerie.com\\\/actualites\\\/wp-content\\\/uploads\\\/2022\\\/07\\\/logo-ia-120.png\",\"width\":120,\"height\":43,\"caption\":\"info algerie\"},\"image\":{\"@id\":\"https:\\\/\\\/www.info-algerie.com\\\/actualites\\\/#\\\/schema\\\/logo\\\/image\\\/\"},\"sameAs\":[\"https:\\\/\\\/www.facebook.com\\\/infoalgerieactu\",\"https:\\\/\\\/x.com\\\/infoalgerie1\"]},{\"@type\":\"Person\",\"@id\":\"https:\\\/\\\/www.info-algerie.com\\\/actualites\\\/#\\\/schema\\\/person\\\/847aaec44920825b843a08f30ec6aa1e\",\"name\":\"La r\u00e9daction\",\"image\":{\"@type\":\"ImageObject\",\"inLanguage\":\"fr-FR\",\"@id\":\"https:\\\/\\\/secure.gravatar.com\\\/avatar\\\/769db425c6f465158149f1ffd6cf61ce7a8a879d11dfbef8288af36dfddd418c?s=96&d=mm&r=g\",\"url\":\"https:\\\/\\\/secure.gravatar.com\\\/avatar\\\/769db425c6f465158149f1ffd6cf61ce7a8a879d11dfbef8288af36dfddd418c?s=96&d=mm&r=g\",\"contentUrl\":\"https:\\\/\\\/secure.gravatar.com\\\/avatar\\\/769db425c6f465158149f1ffd6cf61ce7a8a879d11dfbef8288af36dfddd418c?s=96&d=mm&r=g\",\"caption\":\"La r\u00e9daction\"},\"sameAs\":[\"http:\\\/\\\/www.lkeria.com\\\/\"],\"url\":\"https:\\\/\\\/www.info-algerie.com\\\/actualites\\\/author\\\/chakib32\\\/\"}]}<\/script>\n<!-- \/ Yoast SEO plugin. -->","yoast_head_json":{"title":"Education nationale: les personnels des services \u00e9conomiques r\u00e9clament une d\u00e9rogation de promotion - info algerie","robots":{"index":"index","follow":"follow","max-snippet":"max-snippet:-1","max-image-preview":"max-image-preview:large","max-video-preview":"max-video-preview:-1"},"canonical":"https:\/\/www.info-algerie.com\/actualites\/education-nationale-les-personnels-des-services-economiques-reclament-une-derogation-de-promotion\/","og_locale":"fr_FR","og_type":"article","og_title":"Education nationale: les personnels des services \u00e9conomiques r\u00e9clament une d\u00e9rogation de promotion - info algerie","og_description":"ALGER &#8211; La commission nationale des intendants de l&rsquo;\u00e9ducation nationale, affili\u00e9e \u00e0 l&rsquo;Union nationale du personnel de\u00a0 l&rsquo;\u00e9ducation et de la formation (UNPEF), a appel\u00e9 mardi le minist\u00e8re de l&rsquo;Education nationale \u00e0 acc\u00e9l\u00e9rer l&rsquo;\u00e9tablissement d&rsquo;une d\u00e9rogation pour permettre la promotion des adjoints et adjoints principaux des services \u00e9conomiques et la participation au concours professionnel de","og_url":"https:\/\/www.info-algerie.com\/actualites\/education-nationale-les-personnels-des-services-economiques-reclament-une-derogation-de-promotion\/","og_site_name":"info algerie","article_publisher":"https:\/\/www.facebook.com\/infoalgerieactu","article_published_time":"2017-10-24T17:55:19+00:00","author":"La r\u00e9daction","twitter_misc":{"\u00c9crit par":"La r\u00e9daction","Dur\u00e9e de lecture estim\u00e9e":"2 minutes"},"schema":{"@context":"https:\/\/schema.org","@graph":[{"@type":"Article","@id":"https:\/\/www.info-algerie.com\/actualites\/education-nationale-les-personnels-des-services-economiques-reclament-une-derogation-de-promotion\/#article","isPartOf":{"@id":"https:\/\/www.info-algerie.com\/actualites\/education-nationale-les-personnels-des-services-economiques-reclament-une-derogation-de-promotion\/"},"author":{"name":"La r\u00e9daction","@id":"https:\/\/www.info-algerie.com\/actualites\/#\/schema\/person\/847aaec44920825b843a08f30ec6aa1e"},"headline":"Education nationale: les personnels des services \u00e9conomiques r\u00e9clament une d\u00e9rogation de promotion","datePublished":"2017-10-24T17:55:19+00:00","mainEntityOfPage":{"@id":"https:\/\/www.info-algerie.com\/actualites\/education-nationale-les-personnels-des-services-economiques-reclament-une-derogation-de-promotion\/"},"wordCount":400,"commentCount":0,"publisher":{"@id":"https:\/\/www.info-algerie.com\/actualites\/#organization"},"keywords":["ONU"],"articleSection":["infos"],"inLanguage":"fr-FR","potentialAction":[{"@type":"CommentAction","name":"Comment","target":["https:\/\/www.info-algerie.com\/actualites\/education-nationale-les-personnels-des-services-economiques-reclament-une-derogation-de-promotion\/#respond"]}]},{"@type":"WebPage","@id":"https:\/\/www.info-algerie.com\/actualites\/education-nationale-les-personnels-des-services-economiques-reclament-une-derogation-de-promotion\/","url":"https:\/\/www.info-algerie.com\/actualites\/education-nationale-les-personnels-des-services-economiques-reclament-une-derogation-de-promotion\/","name":"Education nationale: les personnels des services \u00e9conomiques r\u00e9clament une d\u00e9rogation de promotion - info algerie","isPartOf":{"@id":"https:\/\/www.info-algerie.com\/actualites\/#website"},"datePublished":"2017-10-24T17:55:19+00:00","breadcrumb":{"@id":"https:\/\/www.info-algerie.com\/actualites\/education-nationale-les-personnels-des-services-economiques-reclament-une-derogation-de-promotion\/#breadcrumb"},"inLanguage":"fr-FR","potentialAction":[{"@type":"ReadAction","target":["https:\/\/www.info-algerie.com\/actualites\/education-nationale-les-personnels-des-services-economiques-reclament-une-derogation-de-promotion\/"]}]},{"@type":"BreadcrumbList","@id":"https:\/\/www.info-algerie.com\/actualites\/education-nationale-les-personnels-des-services-economiques-reclament-une-derogation-de-promotion\/#breadcrumb","itemListElement":[{"@type":"ListItem","position":1,"name":"Accueil","item":"https:\/\/www.info-algerie.com\/actualites\/"},{"@type":"ListItem","position":2,"name":"Education nationale: les personnels des services \u00e9conomiques r\u00e9clament une d\u00e9rogation de promotion"}]},{"@type":"WebSite","@id":"https:\/\/www.info-algerie.com\/actualites\/#website","url":"https:\/\/www.info-algerie.com\/actualites\/","name":"info algerie","description":"Toutes les actualit\u00e9s","publisher":{"@id":"https:\/\/www.info-algerie.com\/actualites\/#organization"},"potentialAction":[{"@type":"SearchAction","target":{"@type":"EntryPoint","urlTemplate":"https:\/\/www.info-algerie.com\/actualites\/?s={search_term_string}"},"query-input":{"@type":"PropertyValueSpecification","valueRequired":true,"valueName":"search_term_string"}}],"inLanguage":"fr-FR"},{"@type":"Organization","@id":"https:\/\/www.info-algerie.com\/actualites\/#organization","name":"info algerie","url":"https:\/\/www.info-algerie.com\/actualites\/","logo":{"@type":"ImageObject","inLanguage":"fr-FR","@id":"https:\/\/www.info-algerie.com\/actualites\/#\/schema\/logo\/image\/","url":"https:\/\/www.info-algerie.com\/actualites\/wp-content\/uploads\/2022\/07\/logo-ia-120.png","contentUrl":"https:\/\/www.info-algerie.com\/actualites\/wp-content\/uploads\/2022\/07\/logo-ia-120.png","width":120,"height":43,"caption":"info algerie"},"image":{"@id":"https:\/\/www.info-algerie.com\/actualites\/#\/schema\/logo\/image\/"},"sameAs":["https:\/\/www.facebook.com\/infoalgerieactu","https:\/\/x.com\/infoalgerie1"]},{"@type":"Person","@id":"https:\/\/www.info-algerie.com\/actualites\/#\/schema\/person\/847aaec44920825b843a08f30ec6aa1e","name":"La r\u00e9daction","image":{"@type":"ImageObject","inLanguage":"fr-FR","@id":"https:\/\/secure.gravatar.com\/avatar\/769db425c6f465158149f1ffd6cf61ce7a8a879d11dfbef8288af36dfddd418c?s=96&d=mm&r=g","url":"https:\/\/secure.gravatar.com\/avatar\/769db425c6f465158149f1ffd6cf61ce7a8a879d11dfbef8288af36dfddd418c?s=96&d=mm&r=g","contentUrl":"https:\/\/secure.gravatar.com\/avatar\/769db425c6f465158149f1ffd6cf61ce7a8a879d11dfbef8288af36dfddd418c?s=96&d=mm&r=g","caption":"La r\u00e9daction"},"sameAs":["http:\/\/www.lkeria.com\/"],"url":"https:\/\/www.info-algerie.com\/actualites\/author\/chakib32\/"}]}},"_links":{"self":[{"href":"https:\/\/www.info-algerie.com\/actualites\/wp-json\/wp\/v2\/posts\/17223","targetHints":{"allow":["GET"]}}],"collection":[{"href":"https:\/\/www.info-algerie.com\/actualites\/wp-json\/wp\/v2\/posts"}],"about":[{"href":"https:\/\/www.info-algerie.com\/actualites\/wp-json\/wp\/v2\/types\/post"}],"author":[{"embeddable":true,"href":"https:\/\/www.info-algerie.com\/actualites\/wp-json\/wp\/v2\/users\/6"}],"replies":[{"embeddable":true,"href":"https:\/\/www.info-algerie.com\/actualites\/wp-json\/wp\/v2\/comments?post=17223"}],"version-history":[{"count":0,"href":"https:\/\/www.info-algerie.com\/actualites\/wp-json\/wp\/v2\/posts\/17223\/revisions"}],"wp:attachment":[{"href":"https:\/\/www.info-algerie.com\/actualites\/wp-json\/wp\/v2\/media?parent=17223"}],"wp:term":[{"taxonomy":"category","embeddable":true,"href":"https:\/\/www.info-algerie.com\/actualites\/wp-json\/wp\/v2\/categories?post=17223"},{"taxonomy":"post_tag","embeddable":true,"href":"https:\/\/www.info-algerie.com\/actualites\/wp-json\/wp\/v2\/tags?post=17223"}],"curies":[{"name":"wp","href":"https:\/\/api.w.org\/{rel}","templated":true}]}}