{"id":17228,"date":"2017-10-24T17:27:37","date_gmt":"2017-10-24T16:27:37","guid":{"rendered":"http:\/\/www.info-algerie.com\/actualites\/un-colloque-a-alger-pour-faire-connaitre-lapport-de-belges-a-la-revolution-algerienne\/"},"modified":"2017-10-24T17:27:37","modified_gmt":"2017-10-24T16:27:37","slug":"un-colloque-a-alger-pour-faire-connaitre-lapport-de-belges-a-la-revolution-algerienne","status":"publish","type":"post","link":"https:\/\/www.info-algerie.com\/actualites\/un-colloque-a-alger-pour-faire-connaitre-lapport-de-belges-a-la-revolution-algerienne\/","title":{"rendered":"Un colloque \u00e0 Alger pour faire connaitre l&#039;apport de Belges \u00e0 la R\u00e9volution alg\u00e9rienne"},"content":{"rendered":"<div class=\"K2FeedImage\"><img decoding=\"async\" src=\"https:\/\/www.info-algerie.com\/actualites\/wp-content\/uploads\/2017\/10\/bb4b51fc30a98ce829ffd3eaa832d066_S.jpg\" alt=\"Un colloque &#xE0; Alger pour faire connaitre l'apport de Belges &#xE0; la R&#xE9;volution alg&#xE9;rienne\" \/><\/div>\n<div class=\"K2FeedIntroText\">\n<p><strong>ALGER &#8211; Un colloque international visant \u00e0 faire connaitre l&rsquo;apport de Belges \u00e0 la R\u00e9volution alg\u00e9rienne sera organis\u00e9\u00a0 dimanche \u00e0 la Biblioth\u00e8que nationale (Alger) par l&rsquo;ambassade de Belgique en Alg\u00e9rie avec le soutien des minist\u00e8res de la Culture, de la Communication et de celui des Moudjahidines et avec la participation d&rsquo;acteurs et de t\u00e9moins de cette p\u00e9riode coloniale.<\/strong><\/p>\n<p>&#013;\n<\/p><\/div>\n<div class=\"K2FeedFullText\">&#013;<\/p>\n<p>L&rsquo;organisation de ce colloque intitul\u00e9 \u00ab\u00a0le Front du Nord, des Belges et la guerre d&rsquo;Alg\u00e9rie (1954-1962)\u00a0\u00bb r\u00e9pond \u00e0 \u00ab\u00a0un devoir de m\u00e9moire qu&rsquo;il faut pr\u00e9server\u00a0\u00bb, a indiqu\u00e9 mardi l&rsquo;ambassadeur de Belgique en Alg\u00e9rie, Pierre Gillon, au cours d&rsquo;un briefing avec les m\u00e9dias.<\/p>\n<p>&#013;<\/p>\n<p>\u00ab\u00a0Des Belges, au p\u00e9ril de leur vie parfois, ont aid\u00e9 les Alg\u00e9riens et le FLN (Front de lib\u00e9ration nationale) pendant la guerre d&rsquo;Ind\u00e9pendance. Ils ont \u00e9t\u00e9 membres de r\u00e9seaux, porteurs de valises, passeurs de militants et de clandestins, mais aussi membres du collectif des avocats belges du FLN qui d\u00e9fendaient les militants alg\u00e9riens et le FLN devant les tribunaux fran\u00e7ais\u00a0\u00bb, a soulign\u00e9 M. Gillon.<\/p>\n<p>&#013;<\/p>\n<p>Pour M. Gillon, les profils, les histoires et les motivations de chacun de ces Belges \u00e9taient \u00ab\u00a0tr\u00e8s vari\u00e9s\u00a0\u00bb, mais un \u00e9l\u00e9ment les rassemblait tous, dans la mesure o\u00f9 ils \u00ab\u00a0croyaient en une cause juste\u00a0\u00bb, regrettant par ailleurs que cette histoire commune soit \u00ab\u00a0assez mal connue en Belgique comme en Alg\u00e9rie\u00a0\u00bb.<\/p>\n<p>&#013;<\/p>\n<p>Des acteurs et autres t\u00e9moins belges ayant aid\u00e9 les Alg\u00e9riens et le FLN sont attendus \u00e0 ce colloque ouvert au public. Parmi les personnes attendues \u00e0 cette manifestation, Henriette Moureaux, \u00e9pouse de Serge Moureaux, avocat et responsable du collectif des avocats belges du FLN, Sucy Rosendor, agent de liaison de Omar Boudaoud, Adeline Liebman, li\u00e9e au r\u00e9seau Curiel, Anne Somerhausen, \u00e9pouse\u00a0 de Luc Somerhausen, \u00ab\u00a0Alex\u00a0\u00bb chef du r\u00e9seau li\u00e9 au r\u00e9seau Jeanson, Marc Rayet, du r\u00e9seau des \u00e9tudiants communistes, Mateo Alaluf, des mouvements de jeunesse \u00e0 Bruxelles en\u00a0 solidarit\u00e9 avec le FLN.<\/p>\n<p>&#013;<\/p>\n<p>L&rsquo;ouverture officielle de ce colloque sera pr\u00e9sid\u00e9e par l&rsquo;ambassadeur de Belgique en Alg\u00e9rie, le ministre de la culture, Azzedine Mihoubi, le ministre des Moudjahidine, Tayeb Zitouni, et le ministre de la Communication, Djamel Kaouane.<\/p>\n<p>&#013;<\/p>\n<p>Une introduction historique sera pr\u00e9sent\u00e9e par Ali Haroun, ancien ministre, membre du Conseil national de la R\u00e9volution alg\u00e9rienne, ainsi que par Paul Emmanuel Babin, historien de la guerre d&rsquo;Alg\u00e9rie en Belgique et dans le nord de la France et qui est, par ailleurs, doctorant du droit \u00e0 l&rsquo;universit\u00e9 de Lille (France).<\/p>\n<p>&#013;<\/p>\n<p>Cette introduction sera suivie par une pr\u00e9sentation et projection du documentaire \u00ab\u00a0le Front du Nord. Des Belges dans la guerre d&rsquo;Alg\u00e9rie 1954-1962\u00a0\u00bb, r\u00e9alis\u00e9 par Hugues Le Paige pour la radio-t\u00e9l\u00e9vision belge francophone (RTBF) en 1992.<\/p>\n<p>&#013;<\/p>\n<p>Le documentaire de Hugues Le Paige, qui est \u00e9galement co-auteur avec Jean Doneux d&rsquo;un livre \u00e9ponyme, r\u00e9unit les t\u00e9moignages d&rsquo;acteurs belges tr\u00e8s importants et aujourd&rsquo;hui disparus.<\/p>\n<p>&#013;<\/p>\n<p class=\"MsoNormal\">Des tables-rondes de t\u00e9moins seront \u00e9galement au programme du colloque portant notamment sur des th\u00e8mes li\u00e9s \u00e0 \u00ab\u00a0l&rsquo;atmosph\u00e8re en Belgique et dans les mouvements \u00e9tudiants\u00a0\u00bb, \u00ab\u00a0les r\u00e9seaux et activit\u00e9s de soutien au FLN en\u00a0 Belgique\u00a0\u00bb, \u00ab\u00a0le collectif des avocats belges du FLN\u00a0\u00bb\u00a0 et \u00ab\u00a0la f\u00e9d\u00e9ration de France du FLN\u00a0\u00bb.<\/p>\n<\/div>\n<p>&#013;<br \/>\nSource: <a href=\"http:\/\/www.aps.dz\/algerie\/64416-un-colloque-a-alger-pour-faire-connaitre-l-apport-de-belges-a-la-revolution-algerienne\" target=\"_blank\">Un colloque \u00e0 Alger pour faire connaitre l&rsquo;apport de Belges \u00e0 la R\u00e9volution alg\u00e9rienne<\/a><\/p>\n<!--CusAds0-->\n<div style=\"font-size: 0px; height: 0px; line-height: 0px; margin: 0; padding: 0; clear: both;\"><\/div>","protected":false},"excerpt":{"rendered":"<p>ALGER &#8211; Un colloque international visant \u00e0 faire connaitre l&rsquo;apport de Belges \u00e0 la R\u00e9volution alg\u00e9rienne sera organis\u00e9\u00a0 dimanche \u00e0 la Biblioth\u00e8que nationale (Alger) par l&rsquo;ambassade de Belgique en Alg\u00e9rie avec le soutien des minist\u00e8res de la Culture, de la Communication et de celui des Moudjahidines et avec la participation d&rsquo;acteurs et de t\u00e9moins de<\/p>\n","protected":false},"author":6,"featured_media":17229,"comment_status":"open","ping_status":"open","sticky":false,"template":"","format":"standard","meta":{"footnotes":""},"categories":[22],"tags":[93],"class_list":["post-17228","post","type-post","status-publish","format-standard","has-post-thumbnail","hentry","category-infos","tag-onu"],"yoast_head":"<!-- This site is optimized with the Yoast SEO plugin v27.5 - https:\/\/yoast.com\/product\/yoast-seo-wordpress\/ -->\n<title>Un colloque \u00e0 Alger pour faire connaitre l&#039;apport de Belges \u00e0 la R\u00e9volution alg\u00e9rienne - info algerie<\/title>\n<meta name=\"robots\" content=\"index, follow, max-snippet:-1, max-image-preview:large, max-video-preview:-1\" \/>\n<link rel=\"canonical\" href=\"https:\/\/www.info-algerie.com\/actualites\/un-colloque-a-alger-pour-faire-connaitre-lapport-de-belges-a-la-revolution-algerienne\/\" \/>\n<meta property=\"og:locale\" content=\"fr_FR\" \/>\n<meta property=\"og:type\" content=\"article\" \/>\n<meta property=\"og:title\" content=\"Un colloque \u00e0 Alger pour faire connaitre l&#039;apport de Belges \u00e0 la R\u00e9volution alg\u00e9rienne - info algerie\" \/>\n<meta property=\"og:description\" content=\"ALGER &#8211; Un colloque international visant \u00e0 faire connaitre l&rsquo;apport de Belges \u00e0 la R\u00e9volution alg\u00e9rienne sera organis\u00e9\u00a0 dimanche \u00e0 la Biblioth\u00e8que nationale (Alger) par l&rsquo;ambassade de Belgique en Alg\u00e9rie avec le soutien des minist\u00e8res de la Culture, de la Communication et de celui des Moudjahidines et avec la participation d&rsquo;acteurs et de t\u00e9moins de\" \/>\n<meta property=\"og:url\" content=\"https:\/\/www.info-algerie.com\/actualites\/un-colloque-a-alger-pour-faire-connaitre-lapport-de-belges-a-la-revolution-algerienne\/\" \/>\n<meta property=\"og:site_name\" content=\"info algerie\" \/>\n<meta property=\"article:publisher\" content=\"https:\/\/www.facebook.com\/infoalgerieactu\" \/>\n<meta property=\"article:published_time\" content=\"2017-10-24T16:27:37+00:00\" \/>\n<meta property=\"og:image\" content=\"https:\/\/www.info-algerie.com\/actualites\/wp-content\/uploads\/2017\/10\/bb4b51fc30a98ce829ffd3eaa832d066_S-1.jpg\" \/>\n\t<meta property=\"og:image:width\" content=\"280\" \/>\n\t<meta property=\"og:image:height\" content=\"169\" \/>\n\t<meta property=\"og:image:type\" content=\"image\/jpeg\" \/>\n<meta name=\"author\" content=\"La r\u00e9daction\" \/>\n<meta name=\"twitter:label1\" content=\"\u00c9crit par\" \/>\n\t<meta name=\"twitter:data1\" content=\"La r\u00e9daction\" \/>\n\t<meta name=\"twitter:label2\" content=\"Dur\u00e9e de lecture estim\u00e9e\" \/>\n\t<meta name=\"twitter:data2\" content=\"3 minutes\" \/>\n<script type=\"application\/ld+json\" class=\"yoast-schema-graph\">{\"@context\":\"https:\\\/\\\/schema.org\",\"@graph\":[{\"@type\":\"Article\",\"@id\":\"https:\\\/\\\/www.info-algerie.com\\\/actualites\\\/un-colloque-a-alger-pour-faire-connaitre-lapport-de-belges-a-la-revolution-algerienne\\\/#article\",\"isPartOf\":{\"@id\":\"https:\\\/\\\/www.info-algerie.com\\\/actualites\\\/un-colloque-a-alger-pour-faire-connaitre-lapport-de-belges-a-la-revolution-algerienne\\\/\"},\"author\":{\"name\":\"La r\u00e9daction\",\"@id\":\"https:\\\/\\\/www.info-algerie.com\\\/actualites\\\/#\\\/schema\\\/person\\\/847aaec44920825b843a08f30ec6aa1e\"},\"headline\":\"Un colloque \u00e0 Alger pour faire connaitre l&#039;apport de Belges \u00e0 la R\u00e9volution alg\u00e9rienne\",\"datePublished\":\"2017-10-24T16:27:37+00:00\",\"mainEntityOfPage\":{\"@id\":\"https:\\\/\\\/www.info-algerie.com\\\/actualites\\\/un-colloque-a-alger-pour-faire-connaitre-lapport-de-belges-a-la-revolution-algerienne\\\/\"},\"wordCount\":596,\"commentCount\":0,\"publisher\":{\"@id\":\"https:\\\/\\\/www.info-algerie.com\\\/actualites\\\/#organization\"},\"image\":{\"@id\":\"https:\\\/\\\/www.info-algerie.com\\\/actualites\\\/un-colloque-a-alger-pour-faire-connaitre-lapport-de-belges-a-la-revolution-algerienne\\\/#primaryimage\"},\"thumbnailUrl\":\"https:\\\/\\\/www.info-algerie.com\\\/actualites\\\/wp-content\\\/uploads\\\/2017\\\/10\\\/bb4b51fc30a98ce829ffd3eaa832d066_S-1.jpg\",\"keywords\":[\"ONU\"],\"articleSection\":[\"infos\"],\"inLanguage\":\"fr-FR\",\"potentialAction\":[{\"@type\":\"CommentAction\",\"name\":\"Comment\",\"target\":[\"https:\\\/\\\/www.info-algerie.com\\\/actualites\\\/un-colloque-a-alger-pour-faire-connaitre-lapport-de-belges-a-la-revolution-algerienne\\\/#respond\"]}]},{\"@type\":\"WebPage\",\"@id\":\"https:\\\/\\\/www.info-algerie.com\\\/actualites\\\/un-colloque-a-alger-pour-faire-connaitre-lapport-de-belges-a-la-revolution-algerienne\\\/\",\"url\":\"https:\\\/\\\/www.info-algerie.com\\\/actualites\\\/un-colloque-a-alger-pour-faire-connaitre-lapport-de-belges-a-la-revolution-algerienne\\\/\",\"name\":\"Un colloque \u00e0 Alger pour faire connaitre l&#039;apport de Belges \u00e0 la R\u00e9volution alg\u00e9rienne - info algerie\",\"isPartOf\":{\"@id\":\"https:\\\/\\\/www.info-algerie.com\\\/actualites\\\/#website\"},\"primaryImageOfPage\":{\"@id\":\"https:\\\/\\\/www.info-algerie.com\\\/actualites\\\/un-colloque-a-alger-pour-faire-connaitre-lapport-de-belges-a-la-revolution-algerienne\\\/#primaryimage\"},\"image\":{\"@id\":\"https:\\\/\\\/www.info-algerie.com\\\/actualites\\\/un-colloque-a-alger-pour-faire-connaitre-lapport-de-belges-a-la-revolution-algerienne\\\/#primaryimage\"},\"thumbnailUrl\":\"https:\\\/\\\/www.info-algerie.com\\\/actualites\\\/wp-content\\\/uploads\\\/2017\\\/10\\\/bb4b51fc30a98ce829ffd3eaa832d066_S-1.jpg\",\"datePublished\":\"2017-10-24T16:27:37+00:00\",\"breadcrumb\":{\"@id\":\"https:\\\/\\\/www.info-algerie.com\\\/actualites\\\/un-colloque-a-alger-pour-faire-connaitre-lapport-de-belges-a-la-revolution-algerienne\\\/#breadcrumb\"},\"inLanguage\":\"fr-FR\",\"potentialAction\":[{\"@type\":\"ReadAction\",\"target\":[\"https:\\\/\\\/www.info-algerie.com\\\/actualites\\\/un-colloque-a-alger-pour-faire-connaitre-lapport-de-belges-a-la-revolution-algerienne\\\/\"]}]},{\"@type\":\"ImageObject\",\"inLanguage\":\"fr-FR\",\"@id\":\"https:\\\/\\\/www.info-algerie.com\\\/actualites\\\/un-colloque-a-alger-pour-faire-connaitre-lapport-de-belges-a-la-revolution-algerienne\\\/#primaryimage\",\"url\":\"https:\\\/\\\/www.info-algerie.com\\\/actualites\\\/wp-content\\\/uploads\\\/2017\\\/10\\\/bb4b51fc30a98ce829ffd3eaa832d066_S-1.jpg\",\"contentUrl\":\"https:\\\/\\\/www.info-algerie.com\\\/actualites\\\/wp-content\\\/uploads\\\/2017\\\/10\\\/bb4b51fc30a98ce829ffd3eaa832d066_S-1.jpg\",\"width\":280,\"height\":169},{\"@type\":\"BreadcrumbList\",\"@id\":\"https:\\\/\\\/www.info-algerie.com\\\/actualites\\\/un-colloque-a-alger-pour-faire-connaitre-lapport-de-belges-a-la-revolution-algerienne\\\/#breadcrumb\",\"itemListElement\":[{\"@type\":\"ListItem\",\"position\":1,\"name\":\"Accueil\",\"item\":\"https:\\\/\\\/www.info-algerie.com\\\/actualites\\\/\"},{\"@type\":\"ListItem\",\"position\":2,\"name\":\"Un colloque \u00e0 Alger pour faire connaitre l&#039;apport de Belges \u00e0 la R\u00e9volution alg\u00e9rienne\"}]},{\"@type\":\"WebSite\",\"@id\":\"https:\\\/\\\/www.info-algerie.com\\\/actualites\\\/#website\",\"url\":\"https:\\\/\\\/www.info-algerie.com\\\/actualites\\\/\",\"name\":\"info algerie\",\"description\":\"Toutes les actualit\u00e9s\",\"publisher\":{\"@id\":\"https:\\\/\\\/www.info-algerie.com\\\/actualites\\\/#organization\"},\"potentialAction\":[{\"@type\":\"SearchAction\",\"target\":{\"@type\":\"EntryPoint\",\"urlTemplate\":\"https:\\\/\\\/www.info-algerie.com\\\/actualites\\\/?s={search_term_string}\"},\"query-input\":{\"@type\":\"PropertyValueSpecification\",\"valueRequired\":true,\"valueName\":\"search_term_string\"}}],\"inLanguage\":\"fr-FR\"},{\"@type\":\"Organization\",\"@id\":\"https:\\\/\\\/www.info-algerie.com\\\/actualites\\\/#organization\",\"name\":\"info algerie\",\"url\":\"https:\\\/\\\/www.info-algerie.com\\\/actualites\\\/\",\"logo\":{\"@type\":\"ImageObject\",\"inLanguage\":\"fr-FR\",\"@id\":\"https:\\\/\\\/www.info-algerie.com\\\/actualites\\\/#\\\/schema\\\/logo\\\/image\\\/\",\"url\":\"https:\\\/\\\/www.info-algerie.com\\\/actualites\\\/wp-content\\\/uploads\\\/2022\\\/07\\\/logo-ia-120.png\",\"contentUrl\":\"https:\\\/\\\/www.info-algerie.com\\\/actualites\\\/wp-content\\\/uploads\\\/2022\\\/07\\\/logo-ia-120.png\",\"width\":120,\"height\":43,\"caption\":\"info algerie\"},\"image\":{\"@id\":\"https:\\\/\\\/www.info-algerie.com\\\/actualites\\\/#\\\/schema\\\/logo\\\/image\\\/\"},\"sameAs\":[\"https:\\\/\\\/www.facebook.com\\\/infoalgerieactu\",\"https:\\\/\\\/x.com\\\/infoalgerie1\"]},{\"@type\":\"Person\",\"@id\":\"https:\\\/\\\/www.info-algerie.com\\\/actualites\\\/#\\\/schema\\\/person\\\/847aaec44920825b843a08f30ec6aa1e\",\"name\":\"La r\u00e9daction\",\"image\":{\"@type\":\"ImageObject\",\"inLanguage\":\"fr-FR\",\"@id\":\"https:\\\/\\\/secure.gravatar.com\\\/avatar\\\/769db425c6f465158149f1ffd6cf61ce7a8a879d11dfbef8288af36dfddd418c?s=96&d=mm&r=g\",\"url\":\"https:\\\/\\\/secure.gravatar.com\\\/avatar\\\/769db425c6f465158149f1ffd6cf61ce7a8a879d11dfbef8288af36dfddd418c?s=96&d=mm&r=g\",\"contentUrl\":\"https:\\\/\\\/secure.gravatar.com\\\/avatar\\\/769db425c6f465158149f1ffd6cf61ce7a8a879d11dfbef8288af36dfddd418c?s=96&d=mm&r=g\",\"caption\":\"La r\u00e9daction\"},\"sameAs\":[\"http:\\\/\\\/www.lkeria.com\\\/\"],\"url\":\"https:\\\/\\\/www.info-algerie.com\\\/actualites\\\/author\\\/chakib32\\\/\"}]}<\/script>\n<!-- \/ Yoast SEO plugin. -->","yoast_head_json":{"title":"Un colloque \u00e0 Alger pour faire connaitre l&#039;apport de Belges \u00e0 la R\u00e9volution alg\u00e9rienne - info algerie","robots":{"index":"index","follow":"follow","max-snippet":"max-snippet:-1","max-image-preview":"max-image-preview:large","max-video-preview":"max-video-preview:-1"},"canonical":"https:\/\/www.info-algerie.com\/actualites\/un-colloque-a-alger-pour-faire-connaitre-lapport-de-belges-a-la-revolution-algerienne\/","og_locale":"fr_FR","og_type":"article","og_title":"Un colloque \u00e0 Alger pour faire connaitre l&#039;apport de Belges \u00e0 la R\u00e9volution alg\u00e9rienne - info algerie","og_description":"ALGER &#8211; Un colloque international visant \u00e0 faire connaitre l&rsquo;apport de Belges \u00e0 la R\u00e9volution alg\u00e9rienne sera organis\u00e9\u00a0 dimanche \u00e0 la Biblioth\u00e8que nationale (Alger) par l&rsquo;ambassade de Belgique en Alg\u00e9rie avec le soutien des minist\u00e8res de la Culture, de la Communication et de celui des Moudjahidines et avec la participation d&rsquo;acteurs et de t\u00e9moins de","og_url":"https:\/\/www.info-algerie.com\/actualites\/un-colloque-a-alger-pour-faire-connaitre-lapport-de-belges-a-la-revolution-algerienne\/","og_site_name":"info algerie","article_publisher":"https:\/\/www.facebook.com\/infoalgerieactu","article_published_time":"2017-10-24T16:27:37+00:00","og_image":[{"width":280,"height":169,"url":"https:\/\/www.info-algerie.com\/actualites\/wp-content\/uploads\/2017\/10\/bb4b51fc30a98ce829ffd3eaa832d066_S-1.jpg","type":"image\/jpeg"}],"author":"La r\u00e9daction","twitter_misc":{"\u00c9crit par":"La r\u00e9daction","Dur\u00e9e de lecture estim\u00e9e":"3 minutes"},"schema":{"@context":"https:\/\/schema.org","@graph":[{"@type":"Article","@id":"https:\/\/www.info-algerie.com\/actualites\/un-colloque-a-alger-pour-faire-connaitre-lapport-de-belges-a-la-revolution-algerienne\/#article","isPartOf":{"@id":"https:\/\/www.info-algerie.com\/actualites\/un-colloque-a-alger-pour-faire-connaitre-lapport-de-belges-a-la-revolution-algerienne\/"},"author":{"name":"La r\u00e9daction","@id":"https:\/\/www.info-algerie.com\/actualites\/#\/schema\/person\/847aaec44920825b843a08f30ec6aa1e"},"headline":"Un colloque \u00e0 Alger pour faire connaitre l&#039;apport de Belges \u00e0 la R\u00e9volution alg\u00e9rienne","datePublished":"2017-10-24T16:27:37+00:00","mainEntityOfPage":{"@id":"https:\/\/www.info-algerie.com\/actualites\/un-colloque-a-alger-pour-faire-connaitre-lapport-de-belges-a-la-revolution-algerienne\/"},"wordCount":596,"commentCount":0,"publisher":{"@id":"https:\/\/www.info-algerie.com\/actualites\/#organization"},"image":{"@id":"https:\/\/www.info-algerie.com\/actualites\/un-colloque-a-alger-pour-faire-connaitre-lapport-de-belges-a-la-revolution-algerienne\/#primaryimage"},"thumbnailUrl":"https:\/\/www.info-algerie.com\/actualites\/wp-content\/uploads\/2017\/10\/bb4b51fc30a98ce829ffd3eaa832d066_S-1.jpg","keywords":["ONU"],"articleSection":["infos"],"inLanguage":"fr-FR","potentialAction":[{"@type":"CommentAction","name":"Comment","target":["https:\/\/www.info-algerie.com\/actualites\/un-colloque-a-alger-pour-faire-connaitre-lapport-de-belges-a-la-revolution-algerienne\/#respond"]}]},{"@type":"WebPage","@id":"https:\/\/www.info-algerie.com\/actualites\/un-colloque-a-alger-pour-faire-connaitre-lapport-de-belges-a-la-revolution-algerienne\/","url":"https:\/\/www.info-algerie.com\/actualites\/un-colloque-a-alger-pour-faire-connaitre-lapport-de-belges-a-la-revolution-algerienne\/","name":"Un colloque \u00e0 Alger pour faire connaitre l&#039;apport de Belges \u00e0 la R\u00e9volution alg\u00e9rienne - info algerie","isPartOf":{"@id":"https:\/\/www.info-algerie.com\/actualites\/#website"},"primaryImageOfPage":{"@id":"https:\/\/www.info-algerie.com\/actualites\/un-colloque-a-alger-pour-faire-connaitre-lapport-de-belges-a-la-revolution-algerienne\/#primaryimage"},"image":{"@id":"https:\/\/www.info-algerie.com\/actualites\/un-colloque-a-alger-pour-faire-connaitre-lapport-de-belges-a-la-revolution-algerienne\/#primaryimage"},"thumbnailUrl":"https:\/\/www.info-algerie.com\/actualites\/wp-content\/uploads\/2017\/10\/bb4b51fc30a98ce829ffd3eaa832d066_S-1.jpg","datePublished":"2017-10-24T16:27:37+00:00","breadcrumb":{"@id":"https:\/\/www.info-algerie.com\/actualites\/un-colloque-a-alger-pour-faire-connaitre-lapport-de-belges-a-la-revolution-algerienne\/#breadcrumb"},"inLanguage":"fr-FR","potentialAction":[{"@type":"ReadAction","target":["https:\/\/www.info-algerie.com\/actualites\/un-colloque-a-alger-pour-faire-connaitre-lapport-de-belges-a-la-revolution-algerienne\/"]}]},{"@type":"ImageObject","inLanguage":"fr-FR","@id":"https:\/\/www.info-algerie.com\/actualites\/un-colloque-a-alger-pour-faire-connaitre-lapport-de-belges-a-la-revolution-algerienne\/#primaryimage","url":"https:\/\/www.info-algerie.com\/actualites\/wp-content\/uploads\/2017\/10\/bb4b51fc30a98ce829ffd3eaa832d066_S-1.jpg","contentUrl":"https:\/\/www.info-algerie.com\/actualites\/wp-content\/uploads\/2017\/10\/bb4b51fc30a98ce829ffd3eaa832d066_S-1.jpg","width":280,"height":169},{"@type":"BreadcrumbList","@id":"https:\/\/www.info-algerie.com\/actualites\/un-colloque-a-alger-pour-faire-connaitre-lapport-de-belges-a-la-revolution-algerienne\/#breadcrumb","itemListElement":[{"@type":"ListItem","position":1,"name":"Accueil","item":"https:\/\/www.info-algerie.com\/actualites\/"},{"@type":"ListItem","position":2,"name":"Un colloque \u00e0 Alger pour faire connaitre l&#039;apport de Belges \u00e0 la R\u00e9volution alg\u00e9rienne"}]},{"@type":"WebSite","@id":"https:\/\/www.info-algerie.com\/actualites\/#website","url":"https:\/\/www.info-algerie.com\/actualites\/","name":"info algerie","description":"Toutes les actualit\u00e9s","publisher":{"@id":"https:\/\/www.info-algerie.com\/actualites\/#organization"},"potentialAction":[{"@type":"SearchAction","target":{"@type":"EntryPoint","urlTemplate":"https:\/\/www.info-algerie.com\/actualites\/?s={search_term_string}"},"query-input":{"@type":"PropertyValueSpecification","valueRequired":true,"valueName":"search_term_string"}}],"inLanguage":"fr-FR"},{"@type":"Organization","@id":"https:\/\/www.info-algerie.com\/actualites\/#organization","name":"info algerie","url":"https:\/\/www.info-algerie.com\/actualites\/","logo":{"@type":"ImageObject","inLanguage":"fr-FR","@id":"https:\/\/www.info-algerie.com\/actualites\/#\/schema\/logo\/image\/","url":"https:\/\/www.info-algerie.com\/actualites\/wp-content\/uploads\/2022\/07\/logo-ia-120.png","contentUrl":"https:\/\/www.info-algerie.com\/actualites\/wp-content\/uploads\/2022\/07\/logo-ia-120.png","width":120,"height":43,"caption":"info algerie"},"image":{"@id":"https:\/\/www.info-algerie.com\/actualites\/#\/schema\/logo\/image\/"},"sameAs":["https:\/\/www.facebook.com\/infoalgerieactu","https:\/\/x.com\/infoalgerie1"]},{"@type":"Person","@id":"https:\/\/www.info-algerie.com\/actualites\/#\/schema\/person\/847aaec44920825b843a08f30ec6aa1e","name":"La r\u00e9daction","image":{"@type":"ImageObject","inLanguage":"fr-FR","@id":"https:\/\/secure.gravatar.com\/avatar\/769db425c6f465158149f1ffd6cf61ce7a8a879d11dfbef8288af36dfddd418c?s=96&d=mm&r=g","url":"https:\/\/secure.gravatar.com\/avatar\/769db425c6f465158149f1ffd6cf61ce7a8a879d11dfbef8288af36dfddd418c?s=96&d=mm&r=g","contentUrl":"https:\/\/secure.gravatar.com\/avatar\/769db425c6f465158149f1ffd6cf61ce7a8a879d11dfbef8288af36dfddd418c?s=96&d=mm&r=g","caption":"La r\u00e9daction"},"sameAs":["http:\/\/www.lkeria.com\/"],"url":"https:\/\/www.info-algerie.com\/actualites\/author\/chakib32\/"}]}},"_links":{"self":[{"href":"https:\/\/www.info-algerie.com\/actualites\/wp-json\/wp\/v2\/posts\/17228","targetHints":{"allow":["GET"]}}],"collection":[{"href":"https:\/\/www.info-algerie.com\/actualites\/wp-json\/wp\/v2\/posts"}],"about":[{"href":"https:\/\/www.info-algerie.com\/actualites\/wp-json\/wp\/v2\/types\/post"}],"author":[{"embeddable":true,"href":"https:\/\/www.info-algerie.com\/actualites\/wp-json\/wp\/v2\/users\/6"}],"replies":[{"embeddable":true,"href":"https:\/\/www.info-algerie.com\/actualites\/wp-json\/wp\/v2\/comments?post=17228"}],"version-history":[{"count":0,"href":"https:\/\/www.info-algerie.com\/actualites\/wp-json\/wp\/v2\/posts\/17228\/revisions"}],"wp:featuredmedia":[{"embeddable":true,"href":"https:\/\/www.info-algerie.com\/actualites\/wp-json\/wp\/v2\/media\/17229"}],"wp:attachment":[{"href":"https:\/\/www.info-algerie.com\/actualites\/wp-json\/wp\/v2\/media?parent=17228"}],"wp:term":[{"taxonomy":"category","embeddable":true,"href":"https:\/\/www.info-algerie.com\/actualites\/wp-json\/wp\/v2\/categories?post=17228"},{"taxonomy":"post_tag","embeddable":true,"href":"https:\/\/www.info-algerie.com\/actualites\/wp-json\/wp\/v2\/tags?post=17228"}],"curies":[{"name":"wp","href":"https:\/\/api.w.org\/{rel}","templated":true}]}}