{"id":17244,"date":"2017-10-25T11:21:59","date_gmt":"2017-10-25T10:21:59","guid":{"rendered":"http:\/\/www.info-algerie.com\/actualites\/gctf-reunion-regionale-sur-les-liens-entre-le-crime-organise-transnational-et-le-terrorisme\/"},"modified":"2017-10-25T11:21:59","modified_gmt":"2017-10-25T10:21:59","slug":"gctf-reunion-regionale-sur-les-liens-entre-le-crime-organise-transnational-et-le-terrorisme","status":"publish","type":"post","link":"https:\/\/www.info-algerie.com\/actualites\/gctf-reunion-regionale-sur-les-liens-entre-le-crime-organise-transnational-et-le-terrorisme\/","title":{"rendered":"GCTF: r\u00e9union r\u00e9gionale sur les liens entre le crime organis\u00e9 transnational et le terrorisme"},"content":{"rendered":"<div class=\"K2FeedImage\"><img decoding=\"async\" src=\"https:\/\/www.info-algerie.com\/actualites\/wp-content\/uploads\/2017\/10\/5ae9bfe2bd15f8a0c888aadfcb08e4c6_S.jpg\" alt=\"GCTF: r&#xE9;union r&#xE9;gionale sur les liens entre le crime organis&#xE9; transnational et le terrorisme\" \/><\/div>\n<div class=\"K2FeedIntroText\">\n<p>ALGER- Les travaux de la premi\u00e8re r\u00e9union r\u00e9gionale du Forum mondial de lutte contre le terrorisme (GCTF) sur les liens entre le crime organis\u00e9 transnational et le terrorisme, ont \u00e9t\u00e9 ouverts mercredi \u00e0 Alger par le ministre des Affaires \u00e9trang\u00e8res, Abdelkader Messahel.<\/p>\n<p>&#013;\n<\/p><\/div>\n<div class=\"K2FeedFullText\">&#013;<\/p>\n<p>Co-organis\u00e9e par l\u2019Alg\u00e9rie et les Pays-Bas, cette rencontre r\u00e9gionale regroupe de hauts fonctionnaires et des experts dans les domaines de la lutte contre le crime organis\u00e9 transnational, de la pr\u00e9vention et la lutte contre le terrorisme, de la s\u00e9curit\u00e9 des fronti\u00e8res et de la lutte contre le financement du terrorisme, des pays membres du Forum GCTF, des pays de la r\u00e9gion d\u2019Afrique de l\u2019Ouest ainsi que des organisations internationales\u00a0 et r\u00e9gionales, dont l\u2019ONU et l\u2019Union Africaine.<\/p>\n<p>&#013;<\/p>\n<hr \/>\n<p>\u00a0<a href=\"http:\/\/www.aps.dz\/monde\/64362-gctf-activation-du-mecanisme-du-groupe-de-travail-en-charge-de-la-construction-des-capacites-en-afrique-de-l-ouest\">Lire aussi:\u00a0 GCTF: activation du m\u00e9canisme du groupe de travail en charge de la construction des capacit\u00e9s en Afrique de l&rsquo;ouest<\/a><\/p>\n<p>&#013;<\/p>\n<hr \/>\n<p class=\"MsoNoSpacing\">Cette premi\u00e8re rencontre r\u00e9gionale vise \u00ab\u00a0l\u2019\u00e9laboration d\u2019un m\u00e9morandum de bonnes pratiques, qui sera soumis pour approbation \u00e0 l\u2019occasion de la prochaine r\u00e9union minist\u00e9rielle du GCTF, pr\u00e9vue en septembre 2018\u00a0\u00bb. \u00a0<\/p>\n<\/div>\n<p>&#013;<br \/>\nSource: <a href=\"http:\/\/www.aps.dz\/algerie\/64449-gctf-reunion-regionale-sur-les-liens-entre-le-crime-organise-transnational-et-le-terrorisme\" target=\"_blank\">GCTF: r\u00e9union r\u00e9gionale sur les liens entre le crime organis\u00e9 transnational et le terrorisme<\/a><\/p>\n<!--CusAds0-->\n<div style=\"font-size: 0px; height: 0px; line-height: 0px; margin: 0; padding: 0; clear: both;\"><\/div>","protected":false},"excerpt":{"rendered":"<p>ALGER- Les travaux de la premi\u00e8re r\u00e9union r\u00e9gionale du Forum mondial de lutte contre le terrorisme (GCTF) sur les liens entre le crime organis\u00e9 transnational et le terrorisme, ont \u00e9t\u00e9 ouverts mercredi \u00e0 Alger par le ministre des Affaires \u00e9trang\u00e8res, Abdelkader Messahel. &#013; &#013; Co-organis\u00e9e par l\u2019Alg\u00e9rie et les Pays-Bas, cette rencontre r\u00e9gionale regroupe de<\/p>\n","protected":false},"author":6,"featured_media":17245,"comment_status":"open","ping_status":"open","sticky":false,"template":"","format":"standard","meta":{"footnotes":""},"categories":[22],"tags":[93],"class_list":["post-17244","post","type-post","status-publish","format-standard","has-post-thumbnail","hentry","category-infos","tag-onu"],"yoast_head":"<!-- This site is optimized with the Yoast SEO plugin v27.5 - https:\/\/yoast.com\/product\/yoast-seo-wordpress\/ -->\n<title>GCTF: r\u00e9union r\u00e9gionale sur les liens entre le crime organis\u00e9 transnational et le terrorisme - info algerie<\/title>\n<meta name=\"robots\" content=\"index, follow, max-snippet:-1, max-image-preview:large, max-video-preview:-1\" \/>\n<link rel=\"canonical\" href=\"https:\/\/www.info-algerie.com\/actualites\/gctf-reunion-regionale-sur-les-liens-entre-le-crime-organise-transnational-et-le-terrorisme\/\" \/>\n<meta property=\"og:locale\" content=\"fr_FR\" \/>\n<meta property=\"og:type\" content=\"article\" \/>\n<meta property=\"og:title\" content=\"GCTF: r\u00e9union r\u00e9gionale sur les liens entre le crime organis\u00e9 transnational et le terrorisme - info algerie\" \/>\n<meta property=\"og:description\" content=\"ALGER- Les travaux de la premi\u00e8re r\u00e9union r\u00e9gionale du Forum mondial de lutte contre le terrorisme (GCTF) sur les liens entre le crime organis\u00e9 transnational et le terrorisme, ont \u00e9t\u00e9 ouverts mercredi \u00e0 Alger par le ministre des Affaires \u00e9trang\u00e8res, Abdelkader Messahel. &#013; &#013; Co-organis\u00e9e par l\u2019Alg\u00e9rie et les Pays-Bas, cette rencontre r\u00e9gionale regroupe de\" \/>\n<meta property=\"og:url\" content=\"https:\/\/www.info-algerie.com\/actualites\/gctf-reunion-regionale-sur-les-liens-entre-le-crime-organise-transnational-et-le-terrorisme\/\" \/>\n<meta property=\"og:site_name\" content=\"info algerie\" \/>\n<meta property=\"article:publisher\" content=\"https:\/\/www.facebook.com\/infoalgerieactu\" \/>\n<meta property=\"article:published_time\" content=\"2017-10-25T10:21:59+00:00\" \/>\n<meta property=\"og:image\" content=\"https:\/\/www.info-algerie.com\/actualites\/wp-content\/uploads\/2017\/10\/5ae9bfe2bd15f8a0c888aadfcb08e4c6_S-1.jpg\" \/>\n\t<meta property=\"og:image:width\" content=\"280\" \/>\n\t<meta property=\"og:image:height\" content=\"186\" \/>\n\t<meta property=\"og:image:type\" content=\"image\/jpeg\" \/>\n<meta name=\"author\" content=\"La r\u00e9daction\" \/>\n<meta name=\"twitter:label1\" content=\"\u00c9crit par\" \/>\n\t<meta name=\"twitter:data1\" content=\"La r\u00e9daction\" \/>\n\t<meta name=\"twitter:label2\" content=\"Dur\u00e9e de lecture estim\u00e9e\" \/>\n\t<meta name=\"twitter:data2\" content=\"1 minute\" \/>\n<script type=\"application\/ld+json\" class=\"yoast-schema-graph\">{\"@context\":\"https:\\\/\\\/schema.org\",\"@graph\":[{\"@type\":\"Article\",\"@id\":\"https:\\\/\\\/www.info-algerie.com\\\/actualites\\\/gctf-reunion-regionale-sur-les-liens-entre-le-crime-organise-transnational-et-le-terrorisme\\\/#article\",\"isPartOf\":{\"@id\":\"https:\\\/\\\/www.info-algerie.com\\\/actualites\\\/gctf-reunion-regionale-sur-les-liens-entre-le-crime-organise-transnational-et-le-terrorisme\\\/\"},\"author\":{\"name\":\"La r\u00e9daction\",\"@id\":\"https:\\\/\\\/www.info-algerie.com\\\/actualites\\\/#\\\/schema\\\/person\\\/847aaec44920825b843a08f30ec6aa1e\"},\"headline\":\"GCTF: r\u00e9union r\u00e9gionale sur les liens entre le crime organis\u00e9 transnational et le terrorisme\",\"datePublished\":\"2017-10-25T10:21:59+00:00\",\"mainEntityOfPage\":{\"@id\":\"https:\\\/\\\/www.info-algerie.com\\\/actualites\\\/gctf-reunion-regionale-sur-les-liens-entre-le-crime-organise-transnational-et-le-terrorisme\\\/\"},\"wordCount\":227,\"commentCount\":0,\"publisher\":{\"@id\":\"https:\\\/\\\/www.info-algerie.com\\\/actualites\\\/#organization\"},\"image\":{\"@id\":\"https:\\\/\\\/www.info-algerie.com\\\/actualites\\\/gctf-reunion-regionale-sur-les-liens-entre-le-crime-organise-transnational-et-le-terrorisme\\\/#primaryimage\"},\"thumbnailUrl\":\"https:\\\/\\\/www.info-algerie.com\\\/actualites\\\/wp-content\\\/uploads\\\/2017\\\/10\\\/5ae9bfe2bd15f8a0c888aadfcb08e4c6_S-1.jpg\",\"keywords\":[\"ONU\"],\"articleSection\":[\"infos\"],\"inLanguage\":\"fr-FR\",\"potentialAction\":[{\"@type\":\"CommentAction\",\"name\":\"Comment\",\"target\":[\"https:\\\/\\\/www.info-algerie.com\\\/actualites\\\/gctf-reunion-regionale-sur-les-liens-entre-le-crime-organise-transnational-et-le-terrorisme\\\/#respond\"]}]},{\"@type\":\"WebPage\",\"@id\":\"https:\\\/\\\/www.info-algerie.com\\\/actualites\\\/gctf-reunion-regionale-sur-les-liens-entre-le-crime-organise-transnational-et-le-terrorisme\\\/\",\"url\":\"https:\\\/\\\/www.info-algerie.com\\\/actualites\\\/gctf-reunion-regionale-sur-les-liens-entre-le-crime-organise-transnational-et-le-terrorisme\\\/\",\"name\":\"GCTF: r\u00e9union r\u00e9gionale sur les liens entre le crime organis\u00e9 transnational et le terrorisme - info algerie\",\"isPartOf\":{\"@id\":\"https:\\\/\\\/www.info-algerie.com\\\/actualites\\\/#website\"},\"primaryImageOfPage\":{\"@id\":\"https:\\\/\\\/www.info-algerie.com\\\/actualites\\\/gctf-reunion-regionale-sur-les-liens-entre-le-crime-organise-transnational-et-le-terrorisme\\\/#primaryimage\"},\"image\":{\"@id\":\"https:\\\/\\\/www.info-algerie.com\\\/actualites\\\/gctf-reunion-regionale-sur-les-liens-entre-le-crime-organise-transnational-et-le-terrorisme\\\/#primaryimage\"},\"thumbnailUrl\":\"https:\\\/\\\/www.info-algerie.com\\\/actualites\\\/wp-content\\\/uploads\\\/2017\\\/10\\\/5ae9bfe2bd15f8a0c888aadfcb08e4c6_S-1.jpg\",\"datePublished\":\"2017-10-25T10:21:59+00:00\",\"breadcrumb\":{\"@id\":\"https:\\\/\\\/www.info-algerie.com\\\/actualites\\\/gctf-reunion-regionale-sur-les-liens-entre-le-crime-organise-transnational-et-le-terrorisme\\\/#breadcrumb\"},\"inLanguage\":\"fr-FR\",\"potentialAction\":[{\"@type\":\"ReadAction\",\"target\":[\"https:\\\/\\\/www.info-algerie.com\\\/actualites\\\/gctf-reunion-regionale-sur-les-liens-entre-le-crime-organise-transnational-et-le-terrorisme\\\/\"]}]},{\"@type\":\"ImageObject\",\"inLanguage\":\"fr-FR\",\"@id\":\"https:\\\/\\\/www.info-algerie.com\\\/actualites\\\/gctf-reunion-regionale-sur-les-liens-entre-le-crime-organise-transnational-et-le-terrorisme\\\/#primaryimage\",\"url\":\"https:\\\/\\\/www.info-algerie.com\\\/actualites\\\/wp-content\\\/uploads\\\/2017\\\/10\\\/5ae9bfe2bd15f8a0c888aadfcb08e4c6_S-1.jpg\",\"contentUrl\":\"https:\\\/\\\/www.info-algerie.com\\\/actualites\\\/wp-content\\\/uploads\\\/2017\\\/10\\\/5ae9bfe2bd15f8a0c888aadfcb08e4c6_S-1.jpg\",\"width\":280,\"height\":186},{\"@type\":\"BreadcrumbList\",\"@id\":\"https:\\\/\\\/www.info-algerie.com\\\/actualites\\\/gctf-reunion-regionale-sur-les-liens-entre-le-crime-organise-transnational-et-le-terrorisme\\\/#breadcrumb\",\"itemListElement\":[{\"@type\":\"ListItem\",\"position\":1,\"name\":\"Accueil\",\"item\":\"https:\\\/\\\/www.info-algerie.com\\\/actualites\\\/\"},{\"@type\":\"ListItem\",\"position\":2,\"name\":\"GCTF: r\u00e9union r\u00e9gionale sur les liens entre le crime organis\u00e9 transnational et le terrorisme\"}]},{\"@type\":\"WebSite\",\"@id\":\"https:\\\/\\\/www.info-algerie.com\\\/actualites\\\/#website\",\"url\":\"https:\\\/\\\/www.info-algerie.com\\\/actualites\\\/\",\"name\":\"info algerie\",\"description\":\"Toutes les actualit\u00e9s\",\"publisher\":{\"@id\":\"https:\\\/\\\/www.info-algerie.com\\\/actualites\\\/#organization\"},\"potentialAction\":[{\"@type\":\"SearchAction\",\"target\":{\"@type\":\"EntryPoint\",\"urlTemplate\":\"https:\\\/\\\/www.info-algerie.com\\\/actualites\\\/?s={search_term_string}\"},\"query-input\":{\"@type\":\"PropertyValueSpecification\",\"valueRequired\":true,\"valueName\":\"search_term_string\"}}],\"inLanguage\":\"fr-FR\"},{\"@type\":\"Organization\",\"@id\":\"https:\\\/\\\/www.info-algerie.com\\\/actualites\\\/#organization\",\"name\":\"info algerie\",\"url\":\"https:\\\/\\\/www.info-algerie.com\\\/actualites\\\/\",\"logo\":{\"@type\":\"ImageObject\",\"inLanguage\":\"fr-FR\",\"@id\":\"https:\\\/\\\/www.info-algerie.com\\\/actualites\\\/#\\\/schema\\\/logo\\\/image\\\/\",\"url\":\"https:\\\/\\\/www.info-algerie.com\\\/actualites\\\/wp-content\\\/uploads\\\/2022\\\/07\\\/logo-ia-120.png\",\"contentUrl\":\"https:\\\/\\\/www.info-algerie.com\\\/actualites\\\/wp-content\\\/uploads\\\/2022\\\/07\\\/logo-ia-120.png\",\"width\":120,\"height\":43,\"caption\":\"info algerie\"},\"image\":{\"@id\":\"https:\\\/\\\/www.info-algerie.com\\\/actualites\\\/#\\\/schema\\\/logo\\\/image\\\/\"},\"sameAs\":[\"https:\\\/\\\/www.facebook.com\\\/infoalgerieactu\",\"https:\\\/\\\/x.com\\\/infoalgerie1\"]},{\"@type\":\"Person\",\"@id\":\"https:\\\/\\\/www.info-algerie.com\\\/actualites\\\/#\\\/schema\\\/person\\\/847aaec44920825b843a08f30ec6aa1e\",\"name\":\"La r\u00e9daction\",\"image\":{\"@type\":\"ImageObject\",\"inLanguage\":\"fr-FR\",\"@id\":\"https:\\\/\\\/secure.gravatar.com\\\/avatar\\\/769db425c6f465158149f1ffd6cf61ce7a8a879d11dfbef8288af36dfddd418c?s=96&d=mm&r=g\",\"url\":\"https:\\\/\\\/secure.gravatar.com\\\/avatar\\\/769db425c6f465158149f1ffd6cf61ce7a8a879d11dfbef8288af36dfddd418c?s=96&d=mm&r=g\",\"contentUrl\":\"https:\\\/\\\/secure.gravatar.com\\\/avatar\\\/769db425c6f465158149f1ffd6cf61ce7a8a879d11dfbef8288af36dfddd418c?s=96&d=mm&r=g\",\"caption\":\"La r\u00e9daction\"},\"sameAs\":[\"http:\\\/\\\/www.lkeria.com\\\/\"],\"url\":\"https:\\\/\\\/www.info-algerie.com\\\/actualites\\\/author\\\/chakib32\\\/\"}]}<\/script>\n<!-- \/ Yoast SEO plugin. -->","yoast_head_json":{"title":"GCTF: r\u00e9union r\u00e9gionale sur les liens entre le crime organis\u00e9 transnational et le terrorisme - info algerie","robots":{"index":"index","follow":"follow","max-snippet":"max-snippet:-1","max-image-preview":"max-image-preview:large","max-video-preview":"max-video-preview:-1"},"canonical":"https:\/\/www.info-algerie.com\/actualites\/gctf-reunion-regionale-sur-les-liens-entre-le-crime-organise-transnational-et-le-terrorisme\/","og_locale":"fr_FR","og_type":"article","og_title":"GCTF: r\u00e9union r\u00e9gionale sur les liens entre le crime organis\u00e9 transnational et le terrorisme - info algerie","og_description":"ALGER- Les travaux de la premi\u00e8re r\u00e9union r\u00e9gionale du Forum mondial de lutte contre le terrorisme (GCTF) sur les liens entre le crime organis\u00e9 transnational et le terrorisme, ont \u00e9t\u00e9 ouverts mercredi \u00e0 Alger par le ministre des Affaires \u00e9trang\u00e8res, Abdelkader Messahel. &#013; &#013; Co-organis\u00e9e par l\u2019Alg\u00e9rie et les Pays-Bas, cette rencontre r\u00e9gionale regroupe de","og_url":"https:\/\/www.info-algerie.com\/actualites\/gctf-reunion-regionale-sur-les-liens-entre-le-crime-organise-transnational-et-le-terrorisme\/","og_site_name":"info algerie","article_publisher":"https:\/\/www.facebook.com\/infoalgerieactu","article_published_time":"2017-10-25T10:21:59+00:00","og_image":[{"width":280,"height":186,"url":"https:\/\/www.info-algerie.com\/actualites\/wp-content\/uploads\/2017\/10\/5ae9bfe2bd15f8a0c888aadfcb08e4c6_S-1.jpg","type":"image\/jpeg"}],"author":"La r\u00e9daction","twitter_misc":{"\u00c9crit par":"La r\u00e9daction","Dur\u00e9e de lecture estim\u00e9e":"1 minute"},"schema":{"@context":"https:\/\/schema.org","@graph":[{"@type":"Article","@id":"https:\/\/www.info-algerie.com\/actualites\/gctf-reunion-regionale-sur-les-liens-entre-le-crime-organise-transnational-et-le-terrorisme\/#article","isPartOf":{"@id":"https:\/\/www.info-algerie.com\/actualites\/gctf-reunion-regionale-sur-les-liens-entre-le-crime-organise-transnational-et-le-terrorisme\/"},"author":{"name":"La r\u00e9daction","@id":"https:\/\/www.info-algerie.com\/actualites\/#\/schema\/person\/847aaec44920825b843a08f30ec6aa1e"},"headline":"GCTF: r\u00e9union r\u00e9gionale sur les liens entre le crime organis\u00e9 transnational et le terrorisme","datePublished":"2017-10-25T10:21:59+00:00","mainEntityOfPage":{"@id":"https:\/\/www.info-algerie.com\/actualites\/gctf-reunion-regionale-sur-les-liens-entre-le-crime-organise-transnational-et-le-terrorisme\/"},"wordCount":227,"commentCount":0,"publisher":{"@id":"https:\/\/www.info-algerie.com\/actualites\/#organization"},"image":{"@id":"https:\/\/www.info-algerie.com\/actualites\/gctf-reunion-regionale-sur-les-liens-entre-le-crime-organise-transnational-et-le-terrorisme\/#primaryimage"},"thumbnailUrl":"https:\/\/www.info-algerie.com\/actualites\/wp-content\/uploads\/2017\/10\/5ae9bfe2bd15f8a0c888aadfcb08e4c6_S-1.jpg","keywords":["ONU"],"articleSection":["infos"],"inLanguage":"fr-FR","potentialAction":[{"@type":"CommentAction","name":"Comment","target":["https:\/\/www.info-algerie.com\/actualites\/gctf-reunion-regionale-sur-les-liens-entre-le-crime-organise-transnational-et-le-terrorisme\/#respond"]}]},{"@type":"WebPage","@id":"https:\/\/www.info-algerie.com\/actualites\/gctf-reunion-regionale-sur-les-liens-entre-le-crime-organise-transnational-et-le-terrorisme\/","url":"https:\/\/www.info-algerie.com\/actualites\/gctf-reunion-regionale-sur-les-liens-entre-le-crime-organise-transnational-et-le-terrorisme\/","name":"GCTF: r\u00e9union r\u00e9gionale sur les liens entre le crime organis\u00e9 transnational et le terrorisme - info algerie","isPartOf":{"@id":"https:\/\/www.info-algerie.com\/actualites\/#website"},"primaryImageOfPage":{"@id":"https:\/\/www.info-algerie.com\/actualites\/gctf-reunion-regionale-sur-les-liens-entre-le-crime-organise-transnational-et-le-terrorisme\/#primaryimage"},"image":{"@id":"https:\/\/www.info-algerie.com\/actualites\/gctf-reunion-regionale-sur-les-liens-entre-le-crime-organise-transnational-et-le-terrorisme\/#primaryimage"},"thumbnailUrl":"https:\/\/www.info-algerie.com\/actualites\/wp-content\/uploads\/2017\/10\/5ae9bfe2bd15f8a0c888aadfcb08e4c6_S-1.jpg","datePublished":"2017-10-25T10:21:59+00:00","breadcrumb":{"@id":"https:\/\/www.info-algerie.com\/actualites\/gctf-reunion-regionale-sur-les-liens-entre-le-crime-organise-transnational-et-le-terrorisme\/#breadcrumb"},"inLanguage":"fr-FR","potentialAction":[{"@type":"ReadAction","target":["https:\/\/www.info-algerie.com\/actualites\/gctf-reunion-regionale-sur-les-liens-entre-le-crime-organise-transnational-et-le-terrorisme\/"]}]},{"@type":"ImageObject","inLanguage":"fr-FR","@id":"https:\/\/www.info-algerie.com\/actualites\/gctf-reunion-regionale-sur-les-liens-entre-le-crime-organise-transnational-et-le-terrorisme\/#primaryimage","url":"https:\/\/www.info-algerie.com\/actualites\/wp-content\/uploads\/2017\/10\/5ae9bfe2bd15f8a0c888aadfcb08e4c6_S-1.jpg","contentUrl":"https:\/\/www.info-algerie.com\/actualites\/wp-content\/uploads\/2017\/10\/5ae9bfe2bd15f8a0c888aadfcb08e4c6_S-1.jpg","width":280,"height":186},{"@type":"BreadcrumbList","@id":"https:\/\/www.info-algerie.com\/actualites\/gctf-reunion-regionale-sur-les-liens-entre-le-crime-organise-transnational-et-le-terrorisme\/#breadcrumb","itemListElement":[{"@type":"ListItem","position":1,"name":"Accueil","item":"https:\/\/www.info-algerie.com\/actualites\/"},{"@type":"ListItem","position":2,"name":"GCTF: r\u00e9union r\u00e9gionale sur les liens entre le crime organis\u00e9 transnational et le terrorisme"}]},{"@type":"WebSite","@id":"https:\/\/www.info-algerie.com\/actualites\/#website","url":"https:\/\/www.info-algerie.com\/actualites\/","name":"info algerie","description":"Toutes les actualit\u00e9s","publisher":{"@id":"https:\/\/www.info-algerie.com\/actualites\/#organization"},"potentialAction":[{"@type":"SearchAction","target":{"@type":"EntryPoint","urlTemplate":"https:\/\/www.info-algerie.com\/actualites\/?s={search_term_string}"},"query-input":{"@type":"PropertyValueSpecification","valueRequired":true,"valueName":"search_term_string"}}],"inLanguage":"fr-FR"},{"@type":"Organization","@id":"https:\/\/www.info-algerie.com\/actualites\/#organization","name":"info algerie","url":"https:\/\/www.info-algerie.com\/actualites\/","logo":{"@type":"ImageObject","inLanguage":"fr-FR","@id":"https:\/\/www.info-algerie.com\/actualites\/#\/schema\/logo\/image\/","url":"https:\/\/www.info-algerie.com\/actualites\/wp-content\/uploads\/2022\/07\/logo-ia-120.png","contentUrl":"https:\/\/www.info-algerie.com\/actualites\/wp-content\/uploads\/2022\/07\/logo-ia-120.png","width":120,"height":43,"caption":"info algerie"},"image":{"@id":"https:\/\/www.info-algerie.com\/actualites\/#\/schema\/logo\/image\/"},"sameAs":["https:\/\/www.facebook.com\/infoalgerieactu","https:\/\/x.com\/infoalgerie1"]},{"@type":"Person","@id":"https:\/\/www.info-algerie.com\/actualites\/#\/schema\/person\/847aaec44920825b843a08f30ec6aa1e","name":"La r\u00e9daction","image":{"@type":"ImageObject","inLanguage":"fr-FR","@id":"https:\/\/secure.gravatar.com\/avatar\/769db425c6f465158149f1ffd6cf61ce7a8a879d11dfbef8288af36dfddd418c?s=96&d=mm&r=g","url":"https:\/\/secure.gravatar.com\/avatar\/769db425c6f465158149f1ffd6cf61ce7a8a879d11dfbef8288af36dfddd418c?s=96&d=mm&r=g","contentUrl":"https:\/\/secure.gravatar.com\/avatar\/769db425c6f465158149f1ffd6cf61ce7a8a879d11dfbef8288af36dfddd418c?s=96&d=mm&r=g","caption":"La r\u00e9daction"},"sameAs":["http:\/\/www.lkeria.com\/"],"url":"https:\/\/www.info-algerie.com\/actualites\/author\/chakib32\/"}]}},"_links":{"self":[{"href":"https:\/\/www.info-algerie.com\/actualites\/wp-json\/wp\/v2\/posts\/17244","targetHints":{"allow":["GET"]}}],"collection":[{"href":"https:\/\/www.info-algerie.com\/actualites\/wp-json\/wp\/v2\/posts"}],"about":[{"href":"https:\/\/www.info-algerie.com\/actualites\/wp-json\/wp\/v2\/types\/post"}],"author":[{"embeddable":true,"href":"https:\/\/www.info-algerie.com\/actualites\/wp-json\/wp\/v2\/users\/6"}],"replies":[{"embeddable":true,"href":"https:\/\/www.info-algerie.com\/actualites\/wp-json\/wp\/v2\/comments?post=17244"}],"version-history":[{"count":0,"href":"https:\/\/www.info-algerie.com\/actualites\/wp-json\/wp\/v2\/posts\/17244\/revisions"}],"wp:featuredmedia":[{"embeddable":true,"href":"https:\/\/www.info-algerie.com\/actualites\/wp-json\/wp\/v2\/media\/17245"}],"wp:attachment":[{"href":"https:\/\/www.info-algerie.com\/actualites\/wp-json\/wp\/v2\/media?parent=17244"}],"wp:term":[{"taxonomy":"category","embeddable":true,"href":"https:\/\/www.info-algerie.com\/actualites\/wp-json\/wp\/v2\/categories?post=17244"},{"taxonomy":"post_tag","embeddable":true,"href":"https:\/\/www.info-algerie.com\/actualites\/wp-json\/wp\/v2\/tags?post=17244"}],"curies":[{"name":"wp","href":"https:\/\/api.w.org\/{rel}","templated":true}]}}