{"id":17251,"date":"2017-10-25T13:41:29","date_gmt":"2017-10-25T12:41:29","guid":{"rendered":"http:\/\/www.info-algerie.com\/actualites\/la-lutte-contre-le-terrorisme-et-le-crime-organise-transnational-necessite-la-promotion-de-programmes-de-cooperation\/"},"modified":"2017-10-25T13:41:29","modified_gmt":"2017-10-25T12:41:29","slug":"la-lutte-contre-le-terrorisme-et-le-crime-organise-transnational-necessite-la-promotion-de-programmes-de-cooperation","status":"publish","type":"post","link":"https:\/\/www.info-algerie.com\/actualites\/la-lutte-contre-le-terrorisme-et-le-crime-organise-transnational-necessite-la-promotion-de-programmes-de-cooperation\/","title":{"rendered":"La lutte contre le terrorisme et le crime organis\u00e9 transnational &quot;n\u00e9cessite&quot; la promotion de programmes de coop\u00e9ration  \u00a0"},"content":{"rendered":"<div class=\"K2FeedImage\"><img decoding=\"async\" src=\"https:\/\/www.info-algerie.com\/actualites\/wp-content\/uploads\/2017\/10\/9fa85645fc4357b267473591c129bb2e_S.jpg\" \/><\/div>\n<div class=\"K2FeedIntroText\">\n<p class=\"MsoNoSpacing\">ALGER &#8211; Le ministre des Affaires \u00e9trang\u00e8res, Abdelkader Messahel, a affirm\u00e9 mercredi \u00e0 Alger, que la<a href=\"http:\/\/www.aps.dz\/algerie\/64449-gctf-reunion-regionale-sur-les-liens-entre-le-crime-organise-transnational-et-le-terrorisme\"><strong> lutte contre le terrorisme et le crime organis\u00e9 transnational<\/strong><\/a> \u00ab\u00a0n\u00e9cessite\u00a0\u00bb aussi la promotion de programmes de coop\u00e9ration bilat\u00e9raux, r\u00e9gionaux et m\u00eame internationaux, exprimant la \u00ab\u00a0disponibilit\u00e9\u00a0\u00bb de l&rsquo;Alg\u00e9rie \u00e0 apporter sa contribution \u00e0 toutes les initiatives visant un renforcement de la \u00ab\u00a0lutte commune\u00a0\u00bb contre ces fl\u00e9aux.<\/p>\n<p>&#013;\n<\/p><\/div>\n<div class=\"K2FeedFullText\">&#013;<\/p>\n<blockquote><p>&#013;<\/p>\n<p class=\"MsoNoSpacing\"><em><strong>\u00ab\u00a0La lutte contre ces deux fl\u00e9aux n\u00e9cessite aussi la promotion de programmes de coop\u00e9ration bilat\u00e9raux, r\u00e9gionaux et m\u00eame internationaux ainsi que le d\u00e9veloppement de la coop\u00e9ration entre les organismes r\u00e9gionaux et internationaux\u00a0\u00bb, a indiqu\u00e9 M. Messahel \u00e0 l&rsquo;ouverture des travaux de la premi\u00e8re r\u00e9union r\u00e9gionale du Forum mondial de lutte contre le terrorisme (GCTF) sur les liens entre le terrorisme et le crime organis\u00e9 transnational, co-organis\u00e9e par l\u2019Alg\u00e9rie et les Pays-Bas.<\/strong><\/em><\/p>\n<p>&#013;\n<\/p><\/blockquote>\n<p>&#013;<\/p>\n<p class=\"MsoNoSpacing\">Affirmant que l&rsquo;Alg\u00e9rie \u00ab\u00a0d\u00e9ploie d&rsquo;importants efforts pour combattre ces fl\u00e9aux sur son territoire\u00a0\u00bb, il a exprim\u00e9 \u00ab\u00a0la disponibilit\u00e9\u00a0\u00bb de l&rsquo;Alg\u00e9rie \u00e0 apporter sa contribution \u00e0 \u00ab\u00a0toutes les initiatives bilat\u00e9rales, r\u00e9gionales, en particulier avec les pays de l&rsquo;espace sah\u00e9lo-saharien et de toute l&rsquo;Afrique de l&rsquo;Ouest, ainsi qu&rsquo;au niveau international, allant dans le sens du renforcement de la lutte commune contre ces fl\u00e9aux, qui constituent des dimensions importantes de potentielles agressions hybrides dirig\u00e9es contre la s\u00e9curit\u00e9, la stabilit\u00e9, la coh\u00e9sion et le d\u00e9veloppement de nos pays\u00a0\u00bb.<\/p>\n<p>&#013;<\/p>\n<p>\u00a0<\/p>\n<p>&#013;<\/p>\n<p class=\"MsoNormal\"><span lang=\"EN-US\">\u00a0<\/span><\/p>\n<\/div>\n<p>&#013;<br \/>\nSource: <a href=\"http:\/\/www.aps.dz\/algerie\/64456-la-lutte-contre-le-terrorisme-et-le-crime-organise-transnational-necessite-la-promotion-de-programmes-de-cooperation\" target=\"_blank\">La lutte contre le terrorisme et le crime organis\u00e9 transnational \u00ab\u00a0n\u00e9cessite\u00a0\u00bb la promotion de programmes de coop\u00e9ration  \u00a0<\/a><\/p>\n<!--CusAds0-->\n<div style=\"font-size: 0px; height: 0px; line-height: 0px; margin: 0; padding: 0; clear: both;\"><\/div>","protected":false},"excerpt":{"rendered":"<p>ALGER &#8211; Le ministre des Affaires \u00e9trang\u00e8res, Abdelkader Messahel, a affirm\u00e9 mercredi \u00e0 Alger, que la lutte contre le terrorisme et le crime organis\u00e9 transnational \u00ab\u00a0n\u00e9cessite\u00a0\u00bb aussi la promotion de programmes de coop\u00e9ration bilat\u00e9raux, r\u00e9gionaux et m\u00eame internationaux, exprimant la \u00ab\u00a0disponibilit\u00e9\u00a0\u00bb de l&rsquo;Alg\u00e9rie \u00e0 apporter sa contribution \u00e0 toutes les initiatives visant un renforcement de<\/p>\n","protected":false},"author":6,"featured_media":17252,"comment_status":"open","ping_status":"open","sticky":false,"template":"","format":"standard","meta":{"footnotes":""},"categories":[22],"tags":[93],"class_list":["post-17251","post","type-post","status-publish","format-standard","has-post-thumbnail","hentry","category-infos","tag-onu"],"yoast_head":"<!-- This site is optimized with the Yoast SEO plugin v27.5 - https:\/\/yoast.com\/product\/yoast-seo-wordpress\/ -->\n<title>La lutte contre le terrorisme et le crime organis\u00e9 transnational &quot;n\u00e9cessite&quot; la promotion de programmes de coop\u00e9ration \u00a0 - info algerie<\/title>\n<meta name=\"robots\" content=\"index, follow, max-snippet:-1, max-image-preview:large, max-video-preview:-1\" \/>\n<link rel=\"canonical\" href=\"https:\/\/www.info-algerie.com\/actualites\/la-lutte-contre-le-terrorisme-et-le-crime-organise-transnational-necessite-la-promotion-de-programmes-de-cooperation\/\" \/>\n<meta property=\"og:locale\" content=\"fr_FR\" \/>\n<meta property=\"og:type\" content=\"article\" \/>\n<meta property=\"og:title\" content=\"La lutte contre le terrorisme et le crime organis\u00e9 transnational &quot;n\u00e9cessite&quot; la promotion de programmes de coop\u00e9ration \u00a0 - info algerie\" \/>\n<meta property=\"og:description\" content=\"ALGER &#8211; Le ministre des Affaires \u00e9trang\u00e8res, Abdelkader Messahel, a affirm\u00e9 mercredi \u00e0 Alger, que la lutte contre le terrorisme et le crime organis\u00e9 transnational \u00ab\u00a0n\u00e9cessite\u00a0\u00bb aussi la promotion de programmes de coop\u00e9ration bilat\u00e9raux, r\u00e9gionaux et m\u00eame internationaux, exprimant la \u00ab\u00a0disponibilit\u00e9\u00a0\u00bb de l&rsquo;Alg\u00e9rie \u00e0 apporter sa contribution \u00e0 toutes les initiatives visant un renforcement de\" \/>\n<meta property=\"og:url\" content=\"https:\/\/www.info-algerie.com\/actualites\/la-lutte-contre-le-terrorisme-et-le-crime-organise-transnational-necessite-la-promotion-de-programmes-de-cooperation\/\" \/>\n<meta property=\"og:site_name\" content=\"info algerie\" \/>\n<meta property=\"article:publisher\" content=\"https:\/\/www.facebook.com\/infoalgerieactu\" \/>\n<meta property=\"article:published_time\" content=\"2017-10-25T12:41:29+00:00\" \/>\n<meta property=\"og:image\" content=\"https:\/\/www.info-algerie.com\/actualites\/wp-content\/uploads\/2017\/10\/9fa85645fc4357b267473591c129bb2e_S-1.jpg\" \/>\n\t<meta property=\"og:image:width\" content=\"280\" \/>\n\t<meta property=\"og:image:height\" content=\"186\" \/>\n\t<meta property=\"og:image:type\" content=\"image\/jpeg\" \/>\n<meta name=\"author\" content=\"La r\u00e9daction\" \/>\n<meta name=\"twitter:label1\" content=\"\u00c9crit par\" \/>\n\t<meta name=\"twitter:data1\" content=\"La r\u00e9daction\" \/>\n\t<meta name=\"twitter:label2\" content=\"Dur\u00e9e de lecture estim\u00e9e\" \/>\n\t<meta name=\"twitter:data2\" content=\"1 minute\" \/>\n<script type=\"application\/ld+json\" class=\"yoast-schema-graph\">{\"@context\":\"https:\\\/\\\/schema.org\",\"@graph\":[{\"@type\":\"Article\",\"@id\":\"https:\\\/\\\/www.info-algerie.com\\\/actualites\\\/la-lutte-contre-le-terrorisme-et-le-crime-organise-transnational-necessite-la-promotion-de-programmes-de-cooperation\\\/#article\",\"isPartOf\":{\"@id\":\"https:\\\/\\\/www.info-algerie.com\\\/actualites\\\/la-lutte-contre-le-terrorisme-et-le-crime-organise-transnational-necessite-la-promotion-de-programmes-de-cooperation\\\/\"},\"author\":{\"name\":\"La r\u00e9daction\",\"@id\":\"https:\\\/\\\/www.info-algerie.com\\\/actualites\\\/#\\\/schema\\\/person\\\/847aaec44920825b843a08f30ec6aa1e\"},\"headline\":\"La lutte contre le terrorisme et le crime organis\u00e9 transnational &quot;n\u00e9cessite&quot; la promotion de programmes de coop\u00e9ration \u00a0\",\"datePublished\":\"2017-10-25T12:41:29+00:00\",\"mainEntityOfPage\":{\"@id\":\"https:\\\/\\\/www.info-algerie.com\\\/actualites\\\/la-lutte-contre-le-terrorisme-et-le-crime-organise-transnational-necessite-la-promotion-de-programmes-de-cooperation\\\/\"},\"wordCount\":295,\"commentCount\":0,\"publisher\":{\"@id\":\"https:\\\/\\\/www.info-algerie.com\\\/actualites\\\/#organization\"},\"image\":{\"@id\":\"https:\\\/\\\/www.info-algerie.com\\\/actualites\\\/la-lutte-contre-le-terrorisme-et-le-crime-organise-transnational-necessite-la-promotion-de-programmes-de-cooperation\\\/#primaryimage\"},\"thumbnailUrl\":\"https:\\\/\\\/www.info-algerie.com\\\/actualites\\\/wp-content\\\/uploads\\\/2017\\\/10\\\/9fa85645fc4357b267473591c129bb2e_S-1.jpg\",\"keywords\":[\"ONU\"],\"articleSection\":[\"infos\"],\"inLanguage\":\"fr-FR\",\"potentialAction\":[{\"@type\":\"CommentAction\",\"name\":\"Comment\",\"target\":[\"https:\\\/\\\/www.info-algerie.com\\\/actualites\\\/la-lutte-contre-le-terrorisme-et-le-crime-organise-transnational-necessite-la-promotion-de-programmes-de-cooperation\\\/#respond\"]}]},{\"@type\":\"WebPage\",\"@id\":\"https:\\\/\\\/www.info-algerie.com\\\/actualites\\\/la-lutte-contre-le-terrorisme-et-le-crime-organise-transnational-necessite-la-promotion-de-programmes-de-cooperation\\\/\",\"url\":\"https:\\\/\\\/www.info-algerie.com\\\/actualites\\\/la-lutte-contre-le-terrorisme-et-le-crime-organise-transnational-necessite-la-promotion-de-programmes-de-cooperation\\\/\",\"name\":\"La lutte contre le terrorisme et le crime organis\u00e9 transnational &quot;n\u00e9cessite&quot; la promotion de programmes de coop\u00e9ration \u00a0 - info algerie\",\"isPartOf\":{\"@id\":\"https:\\\/\\\/www.info-algerie.com\\\/actualites\\\/#website\"},\"primaryImageOfPage\":{\"@id\":\"https:\\\/\\\/www.info-algerie.com\\\/actualites\\\/la-lutte-contre-le-terrorisme-et-le-crime-organise-transnational-necessite-la-promotion-de-programmes-de-cooperation\\\/#primaryimage\"},\"image\":{\"@id\":\"https:\\\/\\\/www.info-algerie.com\\\/actualites\\\/la-lutte-contre-le-terrorisme-et-le-crime-organise-transnational-necessite-la-promotion-de-programmes-de-cooperation\\\/#primaryimage\"},\"thumbnailUrl\":\"https:\\\/\\\/www.info-algerie.com\\\/actualites\\\/wp-content\\\/uploads\\\/2017\\\/10\\\/9fa85645fc4357b267473591c129bb2e_S-1.jpg\",\"datePublished\":\"2017-10-25T12:41:29+00:00\",\"breadcrumb\":{\"@id\":\"https:\\\/\\\/www.info-algerie.com\\\/actualites\\\/la-lutte-contre-le-terrorisme-et-le-crime-organise-transnational-necessite-la-promotion-de-programmes-de-cooperation\\\/#breadcrumb\"},\"inLanguage\":\"fr-FR\",\"potentialAction\":[{\"@type\":\"ReadAction\",\"target\":[\"https:\\\/\\\/www.info-algerie.com\\\/actualites\\\/la-lutte-contre-le-terrorisme-et-le-crime-organise-transnational-necessite-la-promotion-de-programmes-de-cooperation\\\/\"]}]},{\"@type\":\"ImageObject\",\"inLanguage\":\"fr-FR\",\"@id\":\"https:\\\/\\\/www.info-algerie.com\\\/actualites\\\/la-lutte-contre-le-terrorisme-et-le-crime-organise-transnational-necessite-la-promotion-de-programmes-de-cooperation\\\/#primaryimage\",\"url\":\"https:\\\/\\\/www.info-algerie.com\\\/actualites\\\/wp-content\\\/uploads\\\/2017\\\/10\\\/9fa85645fc4357b267473591c129bb2e_S-1.jpg\",\"contentUrl\":\"https:\\\/\\\/www.info-algerie.com\\\/actualites\\\/wp-content\\\/uploads\\\/2017\\\/10\\\/9fa85645fc4357b267473591c129bb2e_S-1.jpg\",\"width\":280,\"height\":186},{\"@type\":\"BreadcrumbList\",\"@id\":\"https:\\\/\\\/www.info-algerie.com\\\/actualites\\\/la-lutte-contre-le-terrorisme-et-le-crime-organise-transnational-necessite-la-promotion-de-programmes-de-cooperation\\\/#breadcrumb\",\"itemListElement\":[{\"@type\":\"ListItem\",\"position\":1,\"name\":\"Accueil\",\"item\":\"https:\\\/\\\/www.info-algerie.com\\\/actualites\\\/\"},{\"@type\":\"ListItem\",\"position\":2,\"name\":\"La lutte contre le terrorisme et le crime organis\u00e9 transnational &quot;n\u00e9cessite&quot; la promotion de programmes de coop\u00e9ration \u00a0\"}]},{\"@type\":\"WebSite\",\"@id\":\"https:\\\/\\\/www.info-algerie.com\\\/actualites\\\/#website\",\"url\":\"https:\\\/\\\/www.info-algerie.com\\\/actualites\\\/\",\"name\":\"info algerie\",\"description\":\"Toutes les actualit\u00e9s\",\"publisher\":{\"@id\":\"https:\\\/\\\/www.info-algerie.com\\\/actualites\\\/#organization\"},\"potentialAction\":[{\"@type\":\"SearchAction\",\"target\":{\"@type\":\"EntryPoint\",\"urlTemplate\":\"https:\\\/\\\/www.info-algerie.com\\\/actualites\\\/?s={search_term_string}\"},\"query-input\":{\"@type\":\"PropertyValueSpecification\",\"valueRequired\":true,\"valueName\":\"search_term_string\"}}],\"inLanguage\":\"fr-FR\"},{\"@type\":\"Organization\",\"@id\":\"https:\\\/\\\/www.info-algerie.com\\\/actualites\\\/#organization\",\"name\":\"info algerie\",\"url\":\"https:\\\/\\\/www.info-algerie.com\\\/actualites\\\/\",\"logo\":{\"@type\":\"ImageObject\",\"inLanguage\":\"fr-FR\",\"@id\":\"https:\\\/\\\/www.info-algerie.com\\\/actualites\\\/#\\\/schema\\\/logo\\\/image\\\/\",\"url\":\"https:\\\/\\\/www.info-algerie.com\\\/actualites\\\/wp-content\\\/uploads\\\/2022\\\/07\\\/logo-ia-120.png\",\"contentUrl\":\"https:\\\/\\\/www.info-algerie.com\\\/actualites\\\/wp-content\\\/uploads\\\/2022\\\/07\\\/logo-ia-120.png\",\"width\":120,\"height\":43,\"caption\":\"info algerie\"},\"image\":{\"@id\":\"https:\\\/\\\/www.info-algerie.com\\\/actualites\\\/#\\\/schema\\\/logo\\\/image\\\/\"},\"sameAs\":[\"https:\\\/\\\/www.facebook.com\\\/infoalgerieactu\",\"https:\\\/\\\/x.com\\\/infoalgerie1\"]},{\"@type\":\"Person\",\"@id\":\"https:\\\/\\\/www.info-algerie.com\\\/actualites\\\/#\\\/schema\\\/person\\\/847aaec44920825b843a08f30ec6aa1e\",\"name\":\"La r\u00e9daction\",\"image\":{\"@type\":\"ImageObject\",\"inLanguage\":\"fr-FR\",\"@id\":\"https:\\\/\\\/secure.gravatar.com\\\/avatar\\\/769db425c6f465158149f1ffd6cf61ce7a8a879d11dfbef8288af36dfddd418c?s=96&d=mm&r=g\",\"url\":\"https:\\\/\\\/secure.gravatar.com\\\/avatar\\\/769db425c6f465158149f1ffd6cf61ce7a8a879d11dfbef8288af36dfddd418c?s=96&d=mm&r=g\",\"contentUrl\":\"https:\\\/\\\/secure.gravatar.com\\\/avatar\\\/769db425c6f465158149f1ffd6cf61ce7a8a879d11dfbef8288af36dfddd418c?s=96&d=mm&r=g\",\"caption\":\"La r\u00e9daction\"},\"sameAs\":[\"http:\\\/\\\/www.lkeria.com\\\/\"],\"url\":\"https:\\\/\\\/www.info-algerie.com\\\/actualites\\\/author\\\/chakib32\\\/\"}]}<\/script>\n<!-- \/ Yoast SEO plugin. -->","yoast_head_json":{"title":"La lutte contre le terrorisme et le crime organis\u00e9 transnational &quot;n\u00e9cessite&quot; la promotion de programmes de coop\u00e9ration \u00a0 - info algerie","robots":{"index":"index","follow":"follow","max-snippet":"max-snippet:-1","max-image-preview":"max-image-preview:large","max-video-preview":"max-video-preview:-1"},"canonical":"https:\/\/www.info-algerie.com\/actualites\/la-lutte-contre-le-terrorisme-et-le-crime-organise-transnational-necessite-la-promotion-de-programmes-de-cooperation\/","og_locale":"fr_FR","og_type":"article","og_title":"La lutte contre le terrorisme et le crime organis\u00e9 transnational &quot;n\u00e9cessite&quot; la promotion de programmes de coop\u00e9ration \u00a0 - info algerie","og_description":"ALGER &#8211; Le ministre des Affaires \u00e9trang\u00e8res, Abdelkader Messahel, a affirm\u00e9 mercredi \u00e0 Alger, que la lutte contre le terrorisme et le crime organis\u00e9 transnational \u00ab\u00a0n\u00e9cessite\u00a0\u00bb aussi la promotion de programmes de coop\u00e9ration bilat\u00e9raux, r\u00e9gionaux et m\u00eame internationaux, exprimant la \u00ab\u00a0disponibilit\u00e9\u00a0\u00bb de l&rsquo;Alg\u00e9rie \u00e0 apporter sa contribution \u00e0 toutes les initiatives visant un renforcement de","og_url":"https:\/\/www.info-algerie.com\/actualites\/la-lutte-contre-le-terrorisme-et-le-crime-organise-transnational-necessite-la-promotion-de-programmes-de-cooperation\/","og_site_name":"info algerie","article_publisher":"https:\/\/www.facebook.com\/infoalgerieactu","article_published_time":"2017-10-25T12:41:29+00:00","og_image":[{"width":280,"height":186,"url":"https:\/\/www.info-algerie.com\/actualites\/wp-content\/uploads\/2017\/10\/9fa85645fc4357b267473591c129bb2e_S-1.jpg","type":"image\/jpeg"}],"author":"La r\u00e9daction","twitter_misc":{"\u00c9crit par":"La r\u00e9daction","Dur\u00e9e de lecture estim\u00e9e":"1 minute"},"schema":{"@context":"https:\/\/schema.org","@graph":[{"@type":"Article","@id":"https:\/\/www.info-algerie.com\/actualites\/la-lutte-contre-le-terrorisme-et-le-crime-organise-transnational-necessite-la-promotion-de-programmes-de-cooperation\/#article","isPartOf":{"@id":"https:\/\/www.info-algerie.com\/actualites\/la-lutte-contre-le-terrorisme-et-le-crime-organise-transnational-necessite-la-promotion-de-programmes-de-cooperation\/"},"author":{"name":"La r\u00e9daction","@id":"https:\/\/www.info-algerie.com\/actualites\/#\/schema\/person\/847aaec44920825b843a08f30ec6aa1e"},"headline":"La lutte contre le terrorisme et le crime organis\u00e9 transnational &quot;n\u00e9cessite&quot; la promotion de programmes de coop\u00e9ration \u00a0","datePublished":"2017-10-25T12:41:29+00:00","mainEntityOfPage":{"@id":"https:\/\/www.info-algerie.com\/actualites\/la-lutte-contre-le-terrorisme-et-le-crime-organise-transnational-necessite-la-promotion-de-programmes-de-cooperation\/"},"wordCount":295,"commentCount":0,"publisher":{"@id":"https:\/\/www.info-algerie.com\/actualites\/#organization"},"image":{"@id":"https:\/\/www.info-algerie.com\/actualites\/la-lutte-contre-le-terrorisme-et-le-crime-organise-transnational-necessite-la-promotion-de-programmes-de-cooperation\/#primaryimage"},"thumbnailUrl":"https:\/\/www.info-algerie.com\/actualites\/wp-content\/uploads\/2017\/10\/9fa85645fc4357b267473591c129bb2e_S-1.jpg","keywords":["ONU"],"articleSection":["infos"],"inLanguage":"fr-FR","potentialAction":[{"@type":"CommentAction","name":"Comment","target":["https:\/\/www.info-algerie.com\/actualites\/la-lutte-contre-le-terrorisme-et-le-crime-organise-transnational-necessite-la-promotion-de-programmes-de-cooperation\/#respond"]}]},{"@type":"WebPage","@id":"https:\/\/www.info-algerie.com\/actualites\/la-lutte-contre-le-terrorisme-et-le-crime-organise-transnational-necessite-la-promotion-de-programmes-de-cooperation\/","url":"https:\/\/www.info-algerie.com\/actualites\/la-lutte-contre-le-terrorisme-et-le-crime-organise-transnational-necessite-la-promotion-de-programmes-de-cooperation\/","name":"La lutte contre le terrorisme et le crime organis\u00e9 transnational &quot;n\u00e9cessite&quot; la promotion de programmes de coop\u00e9ration \u00a0 - info algerie","isPartOf":{"@id":"https:\/\/www.info-algerie.com\/actualites\/#website"},"primaryImageOfPage":{"@id":"https:\/\/www.info-algerie.com\/actualites\/la-lutte-contre-le-terrorisme-et-le-crime-organise-transnational-necessite-la-promotion-de-programmes-de-cooperation\/#primaryimage"},"image":{"@id":"https:\/\/www.info-algerie.com\/actualites\/la-lutte-contre-le-terrorisme-et-le-crime-organise-transnational-necessite-la-promotion-de-programmes-de-cooperation\/#primaryimage"},"thumbnailUrl":"https:\/\/www.info-algerie.com\/actualites\/wp-content\/uploads\/2017\/10\/9fa85645fc4357b267473591c129bb2e_S-1.jpg","datePublished":"2017-10-25T12:41:29+00:00","breadcrumb":{"@id":"https:\/\/www.info-algerie.com\/actualites\/la-lutte-contre-le-terrorisme-et-le-crime-organise-transnational-necessite-la-promotion-de-programmes-de-cooperation\/#breadcrumb"},"inLanguage":"fr-FR","potentialAction":[{"@type":"ReadAction","target":["https:\/\/www.info-algerie.com\/actualites\/la-lutte-contre-le-terrorisme-et-le-crime-organise-transnational-necessite-la-promotion-de-programmes-de-cooperation\/"]}]},{"@type":"ImageObject","inLanguage":"fr-FR","@id":"https:\/\/www.info-algerie.com\/actualites\/la-lutte-contre-le-terrorisme-et-le-crime-organise-transnational-necessite-la-promotion-de-programmes-de-cooperation\/#primaryimage","url":"https:\/\/www.info-algerie.com\/actualites\/wp-content\/uploads\/2017\/10\/9fa85645fc4357b267473591c129bb2e_S-1.jpg","contentUrl":"https:\/\/www.info-algerie.com\/actualites\/wp-content\/uploads\/2017\/10\/9fa85645fc4357b267473591c129bb2e_S-1.jpg","width":280,"height":186},{"@type":"BreadcrumbList","@id":"https:\/\/www.info-algerie.com\/actualites\/la-lutte-contre-le-terrorisme-et-le-crime-organise-transnational-necessite-la-promotion-de-programmes-de-cooperation\/#breadcrumb","itemListElement":[{"@type":"ListItem","position":1,"name":"Accueil","item":"https:\/\/www.info-algerie.com\/actualites\/"},{"@type":"ListItem","position":2,"name":"La lutte contre le terrorisme et le crime organis\u00e9 transnational &quot;n\u00e9cessite&quot; la promotion de programmes de coop\u00e9ration \u00a0"}]},{"@type":"WebSite","@id":"https:\/\/www.info-algerie.com\/actualites\/#website","url":"https:\/\/www.info-algerie.com\/actualites\/","name":"info algerie","description":"Toutes les actualit\u00e9s","publisher":{"@id":"https:\/\/www.info-algerie.com\/actualites\/#organization"},"potentialAction":[{"@type":"SearchAction","target":{"@type":"EntryPoint","urlTemplate":"https:\/\/www.info-algerie.com\/actualites\/?s={search_term_string}"},"query-input":{"@type":"PropertyValueSpecification","valueRequired":true,"valueName":"search_term_string"}}],"inLanguage":"fr-FR"},{"@type":"Organization","@id":"https:\/\/www.info-algerie.com\/actualites\/#organization","name":"info algerie","url":"https:\/\/www.info-algerie.com\/actualites\/","logo":{"@type":"ImageObject","inLanguage":"fr-FR","@id":"https:\/\/www.info-algerie.com\/actualites\/#\/schema\/logo\/image\/","url":"https:\/\/www.info-algerie.com\/actualites\/wp-content\/uploads\/2022\/07\/logo-ia-120.png","contentUrl":"https:\/\/www.info-algerie.com\/actualites\/wp-content\/uploads\/2022\/07\/logo-ia-120.png","width":120,"height":43,"caption":"info algerie"},"image":{"@id":"https:\/\/www.info-algerie.com\/actualites\/#\/schema\/logo\/image\/"},"sameAs":["https:\/\/www.facebook.com\/infoalgerieactu","https:\/\/x.com\/infoalgerie1"]},{"@type":"Person","@id":"https:\/\/www.info-algerie.com\/actualites\/#\/schema\/person\/847aaec44920825b843a08f30ec6aa1e","name":"La r\u00e9daction","image":{"@type":"ImageObject","inLanguage":"fr-FR","@id":"https:\/\/secure.gravatar.com\/avatar\/769db425c6f465158149f1ffd6cf61ce7a8a879d11dfbef8288af36dfddd418c?s=96&d=mm&r=g","url":"https:\/\/secure.gravatar.com\/avatar\/769db425c6f465158149f1ffd6cf61ce7a8a879d11dfbef8288af36dfddd418c?s=96&d=mm&r=g","contentUrl":"https:\/\/secure.gravatar.com\/avatar\/769db425c6f465158149f1ffd6cf61ce7a8a879d11dfbef8288af36dfddd418c?s=96&d=mm&r=g","caption":"La r\u00e9daction"},"sameAs":["http:\/\/www.lkeria.com\/"],"url":"https:\/\/www.info-algerie.com\/actualites\/author\/chakib32\/"}]}},"_links":{"self":[{"href":"https:\/\/www.info-algerie.com\/actualites\/wp-json\/wp\/v2\/posts\/17251","targetHints":{"allow":["GET"]}}],"collection":[{"href":"https:\/\/www.info-algerie.com\/actualites\/wp-json\/wp\/v2\/posts"}],"about":[{"href":"https:\/\/www.info-algerie.com\/actualites\/wp-json\/wp\/v2\/types\/post"}],"author":[{"embeddable":true,"href":"https:\/\/www.info-algerie.com\/actualites\/wp-json\/wp\/v2\/users\/6"}],"replies":[{"embeddable":true,"href":"https:\/\/www.info-algerie.com\/actualites\/wp-json\/wp\/v2\/comments?post=17251"}],"version-history":[{"count":0,"href":"https:\/\/www.info-algerie.com\/actualites\/wp-json\/wp\/v2\/posts\/17251\/revisions"}],"wp:featuredmedia":[{"embeddable":true,"href":"https:\/\/www.info-algerie.com\/actualites\/wp-json\/wp\/v2\/media\/17252"}],"wp:attachment":[{"href":"https:\/\/www.info-algerie.com\/actualites\/wp-json\/wp\/v2\/media?parent=17251"}],"wp:term":[{"taxonomy":"category","embeddable":true,"href":"https:\/\/www.info-algerie.com\/actualites\/wp-json\/wp\/v2\/categories?post=17251"},{"taxonomy":"post_tag","embeddable":true,"href":"https:\/\/www.info-algerie.com\/actualites\/wp-json\/wp\/v2\/tags?post=17251"}],"curies":[{"name":"wp","href":"https:\/\/api.w.org\/{rel}","templated":true}]}}