{"id":17254,"date":"2017-10-25T14:47:51","date_gmt":"2017-10-25T13:47:51","guid":{"rendered":"http:\/\/www.info-algerie.com\/actualites\/messahel-pour-une-definition-commune-du-terrorisme\/"},"modified":"2017-10-25T14:47:51","modified_gmt":"2017-10-25T13:47:51","slug":"messahel-pour-une-definition-commune-du-terrorisme","status":"publish","type":"post","link":"https:\/\/www.info-algerie.com\/actualites\/messahel-pour-une-definition-commune-du-terrorisme\/","title":{"rendered":"Messahel pour une d\u00e9finition &quot;commune&quot; du terrorisme"},"content":{"rendered":"<div class=\"K2FeedImage\"><img decoding=\"async\" src=\"https:\/\/www.info-algerie.com\/actualites\/wp-content\/uploads\/2017\/10\/ba49c2ccd23efec2a034a60a65b6f0a0_S.jpg\" \/><\/div>\n<div class=\"K2FeedIntroText\">\n<p><strong>ALGER &#8211; Le ministre des Affaires \u00e9trang\u00e8res, Abdelkader Messahel, a soulign\u00e9, mercredi \u00e0 Alger la \u00ab\u00a0n\u00e9cessit\u00e9\u00a0\u00bb de parvenir \u00e0 \u00ab\u00a0une d\u00e9finition commune\u00a0\u00bb du terrorisme, plaidant pour \u00ab\u00a0un renforcement\u00a0\u00bb des instruments nationaux, r\u00e9gionaux et internationaux de lutte contre le terrorisme et le crime organis\u00e9 transnational.<\/strong><\/p>\n<p>&#013;\n<\/p><\/div>\n<div class=\"K2FeedFullText\">&#013;<\/p>\n<p>\u00ab\u00a0Il y a aussi une n\u00e9cessit\u00e9 de parvenir \u00e0 une d\u00e9finition commune du <strong><a href=\"http:\/\/www.aps.dz\/algerie\/64406-terrorisme-un-responsable-americain-appelle-a-beneficier-de-l-experience-algerienne\">terrorisme<\/a><\/strong>, comme c&rsquo;est le cas avec le crime organis\u00e9 transnational\u00a0\u00bb, a d\u00e9clar\u00e9 M. Messahel \u00e0 l&rsquo;ouverture des travaux de la <strong><a href=\"http:\/\/www.aps.dz\/algerie\/64449-gctf-reunion-regionale-sur-les-liens-entre-le-crime-organise-transnational-et-le-terrorisme\">premi\u00e8re r\u00e9union r\u00e9gionale du Forum mondial de lutte contre le terrorisme (GCTF) sur les liens entre le terrorisme et le crime organis\u00e9 transnational<\/a><\/strong>, co-organis\u00e9e par <strong><a href=\"http:\/\/www.aps.dz\/algerie\/64445-l-algerie-a-joue-un-role-important-dans-l-instauration-de-la-paix-et-de-la-securite-en-afrique-et-au-moyen-orient\">l\u2019Alg\u00e9rie<\/a><\/strong> et les Pays-Bas.<\/p>\n<p>&#013;<\/p>\n<blockquote><p>&#013;<\/p>\n<p><span style=\"font-size: 12.16px\"><strong><em>\u00ab\u00a0Pour un renforcement des instruments nationaux, r\u00e9gionaux et internationaux de lutte contre ces fl\u00e9aux\u00a0\u00bb (Messahel)<\/em><\/strong><\/span><\/p>\n<p>&#013;\n<\/p><\/blockquote>\n<p>&#013;<\/p>\n<p>Il a plaid\u00e9, \u00e0 l&rsquo;occasion, pour \u00ab\u00a0un renforcement des instruments nationaux, r\u00e9gionaux et internationaux de lutte contre ces fl\u00e9aux\u00a0\u00bb, soulignant que \u00ab\u00a0de solides arsenaux juridiques existent pour traiter chacun de ces deux fl\u00e9aux, mais l&rsquo;effort reste \u00e0 faire pour y couvrir la relation entre eux\u00a0\u00bb.<\/p>\n<p>&#013;<\/p>\n<hr \/>\n<h3>Lire aussi:\u00a0<a href=\"http:\/\/www.aps.dz\/algerie\/64456-la-lutte-contre-le-terrorisme-et-le-crime-organise-transnational-necessite-la-promotion-de-programmes-de-cooperation\" target=\"_blank\" rel=\"noopener noreferrer\">La lutte contre le terrorisme et le crime organis\u00e9 transnational \u00ab\u00a0n\u00e9cessite\u00a0\u00bb la promotion de programmes de coop\u00e9ration<\/a><\/h3>\n<p>&#013;<\/p>\n<hr \/>\n<p>M. Messahel a mis \u00e9galement en \u00e9vidence la n\u00e9cessit\u00e9 \u00ab\u00a0d&rsquo;organiser l&rsquo;\u00e9change d&rsquo;informations et de donn\u00e9es, de renforcer la coop\u00e9ration judiciaire r\u00e9gionale et internationale, de renforcer aussi les institutions internationales de lutte contre le crime organis\u00e9 transnational telles que la Commission pour la pr\u00e9vention du crime et la justice p\u00e9nale ou la Convention arabe de lutte contre le commerce illicite des drogues, et r\u00e9fl\u00e9chir aussi \u00e0 la cr\u00e9ation de cordons sanitaires autour des zones de production de drogues, de psychotropes&#8230;\u00a0\u00bb.<\/p>\n<p>&#013;<\/p>\n<p>Relevant la \u00ab\u00a0complexit\u00e9\u00a0\u00bb de la relation entre les deux fl\u00e9aux et ses cons\u00e9quences sur la s\u00e9curit\u00e9 et la stabilit\u00e9 r\u00e9gionale et internationale, M. Messahel a not\u00e9 que \u00ab\u00a0la th\u00e9matique n&rsquo;est pas nouvelle\u00a0\u00bb, dans la mesure o\u00f9 \u00ab\u00a0elle pr\u00e9occupe les Etats, l&rsquo;ONU et les Organisations r\u00e9gionales, dont l&rsquo;Union africaine (UA), depuis de tr\u00e8s longues ann\u00e9es maintenant.\u00a0\u00bb<\/p>\n<p>&#013;<\/p>\n<p>Il a rappel\u00e9, dans ce sens, que \u00ab\u00a0la r\u00e9solution 1373 du Conseil de s\u00e9curit\u00e9 avait d&rsquo;ailleurs \u00e9tabli, en 2001 d\u00e9j\u00e0, un lien entre le terrorisme et le crime organis\u00e9 transnational\u00a0\u00bb.<\/p>\n<p>&#013;<\/p>\n<hr \/>\n<h3><span style=\"font-size: 12.16px\">Lire aussi:\u00a0<\/span><a href=\"http:\/\/www.aps.dz\/algerie\/64343-lutte-anti-terrorisme-l-algerie-maintient-un-haut-niveau-de-vigilance-sur-son-territoire-et-aux-frontieres\" target=\"_blank\" rel=\"noopener noreferrer\">Terrorisme: l&rsquo;Alg\u00e9rie maintient un haut niveau de vigilance<\/a><\/h3>\n<p>&#013;<\/p>\n<hr \/>\n<blockquote><p>&#013;<\/p>\n<p><span style=\"font-size: 12.16px\"><strong><em>\u00ab\u00a0La r\u00e9gion \u00e0 laquelle appartient l&rsquo;Alg\u00e9rie connait, \u00e0 la fois, le terrorisme et le crime organis\u00e9 transnational\u00a0\u00bb (Messahel)<\/em><\/strong><\/span><\/p>\n<p>&#013;\n<\/p><\/blockquote>\n<p>&#013;<\/p>\n<p>M. Messahel a affirm\u00e9 que \u00ab\u00a0la r\u00e9gion \u00e0 laquelle appartient l&rsquo;Alg\u00e9rie connait, \u00e0 la fois, le terrorisme et le crime organis\u00e9 transnational\u00a0\u00bb, relevant que la bande sah\u00e9lo-saharienne, en particulier, \u00ab\u00a0est aujourd&rsquo;hui une zone meurtrie et menac\u00e9e par le d\u00e9veloppement de ces deux fl\u00e9aux, par la densification de leurs canaux de collaboration, par la solidit\u00e9 des\u00a0 interconnexions de leurs int\u00e9r\u00eats et par la mutualisation progressive de leurs moyens pour la conduite et la protection de leurs activit\u00e9s criminelles respectives\u00a0\u00bb.<\/p>\n<p>&#013;<\/p>\n<p>Soulignant que \u00ab\u00a0le terrorisme y reste actif et \u00e9largit ses champs d&rsquo;action \u00e0 un nombre croissant de pays de l&rsquo;Afrique de l&rsquo;Ouest\u00a0\u00bb, il a indiqu\u00e9 que \u00ab\u00a0la f\u00e9d\u00e9ration de certains de ces groupes terroristes augure de projections port\u00e9es par la maitrise de moyens financiers accrus\u00a0\u00bb.<\/p>\n<p>&#013;<\/p>\n<p>M. Messahel a soutenu que \u00ab\u00a0le crime organis\u00e9 transnational dans cette m\u00eame r\u00e9gion couvre une large palette de trafics, incluant la prise d&rsquo;otages contre paiement de ran\u00e7ons, le trafic de coca\u00efne, d&rsquo;h\u00e9ro\u00efne, de psychotropes et surtout de haschich, le trafic d&rsquo;armes en tous genres, la traite des \u00eatres humains, l&rsquo;exploitation de la migration ill\u00e9gale, le\u00a0 blanchiment d&rsquo;argent, l&rsquo;orpaillage ill\u00e9gal, le trafic de cigarettes et de contrebande de toutes sortes, le trafic de biens culturels, le vol de b\u00e9tail et bien d&rsquo;autres trafics encore\u00a0\u00bb.<\/p>\n<p>&#013;<\/p>\n<p>Il a estim\u00e9, dans ce sens, que \u00ab\u00a0ces activit\u00e9s ill\u00e9gales drainent des sommes consid\u00e9rables dans une r\u00e9gion pauvre o\u00f9 les Etats manquent dramatiquement des capacit\u00e9s et des ressources requises pour les combattre et pour prot\u00e9ger leurs populations respectives des dangers que celles- ci font peser sur leur s\u00e9curit\u00e9, leur stabilit\u00e9 et leurs aspirations l\u00e9gitimes au d\u00e9veloppement et au bien-\u00eatre\u00a0\u00bb.<\/p>\n<p>&#013;<\/p>\n<p>Pour M. Messahel, \u00ab\u00a0il y a donc un fort besoin de mieux connaitre et de mieux comprendre l&rsquo;\u00e9volution de la relation et des mutations qui naissent et qui se d\u00e9veloppent entre ces deux menaces dans toute la r\u00e9gion\u00a0\u00bb, ajoutant que ce besoin \u00ab\u00a0est d&rsquo;autant plus pressant que ces deux fl\u00e9aux sont de port\u00e9e globale et s&rsquo;alimentent de ramifications internationales\u00a0\u00bb.<\/p>\n<p>&#013;<\/p>\n<p>Parmi les pistes \u00e0 explorer, a-t-il not\u00e9, \u00ab\u00a0il y a, \u00e0 titre d&rsquo;exemple, la relation entre la d\u00e9linquance ordinaire, sa radicalisation et le terrorisme, le lien entre le financement du terrorisme et du crime organis\u00e9 transnational, la sp\u00e9cificit\u00e9 de leurs sources et modes de financement, le ph\u00e9nom\u00e8ne de l&rsquo;appropriation des services criminels par les groupes terroristes, le concept de \u00ab\u00a0ghanimah\u00a0\u00bb dans la relation entre les deux types de criminalit\u00e9s, la fusion des r\u00e9seaux sociaux des deux groupes pour la propagande et surtout le recrutement&#8230;.\u00a0\u00bb.<\/p>\n<p>&#013;<\/p>\n<p>Cette rencontre r\u00e9gionale r\u00e9unit de hauts fonctionnaires et des experts dans les domaines de la lutte contre le crime organis\u00e9 transnational, de la pr\u00e9vention et la lutte contre le terrorisme, de la s\u00e9curit\u00e9 des fronti\u00e8res et de la lutte contre le financement du terrorisme, des pays membres du Forum <strong><a href=\"http:\/\/www.aps.dz\/monde\/64362-gctf-activation-du-mecanisme-du-groupe-de-travail-en-charge-de-la-construction-des-capacites-en-afrique-de-l-ouest\">GCTF<\/a><\/strong>, des pays de la r\u00e9gion d\u2019Afrique de l\u2019Ouest ainsi que des organisations internationales et r\u00e9gionales, dont l\u2019ONU et l\u2019Union Africaine.\u00a0Elle vise \u00ab\u00a0l\u2019\u00e9laboration d\u2019un m\u00e9morandum de bonnes pratiques, qui sera soumis pour approbation \u00e0 l\u2019occasion de la prochaine r\u00e9union minist\u00e9rielle du GCTF, pr\u00e9vue en septembre 2018\u00a0\u00bb,<\/p>\n<p>&#013;<\/p>\n<p class=\"MsoNormal\">\u00a0<\/p>\n<\/div>\n<p>&#013;<br \/>\nSource: <a href=\"http:\/\/www.aps.dz\/algerie\/64458-messahel-pour-une-definition-commune-du-terrorisme\" target=\"_blank\">Messahel pour une d\u00e9finition \u00ab\u00a0commune\u00a0\u00bb du terrorisme<\/a><\/p>\n<!--CusAds0-->\n<div style=\"font-size: 0px; height: 0px; line-height: 0px; margin: 0; padding: 0; clear: both;\"><\/div>","protected":false},"excerpt":{"rendered":"<p>ALGER &#8211; Le ministre des Affaires \u00e9trang\u00e8res, Abdelkader Messahel, a soulign\u00e9, mercredi \u00e0 Alger la \u00ab\u00a0n\u00e9cessit\u00e9\u00a0\u00bb de parvenir \u00e0 \u00ab\u00a0une d\u00e9finition commune\u00a0\u00bb du terrorisme, plaidant pour \u00ab\u00a0un renforcement\u00a0\u00bb des instruments nationaux, r\u00e9gionaux et internationaux de lutte contre le terrorisme et le crime organis\u00e9 transnational. &#013; &#013; \u00ab\u00a0Il y a aussi une n\u00e9cessit\u00e9 de parvenir \u00e0<\/p>\n","protected":false},"author":6,"featured_media":17255,"comment_status":"open","ping_status":"open","sticky":false,"template":"","format":"standard","meta":{"footnotes":""},"categories":[22],"tags":[93],"class_list":["post-17254","post","type-post","status-publish","format-standard","has-post-thumbnail","hentry","category-infos","tag-onu"],"yoast_head":"<!-- This site is optimized with the Yoast SEO plugin v27.5 - https:\/\/yoast.com\/product\/yoast-seo-wordpress\/ -->\n<title>Messahel pour une d\u00e9finition &quot;commune&quot; du terrorisme - info algerie<\/title>\n<meta name=\"robots\" content=\"index, follow, max-snippet:-1, max-image-preview:large, max-video-preview:-1\" \/>\n<link rel=\"canonical\" href=\"https:\/\/www.info-algerie.com\/actualites\/messahel-pour-une-definition-commune-du-terrorisme\/\" \/>\n<meta property=\"og:locale\" content=\"fr_FR\" \/>\n<meta property=\"og:type\" content=\"article\" \/>\n<meta property=\"og:title\" content=\"Messahel pour une d\u00e9finition &quot;commune&quot; du terrorisme - info algerie\" \/>\n<meta property=\"og:description\" content=\"ALGER &#8211; Le ministre des Affaires \u00e9trang\u00e8res, Abdelkader Messahel, a soulign\u00e9, mercredi \u00e0 Alger la \u00ab\u00a0n\u00e9cessit\u00e9\u00a0\u00bb de parvenir \u00e0 \u00ab\u00a0une d\u00e9finition commune\u00a0\u00bb du terrorisme, plaidant pour \u00ab\u00a0un renforcement\u00a0\u00bb des instruments nationaux, r\u00e9gionaux et internationaux de lutte contre le terrorisme et le crime organis\u00e9 transnational. &#013; &#013; \u00ab\u00a0Il y a aussi une n\u00e9cessit\u00e9 de parvenir \u00e0\" \/>\n<meta property=\"og:url\" content=\"https:\/\/www.info-algerie.com\/actualites\/messahel-pour-une-definition-commune-du-terrorisme\/\" \/>\n<meta property=\"og:site_name\" content=\"info algerie\" \/>\n<meta property=\"article:publisher\" content=\"https:\/\/www.facebook.com\/infoalgerieactu\" \/>\n<meta property=\"article:published_time\" content=\"2017-10-25T13:47:51+00:00\" \/>\n<meta property=\"og:image\" content=\"https:\/\/www.info-algerie.com\/actualites\/wp-content\/uploads\/2017\/10\/ba49c2ccd23efec2a034a60a65b6f0a0_S-1.jpg\" \/>\n\t<meta property=\"og:image:width\" content=\"280\" \/>\n\t<meta property=\"og:image:height\" content=\"169\" \/>\n\t<meta property=\"og:image:type\" content=\"image\/jpeg\" \/>\n<meta name=\"author\" content=\"La r\u00e9daction\" \/>\n<meta name=\"twitter:label1\" content=\"\u00c9crit par\" \/>\n\t<meta name=\"twitter:data1\" content=\"La r\u00e9daction\" \/>\n\t<meta name=\"twitter:label2\" content=\"Dur\u00e9e de lecture estim\u00e9e\" \/>\n\t<meta name=\"twitter:data2\" content=\"5 minutes\" \/>\n<script type=\"application\/ld+json\" class=\"yoast-schema-graph\">{\"@context\":\"https:\\\/\\\/schema.org\",\"@graph\":[{\"@type\":\"Article\",\"@id\":\"https:\\\/\\\/www.info-algerie.com\\\/actualites\\\/messahel-pour-une-definition-commune-du-terrorisme\\\/#article\",\"isPartOf\":{\"@id\":\"https:\\\/\\\/www.info-algerie.com\\\/actualites\\\/messahel-pour-une-definition-commune-du-terrorisme\\\/\"},\"author\":{\"name\":\"La r\u00e9daction\",\"@id\":\"https:\\\/\\\/www.info-algerie.com\\\/actualites\\\/#\\\/schema\\\/person\\\/847aaec44920825b843a08f30ec6aa1e\"},\"headline\":\"Messahel pour une d\u00e9finition &quot;commune&quot; du terrorisme\",\"datePublished\":\"2017-10-25T13:47:51+00:00\",\"mainEntityOfPage\":{\"@id\":\"https:\\\/\\\/www.info-algerie.com\\\/actualites\\\/messahel-pour-une-definition-commune-du-terrorisme\\\/\"},\"wordCount\":1015,\"commentCount\":0,\"publisher\":{\"@id\":\"https:\\\/\\\/www.info-algerie.com\\\/actualites\\\/#organization\"},\"image\":{\"@id\":\"https:\\\/\\\/www.info-algerie.com\\\/actualites\\\/messahel-pour-une-definition-commune-du-terrorisme\\\/#primaryimage\"},\"thumbnailUrl\":\"https:\\\/\\\/www.info-algerie.com\\\/actualites\\\/wp-content\\\/uploads\\\/2017\\\/10\\\/ba49c2ccd23efec2a034a60a65b6f0a0_S-1.jpg\",\"keywords\":[\"ONU\"],\"articleSection\":[\"infos\"],\"inLanguage\":\"fr-FR\",\"potentialAction\":[{\"@type\":\"CommentAction\",\"name\":\"Comment\",\"target\":[\"https:\\\/\\\/www.info-algerie.com\\\/actualites\\\/messahel-pour-une-definition-commune-du-terrorisme\\\/#respond\"]}]},{\"@type\":\"WebPage\",\"@id\":\"https:\\\/\\\/www.info-algerie.com\\\/actualites\\\/messahel-pour-une-definition-commune-du-terrorisme\\\/\",\"url\":\"https:\\\/\\\/www.info-algerie.com\\\/actualites\\\/messahel-pour-une-definition-commune-du-terrorisme\\\/\",\"name\":\"Messahel pour une d\u00e9finition &quot;commune&quot; du terrorisme - info algerie\",\"isPartOf\":{\"@id\":\"https:\\\/\\\/www.info-algerie.com\\\/actualites\\\/#website\"},\"primaryImageOfPage\":{\"@id\":\"https:\\\/\\\/www.info-algerie.com\\\/actualites\\\/messahel-pour-une-definition-commune-du-terrorisme\\\/#primaryimage\"},\"image\":{\"@id\":\"https:\\\/\\\/www.info-algerie.com\\\/actualites\\\/messahel-pour-une-definition-commune-du-terrorisme\\\/#primaryimage\"},\"thumbnailUrl\":\"https:\\\/\\\/www.info-algerie.com\\\/actualites\\\/wp-content\\\/uploads\\\/2017\\\/10\\\/ba49c2ccd23efec2a034a60a65b6f0a0_S-1.jpg\",\"datePublished\":\"2017-10-25T13:47:51+00:00\",\"breadcrumb\":{\"@id\":\"https:\\\/\\\/www.info-algerie.com\\\/actualites\\\/messahel-pour-une-definition-commune-du-terrorisme\\\/#breadcrumb\"},\"inLanguage\":\"fr-FR\",\"potentialAction\":[{\"@type\":\"ReadAction\",\"target\":[\"https:\\\/\\\/www.info-algerie.com\\\/actualites\\\/messahel-pour-une-definition-commune-du-terrorisme\\\/\"]}]},{\"@type\":\"ImageObject\",\"inLanguage\":\"fr-FR\",\"@id\":\"https:\\\/\\\/www.info-algerie.com\\\/actualites\\\/messahel-pour-une-definition-commune-du-terrorisme\\\/#primaryimage\",\"url\":\"https:\\\/\\\/www.info-algerie.com\\\/actualites\\\/wp-content\\\/uploads\\\/2017\\\/10\\\/ba49c2ccd23efec2a034a60a65b6f0a0_S-1.jpg\",\"contentUrl\":\"https:\\\/\\\/www.info-algerie.com\\\/actualites\\\/wp-content\\\/uploads\\\/2017\\\/10\\\/ba49c2ccd23efec2a034a60a65b6f0a0_S-1.jpg\",\"width\":280,\"height\":169},{\"@type\":\"BreadcrumbList\",\"@id\":\"https:\\\/\\\/www.info-algerie.com\\\/actualites\\\/messahel-pour-une-definition-commune-du-terrorisme\\\/#breadcrumb\",\"itemListElement\":[{\"@type\":\"ListItem\",\"position\":1,\"name\":\"Accueil\",\"item\":\"https:\\\/\\\/www.info-algerie.com\\\/actualites\\\/\"},{\"@type\":\"ListItem\",\"position\":2,\"name\":\"Messahel pour une d\u00e9finition &quot;commune&quot; du terrorisme\"}]},{\"@type\":\"WebSite\",\"@id\":\"https:\\\/\\\/www.info-algerie.com\\\/actualites\\\/#website\",\"url\":\"https:\\\/\\\/www.info-algerie.com\\\/actualites\\\/\",\"name\":\"info algerie\",\"description\":\"Toutes les actualit\u00e9s\",\"publisher\":{\"@id\":\"https:\\\/\\\/www.info-algerie.com\\\/actualites\\\/#organization\"},\"potentialAction\":[{\"@type\":\"SearchAction\",\"target\":{\"@type\":\"EntryPoint\",\"urlTemplate\":\"https:\\\/\\\/www.info-algerie.com\\\/actualites\\\/?s={search_term_string}\"},\"query-input\":{\"@type\":\"PropertyValueSpecification\",\"valueRequired\":true,\"valueName\":\"search_term_string\"}}],\"inLanguage\":\"fr-FR\"},{\"@type\":\"Organization\",\"@id\":\"https:\\\/\\\/www.info-algerie.com\\\/actualites\\\/#organization\",\"name\":\"info algerie\",\"url\":\"https:\\\/\\\/www.info-algerie.com\\\/actualites\\\/\",\"logo\":{\"@type\":\"ImageObject\",\"inLanguage\":\"fr-FR\",\"@id\":\"https:\\\/\\\/www.info-algerie.com\\\/actualites\\\/#\\\/schema\\\/logo\\\/image\\\/\",\"url\":\"https:\\\/\\\/www.info-algerie.com\\\/actualites\\\/wp-content\\\/uploads\\\/2022\\\/07\\\/logo-ia-120.png\",\"contentUrl\":\"https:\\\/\\\/www.info-algerie.com\\\/actualites\\\/wp-content\\\/uploads\\\/2022\\\/07\\\/logo-ia-120.png\",\"width\":120,\"height\":43,\"caption\":\"info algerie\"},\"image\":{\"@id\":\"https:\\\/\\\/www.info-algerie.com\\\/actualites\\\/#\\\/schema\\\/logo\\\/image\\\/\"},\"sameAs\":[\"https:\\\/\\\/www.facebook.com\\\/infoalgerieactu\",\"https:\\\/\\\/x.com\\\/infoalgerie1\"]},{\"@type\":\"Person\",\"@id\":\"https:\\\/\\\/www.info-algerie.com\\\/actualites\\\/#\\\/schema\\\/person\\\/847aaec44920825b843a08f30ec6aa1e\",\"name\":\"La r\u00e9daction\",\"image\":{\"@type\":\"ImageObject\",\"inLanguage\":\"fr-FR\",\"@id\":\"https:\\\/\\\/secure.gravatar.com\\\/avatar\\\/769db425c6f465158149f1ffd6cf61ce7a8a879d11dfbef8288af36dfddd418c?s=96&d=mm&r=g\",\"url\":\"https:\\\/\\\/secure.gravatar.com\\\/avatar\\\/769db425c6f465158149f1ffd6cf61ce7a8a879d11dfbef8288af36dfddd418c?s=96&d=mm&r=g\",\"contentUrl\":\"https:\\\/\\\/secure.gravatar.com\\\/avatar\\\/769db425c6f465158149f1ffd6cf61ce7a8a879d11dfbef8288af36dfddd418c?s=96&d=mm&r=g\",\"caption\":\"La r\u00e9daction\"},\"sameAs\":[\"http:\\\/\\\/www.lkeria.com\\\/\"],\"url\":\"https:\\\/\\\/www.info-algerie.com\\\/actualites\\\/author\\\/chakib32\\\/\"}]}<\/script>\n<!-- \/ Yoast SEO plugin. -->","yoast_head_json":{"title":"Messahel pour une d\u00e9finition &quot;commune&quot; du terrorisme - info algerie","robots":{"index":"index","follow":"follow","max-snippet":"max-snippet:-1","max-image-preview":"max-image-preview:large","max-video-preview":"max-video-preview:-1"},"canonical":"https:\/\/www.info-algerie.com\/actualites\/messahel-pour-une-definition-commune-du-terrorisme\/","og_locale":"fr_FR","og_type":"article","og_title":"Messahel pour une d\u00e9finition &quot;commune&quot; du terrorisme - info algerie","og_description":"ALGER &#8211; Le ministre des Affaires \u00e9trang\u00e8res, Abdelkader Messahel, a soulign\u00e9, mercredi \u00e0 Alger la \u00ab\u00a0n\u00e9cessit\u00e9\u00a0\u00bb de parvenir \u00e0 \u00ab\u00a0une d\u00e9finition commune\u00a0\u00bb du terrorisme, plaidant pour \u00ab\u00a0un renforcement\u00a0\u00bb des instruments nationaux, r\u00e9gionaux et internationaux de lutte contre le terrorisme et le crime organis\u00e9 transnational. &#013; &#013; \u00ab\u00a0Il y a aussi une n\u00e9cessit\u00e9 de parvenir \u00e0","og_url":"https:\/\/www.info-algerie.com\/actualites\/messahel-pour-une-definition-commune-du-terrorisme\/","og_site_name":"info algerie","article_publisher":"https:\/\/www.facebook.com\/infoalgerieactu","article_published_time":"2017-10-25T13:47:51+00:00","og_image":[{"width":280,"height":169,"url":"https:\/\/www.info-algerie.com\/actualites\/wp-content\/uploads\/2017\/10\/ba49c2ccd23efec2a034a60a65b6f0a0_S-1.jpg","type":"image\/jpeg"}],"author":"La r\u00e9daction","twitter_misc":{"\u00c9crit par":"La r\u00e9daction","Dur\u00e9e de lecture estim\u00e9e":"5 minutes"},"schema":{"@context":"https:\/\/schema.org","@graph":[{"@type":"Article","@id":"https:\/\/www.info-algerie.com\/actualites\/messahel-pour-une-definition-commune-du-terrorisme\/#article","isPartOf":{"@id":"https:\/\/www.info-algerie.com\/actualites\/messahel-pour-une-definition-commune-du-terrorisme\/"},"author":{"name":"La r\u00e9daction","@id":"https:\/\/www.info-algerie.com\/actualites\/#\/schema\/person\/847aaec44920825b843a08f30ec6aa1e"},"headline":"Messahel pour une d\u00e9finition &quot;commune&quot; du terrorisme","datePublished":"2017-10-25T13:47:51+00:00","mainEntityOfPage":{"@id":"https:\/\/www.info-algerie.com\/actualites\/messahel-pour-une-definition-commune-du-terrorisme\/"},"wordCount":1015,"commentCount":0,"publisher":{"@id":"https:\/\/www.info-algerie.com\/actualites\/#organization"},"image":{"@id":"https:\/\/www.info-algerie.com\/actualites\/messahel-pour-une-definition-commune-du-terrorisme\/#primaryimage"},"thumbnailUrl":"https:\/\/www.info-algerie.com\/actualites\/wp-content\/uploads\/2017\/10\/ba49c2ccd23efec2a034a60a65b6f0a0_S-1.jpg","keywords":["ONU"],"articleSection":["infos"],"inLanguage":"fr-FR","potentialAction":[{"@type":"CommentAction","name":"Comment","target":["https:\/\/www.info-algerie.com\/actualites\/messahel-pour-une-definition-commune-du-terrorisme\/#respond"]}]},{"@type":"WebPage","@id":"https:\/\/www.info-algerie.com\/actualites\/messahel-pour-une-definition-commune-du-terrorisme\/","url":"https:\/\/www.info-algerie.com\/actualites\/messahel-pour-une-definition-commune-du-terrorisme\/","name":"Messahel pour une d\u00e9finition &quot;commune&quot; du terrorisme - info algerie","isPartOf":{"@id":"https:\/\/www.info-algerie.com\/actualites\/#website"},"primaryImageOfPage":{"@id":"https:\/\/www.info-algerie.com\/actualites\/messahel-pour-une-definition-commune-du-terrorisme\/#primaryimage"},"image":{"@id":"https:\/\/www.info-algerie.com\/actualites\/messahel-pour-une-definition-commune-du-terrorisme\/#primaryimage"},"thumbnailUrl":"https:\/\/www.info-algerie.com\/actualites\/wp-content\/uploads\/2017\/10\/ba49c2ccd23efec2a034a60a65b6f0a0_S-1.jpg","datePublished":"2017-10-25T13:47:51+00:00","breadcrumb":{"@id":"https:\/\/www.info-algerie.com\/actualites\/messahel-pour-une-definition-commune-du-terrorisme\/#breadcrumb"},"inLanguage":"fr-FR","potentialAction":[{"@type":"ReadAction","target":["https:\/\/www.info-algerie.com\/actualites\/messahel-pour-une-definition-commune-du-terrorisme\/"]}]},{"@type":"ImageObject","inLanguage":"fr-FR","@id":"https:\/\/www.info-algerie.com\/actualites\/messahel-pour-une-definition-commune-du-terrorisme\/#primaryimage","url":"https:\/\/www.info-algerie.com\/actualites\/wp-content\/uploads\/2017\/10\/ba49c2ccd23efec2a034a60a65b6f0a0_S-1.jpg","contentUrl":"https:\/\/www.info-algerie.com\/actualites\/wp-content\/uploads\/2017\/10\/ba49c2ccd23efec2a034a60a65b6f0a0_S-1.jpg","width":280,"height":169},{"@type":"BreadcrumbList","@id":"https:\/\/www.info-algerie.com\/actualites\/messahel-pour-une-definition-commune-du-terrorisme\/#breadcrumb","itemListElement":[{"@type":"ListItem","position":1,"name":"Accueil","item":"https:\/\/www.info-algerie.com\/actualites\/"},{"@type":"ListItem","position":2,"name":"Messahel pour une d\u00e9finition &quot;commune&quot; du terrorisme"}]},{"@type":"WebSite","@id":"https:\/\/www.info-algerie.com\/actualites\/#website","url":"https:\/\/www.info-algerie.com\/actualites\/","name":"info algerie","description":"Toutes les actualit\u00e9s","publisher":{"@id":"https:\/\/www.info-algerie.com\/actualites\/#organization"},"potentialAction":[{"@type":"SearchAction","target":{"@type":"EntryPoint","urlTemplate":"https:\/\/www.info-algerie.com\/actualites\/?s={search_term_string}"},"query-input":{"@type":"PropertyValueSpecification","valueRequired":true,"valueName":"search_term_string"}}],"inLanguage":"fr-FR"},{"@type":"Organization","@id":"https:\/\/www.info-algerie.com\/actualites\/#organization","name":"info algerie","url":"https:\/\/www.info-algerie.com\/actualites\/","logo":{"@type":"ImageObject","inLanguage":"fr-FR","@id":"https:\/\/www.info-algerie.com\/actualites\/#\/schema\/logo\/image\/","url":"https:\/\/www.info-algerie.com\/actualites\/wp-content\/uploads\/2022\/07\/logo-ia-120.png","contentUrl":"https:\/\/www.info-algerie.com\/actualites\/wp-content\/uploads\/2022\/07\/logo-ia-120.png","width":120,"height":43,"caption":"info algerie"},"image":{"@id":"https:\/\/www.info-algerie.com\/actualites\/#\/schema\/logo\/image\/"},"sameAs":["https:\/\/www.facebook.com\/infoalgerieactu","https:\/\/x.com\/infoalgerie1"]},{"@type":"Person","@id":"https:\/\/www.info-algerie.com\/actualites\/#\/schema\/person\/847aaec44920825b843a08f30ec6aa1e","name":"La r\u00e9daction","image":{"@type":"ImageObject","inLanguage":"fr-FR","@id":"https:\/\/secure.gravatar.com\/avatar\/769db425c6f465158149f1ffd6cf61ce7a8a879d11dfbef8288af36dfddd418c?s=96&d=mm&r=g","url":"https:\/\/secure.gravatar.com\/avatar\/769db425c6f465158149f1ffd6cf61ce7a8a879d11dfbef8288af36dfddd418c?s=96&d=mm&r=g","contentUrl":"https:\/\/secure.gravatar.com\/avatar\/769db425c6f465158149f1ffd6cf61ce7a8a879d11dfbef8288af36dfddd418c?s=96&d=mm&r=g","caption":"La r\u00e9daction"},"sameAs":["http:\/\/www.lkeria.com\/"],"url":"https:\/\/www.info-algerie.com\/actualites\/author\/chakib32\/"}]}},"_links":{"self":[{"href":"https:\/\/www.info-algerie.com\/actualites\/wp-json\/wp\/v2\/posts\/17254","targetHints":{"allow":["GET"]}}],"collection":[{"href":"https:\/\/www.info-algerie.com\/actualites\/wp-json\/wp\/v2\/posts"}],"about":[{"href":"https:\/\/www.info-algerie.com\/actualites\/wp-json\/wp\/v2\/types\/post"}],"author":[{"embeddable":true,"href":"https:\/\/www.info-algerie.com\/actualites\/wp-json\/wp\/v2\/users\/6"}],"replies":[{"embeddable":true,"href":"https:\/\/www.info-algerie.com\/actualites\/wp-json\/wp\/v2\/comments?post=17254"}],"version-history":[{"count":0,"href":"https:\/\/www.info-algerie.com\/actualites\/wp-json\/wp\/v2\/posts\/17254\/revisions"}],"wp:featuredmedia":[{"embeddable":true,"href":"https:\/\/www.info-algerie.com\/actualites\/wp-json\/wp\/v2\/media\/17255"}],"wp:attachment":[{"href":"https:\/\/www.info-algerie.com\/actualites\/wp-json\/wp\/v2\/media?parent=17254"}],"wp:term":[{"taxonomy":"category","embeddable":true,"href":"https:\/\/www.info-algerie.com\/actualites\/wp-json\/wp\/v2\/categories?post=17254"},{"taxonomy":"post_tag","embeddable":true,"href":"https:\/\/www.info-algerie.com\/actualites\/wp-json\/wp\/v2\/tags?post=17254"}],"curies":[{"name":"wp","href":"https:\/\/api.w.org\/{rel}","templated":true}]}}