{"id":17263,"date":"2017-10-25T17:22:53","date_gmt":"2017-10-25T16:22:53","guid":{"rendered":"http:\/\/www.info-algerie.com\/actualites\/22e-sila-le-premier-ministre-inaugure-officiellement-le-salon-du-livre\/"},"modified":"2017-10-25T17:22:53","modified_gmt":"2017-10-25T16:22:53","slug":"22e-sila-le-premier-ministre-inaugure-officiellement-le-salon-du-livre","status":"publish","type":"post","link":"https:\/\/www.info-algerie.com\/actualites\/22e-sila-le-premier-ministre-inaugure-officiellement-le-salon-du-livre\/","title":{"rendered":"22e SILA: le Premier ministre inaugure officiellement le salon du livre"},"content":{"rendered":"<div class=\"K2FeedImage\"><img decoding=\"async\" src=\"https:\/\/www.info-algerie.com\/actualites\/wp-content\/uploads\/2017\/10\/225d6e1df2459f7001d1fc98aabe3551_S.jpg\" alt=\"22e SILA: le Premier ministre inaugure officiellement le salon du livre\" \/><\/div>\n<div class=\"K2FeedIntroText\">\n<p><strong>ALGER &#8211; Le Premier ministre, Ahmed Ouyahia, a inaugur\u00e9 mercredi apr\u00e8s-midi au Palais des expositions (Pins maritimes, Alger) le 22e Salon international du livre d&rsquo;Alger (SILA).<\/strong><\/p>\n<p>&#013;\n<\/p><\/div>\n<div class=\"K2FeedFullText\">&#013;<\/p>\n<p>Accompagn\u00e9 de membres du gouvernement dont les ministres de l&rsquo;Int\u00e9rieur, des Collectivit\u00e9s locales et de l&rsquo;Am\u00e9nagement du territoire, Nouredine Bedoui, de la Justice, Garde des sceaux, Tayeb Louh, de l&rsquo;Education nationale, Nouria Benghabrit, de la Communication, Djamel Kaouane et de la Culture, Azzedine Mihoubi ainsi que de la vice-ministre sud-africaine des Arts et de la Culture, le Premier ministre a fait le tour des stands des exposants au Sila.<\/p>\n<p>&#013;<\/p>\n<p>En visite \u00e0 Alger depuis mardi, Makhotso Sotyu repr\u00e9sente l&rsquo;Afrique du Sud, invit\u00e9 d&rsquo;honneur de cette 22\u00e8me \u00e9dition.<\/p>\n<p>&#013;<\/p>\n<p>Etaient \u00e9galement pr\u00e9sents, le Conseiller \u00e0 la Pr\u00e9sidence de la R\u00e9publique, Mohamed-Ali Boughazi, au c\u00f4t\u00e9 des repr\u00e9sentants du corps diplomatique accr\u00e9dit\u00e9 \u00e0 Alger.<\/p>\n<p>&#013;<\/p>\n<p>Pr\u00e8s d&rsquo;un millier d&rsquo;exposants dont 658 \u00e9diteurs \u00e9trangers venant d`une cinquantaine de pays prennent part au salon.<\/p>\n<p>&#013;<\/p>\n<hr \/>\n<h3>Lire aussi:\u00a0<a href=\"http:\/\/www.aps.dz\/culture\/64426-22e-sila-le-centenaire-de-mouloud-mammeri-principale-attraction\" target=\"_blank\" rel=\"noopener noreferrer\">22e SILA: le centenaire de Mouloud Mammeri, principale attraction<\/a><\/h3>\n<p>&#013;<\/p>\n<hr \/>\n<p>Un colloque international sur l&rsquo;\u0153uvre de l&rsquo;\u00e9crivain et anthropologue Mouloud Mammeri est organis\u00e9 en marge du 22e SILA, \u00e0 l&rsquo;occasion de la c\u00e9l\u00e9bration du centenaire de l&rsquo;auteur, une des figures les plus marquantes de la sc\u00e8ne culturelle alg\u00e9rienne au XXe si\u00e8cle.<\/p>\n<p>&#013;<\/p>\n<p class=\"MsoNormal\">Des rencontres, tables rondes et autres conf\u00e9rences sur la litt\u00e9rature, la lecture et l&rsquo;histoire sont \u00e9galement au programme du 22e SILA ouvert au public \u00e0 partir de jeudi jusqu&rsquo;au 5 novembre.<\/p>\n<\/div>\n<p>&#013;<br \/>\nSource: <a href=\"http:\/\/www.aps.dz\/algerie\/64472-22e-sila-le-premier-ministre-inaugure-officiellement-le-salon-du-livre\" target=\"_blank\">22e SILA: le Premier ministre inaugure officiellement le salon du livre<\/a><\/p>\n<!--CusAds0-->\n<div style=\"font-size: 0px; height: 0px; line-height: 0px; margin: 0; padding: 0; clear: both;\"><\/div>","protected":false},"excerpt":{"rendered":"<p>ALGER &#8211; Le Premier ministre, Ahmed Ouyahia, a inaugur\u00e9 mercredi apr\u00e8s-midi au Palais des expositions (Pins maritimes, Alger) le 22e Salon international du livre d&rsquo;Alger (SILA). &#013; &#013; Accompagn\u00e9 de membres du gouvernement dont les ministres de l&rsquo;Int\u00e9rieur, des Collectivit\u00e9s locales et de l&rsquo;Am\u00e9nagement du territoire, Nouredine Bedoui, de la Justice, Garde des sceaux, Tayeb<\/p>\n","protected":false},"author":6,"featured_media":17264,"comment_status":"open","ping_status":"open","sticky":false,"template":"","format":"standard","meta":{"footnotes":""},"categories":[22],"tags":[93],"class_list":["post-17263","post","type-post","status-publish","format-standard","has-post-thumbnail","hentry","category-infos","tag-onu"],"yoast_head":"<!-- This site is optimized with the Yoast SEO plugin v27.5 - https:\/\/yoast.com\/product\/yoast-seo-wordpress\/ -->\n<title>22e SILA: le Premier ministre inaugure officiellement le salon du livre - info algerie<\/title>\n<meta name=\"robots\" content=\"index, follow, max-snippet:-1, max-image-preview:large, max-video-preview:-1\" \/>\n<link rel=\"canonical\" href=\"https:\/\/www.info-algerie.com\/actualites\/22e-sila-le-premier-ministre-inaugure-officiellement-le-salon-du-livre\/\" \/>\n<meta property=\"og:locale\" content=\"fr_FR\" \/>\n<meta property=\"og:type\" content=\"article\" \/>\n<meta property=\"og:title\" content=\"22e SILA: le Premier ministre inaugure officiellement le salon du livre - info algerie\" \/>\n<meta property=\"og:description\" content=\"ALGER &#8211; Le Premier ministre, Ahmed Ouyahia, a inaugur\u00e9 mercredi apr\u00e8s-midi au Palais des expositions (Pins maritimes, Alger) le 22e Salon international du livre d&rsquo;Alger (SILA). &#013; &#013; Accompagn\u00e9 de membres du gouvernement dont les ministres de l&rsquo;Int\u00e9rieur, des Collectivit\u00e9s locales et de l&rsquo;Am\u00e9nagement du territoire, Nouredine Bedoui, de la Justice, Garde des sceaux, Tayeb\" \/>\n<meta property=\"og:url\" content=\"https:\/\/www.info-algerie.com\/actualites\/22e-sila-le-premier-ministre-inaugure-officiellement-le-salon-du-livre\/\" \/>\n<meta property=\"og:site_name\" content=\"info algerie\" \/>\n<meta property=\"article:publisher\" content=\"https:\/\/www.facebook.com\/infoalgerieactu\" \/>\n<meta property=\"article:published_time\" content=\"2017-10-25T16:22:53+00:00\" \/>\n<meta property=\"og:image\" content=\"https:\/\/www.info-algerie.com\/actualites\/wp-content\/uploads\/2017\/10\/225d6e1df2459f7001d1fc98aabe3551_S-1.jpg\" \/>\n\t<meta property=\"og:image:width\" content=\"280\" \/>\n\t<meta property=\"og:image:height\" content=\"169\" \/>\n\t<meta property=\"og:image:type\" content=\"image\/jpeg\" \/>\n<meta name=\"author\" content=\"La r\u00e9daction\" \/>\n<meta name=\"twitter:label1\" content=\"\u00c9crit par\" \/>\n\t<meta name=\"twitter:data1\" content=\"La r\u00e9daction\" \/>\n\t<meta name=\"twitter:label2\" content=\"Dur\u00e9e de lecture estim\u00e9e\" \/>\n\t<meta name=\"twitter:data2\" content=\"1 minute\" \/>\n<script type=\"application\/ld+json\" class=\"yoast-schema-graph\">{\"@context\":\"https:\\\/\\\/schema.org\",\"@graph\":[{\"@type\":\"Article\",\"@id\":\"https:\\\/\\\/www.info-algerie.com\\\/actualites\\\/22e-sila-le-premier-ministre-inaugure-officiellement-le-salon-du-livre\\\/#article\",\"isPartOf\":{\"@id\":\"https:\\\/\\\/www.info-algerie.com\\\/actualites\\\/22e-sila-le-premier-ministre-inaugure-officiellement-le-salon-du-livre\\\/\"},\"author\":{\"name\":\"La r\u00e9daction\",\"@id\":\"https:\\\/\\\/www.info-algerie.com\\\/actualites\\\/#\\\/schema\\\/person\\\/847aaec44920825b843a08f30ec6aa1e\"},\"headline\":\"22e SILA: le Premier ministre inaugure officiellement le salon du livre\",\"datePublished\":\"2017-10-25T16:22:53+00:00\",\"mainEntityOfPage\":{\"@id\":\"https:\\\/\\\/www.info-algerie.com\\\/actualites\\\/22e-sila-le-premier-ministre-inaugure-officiellement-le-salon-du-livre\\\/\"},\"wordCount\":286,\"commentCount\":0,\"publisher\":{\"@id\":\"https:\\\/\\\/www.info-algerie.com\\\/actualites\\\/#organization\"},\"image\":{\"@id\":\"https:\\\/\\\/www.info-algerie.com\\\/actualites\\\/22e-sila-le-premier-ministre-inaugure-officiellement-le-salon-du-livre\\\/#primaryimage\"},\"thumbnailUrl\":\"https:\\\/\\\/www.info-algerie.com\\\/actualites\\\/wp-content\\\/uploads\\\/2017\\\/10\\\/225d6e1df2459f7001d1fc98aabe3551_S-1.jpg\",\"keywords\":[\"ONU\"],\"articleSection\":[\"infos\"],\"inLanguage\":\"fr-FR\",\"potentialAction\":[{\"@type\":\"CommentAction\",\"name\":\"Comment\",\"target\":[\"https:\\\/\\\/www.info-algerie.com\\\/actualites\\\/22e-sila-le-premier-ministre-inaugure-officiellement-le-salon-du-livre\\\/#respond\"]}]},{\"@type\":\"WebPage\",\"@id\":\"https:\\\/\\\/www.info-algerie.com\\\/actualites\\\/22e-sila-le-premier-ministre-inaugure-officiellement-le-salon-du-livre\\\/\",\"url\":\"https:\\\/\\\/www.info-algerie.com\\\/actualites\\\/22e-sila-le-premier-ministre-inaugure-officiellement-le-salon-du-livre\\\/\",\"name\":\"22e SILA: le Premier ministre inaugure officiellement le salon du livre - info algerie\",\"isPartOf\":{\"@id\":\"https:\\\/\\\/www.info-algerie.com\\\/actualites\\\/#website\"},\"primaryImageOfPage\":{\"@id\":\"https:\\\/\\\/www.info-algerie.com\\\/actualites\\\/22e-sila-le-premier-ministre-inaugure-officiellement-le-salon-du-livre\\\/#primaryimage\"},\"image\":{\"@id\":\"https:\\\/\\\/www.info-algerie.com\\\/actualites\\\/22e-sila-le-premier-ministre-inaugure-officiellement-le-salon-du-livre\\\/#primaryimage\"},\"thumbnailUrl\":\"https:\\\/\\\/www.info-algerie.com\\\/actualites\\\/wp-content\\\/uploads\\\/2017\\\/10\\\/225d6e1df2459f7001d1fc98aabe3551_S-1.jpg\",\"datePublished\":\"2017-10-25T16:22:53+00:00\",\"breadcrumb\":{\"@id\":\"https:\\\/\\\/www.info-algerie.com\\\/actualites\\\/22e-sila-le-premier-ministre-inaugure-officiellement-le-salon-du-livre\\\/#breadcrumb\"},\"inLanguage\":\"fr-FR\",\"potentialAction\":[{\"@type\":\"ReadAction\",\"target\":[\"https:\\\/\\\/www.info-algerie.com\\\/actualites\\\/22e-sila-le-premier-ministre-inaugure-officiellement-le-salon-du-livre\\\/\"]}]},{\"@type\":\"ImageObject\",\"inLanguage\":\"fr-FR\",\"@id\":\"https:\\\/\\\/www.info-algerie.com\\\/actualites\\\/22e-sila-le-premier-ministre-inaugure-officiellement-le-salon-du-livre\\\/#primaryimage\",\"url\":\"https:\\\/\\\/www.info-algerie.com\\\/actualites\\\/wp-content\\\/uploads\\\/2017\\\/10\\\/225d6e1df2459f7001d1fc98aabe3551_S-1.jpg\",\"contentUrl\":\"https:\\\/\\\/www.info-algerie.com\\\/actualites\\\/wp-content\\\/uploads\\\/2017\\\/10\\\/225d6e1df2459f7001d1fc98aabe3551_S-1.jpg\",\"width\":280,\"height\":169},{\"@type\":\"BreadcrumbList\",\"@id\":\"https:\\\/\\\/www.info-algerie.com\\\/actualites\\\/22e-sila-le-premier-ministre-inaugure-officiellement-le-salon-du-livre\\\/#breadcrumb\",\"itemListElement\":[{\"@type\":\"ListItem\",\"position\":1,\"name\":\"Accueil\",\"item\":\"https:\\\/\\\/www.info-algerie.com\\\/actualites\\\/\"},{\"@type\":\"ListItem\",\"position\":2,\"name\":\"22e SILA: le Premier ministre inaugure officiellement le salon du livre\"}]},{\"@type\":\"WebSite\",\"@id\":\"https:\\\/\\\/www.info-algerie.com\\\/actualites\\\/#website\",\"url\":\"https:\\\/\\\/www.info-algerie.com\\\/actualites\\\/\",\"name\":\"info algerie\",\"description\":\"Toutes les actualit\u00e9s\",\"publisher\":{\"@id\":\"https:\\\/\\\/www.info-algerie.com\\\/actualites\\\/#organization\"},\"potentialAction\":[{\"@type\":\"SearchAction\",\"target\":{\"@type\":\"EntryPoint\",\"urlTemplate\":\"https:\\\/\\\/www.info-algerie.com\\\/actualites\\\/?s={search_term_string}\"},\"query-input\":{\"@type\":\"PropertyValueSpecification\",\"valueRequired\":true,\"valueName\":\"search_term_string\"}}],\"inLanguage\":\"fr-FR\"},{\"@type\":\"Organization\",\"@id\":\"https:\\\/\\\/www.info-algerie.com\\\/actualites\\\/#organization\",\"name\":\"info algerie\",\"url\":\"https:\\\/\\\/www.info-algerie.com\\\/actualites\\\/\",\"logo\":{\"@type\":\"ImageObject\",\"inLanguage\":\"fr-FR\",\"@id\":\"https:\\\/\\\/www.info-algerie.com\\\/actualites\\\/#\\\/schema\\\/logo\\\/image\\\/\",\"url\":\"https:\\\/\\\/www.info-algerie.com\\\/actualites\\\/wp-content\\\/uploads\\\/2022\\\/07\\\/logo-ia-120.png\",\"contentUrl\":\"https:\\\/\\\/www.info-algerie.com\\\/actualites\\\/wp-content\\\/uploads\\\/2022\\\/07\\\/logo-ia-120.png\",\"width\":120,\"height\":43,\"caption\":\"info algerie\"},\"image\":{\"@id\":\"https:\\\/\\\/www.info-algerie.com\\\/actualites\\\/#\\\/schema\\\/logo\\\/image\\\/\"},\"sameAs\":[\"https:\\\/\\\/www.facebook.com\\\/infoalgerieactu\",\"https:\\\/\\\/x.com\\\/infoalgerie1\"]},{\"@type\":\"Person\",\"@id\":\"https:\\\/\\\/www.info-algerie.com\\\/actualites\\\/#\\\/schema\\\/person\\\/847aaec44920825b843a08f30ec6aa1e\",\"name\":\"La r\u00e9daction\",\"image\":{\"@type\":\"ImageObject\",\"inLanguage\":\"fr-FR\",\"@id\":\"https:\\\/\\\/secure.gravatar.com\\\/avatar\\\/769db425c6f465158149f1ffd6cf61ce7a8a879d11dfbef8288af36dfddd418c?s=96&d=mm&r=g\",\"url\":\"https:\\\/\\\/secure.gravatar.com\\\/avatar\\\/769db425c6f465158149f1ffd6cf61ce7a8a879d11dfbef8288af36dfddd418c?s=96&d=mm&r=g\",\"contentUrl\":\"https:\\\/\\\/secure.gravatar.com\\\/avatar\\\/769db425c6f465158149f1ffd6cf61ce7a8a879d11dfbef8288af36dfddd418c?s=96&d=mm&r=g\",\"caption\":\"La r\u00e9daction\"},\"sameAs\":[\"http:\\\/\\\/www.lkeria.com\\\/\"],\"url\":\"https:\\\/\\\/www.info-algerie.com\\\/actualites\\\/author\\\/chakib32\\\/\"}]}<\/script>\n<!-- \/ Yoast SEO plugin. -->","yoast_head_json":{"title":"22e SILA: le Premier ministre inaugure officiellement le salon du livre - info algerie","robots":{"index":"index","follow":"follow","max-snippet":"max-snippet:-1","max-image-preview":"max-image-preview:large","max-video-preview":"max-video-preview:-1"},"canonical":"https:\/\/www.info-algerie.com\/actualites\/22e-sila-le-premier-ministre-inaugure-officiellement-le-salon-du-livre\/","og_locale":"fr_FR","og_type":"article","og_title":"22e SILA: le Premier ministre inaugure officiellement le salon du livre - info algerie","og_description":"ALGER &#8211; Le Premier ministre, Ahmed Ouyahia, a inaugur\u00e9 mercredi apr\u00e8s-midi au Palais des expositions (Pins maritimes, Alger) le 22e Salon international du livre d&rsquo;Alger (SILA). &#013; &#013; Accompagn\u00e9 de membres du gouvernement dont les ministres de l&rsquo;Int\u00e9rieur, des Collectivit\u00e9s locales et de l&rsquo;Am\u00e9nagement du territoire, Nouredine Bedoui, de la Justice, Garde des sceaux, Tayeb","og_url":"https:\/\/www.info-algerie.com\/actualites\/22e-sila-le-premier-ministre-inaugure-officiellement-le-salon-du-livre\/","og_site_name":"info algerie","article_publisher":"https:\/\/www.facebook.com\/infoalgerieactu","article_published_time":"2017-10-25T16:22:53+00:00","og_image":[{"width":280,"height":169,"url":"https:\/\/www.info-algerie.com\/actualites\/wp-content\/uploads\/2017\/10\/225d6e1df2459f7001d1fc98aabe3551_S-1.jpg","type":"image\/jpeg"}],"author":"La r\u00e9daction","twitter_misc":{"\u00c9crit par":"La r\u00e9daction","Dur\u00e9e de lecture estim\u00e9e":"1 minute"},"schema":{"@context":"https:\/\/schema.org","@graph":[{"@type":"Article","@id":"https:\/\/www.info-algerie.com\/actualites\/22e-sila-le-premier-ministre-inaugure-officiellement-le-salon-du-livre\/#article","isPartOf":{"@id":"https:\/\/www.info-algerie.com\/actualites\/22e-sila-le-premier-ministre-inaugure-officiellement-le-salon-du-livre\/"},"author":{"name":"La r\u00e9daction","@id":"https:\/\/www.info-algerie.com\/actualites\/#\/schema\/person\/847aaec44920825b843a08f30ec6aa1e"},"headline":"22e SILA: le Premier ministre inaugure officiellement le salon du livre","datePublished":"2017-10-25T16:22:53+00:00","mainEntityOfPage":{"@id":"https:\/\/www.info-algerie.com\/actualites\/22e-sila-le-premier-ministre-inaugure-officiellement-le-salon-du-livre\/"},"wordCount":286,"commentCount":0,"publisher":{"@id":"https:\/\/www.info-algerie.com\/actualites\/#organization"},"image":{"@id":"https:\/\/www.info-algerie.com\/actualites\/22e-sila-le-premier-ministre-inaugure-officiellement-le-salon-du-livre\/#primaryimage"},"thumbnailUrl":"https:\/\/www.info-algerie.com\/actualites\/wp-content\/uploads\/2017\/10\/225d6e1df2459f7001d1fc98aabe3551_S-1.jpg","keywords":["ONU"],"articleSection":["infos"],"inLanguage":"fr-FR","potentialAction":[{"@type":"CommentAction","name":"Comment","target":["https:\/\/www.info-algerie.com\/actualites\/22e-sila-le-premier-ministre-inaugure-officiellement-le-salon-du-livre\/#respond"]}]},{"@type":"WebPage","@id":"https:\/\/www.info-algerie.com\/actualites\/22e-sila-le-premier-ministre-inaugure-officiellement-le-salon-du-livre\/","url":"https:\/\/www.info-algerie.com\/actualites\/22e-sila-le-premier-ministre-inaugure-officiellement-le-salon-du-livre\/","name":"22e SILA: le Premier ministre inaugure officiellement le salon du livre - info algerie","isPartOf":{"@id":"https:\/\/www.info-algerie.com\/actualites\/#website"},"primaryImageOfPage":{"@id":"https:\/\/www.info-algerie.com\/actualites\/22e-sila-le-premier-ministre-inaugure-officiellement-le-salon-du-livre\/#primaryimage"},"image":{"@id":"https:\/\/www.info-algerie.com\/actualites\/22e-sila-le-premier-ministre-inaugure-officiellement-le-salon-du-livre\/#primaryimage"},"thumbnailUrl":"https:\/\/www.info-algerie.com\/actualites\/wp-content\/uploads\/2017\/10\/225d6e1df2459f7001d1fc98aabe3551_S-1.jpg","datePublished":"2017-10-25T16:22:53+00:00","breadcrumb":{"@id":"https:\/\/www.info-algerie.com\/actualites\/22e-sila-le-premier-ministre-inaugure-officiellement-le-salon-du-livre\/#breadcrumb"},"inLanguage":"fr-FR","potentialAction":[{"@type":"ReadAction","target":["https:\/\/www.info-algerie.com\/actualites\/22e-sila-le-premier-ministre-inaugure-officiellement-le-salon-du-livre\/"]}]},{"@type":"ImageObject","inLanguage":"fr-FR","@id":"https:\/\/www.info-algerie.com\/actualites\/22e-sila-le-premier-ministre-inaugure-officiellement-le-salon-du-livre\/#primaryimage","url":"https:\/\/www.info-algerie.com\/actualites\/wp-content\/uploads\/2017\/10\/225d6e1df2459f7001d1fc98aabe3551_S-1.jpg","contentUrl":"https:\/\/www.info-algerie.com\/actualites\/wp-content\/uploads\/2017\/10\/225d6e1df2459f7001d1fc98aabe3551_S-1.jpg","width":280,"height":169},{"@type":"BreadcrumbList","@id":"https:\/\/www.info-algerie.com\/actualites\/22e-sila-le-premier-ministre-inaugure-officiellement-le-salon-du-livre\/#breadcrumb","itemListElement":[{"@type":"ListItem","position":1,"name":"Accueil","item":"https:\/\/www.info-algerie.com\/actualites\/"},{"@type":"ListItem","position":2,"name":"22e SILA: le Premier ministre inaugure officiellement le salon du livre"}]},{"@type":"WebSite","@id":"https:\/\/www.info-algerie.com\/actualites\/#website","url":"https:\/\/www.info-algerie.com\/actualites\/","name":"info algerie","description":"Toutes les actualit\u00e9s","publisher":{"@id":"https:\/\/www.info-algerie.com\/actualites\/#organization"},"potentialAction":[{"@type":"SearchAction","target":{"@type":"EntryPoint","urlTemplate":"https:\/\/www.info-algerie.com\/actualites\/?s={search_term_string}"},"query-input":{"@type":"PropertyValueSpecification","valueRequired":true,"valueName":"search_term_string"}}],"inLanguage":"fr-FR"},{"@type":"Organization","@id":"https:\/\/www.info-algerie.com\/actualites\/#organization","name":"info algerie","url":"https:\/\/www.info-algerie.com\/actualites\/","logo":{"@type":"ImageObject","inLanguage":"fr-FR","@id":"https:\/\/www.info-algerie.com\/actualites\/#\/schema\/logo\/image\/","url":"https:\/\/www.info-algerie.com\/actualites\/wp-content\/uploads\/2022\/07\/logo-ia-120.png","contentUrl":"https:\/\/www.info-algerie.com\/actualites\/wp-content\/uploads\/2022\/07\/logo-ia-120.png","width":120,"height":43,"caption":"info algerie"},"image":{"@id":"https:\/\/www.info-algerie.com\/actualites\/#\/schema\/logo\/image\/"},"sameAs":["https:\/\/www.facebook.com\/infoalgerieactu","https:\/\/x.com\/infoalgerie1"]},{"@type":"Person","@id":"https:\/\/www.info-algerie.com\/actualites\/#\/schema\/person\/847aaec44920825b843a08f30ec6aa1e","name":"La r\u00e9daction","image":{"@type":"ImageObject","inLanguage":"fr-FR","@id":"https:\/\/secure.gravatar.com\/avatar\/769db425c6f465158149f1ffd6cf61ce7a8a879d11dfbef8288af36dfddd418c?s=96&d=mm&r=g","url":"https:\/\/secure.gravatar.com\/avatar\/769db425c6f465158149f1ffd6cf61ce7a8a879d11dfbef8288af36dfddd418c?s=96&d=mm&r=g","contentUrl":"https:\/\/secure.gravatar.com\/avatar\/769db425c6f465158149f1ffd6cf61ce7a8a879d11dfbef8288af36dfddd418c?s=96&d=mm&r=g","caption":"La r\u00e9daction"},"sameAs":["http:\/\/www.lkeria.com\/"],"url":"https:\/\/www.info-algerie.com\/actualites\/author\/chakib32\/"}]}},"_links":{"self":[{"href":"https:\/\/www.info-algerie.com\/actualites\/wp-json\/wp\/v2\/posts\/17263","targetHints":{"allow":["GET"]}}],"collection":[{"href":"https:\/\/www.info-algerie.com\/actualites\/wp-json\/wp\/v2\/posts"}],"about":[{"href":"https:\/\/www.info-algerie.com\/actualites\/wp-json\/wp\/v2\/types\/post"}],"author":[{"embeddable":true,"href":"https:\/\/www.info-algerie.com\/actualites\/wp-json\/wp\/v2\/users\/6"}],"replies":[{"embeddable":true,"href":"https:\/\/www.info-algerie.com\/actualites\/wp-json\/wp\/v2\/comments?post=17263"}],"version-history":[{"count":0,"href":"https:\/\/www.info-algerie.com\/actualites\/wp-json\/wp\/v2\/posts\/17263\/revisions"}],"wp:featuredmedia":[{"embeddable":true,"href":"https:\/\/www.info-algerie.com\/actualites\/wp-json\/wp\/v2\/media\/17264"}],"wp:attachment":[{"href":"https:\/\/www.info-algerie.com\/actualites\/wp-json\/wp\/v2\/media?parent=17263"}],"wp:term":[{"taxonomy":"category","embeddable":true,"href":"https:\/\/www.info-algerie.com\/actualites\/wp-json\/wp\/v2\/categories?post=17263"},{"taxonomy":"post_tag","embeddable":true,"href":"https:\/\/www.info-algerie.com\/actualites\/wp-json\/wp\/v2\/tags?post=17263"}],"curies":[{"name":"wp","href":"https:\/\/api.w.org\/{rel}","templated":true}]}}