{"id":17267,"date":"2017-10-25T18:22:13","date_gmt":"2017-10-25T17:22:13","guid":{"rendered":"http:\/\/www.info-algerie.com\/actualites\/cloture-des-travaux-du-1er-atelier-de-formation-dafripol\/"},"modified":"2017-10-25T18:22:13","modified_gmt":"2017-10-25T17:22:13","slug":"cloture-des-travaux-du-1er-atelier-de-formation-dafripol","status":"publish","type":"post","link":"https:\/\/www.info-algerie.com\/actualites\/cloture-des-travaux-du-1er-atelier-de-formation-dafripol\/","title":{"rendered":"Cl\u00f4ture des travaux du 1er atelier de formation d&#039;Afripol"},"content":{"rendered":"<div class=\"K2FeedIntroText\">\n<p>ALGER &#8211; Les travaux de l&rsquo;atelier de travail sur \u00ab\u00a0le renforcement des capacit\u00e9s de lutte contre le crime organis\u00e9\u00a0 transfrontalier, la cybercriminalit\u00e9 et le terrorisme\u00a0\u00bb ont pris fin, mercredi \u00e0 Alger, en mettant l&rsquo;accent sur l&rsquo;imp\u00e9ratif de raffermir la coop\u00e9ration entre les organes de police africains et en se basant sur les th\u00e8mes de la formation et de la communication en vue de relancer ce m\u00e9canisme en l&rsquo;\u00e9rigeant en \u00ab\u00a0valeur ajout\u00e9e\u00a0\u00bb pour le continent africain.<\/p>\n<p>&#013;\n<\/p><\/div>\n<div class=\"K2FeedFullText\">&#013;<\/p>\n<p>Lors de la cl\u00f4ture des travaux de cet atelier qui s&rsquo;est d\u00e9roul\u00e9 deux jours durant, les participants ont adopt\u00e9 un ensemble de recommandations dans lesquelles ils ont mis l&rsquo;accent sur \u00ab\u00a0l&rsquo;imp\u00e9ratif de travailler \u00e0 raffermir le partenariat r\u00e9unissant les organes de police africains au sein d&rsquo;Afripol tout en accordant l&rsquo;importance au domaine de la formation et en am\u00e9liorant le niveau de la communication\u00a0\u00bb.<\/p>\n<p>&#013;<\/p>\n<p>Le Directeur g\u00e9n\u00e9ral de la S\u00fbret\u00e9 nationale, le G\u00e9n\u00e9ral Major Abdelghani Hamel, a salu\u00e9 dans son allocution, cette rencontre, mettant l&rsquo;accent sur \u00ab\u00a0l&rsquo;importance d&rsquo;\u00e9changer les comp\u00e9tences, les exp\u00e9riences et les informations entre Etats membres d&rsquo;Afripol, d&rsquo;une part, et entre cette derni\u00e8re et les organisations s\u00e9curitaires internationales, d&rsquo;autre part\u00a0\u00bb.<\/p>\n<p>&#013;<\/p>\n<p>Par ailleurs, M. Hamel a r\u00e9affirm\u00e9 \u00ab\u00a0la disponibilit\u00e9 de la police alg\u00e9rienne \u00e0 pr\u00eater main forte \u00e0 ses homologues au sein d&rsquo;Afripol, qu&rsquo;il s&rsquo;agisse du c\u00f4t\u00e9 professionnel ou logistique, vu les capacit\u00e9s qu&rsquo;elle a pour accompagner cette organisation r\u00e9gionale\u00a0\u00bb.<\/p>\n<p>&#013;<\/p>\n<p>Pour rappel, cette rencontre constitue le premier atelier de formation organis\u00e9 dans le cadre d&rsquo;Afripol, visant la mise en oeuvre du programme d&rsquo;action de la premi\u00e8re Assembl\u00e9e d&rsquo;Afripol, tenue en mai dernier \u00e0 Alger.<\/p>\n<p>&#013;<\/p>\n<p>Le directeur ex\u00e9cutif d&rsquo;Afripol, Tarek Ahmed Sharif avait pr\u00e9cis\u00e9 au premier jour des travaux que la formation \u00e9tait \u00ab\u00a0l&rsquo;un des principaux volets\u00a0\u00bb du programme d&rsquo;action d&rsquo;Afripol, bas\u00e9 essentiellement sur \u00ab\u00a0l&rsquo;\u00e9change de vues et d&rsquo;exp\u00e9riences et la formation en mati\u00e8re de lutte contre le terrorisme\u00a0\u00bb pour la r\u00e9alisation de davantage de progr\u00e8s en\u00a0 mati\u00e8re de lutte contre la criminalit\u00e9\u00a0\u00bb.<\/p>\n<p>&#013;<\/p>\n<p>\u00ab\u00a0Les groupes terroristes qui se sont alli\u00e9s au niveau international utilisent \u00e0 pr\u00e9sent des technologies de pointe\u00a0\u00bb, d&rsquo;o\u00f9 l&rsquo;importance d&rsquo;Afripol qui est l&rsquo;espace idoine pour d\u00e9velopper et conjuguer tous les efforts\u00a0\u00bb afin de lutter contre la criminalit\u00e9, a-t-il estim\u00e9.<\/p>\n<p>&#013;<\/p>\n<p>Le responsable a salu\u00e9 le r\u00f4le de l&rsquo;UA dans le r\u00e8glement des crises qui est \u00e0 m\u00eame de \u00ab\u00a0r\u00e9tablir la s\u00e9curit\u00e9 et la paix en Afrique\u00a0\u00bb.<\/p>\n<p>&#013;<\/p>\n<p class=\"MsoNormal\">Le directeur ex\u00e9cutif d&rsquo;Afripol a \u00e9galement salu\u00e9 le r\u00f4le de l&rsquo;Alg\u00e9rie dans le soutien de cette organisation dans tous les niveaux.<\/p>\n<\/div>\n<p>&#013;<br \/>\nSource: <a href=\"http:\/\/www.aps.dz\/algerie\/64478-cloture-des-travaux-du-1er-atelier-de-formation-d-afripol\" target=\"_blank\">Cl\u00f4ture des travaux du 1er atelier de formation d&rsquo;Afripol<\/a><\/p>\n<!--CusAds0-->\n<div style=\"font-size: 0px; height: 0px; line-height: 0px; margin: 0; padding: 0; clear: both;\"><\/div>","protected":false},"excerpt":{"rendered":"<p>ALGER &#8211; Les travaux de l&rsquo;atelier de travail sur \u00ab\u00a0le renforcement des capacit\u00e9s de lutte contre le crime organis\u00e9\u00a0 transfrontalier, la cybercriminalit\u00e9 et le terrorisme\u00a0\u00bb ont pris fin, mercredi \u00e0 Alger, en mettant l&rsquo;accent sur l&rsquo;imp\u00e9ratif de raffermir la coop\u00e9ration entre les organes de police africains et en se basant sur les th\u00e8mes de la<\/p>\n","protected":false},"author":6,"featured_media":0,"comment_status":"open","ping_status":"open","sticky":false,"template":"","format":"standard","meta":{"footnotes":""},"categories":[22],"tags":[93],"class_list":["post-17267","post","type-post","status-publish","format-standard","hentry","category-infos","tag-onu"],"yoast_head":"<!-- This site is optimized with the Yoast SEO plugin v27.5 - https:\/\/yoast.com\/product\/yoast-seo-wordpress\/ -->\n<title>Cl\u00f4ture des travaux du 1er atelier de formation d&#039;Afripol - info algerie<\/title>\n<meta name=\"robots\" content=\"index, follow, max-snippet:-1, max-image-preview:large, max-video-preview:-1\" \/>\n<link rel=\"canonical\" href=\"https:\/\/www.info-algerie.com\/actualites\/cloture-des-travaux-du-1er-atelier-de-formation-dafripol\/\" \/>\n<meta property=\"og:locale\" content=\"fr_FR\" \/>\n<meta property=\"og:type\" content=\"article\" \/>\n<meta property=\"og:title\" content=\"Cl\u00f4ture des travaux du 1er atelier de formation d&#039;Afripol - info algerie\" \/>\n<meta property=\"og:description\" content=\"ALGER &#8211; Les travaux de l&rsquo;atelier de travail sur \u00ab\u00a0le renforcement des capacit\u00e9s de lutte contre le crime organis\u00e9\u00a0 transfrontalier, la cybercriminalit\u00e9 et le terrorisme\u00a0\u00bb ont pris fin, mercredi \u00e0 Alger, en mettant l&rsquo;accent sur l&rsquo;imp\u00e9ratif de raffermir la coop\u00e9ration entre les organes de police africains et en se basant sur les th\u00e8mes de la\" \/>\n<meta property=\"og:url\" content=\"https:\/\/www.info-algerie.com\/actualites\/cloture-des-travaux-du-1er-atelier-de-formation-dafripol\/\" \/>\n<meta property=\"og:site_name\" content=\"info algerie\" \/>\n<meta property=\"article:publisher\" content=\"https:\/\/www.facebook.com\/infoalgerieactu\" \/>\n<meta property=\"article:published_time\" content=\"2017-10-25T17:22:13+00:00\" \/>\n<meta name=\"author\" content=\"La r\u00e9daction\" \/>\n<meta name=\"twitter:label1\" content=\"\u00c9crit par\" \/>\n\t<meta name=\"twitter:data1\" content=\"La r\u00e9daction\" \/>\n\t<meta name=\"twitter:label2\" content=\"Dur\u00e9e de lecture estim\u00e9e\" \/>\n\t<meta name=\"twitter:data2\" content=\"2 minutes\" \/>\n<script type=\"application\/ld+json\" class=\"yoast-schema-graph\">{\"@context\":\"https:\\\/\\\/schema.org\",\"@graph\":[{\"@type\":\"Article\",\"@id\":\"https:\\\/\\\/www.info-algerie.com\\\/actualites\\\/cloture-des-travaux-du-1er-atelier-de-formation-dafripol\\\/#article\",\"isPartOf\":{\"@id\":\"https:\\\/\\\/www.info-algerie.com\\\/actualites\\\/cloture-des-travaux-du-1er-atelier-de-formation-dafripol\\\/\"},\"author\":{\"name\":\"La r\u00e9daction\",\"@id\":\"https:\\\/\\\/www.info-algerie.com\\\/actualites\\\/#\\\/schema\\\/person\\\/847aaec44920825b843a08f30ec6aa1e\"},\"headline\":\"Cl\u00f4ture des travaux du 1er atelier de formation d&#039;Afripol\",\"datePublished\":\"2017-10-25T17:22:13+00:00\",\"mainEntityOfPage\":{\"@id\":\"https:\\\/\\\/www.info-algerie.com\\\/actualites\\\/cloture-des-travaux-du-1er-atelier-de-formation-dafripol\\\/\"},\"wordCount\":500,\"commentCount\":0,\"publisher\":{\"@id\":\"https:\\\/\\\/www.info-algerie.com\\\/actualites\\\/#organization\"},\"keywords\":[\"ONU\"],\"articleSection\":[\"infos\"],\"inLanguage\":\"fr-FR\",\"potentialAction\":[{\"@type\":\"CommentAction\",\"name\":\"Comment\",\"target\":[\"https:\\\/\\\/www.info-algerie.com\\\/actualites\\\/cloture-des-travaux-du-1er-atelier-de-formation-dafripol\\\/#respond\"]}]},{\"@type\":\"WebPage\",\"@id\":\"https:\\\/\\\/www.info-algerie.com\\\/actualites\\\/cloture-des-travaux-du-1er-atelier-de-formation-dafripol\\\/\",\"url\":\"https:\\\/\\\/www.info-algerie.com\\\/actualites\\\/cloture-des-travaux-du-1er-atelier-de-formation-dafripol\\\/\",\"name\":\"Cl\u00f4ture des travaux du 1er atelier de formation d&#039;Afripol - info algerie\",\"isPartOf\":{\"@id\":\"https:\\\/\\\/www.info-algerie.com\\\/actualites\\\/#website\"},\"datePublished\":\"2017-10-25T17:22:13+00:00\",\"breadcrumb\":{\"@id\":\"https:\\\/\\\/www.info-algerie.com\\\/actualites\\\/cloture-des-travaux-du-1er-atelier-de-formation-dafripol\\\/#breadcrumb\"},\"inLanguage\":\"fr-FR\",\"potentialAction\":[{\"@type\":\"ReadAction\",\"target\":[\"https:\\\/\\\/www.info-algerie.com\\\/actualites\\\/cloture-des-travaux-du-1er-atelier-de-formation-dafripol\\\/\"]}]},{\"@type\":\"BreadcrumbList\",\"@id\":\"https:\\\/\\\/www.info-algerie.com\\\/actualites\\\/cloture-des-travaux-du-1er-atelier-de-formation-dafripol\\\/#breadcrumb\",\"itemListElement\":[{\"@type\":\"ListItem\",\"position\":1,\"name\":\"Accueil\",\"item\":\"https:\\\/\\\/www.info-algerie.com\\\/actualites\\\/\"},{\"@type\":\"ListItem\",\"position\":2,\"name\":\"Cl\u00f4ture des travaux du 1er atelier de formation d&#039;Afripol\"}]},{\"@type\":\"WebSite\",\"@id\":\"https:\\\/\\\/www.info-algerie.com\\\/actualites\\\/#website\",\"url\":\"https:\\\/\\\/www.info-algerie.com\\\/actualites\\\/\",\"name\":\"info algerie\",\"description\":\"Toutes les actualit\u00e9s\",\"publisher\":{\"@id\":\"https:\\\/\\\/www.info-algerie.com\\\/actualites\\\/#organization\"},\"potentialAction\":[{\"@type\":\"SearchAction\",\"target\":{\"@type\":\"EntryPoint\",\"urlTemplate\":\"https:\\\/\\\/www.info-algerie.com\\\/actualites\\\/?s={search_term_string}\"},\"query-input\":{\"@type\":\"PropertyValueSpecification\",\"valueRequired\":true,\"valueName\":\"search_term_string\"}}],\"inLanguage\":\"fr-FR\"},{\"@type\":\"Organization\",\"@id\":\"https:\\\/\\\/www.info-algerie.com\\\/actualites\\\/#organization\",\"name\":\"info algerie\",\"url\":\"https:\\\/\\\/www.info-algerie.com\\\/actualites\\\/\",\"logo\":{\"@type\":\"ImageObject\",\"inLanguage\":\"fr-FR\",\"@id\":\"https:\\\/\\\/www.info-algerie.com\\\/actualites\\\/#\\\/schema\\\/logo\\\/image\\\/\",\"url\":\"https:\\\/\\\/www.info-algerie.com\\\/actualites\\\/wp-content\\\/uploads\\\/2022\\\/07\\\/logo-ia-120.png\",\"contentUrl\":\"https:\\\/\\\/www.info-algerie.com\\\/actualites\\\/wp-content\\\/uploads\\\/2022\\\/07\\\/logo-ia-120.png\",\"width\":120,\"height\":43,\"caption\":\"info algerie\"},\"image\":{\"@id\":\"https:\\\/\\\/www.info-algerie.com\\\/actualites\\\/#\\\/schema\\\/logo\\\/image\\\/\"},\"sameAs\":[\"https:\\\/\\\/www.facebook.com\\\/infoalgerieactu\",\"https:\\\/\\\/x.com\\\/infoalgerie1\"]},{\"@type\":\"Person\",\"@id\":\"https:\\\/\\\/www.info-algerie.com\\\/actualites\\\/#\\\/schema\\\/person\\\/847aaec44920825b843a08f30ec6aa1e\",\"name\":\"La r\u00e9daction\",\"image\":{\"@type\":\"ImageObject\",\"inLanguage\":\"fr-FR\",\"@id\":\"https:\\\/\\\/secure.gravatar.com\\\/avatar\\\/769db425c6f465158149f1ffd6cf61ce7a8a879d11dfbef8288af36dfddd418c?s=96&d=mm&r=g\",\"url\":\"https:\\\/\\\/secure.gravatar.com\\\/avatar\\\/769db425c6f465158149f1ffd6cf61ce7a8a879d11dfbef8288af36dfddd418c?s=96&d=mm&r=g\",\"contentUrl\":\"https:\\\/\\\/secure.gravatar.com\\\/avatar\\\/769db425c6f465158149f1ffd6cf61ce7a8a879d11dfbef8288af36dfddd418c?s=96&d=mm&r=g\",\"caption\":\"La r\u00e9daction\"},\"sameAs\":[\"http:\\\/\\\/www.lkeria.com\\\/\"],\"url\":\"https:\\\/\\\/www.info-algerie.com\\\/actualites\\\/author\\\/chakib32\\\/\"}]}<\/script>\n<!-- \/ Yoast SEO plugin. -->","yoast_head_json":{"title":"Cl\u00f4ture des travaux du 1er atelier de formation d&#039;Afripol - info algerie","robots":{"index":"index","follow":"follow","max-snippet":"max-snippet:-1","max-image-preview":"max-image-preview:large","max-video-preview":"max-video-preview:-1"},"canonical":"https:\/\/www.info-algerie.com\/actualites\/cloture-des-travaux-du-1er-atelier-de-formation-dafripol\/","og_locale":"fr_FR","og_type":"article","og_title":"Cl\u00f4ture des travaux du 1er atelier de formation d&#039;Afripol - info algerie","og_description":"ALGER &#8211; Les travaux de l&rsquo;atelier de travail sur \u00ab\u00a0le renforcement des capacit\u00e9s de lutte contre le crime organis\u00e9\u00a0 transfrontalier, la cybercriminalit\u00e9 et le terrorisme\u00a0\u00bb ont pris fin, mercredi \u00e0 Alger, en mettant l&rsquo;accent sur l&rsquo;imp\u00e9ratif de raffermir la coop\u00e9ration entre les organes de police africains et en se basant sur les th\u00e8mes de la","og_url":"https:\/\/www.info-algerie.com\/actualites\/cloture-des-travaux-du-1er-atelier-de-formation-dafripol\/","og_site_name":"info algerie","article_publisher":"https:\/\/www.facebook.com\/infoalgerieactu","article_published_time":"2017-10-25T17:22:13+00:00","author":"La r\u00e9daction","twitter_misc":{"\u00c9crit par":"La r\u00e9daction","Dur\u00e9e de lecture estim\u00e9e":"2 minutes"},"schema":{"@context":"https:\/\/schema.org","@graph":[{"@type":"Article","@id":"https:\/\/www.info-algerie.com\/actualites\/cloture-des-travaux-du-1er-atelier-de-formation-dafripol\/#article","isPartOf":{"@id":"https:\/\/www.info-algerie.com\/actualites\/cloture-des-travaux-du-1er-atelier-de-formation-dafripol\/"},"author":{"name":"La r\u00e9daction","@id":"https:\/\/www.info-algerie.com\/actualites\/#\/schema\/person\/847aaec44920825b843a08f30ec6aa1e"},"headline":"Cl\u00f4ture des travaux du 1er atelier de formation d&#039;Afripol","datePublished":"2017-10-25T17:22:13+00:00","mainEntityOfPage":{"@id":"https:\/\/www.info-algerie.com\/actualites\/cloture-des-travaux-du-1er-atelier-de-formation-dafripol\/"},"wordCount":500,"commentCount":0,"publisher":{"@id":"https:\/\/www.info-algerie.com\/actualites\/#organization"},"keywords":["ONU"],"articleSection":["infos"],"inLanguage":"fr-FR","potentialAction":[{"@type":"CommentAction","name":"Comment","target":["https:\/\/www.info-algerie.com\/actualites\/cloture-des-travaux-du-1er-atelier-de-formation-dafripol\/#respond"]}]},{"@type":"WebPage","@id":"https:\/\/www.info-algerie.com\/actualites\/cloture-des-travaux-du-1er-atelier-de-formation-dafripol\/","url":"https:\/\/www.info-algerie.com\/actualites\/cloture-des-travaux-du-1er-atelier-de-formation-dafripol\/","name":"Cl\u00f4ture des travaux du 1er atelier de formation d&#039;Afripol - info algerie","isPartOf":{"@id":"https:\/\/www.info-algerie.com\/actualites\/#website"},"datePublished":"2017-10-25T17:22:13+00:00","breadcrumb":{"@id":"https:\/\/www.info-algerie.com\/actualites\/cloture-des-travaux-du-1er-atelier-de-formation-dafripol\/#breadcrumb"},"inLanguage":"fr-FR","potentialAction":[{"@type":"ReadAction","target":["https:\/\/www.info-algerie.com\/actualites\/cloture-des-travaux-du-1er-atelier-de-formation-dafripol\/"]}]},{"@type":"BreadcrumbList","@id":"https:\/\/www.info-algerie.com\/actualites\/cloture-des-travaux-du-1er-atelier-de-formation-dafripol\/#breadcrumb","itemListElement":[{"@type":"ListItem","position":1,"name":"Accueil","item":"https:\/\/www.info-algerie.com\/actualites\/"},{"@type":"ListItem","position":2,"name":"Cl\u00f4ture des travaux du 1er atelier de formation d&#039;Afripol"}]},{"@type":"WebSite","@id":"https:\/\/www.info-algerie.com\/actualites\/#website","url":"https:\/\/www.info-algerie.com\/actualites\/","name":"info algerie","description":"Toutes les actualit\u00e9s","publisher":{"@id":"https:\/\/www.info-algerie.com\/actualites\/#organization"},"potentialAction":[{"@type":"SearchAction","target":{"@type":"EntryPoint","urlTemplate":"https:\/\/www.info-algerie.com\/actualites\/?s={search_term_string}"},"query-input":{"@type":"PropertyValueSpecification","valueRequired":true,"valueName":"search_term_string"}}],"inLanguage":"fr-FR"},{"@type":"Organization","@id":"https:\/\/www.info-algerie.com\/actualites\/#organization","name":"info algerie","url":"https:\/\/www.info-algerie.com\/actualites\/","logo":{"@type":"ImageObject","inLanguage":"fr-FR","@id":"https:\/\/www.info-algerie.com\/actualites\/#\/schema\/logo\/image\/","url":"https:\/\/www.info-algerie.com\/actualites\/wp-content\/uploads\/2022\/07\/logo-ia-120.png","contentUrl":"https:\/\/www.info-algerie.com\/actualites\/wp-content\/uploads\/2022\/07\/logo-ia-120.png","width":120,"height":43,"caption":"info algerie"},"image":{"@id":"https:\/\/www.info-algerie.com\/actualites\/#\/schema\/logo\/image\/"},"sameAs":["https:\/\/www.facebook.com\/infoalgerieactu","https:\/\/x.com\/infoalgerie1"]},{"@type":"Person","@id":"https:\/\/www.info-algerie.com\/actualites\/#\/schema\/person\/847aaec44920825b843a08f30ec6aa1e","name":"La r\u00e9daction","image":{"@type":"ImageObject","inLanguage":"fr-FR","@id":"https:\/\/secure.gravatar.com\/avatar\/769db425c6f465158149f1ffd6cf61ce7a8a879d11dfbef8288af36dfddd418c?s=96&d=mm&r=g","url":"https:\/\/secure.gravatar.com\/avatar\/769db425c6f465158149f1ffd6cf61ce7a8a879d11dfbef8288af36dfddd418c?s=96&d=mm&r=g","contentUrl":"https:\/\/secure.gravatar.com\/avatar\/769db425c6f465158149f1ffd6cf61ce7a8a879d11dfbef8288af36dfddd418c?s=96&d=mm&r=g","caption":"La r\u00e9daction"},"sameAs":["http:\/\/www.lkeria.com\/"],"url":"https:\/\/www.info-algerie.com\/actualites\/author\/chakib32\/"}]}},"_links":{"self":[{"href":"https:\/\/www.info-algerie.com\/actualites\/wp-json\/wp\/v2\/posts\/17267","targetHints":{"allow":["GET"]}}],"collection":[{"href":"https:\/\/www.info-algerie.com\/actualites\/wp-json\/wp\/v2\/posts"}],"about":[{"href":"https:\/\/www.info-algerie.com\/actualites\/wp-json\/wp\/v2\/types\/post"}],"author":[{"embeddable":true,"href":"https:\/\/www.info-algerie.com\/actualites\/wp-json\/wp\/v2\/users\/6"}],"replies":[{"embeddable":true,"href":"https:\/\/www.info-algerie.com\/actualites\/wp-json\/wp\/v2\/comments?post=17267"}],"version-history":[{"count":0,"href":"https:\/\/www.info-algerie.com\/actualites\/wp-json\/wp\/v2\/posts\/17267\/revisions"}],"wp:attachment":[{"href":"https:\/\/www.info-algerie.com\/actualites\/wp-json\/wp\/v2\/media?parent=17267"}],"wp:term":[{"taxonomy":"category","embeddable":true,"href":"https:\/\/www.info-algerie.com\/actualites\/wp-json\/wp\/v2\/categories?post=17267"},{"taxonomy":"post_tag","embeddable":true,"href":"https:\/\/www.info-algerie.com\/actualites\/wp-json\/wp\/v2\/tags?post=17267"}],"curies":[{"name":"wp","href":"https:\/\/api.w.org\/{rel}","templated":true}]}}